{"id":4763,"date":"2014-04-05T21:13:36","date_gmt":"2014-04-05T19:13:36","guid":{"rendered":"http:\/\/evertonfc.cz\/?p=4763"},"modified":"2021-02-01T08:36:02","modified_gmt":"2021-02-01T07:36:02","slug":"preview-everton-arsenal-7","status":"publish","type":"post","link":"https:\/\/evertonfc.cz\/index.php\/2014\/04\/05\/preview-everton-arsenal-7\/","title":{"rendered":"Preview: Everton &#8211; Arsenal"},"content":{"rendered":"<h4 id=\"NewsPostDetailSummary\">Po ned\u011bln\u00edm ob\u011bd\u011b se op\u011bt zraky v\u0161ech Evertonians upnou sm\u011brem ke Goodison Parku. Tentokr\u00e1t je\u0161t\u011b s v\u011bt\u0161\u00edm o\u010dek\u00e1v\u00e1n\u00edm, proto\u017ee Toffees to zase po n\u011bjak\u00e9 dob\u011b maj\u00ed ve sv\u00fdch rukou. Z\u00e1pas sez\u00f3ny II, necel\u00fd m\u011bs\u00edc po tom prvn\u00edm, je tady.<\/h4>\n<div id=\"NewsPostDetailContent\">\n<p>Osm\u00e9ho b\u0159ezna Everton na dom\u00e1c\u00ed na Emirates nesta\u010dili. Od t\u00e9 doby se ale leccos zm\u011bnilo. Blues nat\u00e1hli \u0161\u0148\u016fru v\u00edt\u011bzstv\u00ed na 5, za to Kanon\u00fd\u0159i zv\u00edt\u011bzili jen jednou, schytali jeden v\u00fdprask a jejich n\u00e1skok smrskl. Odveta za vy\u0159azen\u00ed v poh\u00e1ru r\u00e1zem pov\u00fd\u0161ila na souboj o n\u00e1rok \u00fa\u010dastnit se p\u0159\u00ed\u0161t\u00ed rok v lukrativn\u00ed sout\u011b\u017ei.<\/p>\n<p>Pokud m\u00e1 ale Everton udr\u017eet plam\u00ednek nad\u011bje, bude t\u0159eba br\u00e1t 3 body. P\u0159ed Robertem Martin\u00e9zem tak stoj\u00ed ale nelehk\u00fd \u00fakol, pravdou je, \u017ee se mu n\u011bco podobn\u00e9ho v prob\u00edhaj\u00edc\u00ed sez\u00f3n\u011b poda\u0159ilo. V prosincov\u00e9m kl\u00e1n\u00ed m\u011bl Everton p\u0159evahu, zejm\u00e9na z\u00e1lo\u017en\u00ed \u0159ada dok\u00e1zala eliminovat Arsenal ve h\u0159e dop\u0159edu. To se ale u\u017e tolik neda\u0159ilo v b\u0159eznov\u00e9m \u010dtvrtfin\u00e1le v FA Cupu. Na por\u00e1\u017eku v pom\u011bru 4:1 je samoz\u0159ejm\u011b nutn\u00e9 d\u00edvat se s ohledem na pr\u016fb\u011bh a na fakt, \u017ee \u0161lo o poh\u00e1rov\u00e9 utk\u00e1n\u00ed. Kdo ale z\u00e1pas sledoval, nemohl u\u017e b\u00fdt a\u017e tolik spokojen s p\u0159edvedenou hrou hr\u00e1\u010d\u016f v modr\u00e9m, kter\u00e1 se odrazila i v po\u010dtu p\u0159\u00edle\u017eitost\u00ed. Ani Barkleymu, kter\u00fd v prosincov\u00e9m duelu zaz\u00e1\u0159il, ani jeho koleg\u016fm se nepoda\u0159ilo udr\u017eet p\u0159evahu, dr\u017een\u00ed m\u00ed\u010de se vych\u00fdlilo na stranu Gunners, mohou se tak t\u011b\u0161it p\u0159\u00ed\u0161t\u00ed t\u00fdden na pokra\u010dov\u00e1n\u00ed poh\u00e1rov\u00e9 odysey.<\/p>\n<p>To v\u0161e jako by se rozplynulo v minulosti a Blues obdivuhodn\u011b zdvihli hlavu a hrd\u011b se p\u0159ihl\u00e1sili do boje o Ligu mistr\u016f. A m\u016f\u017eou t\u011b\u017eit nejen z &#8222;dal\u0161\u00ed z kriz\u00ed&#8220; Arsenalu, ale i z toho, \u017ee zat\u00edmco se oni dok\u00e1zali vyrovnat se sv\u00fdmi absencemi, protivn\u00edkovi se marodka roz\u0161i\u0159uje. Ze zran\u011bn\u00fdch se sice bl\u00ed\u017e\u00ed n\u00e1vratu do t\u00fdmu Ramsey a Gibbs, ale\u00a0 chyb\u011bt budou i nad\u00e1le z\u00e1lo\u017en\u00edci Wilshere, Walcott, \u00d6zil, obr\u00e1nci Koscielny (osobn\u00ed str\u00e1\u017ece Lukakua z prvn\u00edho z\u00e1pasu), Diaby a \u00fato\u010dn\u00edk Gnabry. Evertonu z leto\u0161n\u00edho z\u00e1kladu chyb\u00ed Jagielka, jeho ve v\u00edt\u011bzn\u00e9 s\u00e9rii dob\u0159e zastoupil mlad\u00fd Stones a Steven Pienaar. V podstat\u011b m\u00e1 ale RM pro \u00fato\u010dnou sekci z\u00e1lo\u017en\u00ed \u0159ady bohat\u00fd v\u00fdb\u011br. 3 m\u00edsta m\u016f\u017ee obsadit hned z\u00a0\u0161estice slibn\u00fdch hr\u00e1\u010d\u016f: McGeady, Deulofeu, Osman, Barkley, Mirallas a Naismith. V\u00fdborn\u00e1 zpr\u00e1va je, \u017ee a\u0165 vybere kohokoliv, v\u011bt\u0161inou se n\u011bkomu poda\u0159ilo strhnout v\u00edt\u011bzstv\u00ed na stranu Toffees.<\/p>\n<h4><strong>Z\u00e1pasov\u00e1 fakta<\/strong><\/h4>\n<ul>\n<li>Everton neporazil Arsenal v posledn\u00edch 14 vz\u00e1jemn\u00fdch z\u00e1pasech. Naposledy d\u00edky Andy Johnsonovi v b\u0159eznu 2007. V podstat\u011b se tak moje d\u011bti v\u00edt\u011bzstv\u00ed nad t\u00fdmem ze severn\u00edho Lond\u00fdna zat\u00edm nedo\u010dkali. A na d\u011bti bychom m\u011bli myslet p\u0159edev\u0161\u00edm.<\/li>\n<li>Posledn\u00ed 3 ligov\u00e9 z\u00e1pasy skon\u010dily rem\u00edzou (1:1, 0:0, 1:1).<\/li>\n<\/ul>\n<h4><strong>Everton <\/strong><\/h4>\n<ul>\n<li>Evertonsk\u00e1 v\u00edt\u011bzn\u00e1 \u0161\u0148\u016fra m\u00e1 u\u017e 5 kor\u00e1lk\u016f, co\u017e je nejv\u00edce od listopadu 2002, v Moyesov\u011b prvn\u00ed kompletn\u00ed sez\u00f3n\u011b na Goodison Parku. Tehdy to v\u0161e za\u010dalo slavn\u00fdm v\u00edt\u011bzstv\u00ed nad Arsenalem a brankou Waynea Rooneyho v\u00a0nastaven\u00ed, kter\u00e1 ukon\u010dila rekordn\u00ed \u0161\u0148\u016fru Gunners. Ta evertonsk\u00e1 pak trvala 6 z\u00e1pas\u016f.<\/li>\n<li>Everton nasb\u00edral v lize zat\u00edm nejm\u00e9n\u011b por\u00e1\u017eek, doma dokonce jedinou. A to od toho nejm\u00e9n\u011b o\u010dek\u00e1van\u00e9ho t\u00fdmu.<\/li>\n<li>Toffees maj\u00ed ze v\u0161ech t\u00fdm\u016f Premier League tak\u00e9 nejvy\u0161\u0161\u00ed pod\u00edl branek vst\u0159elen\u00fdch v druh\u00e9 p\u016fli &#8211; 71%. Tak\u017ee neztr\u00e1cet hlavu! Jen Citizens dali v posledn\u00ed \u010dtvrthodin\u011b v\u00edce branek, 19 oproti 17 Evertonu.<\/li>\n<li>Romelu Lukaku dal 4 branky v posledn\u00ed 6 z\u00e1pasech.<\/li>\n<\/ul>\n<h4><strong>Arsenal <\/strong><\/h4>\n<ul>\n<li>Arsenal nasb\u00edral letos proti t\u00fdm\u016fm z TOP7 jen 13 bod\u016f z 33 mo\u017en\u00fdch.<\/li>\n<li>Gunners zv\u00edt\u011bzili jen ve 3 z posledn\u00edch 10 ligov\u00fdch z\u00e1pas\u016f (V3, R4, P3).<\/li>\n<li>Arsenal m\u011bl slab\u00fd b\u0159ezen, zv\u00edt\u011bzili jen jednou.<\/li>\n<li>Jsou v lize druh\u00fdm nejlep\u0161\u00edm t\u00fdmem na p\u016fd\u011b soupe\u0159\u016f, vybojovali tam 29 bod\u016f.<\/li>\n<li>V Premier League nikdy \u017e\u00e1dn\u00fd t\u00fdm, kter\u00fd m\u011bl po 31 z\u00e1pasech 60 a v\u00edce bod\u016f nechyb\u011bl v prvn\u00ed \u010dty\u0159ce. Oba t\u00fdmy jich dos\u00e1hli, to jen ukazuje, jak v\u00fdjime\u010dn\u011b je letos liga vyrovnan\u00e1.<\/li>\n<li>Lukas Podolski prom\u011bnil t\u0159etinu sv\u00fdch st\u0159eleck\u00fdch pokus\u016f v branku v posledn\u00edch dvou sez\u00f3n\u00e1ch. Po\u010d\u00edt\u00e1me-li v\u0161ak pouze hr\u00e1\u010de s 10 a v\u00edce z\u00e1sahy. H\u00e1d\u00e1m, \u017ee Lukas se mezi n\u011b ve\u0161el s od\u0159en\u00fdma z\u00e1dy.<\/li>\n<\/ul>\n<h4><strong>Bilance<\/strong><\/h4>\n<p>Premier League\u00a0\u00a0\u00a0\u00a0\u00a0\u00a0\u00a0\u00a0\u00a0\u00a0\u00a0 43\u00a0\u00a0\u00a0\u00a0\u00a0\u00a0\u00a0 5 \u2013 12 \u2013 26 34:83<\/p>\n<p>Z\u00a0toho dom\u00e1c\u00edch \u00a0\u00a0\u00a0\u00a0\u00a0\u00a0\u00a0\u00a0 21\u00a0\u00a0\u00a0\u00a0\u00a0\u00a0\u00a0 4 \u2013 7 \u2013 10 17:33<\/p>\n<p>Ligov\u00e9\u00a0 celkem\u00a0\u00a0\u00a0\u00a0\u00a0\u00a0\u00a0\u00a0\u00a0\u00a0\u00a0\u00a0 185\u00a0\u00a0\u00a0\u00a0\u00a0 54 \u2013 41 \u2013 90 223:303<\/p>\n<p>V\u0161echny z\u00e1pasy\u00a0\u00a0\u00a0\u00a0\u00a0\u00a0\u00a0\u00a0\u00a0\u00a0 201\u00a0\u00a0\u00a0\u00a0\u00a0 58 \u2013 44 \u2013 99\u00a0241:329<\/p>\n<p>Z\u00e1pas m\u00e1 v\u00fdkop v\u00a0ned\u011bli 6. dubna v\u00a013:30 GMT, \u0159\u00eddit jej bude Martin Atkinson. Letos p\u00edskal Everton dvakr\u00e1t, byl p\u0159i v\u00edt\u011bzstv\u00ed na Old Trafford a pak taky p\u0159i derby. P\u0159i tom stra\u0161n\u00fdm. Arsenal za jeho p\u00edsk\u00e1n\u00ed dvakr\u00e1t zv\u00edt\u011bzil, aby pak dostal na City of Manchester Stadium 6 branek.<\/p>\n<\/div>\n","protected":false},"excerpt":{"rendered":"<p>Po ned\u011bln\u00edm ob\u011bd\u011b se op\u011bt zraky v\u0161ech Evertonians upnou sm\u011brem ke Goodison Parku. Tentokr\u00e1t je\u0161t\u011b s v\u011bt\u0161\u00edm o\u010dek\u00e1v\u00e1n\u00edm, proto\u017ee Toffees&hellip;<\/p>\n","protected":false},"author":10,"featured_media":13812,"comment_status":"open","ping_status":"closed","sticky":false,"template":"","format":"standard","meta":{"_eb_attr":"","_monsterinsights_skip_tracking":false,"_monsterinsights_sitenote_active":false,"_monsterinsights_sitenote_note":"","_monsterinsights_sitenote_category":0,"footnotes":""},"categories":[4],"tags":[],"yoast_head":"<!-- This site is optimized with the Yoast SEO plugin v23.4 - https:\/\/yoast.com\/wordpress\/plugins\/seo\/ -->\n<title>Preview: Everton - Arsenal - Official Czech &amp; Slovak Everton Supporters&#039; Club<\/title>\n<meta name=\"robots\" content=\"index, follow, max-snippet:-1, max-image-preview:large, max-video-preview:-1\" \/>\n<link rel=\"canonical\" href=\"https:\/\/evertonfc.cz\/index.php\/2014\/04\/05\/preview-everton-arsenal-7\/\" \/>\n<meta property=\"og:locale\" content=\"cs_CZ\" \/>\n<meta property=\"og:type\" content=\"article\" \/>\n<meta property=\"og:title\" content=\"Preview: Everton - Arsenal - Official Czech &amp; Slovak Everton Supporters&#039; Club\" \/>\n<meta property=\"og:description\" content=\"Po ned\u011bln\u00edm ob\u011bd\u011b se op\u011bt zraky v\u0161ech Evertonians upnou sm\u011brem ke Goodison Parku. Tentokr\u00e1t je\u0161t\u011b s v\u011bt\u0161\u00edm o\u010dek\u00e1v\u00e1n\u00edm, proto\u017ee Toffees&hellip;\" \/>\n<meta property=\"og:url\" content=\"https:\/\/evertonfc.cz\/index.php\/2014\/04\/05\/preview-everton-arsenal-7\/\" \/>\n<meta property=\"og:site_name\" content=\"Official Czech &amp; Slovak Everton Supporters&#039; Club\" \/>\n<meta property=\"article:publisher\" content=\"https:\/\/www.facebook.com\/everton.fans.cz.sk\" \/>\n<meta property=\"article:published_time\" content=\"2014-04-05T19:13:36+00:00\" \/>\n<meta property=\"article:modified_time\" content=\"2021-02-01T07:36:02+00:00\" \/>\n<meta property=\"og:image\" content=\"https:\/\/evertonfc.cz\/wp-content\/uploads\/2021\/02\/Everton-VS-Arsenal.jpg\" \/>\n\t<meta property=\"og:image:width\" content=\"720\" \/>\n\t<meta property=\"og:image:height\" content=\"405\" \/>\n\t<meta property=\"og:image:type\" content=\"image\/jpeg\" \/>\n<meta name=\"author\" content=\"Fip\" \/>\n<meta name=\"twitter:card\" content=\"summary_large_image\" \/>\n<meta name=\"twitter:label1\" content=\"Napsal(a)\" \/>\n\t<meta name=\"twitter:data1\" content=\"Fip\" \/>\n\t<meta name=\"twitter:label2\" content=\"Odhadovan\u00e1 doba \u010dten\u00ed\" \/>\n\t<meta name=\"twitter:data2\" content=\"5 minut\" \/>\n<script type=\"application\/ld+json\" class=\"yoast-schema-graph\">{\"@context\":\"https:\/\/schema.org\",\"@graph\":[{\"@type\":\"Article\",\"@id\":\"https:\/\/evertonfc.cz\/index.php\/2014\/04\/05\/preview-everton-arsenal-7\/#article\",\"isPartOf\":{\"@id\":\"https:\/\/evertonfc.cz\/index.php\/2014\/04\/05\/preview-everton-arsenal-7\/\"},\"author\":{\"name\":\"Fip\",\"@id\":\"https:\/\/evertonfc.cz\/#\/schema\/person\/35904009755e8eaa0dc1a5f5f0419002\"},\"headline\":\"Preview: Everton &#8211; Arsenal\",\"datePublished\":\"2014-04-05T19:13:36+00:00\",\"dateModified\":\"2021-02-01T07:36:02+00:00\",\"mainEntityOfPage\":{\"@id\":\"https:\/\/evertonfc.cz\/index.php\/2014\/04\/05\/preview-everton-arsenal-7\/\"},\"wordCount\":933,\"commentCount\":0,\"publisher\":{\"@id\":\"https:\/\/evertonfc.cz\/#organization\"},\"image\":{\"@id\":\"https:\/\/evertonfc.cz\/index.php\/2014\/04\/05\/preview-everton-arsenal-7\/#primaryimage\"},\"thumbnailUrl\":\"https:\/\/evertonfc.cz\/wp-content\/uploads\/2021\/02\/Everton-VS-Arsenal.jpg\",\"articleSection\":[\"Z\u00e1pasy\"],\"inLanguage\":\"cs\",\"potentialAction\":[{\"@type\":\"CommentAction\",\"name\":\"Comment\",\"target\":[\"https:\/\/evertonfc.cz\/index.php\/2014\/04\/05\/preview-everton-arsenal-7\/#respond\"]}]},{\"@type\":\"WebPage\",\"@id\":\"https:\/\/evertonfc.cz\/index.php\/2014\/04\/05\/preview-everton-arsenal-7\/\",\"url\":\"https:\/\/evertonfc.cz\/index.php\/2014\/04\/05\/preview-everton-arsenal-7\/\",\"name\":\"Preview: Everton - Arsenal - Official Czech &amp; Slovak Everton Supporters&#039; Club\",\"isPartOf\":{\"@id\":\"https:\/\/evertonfc.cz\/#website\"},\"primaryImageOfPage\":{\"@id\":\"https:\/\/evertonfc.cz\/index.php\/2014\/04\/05\/preview-everton-arsenal-7\/#primaryimage\"},\"image\":{\"@id\":\"https:\/\/evertonfc.cz\/index.php\/2014\/04\/05\/preview-everton-arsenal-7\/#primaryimage\"},\"thumbnailUrl\":\"https:\/\/evertonfc.cz\/wp-content\/uploads\/2021\/02\/Everton-VS-Arsenal.jpg\",\"datePublished\":\"2014-04-05T19:13:36+00:00\",\"dateModified\":\"2021-02-01T07:36:02+00:00\",\"breadcrumb\":{\"@id\":\"https:\/\/evertonfc.cz\/index.php\/2014\/04\/05\/preview-everton-arsenal-7\/#breadcrumb\"},\"inLanguage\":\"cs\",\"potentialAction\":[{\"@type\":\"ReadAction\",\"target\":[\"https:\/\/evertonfc.cz\/index.php\/2014\/04\/05\/preview-everton-arsenal-7\/\"]}]},{\"@type\":\"ImageObject\",\"inLanguage\":\"cs\",\"@id\":\"https:\/\/evertonfc.cz\/index.php\/2014\/04\/05\/preview-everton-arsenal-7\/#primaryimage\",\"url\":\"https:\/\/evertonfc.cz\/wp-content\/uploads\/2021\/02\/Everton-VS-Arsenal.jpg\",\"contentUrl\":\"https:\/\/evertonfc.cz\/wp-content\/uploads\/2021\/02\/Everton-VS-Arsenal.jpg\",\"width\":720,\"height\":405},{\"@type\":\"BreadcrumbList\",\"@id\":\"https:\/\/evertonfc.cz\/index.php\/2014\/04\/05\/preview-everton-arsenal-7\/#breadcrumb\",\"itemListElement\":[{\"@type\":\"ListItem\",\"position\":1,\"name\":\"Home\",\"item\":\"https:\/\/evertonfc.cz\/\"},{\"@type\":\"ListItem\",\"position\":2,\"name\":\"Preview: Everton &#8211; Arsenal\"}]},{\"@type\":\"WebSite\",\"@id\":\"https:\/\/evertonfc.cz\/#website\",\"url\":\"https:\/\/evertonfc.cz\/\",\"name\":\"Official Czech &amp; Slovak Everton Supporters&#039; Club\",\"description\":\"\",\"publisher\":{\"@id\":\"https:\/\/evertonfc.cz\/#organization\"},\"potentialAction\":[{\"@type\":\"SearchAction\",\"target\":{\"@type\":\"EntryPoint\",\"urlTemplate\":\"https:\/\/evertonfc.cz\/?s={search_term_string}\"},\"query-input\":{\"@type\":\"PropertyValueSpecification\",\"valueRequired\":true,\"valueName\":\"search_term_string\"}}],\"inLanguage\":\"cs\"},{\"@type\":\"Organization\",\"@id\":\"https:\/\/evertonfc.cz\/#organization\",\"name\":\"Official Czech & Slovak Everton Supporters' Club\",\"url\":\"https:\/\/evertonfc.cz\/\",\"logo\":{\"@type\":\"ImageObject\",\"inLanguage\":\"cs\",\"@id\":\"https:\/\/evertonfc.cz\/#\/schema\/logo\/image\/\",\"url\":\"https:\/\/evertonfc.cz\/wp-content\/uploads\/2019\/05\/logo.png\",\"contentUrl\":\"https:\/\/evertonfc.cz\/wp-content\/uploads\/2019\/05\/logo.png\",\"width\":112,\"height\":112,\"caption\":\"Official Czech & Slovak Everton Supporters' Club\"},\"image\":{\"@id\":\"https:\/\/evertonfc.cz\/#\/schema\/logo\/image\/\"},\"sameAs\":[\"https:\/\/www.facebook.com\/everton.fans.cz.sk\"]},{\"@type\":\"Person\",\"@id\":\"https:\/\/evertonfc.cz\/#\/schema\/person\/35904009755e8eaa0dc1a5f5f0419002\",\"name\":\"Fip\",\"url\":\"https:\/\/evertonfc.cz\/index.php\/author\/fip\/\"}]}<\/script>\n<!-- \/ Yoast SEO plugin. -->","yoast_head_json":{"title":"Preview: Everton - Arsenal - Official Czech &amp; Slovak Everton Supporters&#039; Club","robots":{"index":"index","follow":"follow","max-snippet":"max-snippet:-1","max-image-preview":"max-image-preview:large","max-video-preview":"max-video-preview:-1"},"canonical":"https:\/\/evertonfc.cz\/index.php\/2014\/04\/05\/preview-everton-arsenal-7\/","og_locale":"cs_CZ","og_type":"article","og_title":"Preview: Everton - Arsenal - Official Czech &amp; Slovak Everton Supporters&#039; Club","og_description":"Po ned\u011bln\u00edm ob\u011bd\u011b se op\u011bt zraky v\u0161ech Evertonians upnou sm\u011brem ke Goodison Parku. Tentokr\u00e1t je\u0161t\u011b s v\u011bt\u0161\u00edm o\u010dek\u00e1v\u00e1n\u00edm, proto\u017ee Toffees&hellip;","og_url":"https:\/\/evertonfc.cz\/index.php\/2014\/04\/05\/preview-everton-arsenal-7\/","og_site_name":"Official Czech &amp; Slovak Everton Supporters&#039; Club","article_publisher":"https:\/\/www.facebook.com\/everton.fans.cz.sk","article_published_time":"2014-04-05T19:13:36+00:00","article_modified_time":"2021-02-01T07:36:02+00:00","og_image":[{"width":720,"height":405,"url":"https:\/\/evertonfc.cz\/wp-content\/uploads\/2021\/02\/Everton-VS-Arsenal.jpg","type":"image\/jpeg"}],"author":"Fip","twitter_card":"summary_large_image","twitter_misc":{"Napsal(a)":"Fip","Odhadovan\u00e1 doba \u010dten\u00ed":"5 minut"},"schema":{"@context":"https:\/\/schema.org","@graph":[{"@type":"Article","@id":"https:\/\/evertonfc.cz\/index.php\/2014\/04\/05\/preview-everton-arsenal-7\/#article","isPartOf":{"@id":"https:\/\/evertonfc.cz\/index.php\/2014\/04\/05\/preview-everton-arsenal-7\/"},"author":{"name":"Fip","@id":"https:\/\/evertonfc.cz\/#\/schema\/person\/35904009755e8eaa0dc1a5f5f0419002"},"headline":"Preview: Everton &#8211; Arsenal","datePublished":"2014-04-05T19:13:36+00:00","dateModified":"2021-02-01T07:36:02+00:00","mainEntityOfPage":{"@id":"https:\/\/evertonfc.cz\/index.php\/2014\/04\/05\/preview-everton-arsenal-7\/"},"wordCount":933,"commentCount":0,"publisher":{"@id":"https:\/\/evertonfc.cz\/#organization"},"image":{"@id":"https:\/\/evertonfc.cz\/index.php\/2014\/04\/05\/preview-everton-arsenal-7\/#primaryimage"},"thumbnailUrl":"https:\/\/evertonfc.cz\/wp-content\/uploads\/2021\/02\/Everton-VS-Arsenal.jpg","articleSection":["Z\u00e1pasy"],"inLanguage":"cs","potentialAction":[{"@type":"CommentAction","name":"Comment","target":["https:\/\/evertonfc.cz\/index.php\/2014\/04\/05\/preview-everton-arsenal-7\/#respond"]}]},{"@type":"WebPage","@id":"https:\/\/evertonfc.cz\/index.php\/2014\/04\/05\/preview-everton-arsenal-7\/","url":"https:\/\/evertonfc.cz\/index.php\/2014\/04\/05\/preview-everton-arsenal-7\/","name":"Preview: Everton - Arsenal - Official Czech &amp; Slovak Everton Supporters&#039; Club","isPartOf":{"@id":"https:\/\/evertonfc.cz\/#website"},"primaryImageOfPage":{"@id":"https:\/\/evertonfc.cz\/index.php\/2014\/04\/05\/preview-everton-arsenal-7\/#primaryimage"},"image":{"@id":"https:\/\/evertonfc.cz\/index.php\/2014\/04\/05\/preview-everton-arsenal-7\/#primaryimage"},"thumbnailUrl":"https:\/\/evertonfc.cz\/wp-content\/uploads\/2021\/02\/Everton-VS-Arsenal.jpg","datePublished":"2014-04-05T19:13:36+00:00","dateModified":"2021-02-01T07:36:02+00:00","breadcrumb":{"@id":"https:\/\/evertonfc.cz\/index.php\/2014\/04\/05\/preview-everton-arsenal-7\/#breadcrumb"},"inLanguage":"cs","potentialAction":[{"@type":"ReadAction","target":["https:\/\/evertonfc.cz\/index.php\/2014\/04\/05\/preview-everton-arsenal-7\/"]}]},{"@type":"ImageObject","inLanguage":"cs","@id":"https:\/\/evertonfc.cz\/index.php\/2014\/04\/05\/preview-everton-arsenal-7\/#primaryimage","url":"https:\/\/evertonfc.cz\/wp-content\/uploads\/2021\/02\/Everton-VS-Arsenal.jpg","contentUrl":"https:\/\/evertonfc.cz\/wp-content\/uploads\/2021\/02\/Everton-VS-Arsenal.jpg","width":720,"height":405},{"@type":"BreadcrumbList","@id":"https:\/\/evertonfc.cz\/index.php\/2014\/04\/05\/preview-everton-arsenal-7\/#breadcrumb","itemListElement":[{"@type":"ListItem","position":1,"name":"Home","item":"https:\/\/evertonfc.cz\/"},{"@type":"ListItem","position":2,"name":"Preview: Everton &#8211; Arsenal"}]},{"@type":"WebSite","@id":"https:\/\/evertonfc.cz\/#website","url":"https:\/\/evertonfc.cz\/","name":"Official Czech &amp; Slovak Everton Supporters&#039; Club","description":"","publisher":{"@id":"https:\/\/evertonfc.cz\/#organization"},"potentialAction":[{"@type":"SearchAction","target":{"@type":"EntryPoint","urlTemplate":"https:\/\/evertonfc.cz\/?s={search_term_string}"},"query-input":{"@type":"PropertyValueSpecification","valueRequired":true,"valueName":"search_term_string"}}],"inLanguage":"cs"},{"@type":"Organization","@id":"https:\/\/evertonfc.cz\/#organization","name":"Official Czech & Slovak Everton Supporters' Club","url":"https:\/\/evertonfc.cz\/","logo":{"@type":"ImageObject","inLanguage":"cs","@id":"https:\/\/evertonfc.cz\/#\/schema\/logo\/image\/","url":"https:\/\/evertonfc.cz\/wp-content\/uploads\/2019\/05\/logo.png","contentUrl":"https:\/\/evertonfc.cz\/wp-content\/uploads\/2019\/05\/logo.png","width":112,"height":112,"caption":"Official Czech & Slovak Everton Supporters' Club"},"image":{"@id":"https:\/\/evertonfc.cz\/#\/schema\/logo\/image\/"},"sameAs":["https:\/\/www.facebook.com\/everton.fans.cz.sk"]},{"@type":"Person","@id":"https:\/\/evertonfc.cz\/#\/schema\/person\/35904009755e8eaa0dc1a5f5f0419002","name":"Fip","url":"https:\/\/evertonfc.cz\/index.php\/author\/fip\/"}]}},"_links":{"self":[{"href":"https:\/\/evertonfc.cz\/index.php\/wp-json\/wp\/v2\/posts\/4763"}],"collection":[{"href":"https:\/\/evertonfc.cz\/index.php\/wp-json\/wp\/v2\/posts"}],"about":[{"href":"https:\/\/evertonfc.cz\/index.php\/wp-json\/wp\/v2\/types\/post"}],"author":[{"embeddable":true,"href":"https:\/\/evertonfc.cz\/index.php\/wp-json\/wp\/v2\/users\/10"}],"replies":[{"embeddable":true,"href":"https:\/\/evertonfc.cz\/index.php\/wp-json\/wp\/v2\/comments?post=4763"}],"version-history":[{"count":3,"href":"https:\/\/evertonfc.cz\/index.php\/wp-json\/wp\/v2\/posts\/4763\/revisions"}],"predecessor-version":[{"id":5006,"href":"https:\/\/evertonfc.cz\/index.php\/wp-json\/wp\/v2\/posts\/4763\/revisions\/5006"}],"wp:featuredmedia":[{"embeddable":true,"href":"https:\/\/evertonfc.cz\/index.php\/wp-json\/wp\/v2\/media\/13812"}],"wp:attachment":[{"href":"https:\/\/evertonfc.cz\/index.php\/wp-json\/wp\/v2\/media?parent=4763"}],"wp:term":[{"taxonomy":"category","embeddable":true,"href":"https:\/\/evertonfc.cz\/index.php\/wp-json\/wp\/v2\/categories?post=4763"},{"taxonomy":"post_tag","embeddable":true,"href":"https:\/\/evertonfc.cz\/index.php\/wp-json\/wp\/v2\/tags?post=4763"}],"curies":[{"name":"wp","href":"https:\/\/api.w.org\/{rel}","templated":true}]}}