{"id":4767,"date":"2014-03-28T21:15:51","date_gmt":"2014-03-28T20:15:51","guid":{"rendered":"http:\/\/evertonfc.cz\/?p=4767"},"modified":"2021-02-13T10:06:17","modified_gmt":"2021-02-13T09:06:17","slug":"preview-fulham-everton-2","status":"publish","type":"post","link":"https:\/\/evertonfc.cz\/index.php\/2014\/03\/28\/preview-fulham-everton-2\/","title":{"rendered":"Preview: Fulham &#8211; Everton"},"content":{"rendered":"<h4 id=\"NewsPostDetailSummary\">Everton se pokus\u00ed nat\u00e1hnout \u010dty\u0159 z\u00e1pasovou v\u00edt\u011bznou s\u00e9rii (mimochodem podobnou \u0161\u0148\u016fru zopakoval v lize po p\u011bti letech) v Lond\u00fdn\u011b. \u010cek\u00e1 ho posledn\u00ed celek ligy, pro n\u011bho\u017e za\u010d\u00edn\u00e1 b\u00fdt situace se z\u00e1chranou v\u00edce ne\u017e kritick\u00e1.<\/h4>\n<div id=\"NewsPostDetailContent\">\n<p>Cottagers pro\u017e\u00edvaj\u00ed hodn\u011b nepovedenou sez\u00f3nu, prvn\u00ed n\u00e1znakem je pochopiteln\u011b pohled na tabulku, kterou uzav\u00edraj\u00ed. Dal\u0161\u00edm vod\u00edtkem je \u010dast\u00e9 st\u0159\u00edd\u00e1n\u00ed mana\u017eer\u016f, Felix Magath je ji\u017e t\u0159et\u00edm mu\u017eem na lavi\u010dce v leto\u0161n\u00edm ro\u010dn\u00edku. Koncep\u010dn\u00ed pr\u00e1ce se holt v dne\u0161n\u00ed Premier League nenos\u00ed, a tak n\u011bmeck\u00fd strat\u00e9g nyn\u00ed mus\u00ed za b\u011bhu p\u0159ebudov\u00e1vat hern\u00ed syst\u00e9my sv\u00fdch p\u0159edch\u016fdc\u016f Martina Jola a Ren\u00e9ho Meulensteena. Pro samotn\u00e9 hr\u00e1\u010de zcela jist\u011b nez\u00e1vid\u011bn\u00edhodn\u00e1 role.<\/p>\n<p>Fulhamu prozat\u00edm nepom\u00e1haj\u00ed v\u00a0honb\u011b za body ani lednov\u00e9 posily, mezi nimi\u017e najdeme star\u00e9ho zn\u00e1m\u00e9ho Johnyho Heitingu. Holan\u010fan po \u010dty\u0159ech a p\u016fl letech na Goodison Parku, kde st\u0159\u00eddal poveden\u00e9 a podpr\u016fm\u011brn\u00e9 sez\u00f3ny, zam\u00ed\u0159il za pravideln\u00fdm hern\u00edm vyt\u00ed\u017een\u00edm. Motivace je pochopiteln\u00e1, a to nominace na letn\u00ed Mistrovstv\u00ed sv\u011bta. Heitinga se z\u00e1kladn\u00ed sestavy do\u010dkal, bude tak z\u00e1le\u017eet na holandsk\u00e9m kormideln\u00edkovi Louisovi van Gaalovi, zda ohodnot\u00ed jeho v\u00fdkony hodn\u00e9 letenky do Braz\u00edlie.<\/p>\n<p>Jestli\u017ee n\u00e1lad\u011b a form\u011b Fulhamu nesch\u00e1z\u00ed p\u0159\u00edli\u0161 k bodu mrazu, Blues jsou v opa\u010dn\u00e9m rozpolo\u017een\u00ed. Po mdl\u00e9m \u00fanoru v b\u0159eznu zabrali a za\u010d\u00edn\u00e1 se hovo\u0159it a\u017e o st\u00edhac\u00edch z\u00e1vodech za \u010dtvrt\u00fdm m\u00edstem, znamenaj\u00edc\u00edm vstupenku do Ligy mistr\u016f. Ambice mo\u017en\u00e1 p\u0159ehnan\u00e9, na druhou stranu pro\u010d si d\u00e1vat mal\u00e9 c\u00edle?<\/p>\n<p>Everton ohromil v \u00fater\u00fd na p\u016fd\u011b Newcastlu. Nejen\u017ee soupe\u0159e porazil t\u0159\u00edbrankov\u00fdm rozd\u00edlem, ov\u0161em po jak\u00fdch g\u00f3lech! Nejv\u011bt\u0161\u00ed \u00f3dy pochopiteln\u011b sb\u00edr\u00e1 Ross Barkley za 60 metrov\u00e9 s\u00f3lo zakon\u010den\u00e9 g\u00f3lem. Srovn\u00e1n\u00ed s legend\u00e1rn\u00edm Diegem Maradonou sice zn\u011bj\u00ed daleko odv\u00e1\u017en\u011bji ne\u017e Everton v Champions League, ov\u0161em \u010dtou se velmi p\u0159\u00edjemn\u011b, aby taky ne \ud83d\ude42<\/p>\n<p>A\u010dkoliv Toffees vyzn\u00e1vaj\u00ed hru zalo\u017eenou na dominantn\u00edm dr\u017een\u00ed m\u00ed\u010de se spoustou p\u0159ihr\u00e1vek, p\u0159i nich\u017e dob\u00fdv\u00e1n\u00ed protivn\u00edkovy br\u00e1ny ob\u010das trv\u00e1 del\u0161\u00ed dobu, proti Magpies se prosadili po t\u0159ech rychl\u00fdch akc\u00edch. Z podobn\u00e9 variability m\u016f\u017ee Mart\u00ednez\u016fv t\u00fdm jenom t\u011b\u017eit.<\/p>\n<h4><strong>Z\u00e1pasov\u00e1 fakta<\/strong><\/h4>\n<p>Vz\u00e1jemn\u00e1<br \/>\n\u2022 Whites prohr\u00e1l pouze dva z posledn\u00edch 12 ligov\u00fdch dom\u00e1c\u00edch utk\u00e1n\u00ed proti Evertonu (8 v\u00fdher, 2 rem\u00edzy, 2 prohry), av\u0161ak v posledn\u00ed p\u011bti souboj\u00edch se do\u010dkali jedn\u00e9 v\u00fdhry<br \/>\n\u2022 Everton se na Craven Cottage letos ji\u017e p\u0159edstavil, v r\u00e1mci 3. kola Ligov\u00e9 poh\u00e1ru se po v\u00fdsledku 1:2 ze sout\u011b\u017ee pakoval.<\/p>\n<p>Fulham<br \/>\n\u2022 20. m\u00edsto s 24 body, sk\u00f3re 26:58<br \/>\n\u2022 vyhr\u00e1l v jednom z posledn\u00edch 11 ligov\u00fdch kol<br \/>\n\u2022 triumf 1:0 nad Newcastlem v minul\u00e9m dom\u00e1c\u00edm kl\u00e1n\u00ed p\u0159inesl jedin\u00e9 leto\u0161n\u00ed \u010dist\u00e9 konto<br \/>\n\u2022 pouze Sunderland (12 bod\u016f) m\u00e1 hor\u0161\u00ed dom\u00e1c\u00ed bilanci (13 bod\u016f)<br \/>\n\u2022 inkasoval jako prvn\u00ed 22x z 31 ligov\u00fdch p\u0159\u00edpadech tohoto ro\u010dn\u00edku<br \/>\n\u2022 Darren Bent sk\u00f3roval \u010dty\u0159ikr\u00e1t v posledn\u00edch \u0161esti z\u00e1pasech proti EFC.<\/p>\n<p>Everton<br \/>\n\u2022 5. m\u00edsto s 57 body, sk\u00f3re 46:30<br \/>\n\u2022 jen Chelsea (\u010dty\u0159ikr\u00e1t) v leto\u0161n\u00ed Premiership ode\u0161la m\u00e9n\u011bkr\u00e1t pora\u017eena, Toffees \u010dty\u0159ikr\u00e1t<br \/>\n\u2022 proti Newcastlu p\u0159eru\u0161il p\u011btikolovou venkovn\u00ed s\u00e9rii bez v\u00edt\u011bzstv\u00ed<br \/>\n\u2022 Gerard Deulofeu v posledn\u00edch p\u011bti ligov\u00fdch duelech vst\u0159elil dv\u011b branky a t\u0159ikr\u00e1t asistoval u branky<br \/>\n\u2022 Romelu Lukaku se g\u00f3lov\u011b prosadil t\u0159ikr\u00e1t v posledn\u00edch \u010dty\u0159ech utk\u00e1n\u00ed.<\/p>\n<h4><strong>T\u00fdmov\u00e9 novinky<\/strong><\/h4>\n<p>U dom\u00e1c\u00edch bojuje s \u010dasem Giorgos Karagounis, tr\u00e1p\u00ed ho ko\u0148ar. Ashkan Dejagan se vrac\u00ed po uzdraven\u00ed do sestavy, je\u017e je kv\u016fli zran\u011bn\u00ed ochuzena o Dana Burna, Damiena Duffa, Scotta Parkera a Konstantinose Mitrogloa.<\/p>\n<p><strong>Fulham:<\/strong> Stekelenburg, Stockdale, Hangeland, Heitinga, Riether, Riise, Boateng, Dejagah, Diarra, Holtby. Ka\u010danikli\u0107, Karagounis (?), Kasami, Kvist, Richardson, Sidwell, Zveroti\u0107, Bent, Roberts, Rodallega, Tankovi\u0107, Woodrow.<\/p>\n<p>Kapit\u00e1n Phil Jagielka se vyl\u00e9\u010dil z pot\u00ed\u017e\u00ed se stehenn\u00edm svalem, jeho start na \u00fakor Johna Stonese je velmi pravd\u011bpodobn\u00fd. Chyb\u00ed zran\u011bn\u00ed Steven Pienaar, Bryan Oviedo, Darron Gibson, Arouna Kon\u00e9 a Lacina Traor\u00e9.<\/p>\n<p><strong>Everton:<\/strong> Howard, Robles, Alcaraz, Baines, Coleman, Distin, Hibbert, Jagielka, Stones, Barkley, Barry, McCarthy, McGeady, Osman, Deulofeu, Gueye, Lukaku, Mirallas, Naismith.<\/p>\n<p><strong>Co:<\/strong> Fulham FC &#8211; Everton FC, 32. kolo Premier League<br \/>\n<strong>Kdy:<\/strong> 30. 03. 2014 od 14:30 SE\u010c<br \/>\n<strong>Kde:<\/strong> Craven Cottage, Fulham, Lond\u00fdn (kapacita: 25 700)<br \/>\n<strong>Rozhod\u010d\u00ed:<\/strong> Anthony Taylor<\/p>\n<\/div>\n","protected":false},"excerpt":{"rendered":"<p>Everton se pokus\u00ed nat\u00e1hnout \u010dty\u0159 z\u00e1pasovou v\u00edt\u011bznou s\u00e9rii (mimochodem podobnou \u0161\u0148\u016fru zopakoval v lize po p\u011bti letech) v Lond\u00fdn\u011b. \u010cek\u00e1 ho posledn\u00ed celek ligy, pro n\u011bho\u017e za\u010d\u00edn\u00e1 b\u00fdt situace se z\u00e1chranou v\u00edce ne\u017e kritick\u00e1.<\/p>\n","protected":false},"author":6,"featured_media":12988,"comment_status":"open","ping_status":"closed","sticky":false,"template":"","format":"standard","meta":{"_eb_attr":"","_monsterinsights_skip_tracking":false,"_monsterinsights_sitenote_active":false,"_monsterinsights_sitenote_note":"","_monsterinsights_sitenote_category":0,"footnotes":""},"categories":[4],"tags":[],"yoast_head":"<!-- This site is optimized with the Yoast SEO plugin v23.4 - https:\/\/yoast.com\/wordpress\/plugins\/seo\/ -->\n<title>Preview: Fulham - Everton - Official Czech &amp; Slovak Everton Supporters&#039; Club<\/title>\n<meta name=\"robots\" content=\"index, follow, max-snippet:-1, max-image-preview:large, max-video-preview:-1\" \/>\n<link rel=\"canonical\" href=\"https:\/\/evertonfc.cz\/index.php\/2014\/03\/28\/preview-fulham-everton-2\/\" \/>\n<meta property=\"og:locale\" content=\"cs_CZ\" \/>\n<meta property=\"og:type\" content=\"article\" \/>\n<meta property=\"og:title\" content=\"Preview: Fulham - Everton - Official Czech &amp; Slovak Everton Supporters&#039; Club\" \/>\n<meta property=\"og:description\" content=\"Everton se pokus\u00ed nat\u00e1hnout \u010dty\u0159 z\u00e1pasovou v\u00edt\u011bznou s\u00e9rii (mimochodem podobnou \u0161\u0148\u016fru zopakoval v lize po p\u011bti letech) v Lond\u00fdn\u011b. \u010cek\u00e1 ho posledn\u00ed celek ligy, pro n\u011bho\u017e za\u010d\u00edn\u00e1 b\u00fdt situace se z\u00e1chranou v\u00edce ne\u017e kritick\u00e1.\" \/>\n<meta property=\"og:url\" content=\"https:\/\/evertonfc.cz\/index.php\/2014\/03\/28\/preview-fulham-everton-2\/\" \/>\n<meta property=\"og:site_name\" content=\"Official Czech &amp; Slovak Everton Supporters&#039; Club\" \/>\n<meta property=\"article:publisher\" content=\"https:\/\/www.facebook.com\/everton.fans.cz.sk\" \/>\n<meta property=\"article:published_time\" content=\"2014-03-28T20:15:51+00:00\" \/>\n<meta property=\"article:modified_time\" content=\"2021-02-13T09:06:17+00:00\" \/>\n<meta property=\"og:image\" content=\"https:\/\/evertonfc.cz\/wp-content\/uploads\/2020\/11\/Fulham-VS-Everton-20-11-2020.jpg\" \/>\n\t<meta property=\"og:image:width\" content=\"720\" \/>\n\t<meta property=\"og:image:height\" content=\"405\" \/>\n\t<meta property=\"og:image:type\" content=\"image\/jpeg\" \/>\n<meta name=\"author\" content=\"Ri\u010di\" \/>\n<meta name=\"twitter:card\" content=\"summary_large_image\" \/>\n<meta name=\"twitter:creator\" content=\"@rbrejsa\" \/>\n<meta name=\"twitter:label1\" content=\"Napsal(a)\" \/>\n\t<meta name=\"twitter:data1\" content=\"Ri\u010di\" \/>\n\t<meta name=\"twitter:label2\" content=\"Odhadovan\u00e1 doba \u010dten\u00ed\" \/>\n\t<meta name=\"twitter:data2\" content=\"4 minuty\" \/>\n<script type=\"application\/ld+json\" class=\"yoast-schema-graph\">{\"@context\":\"https:\/\/schema.org\",\"@graph\":[{\"@type\":\"Article\",\"@id\":\"https:\/\/evertonfc.cz\/index.php\/2014\/03\/28\/preview-fulham-everton-2\/#article\",\"isPartOf\":{\"@id\":\"https:\/\/evertonfc.cz\/index.php\/2014\/03\/28\/preview-fulham-everton-2\/\"},\"author\":{\"name\":\"Ri\u010di\",\"@id\":\"https:\/\/evertonfc.cz\/#\/schema\/person\/f7a5daedb2ffee98480bc70e191aaef1\"},\"headline\":\"Preview: Fulham &#8211; Everton\",\"datePublished\":\"2014-03-28T20:15:51+00:00\",\"dateModified\":\"2021-02-13T09:06:17+00:00\",\"mainEntityOfPage\":{\"@id\":\"https:\/\/evertonfc.cz\/index.php\/2014\/03\/28\/preview-fulham-everton-2\/\"},\"wordCount\":806,\"commentCount\":0,\"publisher\":{\"@id\":\"https:\/\/evertonfc.cz\/#organization\"},\"image\":{\"@id\":\"https:\/\/evertonfc.cz\/index.php\/2014\/03\/28\/preview-fulham-everton-2\/#primaryimage\"},\"thumbnailUrl\":\"https:\/\/evertonfc.cz\/wp-content\/uploads\/2020\/11\/Fulham-VS-Everton-20-11-2020.jpg\",\"articleSection\":[\"Z\u00e1pasy\"],\"inLanguage\":\"cs\",\"potentialAction\":[{\"@type\":\"CommentAction\",\"name\":\"Comment\",\"target\":[\"https:\/\/evertonfc.cz\/index.php\/2014\/03\/28\/preview-fulham-everton-2\/#respond\"]}]},{\"@type\":\"WebPage\",\"@id\":\"https:\/\/evertonfc.cz\/index.php\/2014\/03\/28\/preview-fulham-everton-2\/\",\"url\":\"https:\/\/evertonfc.cz\/index.php\/2014\/03\/28\/preview-fulham-everton-2\/\",\"name\":\"Preview: Fulham - Everton - Official Czech &amp; Slovak Everton Supporters&#039; Club\",\"isPartOf\":{\"@id\":\"https:\/\/evertonfc.cz\/#website\"},\"primaryImageOfPage\":{\"@id\":\"https:\/\/evertonfc.cz\/index.php\/2014\/03\/28\/preview-fulham-everton-2\/#primaryimage\"},\"image\":{\"@id\":\"https:\/\/evertonfc.cz\/index.php\/2014\/03\/28\/preview-fulham-everton-2\/#primaryimage\"},\"thumbnailUrl\":\"https:\/\/evertonfc.cz\/wp-content\/uploads\/2020\/11\/Fulham-VS-Everton-20-11-2020.jpg\",\"datePublished\":\"2014-03-28T20:15:51+00:00\",\"dateModified\":\"2021-02-13T09:06:17+00:00\",\"breadcrumb\":{\"@id\":\"https:\/\/evertonfc.cz\/index.php\/2014\/03\/28\/preview-fulham-everton-2\/#breadcrumb\"},\"inLanguage\":\"cs\",\"potentialAction\":[{\"@type\":\"ReadAction\",\"target\":[\"https:\/\/evertonfc.cz\/index.php\/2014\/03\/28\/preview-fulham-everton-2\/\"]}]},{\"@type\":\"ImageObject\",\"inLanguage\":\"cs\",\"@id\":\"https:\/\/evertonfc.cz\/index.php\/2014\/03\/28\/preview-fulham-everton-2\/#primaryimage\",\"url\":\"https:\/\/evertonfc.cz\/wp-content\/uploads\/2020\/11\/Fulham-VS-Everton-20-11-2020.jpg\",\"contentUrl\":\"https:\/\/evertonfc.cz\/wp-content\/uploads\/2020\/11\/Fulham-VS-Everton-20-11-2020.jpg\",\"width\":720,\"height\":405},{\"@type\":\"BreadcrumbList\",\"@id\":\"https:\/\/evertonfc.cz\/index.php\/2014\/03\/28\/preview-fulham-everton-2\/#breadcrumb\",\"itemListElement\":[{\"@type\":\"ListItem\",\"position\":1,\"name\":\"Home\",\"item\":\"https:\/\/evertonfc.cz\/\"},{\"@type\":\"ListItem\",\"position\":2,\"name\":\"Preview: Fulham &#8211; Everton\"}]},{\"@type\":\"WebSite\",\"@id\":\"https:\/\/evertonfc.cz\/#website\",\"url\":\"https:\/\/evertonfc.cz\/\",\"name\":\"Official Czech &amp; Slovak Everton Supporters&#039; Club\",\"description\":\"\",\"publisher\":{\"@id\":\"https:\/\/evertonfc.cz\/#organization\"},\"potentialAction\":[{\"@type\":\"SearchAction\",\"target\":{\"@type\":\"EntryPoint\",\"urlTemplate\":\"https:\/\/evertonfc.cz\/?s={search_term_string}\"},\"query-input\":{\"@type\":\"PropertyValueSpecification\",\"valueRequired\":true,\"valueName\":\"search_term_string\"}}],\"inLanguage\":\"cs\"},{\"@type\":\"Organization\",\"@id\":\"https:\/\/evertonfc.cz\/#organization\",\"name\":\"Official Czech & Slovak Everton Supporters' Club\",\"url\":\"https:\/\/evertonfc.cz\/\",\"logo\":{\"@type\":\"ImageObject\",\"inLanguage\":\"cs\",\"@id\":\"https:\/\/evertonfc.cz\/#\/schema\/logo\/image\/\",\"url\":\"https:\/\/evertonfc.cz\/wp-content\/uploads\/2019\/05\/logo.png\",\"contentUrl\":\"https:\/\/evertonfc.cz\/wp-content\/uploads\/2019\/05\/logo.png\",\"width\":112,\"height\":112,\"caption\":\"Official Czech & Slovak Everton Supporters' Club\"},\"image\":{\"@id\":\"https:\/\/evertonfc.cz\/#\/schema\/logo\/image\/\"},\"sameAs\":[\"https:\/\/www.facebook.com\/everton.fans.cz.sk\"]},{\"@type\":\"Person\",\"@id\":\"https:\/\/evertonfc.cz\/#\/schema\/person\/f7a5daedb2ffee98480bc70e191aaef1\",\"name\":\"Ri\u010di\",\"sameAs\":[\"https:\/\/x.com\/rbrejsa\"],\"url\":\"https:\/\/evertonfc.cz\/index.php\/author\/rici\/\"}]}<\/script>\n<!-- \/ Yoast SEO plugin. -->","yoast_head_json":{"title":"Preview: Fulham - Everton - Official Czech &amp; Slovak Everton Supporters&#039; Club","robots":{"index":"index","follow":"follow","max-snippet":"max-snippet:-1","max-image-preview":"max-image-preview:large","max-video-preview":"max-video-preview:-1"},"canonical":"https:\/\/evertonfc.cz\/index.php\/2014\/03\/28\/preview-fulham-everton-2\/","og_locale":"cs_CZ","og_type":"article","og_title":"Preview: Fulham - Everton - Official Czech &amp; Slovak Everton Supporters&#039; Club","og_description":"Everton se pokus\u00ed nat\u00e1hnout \u010dty\u0159 z\u00e1pasovou v\u00edt\u011bznou s\u00e9rii (mimochodem podobnou \u0161\u0148\u016fru zopakoval v lize po p\u011bti letech) v Lond\u00fdn\u011b. \u010cek\u00e1 ho posledn\u00ed celek ligy, pro n\u011bho\u017e za\u010d\u00edn\u00e1 b\u00fdt situace se z\u00e1chranou v\u00edce ne\u017e kritick\u00e1.","og_url":"https:\/\/evertonfc.cz\/index.php\/2014\/03\/28\/preview-fulham-everton-2\/","og_site_name":"Official Czech &amp; Slovak Everton Supporters&#039; Club","article_publisher":"https:\/\/www.facebook.com\/everton.fans.cz.sk","article_published_time":"2014-03-28T20:15:51+00:00","article_modified_time":"2021-02-13T09:06:17+00:00","og_image":[{"width":720,"height":405,"url":"https:\/\/evertonfc.cz\/wp-content\/uploads\/2020\/11\/Fulham-VS-Everton-20-11-2020.jpg","type":"image\/jpeg"}],"author":"Ri\u010di","twitter_card":"summary_large_image","twitter_creator":"@rbrejsa","twitter_misc":{"Napsal(a)":"Ri\u010di","Odhadovan\u00e1 doba \u010dten\u00ed":"4 minuty"},"schema":{"@context":"https:\/\/schema.org","@graph":[{"@type":"Article","@id":"https:\/\/evertonfc.cz\/index.php\/2014\/03\/28\/preview-fulham-everton-2\/#article","isPartOf":{"@id":"https:\/\/evertonfc.cz\/index.php\/2014\/03\/28\/preview-fulham-everton-2\/"},"author":{"name":"Ri\u010di","@id":"https:\/\/evertonfc.cz\/#\/schema\/person\/f7a5daedb2ffee98480bc70e191aaef1"},"headline":"Preview: Fulham &#8211; Everton","datePublished":"2014-03-28T20:15:51+00:00","dateModified":"2021-02-13T09:06:17+00:00","mainEntityOfPage":{"@id":"https:\/\/evertonfc.cz\/index.php\/2014\/03\/28\/preview-fulham-everton-2\/"},"wordCount":806,"commentCount":0,"publisher":{"@id":"https:\/\/evertonfc.cz\/#organization"},"image":{"@id":"https:\/\/evertonfc.cz\/index.php\/2014\/03\/28\/preview-fulham-everton-2\/#primaryimage"},"thumbnailUrl":"https:\/\/evertonfc.cz\/wp-content\/uploads\/2020\/11\/Fulham-VS-Everton-20-11-2020.jpg","articleSection":["Z\u00e1pasy"],"inLanguage":"cs","potentialAction":[{"@type":"CommentAction","name":"Comment","target":["https:\/\/evertonfc.cz\/index.php\/2014\/03\/28\/preview-fulham-everton-2\/#respond"]}]},{"@type":"WebPage","@id":"https:\/\/evertonfc.cz\/index.php\/2014\/03\/28\/preview-fulham-everton-2\/","url":"https:\/\/evertonfc.cz\/index.php\/2014\/03\/28\/preview-fulham-everton-2\/","name":"Preview: Fulham - Everton - Official Czech &amp; Slovak Everton Supporters&#039; Club","isPartOf":{"@id":"https:\/\/evertonfc.cz\/#website"},"primaryImageOfPage":{"@id":"https:\/\/evertonfc.cz\/index.php\/2014\/03\/28\/preview-fulham-everton-2\/#primaryimage"},"image":{"@id":"https:\/\/evertonfc.cz\/index.php\/2014\/03\/28\/preview-fulham-everton-2\/#primaryimage"},"thumbnailUrl":"https:\/\/evertonfc.cz\/wp-content\/uploads\/2020\/11\/Fulham-VS-Everton-20-11-2020.jpg","datePublished":"2014-03-28T20:15:51+00:00","dateModified":"2021-02-13T09:06:17+00:00","breadcrumb":{"@id":"https:\/\/evertonfc.cz\/index.php\/2014\/03\/28\/preview-fulham-everton-2\/#breadcrumb"},"inLanguage":"cs","potentialAction":[{"@type":"ReadAction","target":["https:\/\/evertonfc.cz\/index.php\/2014\/03\/28\/preview-fulham-everton-2\/"]}]},{"@type":"ImageObject","inLanguage":"cs","@id":"https:\/\/evertonfc.cz\/index.php\/2014\/03\/28\/preview-fulham-everton-2\/#primaryimage","url":"https:\/\/evertonfc.cz\/wp-content\/uploads\/2020\/11\/Fulham-VS-Everton-20-11-2020.jpg","contentUrl":"https:\/\/evertonfc.cz\/wp-content\/uploads\/2020\/11\/Fulham-VS-Everton-20-11-2020.jpg","width":720,"height":405},{"@type":"BreadcrumbList","@id":"https:\/\/evertonfc.cz\/index.php\/2014\/03\/28\/preview-fulham-everton-2\/#breadcrumb","itemListElement":[{"@type":"ListItem","position":1,"name":"Home","item":"https:\/\/evertonfc.cz\/"},{"@type":"ListItem","position":2,"name":"Preview: Fulham &#8211; Everton"}]},{"@type":"WebSite","@id":"https:\/\/evertonfc.cz\/#website","url":"https:\/\/evertonfc.cz\/","name":"Official Czech &amp; Slovak Everton Supporters&#039; Club","description":"","publisher":{"@id":"https:\/\/evertonfc.cz\/#organization"},"potentialAction":[{"@type":"SearchAction","target":{"@type":"EntryPoint","urlTemplate":"https:\/\/evertonfc.cz\/?s={search_term_string}"},"query-input":{"@type":"PropertyValueSpecification","valueRequired":true,"valueName":"search_term_string"}}],"inLanguage":"cs"},{"@type":"Organization","@id":"https:\/\/evertonfc.cz\/#organization","name":"Official Czech & Slovak Everton Supporters' Club","url":"https:\/\/evertonfc.cz\/","logo":{"@type":"ImageObject","inLanguage":"cs","@id":"https:\/\/evertonfc.cz\/#\/schema\/logo\/image\/","url":"https:\/\/evertonfc.cz\/wp-content\/uploads\/2019\/05\/logo.png","contentUrl":"https:\/\/evertonfc.cz\/wp-content\/uploads\/2019\/05\/logo.png","width":112,"height":112,"caption":"Official Czech & Slovak Everton Supporters' Club"},"image":{"@id":"https:\/\/evertonfc.cz\/#\/schema\/logo\/image\/"},"sameAs":["https:\/\/www.facebook.com\/everton.fans.cz.sk"]},{"@type":"Person","@id":"https:\/\/evertonfc.cz\/#\/schema\/person\/f7a5daedb2ffee98480bc70e191aaef1","name":"Ri\u010di","sameAs":["https:\/\/x.com\/rbrejsa"],"url":"https:\/\/evertonfc.cz\/index.php\/author\/rici\/"}]}},"_links":{"self":[{"href":"https:\/\/evertonfc.cz\/index.php\/wp-json\/wp\/v2\/posts\/4767"}],"collection":[{"href":"https:\/\/evertonfc.cz\/index.php\/wp-json\/wp\/v2\/posts"}],"about":[{"href":"https:\/\/evertonfc.cz\/index.php\/wp-json\/wp\/v2\/types\/post"}],"author":[{"embeddable":true,"href":"https:\/\/evertonfc.cz\/index.php\/wp-json\/wp\/v2\/users\/6"}],"replies":[{"embeddable":true,"href":"https:\/\/evertonfc.cz\/index.php\/wp-json\/wp\/v2\/comments?post=4767"}],"version-history":[{"count":4,"href":"https:\/\/evertonfc.cz\/index.php\/wp-json\/wp\/v2\/posts\/4767\/revisions"}],"predecessor-version":[{"id":14092,"href":"https:\/\/evertonfc.cz\/index.php\/wp-json\/wp\/v2\/posts\/4767\/revisions\/14092"}],"wp:featuredmedia":[{"embeddable":true,"href":"https:\/\/evertonfc.cz\/index.php\/wp-json\/wp\/v2\/media\/12988"}],"wp:attachment":[{"href":"https:\/\/evertonfc.cz\/index.php\/wp-json\/wp\/v2\/media?parent=4767"}],"wp:term":[{"taxonomy":"category","embeddable":true,"href":"https:\/\/evertonfc.cz\/index.php\/wp-json\/wp\/v2\/categories?post=4767"},{"taxonomy":"post_tag","embeddable":true,"href":"https:\/\/evertonfc.cz\/index.php\/wp-json\/wp\/v2\/tags?post=4767"}],"curies":[{"name":"wp","href":"https:\/\/api.w.org\/{rel}","templated":true}]}}