{"id":4769,"date":"2014-03-26T21:16:51","date_gmt":"2014-03-26T20:16:51","guid":{"rendered":"http:\/\/evertonfc.cz\/?p=4769"},"modified":"2019-02-13T21:18:28","modified_gmt":"2019-02-13T20:18:28","slug":"newcastle-united-everton-03","status":"publish","type":"post","link":"https:\/\/evertonfc.cz\/index.php\/2014\/03\/26\/newcastle-united-everton-03\/","title":{"rendered":"Newcastle United &#8211; Everton 0:3"},"content":{"rendered":"<h4 id=\"NewsPostDetailSummary\">Motivace v podob\u011b posunu na p\u00e1t\u00e9 m\u00edsto a sta\u017een\u00ed manka na Ligu mistr\u016f dohnala Everton k bojovn\u00e9mu p\u0159edstaven\u00ed a vysok\u00e9mu v\u00edt\u011bzstv\u00ed 3:0 na p\u016fd\u011b Newcastlu.<\/h4>\n<div id=\"NewsPostDetailContent\">\n<p>Roberto Mart\u00ednez s tren\u00e9rsk\u00fdm t\u00fdmem op\u011bt jednou prom\u00edchal sestavu, Aidena McGeadyho a Kevina Mirallase nechal na lavi\u010dce n\u00e1hradn\u00edk\u016f a naopak od \u00favodn\u00ed minuty uk\u00e1zal na Gerarda Deulofea a Leona Osmana, ten nav\u00edc zastupoval st\u00e1le chyb\u011bj\u00edc\u00edho Phila Jagielku v roli kapit\u00e1na.<\/p>\n<p>Poprv\u00e9 zahrozili dom\u00e1c\u00ed, De Jongova st\u0159ela byla odra\u017eena na roh, z n\u011bho\u017e James McCarthy vystavil p\u0159ed brankovou \u010d\u00e1rou dvakr\u00e1t v\u010dasn\u00fd blok. N\u00e1sledn\u00e1 \u00fazemn\u00ed p\u0159evaha Toffees nesla ovoce v podob\u011b Lukakovy p\u0159\u00edle\u017eitosti, Osman poslal chytrou p\u0159ihr\u00e1vku do v\u00e1pna a Belgi\u010dana skv\u011ble vychytal Tim Krul.<\/p>\n<p>Ve 22. minut\u011b se uk\u00e1zal Ross Barkley, je\u0161t\u011b na vlastn\u00ed polovin\u011b p\u0159ebral m\u00ed\u010d po odvr\u00e1cen\u00e9m rohu a pel\u00e1\u0161il k br\u00e1n\u011b soupe\u0159e, z protihr\u00e1\u010d\u016f si ud\u011blal slalomov\u00e9 ku\u017eely a celou akci zavr\u0161il ranou pod b\u0159evno z vn\u011b pokutov\u00e9ho \u00fazem\u00ed &#8211; <strong>0:1<\/strong>.<\/p>\n<p>Newcastle se sna\u017eil o rychlou odpov\u011b\u010f, nar\u00e1\u017eel v\u0161ak na p\u0159ipravenou defenzivu host\u016f. Na druh\u00e9 stran\u011b potom po jedn\u00e9 z individu\u00e1ln\u00edch akc\u00ed Deulofea sch\u00e1zeli decimetry, aby n\u011bkdo z nab\u00edhaj\u00edc\u00edch hr\u00e1\u010d\u016f um\u00edstil do br\u00e1ny jeho st\u0159\u00edlenou nab\u00eddku.<\/p>\n<p>A\u017e na za\u010d\u00e1tku druh\u00e9 p\u016fle na\u0161el \u0161pan\u011blsk\u00fd talent p\u0159esn\u00e9ho adres\u00e1ta, Osman na n\u011bj v\u00fdborn\u011b p\u0159enesl hru k\u0159\u00ed\u017en\u00fdm pasem a Deulofeu naserv\u00edroval Lukakovi p\u0159ed br\u00e1nu g\u00f3lovou nab\u00eddku &#8211; <strong>0:2<\/strong>. Magpies se do \u0161anc\u00ed p\u0159\u00edli\u0161 nedost\u00e1vali, a kdy\u017e u\u017e, neusp\u011bli v z\u00e1v\u011bre\u010dn\u00e9 f\u00e1zi. St\u0159\u00eddaj\u00edc\u00ed Hatem Ben Arfa skv\u011ble vymotal Barryho s Colemanem a p\u0159edlo\u017eil Anitovi jasnou g\u00f3lovku p\u0159ed poloodkrytou branku, st\u0159edn\u00ed z\u00e1lo\u017en\u00edk ale minul prostor t\u0159\u00ed ty\u010d\u00ed.<\/p>\n<p>V\u00fdborn\u00fd ve\u010der podtrhla poveden\u00e1 akce z 87. minuty, Naismith se uvolnil a vysunul Deulofea na stran\u011b. Ten akci podr\u017eel a pod sebou na\u0161el Lukaka, n\u00e1sledovala p\u0159ihr\u00e1vka na Osmana a v\u00fdborn\u011b um\u00edst\u011bn\u00e1 st\u0159ela &#8211; <strong>0:3<\/strong>.<\/p>\n<p>Highlights naleznete na <a href=\"http:\/\/www.evertonfc.com\/evertontv\/home\/10116\" target=\"_blank\" rel=\"noopener\">ofici\u00e1ln\u00edch str\u00e1nk\u00e1ch<\/a> nebo <a href=\"http:\/\/www.dailymotion.com\/video\/x1jpuvm_newcastle-united-0-3-everton-all-goals-25-03-2014_sport\" target=\"_blank\" rel=\"noopener\">zde<\/a>.<\/p>\n<p><strong>Branky:<\/strong> 22. Ross Barkley, 52. Romelu Lukaku, 87. Leon Osman<br \/>\n<strong>\u017dK:<\/strong> 64. Gareth Barry<br \/>\n<strong>Newcastle United:<\/strong> Tim Krul, Mapou Yanga M&#8217;Biwa (75. Sylvain Marveaux), Mike Williamson, Fabricio Coloccini, Paul Dummett, Moussa Sissoko, Vurnon Anita, Cheik Tiot\u00e9, Yoan Gouffran (90+1. Shola Ameobi), Luuk de Jong (59. Hatem Ben Arfa), Papiss Ciss\u00e9<br \/>\n<strong>Everton FC:<\/strong> Tim Howard, Seamus Coleman, John Stones, Sylvain Distin, Leighton Baines, Gareth Barry, James McCarthy, Leon Osman, Ross Barkley (82. Steven Naismith), Gerard Deulofeu, Romelu Lukaku<br \/>\n<strong>Rozhod\u010d\u00ed:<\/strong> Lee Mason<br \/>\n<strong>Div\u00e1ci:<\/strong> 47 622<\/p>\n<\/div>\n","protected":false},"excerpt":{"rendered":"<p>Motivace v podob\u011b posunu na p\u00e1t\u00e9 m\u00edsto a sta\u017een\u00ed manka na Ligu mistr\u016f dohnala Everton k bojovn\u00e9mu p\u0159edstaven\u00ed a vysok\u00e9mu&hellip;<\/p>\n","protected":false},"author":6,"featured_media":1315,"comment_status":"open","ping_status":"closed","sticky":false,"template":"","format":"standard","meta":{"_eb_attr":"","_monsterinsights_skip_tracking":false,"_monsterinsights_sitenote_active":false,"_monsterinsights_sitenote_note":"","_monsterinsights_sitenote_category":0,"footnotes":""},"categories":[4],"tags":[],"yoast_head":"<!-- This site is optimized with the Yoast SEO plugin v23.4 - https:\/\/yoast.com\/wordpress\/plugins\/seo\/ -->\n<title>Newcastle United - Everton 0:3 - Official Czech &amp; Slovak Everton Supporters&#039; Club<\/title>\n<meta name=\"robots\" content=\"index, follow, max-snippet:-1, max-image-preview:large, max-video-preview:-1\" \/>\n<link rel=\"canonical\" href=\"https:\/\/evertonfc.cz\/index.php\/2014\/03\/26\/newcastle-united-everton-03\/\" \/>\n<meta property=\"og:locale\" content=\"cs_CZ\" \/>\n<meta property=\"og:type\" content=\"article\" \/>\n<meta property=\"og:title\" content=\"Newcastle United - Everton 0:3 - Official Czech &amp; Slovak Everton Supporters&#039; Club\" \/>\n<meta property=\"og:description\" content=\"Motivace v podob\u011b posunu na p\u00e1t\u00e9 m\u00edsto a sta\u017een\u00ed manka na Ligu mistr\u016f dohnala Everton k bojovn\u00e9mu p\u0159edstaven\u00ed a vysok\u00e9mu&hellip;\" \/>\n<meta property=\"og:url\" content=\"https:\/\/evertonfc.cz\/index.php\/2014\/03\/26\/newcastle-united-everton-03\/\" \/>\n<meta property=\"og:site_name\" content=\"Official Czech &amp; Slovak Everton Supporters&#039; Club\" \/>\n<meta property=\"article:publisher\" content=\"https:\/\/www.facebook.com\/everton.fans.cz.sk\" \/>\n<meta property=\"article:published_time\" content=\"2014-03-26T20:16:51+00:00\" \/>\n<meta property=\"article:modified_time\" content=\"2019-02-13T20:18:28+00:00\" \/>\n<meta property=\"og:image\" content=\"https:\/\/evertonfc.cz\/wp-content\/uploads\/2019\/01\/report.jpg\" \/>\n\t<meta property=\"og:image:width\" content=\"720\" \/>\n\t<meta property=\"og:image:height\" content=\"405\" \/>\n\t<meta property=\"og:image:type\" content=\"image\/jpeg\" \/>\n<meta name=\"author\" content=\"Ri\u010di\" \/>\n<meta name=\"twitter:card\" content=\"summary_large_image\" \/>\n<meta name=\"twitter:creator\" content=\"@rbrejsa\" \/>\n<meta name=\"twitter:label1\" content=\"Napsal(a)\" \/>\n\t<meta name=\"twitter:data1\" content=\"Ri\u010di\" \/>\n\t<meta name=\"twitter:label2\" content=\"Odhadovan\u00e1 doba \u010dten\u00ed\" \/>\n\t<meta name=\"twitter:data2\" content=\"2 minuty\" \/>\n<script type=\"application\/ld+json\" class=\"yoast-schema-graph\">{\"@context\":\"https:\/\/schema.org\",\"@graph\":[{\"@type\":\"Article\",\"@id\":\"https:\/\/evertonfc.cz\/index.php\/2014\/03\/26\/newcastle-united-everton-03\/#article\",\"isPartOf\":{\"@id\":\"https:\/\/evertonfc.cz\/index.php\/2014\/03\/26\/newcastle-united-everton-03\/\"},\"author\":{\"name\":\"Ri\u010di\",\"@id\":\"https:\/\/evertonfc.cz\/#\/schema\/person\/f7a5daedb2ffee98480bc70e191aaef1\"},\"headline\":\"Newcastle United &#8211; Everton 0:3\",\"datePublished\":\"2014-03-26T20:16:51+00:00\",\"dateModified\":\"2019-02-13T20:18:28+00:00\",\"mainEntityOfPage\":{\"@id\":\"https:\/\/evertonfc.cz\/index.php\/2014\/03\/26\/newcastle-united-everton-03\/\"},\"wordCount\":480,\"commentCount\":0,\"publisher\":{\"@id\":\"https:\/\/evertonfc.cz\/#organization\"},\"image\":{\"@id\":\"https:\/\/evertonfc.cz\/index.php\/2014\/03\/26\/newcastle-united-everton-03\/#primaryimage\"},\"thumbnailUrl\":\"https:\/\/evertonfc.cz\/wp-content\/uploads\/2019\/01\/report.jpg\",\"articleSection\":[\"Z\u00e1pasy\"],\"inLanguage\":\"cs\",\"potentialAction\":[{\"@type\":\"CommentAction\",\"name\":\"Comment\",\"target\":[\"https:\/\/evertonfc.cz\/index.php\/2014\/03\/26\/newcastle-united-everton-03\/#respond\"]}]},{\"@type\":\"WebPage\",\"@id\":\"https:\/\/evertonfc.cz\/index.php\/2014\/03\/26\/newcastle-united-everton-03\/\",\"url\":\"https:\/\/evertonfc.cz\/index.php\/2014\/03\/26\/newcastle-united-everton-03\/\",\"name\":\"Newcastle United - Everton 0:3 - Official Czech &amp; Slovak Everton Supporters&#039; Club\",\"isPartOf\":{\"@id\":\"https:\/\/evertonfc.cz\/#website\"},\"primaryImageOfPage\":{\"@id\":\"https:\/\/evertonfc.cz\/index.php\/2014\/03\/26\/newcastle-united-everton-03\/#primaryimage\"},\"image\":{\"@id\":\"https:\/\/evertonfc.cz\/index.php\/2014\/03\/26\/newcastle-united-everton-03\/#primaryimage\"},\"thumbnailUrl\":\"https:\/\/evertonfc.cz\/wp-content\/uploads\/2019\/01\/report.jpg\",\"datePublished\":\"2014-03-26T20:16:51+00:00\",\"dateModified\":\"2019-02-13T20:18:28+00:00\",\"breadcrumb\":{\"@id\":\"https:\/\/evertonfc.cz\/index.php\/2014\/03\/26\/newcastle-united-everton-03\/#breadcrumb\"},\"inLanguage\":\"cs\",\"potentialAction\":[{\"@type\":\"ReadAction\",\"target\":[\"https:\/\/evertonfc.cz\/index.php\/2014\/03\/26\/newcastle-united-everton-03\/\"]}]},{\"@type\":\"ImageObject\",\"inLanguage\":\"cs\",\"@id\":\"https:\/\/evertonfc.cz\/index.php\/2014\/03\/26\/newcastle-united-everton-03\/#primaryimage\",\"url\":\"https:\/\/evertonfc.cz\/wp-content\/uploads\/2019\/01\/report.jpg\",\"contentUrl\":\"https:\/\/evertonfc.cz\/wp-content\/uploads\/2019\/01\/report.jpg\",\"width\":720,\"height\":405},{\"@type\":\"BreadcrumbList\",\"@id\":\"https:\/\/evertonfc.cz\/index.php\/2014\/03\/26\/newcastle-united-everton-03\/#breadcrumb\",\"itemListElement\":[{\"@type\":\"ListItem\",\"position\":1,\"name\":\"Home\",\"item\":\"https:\/\/evertonfc.cz\/\"},{\"@type\":\"ListItem\",\"position\":2,\"name\":\"Newcastle United &#8211; Everton 0:3\"}]},{\"@type\":\"WebSite\",\"@id\":\"https:\/\/evertonfc.cz\/#website\",\"url\":\"https:\/\/evertonfc.cz\/\",\"name\":\"Official Czech &amp; Slovak Everton Supporters&#039; Club\",\"description\":\"\",\"publisher\":{\"@id\":\"https:\/\/evertonfc.cz\/#organization\"},\"potentialAction\":[{\"@type\":\"SearchAction\",\"target\":{\"@type\":\"EntryPoint\",\"urlTemplate\":\"https:\/\/evertonfc.cz\/?s={search_term_string}\"},\"query-input\":{\"@type\":\"PropertyValueSpecification\",\"valueRequired\":true,\"valueName\":\"search_term_string\"}}],\"inLanguage\":\"cs\"},{\"@type\":\"Organization\",\"@id\":\"https:\/\/evertonfc.cz\/#organization\",\"name\":\"Official Czech & Slovak Everton Supporters' Club\",\"url\":\"https:\/\/evertonfc.cz\/\",\"logo\":{\"@type\":\"ImageObject\",\"inLanguage\":\"cs\",\"@id\":\"https:\/\/evertonfc.cz\/#\/schema\/logo\/image\/\",\"url\":\"https:\/\/evertonfc.cz\/wp-content\/uploads\/2019\/05\/logo.png\",\"contentUrl\":\"https:\/\/evertonfc.cz\/wp-content\/uploads\/2019\/05\/logo.png\",\"width\":112,\"height\":112,\"caption\":\"Official Czech & Slovak Everton Supporters' Club\"},\"image\":{\"@id\":\"https:\/\/evertonfc.cz\/#\/schema\/logo\/image\/\"},\"sameAs\":[\"https:\/\/www.facebook.com\/everton.fans.cz.sk\"]},{\"@type\":\"Person\",\"@id\":\"https:\/\/evertonfc.cz\/#\/schema\/person\/f7a5daedb2ffee98480bc70e191aaef1\",\"name\":\"Ri\u010di\",\"sameAs\":[\"https:\/\/x.com\/rbrejsa\"],\"url\":\"https:\/\/evertonfc.cz\/index.php\/author\/rici\/\"}]}<\/script>\n<!-- \/ Yoast SEO plugin. -->","yoast_head_json":{"title":"Newcastle United - Everton 0:3 - Official Czech &amp; Slovak Everton Supporters&#039; Club","robots":{"index":"index","follow":"follow","max-snippet":"max-snippet:-1","max-image-preview":"max-image-preview:large","max-video-preview":"max-video-preview:-1"},"canonical":"https:\/\/evertonfc.cz\/index.php\/2014\/03\/26\/newcastle-united-everton-03\/","og_locale":"cs_CZ","og_type":"article","og_title":"Newcastle United - Everton 0:3 - Official Czech &amp; Slovak Everton Supporters&#039; Club","og_description":"Motivace v podob\u011b posunu na p\u00e1t\u00e9 m\u00edsto a sta\u017een\u00ed manka na Ligu mistr\u016f dohnala Everton k bojovn\u00e9mu p\u0159edstaven\u00ed a vysok\u00e9mu&hellip;","og_url":"https:\/\/evertonfc.cz\/index.php\/2014\/03\/26\/newcastle-united-everton-03\/","og_site_name":"Official Czech &amp; Slovak Everton Supporters&#039; Club","article_publisher":"https:\/\/www.facebook.com\/everton.fans.cz.sk","article_published_time":"2014-03-26T20:16:51+00:00","article_modified_time":"2019-02-13T20:18:28+00:00","og_image":[{"width":720,"height":405,"url":"https:\/\/evertonfc.cz\/wp-content\/uploads\/2019\/01\/report.jpg","type":"image\/jpeg"}],"author":"Ri\u010di","twitter_card":"summary_large_image","twitter_creator":"@rbrejsa","twitter_misc":{"Napsal(a)":"Ri\u010di","Odhadovan\u00e1 doba \u010dten\u00ed":"2 minuty"},"schema":{"@context":"https:\/\/schema.org","@graph":[{"@type":"Article","@id":"https:\/\/evertonfc.cz\/index.php\/2014\/03\/26\/newcastle-united-everton-03\/#article","isPartOf":{"@id":"https:\/\/evertonfc.cz\/index.php\/2014\/03\/26\/newcastle-united-everton-03\/"},"author":{"name":"Ri\u010di","@id":"https:\/\/evertonfc.cz\/#\/schema\/person\/f7a5daedb2ffee98480bc70e191aaef1"},"headline":"Newcastle United &#8211; Everton 0:3","datePublished":"2014-03-26T20:16:51+00:00","dateModified":"2019-02-13T20:18:28+00:00","mainEntityOfPage":{"@id":"https:\/\/evertonfc.cz\/index.php\/2014\/03\/26\/newcastle-united-everton-03\/"},"wordCount":480,"commentCount":0,"publisher":{"@id":"https:\/\/evertonfc.cz\/#organization"},"image":{"@id":"https:\/\/evertonfc.cz\/index.php\/2014\/03\/26\/newcastle-united-everton-03\/#primaryimage"},"thumbnailUrl":"https:\/\/evertonfc.cz\/wp-content\/uploads\/2019\/01\/report.jpg","articleSection":["Z\u00e1pasy"],"inLanguage":"cs","potentialAction":[{"@type":"CommentAction","name":"Comment","target":["https:\/\/evertonfc.cz\/index.php\/2014\/03\/26\/newcastle-united-everton-03\/#respond"]}]},{"@type":"WebPage","@id":"https:\/\/evertonfc.cz\/index.php\/2014\/03\/26\/newcastle-united-everton-03\/","url":"https:\/\/evertonfc.cz\/index.php\/2014\/03\/26\/newcastle-united-everton-03\/","name":"Newcastle United - Everton 0:3 - Official Czech &amp; Slovak Everton Supporters&#039; Club","isPartOf":{"@id":"https:\/\/evertonfc.cz\/#website"},"primaryImageOfPage":{"@id":"https:\/\/evertonfc.cz\/index.php\/2014\/03\/26\/newcastle-united-everton-03\/#primaryimage"},"image":{"@id":"https:\/\/evertonfc.cz\/index.php\/2014\/03\/26\/newcastle-united-everton-03\/#primaryimage"},"thumbnailUrl":"https:\/\/evertonfc.cz\/wp-content\/uploads\/2019\/01\/report.jpg","datePublished":"2014-03-26T20:16:51+00:00","dateModified":"2019-02-13T20:18:28+00:00","breadcrumb":{"@id":"https:\/\/evertonfc.cz\/index.php\/2014\/03\/26\/newcastle-united-everton-03\/#breadcrumb"},"inLanguage":"cs","potentialAction":[{"@type":"ReadAction","target":["https:\/\/evertonfc.cz\/index.php\/2014\/03\/26\/newcastle-united-everton-03\/"]}]},{"@type":"ImageObject","inLanguage":"cs","@id":"https:\/\/evertonfc.cz\/index.php\/2014\/03\/26\/newcastle-united-everton-03\/#primaryimage","url":"https:\/\/evertonfc.cz\/wp-content\/uploads\/2019\/01\/report.jpg","contentUrl":"https:\/\/evertonfc.cz\/wp-content\/uploads\/2019\/01\/report.jpg","width":720,"height":405},{"@type":"BreadcrumbList","@id":"https:\/\/evertonfc.cz\/index.php\/2014\/03\/26\/newcastle-united-everton-03\/#breadcrumb","itemListElement":[{"@type":"ListItem","position":1,"name":"Home","item":"https:\/\/evertonfc.cz\/"},{"@type":"ListItem","position":2,"name":"Newcastle United &#8211; Everton 0:3"}]},{"@type":"WebSite","@id":"https:\/\/evertonfc.cz\/#website","url":"https:\/\/evertonfc.cz\/","name":"Official Czech &amp; Slovak Everton Supporters&#039; Club","description":"","publisher":{"@id":"https:\/\/evertonfc.cz\/#organization"},"potentialAction":[{"@type":"SearchAction","target":{"@type":"EntryPoint","urlTemplate":"https:\/\/evertonfc.cz\/?s={search_term_string}"},"query-input":{"@type":"PropertyValueSpecification","valueRequired":true,"valueName":"search_term_string"}}],"inLanguage":"cs"},{"@type":"Organization","@id":"https:\/\/evertonfc.cz\/#organization","name":"Official Czech & Slovak Everton Supporters' Club","url":"https:\/\/evertonfc.cz\/","logo":{"@type":"ImageObject","inLanguage":"cs","@id":"https:\/\/evertonfc.cz\/#\/schema\/logo\/image\/","url":"https:\/\/evertonfc.cz\/wp-content\/uploads\/2019\/05\/logo.png","contentUrl":"https:\/\/evertonfc.cz\/wp-content\/uploads\/2019\/05\/logo.png","width":112,"height":112,"caption":"Official Czech & Slovak Everton Supporters' Club"},"image":{"@id":"https:\/\/evertonfc.cz\/#\/schema\/logo\/image\/"},"sameAs":["https:\/\/www.facebook.com\/everton.fans.cz.sk"]},{"@type":"Person","@id":"https:\/\/evertonfc.cz\/#\/schema\/person\/f7a5daedb2ffee98480bc70e191aaef1","name":"Ri\u010di","sameAs":["https:\/\/x.com\/rbrejsa"],"url":"https:\/\/evertonfc.cz\/index.php\/author\/rici\/"}]}},"_links":{"self":[{"href":"https:\/\/evertonfc.cz\/index.php\/wp-json\/wp\/v2\/posts\/4769"}],"collection":[{"href":"https:\/\/evertonfc.cz\/index.php\/wp-json\/wp\/v2\/posts"}],"about":[{"href":"https:\/\/evertonfc.cz\/index.php\/wp-json\/wp\/v2\/types\/post"}],"author":[{"embeddable":true,"href":"https:\/\/evertonfc.cz\/index.php\/wp-json\/wp\/v2\/users\/6"}],"replies":[{"embeddable":true,"href":"https:\/\/evertonfc.cz\/index.php\/wp-json\/wp\/v2\/comments?post=4769"}],"version-history":[{"count":1,"href":"https:\/\/evertonfc.cz\/index.php\/wp-json\/wp\/v2\/posts\/4769\/revisions"}],"predecessor-version":[{"id":4770,"href":"https:\/\/evertonfc.cz\/index.php\/wp-json\/wp\/v2\/posts\/4769\/revisions\/4770"}],"wp:featuredmedia":[{"embeddable":true,"href":"https:\/\/evertonfc.cz\/index.php\/wp-json\/wp\/v2\/media\/1315"}],"wp:attachment":[{"href":"https:\/\/evertonfc.cz\/index.php\/wp-json\/wp\/v2\/media?parent=4769"}],"wp:term":[{"taxonomy":"category","embeddable":true,"href":"https:\/\/evertonfc.cz\/index.php\/wp-json\/wp\/v2\/categories?post=4769"},{"taxonomy":"post_tag","embeddable":true,"href":"https:\/\/evertonfc.cz\/index.php\/wp-json\/wp\/v2\/tags?post=4769"}],"curies":[{"name":"wp","href":"https:\/\/api.w.org\/{rel}","templated":true}]}}