{"id":4798,"date":"2014-02-22T21:52:04","date_gmt":"2014-02-22T20:52:04","guid":{"rendered":"http:\/\/evertonfc.cz\/?p=4798"},"modified":"2019-02-14T00:20:50","modified_gmt":"2019-02-13T23:20:50","slug":"preview-chelsea-everton-7","status":"publish","type":"post","link":"https:\/\/evertonfc.cz\/index.php\/2014\/02\/22\/preview-chelsea-everton-7\/","title":{"rendered":"Preview: Chelsea &#8211; Everton"},"content":{"rendered":"<h4 id=\"NewsPostDetailSummary\">Everton \u010dek\u00e1 leto\u0161n\u00ed posledn\u00ed z\u00e1pas na p\u016fd\u011b n\u011bjak\u00e9ho t\u00fdmu z TOP7. V\u00fdsledek bude m\u00edt z\u00e1sadn\u00ed vliv na \u0161ance na \u00fa\u010dast v lize mistr\u016f. Toffees se pomalu op\u011bt dost\u00e1vaj\u00ed do tempa, p\u0159ed t\u00fdmem tak stoj\u00ed v\u00fdzva z\u00edskat &#8222;double&#8220; proti t\u00fdmu ze z\u00e1padn\u00edho Lond\u00fdna, veden\u00fd u\u0161t\u011bpa\u010dn\u00fdm Mourinhem.<\/h4>\n<div id=\"NewsPostDetailContent\">\n<p>A to je n\u011bco, co se nepovedlo 35 let, naposledy tedy v sez\u00f3n\u011b 78-79. Teda to bylo Portugalcovi 15, tak\u017ee jeho se to \u00fapln\u011b net\u00fdk\u00e1. Vedle tohoto \u201cdlouh\u00e9ho \u010dek\u00e1n\u00ed\u201c ale zeje dal\u0161\u00ed miln\u00edk, kombinace Mourinho-Chelsea-Stamford Bridge toti\u017e nena\u0161la p\u0159emo\u017eitele z Anglie ji\u017e v 89 kl\u00e1n\u00edch (73 ligov\u00fdch). A to bud\u00ed respekt, na rozd\u00edl od ned\u00e1vn\u00fdch prohl\u00e1\u0161en\u00edch tzv. Special One. Nav\u00edc Chelsea m\u00e1 p\u0159ed sebou mo\u017en\u00e1 z\u00e1pas osmifin\u00e1le LM, ale o motivaci nebude nouze, proto\u017ee aktu\u00e1ln\u00edho l\u00eddra tabulky nah\u00e1n\u011bj\u00ed hned 3 pron\u00e1sledovatel\u00e9, boj o titul je st\u00e1le otev\u0159en\u00fd. Pravda ale je, \u017ee proti Chelsea se d\u00e1 hr\u00e1t, Everton tam mezi lety 2007 a 2010 neprohr\u00e1l, v roce 2011 postoupil po penalt\u00e1ch na SB v FA Cupu. A ned\u00e1vno potr\u00e1pili dom\u00e1c\u00ed Blues t\u0159eba Crystal Palace, Swansea i West Ham. A nezapom\u00ednejme na velk\u00e9 v\u00edt\u011bzstv\u00ed z po\u010d\u00e1tku z\u00e1\u0159\u00ed, kdy Steven Naismith vyu\u017eil p\u0159ihr\u00e1vku Jelavi\u0107e v jedinou branku utk\u00e1n\u00ed.<\/p>\n<p>Sedmadvacetilet\u00fd Skot zaznamenal 4 branky v posledn\u00edch z\u00e1pasech, ale po v\u011bt\u0161inou to bylo v z\u00e1pasech, kter\u00e9 za\u010d\u00ednal vsed\u011b, tak\u017ee pravd\u011bpodobn\u011bj\u0161\u00ed se jev\u00ed ligov\u00fd debut pro Lacinu Traor\u00e9, kter\u00fd sice vst\u0159elil po 4 minut\u00e1ch na h\u0159i\u0161ti prvn\u00ed g\u00f3l za Everton, ale jinak p\u0159\u00edli\u0161 pochvaly nesklidil. Ve h\u0159e jsou i dal\u0161\u00ed varianty, v \u00favahu nep\u0159ipad\u00e1 jen Lukaku, kter\u00e9mu smlouva nepovol\u00ed nastoupit proti mate\u0159sk\u00e9mu klubu, ale jinak Roberto Martinez nem\u016f\u017ee po\u010d\u00edtat u\u017e pouze s dlouhodob\u011b zran\u011bn\u00fdm triem Gibson, Kon\u00e9, Oviedo. K dispozici tak budou brank\u00e1\u0159i <strong>Howard <\/strong>a Joel, obr\u00e1nci Hibbert, <strong>Baines<\/strong>, <strong>Jagielka<\/strong>, <strong>Distin<\/strong>, <strong>Coleman<\/strong>, Stones, Alcaraz, z\u00e1lo\u017en\u00edci McGeady, <strong>McCarthy<\/strong>, <strong>Barry<\/strong>, <strong>Barkley<\/strong>, Osman, <strong>Pienaar<\/strong>, <strong>Deulofeu <\/strong>a do \u00fatoku <strong>Mirallas<\/strong>, Naismith, Vellios, Traor\u00e9. Svou preferovanou sestavu nebudu nijak nazna\u010dovat.<\/p>\n<h4><strong>Z\u00e1pasov\u00e1 fakta<\/strong><\/h4>\n<p>Vz\u00e1jemn\u00e1<\/p>\n<ul>\n<li>Chelsea s Evertonem neprohr\u00e1la doma posledn\u00edch 18 z\u00e1pas\u016f, 9 z\u00e1pas\u016f z t\u00e9to \u0159ady ale nedok\u00e1zala ani zv\u00edt\u011bzit.<\/li>\n<li>Pro Chelsea jsou Toffees nej\u010dast\u011bj\u0161\u00edm ter\u010dem v historii, 261 branek se jim poda\u0159ilo vyst\u0159elit do s\u00edt\u011b za z\u00e1dy brank\u00e1\u0159\u016f Everton. (Panebo\u017ee, koho zaj\u00edmaj\u00ed a kdo se zaob\u00edr\u00e1 t\u011bmihle na kost vybrou\u0161en\u00fdmi statistikami.)<\/li>\n<\/ul>\n<ul>\n<li>Roberto Martinez prohr\u00e1l zat\u00edm ka\u017edou ze sv\u00fdch n\u00e1v\u0161t\u011bv Stamford Bridge. A to tam byl u\u017e erm \u010dty\u0159ikr\u00e1t. Opravdu signifikantn\u00ed.<\/li>\n<\/ul>\n<p>Chelsea<\/p>\n<ul>\n<li>Blues se tuto sez\u00f3nu nepoda\u0159ilo doma prohr\u00e1t (11 pokus\u016f), naposledy pak p\u0159ed rokem s QPR (celkem 22). Nep\u0159ekvap\u00ed, \u017ee v lize maj\u00ed nejlep\u0161\u00ed dom\u00e1c\u00ed bilanci.<\/li>\n<\/ul>\n<ul>\n<li>Abramovi\u010dova \u010deta dok\u00e1zala vyt\u011b\u017eit 14 bod\u016f ze z\u00e1pas\u016f, kde prohr\u00e1vali.<\/li>\n<li>Zdob\u00ed je i nejlep\u0161\u00ed obrana, jen 21 inkasovan\u00fdch z 26 z\u00e1pas\u016f. No, u\u017e to nen\u00ed, co to b\u00fdvalo, \u017ee Jos\u00e9!<\/li>\n<\/ul>\n<p>Everton<\/p>\n<ul>\n<li>Everton ji\u017e 4kr\u00e1t venku nezv\u00edt\u011bzil, posledn\u00ed dva z\u00e1pasy prohr\u00e1l, ani\u017e by vst\u0159elil g\u00f3l.<\/li>\n<li>To, co se zd\u00e1lo b\u00fdt nejviditeln\u011bj\u0161\u00edch p\u0159\u00edsp\u011bvk\u016f nov\u00e9ho mana\u017eera, se posledn\u00ed z\u00e1pasy trochu rozplynulo &#8211; 9 bod\u016f proti t\u00fdm\u016fm TOP7 (najednou m\u00e1me TOP7) je nejm\u00e9n\u011b, teda t\u00e9m\u011b\u0159, m\u00e9n\u011b m\u00e1 jen pr\u00e1v\u011b ten b\u00fdval\u00fd mana\u017eer ve sv\u00e9m nov\u00e9m t\u00fdmu.<\/li>\n<li>Obr\u00e1nci dos\u00e1hl Everton g\u00f3lu ji\u017e 10kr\u00e1t, tomu se nikdo v lize nevyrovn\u00e1.<\/li>\n<\/ul>\n<p>Z\u00e1pas na Stamford Bridge za\u010dne dnes ve 13:45, rozhodovat jej bude Lee Probert z Gloucestershire. Dobr\u00e9 vzpom\u00ednky na n\u011bj nem\u00e1 Tim Howard, kdy\u017e mu pokazil z\u00e1pas &#8222;na \u0160t\u011bp\u00e1na&#8220; proti Sunderland.<\/p>\n<\/div>\n","protected":false},"excerpt":{"rendered":"<p>Everton \u010dek\u00e1 leto\u0161n\u00ed posledn\u00ed z\u00e1pas na p\u016fd\u011b n\u011bjak\u00e9ho t\u00fdmu z TOP7. V\u00fdsledek bude m\u00edt z\u00e1sadn\u00ed vliv na \u0161ance na \u00fa\u010dast&hellip;<\/p>\n","protected":false},"author":10,"featured_media":1314,"comment_status":"open","ping_status":"closed","sticky":false,"template":"","format":"standard","meta":{"_eb_attr":"","_monsterinsights_skip_tracking":false,"_monsterinsights_sitenote_active":false,"_monsterinsights_sitenote_note":"","_monsterinsights_sitenote_category":0,"footnotes":""},"categories":[4],"tags":[],"yoast_head":"<!-- This site is optimized with the Yoast SEO plugin v23.4 - https:\/\/yoast.com\/wordpress\/plugins\/seo\/ -->\n<title>Preview: Chelsea - Everton - Official Czech &amp; Slovak Everton Supporters&#039; Club<\/title>\n<meta name=\"robots\" content=\"index, follow, max-snippet:-1, max-image-preview:large, max-video-preview:-1\" \/>\n<link rel=\"canonical\" href=\"https:\/\/evertonfc.cz\/index.php\/2014\/02\/22\/preview-chelsea-everton-7\/\" \/>\n<meta property=\"og:locale\" content=\"cs_CZ\" \/>\n<meta property=\"og:type\" content=\"article\" \/>\n<meta property=\"og:title\" content=\"Preview: Chelsea - Everton - Official Czech &amp; Slovak Everton Supporters&#039; Club\" \/>\n<meta property=\"og:description\" content=\"Everton \u010dek\u00e1 leto\u0161n\u00ed posledn\u00ed z\u00e1pas na p\u016fd\u011b n\u011bjak\u00e9ho t\u00fdmu z TOP7. V\u00fdsledek bude m\u00edt z\u00e1sadn\u00ed vliv na \u0161ance na \u00fa\u010dast&hellip;\" \/>\n<meta property=\"og:url\" content=\"https:\/\/evertonfc.cz\/index.php\/2014\/02\/22\/preview-chelsea-everton-7\/\" \/>\n<meta property=\"og:site_name\" content=\"Official Czech &amp; Slovak Everton Supporters&#039; Club\" \/>\n<meta property=\"article:publisher\" content=\"https:\/\/www.facebook.com\/everton.fans.cz.sk\" \/>\n<meta property=\"article:published_time\" content=\"2014-02-22T20:52:04+00:00\" \/>\n<meta property=\"article:modified_time\" content=\"2019-02-13T23:20:50+00:00\" \/>\n<meta property=\"og:image\" content=\"https:\/\/evertonfc.cz\/wp-content\/uploads\/2019\/01\/preview.jpg\" \/>\n\t<meta property=\"og:image:width\" content=\"720\" \/>\n\t<meta property=\"og:image:height\" content=\"405\" \/>\n\t<meta property=\"og:image:type\" content=\"image\/jpeg\" \/>\n<meta name=\"author\" content=\"Fip\" \/>\n<meta name=\"twitter:card\" content=\"summary_large_image\" \/>\n<meta name=\"twitter:label1\" content=\"Napsal(a)\" \/>\n\t<meta name=\"twitter:data1\" content=\"Fip\" \/>\n\t<meta name=\"twitter:label2\" content=\"Odhadovan\u00e1 doba \u010dten\u00ed\" \/>\n\t<meta name=\"twitter:data2\" content=\"3 minuty\" \/>\n<script type=\"application\/ld+json\" class=\"yoast-schema-graph\">{\"@context\":\"https:\/\/schema.org\",\"@graph\":[{\"@type\":\"Article\",\"@id\":\"https:\/\/evertonfc.cz\/index.php\/2014\/02\/22\/preview-chelsea-everton-7\/#article\",\"isPartOf\":{\"@id\":\"https:\/\/evertonfc.cz\/index.php\/2014\/02\/22\/preview-chelsea-everton-7\/\"},\"author\":{\"name\":\"Fip\",\"@id\":\"https:\/\/evertonfc.cz\/#\/schema\/person\/35904009755e8eaa0dc1a5f5f0419002\"},\"headline\":\"Preview: Chelsea &#8211; Everton\",\"datePublished\":\"2014-02-22T20:52:04+00:00\",\"dateModified\":\"2019-02-13T23:20:50+00:00\",\"mainEntityOfPage\":{\"@id\":\"https:\/\/evertonfc.cz\/index.php\/2014\/02\/22\/preview-chelsea-everton-7\/\"},\"wordCount\":696,\"commentCount\":0,\"publisher\":{\"@id\":\"https:\/\/evertonfc.cz\/#organization\"},\"image\":{\"@id\":\"https:\/\/evertonfc.cz\/index.php\/2014\/02\/22\/preview-chelsea-everton-7\/#primaryimage\"},\"thumbnailUrl\":\"https:\/\/evertonfc.cz\/wp-content\/uploads\/2019\/01\/preview.jpg\",\"articleSection\":[\"Z\u00e1pasy\"],\"inLanguage\":\"cs\",\"potentialAction\":[{\"@type\":\"CommentAction\",\"name\":\"Comment\",\"target\":[\"https:\/\/evertonfc.cz\/index.php\/2014\/02\/22\/preview-chelsea-everton-7\/#respond\"]}]},{\"@type\":\"WebPage\",\"@id\":\"https:\/\/evertonfc.cz\/index.php\/2014\/02\/22\/preview-chelsea-everton-7\/\",\"url\":\"https:\/\/evertonfc.cz\/index.php\/2014\/02\/22\/preview-chelsea-everton-7\/\",\"name\":\"Preview: Chelsea - Everton - Official Czech &amp; Slovak Everton Supporters&#039; Club\",\"isPartOf\":{\"@id\":\"https:\/\/evertonfc.cz\/#website\"},\"primaryImageOfPage\":{\"@id\":\"https:\/\/evertonfc.cz\/index.php\/2014\/02\/22\/preview-chelsea-everton-7\/#primaryimage\"},\"image\":{\"@id\":\"https:\/\/evertonfc.cz\/index.php\/2014\/02\/22\/preview-chelsea-everton-7\/#primaryimage\"},\"thumbnailUrl\":\"https:\/\/evertonfc.cz\/wp-content\/uploads\/2019\/01\/preview.jpg\",\"datePublished\":\"2014-02-22T20:52:04+00:00\",\"dateModified\":\"2019-02-13T23:20:50+00:00\",\"breadcrumb\":{\"@id\":\"https:\/\/evertonfc.cz\/index.php\/2014\/02\/22\/preview-chelsea-everton-7\/#breadcrumb\"},\"inLanguage\":\"cs\",\"potentialAction\":[{\"@type\":\"ReadAction\",\"target\":[\"https:\/\/evertonfc.cz\/index.php\/2014\/02\/22\/preview-chelsea-everton-7\/\"]}]},{\"@type\":\"ImageObject\",\"inLanguage\":\"cs\",\"@id\":\"https:\/\/evertonfc.cz\/index.php\/2014\/02\/22\/preview-chelsea-everton-7\/#primaryimage\",\"url\":\"https:\/\/evertonfc.cz\/wp-content\/uploads\/2019\/01\/preview.jpg\",\"contentUrl\":\"https:\/\/evertonfc.cz\/wp-content\/uploads\/2019\/01\/preview.jpg\",\"width\":720,\"height\":405},{\"@type\":\"BreadcrumbList\",\"@id\":\"https:\/\/evertonfc.cz\/index.php\/2014\/02\/22\/preview-chelsea-everton-7\/#breadcrumb\",\"itemListElement\":[{\"@type\":\"ListItem\",\"position\":1,\"name\":\"Home\",\"item\":\"https:\/\/evertonfc.cz\/\"},{\"@type\":\"ListItem\",\"position\":2,\"name\":\"Preview: Chelsea &#8211; Everton\"}]},{\"@type\":\"WebSite\",\"@id\":\"https:\/\/evertonfc.cz\/#website\",\"url\":\"https:\/\/evertonfc.cz\/\",\"name\":\"Official Czech &amp; Slovak Everton Supporters&#039; Club\",\"description\":\"\",\"publisher\":{\"@id\":\"https:\/\/evertonfc.cz\/#organization\"},\"potentialAction\":[{\"@type\":\"SearchAction\",\"target\":{\"@type\":\"EntryPoint\",\"urlTemplate\":\"https:\/\/evertonfc.cz\/?s={search_term_string}\"},\"query-input\":{\"@type\":\"PropertyValueSpecification\",\"valueRequired\":true,\"valueName\":\"search_term_string\"}}],\"inLanguage\":\"cs\"},{\"@type\":\"Organization\",\"@id\":\"https:\/\/evertonfc.cz\/#organization\",\"name\":\"Official Czech & Slovak Everton Supporters' Club\",\"url\":\"https:\/\/evertonfc.cz\/\",\"logo\":{\"@type\":\"ImageObject\",\"inLanguage\":\"cs\",\"@id\":\"https:\/\/evertonfc.cz\/#\/schema\/logo\/image\/\",\"url\":\"https:\/\/evertonfc.cz\/wp-content\/uploads\/2019\/05\/logo.png\",\"contentUrl\":\"https:\/\/evertonfc.cz\/wp-content\/uploads\/2019\/05\/logo.png\",\"width\":112,\"height\":112,\"caption\":\"Official Czech & Slovak Everton Supporters' Club\"},\"image\":{\"@id\":\"https:\/\/evertonfc.cz\/#\/schema\/logo\/image\/\"},\"sameAs\":[\"https:\/\/www.facebook.com\/everton.fans.cz.sk\"]},{\"@type\":\"Person\",\"@id\":\"https:\/\/evertonfc.cz\/#\/schema\/person\/35904009755e8eaa0dc1a5f5f0419002\",\"name\":\"Fip\",\"url\":\"https:\/\/evertonfc.cz\/index.php\/author\/fip\/\"}]}<\/script>\n<!-- \/ Yoast SEO plugin. -->","yoast_head_json":{"title":"Preview: Chelsea - Everton - Official Czech &amp; Slovak Everton Supporters&#039; Club","robots":{"index":"index","follow":"follow","max-snippet":"max-snippet:-1","max-image-preview":"max-image-preview:large","max-video-preview":"max-video-preview:-1"},"canonical":"https:\/\/evertonfc.cz\/index.php\/2014\/02\/22\/preview-chelsea-everton-7\/","og_locale":"cs_CZ","og_type":"article","og_title":"Preview: Chelsea - Everton - Official Czech &amp; Slovak Everton Supporters&#039; Club","og_description":"Everton \u010dek\u00e1 leto\u0161n\u00ed posledn\u00ed z\u00e1pas na p\u016fd\u011b n\u011bjak\u00e9ho t\u00fdmu z TOP7. V\u00fdsledek bude m\u00edt z\u00e1sadn\u00ed vliv na \u0161ance na \u00fa\u010dast&hellip;","og_url":"https:\/\/evertonfc.cz\/index.php\/2014\/02\/22\/preview-chelsea-everton-7\/","og_site_name":"Official Czech &amp; Slovak Everton Supporters&#039; Club","article_publisher":"https:\/\/www.facebook.com\/everton.fans.cz.sk","article_published_time":"2014-02-22T20:52:04+00:00","article_modified_time":"2019-02-13T23:20:50+00:00","og_image":[{"width":720,"height":405,"url":"https:\/\/evertonfc.cz\/wp-content\/uploads\/2019\/01\/preview.jpg","type":"image\/jpeg"}],"author":"Fip","twitter_card":"summary_large_image","twitter_misc":{"Napsal(a)":"Fip","Odhadovan\u00e1 doba \u010dten\u00ed":"3 minuty"},"schema":{"@context":"https:\/\/schema.org","@graph":[{"@type":"Article","@id":"https:\/\/evertonfc.cz\/index.php\/2014\/02\/22\/preview-chelsea-everton-7\/#article","isPartOf":{"@id":"https:\/\/evertonfc.cz\/index.php\/2014\/02\/22\/preview-chelsea-everton-7\/"},"author":{"name":"Fip","@id":"https:\/\/evertonfc.cz\/#\/schema\/person\/35904009755e8eaa0dc1a5f5f0419002"},"headline":"Preview: Chelsea &#8211; Everton","datePublished":"2014-02-22T20:52:04+00:00","dateModified":"2019-02-13T23:20:50+00:00","mainEntityOfPage":{"@id":"https:\/\/evertonfc.cz\/index.php\/2014\/02\/22\/preview-chelsea-everton-7\/"},"wordCount":696,"commentCount":0,"publisher":{"@id":"https:\/\/evertonfc.cz\/#organization"},"image":{"@id":"https:\/\/evertonfc.cz\/index.php\/2014\/02\/22\/preview-chelsea-everton-7\/#primaryimage"},"thumbnailUrl":"https:\/\/evertonfc.cz\/wp-content\/uploads\/2019\/01\/preview.jpg","articleSection":["Z\u00e1pasy"],"inLanguage":"cs","potentialAction":[{"@type":"CommentAction","name":"Comment","target":["https:\/\/evertonfc.cz\/index.php\/2014\/02\/22\/preview-chelsea-everton-7\/#respond"]}]},{"@type":"WebPage","@id":"https:\/\/evertonfc.cz\/index.php\/2014\/02\/22\/preview-chelsea-everton-7\/","url":"https:\/\/evertonfc.cz\/index.php\/2014\/02\/22\/preview-chelsea-everton-7\/","name":"Preview: Chelsea - Everton - Official Czech &amp; Slovak Everton Supporters&#039; Club","isPartOf":{"@id":"https:\/\/evertonfc.cz\/#website"},"primaryImageOfPage":{"@id":"https:\/\/evertonfc.cz\/index.php\/2014\/02\/22\/preview-chelsea-everton-7\/#primaryimage"},"image":{"@id":"https:\/\/evertonfc.cz\/index.php\/2014\/02\/22\/preview-chelsea-everton-7\/#primaryimage"},"thumbnailUrl":"https:\/\/evertonfc.cz\/wp-content\/uploads\/2019\/01\/preview.jpg","datePublished":"2014-02-22T20:52:04+00:00","dateModified":"2019-02-13T23:20:50+00:00","breadcrumb":{"@id":"https:\/\/evertonfc.cz\/index.php\/2014\/02\/22\/preview-chelsea-everton-7\/#breadcrumb"},"inLanguage":"cs","potentialAction":[{"@type":"ReadAction","target":["https:\/\/evertonfc.cz\/index.php\/2014\/02\/22\/preview-chelsea-everton-7\/"]}]},{"@type":"ImageObject","inLanguage":"cs","@id":"https:\/\/evertonfc.cz\/index.php\/2014\/02\/22\/preview-chelsea-everton-7\/#primaryimage","url":"https:\/\/evertonfc.cz\/wp-content\/uploads\/2019\/01\/preview.jpg","contentUrl":"https:\/\/evertonfc.cz\/wp-content\/uploads\/2019\/01\/preview.jpg","width":720,"height":405},{"@type":"BreadcrumbList","@id":"https:\/\/evertonfc.cz\/index.php\/2014\/02\/22\/preview-chelsea-everton-7\/#breadcrumb","itemListElement":[{"@type":"ListItem","position":1,"name":"Home","item":"https:\/\/evertonfc.cz\/"},{"@type":"ListItem","position":2,"name":"Preview: Chelsea &#8211; Everton"}]},{"@type":"WebSite","@id":"https:\/\/evertonfc.cz\/#website","url":"https:\/\/evertonfc.cz\/","name":"Official Czech &amp; Slovak Everton Supporters&#039; Club","description":"","publisher":{"@id":"https:\/\/evertonfc.cz\/#organization"},"potentialAction":[{"@type":"SearchAction","target":{"@type":"EntryPoint","urlTemplate":"https:\/\/evertonfc.cz\/?s={search_term_string}"},"query-input":{"@type":"PropertyValueSpecification","valueRequired":true,"valueName":"search_term_string"}}],"inLanguage":"cs"},{"@type":"Organization","@id":"https:\/\/evertonfc.cz\/#organization","name":"Official Czech & Slovak Everton Supporters' Club","url":"https:\/\/evertonfc.cz\/","logo":{"@type":"ImageObject","inLanguage":"cs","@id":"https:\/\/evertonfc.cz\/#\/schema\/logo\/image\/","url":"https:\/\/evertonfc.cz\/wp-content\/uploads\/2019\/05\/logo.png","contentUrl":"https:\/\/evertonfc.cz\/wp-content\/uploads\/2019\/05\/logo.png","width":112,"height":112,"caption":"Official Czech & Slovak Everton Supporters' Club"},"image":{"@id":"https:\/\/evertonfc.cz\/#\/schema\/logo\/image\/"},"sameAs":["https:\/\/www.facebook.com\/everton.fans.cz.sk"]},{"@type":"Person","@id":"https:\/\/evertonfc.cz\/#\/schema\/person\/35904009755e8eaa0dc1a5f5f0419002","name":"Fip","url":"https:\/\/evertonfc.cz\/index.php\/author\/fip\/"}]}},"_links":{"self":[{"href":"https:\/\/evertonfc.cz\/index.php\/wp-json\/wp\/v2\/posts\/4798"}],"collection":[{"href":"https:\/\/evertonfc.cz\/index.php\/wp-json\/wp\/v2\/posts"}],"about":[{"href":"https:\/\/evertonfc.cz\/index.php\/wp-json\/wp\/v2\/types\/post"}],"author":[{"embeddable":true,"href":"https:\/\/evertonfc.cz\/index.php\/wp-json\/wp\/v2\/users\/10"}],"replies":[{"embeddable":true,"href":"https:\/\/evertonfc.cz\/index.php\/wp-json\/wp\/v2\/comments?post=4798"}],"version-history":[{"count":3,"href":"https:\/\/evertonfc.cz\/index.php\/wp-json\/wp\/v2\/posts\/4798\/revisions"}],"predecessor-version":[{"id":5026,"href":"https:\/\/evertonfc.cz\/index.php\/wp-json\/wp\/v2\/posts\/4798\/revisions\/5026"}],"wp:featuredmedia":[{"embeddable":true,"href":"https:\/\/evertonfc.cz\/index.php\/wp-json\/wp\/v2\/media\/1314"}],"wp:attachment":[{"href":"https:\/\/evertonfc.cz\/index.php\/wp-json\/wp\/v2\/media?parent=4798"}],"wp:term":[{"taxonomy":"category","embeddable":true,"href":"https:\/\/evertonfc.cz\/index.php\/wp-json\/wp\/v2\/categories?post=4798"},{"taxonomy":"post_tag","embeddable":true,"href":"https:\/\/evertonfc.cz\/index.php\/wp-json\/wp\/v2\/tags?post=4798"}],"curies":[{"name":"wp","href":"https:\/\/api.w.org\/{rel}","templated":true}]}}