{"id":48,"date":"2018-11-26T11:54:39","date_gmt":"2018-11-26T10:54:39","guid":{"rendered":"http:\/\/evertonfc.cz\/?p=48"},"modified":"2019-01-22T20:59:34","modified_gmt":"2019-01-22T19:59:34","slug":"silva-nechce-odepisovat-niasseho","status":"publish","type":"post","link":"https:\/\/evertonfc.cz\/index.php\/2018\/11\/26\/silva-nechce-odepisovat-niasseho\/","title":{"rendered":"Silva nechce odepisovat Niasseho"},"content":{"rendered":"<h4 id=\"NewsPostDetailSummary\">Mana\u017eer Evertonu odm\u00edt\u00e1 p\u0159ed nadch\u00e1zej\u00edc\u00edm n\u00e1ro\u010dn\u00fdm obdob\u00edm odepisovat \u00fato\u010dn\u00edka Oumara Niasseho, kter\u00fd zat\u00edm v leto\u0161n\u00ed sez\u00f3n\u011b sb\u00edr\u00e1 starty pouze po minut\u00e1ch.<\/h4>\n<div id=\"NewsPostDetailContent\">\n<p>Senegalsk\u00fd reprezentant nasko\u010dil v aktu\u00e1ln\u00edm ro\u010dn\u00edku do \u0161esti utk\u00e1n\u00ed, v z\u00e1kladn\u00ed sestav\u011b p\u0159itom dostal p\u0159\u00edle\u017eitost jen jednou, a to na konci z\u00e1\u0159\u00ed v Ligov\u00e9m poh\u00e1ru. Celkem m\u00e1 na kont\u011b 165 odehran\u00fdch minut.<\/p>\n<p>V posledn\u00edch osmi ligov\u00fdch kolech se nav\u00edc ani jednou neve\u0161el do 18\u010dlenn\u00e9ho z\u00e1pasov\u00e9ho k\u00e1dru. Nahlas se tak spekuluje o jeho lednov\u00e9m odchodu, Silva ale \u00fato\u010dn\u00edka s buldo\u010d\u00ed povahou je\u0161t\u011b nechce odepisovat. Premier League toti\u017e vstupuje do nejt\u011b\u017e\u0161\u00ed \u010d\u00e1sti sez\u00f3ny.<\/p>\n<p>Everton po\u010d\u00ednaje ned\u011bln\u00edm duelem na h\u0159i\u0161ti rivala z Liverpoolu zapo\u010dne m\u011bs\u00edc, b\u011bhem n\u011bho\u017e ho \u010dek\u00e1 sedm ligov\u00fdch z\u00e1pas\u016f. Silva se stejn\u011b jako ostatn\u00ed mana\u017ee\u0159i nevyhne povinn\u00e9 rotaci hr\u00e1\u010d\u016f, kter\u00e1 nask\u00fdt\u00e1 (nejen) Niassemu v\u00edtanou \u0161anci vylep\u0161it sv\u00e9 postaven\u00ed v t\u00fdmu.<\/p>\n<p><em>\u201eNiasse, jak v\u0161ichni v\u00ed,\u201c<\/em>\u00a0dal se Silva do vysv\u011btlov\u00e1n\u00ed<em>, \u201eje hr\u00e1\u010dem, jeho\u017e zn\u00e1m velmi dob\u0159e z na\u0161eho spole\u010dn\u00e9ho p\u016fsoben\u00ed v Hullu. Jedn\u00e1 se o velk\u00e9ho profesion\u00e1la s odli\u0161en\u00fdm stylem hry ne\u017e na\u0161i t\u0159i zbyl\u00ed \u00fato\u010dn\u00edci Richarlison, Tosun a Calvert-Lewin. M\u00e1me \u010dty\u0159i fotbalisty na jednu pozici, v z\u00e1pasov\u00fdch nominac\u00edch se tak nem\u016f\u017ee dostat na v\u0161echny.<\/em><\/p>\n<p><em>Niasseho budoucnost je otev\u0159en\u00e1, nyn\u00ed ov\u0161em pat\u0159\u00ed do na\u0161eho k\u00e1dru. Nejbli\u017e\u0161\u00ed rozpis z\u00e1pas\u016f je velmi nabit\u00fd, p\u0159\u00edle\u017eitost m\u016f\u017ee dostat ka\u017ed\u00fd hr\u00e1\u010d.<\/em><\/p>\n<p><em>Pokud porovn\u00e1te nyn\u011bj\u0161\u00ed slo\u017een\u00ed z\u00e1kladn\u00ed sestavy se slo\u017een\u00edm ze za\u010d\u00e1tku sez\u00f3ny, naleznete velkou odli\u0161nost. S\u00e1m nev\u00edm, jak bude na\u0161e \u00favodn\u00ed jeden\u00e1ctku vypadat na konci prosince, nelze vylou\u010dit dal\u0161\u00ed razantn\u011bj\u0161\u00ed prom\u011bnu.\u201c<\/em><\/p>\n<p>Niasse v\u0161ak nen\u00ed jedin\u00fdm hr\u00e1\u010d\u016fm, kter\u00fd vyhl\u00ed\u017e\u00ed v\u011bt\u0161\u00ed hern\u00ed vyt\u00ed\u017eenost. S ohledem na \u0161irok\u00fd k\u00e1dr Evertonu a bl\u00ed\u017e\u00edc\u00ed se lednov\u00e9ho p\u0159estupov\u00e9 okno budou n\u00e1sleduj\u00edc\u00ed t\u00fddny identifikovat dal\u0161\u00ed slo\u017een\u00ed t\u00fdmu, jen\u017e se st\u00e1le utv\u00e1\u0159\u00ed. Je t\u00e9m\u011b\u0159 jist\u00e9, \u017ee i nov\u00fd rok bude na Goodison Parku ve znamen\u00ed dal\u0161\u00edch hr\u00e1\u010dsk\u00fdch zm\u011bn. A i kdy\u017e se p\u0159edpokl\u00e1daj\u00ed sp\u00ed\u0161e odchody, a\u0165 u\u017e v\u00a0r\u00e1mci trval\u00e9ho p\u0159estupu nebo hostov\u00e1n\u00ed, ve h\u0159e z\u016fst\u00e1vaj\u00ed i akvizice nov\u00fdch jmen.<\/p>\n<p><em>\u201ePl\u00e1nov\u00e1n\u00ed p\u0159estup\u016f je nezbytnou sou\u010d\u00e1st\u00ed na\u0161\u00ed pr\u00e1ce. M\u00e9 hlavn\u00ed soust\u0159ed\u011bn\u00ed je sm\u011b\u0159ov\u00e1no na ka\u017edot\u00fddenn\u00ed p\u0159\u00edpravu mu\u017estva k z\u00e1pas\u016fm, piln\u011b ale pracujeme rovn\u011b\u017e za hlavn\u00ed sc\u00e9nou pozornosti.<\/em><\/p>\n<p><em>Disponujeme k\u00e1drem \u010d\u00edtaj\u00edc\u00edm 27 hr\u00e1\u010d\u016f, ka\u017ed\u00fdm dnem rosteme jako t\u00fdm. N\u011bkolik nov\u00fdch chlapc\u016f odehr\u00e1lo jenom p\u011bt \u010di \u0161est z\u00e1pas\u016f, tak\u017ee existuje velk\u00fd prostor pro zlep\u0161en\u00ed. Na to se moment\u00e1ln\u011b zam\u011b\u0159uji nejv\u00edce. Jsme ale p\u0159ipraveni na v\u0161echno,\u201c<\/em>\u00a0Silva lehce poodhalil pl\u00e1ny na n\u00e1sleduj\u00edc\u00ed m\u011bs\u00edce.<\/p>\n<\/div>\n","protected":false},"excerpt":{"rendered":"<p>Mana\u017eer Evertonu odm\u00edt\u00e1 p\u0159ed nadch\u00e1zej\u00edc\u00edm n\u00e1ro\u010dn\u00fdm obdob\u00edm odepisovat \u00fato\u010dn\u00edka Oumara Niasseho, kter\u00fd zat\u00edm v leto\u0161n\u00ed sez\u00f3n\u011b sb\u00edr\u00e1 starty pouze po&hellip;<\/p>\n","protected":false},"author":6,"featured_media":1385,"comment_status":"open","ping_status":"open","sticky":false,"template":"","format":"standard","meta":{"_eb_attr":"","_monsterinsights_skip_tracking":false,"_monsterinsights_sitenote_active":false,"_monsterinsights_sitenote_note":"","_monsterinsights_sitenote_category":0,"footnotes":""},"categories":[1],"tags":[],"yoast_head":"<!-- This site is optimized with the Yoast SEO plugin v23.4 - https:\/\/yoast.com\/wordpress\/plugins\/seo\/ -->\n<title>Silva nechce odepisovat Niasseho - Official Czech &amp; Slovak Everton Supporters&#039; Club<\/title>\n<meta name=\"robots\" content=\"index, follow, max-snippet:-1, max-image-preview:large, max-video-preview:-1\" \/>\n<link rel=\"canonical\" href=\"https:\/\/evertonfc.cz\/index.php\/2018\/11\/26\/silva-nechce-odepisovat-niasseho\/\" \/>\n<meta property=\"og:locale\" content=\"cs_CZ\" \/>\n<meta property=\"og:type\" content=\"article\" \/>\n<meta property=\"og:title\" content=\"Silva nechce odepisovat Niasseho - Official Czech &amp; Slovak Everton Supporters&#039; Club\" \/>\n<meta property=\"og:description\" content=\"Mana\u017eer Evertonu odm\u00edt\u00e1 p\u0159ed nadch\u00e1zej\u00edc\u00edm n\u00e1ro\u010dn\u00fdm obdob\u00edm odepisovat \u00fato\u010dn\u00edka Oumara Niasseho, kter\u00fd zat\u00edm v leto\u0161n\u00ed sez\u00f3n\u011b sb\u00edr\u00e1 starty pouze po&hellip;\" \/>\n<meta property=\"og:url\" content=\"https:\/\/evertonfc.cz\/index.php\/2018\/11\/26\/silva-nechce-odepisovat-niasseho\/\" \/>\n<meta property=\"og:site_name\" content=\"Official Czech &amp; Slovak Everton Supporters&#039; Club\" \/>\n<meta property=\"article:publisher\" content=\"https:\/\/www.facebook.com\/everton.fans.cz.sk\" \/>\n<meta property=\"article:published_time\" content=\"2018-11-26T10:54:39+00:00\" \/>\n<meta property=\"article:modified_time\" content=\"2019-01-22T19:59:34+00:00\" \/>\n<meta property=\"og:image\" content=\"https:\/\/evertonfc.cz\/wp-content\/uploads\/2019\/01\/niasse_26_11_2018.jpg\" \/>\n\t<meta property=\"og:image:width\" content=\"720\" \/>\n\t<meta property=\"og:image:height\" content=\"405\" \/>\n\t<meta property=\"og:image:type\" content=\"image\/jpeg\" \/>\n<meta name=\"author\" content=\"Ri\u010di\" \/>\n<meta name=\"twitter:card\" content=\"summary_large_image\" \/>\n<meta name=\"twitter:creator\" content=\"@rbrejsa\" \/>\n<meta name=\"twitter:label1\" content=\"Napsal(a)\" \/>\n\t<meta name=\"twitter:data1\" content=\"Ri\u010di\" \/>\n\t<meta name=\"twitter:label2\" content=\"Odhadovan\u00e1 doba \u010dten\u00ed\" \/>\n\t<meta name=\"twitter:data2\" content=\"3 minuty\" \/>\n<script type=\"application\/ld+json\" class=\"yoast-schema-graph\">{\"@context\":\"https:\/\/schema.org\",\"@graph\":[{\"@type\":\"Article\",\"@id\":\"https:\/\/evertonfc.cz\/index.php\/2018\/11\/26\/silva-nechce-odepisovat-niasseho\/#article\",\"isPartOf\":{\"@id\":\"https:\/\/evertonfc.cz\/index.php\/2018\/11\/26\/silva-nechce-odepisovat-niasseho\/\"},\"author\":{\"name\":\"Ri\u010di\",\"@id\":\"https:\/\/evertonfc.cz\/#\/schema\/person\/f7a5daedb2ffee98480bc70e191aaef1\"},\"headline\":\"Silva nechce odepisovat Niasseho\",\"datePublished\":\"2018-11-26T10:54:39+00:00\",\"dateModified\":\"2019-01-22T19:59:34+00:00\",\"mainEntityOfPage\":{\"@id\":\"https:\/\/evertonfc.cz\/index.php\/2018\/11\/26\/silva-nechce-odepisovat-niasseho\/\"},\"wordCount\":559,\"commentCount\":0,\"publisher\":{\"@id\":\"https:\/\/evertonfc.cz\/#organization\"},\"image\":{\"@id\":\"https:\/\/evertonfc.cz\/index.php\/2018\/11\/26\/silva-nechce-odepisovat-niasseho\/#primaryimage\"},\"thumbnailUrl\":\"https:\/\/evertonfc.cz\/wp-content\/uploads\/2019\/01\/niasse_26_11_2018.jpg\",\"articleSection\":[\"Rozhovory\"],\"inLanguage\":\"cs\",\"potentialAction\":[{\"@type\":\"CommentAction\",\"name\":\"Comment\",\"target\":[\"https:\/\/evertonfc.cz\/index.php\/2018\/11\/26\/silva-nechce-odepisovat-niasseho\/#respond\"]}]},{\"@type\":\"WebPage\",\"@id\":\"https:\/\/evertonfc.cz\/index.php\/2018\/11\/26\/silva-nechce-odepisovat-niasseho\/\",\"url\":\"https:\/\/evertonfc.cz\/index.php\/2018\/11\/26\/silva-nechce-odepisovat-niasseho\/\",\"name\":\"Silva nechce odepisovat Niasseho - Official Czech &amp; Slovak Everton Supporters&#039; Club\",\"isPartOf\":{\"@id\":\"https:\/\/evertonfc.cz\/#website\"},\"primaryImageOfPage\":{\"@id\":\"https:\/\/evertonfc.cz\/index.php\/2018\/11\/26\/silva-nechce-odepisovat-niasseho\/#primaryimage\"},\"image\":{\"@id\":\"https:\/\/evertonfc.cz\/index.php\/2018\/11\/26\/silva-nechce-odepisovat-niasseho\/#primaryimage\"},\"thumbnailUrl\":\"https:\/\/evertonfc.cz\/wp-content\/uploads\/2019\/01\/niasse_26_11_2018.jpg\",\"datePublished\":\"2018-11-26T10:54:39+00:00\",\"dateModified\":\"2019-01-22T19:59:34+00:00\",\"breadcrumb\":{\"@id\":\"https:\/\/evertonfc.cz\/index.php\/2018\/11\/26\/silva-nechce-odepisovat-niasseho\/#breadcrumb\"},\"inLanguage\":\"cs\",\"potentialAction\":[{\"@type\":\"ReadAction\",\"target\":[\"https:\/\/evertonfc.cz\/index.php\/2018\/11\/26\/silva-nechce-odepisovat-niasseho\/\"]}]},{\"@type\":\"ImageObject\",\"inLanguage\":\"cs\",\"@id\":\"https:\/\/evertonfc.cz\/index.php\/2018\/11\/26\/silva-nechce-odepisovat-niasseho\/#primaryimage\",\"url\":\"https:\/\/evertonfc.cz\/wp-content\/uploads\/2019\/01\/niasse_26_11_2018.jpg\",\"contentUrl\":\"https:\/\/evertonfc.cz\/wp-content\/uploads\/2019\/01\/niasse_26_11_2018.jpg\",\"width\":720,\"height\":405},{\"@type\":\"BreadcrumbList\",\"@id\":\"https:\/\/evertonfc.cz\/index.php\/2018\/11\/26\/silva-nechce-odepisovat-niasseho\/#breadcrumb\",\"itemListElement\":[{\"@type\":\"ListItem\",\"position\":1,\"name\":\"Home\",\"item\":\"https:\/\/evertonfc.cz\/\"},{\"@type\":\"ListItem\",\"position\":2,\"name\":\"Silva nechce odepisovat Niasseho\"}]},{\"@type\":\"WebSite\",\"@id\":\"https:\/\/evertonfc.cz\/#website\",\"url\":\"https:\/\/evertonfc.cz\/\",\"name\":\"Official Czech &amp; Slovak Everton Supporters&#039; Club\",\"description\":\"\",\"publisher\":{\"@id\":\"https:\/\/evertonfc.cz\/#organization\"},\"potentialAction\":[{\"@type\":\"SearchAction\",\"target\":{\"@type\":\"EntryPoint\",\"urlTemplate\":\"https:\/\/evertonfc.cz\/?s={search_term_string}\"},\"query-input\":{\"@type\":\"PropertyValueSpecification\",\"valueRequired\":true,\"valueName\":\"search_term_string\"}}],\"inLanguage\":\"cs\"},{\"@type\":\"Organization\",\"@id\":\"https:\/\/evertonfc.cz\/#organization\",\"name\":\"Official Czech & Slovak Everton Supporters' Club\",\"url\":\"https:\/\/evertonfc.cz\/\",\"logo\":{\"@type\":\"ImageObject\",\"inLanguage\":\"cs\",\"@id\":\"https:\/\/evertonfc.cz\/#\/schema\/logo\/image\/\",\"url\":\"https:\/\/evertonfc.cz\/wp-content\/uploads\/2019\/05\/logo.png\",\"contentUrl\":\"https:\/\/evertonfc.cz\/wp-content\/uploads\/2019\/05\/logo.png\",\"width\":112,\"height\":112,\"caption\":\"Official Czech & Slovak Everton Supporters' Club\"},\"image\":{\"@id\":\"https:\/\/evertonfc.cz\/#\/schema\/logo\/image\/\"},\"sameAs\":[\"https:\/\/www.facebook.com\/everton.fans.cz.sk\"]},{\"@type\":\"Person\",\"@id\":\"https:\/\/evertonfc.cz\/#\/schema\/person\/f7a5daedb2ffee98480bc70e191aaef1\",\"name\":\"Ri\u010di\",\"sameAs\":[\"https:\/\/x.com\/rbrejsa\"],\"url\":\"https:\/\/evertonfc.cz\/index.php\/author\/rici\/\"}]}<\/script>\n<!-- \/ Yoast SEO plugin. -->","yoast_head_json":{"title":"Silva nechce odepisovat Niasseho - Official Czech &amp; Slovak Everton Supporters&#039; Club","robots":{"index":"index","follow":"follow","max-snippet":"max-snippet:-1","max-image-preview":"max-image-preview:large","max-video-preview":"max-video-preview:-1"},"canonical":"https:\/\/evertonfc.cz\/index.php\/2018\/11\/26\/silva-nechce-odepisovat-niasseho\/","og_locale":"cs_CZ","og_type":"article","og_title":"Silva nechce odepisovat Niasseho - Official Czech &amp; Slovak Everton Supporters&#039; Club","og_description":"Mana\u017eer Evertonu odm\u00edt\u00e1 p\u0159ed nadch\u00e1zej\u00edc\u00edm n\u00e1ro\u010dn\u00fdm obdob\u00edm odepisovat \u00fato\u010dn\u00edka Oumara Niasseho, kter\u00fd zat\u00edm v leto\u0161n\u00ed sez\u00f3n\u011b sb\u00edr\u00e1 starty pouze po&hellip;","og_url":"https:\/\/evertonfc.cz\/index.php\/2018\/11\/26\/silva-nechce-odepisovat-niasseho\/","og_site_name":"Official Czech &amp; Slovak Everton Supporters&#039; Club","article_publisher":"https:\/\/www.facebook.com\/everton.fans.cz.sk","article_published_time":"2018-11-26T10:54:39+00:00","article_modified_time":"2019-01-22T19:59:34+00:00","og_image":[{"width":720,"height":405,"url":"https:\/\/evertonfc.cz\/wp-content\/uploads\/2019\/01\/niasse_26_11_2018.jpg","type":"image\/jpeg"}],"author":"Ri\u010di","twitter_card":"summary_large_image","twitter_creator":"@rbrejsa","twitter_misc":{"Napsal(a)":"Ri\u010di","Odhadovan\u00e1 doba \u010dten\u00ed":"3 minuty"},"schema":{"@context":"https:\/\/schema.org","@graph":[{"@type":"Article","@id":"https:\/\/evertonfc.cz\/index.php\/2018\/11\/26\/silva-nechce-odepisovat-niasseho\/#article","isPartOf":{"@id":"https:\/\/evertonfc.cz\/index.php\/2018\/11\/26\/silva-nechce-odepisovat-niasseho\/"},"author":{"name":"Ri\u010di","@id":"https:\/\/evertonfc.cz\/#\/schema\/person\/f7a5daedb2ffee98480bc70e191aaef1"},"headline":"Silva nechce odepisovat Niasseho","datePublished":"2018-11-26T10:54:39+00:00","dateModified":"2019-01-22T19:59:34+00:00","mainEntityOfPage":{"@id":"https:\/\/evertonfc.cz\/index.php\/2018\/11\/26\/silva-nechce-odepisovat-niasseho\/"},"wordCount":559,"commentCount":0,"publisher":{"@id":"https:\/\/evertonfc.cz\/#organization"},"image":{"@id":"https:\/\/evertonfc.cz\/index.php\/2018\/11\/26\/silva-nechce-odepisovat-niasseho\/#primaryimage"},"thumbnailUrl":"https:\/\/evertonfc.cz\/wp-content\/uploads\/2019\/01\/niasse_26_11_2018.jpg","articleSection":["Rozhovory"],"inLanguage":"cs","potentialAction":[{"@type":"CommentAction","name":"Comment","target":["https:\/\/evertonfc.cz\/index.php\/2018\/11\/26\/silva-nechce-odepisovat-niasseho\/#respond"]}]},{"@type":"WebPage","@id":"https:\/\/evertonfc.cz\/index.php\/2018\/11\/26\/silva-nechce-odepisovat-niasseho\/","url":"https:\/\/evertonfc.cz\/index.php\/2018\/11\/26\/silva-nechce-odepisovat-niasseho\/","name":"Silva nechce odepisovat Niasseho - Official Czech &amp; Slovak Everton Supporters&#039; Club","isPartOf":{"@id":"https:\/\/evertonfc.cz\/#website"},"primaryImageOfPage":{"@id":"https:\/\/evertonfc.cz\/index.php\/2018\/11\/26\/silva-nechce-odepisovat-niasseho\/#primaryimage"},"image":{"@id":"https:\/\/evertonfc.cz\/index.php\/2018\/11\/26\/silva-nechce-odepisovat-niasseho\/#primaryimage"},"thumbnailUrl":"https:\/\/evertonfc.cz\/wp-content\/uploads\/2019\/01\/niasse_26_11_2018.jpg","datePublished":"2018-11-26T10:54:39+00:00","dateModified":"2019-01-22T19:59:34+00:00","breadcrumb":{"@id":"https:\/\/evertonfc.cz\/index.php\/2018\/11\/26\/silva-nechce-odepisovat-niasseho\/#breadcrumb"},"inLanguage":"cs","potentialAction":[{"@type":"ReadAction","target":["https:\/\/evertonfc.cz\/index.php\/2018\/11\/26\/silva-nechce-odepisovat-niasseho\/"]}]},{"@type":"ImageObject","inLanguage":"cs","@id":"https:\/\/evertonfc.cz\/index.php\/2018\/11\/26\/silva-nechce-odepisovat-niasseho\/#primaryimage","url":"https:\/\/evertonfc.cz\/wp-content\/uploads\/2019\/01\/niasse_26_11_2018.jpg","contentUrl":"https:\/\/evertonfc.cz\/wp-content\/uploads\/2019\/01\/niasse_26_11_2018.jpg","width":720,"height":405},{"@type":"BreadcrumbList","@id":"https:\/\/evertonfc.cz\/index.php\/2018\/11\/26\/silva-nechce-odepisovat-niasseho\/#breadcrumb","itemListElement":[{"@type":"ListItem","position":1,"name":"Home","item":"https:\/\/evertonfc.cz\/"},{"@type":"ListItem","position":2,"name":"Silva nechce odepisovat Niasseho"}]},{"@type":"WebSite","@id":"https:\/\/evertonfc.cz\/#website","url":"https:\/\/evertonfc.cz\/","name":"Official Czech &amp; Slovak Everton Supporters&#039; Club","description":"","publisher":{"@id":"https:\/\/evertonfc.cz\/#organization"},"potentialAction":[{"@type":"SearchAction","target":{"@type":"EntryPoint","urlTemplate":"https:\/\/evertonfc.cz\/?s={search_term_string}"},"query-input":{"@type":"PropertyValueSpecification","valueRequired":true,"valueName":"search_term_string"}}],"inLanguage":"cs"},{"@type":"Organization","@id":"https:\/\/evertonfc.cz\/#organization","name":"Official Czech & Slovak Everton Supporters' Club","url":"https:\/\/evertonfc.cz\/","logo":{"@type":"ImageObject","inLanguage":"cs","@id":"https:\/\/evertonfc.cz\/#\/schema\/logo\/image\/","url":"https:\/\/evertonfc.cz\/wp-content\/uploads\/2019\/05\/logo.png","contentUrl":"https:\/\/evertonfc.cz\/wp-content\/uploads\/2019\/05\/logo.png","width":112,"height":112,"caption":"Official Czech & Slovak Everton Supporters' Club"},"image":{"@id":"https:\/\/evertonfc.cz\/#\/schema\/logo\/image\/"},"sameAs":["https:\/\/www.facebook.com\/everton.fans.cz.sk"]},{"@type":"Person","@id":"https:\/\/evertonfc.cz\/#\/schema\/person\/f7a5daedb2ffee98480bc70e191aaef1","name":"Ri\u010di","sameAs":["https:\/\/x.com\/rbrejsa"],"url":"https:\/\/evertonfc.cz\/index.php\/author\/rici\/"}]}},"_links":{"self":[{"href":"https:\/\/evertonfc.cz\/index.php\/wp-json\/wp\/v2\/posts\/48"}],"collection":[{"href":"https:\/\/evertonfc.cz\/index.php\/wp-json\/wp\/v2\/posts"}],"about":[{"href":"https:\/\/evertonfc.cz\/index.php\/wp-json\/wp\/v2\/types\/post"}],"author":[{"embeddable":true,"href":"https:\/\/evertonfc.cz\/index.php\/wp-json\/wp\/v2\/users\/6"}],"replies":[{"embeddable":true,"href":"https:\/\/evertonfc.cz\/index.php\/wp-json\/wp\/v2\/comments?post=48"}],"version-history":[{"count":3,"href":"https:\/\/evertonfc.cz\/index.php\/wp-json\/wp\/v2\/posts\/48\/revisions"}],"predecessor-version":[{"id":1392,"href":"https:\/\/evertonfc.cz\/index.php\/wp-json\/wp\/v2\/posts\/48\/revisions\/1392"}],"wp:featuredmedia":[{"embeddable":true,"href":"https:\/\/evertonfc.cz\/index.php\/wp-json\/wp\/v2\/media\/1385"}],"wp:attachment":[{"href":"https:\/\/evertonfc.cz\/index.php\/wp-json\/wp\/v2\/media?parent=48"}],"wp:term":[{"taxonomy":"category","embeddable":true,"href":"https:\/\/evertonfc.cz\/index.php\/wp-json\/wp\/v2\/categories?post=48"},{"taxonomy":"post_tag","embeddable":true,"href":"https:\/\/evertonfc.cz\/index.php\/wp-json\/wp\/v2\/tags?post=48"}],"curies":[{"name":"wp","href":"https:\/\/api.w.org\/{rel}","templated":true}]}}