{"id":4800,"date":"2014-02-21T21:53:12","date_gmt":"2014-02-21T20:53:12","guid":{"rendered":"http:\/\/evertonfc.cz\/?p=4800"},"modified":"2019-02-14T00:26:40","modified_gmt":"2019-02-13T23:26:40","slug":"duncan-ferguson-menovany-clenom-timu-trenerov-prveho-muzstva","status":"publish","type":"post","link":"https:\/\/evertonfc.cz\/index.php\/2014\/02\/21\/duncan-ferguson-menovany-clenom-timu-trenerov-prveho-muzstva\/","title":{"rendered":"Duncan Ferguson menovan\u00fd \u010dlenom t\u00edmu tr\u00e9nerov prv\u00e9ho mu\u017estva"},"content":{"rendered":"<h4 id=\"NewsPostDetailSummary\">Roberto Martinez menoval ikonu Evertonu Duncana Fergusona do t\u00edmu tr\u00e9nerov seniorsk\u00e9ho A mu\u017estva EFC, ktor\u00fd sa tak rozr\u00e1stol o \u010fal\u0161ieho v\u00ed\u0165aza FA Cupu. Pripoj\u00ed sa tak k osobnostiam ako asistent mana\u017e\u00e9ra Graeme Jones, tr\u00e9ner pre rozvoj 1. t\u00edmu Dennis Lawrence a\u00a0tr\u00e9ner brank\u00e1rov Inaki Bergara.<\/h4>\n<div id=\"NewsPostDetailContent\">\n<p><strong>Ako sa k\u00a0takej poz\u00edcii Duncan dostal?<\/strong><\/p>\n<p>Ako hr\u00e1\u010d Duncan Ferguson vsietil za EFC 72 g\u00f3lov v 273 z\u00e1pasoch. \u010casto d\u00f4le\u017eit\u00fdch, napr\u00edklad v Merseyside derby (<a href=\"http:\/\/www.youtube.com\/watch?v=3L8_T5bXNkk\" target=\"_blank\" rel=\"noopener\">youtube.com\/watch?v=3L8_T5bXNkk<\/a>), \u010di proti Manchesteru United v r. 2005 bezprostredne po odchode Rooneyho (<a href=\"http:\/\/www.youtube.com\/watch?v=IgqqtWt-_yk\" target=\"_blank\" rel=\"noopener\">youtube.com\/watch?v=IgqqtWt-_yk<\/a>). Bol \u010dlenom t\u00edmu, ktor\u00fd vyhral FA Cup, posledn\u00fa trofej Evertonu (<a href=\"http:\/\/www.youtube.com\/watch?v=321POnMGAPk\" target=\"_blank\" rel=\"noopener\">youtube.com\/watch?v=321POnMGAPk<\/a>).<\/p>\n<p>Jeho ve\u013ek\u00fd talent \u017eia\u013e brzdili zranenia, jeho s\u00fa\u0165a\u017eiv\u00e1, bojovn\u00e1 povaha. T\u00e1 viedla okrem g\u00f3lov a\u00a0asistenci\u00ed aj k\u00a09 \u010derven\u00fdm kart\u00e1m a\u00a03 mesa\u010dn\u00e9mu v\u00e4zeniu za hlavi\u010dku ktorou zlo\u017eil Johna McStaya z Raith Rovers v\u00a0roku 1994. Aj ke\u010f to bol samozrejme ne\u0161portov\u00fd z\u00e1krok, namiesto \u010dervenej a\u00a0vyl\u00fa\u010denia (pr\u00edpadne vyl\u00fa\u010denia na s\u00e9riu z\u00e1pasov) pri\u0161iel pod\u013ea m\u00f4jho n\u00e1zoru prehnan\u00fd trest \u2013 3 mesa\u010dn\u00e9 v\u00e4zenie a\u00a0dos\u0165 ignorantsk\u00e9 postoje od \u0161k\u00f3tskej futbalovej asoci\u00e1cie.Bol to hr\u00e1\u010d, ktor\u00fd v\u00a0zl\u00fdch 90-tych rokoch v\u00a0Evertone vy\u010dnieval kvalitami a\u00a0srdciarskym vz\u0165ahom ku klubu. V\u00a0dne\u0161nej dobe, ke\u010f takmer ka\u017ed\u00fd hr\u00e1\u010d berie kluby \u201e\u017eold\u00e1ckym\u201c pr\u00edstupom, si vytvoril Duncan s\u00a0fan\u00fa\u0161ikmi a\u00a0klubom od za\u010diatku bl\u00edzky vz\u0165ah. Asi aj pre to, ako za n\u00edm evertonians st\u00e1li po\u010das jeho v\u00e4zenskej kauzy v\u00a0roku 1995 v dobe, ke\u010f sa od neho ostatn\u00ed sv\u00e4tu\u0161k\u00e1rsky odvracali (<a href=\"http:\/\/www.liverpoolecho.co.uk\/sport\/football\/football-news\/exclusive-duncan-ferguson-part-two-3321945\" target=\"_blank\" rel=\"noopener\">liverpoolecho.co.uk\/sport\/football\/football-news\/exclusive-duncan-ferguson-part-two-3321945<\/a>). Dal si vytetova\u0165 na rameno znak Evertonu, na ihrisku \u0161iel, aj ke\u010f sa mu nedarilo, vyp\u013eu\u0165 du\u0161u za EFC. Jednu z\u00a0najdrah\u0161\u00edch presklen\u00fdch lo\u017e\u00ed (ktor\u00e9 \u017eia\u013e Everton zv\u00e4\u010d\u0161a nevie zaplni\u0165) platil cel\u00fd \u010das svojej rodine. Zn\u00e1my je jeho v\u00fdrok na ot\u00e1zku novin\u00e1ra v\u00a0\u010dase, ke\u010f bol hr\u00e1\u010dom \u010diarov\u00fdch k\u00f3dov (Newcastle United) o\u00a0v\u00ed\u0165azstve v\u00a0FA Cupe. Duncan odpovedal: \u201eAk FA Cup nevyhr\u00e1me my (Everton), tak potom chcem, aby ho vyhral Newcastle\u201c.<\/p>\n<p>Kr\u00e1tko pred posledn\u00fdm z\u00e1pasom sez\u00f3ny 2005-06 s West Bromwich Albion si zavolal David Moyes Fergusona a\u00a0otvorene mu povedal, \u017ee nepred\u013a\u017ei jeho kontrakt. Na znak toho, \u017ee v\u00a0tom nie je ni\u010d negat\u00edvne, mu na z\u00e1ver Moyes pod\u00e1val ruku. Duncan mu ruku odstr\u010dil a\u00a0odkr\u00e1\u010dal pre\u010d. Na tento z\u00e1pas, hran\u00fd 7. m\u00e1ja 2006 v Goodison Park-u, bol menovan\u00fd kapit\u00e1nom. V\u00a090. min\u00fate, ke\u010f EFC prehr\u00e1val doma s\u00a0WBA 1:2, nahral skvele Ferguson sprava Artetovi do 16-tky, kde ho fauloval W. Mart\u00ednez. Sudca nariadil penaltu a Arteta (ktor\u00fd nevedel, \u017ee Duncan kon\u010d\u00ed) ju \u0161iel kopa\u0165. Vtedy ho James McFadden zastavil a povedal <em>\u201eMicky, Micky what are you doing? It&#8217;s his last game!\u201c<\/em> na \u010do sa Mikel zastavil a odvetil <em>\u201eFine, here, have it\u201c<\/em>. Duncan pred Gwladys street strelil, aj ke\u010f na druh\u00fd kr\u00e1t, svoj posledn\u00fd g\u00f3l. Na tr\u00e1vnik napriek hrozbe pr\u00edsnych trestov vbehlo viacero evertonians.\u00a0Cestou k\u00a0stredov\u00e9mu kruhu si klepal po srdci, pri znaku EFC. Po z\u00e1pase zobral na z\u00e1vere\u010dn\u00e9 \u201elap of honour\u201c svoje deti a\u00a0zo slzami v\u00a0o\u010diach sa l\u00fa\u010dil s fan\u00fa\u0161ikmi Evertonu. Hr\u00e1\u010di mu vytvorili e\u0161te \u010destn\u00fa uli\u010dku, ve\u010der \u0161iel namiesto VIP klubu do kr\u010dmy l\u00fa\u010di\u0165 sa s radov\u00fdmi fan\u00fa\u0161ikmi&#8230; a odvtedy o\u00a0\u0148om dlho nebolo po\u010du\u0165.<\/p>\n<p>Aj ke\u010f o\u00a0Duncana malo z\u00e1ujem viacero klubov, v\u00a0ktor\u00fdch si e\u0161te mohol privyrobi\u0165, chcel od\u00eds\u0165 a\u00a0osta\u0165 v\u00a0pam\u00e4ti futbalov\u00fdch fan\u00fa\u0161ikov ako hr\u00e1\u010d Evertonu. Preto odmietol na z\u00e1ver kari\u00e9ry z\u00e1ujem in\u00fdch klubov a\u00a0odi\u0161iel so svojou rodinou na Mallorcu, na ktorej str\u00e1vil 5 rokov.<\/p>\n<p>Trhlina v\u00a0ukon\u010den\u00ed jeho p\u00f4sobenia v\u00a0EFC \u2013 nepodanie ruky Moyesovi \u2013 ho \u0165a\u017eila a\u00a0pod\u013ea jeho slov mu bolo st\u00e1le jasnej\u0161ie, \u017ee takto to nechce a\u00a0nem\u00f4\u017ee necha\u0165. Po takmer piatich rokoch zavolal Moyesovi a\u00a0op\u00fdtal sa ho, \u010di by sa s\u00a0n\u00edm mohol stretn\u00fa\u0165. Ke\u010f sa stretli, Ferguson mu pon\u00fakol ruku zo slovami, \u017ee ju nemus\u00ed prija\u0165. Moyes mu ju samozrejme podal a Ferguson nesk\u00f4r dodal \u201e\u00faprimne \u2013 bol ku mne skvel\u00fd\u201c. Po zmieren\u00ed sa Ferguson op\u00fdtal, \u010di by mohol pracova\u0165 v\u00a0\u0161trukt\u00farach akad\u00e9mie EFC.<\/p>\n<h4><strong>Tr\u00e9nersk\u00e9 p\u00f4sobenie Fergusona v akad\u00e9mi\u00e1ch EFC<\/strong><\/h4>\n<p>Duncan za\u010d\u00ednal pracova\u0165 s\u00a0mlad\u00fdmi dorastencami EFC ve\u013emi skromne, ako dobrovo\u013en\u00edk. Najprv kr\u00e1tko tr\u00e9noval pod Alanom Irvineom, od okt\u00f3bra 2011 p\u00f4sobil ako asistent hlavn\u00e9ho tr\u00e9nera akad\u00e9mie EFC do 18 rokov Kevina Sheedyho. Z\u00e1rove\u0148 bol v\u00a0roku 2011 ofici\u00e1lne vyhl\u00e1sen\u00fd klubom za \u201cEverton Giant\u201c.<\/p>\n<p>Pre t\u00fdch, ktor\u00ed sledovali pozorne tr\u00e9nersk\u00fa kari\u00e9ru Duncana Fegusona nie je jeho menovanie do Martinezovho t\u00edmu a\u017e tak\u00fdm prekvapen\u00edm.<\/p>\n<p>Napriek tomu, \u017ee dodnes m\u00e1 \u0165a\u017ek\u00e9 srdce na \u0161k\u00f3tsku futbalov\u00fa asoci\u00e1ciu za jej chladn\u00fd (pod\u013ea m\u0148a pokrytecky sv\u00e4tu\u0161k\u00e1rsky) postoj v\u00a0jeho \u0165a\u017ekom obdob\u00ed v\u00a0roku 1995, prihl\u00e1sil sa u nej v\u00a0roku 2011 na profesion\u00e1lny kurz tr\u00e9nerskej licencie UEFA B-License. Nasleduj\u00faci rok sa prihl\u00e1sil na \u010fal\u0161\u00ed, vy\u0161\u0161\u00ed kurz tr\u00e9nerskej licencie A. Od janu\u00e1ra 2013 pracuje na z\u00edskan\u00ed najvy\u0161\u0161ej tr\u00e9nerskej licencie UEFA Pro-License. To v\u0161etko napriek tom, \u017ee ju nepotreboval na svojom predo\u0161lom poste a\u00a0nepotrebuje ju ani na svoj s\u00fa\u010dasn\u00fd post. Duncan je v\u0161ak okrem povesti tvrd\u00e9ho mu\u017ea zn\u00e1my aj svojou usilovnos\u0165ou, snahou by\u0165 \u010do najlep\u0161\u00ed, \u010do sa prejavuje aj na jeho sebazdokona\u013eovan\u00ed ako tr\u00e9nera.<\/p>\n<p>Od n\u00e1stupu Roberta Martineza do funkcie za\u010dal t\u00fato sez\u00f3nu Duncan p\u00f4sobi\u0165 nielen ako asistent tr\u00e9nera akad\u00e9mie do 18 rokov, ale jeden de\u0148 v\u00a0t\u00fd\u017edni aj ako jeden z\u00a0tr\u00e9nerov seniorsk\u00e9ho A\u00a0t\u00edmu. Pod\u013ea inform\u00e1ci\u00ed, ktor\u00e9 prenikli do m\u00e9di\u00ed, Ferguson od za\u010diatku plne \u201ek\u00fapil\u201c futbalov\u00fa filozofiu Martineza, aj ke\u010f jeho \u0161t\u00fdl hry ako hr\u00e1\u010da bol in\u00fd.<\/p>\n<h4><strong>Vyjadrenia k menovaniu Duncana Fergusona do tr\u00e9nersk\u00e9ho A t\u00edmu<\/strong><\/h4>\n<p>Od svojho n\u00e1stupu do role tr\u00e9nera dorasteneck\u00fdch t\u00edmov Evertonu (pod\u013ea t\u00fdch, ktor\u00ed ho videli) zaujal svojim tr\u00e9nersk\u00fdm talentom, zanieten\u00edm a\u00a0odovzdan\u00edm sa tejto pr\u00e1ci. \u0164a\u017eko si predstavi\u0165, \u017ee tak v\u00e1\u017eny krok by Martinez urobil len kv\u00f4li \u013e\u00fabivosti pred fan\u00fa\u0161ikmi \u010di z\u00a0in\u00e9ho povrchn\u00e9ho d\u00f4vodu. Aj ke\u010f si od Martinezov\u00fdch slov odmysl\u00edme tie expres\u00edvne pozit\u00edvne (\u010do patr\u00ed k\u00a0jeho \u0161t\u00fdlu komunik\u00e1cie, mimochodom pr\u00edjemn\u00e9mu), je zjavn\u00e9, \u017ee vo Fergusonovi vid\u00ed potenci\u00e1l.<\/p>\n<p>\u201e<em>Jeho pr\u00e1ca v\u00a0akad\u00e9mii do 18 rokov mala na mlad\u00fdch futbalistov ve\u013ek\u00fd vplyv a ja c\u00edtim, \u017ee potrebujeme tento jeho vplyv na prostredie v\u00a0na\u0161om A\u00a0t\u00edme. Je to evertonian a\u00a0bude hra\u0165 ve\u013ek\u00fa \u00falohu v\u00a0prvom t\u00edme odteraz do konca sez\u00f3ny<\/em>\u201c uviedol Martinez, ktor\u00fd ver\u00ed, \u017ee raz z\u00a0neho bude top mana\u017e\u00e9r.<\/p>\n<p><em>Ka\u017ed\u00fd fan\u00fa\u0161ik Evertonu m\u00e1 ob\u013e\u00faben\u00e9 spomienky na neho ako na hr\u00e1\u010da, teraz je ale in\u00fdm, zrel\u00fdm \u010dlovekom&#8220;.<\/em>Tieto Martinezove slov\u00e1 potvrdzuj\u00fa viacer\u00e9 Duncanove \u010diny &#8211; niektor\u00fdch napr\u00edklad prekvap\u00ed, \u017ee sa u\u017e 5 rokov nedotkol alkoholu&#8230; <em><br \/>\n<\/em><\/p>\n<p><em>Nie je tu len preto, aby pom\u00e1hal \u00fato\u010dn\u00edkom. Je tr\u00e9nerom znal\u00fdm futbalov\u00fdch konceptov a\u00a0princ\u00edpov, ktor\u00e9 chceme v\u0161tiepi\u0165 hr\u00e1\u010dom. Duncan si po\u010d\u00ednal ve\u013emi dobre po\u010das tr\u00e9ningov prv\u00e9ho t\u00edmu, na ktorom sa z\u00fa\u010dast\u0148oval raz t\u00fd\u017edenne. To v\u0161ak u\u017e v\u00a0s\u00fa\u010dasnosti nesta\u010d\u00ed pre ciele, ktor\u00e9 chceme dosiahnu\u0165 do konca sez\u00f3ny. Duncan sa u\u010dil na tr\u00e9nerskom poste posledn\u00fdch 8 mesiacov ohromne r\u00fdchle a\u00a0je pripraven\u00fd prin\u00e1\u0161a\u0165 svoje sk\u00fasenosti do prv\u00e9ho t\u00edmu a\u00a0to vo ve\u013emi d\u00f4le\u017eitej \u010dasti sez\u00f3ny, ktor\u00e1 je pred nami. Dok\u00e1\u017ee \u013eahko nadviaza\u0165 kontakt s\u00a0hr\u00e1\u010dmi a\u00a0pom\u00f4c\u0165 im. Ako mlad\u00fd hr\u00e1\u010d chcete nahliadnu\u0165 do pocitov hr\u00e1\u010dov v minulosti, ktor\u00e9 V\u00e1m uk\u00e1\u017eu \u201e\u010do znamen\u00e1 hra\u0165 za Everton\u201c. Duncan si pre\u0161iel mnoh\u00fdm a m\u00e1 bohat\u00e9 sk\u00fasenosti ktor\u00e9 m\u00f4\u017ee odovzd\u00e1va\u0165. Jeho s\u00fastredenie sa na to \u010do chce robi\u0165 je v\u00fdnimo\u010dn\u00e9. Teraz je ten spr\u00e1vny \u010das, aby sa s\u00fastredil na prv\u00fd t\u00edm,\u201c\u00a0<\/em>uviedol Martinez.<\/p>\n<p>Duncan Ferguson sa vyjadril sebe vlastn\u00fdm sp\u00f4sobom: <em>\u201eKa\u017ed\u00fd vie \u010do pre m\u0148a tento klub a\u00a0jeho fan\u00fa\u0161ikovia znamenaj\u00fa a\u00a0ak si mana\u017e\u00e9r mysl\u00ed, \u017ee m\u00f4\u017eem nie\u010d\u00edm prispie\u0165, tak ma to ve\u013emi te\u0161\u00ed. Je to pre m\u0148a moment pln\u00fd hrdosti a\u00a0sen, ktor\u00fd sa premenil na skuto\u010dnos\u0165. Te\u0161\u00edm sa na svoju nov\u00fa \u00falohu s\u00a0prv\u00fdm t\u00edmom a\u00a0neviem sa do\u010dka\u0165 pr\u00e1ce po boku mana\u017e\u00e9ra, Graema Jonesa a\u00a0\u010fal\u0161\u00edch chlapcov. Chcem sa po\u010fakova\u0165 Kevinovi Sheedymu a\u00a0\u010fal\u0161\u00edm tr\u00e9nerom v\u00a0akad\u00e9mii za pomoc a\u00a0podporu, ktor\u00fa mi poskytovali od kedy som sa vr\u00e1til do Evertonu. Je pred nami e\u0161te mnoho z\u00e1pasov, je to vzru\u0161uj\u00face obdobie a\u00a0ja som pripraven\u00fd by\u0165 s\u00fa\u010das\u0165ou toho v\u0161etk\u00e9ho.\u201c<\/em><\/p>\n<p>K\u00a0menovaniu Big Dunca sa vyjadrila aj legenda Evertonu Howard Kendall:<\/p>\n<p><em>\u201eMartinez uk\u00e1zal menovan\u00edm Fergusona na poz\u00edciu tr\u00e9nera prv\u00e9ho t\u00edmu, \u017ee d\u00e1va klub pred svoju osobu. Martinez vie, ako je Ferguson cten\u00fd fan\u00fa\u0161ikmi, ale v\u00a0jeho rozhodovan\u00ed nie je \u017eiadny n\u00e1znak sebapresadzovania \u010di ega a\u00a0to hovor\u00ed mnoho o\u00a0neocenite\u013enom charaktere mana\u017e\u00e9ra Evertonu. Jeho r\u00fdchle napredovanie, ktor\u00e9 bolo vidie\u0165 na jeho fantastickej pr\u00e1ci s\u00a0Kevinom Sheedym na akad\u00e9mii EFC do 18 rokov pod\u010diarklo jeho vizitku rast\u00facej tr\u00e9nerskej hviezdy s ve\u013ekou bud\u00facnos\u0165ou.<\/em><\/p>\n<p><em>V\u00e1\u0161e\u0148, ktor\u00fa m\u00e1 Duncan pre klub, spojen\u00fa s\u00a0re\u0161pektom, ktor\u00fd m\u00e1 v\u00a0kab\u00edne seniorsk\u00e9ho t\u00edmu znamen\u00e1, \u017ee bude ve\u013emi u\u017eito\u010dn\u00fdm doplnen\u00edm tr\u00e9nersk\u00e9ho A\u00a0t\u00edmu. Ako tr\u00e9ner prinesie inteligenciu, vedomosti a\u00a0taktick\u00e9 zm\u00fd\u0161\u013eanie, ktor\u00e9 s\u00fa na m\u00edle vzdialen\u00e9 oh\u0148u a\u00a0s\u00edre, ktor\u00e9 pou\u017e\u00edval ako hr\u00e1\u010d.\u201c<\/em><\/p>\n<p>Je zbyto\u010dn\u00e9 vytv\u00e1ra\u0165 si \u00fasudok o\u00a0jeho tr\u00e9nerskom potenci\u00e1ly pod\u013ea toho, ak\u00fdm bol hr\u00e1\u010dom. Jeho tr\u00e9nersk\u00e1 cesta je inou, novou kapitolou v Duncanovej kari\u00e9re. Menovanie Duncana Fergusona do prv\u00e9ho t\u00edmu m\u00e1 logiku okrem vy\u0161\u0161ie uveden\u00e9ho aj v\u00a0tom, \u017ee jedna z\u00a0hlavn\u00fdch slab\u00edn Evertonu v\u00a0tejto sez\u00f3ne je nedostato\u010dn\u00fd d\u00f4raz pred br\u00e1nou, vo fin\u00e1lnej f\u00e1ze \u00fato\u010dnej hry a ob\u010das slab\u0161ie nasadenie. Atrib\u00faty, v ktor\u00fdch vynikal. David Moyes tie\u017e o Duncanovi hovoril, \u017ee u\u017e ako hr\u00e1\u010d m\u00e1val v \u0161atni cez pol\u010das mnoho motiva\u010dn\u00fdch prejavov.<\/p>\n<p>Na svoj nov\u00fd post do Martinezovho tr\u00e9nersk\u00e9ho t\u00edmu nastupuje od pondelka 24. Febru\u00e1ra 2014. Osobne sa na jeho p\u00f4sobenie te\u0161\u00edm a nevylu\u010dujem, \u017ee n\u00e1s v\u0161etk\u00fdch prekvap\u00ed svojimi tr\u00e9nersk\u00fdmi a nesk\u00f4r mana\u017e\u00e9rskymi schopnos\u0165ami. Koniec koncov, naj\u00faspe\u0161nej\u0161\u00ed mana\u017e\u00e9r Evertonu Howard Kendall bol tie\u017e najprv hr\u00e1\u010dskou legendou. Ve\u013ea \u0161\u0165astia, Big Dunc, budem ti, ako v\u017edy, dr\u017ea\u0165 palce!<\/p>\n<h4><strong>P\u00e1r cit\u00e1tov sp\u00e1jaj\u00facich sa s Duncanom Fergusonom<\/strong><\/h4>\n<p><em>1. \u201cIt was the best 10 years of my career, in fact they are the only team I ever actually played for. That\u2019s what happens when you play for Everton, you forget the rest, the rest means nothing.\u201d <\/em>&#8211;\u00a0<strong>Duncan Ferguson <\/strong><\/p>\n<p><em>2. \u201cThe fans here have always been great towards me. They are unbelievable. They took me in and they are the best fans in the country, if not the world.\u201d &#8211; <\/em><strong>Duncan Ferguson<\/strong><\/p>\n<p><em>3. \u201cDuncan became a legend before he became a player at Everton.\u201c &#8211; <\/em><strong>Joe\u00a0Royle <\/strong><\/p>\n<p>4. <strong>Reporter: <\/strong><em>\u201cSo Duncan, do you think you can win the f.a cup this year<\/em>?\u201c Ferguson (playing for newcastle at the time): &lt;em\u201c&gt;Yes I do think we can win it, I think we have as good a chance as any team left in the competiton\u201c. Reporter: <em>\u201cand if you dont win it are there any other teams you&#8217;d like to see win it?\u201c<\/em>. Duncan: <em>\u201cYes, if we dont win it, id like to see Newcastle win it.\u201c<\/em><\/p>\n<p>5. Jeden <strong>evertonian na f\u00f3re NSNO<\/strong>: <em>\u201cWhen Duncan was teary eyed after re-signing for Everton, even at the age of 8 or so, I realised why this club is about more than football.\u201c<\/em><\/p>\n<\/div>\n","protected":false},"excerpt":{"rendered":"<p>Roberto Martinez menoval ikonu Evertonu Duncana Fergusona do t\u00edmu tr\u00e9nerov seniorsk\u00e9ho A mu\u017estva EFC, ktor\u00fd sa tak rozr\u00e1stol o \u010fal\u0161ieho&hellip;<\/p>\n","protected":false},"author":23,"featured_media":1313,"comment_status":"open","ping_status":"closed","sticky":false,"template":"","format":"standard","meta":{"_eb_attr":"","_monsterinsights_skip_tracking":false,"_monsterinsights_sitenote_active":false,"_monsterinsights_sitenote_note":"","_monsterinsights_sitenote_category":0,"footnotes":""},"categories":[42],"tags":[],"yoast_head":"<!-- This site is optimized with the Yoast SEO plugin v23.4 - https:\/\/yoast.com\/wordpress\/plugins\/seo\/ -->\n<title>Duncan Ferguson menovan\u00fd \u010dlenom t\u00edmu tr\u00e9nerov prv\u00e9ho mu\u017estva - Official Czech &amp; Slovak Everton Supporters&#039; Club<\/title>\n<meta name=\"robots\" content=\"index, follow, max-snippet:-1, max-image-preview:large, max-video-preview:-1\" \/>\n<link rel=\"canonical\" href=\"https:\/\/evertonfc.cz\/index.php\/2014\/02\/21\/duncan-ferguson-menovany-clenom-timu-trenerov-prveho-muzstva\/\" \/>\n<meta property=\"og:locale\" content=\"cs_CZ\" \/>\n<meta property=\"og:type\" content=\"article\" \/>\n<meta property=\"og:title\" content=\"Duncan Ferguson menovan\u00fd \u010dlenom t\u00edmu tr\u00e9nerov prv\u00e9ho mu\u017estva - Official Czech &amp; Slovak Everton Supporters&#039; Club\" \/>\n<meta property=\"og:description\" content=\"Roberto Martinez menoval ikonu Evertonu Duncana Fergusona do t\u00edmu tr\u00e9nerov seniorsk\u00e9ho A mu\u017estva EFC, ktor\u00fd sa tak rozr\u00e1stol o \u010fal\u0161ieho&hellip;\" \/>\n<meta property=\"og:url\" content=\"https:\/\/evertonfc.cz\/index.php\/2014\/02\/21\/duncan-ferguson-menovany-clenom-timu-trenerov-prveho-muzstva\/\" \/>\n<meta property=\"og:site_name\" content=\"Official Czech &amp; Slovak Everton Supporters&#039; Club\" \/>\n<meta property=\"article:publisher\" content=\"https:\/\/www.facebook.com\/everton.fans.cz.sk\" \/>\n<meta property=\"article:published_time\" content=\"2014-02-21T20:53:12+00:00\" \/>\n<meta property=\"article:modified_time\" content=\"2019-02-13T23:26:40+00:00\" \/>\n<meta property=\"og:image\" content=\"https:\/\/evertonfc.cz\/wp-content\/uploads\/2019\/01\/news.jpg\" \/>\n\t<meta property=\"og:image:width\" content=\"720\" \/>\n\t<meta property=\"og:image:height\" content=\"405\" \/>\n\t<meta property=\"og:image:type\" content=\"image\/jpeg\" \/>\n<meta name=\"author\" content=\"Everton1878\" \/>\n<meta name=\"twitter:card\" content=\"summary_large_image\" \/>\n<meta name=\"twitter:label1\" content=\"Napsal(a)\" \/>\n\t<meta name=\"twitter:data1\" content=\"Everton1878\" \/>\n\t<meta name=\"twitter:label2\" content=\"Odhadovan\u00e1 doba \u010dten\u00ed\" \/>\n\t<meta name=\"twitter:data2\" content=\"11 minut\" \/>\n<script type=\"application\/ld+json\" class=\"yoast-schema-graph\">{\"@context\":\"https:\/\/schema.org\",\"@graph\":[{\"@type\":\"Article\",\"@id\":\"https:\/\/evertonfc.cz\/index.php\/2014\/02\/21\/duncan-ferguson-menovany-clenom-timu-trenerov-prveho-muzstva\/#article\",\"isPartOf\":{\"@id\":\"https:\/\/evertonfc.cz\/index.php\/2014\/02\/21\/duncan-ferguson-menovany-clenom-timu-trenerov-prveho-muzstva\/\"},\"author\":{\"name\":\"Everton1878\",\"@id\":\"https:\/\/evertonfc.cz\/#\/schema\/person\/c495ad9c14eabaab7ff243473d85758c\"},\"headline\":\"Duncan Ferguson menovan\u00fd \u010dlenom t\u00edmu tr\u00e9nerov prv\u00e9ho mu\u017estva\",\"datePublished\":\"2014-02-21T20:53:12+00:00\",\"dateModified\":\"2019-02-13T23:26:40+00:00\",\"mainEntityOfPage\":{\"@id\":\"https:\/\/evertonfc.cz\/index.php\/2014\/02\/21\/duncan-ferguson-menovany-clenom-timu-trenerov-prveho-muzstva\/\"},\"wordCount\":2184,\"commentCount\":0,\"publisher\":{\"@id\":\"https:\/\/evertonfc.cz\/#organization\"},\"image\":{\"@id\":\"https:\/\/evertonfc.cz\/index.php\/2014\/02\/21\/duncan-ferguson-menovany-clenom-timu-trenerov-prveho-muzstva\/#primaryimage\"},\"thumbnailUrl\":\"https:\/\/evertonfc.cz\/wp-content\/uploads\/2019\/01\/news.jpg\",\"articleSection\":[\"Aktuality\"],\"inLanguage\":\"cs\",\"potentialAction\":[{\"@type\":\"CommentAction\",\"name\":\"Comment\",\"target\":[\"https:\/\/evertonfc.cz\/index.php\/2014\/02\/21\/duncan-ferguson-menovany-clenom-timu-trenerov-prveho-muzstva\/#respond\"]}]},{\"@type\":\"WebPage\",\"@id\":\"https:\/\/evertonfc.cz\/index.php\/2014\/02\/21\/duncan-ferguson-menovany-clenom-timu-trenerov-prveho-muzstva\/\",\"url\":\"https:\/\/evertonfc.cz\/index.php\/2014\/02\/21\/duncan-ferguson-menovany-clenom-timu-trenerov-prveho-muzstva\/\",\"name\":\"Duncan Ferguson menovan\u00fd \u010dlenom t\u00edmu tr\u00e9nerov prv\u00e9ho mu\u017estva - Official Czech &amp; Slovak Everton Supporters&#039; Club\",\"isPartOf\":{\"@id\":\"https:\/\/evertonfc.cz\/#website\"},\"primaryImageOfPage\":{\"@id\":\"https:\/\/evertonfc.cz\/index.php\/2014\/02\/21\/duncan-ferguson-menovany-clenom-timu-trenerov-prveho-muzstva\/#primaryimage\"},\"image\":{\"@id\":\"https:\/\/evertonfc.cz\/index.php\/2014\/02\/21\/duncan-ferguson-menovany-clenom-timu-trenerov-prveho-muzstva\/#primaryimage\"},\"thumbnailUrl\":\"https:\/\/evertonfc.cz\/wp-content\/uploads\/2019\/01\/news.jpg\",\"datePublished\":\"2014-02-21T20:53:12+00:00\",\"dateModified\":\"2019-02-13T23:26:40+00:00\",\"breadcrumb\":{\"@id\":\"https:\/\/evertonfc.cz\/index.php\/2014\/02\/21\/duncan-ferguson-menovany-clenom-timu-trenerov-prveho-muzstva\/#breadcrumb\"},\"inLanguage\":\"cs\",\"potentialAction\":[{\"@type\":\"ReadAction\",\"target\":[\"https:\/\/evertonfc.cz\/index.php\/2014\/02\/21\/duncan-ferguson-menovany-clenom-timu-trenerov-prveho-muzstva\/\"]}]},{\"@type\":\"ImageObject\",\"inLanguage\":\"cs\",\"@id\":\"https:\/\/evertonfc.cz\/index.php\/2014\/02\/21\/duncan-ferguson-menovany-clenom-timu-trenerov-prveho-muzstva\/#primaryimage\",\"url\":\"https:\/\/evertonfc.cz\/wp-content\/uploads\/2019\/01\/news.jpg\",\"contentUrl\":\"https:\/\/evertonfc.cz\/wp-content\/uploads\/2019\/01\/news.jpg\",\"width\":720,\"height\":405},{\"@type\":\"BreadcrumbList\",\"@id\":\"https:\/\/evertonfc.cz\/index.php\/2014\/02\/21\/duncan-ferguson-menovany-clenom-timu-trenerov-prveho-muzstva\/#breadcrumb\",\"itemListElement\":[{\"@type\":\"ListItem\",\"position\":1,\"name\":\"Home\",\"item\":\"https:\/\/evertonfc.cz\/\"},{\"@type\":\"ListItem\",\"position\":2,\"name\":\"Duncan Ferguson menovan\u00fd \u010dlenom t\u00edmu tr\u00e9nerov prv\u00e9ho mu\u017estva\"}]},{\"@type\":\"WebSite\",\"@id\":\"https:\/\/evertonfc.cz\/#website\",\"url\":\"https:\/\/evertonfc.cz\/\",\"name\":\"Official Czech &amp; Slovak Everton Supporters&#039; Club\",\"description\":\"\",\"publisher\":{\"@id\":\"https:\/\/evertonfc.cz\/#organization\"},\"potentialAction\":[{\"@type\":\"SearchAction\",\"target\":{\"@type\":\"EntryPoint\",\"urlTemplate\":\"https:\/\/evertonfc.cz\/?s={search_term_string}\"},\"query-input\":{\"@type\":\"PropertyValueSpecification\",\"valueRequired\":true,\"valueName\":\"search_term_string\"}}],\"inLanguage\":\"cs\"},{\"@type\":\"Organization\",\"@id\":\"https:\/\/evertonfc.cz\/#organization\",\"name\":\"Official Czech & Slovak Everton Supporters' Club\",\"url\":\"https:\/\/evertonfc.cz\/\",\"logo\":{\"@type\":\"ImageObject\",\"inLanguage\":\"cs\",\"@id\":\"https:\/\/evertonfc.cz\/#\/schema\/logo\/image\/\",\"url\":\"https:\/\/evertonfc.cz\/wp-content\/uploads\/2019\/05\/logo.png\",\"contentUrl\":\"https:\/\/evertonfc.cz\/wp-content\/uploads\/2019\/05\/logo.png\",\"width\":112,\"height\":112,\"caption\":\"Official Czech & Slovak Everton Supporters' Club\"},\"image\":{\"@id\":\"https:\/\/evertonfc.cz\/#\/schema\/logo\/image\/\"},\"sameAs\":[\"https:\/\/www.facebook.com\/everton.fans.cz.sk\"]},{\"@type\":\"Person\",\"@id\":\"https:\/\/evertonfc.cz\/#\/schema\/person\/c495ad9c14eabaab7ff243473d85758c\",\"name\":\"Everton1878\",\"url\":\"https:\/\/evertonfc.cz\/index.php\/author\/everton1878\/\"}]}<\/script>\n<!-- \/ Yoast SEO plugin. -->","yoast_head_json":{"title":"Duncan Ferguson menovan\u00fd \u010dlenom t\u00edmu tr\u00e9nerov prv\u00e9ho mu\u017estva - Official Czech &amp; Slovak Everton Supporters&#039; Club","robots":{"index":"index","follow":"follow","max-snippet":"max-snippet:-1","max-image-preview":"max-image-preview:large","max-video-preview":"max-video-preview:-1"},"canonical":"https:\/\/evertonfc.cz\/index.php\/2014\/02\/21\/duncan-ferguson-menovany-clenom-timu-trenerov-prveho-muzstva\/","og_locale":"cs_CZ","og_type":"article","og_title":"Duncan Ferguson menovan\u00fd \u010dlenom t\u00edmu tr\u00e9nerov prv\u00e9ho mu\u017estva - Official Czech &amp; Slovak Everton Supporters&#039; Club","og_description":"Roberto Martinez menoval ikonu Evertonu Duncana Fergusona do t\u00edmu tr\u00e9nerov seniorsk\u00e9ho A mu\u017estva EFC, ktor\u00fd sa tak rozr\u00e1stol o \u010fal\u0161ieho&hellip;","og_url":"https:\/\/evertonfc.cz\/index.php\/2014\/02\/21\/duncan-ferguson-menovany-clenom-timu-trenerov-prveho-muzstva\/","og_site_name":"Official Czech &amp; Slovak Everton Supporters&#039; Club","article_publisher":"https:\/\/www.facebook.com\/everton.fans.cz.sk","article_published_time":"2014-02-21T20:53:12+00:00","article_modified_time":"2019-02-13T23:26:40+00:00","og_image":[{"width":720,"height":405,"url":"https:\/\/evertonfc.cz\/wp-content\/uploads\/2019\/01\/news.jpg","type":"image\/jpeg"}],"author":"Everton1878","twitter_card":"summary_large_image","twitter_misc":{"Napsal(a)":"Everton1878","Odhadovan\u00e1 doba \u010dten\u00ed":"11 minut"},"schema":{"@context":"https:\/\/schema.org","@graph":[{"@type":"Article","@id":"https:\/\/evertonfc.cz\/index.php\/2014\/02\/21\/duncan-ferguson-menovany-clenom-timu-trenerov-prveho-muzstva\/#article","isPartOf":{"@id":"https:\/\/evertonfc.cz\/index.php\/2014\/02\/21\/duncan-ferguson-menovany-clenom-timu-trenerov-prveho-muzstva\/"},"author":{"name":"Everton1878","@id":"https:\/\/evertonfc.cz\/#\/schema\/person\/c495ad9c14eabaab7ff243473d85758c"},"headline":"Duncan Ferguson menovan\u00fd \u010dlenom t\u00edmu tr\u00e9nerov prv\u00e9ho mu\u017estva","datePublished":"2014-02-21T20:53:12+00:00","dateModified":"2019-02-13T23:26:40+00:00","mainEntityOfPage":{"@id":"https:\/\/evertonfc.cz\/index.php\/2014\/02\/21\/duncan-ferguson-menovany-clenom-timu-trenerov-prveho-muzstva\/"},"wordCount":2184,"commentCount":0,"publisher":{"@id":"https:\/\/evertonfc.cz\/#organization"},"image":{"@id":"https:\/\/evertonfc.cz\/index.php\/2014\/02\/21\/duncan-ferguson-menovany-clenom-timu-trenerov-prveho-muzstva\/#primaryimage"},"thumbnailUrl":"https:\/\/evertonfc.cz\/wp-content\/uploads\/2019\/01\/news.jpg","articleSection":["Aktuality"],"inLanguage":"cs","potentialAction":[{"@type":"CommentAction","name":"Comment","target":["https:\/\/evertonfc.cz\/index.php\/2014\/02\/21\/duncan-ferguson-menovany-clenom-timu-trenerov-prveho-muzstva\/#respond"]}]},{"@type":"WebPage","@id":"https:\/\/evertonfc.cz\/index.php\/2014\/02\/21\/duncan-ferguson-menovany-clenom-timu-trenerov-prveho-muzstva\/","url":"https:\/\/evertonfc.cz\/index.php\/2014\/02\/21\/duncan-ferguson-menovany-clenom-timu-trenerov-prveho-muzstva\/","name":"Duncan Ferguson menovan\u00fd \u010dlenom t\u00edmu tr\u00e9nerov prv\u00e9ho mu\u017estva - Official Czech &amp; Slovak Everton Supporters&#039; Club","isPartOf":{"@id":"https:\/\/evertonfc.cz\/#website"},"primaryImageOfPage":{"@id":"https:\/\/evertonfc.cz\/index.php\/2014\/02\/21\/duncan-ferguson-menovany-clenom-timu-trenerov-prveho-muzstva\/#primaryimage"},"image":{"@id":"https:\/\/evertonfc.cz\/index.php\/2014\/02\/21\/duncan-ferguson-menovany-clenom-timu-trenerov-prveho-muzstva\/#primaryimage"},"thumbnailUrl":"https:\/\/evertonfc.cz\/wp-content\/uploads\/2019\/01\/news.jpg","datePublished":"2014-02-21T20:53:12+00:00","dateModified":"2019-02-13T23:26:40+00:00","breadcrumb":{"@id":"https:\/\/evertonfc.cz\/index.php\/2014\/02\/21\/duncan-ferguson-menovany-clenom-timu-trenerov-prveho-muzstva\/#breadcrumb"},"inLanguage":"cs","potentialAction":[{"@type":"ReadAction","target":["https:\/\/evertonfc.cz\/index.php\/2014\/02\/21\/duncan-ferguson-menovany-clenom-timu-trenerov-prveho-muzstva\/"]}]},{"@type":"ImageObject","inLanguage":"cs","@id":"https:\/\/evertonfc.cz\/index.php\/2014\/02\/21\/duncan-ferguson-menovany-clenom-timu-trenerov-prveho-muzstva\/#primaryimage","url":"https:\/\/evertonfc.cz\/wp-content\/uploads\/2019\/01\/news.jpg","contentUrl":"https:\/\/evertonfc.cz\/wp-content\/uploads\/2019\/01\/news.jpg","width":720,"height":405},{"@type":"BreadcrumbList","@id":"https:\/\/evertonfc.cz\/index.php\/2014\/02\/21\/duncan-ferguson-menovany-clenom-timu-trenerov-prveho-muzstva\/#breadcrumb","itemListElement":[{"@type":"ListItem","position":1,"name":"Home","item":"https:\/\/evertonfc.cz\/"},{"@type":"ListItem","position":2,"name":"Duncan Ferguson menovan\u00fd \u010dlenom t\u00edmu tr\u00e9nerov prv\u00e9ho mu\u017estva"}]},{"@type":"WebSite","@id":"https:\/\/evertonfc.cz\/#website","url":"https:\/\/evertonfc.cz\/","name":"Official Czech &amp; Slovak Everton Supporters&#039; Club","description":"","publisher":{"@id":"https:\/\/evertonfc.cz\/#organization"},"potentialAction":[{"@type":"SearchAction","target":{"@type":"EntryPoint","urlTemplate":"https:\/\/evertonfc.cz\/?s={search_term_string}"},"query-input":{"@type":"PropertyValueSpecification","valueRequired":true,"valueName":"search_term_string"}}],"inLanguage":"cs"},{"@type":"Organization","@id":"https:\/\/evertonfc.cz\/#organization","name":"Official Czech & Slovak Everton Supporters' Club","url":"https:\/\/evertonfc.cz\/","logo":{"@type":"ImageObject","inLanguage":"cs","@id":"https:\/\/evertonfc.cz\/#\/schema\/logo\/image\/","url":"https:\/\/evertonfc.cz\/wp-content\/uploads\/2019\/05\/logo.png","contentUrl":"https:\/\/evertonfc.cz\/wp-content\/uploads\/2019\/05\/logo.png","width":112,"height":112,"caption":"Official Czech & Slovak Everton Supporters' Club"},"image":{"@id":"https:\/\/evertonfc.cz\/#\/schema\/logo\/image\/"},"sameAs":["https:\/\/www.facebook.com\/everton.fans.cz.sk"]},{"@type":"Person","@id":"https:\/\/evertonfc.cz\/#\/schema\/person\/c495ad9c14eabaab7ff243473d85758c","name":"Everton1878","url":"https:\/\/evertonfc.cz\/index.php\/author\/everton1878\/"}]}},"_links":{"self":[{"href":"https:\/\/evertonfc.cz\/index.php\/wp-json\/wp\/v2\/posts\/4800"}],"collection":[{"href":"https:\/\/evertonfc.cz\/index.php\/wp-json\/wp\/v2\/posts"}],"about":[{"href":"https:\/\/evertonfc.cz\/index.php\/wp-json\/wp\/v2\/types\/post"}],"author":[{"embeddable":true,"href":"https:\/\/evertonfc.cz\/index.php\/wp-json\/wp\/v2\/users\/23"}],"replies":[{"embeddable":true,"href":"https:\/\/evertonfc.cz\/index.php\/wp-json\/wp\/v2\/comments?post=4800"}],"version-history":[{"count":3,"href":"https:\/\/evertonfc.cz\/index.php\/wp-json\/wp\/v2\/posts\/4800\/revisions"}],"predecessor-version":[{"id":5029,"href":"https:\/\/evertonfc.cz\/index.php\/wp-json\/wp\/v2\/posts\/4800\/revisions\/5029"}],"wp:featuredmedia":[{"embeddable":true,"href":"https:\/\/evertonfc.cz\/index.php\/wp-json\/wp\/v2\/media\/1313"}],"wp:attachment":[{"href":"https:\/\/evertonfc.cz\/index.php\/wp-json\/wp\/v2\/media?parent=4800"}],"wp:term":[{"taxonomy":"category","embeddable":true,"href":"https:\/\/evertonfc.cz\/index.php\/wp-json\/wp\/v2\/categories?post=4800"},{"taxonomy":"post_tag","embeddable":true,"href":"https:\/\/evertonfc.cz\/index.php\/wp-json\/wp\/v2\/tags?post=4800"}],"curies":[{"name":"wp","href":"https:\/\/api.w.org\/{rel}","templated":true}]}}