{"id":4802,"date":"2014-02-16T21:54:49","date_gmt":"2014-02-16T20:54:49","guid":{"rendered":"http:\/\/evertonfc.cz\/?p=4802"},"modified":"2019-02-13T21:55:31","modified_gmt":"2019-02-13T20:55:31","slug":"everton-swansea-city-31-2","status":"publish","type":"post","link":"https:\/\/evertonfc.cz\/index.php\/2014\/02\/16\/everton-swansea-city-31-2\/","title":{"rendered":"Everton &#8211; Swansea City 3:1"},"content":{"rendered":"<h4 id=\"NewsPostDetailSummary\">Blues potvrdili roli favorita, na Goodison Parku proti Swansea byli lep\u0161\u00edm t\u00fdmem a po zaslou\u017een\u00e9m v\u00edt\u011bzstv\u00ed proklouzli do \u010dtvrtfin\u00e1le FA Cupu.<\/h4>\n<div id=\"NewsPostDetailContent\">\n<p>V z\u00e1kladn\u00ed sestav\u011b nahradil Howarda Joel Robles, debutu v modr\u00e9m dresu se do\u010dkal Lacina Traor\u00e9, pod n\u00edm\u017e operovala ofenzivn\u00ed trojka Mirallas, Barkley, Pienaar. Na ostatn\u00edch postech nastoupila pravideln\u00e1 a osv\u011bd\u010den\u00e1 jm\u00e9na.<\/p>\n<p>Swansea za\u010dala velkou \u0161anc\u00ed, V\u00e1zquez obe\u0161el Roblese, jen\u017ee se dostal do ostr\u00e9ho \u00fahlu, a tak m\u00edsto zakon\u010den\u00ed nahr\u00e1l zp\u011bt Lamahovi, s jeho\u017e nev\u00fdraznou st\u0159elou si n\u00e1hradn\u00ed branka\u0159 Evertonu poradil. Traor\u00e9 \u010dekal na premi\u00e9rov\u00fd g\u00f3l jen \u010dty\u0159i minuty, Baines rozehr\u00e1l standardn\u00ed situaci, m\u00ed\u010d se po skrum\u00e1\u017ei dostal k Distinovi, jen\u017e ho posunul na \u00fato\u010dn\u00edka z Pob\u0159e\u017e\u00ed Slonoviny, a ten pati\u010dkou z\u00e1dy k br\u00e1n\u011b sk\u00f3roval &#8211; <strong>1:0<\/strong>.<\/p>\n<p>Everton pokra\u010doval v aktivn\u00ed h\u0159e, v 8. minut\u011b Ross Barkley p\u00e1lil po pr\u016fniku leva\u010dkou vedle. Swans na obdr\u017eenou branku ale z\u00e1hy odpov\u011bd\u011bli, Taylor poslal do v\u00e1pna p\u0159esn\u00fd centr, Distin na n\u011bj nedos\u00e1hl a osamocen\u00fd De Guzm\u00e1n v n\u00e1b\u011bhu hlavou vyrovnal &#8211; <strong>1:1<\/strong>, psala se 15. minuta.<\/p>\n<p>Ve 22. minut\u011b po Bainesov\u011b pasu st\u0159\u00edlel Pienaar z voleje do ty\u010de, n\u00e1slednou hlavi\u010dkovou dor\u00e1\u017eku Traor\u00e9ho zne\u0161kodnil hbit\u00fdm skokem Tremmel. Za t\u0159i minuty z podobn\u00e9 akce z druh\u00e9 strany po Colemanov\u011b nab\u00eddce Mirallas t\u011bsn\u011b minul.<\/p>\n<p>Po pas\u00e1\u017ei z\u00e1pasu, kdy se hra vyrovnala, dostal ve 40. minut\u011b Mirallas v\u00fdhodu trestn\u00e9ho kopu z 18 metr\u016f po faulu na svou osobu. P\u0159\u00edm\u00fd kop zakroutil na stranu branka\u0159e, co\u017e Tremmela nep\u0159ekvapilo, balon vyrazil. Jeho kolega Robles zase zne\u0161kodnil Lamah\u016fv pozdrav z d\u00e1lky a op\u011bt na opa\u010dn\u00e9m konci h\u0159i\u0161t\u011b Barkleyho st\u0159ele zpoza v\u00e1pna chyb\u011blo pouze p\u00e1r centimetr\u016f.<\/p>\n<p>V 50. minut\u011b se Toffees prezentovali p\u011bknou kombina\u010dn\u00ed akc\u00ed, zakon\u010dil ji Barkley ranou z\u00a0hranice \u0161estn\u00e1ctky, Tremmel s men\u0161\u00ed n\u00e1mahou \u00fasp\u011b\u0161n\u011b zas\u00e1hl. V 60. minut\u011b vyst\u0159\u00eddal debutanta Traor\u00e9ho Steven Naismith, odpo\u010dinout si ode\u0161el tak\u00e9 Barkley, m\u00edsto n\u011bho\u017e Roberto Mart\u00ednez uk\u00e1zal na Leona Osmana.<\/p>\n<p>Po Colemanov\u011b centru z 64. minuty hlavi\u010dkoval Steven Pienaar v p\u00e1du t\u011bsn\u011b mimo, zklam\u00e1n\u00ed v\u0161ak netrvalo dlouho. Taylorovu pomalou malou dom\u016f vystihl Naismith a jesli\u010dkami p\u0159ekonal Tremmela &#8211; <strong>2:1<\/strong>. Veden\u00ed mohl a m\u011bl nav\u00fd\u0161it Mirallas, dostal ide\u00e1ln\u00ed p\u0159ihr\u00e1vku od Colemana, z prostoru mezi penaltov\u00fdm punt\u00edkem a mal\u00fdm v\u00e1pnem ov\u0161em trestuhodn\u011b p\u0159est\u0159elil.<\/p>\n<p>St\u0159\u00edd\u00e1n\u00ed Naismithe se poda\u0159ilo, Skot byl v 71. minut\u011b faulov\u00e1n Richardsem v pokutov\u00e9m \u00fazem\u00ed. K na\u0159\u00edzen\u00e9 penalt\u011b se postavil Leighton Baines a po zemi k prav\u00e9 ty\u010dce ze sv\u00e9ho pohledu zaznamenal p\u00e1tou trefu v sez\u00f3n\u011b &#8211; <strong>3:1<\/strong>. Z\u00e1v\u011br utk\u00e1n\u00ed si dom\u00e1c\u00ed pohl\u00eddali, nep\u0159ipustili tlak soupe\u0159e, proto se raduj\u00ed z v\u00fdhry a postupu.<\/p>\n<p>Highlights naleznete na <a href=\"http:\/\/www.evertonfc.com\/evertontv\/home\/9979\" target=\"_blank\" rel=\"noopener\">ofici\u00e1ln\u00edch str\u00e1nk\u00e1ch<\/a> nebo <a href=\"http:\/\/www.dailymotion.com\/video\/x1cbhpj_everton-3-1-swansea-city-all-goals_sport?search_algo=1\" target=\"_blank\" rel=\"noopener\">zde<\/a>.<\/p>\n<p><strong>Branky:<\/strong> 4. Lacina Traor\u00e9, 65. Steven Naismith, 72. Leighton Baines (pen.) &#8211; 15. Jonathan de Guzm\u00e1n<br \/>\n<strong>\u017dK:<\/strong> 82. Jordi Amat, 87. Leroy Lita, 87. Jos\u00e9 Alberto Canas<br \/>\n<strong>Everton FC:<\/strong> Joel Robles, Leighton Baines, Phil Jagielka, Sylvain Distin, Seamus Coleman, Kevin Mirallas (87. Gerard Deulofeu), James McCarthy, Gareth Barry, Ross Barkley (61. Leon Osman), Steven Pienaar, Lacina Traor\u00e9 (61. Steven Naismith)<br \/>\n<strong>Swansea City:<\/strong> Gerhard Tremmel, Jordi Amat, Neil Taylor, Kyle Bartley (31. Ashley Williams), Ashley Richards, Pablo Hern\u00e1ndez, Roland Lamah (69. Leroy Lita), Wayne Routledge (46. Nathan Dyer), Jonathan de Guzm\u00e1n, Jos\u00e9 Alberto Canas, \u00c1lvaro V\u00e1zquez<br \/>\n<strong>Rozhod\u010d\u00ed:<\/strong> Kevin Friend<br \/>\n<strong>Div\u00e1ci:<\/strong> 31 498<\/p>\n<\/div>\n","protected":false},"excerpt":{"rendered":"<p>Blues potvrdili roli favorita, na Goodison Parku proti Swansea byli lep\u0161\u00edm t\u00fdmem a po zaslou\u017een\u00e9m v\u00edt\u011bzstv\u00ed proklouzli do \u010dtvrtfin\u00e1le FA&hellip;<\/p>\n","protected":false},"author":6,"featured_media":1315,"comment_status":"open","ping_status":"closed","sticky":false,"template":"","format":"standard","meta":{"_eb_attr":"","_monsterinsights_skip_tracking":false,"_monsterinsights_sitenote_active":false,"_monsterinsights_sitenote_note":"","_monsterinsights_sitenote_category":0,"footnotes":""},"categories":[4],"tags":[],"yoast_head":"<!-- This site is optimized with the Yoast SEO plugin v23.4 - https:\/\/yoast.com\/wordpress\/plugins\/seo\/ -->\n<title>Everton - Swansea City 3:1 - Official Czech &amp; Slovak Everton Supporters&#039; Club<\/title>\n<meta name=\"robots\" content=\"index, follow, max-snippet:-1, max-image-preview:large, max-video-preview:-1\" \/>\n<link rel=\"canonical\" href=\"https:\/\/evertonfc.cz\/index.php\/2014\/02\/16\/everton-swansea-city-31-2\/\" \/>\n<meta property=\"og:locale\" content=\"cs_CZ\" \/>\n<meta property=\"og:type\" content=\"article\" \/>\n<meta property=\"og:title\" content=\"Everton - Swansea City 3:1 - Official Czech &amp; Slovak Everton Supporters&#039; Club\" \/>\n<meta property=\"og:description\" content=\"Blues potvrdili roli favorita, na Goodison Parku proti Swansea byli lep\u0161\u00edm t\u00fdmem a po zaslou\u017een\u00e9m v\u00edt\u011bzstv\u00ed proklouzli do \u010dtvrtfin\u00e1le FA&hellip;\" \/>\n<meta property=\"og:url\" content=\"https:\/\/evertonfc.cz\/index.php\/2014\/02\/16\/everton-swansea-city-31-2\/\" \/>\n<meta property=\"og:site_name\" content=\"Official Czech &amp; Slovak Everton Supporters&#039; Club\" \/>\n<meta property=\"article:publisher\" content=\"https:\/\/www.facebook.com\/everton.fans.cz.sk\" \/>\n<meta property=\"article:published_time\" content=\"2014-02-16T20:54:49+00:00\" \/>\n<meta property=\"article:modified_time\" content=\"2019-02-13T20:55:31+00:00\" \/>\n<meta property=\"og:image\" content=\"https:\/\/evertonfc.cz\/wp-content\/uploads\/2019\/01\/report.jpg\" \/>\n\t<meta property=\"og:image:width\" content=\"720\" \/>\n\t<meta property=\"og:image:height\" content=\"405\" \/>\n\t<meta property=\"og:image:type\" content=\"image\/jpeg\" \/>\n<meta name=\"author\" content=\"Ri\u010di\" \/>\n<meta name=\"twitter:card\" content=\"summary_large_image\" \/>\n<meta name=\"twitter:creator\" content=\"@rbrejsa\" \/>\n<meta name=\"twitter:label1\" content=\"Napsal(a)\" \/>\n\t<meta name=\"twitter:data1\" content=\"Ri\u010di\" \/>\n\t<meta name=\"twitter:label2\" content=\"Odhadovan\u00e1 doba \u010dten\u00ed\" \/>\n\t<meta name=\"twitter:data2\" content=\"3 minuty\" \/>\n<script type=\"application\/ld+json\" class=\"yoast-schema-graph\">{\"@context\":\"https:\/\/schema.org\",\"@graph\":[{\"@type\":\"Article\",\"@id\":\"https:\/\/evertonfc.cz\/index.php\/2014\/02\/16\/everton-swansea-city-31-2\/#article\",\"isPartOf\":{\"@id\":\"https:\/\/evertonfc.cz\/index.php\/2014\/02\/16\/everton-swansea-city-31-2\/\"},\"author\":{\"name\":\"Ri\u010di\",\"@id\":\"https:\/\/evertonfc.cz\/#\/schema\/person\/f7a5daedb2ffee98480bc70e191aaef1\"},\"headline\":\"Everton &#8211; Swansea City 3:1\",\"datePublished\":\"2014-02-16T20:54:49+00:00\",\"dateModified\":\"2019-02-13T20:55:31+00:00\",\"mainEntityOfPage\":{\"@id\":\"https:\/\/evertonfc.cz\/index.php\/2014\/02\/16\/everton-swansea-city-31-2\/\"},\"wordCount\":631,\"commentCount\":0,\"publisher\":{\"@id\":\"https:\/\/evertonfc.cz\/#organization\"},\"image\":{\"@id\":\"https:\/\/evertonfc.cz\/index.php\/2014\/02\/16\/everton-swansea-city-31-2\/#primaryimage\"},\"thumbnailUrl\":\"https:\/\/evertonfc.cz\/wp-content\/uploads\/2019\/01\/report.jpg\",\"articleSection\":[\"Z\u00e1pasy\"],\"inLanguage\":\"cs\",\"potentialAction\":[{\"@type\":\"CommentAction\",\"name\":\"Comment\",\"target\":[\"https:\/\/evertonfc.cz\/index.php\/2014\/02\/16\/everton-swansea-city-31-2\/#respond\"]}]},{\"@type\":\"WebPage\",\"@id\":\"https:\/\/evertonfc.cz\/index.php\/2014\/02\/16\/everton-swansea-city-31-2\/\",\"url\":\"https:\/\/evertonfc.cz\/index.php\/2014\/02\/16\/everton-swansea-city-31-2\/\",\"name\":\"Everton - Swansea City 3:1 - Official Czech &amp; Slovak Everton Supporters&#039; Club\",\"isPartOf\":{\"@id\":\"https:\/\/evertonfc.cz\/#website\"},\"primaryImageOfPage\":{\"@id\":\"https:\/\/evertonfc.cz\/index.php\/2014\/02\/16\/everton-swansea-city-31-2\/#primaryimage\"},\"image\":{\"@id\":\"https:\/\/evertonfc.cz\/index.php\/2014\/02\/16\/everton-swansea-city-31-2\/#primaryimage\"},\"thumbnailUrl\":\"https:\/\/evertonfc.cz\/wp-content\/uploads\/2019\/01\/report.jpg\",\"datePublished\":\"2014-02-16T20:54:49+00:00\",\"dateModified\":\"2019-02-13T20:55:31+00:00\",\"breadcrumb\":{\"@id\":\"https:\/\/evertonfc.cz\/index.php\/2014\/02\/16\/everton-swansea-city-31-2\/#breadcrumb\"},\"inLanguage\":\"cs\",\"potentialAction\":[{\"@type\":\"ReadAction\",\"target\":[\"https:\/\/evertonfc.cz\/index.php\/2014\/02\/16\/everton-swansea-city-31-2\/\"]}]},{\"@type\":\"ImageObject\",\"inLanguage\":\"cs\",\"@id\":\"https:\/\/evertonfc.cz\/index.php\/2014\/02\/16\/everton-swansea-city-31-2\/#primaryimage\",\"url\":\"https:\/\/evertonfc.cz\/wp-content\/uploads\/2019\/01\/report.jpg\",\"contentUrl\":\"https:\/\/evertonfc.cz\/wp-content\/uploads\/2019\/01\/report.jpg\",\"width\":720,\"height\":405},{\"@type\":\"BreadcrumbList\",\"@id\":\"https:\/\/evertonfc.cz\/index.php\/2014\/02\/16\/everton-swansea-city-31-2\/#breadcrumb\",\"itemListElement\":[{\"@type\":\"ListItem\",\"position\":1,\"name\":\"Home\",\"item\":\"https:\/\/evertonfc.cz\/\"},{\"@type\":\"ListItem\",\"position\":2,\"name\":\"Everton &#8211; Swansea City 3:1\"}]},{\"@type\":\"WebSite\",\"@id\":\"https:\/\/evertonfc.cz\/#website\",\"url\":\"https:\/\/evertonfc.cz\/\",\"name\":\"Official Czech &amp; Slovak Everton Supporters&#039; Club\",\"description\":\"\",\"publisher\":{\"@id\":\"https:\/\/evertonfc.cz\/#organization\"},\"potentialAction\":[{\"@type\":\"SearchAction\",\"target\":{\"@type\":\"EntryPoint\",\"urlTemplate\":\"https:\/\/evertonfc.cz\/?s={search_term_string}\"},\"query-input\":{\"@type\":\"PropertyValueSpecification\",\"valueRequired\":true,\"valueName\":\"search_term_string\"}}],\"inLanguage\":\"cs\"},{\"@type\":\"Organization\",\"@id\":\"https:\/\/evertonfc.cz\/#organization\",\"name\":\"Official Czech & Slovak Everton Supporters' Club\",\"url\":\"https:\/\/evertonfc.cz\/\",\"logo\":{\"@type\":\"ImageObject\",\"inLanguage\":\"cs\",\"@id\":\"https:\/\/evertonfc.cz\/#\/schema\/logo\/image\/\",\"url\":\"https:\/\/evertonfc.cz\/wp-content\/uploads\/2019\/05\/logo.png\",\"contentUrl\":\"https:\/\/evertonfc.cz\/wp-content\/uploads\/2019\/05\/logo.png\",\"width\":112,\"height\":112,\"caption\":\"Official Czech & Slovak Everton Supporters' Club\"},\"image\":{\"@id\":\"https:\/\/evertonfc.cz\/#\/schema\/logo\/image\/\"},\"sameAs\":[\"https:\/\/www.facebook.com\/everton.fans.cz.sk\"]},{\"@type\":\"Person\",\"@id\":\"https:\/\/evertonfc.cz\/#\/schema\/person\/f7a5daedb2ffee98480bc70e191aaef1\",\"name\":\"Ri\u010di\",\"sameAs\":[\"https:\/\/x.com\/rbrejsa\"],\"url\":\"https:\/\/evertonfc.cz\/index.php\/author\/rici\/\"}]}<\/script>\n<!-- \/ Yoast SEO plugin. -->","yoast_head_json":{"title":"Everton - Swansea City 3:1 - Official Czech &amp; Slovak Everton Supporters&#039; Club","robots":{"index":"index","follow":"follow","max-snippet":"max-snippet:-1","max-image-preview":"max-image-preview:large","max-video-preview":"max-video-preview:-1"},"canonical":"https:\/\/evertonfc.cz\/index.php\/2014\/02\/16\/everton-swansea-city-31-2\/","og_locale":"cs_CZ","og_type":"article","og_title":"Everton - Swansea City 3:1 - Official Czech &amp; Slovak Everton Supporters&#039; Club","og_description":"Blues potvrdili roli favorita, na Goodison Parku proti Swansea byli lep\u0161\u00edm t\u00fdmem a po zaslou\u017een\u00e9m v\u00edt\u011bzstv\u00ed proklouzli do \u010dtvrtfin\u00e1le FA&hellip;","og_url":"https:\/\/evertonfc.cz\/index.php\/2014\/02\/16\/everton-swansea-city-31-2\/","og_site_name":"Official Czech &amp; Slovak Everton Supporters&#039; Club","article_publisher":"https:\/\/www.facebook.com\/everton.fans.cz.sk","article_published_time":"2014-02-16T20:54:49+00:00","article_modified_time":"2019-02-13T20:55:31+00:00","og_image":[{"width":720,"height":405,"url":"https:\/\/evertonfc.cz\/wp-content\/uploads\/2019\/01\/report.jpg","type":"image\/jpeg"}],"author":"Ri\u010di","twitter_card":"summary_large_image","twitter_creator":"@rbrejsa","twitter_misc":{"Napsal(a)":"Ri\u010di","Odhadovan\u00e1 doba \u010dten\u00ed":"3 minuty"},"schema":{"@context":"https:\/\/schema.org","@graph":[{"@type":"Article","@id":"https:\/\/evertonfc.cz\/index.php\/2014\/02\/16\/everton-swansea-city-31-2\/#article","isPartOf":{"@id":"https:\/\/evertonfc.cz\/index.php\/2014\/02\/16\/everton-swansea-city-31-2\/"},"author":{"name":"Ri\u010di","@id":"https:\/\/evertonfc.cz\/#\/schema\/person\/f7a5daedb2ffee98480bc70e191aaef1"},"headline":"Everton &#8211; Swansea City 3:1","datePublished":"2014-02-16T20:54:49+00:00","dateModified":"2019-02-13T20:55:31+00:00","mainEntityOfPage":{"@id":"https:\/\/evertonfc.cz\/index.php\/2014\/02\/16\/everton-swansea-city-31-2\/"},"wordCount":631,"commentCount":0,"publisher":{"@id":"https:\/\/evertonfc.cz\/#organization"},"image":{"@id":"https:\/\/evertonfc.cz\/index.php\/2014\/02\/16\/everton-swansea-city-31-2\/#primaryimage"},"thumbnailUrl":"https:\/\/evertonfc.cz\/wp-content\/uploads\/2019\/01\/report.jpg","articleSection":["Z\u00e1pasy"],"inLanguage":"cs","potentialAction":[{"@type":"CommentAction","name":"Comment","target":["https:\/\/evertonfc.cz\/index.php\/2014\/02\/16\/everton-swansea-city-31-2\/#respond"]}]},{"@type":"WebPage","@id":"https:\/\/evertonfc.cz\/index.php\/2014\/02\/16\/everton-swansea-city-31-2\/","url":"https:\/\/evertonfc.cz\/index.php\/2014\/02\/16\/everton-swansea-city-31-2\/","name":"Everton - Swansea City 3:1 - Official Czech &amp; Slovak Everton Supporters&#039; Club","isPartOf":{"@id":"https:\/\/evertonfc.cz\/#website"},"primaryImageOfPage":{"@id":"https:\/\/evertonfc.cz\/index.php\/2014\/02\/16\/everton-swansea-city-31-2\/#primaryimage"},"image":{"@id":"https:\/\/evertonfc.cz\/index.php\/2014\/02\/16\/everton-swansea-city-31-2\/#primaryimage"},"thumbnailUrl":"https:\/\/evertonfc.cz\/wp-content\/uploads\/2019\/01\/report.jpg","datePublished":"2014-02-16T20:54:49+00:00","dateModified":"2019-02-13T20:55:31+00:00","breadcrumb":{"@id":"https:\/\/evertonfc.cz\/index.php\/2014\/02\/16\/everton-swansea-city-31-2\/#breadcrumb"},"inLanguage":"cs","potentialAction":[{"@type":"ReadAction","target":["https:\/\/evertonfc.cz\/index.php\/2014\/02\/16\/everton-swansea-city-31-2\/"]}]},{"@type":"ImageObject","inLanguage":"cs","@id":"https:\/\/evertonfc.cz\/index.php\/2014\/02\/16\/everton-swansea-city-31-2\/#primaryimage","url":"https:\/\/evertonfc.cz\/wp-content\/uploads\/2019\/01\/report.jpg","contentUrl":"https:\/\/evertonfc.cz\/wp-content\/uploads\/2019\/01\/report.jpg","width":720,"height":405},{"@type":"BreadcrumbList","@id":"https:\/\/evertonfc.cz\/index.php\/2014\/02\/16\/everton-swansea-city-31-2\/#breadcrumb","itemListElement":[{"@type":"ListItem","position":1,"name":"Home","item":"https:\/\/evertonfc.cz\/"},{"@type":"ListItem","position":2,"name":"Everton &#8211; Swansea City 3:1"}]},{"@type":"WebSite","@id":"https:\/\/evertonfc.cz\/#website","url":"https:\/\/evertonfc.cz\/","name":"Official Czech &amp; Slovak Everton Supporters&#039; Club","description":"","publisher":{"@id":"https:\/\/evertonfc.cz\/#organization"},"potentialAction":[{"@type":"SearchAction","target":{"@type":"EntryPoint","urlTemplate":"https:\/\/evertonfc.cz\/?s={search_term_string}"},"query-input":{"@type":"PropertyValueSpecification","valueRequired":true,"valueName":"search_term_string"}}],"inLanguage":"cs"},{"@type":"Organization","@id":"https:\/\/evertonfc.cz\/#organization","name":"Official Czech & Slovak Everton Supporters' Club","url":"https:\/\/evertonfc.cz\/","logo":{"@type":"ImageObject","inLanguage":"cs","@id":"https:\/\/evertonfc.cz\/#\/schema\/logo\/image\/","url":"https:\/\/evertonfc.cz\/wp-content\/uploads\/2019\/05\/logo.png","contentUrl":"https:\/\/evertonfc.cz\/wp-content\/uploads\/2019\/05\/logo.png","width":112,"height":112,"caption":"Official Czech & Slovak Everton Supporters' Club"},"image":{"@id":"https:\/\/evertonfc.cz\/#\/schema\/logo\/image\/"},"sameAs":["https:\/\/www.facebook.com\/everton.fans.cz.sk"]},{"@type":"Person","@id":"https:\/\/evertonfc.cz\/#\/schema\/person\/f7a5daedb2ffee98480bc70e191aaef1","name":"Ri\u010di","sameAs":["https:\/\/x.com\/rbrejsa"],"url":"https:\/\/evertonfc.cz\/index.php\/author\/rici\/"}]}},"_links":{"self":[{"href":"https:\/\/evertonfc.cz\/index.php\/wp-json\/wp\/v2\/posts\/4802"}],"collection":[{"href":"https:\/\/evertonfc.cz\/index.php\/wp-json\/wp\/v2\/posts"}],"about":[{"href":"https:\/\/evertonfc.cz\/index.php\/wp-json\/wp\/v2\/types\/post"}],"author":[{"embeddable":true,"href":"https:\/\/evertonfc.cz\/index.php\/wp-json\/wp\/v2\/users\/6"}],"replies":[{"embeddable":true,"href":"https:\/\/evertonfc.cz\/index.php\/wp-json\/wp\/v2\/comments?post=4802"}],"version-history":[{"count":1,"href":"https:\/\/evertonfc.cz\/index.php\/wp-json\/wp\/v2\/posts\/4802\/revisions"}],"predecessor-version":[{"id":4803,"href":"https:\/\/evertonfc.cz\/index.php\/wp-json\/wp\/v2\/posts\/4802\/revisions\/4803"}],"wp:featuredmedia":[{"embeddable":true,"href":"https:\/\/evertonfc.cz\/index.php\/wp-json\/wp\/v2\/media\/1315"}],"wp:attachment":[{"href":"https:\/\/evertonfc.cz\/index.php\/wp-json\/wp\/v2\/media?parent=4802"}],"wp:term":[{"taxonomy":"category","embeddable":true,"href":"https:\/\/evertonfc.cz\/index.php\/wp-json\/wp\/v2\/categories?post=4802"},{"taxonomy":"post_tag","embeddable":true,"href":"https:\/\/evertonfc.cz\/index.php\/wp-json\/wp\/v2\/tags?post=4802"}],"curies":[{"name":"wp","href":"https:\/\/api.w.org\/{rel}","templated":true}]}}