{"id":4804,"date":"2014-02-15T21:55:40","date_gmt":"2014-02-15T20:55:40","guid":{"rendered":"http:\/\/evertonfc.cz\/?p=4804"},"modified":"2019-02-14T00:27:18","modified_gmt":"2019-02-13T23:27:18","slug":"preview-everton-swansea-city-4","status":"publish","type":"post","link":"https:\/\/evertonfc.cz\/index.php\/2014\/02\/15\/preview-everton-swansea-city-4\/","title":{"rendered":"Preview: Everton &#8211; Swansea City"},"content":{"rendered":"<h4 id=\"NewsPostDetailSummary\">S c\u00edlem o\u017eivit nad\u011bje na zisk trofeje vstupuj\u00ed Toffees do utk\u00e1n\u00ed 5. kola FA Cupu proti Swansea City, postup p\u0159es Vel\u0161any by je posunul u\u017e mezi nejlep\u0161\u00edch osm celk\u016f sout\u011b\u017ee.<\/h4>\n<div id=\"NewsPostDetailContent\">\n<p>Je\u0161t\u011b ne\u017e se zam\u011b\u0159\u00edme na poh\u00e1r, vra\u0165me se k st\u0159ede\u010dn\u00edmu odlo\u017een\u00e9mu duelu s Crystal Palace, kter\u00fd se nekonal kv\u016fli siln\u00e9mu v\u011btru. I p\u0159es absenci fotbalu napsal tento den p\u011bkn\u00fd p\u0159\u00edb\u011bh. Richard Wee z Malajsie fand\u00ed Evertonu 30 let, na souboj s Eagles se vypravil, aby poprv\u00e9 v \u017eivot\u011b nav\u0161t\u00edvil Goodison Park. Po zru\u0161en\u00ed v\u00fdkopu uve\u0159ejnil na Twitteru sv\u00e9 zklam\u00e1n\u00ed. Zpr\u00e1va se dostala k veden\u00ed Blues, a to p\u0159i cest\u011b ze stadionu Weeho na\u0161lo a nab\u00eddlo mu setk\u00e1n\u00ed s Robertem Mart\u00ednezem, Leightonem Bainesem nebo prohl\u00eddku Goodisonu s Graemem Sharpem. EFC op\u011bt jednou dost\u00e1l p\u0159ezd\u00edvce The People&#8217;s Club.<\/p>\n<p>Swans na za\u010d\u00e1tku \u00fanora zm\u011bnili \u0161\u00e9fa na lavi\u010dce, spolupr\u00e1ci ukon\u010dili s Michaelem Laudrupem a \u0161anci dostal kapit\u00e1n Garry Monk, v dob\u011b p\u016fsoben\u00ed Mart\u00edneze na Liberty Stadium v letech 2007 a\u017e 2009 \u010dlen k\u00e1dru. \u0160pan\u011blsk\u00fd mana\u017eer star\u00e9ho zn\u00e1m\u00e9ho v nov\u00e9 roli podporuje a t\u011b\u0161\u00ed se na setk\u00e1n\u00ed: <em>\u201eUm\u00ed v\u00e9st kabinu, v\u016fdcovstv\u00ed m\u00e1 v krvi.<\/em><\/p>\n<p><em>\u201eMluvili jsme spolu, kdy\u017e byl jmenov\u00e1n, nepot\u0159eboval ale ode m\u011b \u017e\u00e1dn\u00e9 rady. P\u0159i pr\u00e1ci z n\u011bj \u010d\u00ed\u0161\u00ed obrovsk\u00e1 sv\u011bdomitost, do v\u0161eho jde naplno a je si dob\u0159e v\u011bdom sv\u00fdch rozhodnut\u00ed.\u201c<\/em><\/p>\n<p>Monk v \u00favodn\u00edch dvou st\u0159etnut\u00edch neprohr\u00e1l, nejprve za\u010dal povzbuzuj\u00edc\u00ed v\u00fdhrou 3:0 v derby nad Cardiffem a n\u00e1sledn\u011b si odvezl bod za rem\u00edzu ze Stoke. Tak\u00e9 on Mart\u00ednezovi slo\u017eil komplimenty. <em>\u201eRoberto obl\u00e9kal kapit\u00e1nskou p\u00e1sku p\u0159i m\u00e9m p\u0159\u00edchodu do klubu, vytvo\u0159ili jsme si spolu siln\u00e9 pouto. P\u0159edstavoval fantastick\u00e9ho v\u016fdce, hodn\u011b jsem se od n\u011bj nau\u010dil.\u201c<\/em><\/p>\n<h4><strong>Z\u00e1pasov\u00e1 fakta<\/strong><\/h4>\n<p>\u2022 Jedin\u00e9 vz\u00e1jemn\u00e9 st\u0159etnut\u00ed v FA Cupu se uskute\u010dnilo ve 4. kole roku 1954, Everton doma zv\u00edt\u011bzil 3:0<br \/>\n\u2022 Everton triumfoval v FA Cupu p\u011btkr\u00e1t, naposledy v roce 1995, tehdy mu\u017estvo pod mana\u017eerem Joem Roylem ve fin\u00e1le poko\u0159ilo Manchester United<br \/>\n\u2022 Swansea se v FA Cupu nejd\u00e1le probojovala do semifin\u00e1le, poda\u0159ilo se j\u00ed to v letech 1926 a 1964.<\/p>\n<h4><strong>T\u00fdmov\u00e9 novinky<\/strong><\/h4>\n<p>Lacina Traor\u00e9 vyhl\u00ed\u017e\u00ed debut v modr\u00e9m dresu, v ned\u011bli by se ho mohl do\u010dkat v z\u00e1kladn\u00ed sestav\u011b. Antol\u00edn Alcaraz a Romelu Lukaku budou pln\u011b k dispozici a\u017e na za\u010d\u00e1tku b\u0159ezna proti West Hamu. Krom\u011b nich chyb\u00ed dlouhodob\u011b zran\u011bn\u00e1 trojice Bryan Ovideo, Arouna Kon\u00e9 a Darron Gibson.<\/p>\n<p><strong>Everton:<\/strong> Howard, Robles, Baines, Coleman, Distin, Hibbert, Jagielka, Stones, Barkley, Barry, McCarthy, McGeady, Osman, Pienaar, Deulofeu, Gueye, Mirallas, Naismith, Vellios, Traor\u00e9.<\/p>\n<p>Jonjo Shelvey a Michu se zotavuj\u00ed ze zdravotn\u00edch probl\u00e9m\u016f a jejich nasazen\u00ed nen\u00ed nere\u00e1ln\u00e9. Lednov\u00e9 posily David Ngog a Marvin Emnes nesm\u00ed nastoupit, jeliko\u017e do leto\u0161n\u00edho FA Cupu nasko\u010dili ji\u017e za jin\u00e9 celky.<\/p>\n<p><strong>Swansea City:<\/strong> Tremmel, Vorm, Amat, Chico Flores, Davies, Meade, Obeng, Rangel, Situ, Taylor, Tiendalli, Williams, Britton, Canas, De Guzm\u00e1n, Pablo, Pozuelo, Routledge, Dyer, Shelvey (?), Bony, Donnelly, Lamah, V\u00e1zquez, Michu (?).<\/p>\n<p><strong>Co:<\/strong> Everton FC &#8211; Swansea City AFC, 5. kolo FA Cupu<br \/>\n<strong>Kdy:<\/strong> 16. 02. 2014 od 14:30 SE\u010c<br \/>\n<strong>Kde:<\/strong> Goodison Park, Liverpool (kapacita: 40 157)<br \/>\n<strong>Rozhod\u010d\u00ed:<\/strong> Kevin Friend<\/p>\n<\/div>\n","protected":false},"excerpt":{"rendered":"<p>S c\u00edlem o\u017eivit nad\u011bje na zisk trofeje vstupuj\u00ed Toffees do utk\u00e1n\u00ed 5. kola FA Cupu proti Swansea City, postup p\u0159es&hellip;<\/p>\n","protected":false},"author":6,"featured_media":1314,"comment_status":"open","ping_status":"closed","sticky":false,"template":"","format":"standard","meta":{"_eb_attr":"","_monsterinsights_skip_tracking":false,"_monsterinsights_sitenote_active":false,"_monsterinsights_sitenote_note":"","_monsterinsights_sitenote_category":0,"footnotes":""},"categories":[4],"tags":[],"yoast_head":"<!-- This site is optimized with the Yoast SEO plugin v23.4 - https:\/\/yoast.com\/wordpress\/plugins\/seo\/ -->\n<title>Preview: Everton - Swansea City - Official Czech &amp; Slovak Everton Supporters&#039; Club<\/title>\n<meta name=\"robots\" content=\"index, follow, max-snippet:-1, max-image-preview:large, max-video-preview:-1\" \/>\n<link rel=\"canonical\" href=\"https:\/\/evertonfc.cz\/index.php\/2014\/02\/15\/preview-everton-swansea-city-4\/\" \/>\n<meta property=\"og:locale\" content=\"cs_CZ\" \/>\n<meta property=\"og:type\" content=\"article\" \/>\n<meta property=\"og:title\" content=\"Preview: Everton - Swansea City - Official Czech &amp; Slovak Everton Supporters&#039; Club\" \/>\n<meta property=\"og:description\" content=\"S c\u00edlem o\u017eivit nad\u011bje na zisk trofeje vstupuj\u00ed Toffees do utk\u00e1n\u00ed 5. kola FA Cupu proti Swansea City, postup p\u0159es&hellip;\" \/>\n<meta property=\"og:url\" content=\"https:\/\/evertonfc.cz\/index.php\/2014\/02\/15\/preview-everton-swansea-city-4\/\" \/>\n<meta property=\"og:site_name\" content=\"Official Czech &amp; Slovak Everton Supporters&#039; Club\" \/>\n<meta property=\"article:publisher\" content=\"https:\/\/www.facebook.com\/everton.fans.cz.sk\" \/>\n<meta property=\"article:published_time\" content=\"2014-02-15T20:55:40+00:00\" \/>\n<meta property=\"article:modified_time\" content=\"2019-02-13T23:27:18+00:00\" \/>\n<meta property=\"og:image\" content=\"https:\/\/evertonfc.cz\/wp-content\/uploads\/2019\/01\/preview.jpg\" \/>\n\t<meta property=\"og:image:width\" content=\"720\" \/>\n\t<meta property=\"og:image:height\" content=\"405\" \/>\n\t<meta property=\"og:image:type\" content=\"image\/jpeg\" \/>\n<meta name=\"author\" content=\"Ri\u010di\" \/>\n<meta name=\"twitter:card\" content=\"summary_large_image\" \/>\n<meta name=\"twitter:creator\" content=\"@rbrejsa\" \/>\n<meta name=\"twitter:label1\" content=\"Napsal(a)\" \/>\n\t<meta name=\"twitter:data1\" content=\"Ri\u010di\" \/>\n\t<meta name=\"twitter:label2\" content=\"Odhadovan\u00e1 doba \u010dten\u00ed\" \/>\n\t<meta name=\"twitter:data2\" content=\"3 minuty\" \/>\n<script type=\"application\/ld+json\" class=\"yoast-schema-graph\">{\"@context\":\"https:\/\/schema.org\",\"@graph\":[{\"@type\":\"Article\",\"@id\":\"https:\/\/evertonfc.cz\/index.php\/2014\/02\/15\/preview-everton-swansea-city-4\/#article\",\"isPartOf\":{\"@id\":\"https:\/\/evertonfc.cz\/index.php\/2014\/02\/15\/preview-everton-swansea-city-4\/\"},\"author\":{\"name\":\"Ri\u010di\",\"@id\":\"https:\/\/evertonfc.cz\/#\/schema\/person\/f7a5daedb2ffee98480bc70e191aaef1\"},\"headline\":\"Preview: Everton &#8211; Swansea City\",\"datePublished\":\"2014-02-15T20:55:40+00:00\",\"dateModified\":\"2019-02-13T23:27:18+00:00\",\"mainEntityOfPage\":{\"@id\":\"https:\/\/evertonfc.cz\/index.php\/2014\/02\/15\/preview-everton-swansea-city-4\/\"},\"wordCount\":588,\"commentCount\":0,\"publisher\":{\"@id\":\"https:\/\/evertonfc.cz\/#organization\"},\"image\":{\"@id\":\"https:\/\/evertonfc.cz\/index.php\/2014\/02\/15\/preview-everton-swansea-city-4\/#primaryimage\"},\"thumbnailUrl\":\"https:\/\/evertonfc.cz\/wp-content\/uploads\/2019\/01\/preview.jpg\",\"articleSection\":[\"Z\u00e1pasy\"],\"inLanguage\":\"cs\",\"potentialAction\":[{\"@type\":\"CommentAction\",\"name\":\"Comment\",\"target\":[\"https:\/\/evertonfc.cz\/index.php\/2014\/02\/15\/preview-everton-swansea-city-4\/#respond\"]}]},{\"@type\":\"WebPage\",\"@id\":\"https:\/\/evertonfc.cz\/index.php\/2014\/02\/15\/preview-everton-swansea-city-4\/\",\"url\":\"https:\/\/evertonfc.cz\/index.php\/2014\/02\/15\/preview-everton-swansea-city-4\/\",\"name\":\"Preview: Everton - Swansea City - Official Czech &amp; Slovak Everton Supporters&#039; Club\",\"isPartOf\":{\"@id\":\"https:\/\/evertonfc.cz\/#website\"},\"primaryImageOfPage\":{\"@id\":\"https:\/\/evertonfc.cz\/index.php\/2014\/02\/15\/preview-everton-swansea-city-4\/#primaryimage\"},\"image\":{\"@id\":\"https:\/\/evertonfc.cz\/index.php\/2014\/02\/15\/preview-everton-swansea-city-4\/#primaryimage\"},\"thumbnailUrl\":\"https:\/\/evertonfc.cz\/wp-content\/uploads\/2019\/01\/preview.jpg\",\"datePublished\":\"2014-02-15T20:55:40+00:00\",\"dateModified\":\"2019-02-13T23:27:18+00:00\",\"breadcrumb\":{\"@id\":\"https:\/\/evertonfc.cz\/index.php\/2014\/02\/15\/preview-everton-swansea-city-4\/#breadcrumb\"},\"inLanguage\":\"cs\",\"potentialAction\":[{\"@type\":\"ReadAction\",\"target\":[\"https:\/\/evertonfc.cz\/index.php\/2014\/02\/15\/preview-everton-swansea-city-4\/\"]}]},{\"@type\":\"ImageObject\",\"inLanguage\":\"cs\",\"@id\":\"https:\/\/evertonfc.cz\/index.php\/2014\/02\/15\/preview-everton-swansea-city-4\/#primaryimage\",\"url\":\"https:\/\/evertonfc.cz\/wp-content\/uploads\/2019\/01\/preview.jpg\",\"contentUrl\":\"https:\/\/evertonfc.cz\/wp-content\/uploads\/2019\/01\/preview.jpg\",\"width\":720,\"height\":405},{\"@type\":\"BreadcrumbList\",\"@id\":\"https:\/\/evertonfc.cz\/index.php\/2014\/02\/15\/preview-everton-swansea-city-4\/#breadcrumb\",\"itemListElement\":[{\"@type\":\"ListItem\",\"position\":1,\"name\":\"Home\",\"item\":\"https:\/\/evertonfc.cz\/\"},{\"@type\":\"ListItem\",\"position\":2,\"name\":\"Preview: Everton &#8211; Swansea City\"}]},{\"@type\":\"WebSite\",\"@id\":\"https:\/\/evertonfc.cz\/#website\",\"url\":\"https:\/\/evertonfc.cz\/\",\"name\":\"Official Czech &amp; Slovak Everton Supporters&#039; Club\",\"description\":\"\",\"publisher\":{\"@id\":\"https:\/\/evertonfc.cz\/#organization\"},\"potentialAction\":[{\"@type\":\"SearchAction\",\"target\":{\"@type\":\"EntryPoint\",\"urlTemplate\":\"https:\/\/evertonfc.cz\/?s={search_term_string}\"},\"query-input\":{\"@type\":\"PropertyValueSpecification\",\"valueRequired\":true,\"valueName\":\"search_term_string\"}}],\"inLanguage\":\"cs\"},{\"@type\":\"Organization\",\"@id\":\"https:\/\/evertonfc.cz\/#organization\",\"name\":\"Official Czech & Slovak Everton Supporters' Club\",\"url\":\"https:\/\/evertonfc.cz\/\",\"logo\":{\"@type\":\"ImageObject\",\"inLanguage\":\"cs\",\"@id\":\"https:\/\/evertonfc.cz\/#\/schema\/logo\/image\/\",\"url\":\"https:\/\/evertonfc.cz\/wp-content\/uploads\/2019\/05\/logo.png\",\"contentUrl\":\"https:\/\/evertonfc.cz\/wp-content\/uploads\/2019\/05\/logo.png\",\"width\":112,\"height\":112,\"caption\":\"Official Czech & Slovak Everton Supporters' Club\"},\"image\":{\"@id\":\"https:\/\/evertonfc.cz\/#\/schema\/logo\/image\/\"},\"sameAs\":[\"https:\/\/www.facebook.com\/everton.fans.cz.sk\"]},{\"@type\":\"Person\",\"@id\":\"https:\/\/evertonfc.cz\/#\/schema\/person\/f7a5daedb2ffee98480bc70e191aaef1\",\"name\":\"Ri\u010di\",\"sameAs\":[\"https:\/\/x.com\/rbrejsa\"],\"url\":\"https:\/\/evertonfc.cz\/index.php\/author\/rici\/\"}]}<\/script>\n<!-- \/ Yoast SEO plugin. -->","yoast_head_json":{"title":"Preview: Everton - Swansea City - Official Czech &amp; Slovak Everton Supporters&#039; Club","robots":{"index":"index","follow":"follow","max-snippet":"max-snippet:-1","max-image-preview":"max-image-preview:large","max-video-preview":"max-video-preview:-1"},"canonical":"https:\/\/evertonfc.cz\/index.php\/2014\/02\/15\/preview-everton-swansea-city-4\/","og_locale":"cs_CZ","og_type":"article","og_title":"Preview: Everton - Swansea City - Official Czech &amp; Slovak Everton Supporters&#039; Club","og_description":"S c\u00edlem o\u017eivit nad\u011bje na zisk trofeje vstupuj\u00ed Toffees do utk\u00e1n\u00ed 5. kola FA Cupu proti Swansea City, postup p\u0159es&hellip;","og_url":"https:\/\/evertonfc.cz\/index.php\/2014\/02\/15\/preview-everton-swansea-city-4\/","og_site_name":"Official Czech &amp; Slovak Everton Supporters&#039; Club","article_publisher":"https:\/\/www.facebook.com\/everton.fans.cz.sk","article_published_time":"2014-02-15T20:55:40+00:00","article_modified_time":"2019-02-13T23:27:18+00:00","og_image":[{"width":720,"height":405,"url":"https:\/\/evertonfc.cz\/wp-content\/uploads\/2019\/01\/preview.jpg","type":"image\/jpeg"}],"author":"Ri\u010di","twitter_card":"summary_large_image","twitter_creator":"@rbrejsa","twitter_misc":{"Napsal(a)":"Ri\u010di","Odhadovan\u00e1 doba \u010dten\u00ed":"3 minuty"},"schema":{"@context":"https:\/\/schema.org","@graph":[{"@type":"Article","@id":"https:\/\/evertonfc.cz\/index.php\/2014\/02\/15\/preview-everton-swansea-city-4\/#article","isPartOf":{"@id":"https:\/\/evertonfc.cz\/index.php\/2014\/02\/15\/preview-everton-swansea-city-4\/"},"author":{"name":"Ri\u010di","@id":"https:\/\/evertonfc.cz\/#\/schema\/person\/f7a5daedb2ffee98480bc70e191aaef1"},"headline":"Preview: Everton &#8211; Swansea City","datePublished":"2014-02-15T20:55:40+00:00","dateModified":"2019-02-13T23:27:18+00:00","mainEntityOfPage":{"@id":"https:\/\/evertonfc.cz\/index.php\/2014\/02\/15\/preview-everton-swansea-city-4\/"},"wordCount":588,"commentCount":0,"publisher":{"@id":"https:\/\/evertonfc.cz\/#organization"},"image":{"@id":"https:\/\/evertonfc.cz\/index.php\/2014\/02\/15\/preview-everton-swansea-city-4\/#primaryimage"},"thumbnailUrl":"https:\/\/evertonfc.cz\/wp-content\/uploads\/2019\/01\/preview.jpg","articleSection":["Z\u00e1pasy"],"inLanguage":"cs","potentialAction":[{"@type":"CommentAction","name":"Comment","target":["https:\/\/evertonfc.cz\/index.php\/2014\/02\/15\/preview-everton-swansea-city-4\/#respond"]}]},{"@type":"WebPage","@id":"https:\/\/evertonfc.cz\/index.php\/2014\/02\/15\/preview-everton-swansea-city-4\/","url":"https:\/\/evertonfc.cz\/index.php\/2014\/02\/15\/preview-everton-swansea-city-4\/","name":"Preview: Everton - Swansea City - Official Czech &amp; Slovak Everton Supporters&#039; Club","isPartOf":{"@id":"https:\/\/evertonfc.cz\/#website"},"primaryImageOfPage":{"@id":"https:\/\/evertonfc.cz\/index.php\/2014\/02\/15\/preview-everton-swansea-city-4\/#primaryimage"},"image":{"@id":"https:\/\/evertonfc.cz\/index.php\/2014\/02\/15\/preview-everton-swansea-city-4\/#primaryimage"},"thumbnailUrl":"https:\/\/evertonfc.cz\/wp-content\/uploads\/2019\/01\/preview.jpg","datePublished":"2014-02-15T20:55:40+00:00","dateModified":"2019-02-13T23:27:18+00:00","breadcrumb":{"@id":"https:\/\/evertonfc.cz\/index.php\/2014\/02\/15\/preview-everton-swansea-city-4\/#breadcrumb"},"inLanguage":"cs","potentialAction":[{"@type":"ReadAction","target":["https:\/\/evertonfc.cz\/index.php\/2014\/02\/15\/preview-everton-swansea-city-4\/"]}]},{"@type":"ImageObject","inLanguage":"cs","@id":"https:\/\/evertonfc.cz\/index.php\/2014\/02\/15\/preview-everton-swansea-city-4\/#primaryimage","url":"https:\/\/evertonfc.cz\/wp-content\/uploads\/2019\/01\/preview.jpg","contentUrl":"https:\/\/evertonfc.cz\/wp-content\/uploads\/2019\/01\/preview.jpg","width":720,"height":405},{"@type":"BreadcrumbList","@id":"https:\/\/evertonfc.cz\/index.php\/2014\/02\/15\/preview-everton-swansea-city-4\/#breadcrumb","itemListElement":[{"@type":"ListItem","position":1,"name":"Home","item":"https:\/\/evertonfc.cz\/"},{"@type":"ListItem","position":2,"name":"Preview: Everton &#8211; Swansea City"}]},{"@type":"WebSite","@id":"https:\/\/evertonfc.cz\/#website","url":"https:\/\/evertonfc.cz\/","name":"Official Czech &amp; Slovak Everton Supporters&#039; Club","description":"","publisher":{"@id":"https:\/\/evertonfc.cz\/#organization"},"potentialAction":[{"@type":"SearchAction","target":{"@type":"EntryPoint","urlTemplate":"https:\/\/evertonfc.cz\/?s={search_term_string}"},"query-input":{"@type":"PropertyValueSpecification","valueRequired":true,"valueName":"search_term_string"}}],"inLanguage":"cs"},{"@type":"Organization","@id":"https:\/\/evertonfc.cz\/#organization","name":"Official Czech & Slovak Everton Supporters' Club","url":"https:\/\/evertonfc.cz\/","logo":{"@type":"ImageObject","inLanguage":"cs","@id":"https:\/\/evertonfc.cz\/#\/schema\/logo\/image\/","url":"https:\/\/evertonfc.cz\/wp-content\/uploads\/2019\/05\/logo.png","contentUrl":"https:\/\/evertonfc.cz\/wp-content\/uploads\/2019\/05\/logo.png","width":112,"height":112,"caption":"Official Czech & Slovak Everton Supporters' Club"},"image":{"@id":"https:\/\/evertonfc.cz\/#\/schema\/logo\/image\/"},"sameAs":["https:\/\/www.facebook.com\/everton.fans.cz.sk"]},{"@type":"Person","@id":"https:\/\/evertonfc.cz\/#\/schema\/person\/f7a5daedb2ffee98480bc70e191aaef1","name":"Ri\u010di","sameAs":["https:\/\/x.com\/rbrejsa"],"url":"https:\/\/evertonfc.cz\/index.php\/author\/rici\/"}]}},"_links":{"self":[{"href":"https:\/\/evertonfc.cz\/index.php\/wp-json\/wp\/v2\/posts\/4804"}],"collection":[{"href":"https:\/\/evertonfc.cz\/index.php\/wp-json\/wp\/v2\/posts"}],"about":[{"href":"https:\/\/evertonfc.cz\/index.php\/wp-json\/wp\/v2\/types\/post"}],"author":[{"embeddable":true,"href":"https:\/\/evertonfc.cz\/index.php\/wp-json\/wp\/v2\/users\/6"}],"replies":[{"embeddable":true,"href":"https:\/\/evertonfc.cz\/index.php\/wp-json\/wp\/v2\/comments?post=4804"}],"version-history":[{"count":3,"href":"https:\/\/evertonfc.cz\/index.php\/wp-json\/wp\/v2\/posts\/4804\/revisions"}],"predecessor-version":[{"id":5031,"href":"https:\/\/evertonfc.cz\/index.php\/wp-json\/wp\/v2\/posts\/4804\/revisions\/5031"}],"wp:featuredmedia":[{"embeddable":true,"href":"https:\/\/evertonfc.cz\/index.php\/wp-json\/wp\/v2\/media\/1314"}],"wp:attachment":[{"href":"https:\/\/evertonfc.cz\/index.php\/wp-json\/wp\/v2\/media?parent=4804"}],"wp:term":[{"taxonomy":"category","embeddable":true,"href":"https:\/\/evertonfc.cz\/index.php\/wp-json\/wp\/v2\/categories?post=4804"},{"taxonomy":"post_tag","embeddable":true,"href":"https:\/\/evertonfc.cz\/index.php\/wp-json\/wp\/v2\/tags?post=4804"}],"curies":[{"name":"wp","href":"https:\/\/api.w.org\/{rel}","templated":true}]}}