{"id":4806,"date":"2014-02-11T21:56:54","date_gmt":"2014-02-11T20:56:54","guid":{"rendered":"http:\/\/evertonfc.cz\/?p=4806"},"modified":"2021-04-04T13:53:17","modified_gmt":"2021-04-04T11:53:17","slug":"preview-everton-crystal-palace-7","status":"publish","type":"post","link":"https:\/\/evertonfc.cz\/index.php\/2014\/02\/11\/preview-everton-crystal-palace-7\/","title":{"rendered":"Preview: Everton &#8211; Crystal Palace"},"content":{"rendered":"<h4 id=\"NewsPostDetailSummary\">Ve\u010dern\u00ed st\u0159etnut\u00ed na Goodison Parkou se t\u011b\u0161\u00ed mezi fanou\u0161ky velk\u00e9 oblib\u011b, v dal\u0161\u00edm z nich Toffees host\u00ed st\u00e1le lep\u0161\u00edc\u00edho se nov\u00e1\u010dka Crystal Palace.<\/h4>\n<div id=\"NewsPostDetailContent\">\n<p>B\u011bhem \u00favodn\u00edch 22 kol Premier League Everton ode\u0161el pora\u017een dvakr\u00e1t, stejn\u00fd po\u010det proher si potom p\u0159ipsal v posledn\u00edch \u010dtrn\u00e1cti dnech. Posledn\u00ed ztr\u00e1tu, zvl\u00e1\u0161t\u011b bolestivou, utrp\u011bl v ned\u011bli na White Hart Lane. Dom\u00e1c\u00ed Spurs nejen\u017ee vyt\u011b\u017eili z minima maximum, ale tak\u00e9 sv\u00e9ho soupe\u0159e p\u0159edsko\u010dili v tabulce a nahradili ho na p\u00e1t\u00e9m m\u00edst\u011b. P\u0159esto Blues nemaj\u00ed d\u016fvod k panice, 45 nasb\u00edran\u00fdch bod\u016f p\u0159edstavuje slu\u0161n\u00fd po\u010din, v porovn\u00e1n\u00ed s lo\u0148skou sez\u00f3nou dokonce o t\u0159i body lep\u0161\u00ed z\u00e1znam.<\/p>\n<p>D\u016fvod k optimismu d\u00e1v\u00e1 i n\u00e1vrat marod\u016f, Gerard Deulofeu a Ross Barkley budou, nebo aspo\u0148 disponuj\u00ed potenci\u00e1lem, aby v z\u00e1v\u011bru ro\u010dn\u00edku hr\u00e1li d\u016fle\u017eitou roli v boji o evropsk\u00e9 poh\u00e1ry. A zraky se up\u00edraj\u00ed tak\u00e9 k Lacinu Traor\u00e9mu, od n\u011bho\u017e si nejen Roberto Mart\u00ednez slibuje zlep\u0161en\u00ed \u00fato\u010dn\u00e9 slo\u017eky hry.<\/p>\n<p>Jak je naps\u00e1no na za\u010d\u00e1tku \u010dl\u00e1nku, Eagles prosp\u011bla zm\u011bna na mana\u017eera. Jestli\u017ee v prvn\u00edch dvan\u00e1cti z\u00e1pasech nasb\u00edrali sedm bod\u016f, po anga\u017eov\u00e1n\u00ed Tonyho Pulise jim na konto ve 13 kolech nask\u00e1kalo 19 bod\u00edk\u016f. Nav\u00edc v kalend\u00e1\u0159n\u00edm roce 2014 jsou v lize lep\u0161\u00ed pouze Chelsea, Liverpool, Arsenal, Tottenham a Manchester City.<\/p>\n<p>A nekon\u010d\u00edme. V lednu si Palace \u00fasp\u011b\u0161n\u011b po\u010d\u00ednal t\u00e9\u017e na p\u0159estupov\u00e9m poli. Jm\u00e9na posil Joe Ledley, Tom Ince, Scott Dann a Wayne Hennessey a plus n\u00e1vrat dlouhodob\u011b zran\u011bn\u00fdch \u00fato\u010dn\u00edka Glenna Murrayho a k\u0159\u00eddeln\u00edka Jeroma Thomase vykouzl\u00ed \u00fasm\u011bv na tv\u00e1\u0159i nejednoho p\u0159\u00edznivce ze Selhurstu. Z jasn\u00e9ho adepta na sestup se r\u00e1zem stalo p\u0159ekvapen\u00ed sout\u011b\u017ee, ot\u00e1zkou z\u016fst\u00e1v\u00e1, zda nastolen\u00fd progres vydr\u017e\u00ed.<\/p>\n<h4><strong>Z\u00e1pasov\u00e1 fakta<\/strong><\/h4>\n<p>Vz\u00e1jemn\u00e1<br \/>\n\u2022 Crystal Palace vyhr\u00e1l dvakr\u00e1t z 13 ligov\u00fdch v\u00fdlet\u016f na Goodison, v roce 1992 a 1997<br \/>\n\u2022 Everton si dr\u017e\u00ed neporazitelnosti v posledn\u00edch p\u011bti setk\u00e1n\u00edch (3 v\u00fdhry, 2 rem\u00edzy).<\/p>\n<p>Everton<br \/>\n\u2022 6. m\u00edsto s 45 body, sk\u00f3re 37:26<br \/>\n\u2022 45 bod\u016f po 25 kolech znamen\u00e1 nejlep\u0161\u00ed bilanci od ro\u010dn\u00edku 2004\/05<br \/>\n\u2022 udr\u017eel \u010dist\u00e9 konto v jednom p\u0159\u00edpad\u011b z posledn\u00edch 11 ligov\u00fdch kl\u00e1n\u00ed, p\u0159esto celkov\u00fdch 26 obdr\u017een\u00fdch branek p\u0159ekon\u00e1v\u00e1 pouze Chelsea<br \/>\n\u2022 sk\u00f3roval 12x v posledn\u00edch 15 minut\u00e1ch utk\u00e1n\u00edch Premiership, l\u00e9pe si v tomto ohledu stoj\u00ed jen Manchester City s 15 z\u00e1sahy.<\/p>\n<p>Crystal Palace<br \/>\n\u2022 14. m\u00edsto s 26 body, sk\u00f3re 18:34<br \/>\n\u2022 zv\u00edt\u011bzil ve t\u0159ech z posledn\u00edch \u010dty\u0159ech ligov\u00fdch duel\u016f (poka\u017ed\u00e9 doma)<br \/>\n\u2022 nast\u0159\u00edlel nejm\u00e9n\u011b branek v lize (18)<br \/>\n\u2022 p\u011bti vst\u0159elen\u00fdch g\u00f3l\u016f na venkovn\u00edch h\u0159i\u0161t\u00edch je nejhor\u0161\u00edm po\u010dinem v Premier League<br \/>\n\u2022 a do t\u0159etice posledn\u00ed m\u00edsto ve statistice \u2013 a to jeden z\u00edskan\u00fd bod z 12 z\u00e1pas\u016f proti mu\u017estv\u016fm z horn\u00ed poloviny tabulky.<\/p>\n<h4><strong>T\u00fdmov\u00e9 novinky<\/strong><\/h4>\n<p>Lacina Traor\u00e9 po svalov\u00fdch probl\u00e9mech nab\u00edr\u00e1 kondici a Roberto Mart\u00ednez mu hodl\u00e1 ve st\u0159edu dop\u0159\u00e1t debut, zat\u00edm v\u0161ak je\u0161t\u011b nikoliv od prvn\u00ed minuty. Antol\u00edn Alcaraz a Romelu Lukaku budou pln\u011b k dispozici a\u017e na za\u010d\u00e1tku b\u0159ezna proti West Hamu. Mimo nich absentuj\u00ed dlouhodob\u011b zran\u011bn\u00ed Arouna Kon\u00e9, Darron Gibson a Bryan Oviedo.<\/p>\n<p><strong>Everton:<\/strong> Howard, Robles, Baines, Coleman, Distin, Hibbert, Jagielka, Stones, Barkley, Barry, McCarthy, McGeady, Osman, Pienaar, Deulofeu, Gueye, Mirallas, Naismith, Vellios, Traor\u00e9.<\/p>\n<p>Tonyho Pulise netr\u00e1p\u00ed zran\u011bn\u00ed ani jednoho sv\u011b\u0159ence, zcela jist\u011b p\u0159\u00edjemn\u00fd pocit.<\/p>\n<p><strong>Crystal Palace:<\/strong> Speroni, Hennessey, Dann, Delaney, Gabbidon, Mariappa, McCarthy, Moxey, Parr, Ward, Bannan, Bolasie, Dikgacoi, Gu\u00e9dioura, Ince, Jedinak, Ledley, O&#8217;Keefe, Puncheon, Thomas, Williams, Chamakh, Gayle, Jerome, Murray.<\/p>\n<p><strong>Co:<\/strong> Everton FC &#8211; Crystal Palace FC, 26. kolo Premier League<br \/>\n<strong>Kdy:<\/strong> 12. 02. 2014 od 20:45 SE\u010c<br \/>\n<strong>Kde:<\/strong> Goodison Park, Liverpool (kapacita: 40 157)<br \/>\n<strong>Rozhod\u010d\u00ed:<\/strong> Andre Marriner<\/p>\n<\/div>\n","protected":false},"excerpt":{"rendered":"<p>Ve\u010dern\u00ed st\u0159etnut\u00ed na Goodison Parkou se t\u011b\u0161\u00ed mezi fanou\u0161ky velk\u00e9 oblib\u011b, v dal\u0161\u00edm z nich Toffees host\u00ed st\u00e1le lep\u0161\u00edc\u00edho se nov\u00e1\u010dka Crystal Palace.<\/p>\n","protected":false},"author":6,"featured_media":14858,"comment_status":"open","ping_status":"closed","sticky":false,"template":"","format":"standard","meta":{"_eb_attr":"","_monsterinsights_skip_tracking":false,"_monsterinsights_sitenote_active":false,"_monsterinsights_sitenote_note":"","_monsterinsights_sitenote_category":0,"footnotes":""},"categories":[4],"tags":[],"yoast_head":"<!-- This site is optimized with the Yoast SEO plugin v23.4 - https:\/\/yoast.com\/wordpress\/plugins\/seo\/ -->\n<title>Preview: Everton - Crystal Palace - Official Czech &amp; Slovak Everton Supporters&#039; Club<\/title>\n<meta name=\"robots\" content=\"index, follow, max-snippet:-1, max-image-preview:large, max-video-preview:-1\" \/>\n<link rel=\"canonical\" href=\"https:\/\/evertonfc.cz\/index.php\/2014\/02\/11\/preview-everton-crystal-palace-7\/\" \/>\n<meta property=\"og:locale\" content=\"cs_CZ\" \/>\n<meta property=\"og:type\" content=\"article\" \/>\n<meta property=\"og:title\" content=\"Preview: Everton - Crystal Palace - Official Czech &amp; Slovak Everton Supporters&#039; Club\" \/>\n<meta property=\"og:description\" content=\"Ve\u010dern\u00ed st\u0159etnut\u00ed na Goodison Parkou se t\u011b\u0161\u00ed mezi fanou\u0161ky velk\u00e9 oblib\u011b, v dal\u0161\u00edm z nich Toffees host\u00ed st\u00e1le lep\u0161\u00edc\u00edho se nov\u00e1\u010dka Crystal Palace.\" \/>\n<meta property=\"og:url\" content=\"https:\/\/evertonfc.cz\/index.php\/2014\/02\/11\/preview-everton-crystal-palace-7\/\" \/>\n<meta property=\"og:site_name\" content=\"Official Czech &amp; Slovak Everton Supporters&#039; Club\" \/>\n<meta property=\"article:publisher\" content=\"https:\/\/www.facebook.com\/everton.fans.cz.sk\" \/>\n<meta property=\"article:published_time\" content=\"2014-02-11T20:56:54+00:00\" \/>\n<meta property=\"article:modified_time\" content=\"2021-04-04T11:53:17+00:00\" \/>\n<meta property=\"og:image\" content=\"https:\/\/evertonfc.cz\/wp-content\/uploads\/2021\/04\/Everton-VS-Crystal-Palace.png\" \/>\n\t<meta property=\"og:image:width\" content=\"720\" \/>\n\t<meta property=\"og:image:height\" content=\"405\" \/>\n\t<meta property=\"og:image:type\" content=\"image\/png\" \/>\n<meta name=\"author\" content=\"Ri\u010di\" \/>\n<meta name=\"twitter:card\" content=\"summary_large_image\" \/>\n<meta name=\"twitter:creator\" content=\"@rbrejsa\" \/>\n<meta name=\"twitter:label1\" content=\"Napsal(a)\" \/>\n\t<meta name=\"twitter:data1\" content=\"Ri\u010di\" \/>\n\t<meta name=\"twitter:label2\" content=\"Odhadovan\u00e1 doba \u010dten\u00ed\" \/>\n\t<meta name=\"twitter:data2\" content=\"3 minuty\" \/>\n<script type=\"application\/ld+json\" class=\"yoast-schema-graph\">{\"@context\":\"https:\/\/schema.org\",\"@graph\":[{\"@type\":\"Article\",\"@id\":\"https:\/\/evertonfc.cz\/index.php\/2014\/02\/11\/preview-everton-crystal-palace-7\/#article\",\"isPartOf\":{\"@id\":\"https:\/\/evertonfc.cz\/index.php\/2014\/02\/11\/preview-everton-crystal-palace-7\/\"},\"author\":{\"name\":\"Ri\u010di\",\"@id\":\"https:\/\/evertonfc.cz\/#\/schema\/person\/f7a5daedb2ffee98480bc70e191aaef1\"},\"headline\":\"Preview: Everton &#8211; Crystal Palace\",\"datePublished\":\"2014-02-11T20:56:54+00:00\",\"dateModified\":\"2021-04-04T11:53:17+00:00\",\"mainEntityOfPage\":{\"@id\":\"https:\/\/evertonfc.cz\/index.php\/2014\/02\/11\/preview-everton-crystal-palace-7\/\"},\"wordCount\":695,\"commentCount\":0,\"publisher\":{\"@id\":\"https:\/\/evertonfc.cz\/#organization\"},\"image\":{\"@id\":\"https:\/\/evertonfc.cz\/index.php\/2014\/02\/11\/preview-everton-crystal-palace-7\/#primaryimage\"},\"thumbnailUrl\":\"https:\/\/evertonfc.cz\/wp-content\/uploads\/2021\/04\/Everton-VS-Crystal-Palace.png\",\"articleSection\":[\"Z\u00e1pasy\"],\"inLanguage\":\"cs\",\"potentialAction\":[{\"@type\":\"CommentAction\",\"name\":\"Comment\",\"target\":[\"https:\/\/evertonfc.cz\/index.php\/2014\/02\/11\/preview-everton-crystal-palace-7\/#respond\"]}]},{\"@type\":\"WebPage\",\"@id\":\"https:\/\/evertonfc.cz\/index.php\/2014\/02\/11\/preview-everton-crystal-palace-7\/\",\"url\":\"https:\/\/evertonfc.cz\/index.php\/2014\/02\/11\/preview-everton-crystal-palace-7\/\",\"name\":\"Preview: Everton - Crystal Palace - Official Czech &amp; Slovak Everton Supporters&#039; Club\",\"isPartOf\":{\"@id\":\"https:\/\/evertonfc.cz\/#website\"},\"primaryImageOfPage\":{\"@id\":\"https:\/\/evertonfc.cz\/index.php\/2014\/02\/11\/preview-everton-crystal-palace-7\/#primaryimage\"},\"image\":{\"@id\":\"https:\/\/evertonfc.cz\/index.php\/2014\/02\/11\/preview-everton-crystal-palace-7\/#primaryimage\"},\"thumbnailUrl\":\"https:\/\/evertonfc.cz\/wp-content\/uploads\/2021\/04\/Everton-VS-Crystal-Palace.png\",\"datePublished\":\"2014-02-11T20:56:54+00:00\",\"dateModified\":\"2021-04-04T11:53:17+00:00\",\"breadcrumb\":{\"@id\":\"https:\/\/evertonfc.cz\/index.php\/2014\/02\/11\/preview-everton-crystal-palace-7\/#breadcrumb\"},\"inLanguage\":\"cs\",\"potentialAction\":[{\"@type\":\"ReadAction\",\"target\":[\"https:\/\/evertonfc.cz\/index.php\/2014\/02\/11\/preview-everton-crystal-palace-7\/\"]}]},{\"@type\":\"ImageObject\",\"inLanguage\":\"cs\",\"@id\":\"https:\/\/evertonfc.cz\/index.php\/2014\/02\/11\/preview-everton-crystal-palace-7\/#primaryimage\",\"url\":\"https:\/\/evertonfc.cz\/wp-content\/uploads\/2021\/04\/Everton-VS-Crystal-Palace.png\",\"contentUrl\":\"https:\/\/evertonfc.cz\/wp-content\/uploads\/2021\/04\/Everton-VS-Crystal-Palace.png\",\"width\":720,\"height\":405},{\"@type\":\"BreadcrumbList\",\"@id\":\"https:\/\/evertonfc.cz\/index.php\/2014\/02\/11\/preview-everton-crystal-palace-7\/#breadcrumb\",\"itemListElement\":[{\"@type\":\"ListItem\",\"position\":1,\"name\":\"Home\",\"item\":\"https:\/\/evertonfc.cz\/\"},{\"@type\":\"ListItem\",\"position\":2,\"name\":\"Preview: Everton &#8211; Crystal Palace\"}]},{\"@type\":\"WebSite\",\"@id\":\"https:\/\/evertonfc.cz\/#website\",\"url\":\"https:\/\/evertonfc.cz\/\",\"name\":\"Official Czech &amp; Slovak Everton Supporters&#039; Club\",\"description\":\"\",\"publisher\":{\"@id\":\"https:\/\/evertonfc.cz\/#organization\"},\"potentialAction\":[{\"@type\":\"SearchAction\",\"target\":{\"@type\":\"EntryPoint\",\"urlTemplate\":\"https:\/\/evertonfc.cz\/?s={search_term_string}\"},\"query-input\":{\"@type\":\"PropertyValueSpecification\",\"valueRequired\":true,\"valueName\":\"search_term_string\"}}],\"inLanguage\":\"cs\"},{\"@type\":\"Organization\",\"@id\":\"https:\/\/evertonfc.cz\/#organization\",\"name\":\"Official Czech & Slovak Everton Supporters' Club\",\"url\":\"https:\/\/evertonfc.cz\/\",\"logo\":{\"@type\":\"ImageObject\",\"inLanguage\":\"cs\",\"@id\":\"https:\/\/evertonfc.cz\/#\/schema\/logo\/image\/\",\"url\":\"https:\/\/evertonfc.cz\/wp-content\/uploads\/2019\/05\/logo.png\",\"contentUrl\":\"https:\/\/evertonfc.cz\/wp-content\/uploads\/2019\/05\/logo.png\",\"width\":112,\"height\":112,\"caption\":\"Official Czech & Slovak Everton Supporters' Club\"},\"image\":{\"@id\":\"https:\/\/evertonfc.cz\/#\/schema\/logo\/image\/\"},\"sameAs\":[\"https:\/\/www.facebook.com\/everton.fans.cz.sk\"]},{\"@type\":\"Person\",\"@id\":\"https:\/\/evertonfc.cz\/#\/schema\/person\/f7a5daedb2ffee98480bc70e191aaef1\",\"name\":\"Ri\u010di\",\"sameAs\":[\"https:\/\/x.com\/rbrejsa\"],\"url\":\"https:\/\/evertonfc.cz\/index.php\/author\/rici\/\"}]}<\/script>\n<!-- \/ Yoast SEO plugin. -->","yoast_head_json":{"title":"Preview: Everton - Crystal Palace - Official Czech &amp; Slovak Everton Supporters&#039; Club","robots":{"index":"index","follow":"follow","max-snippet":"max-snippet:-1","max-image-preview":"max-image-preview:large","max-video-preview":"max-video-preview:-1"},"canonical":"https:\/\/evertonfc.cz\/index.php\/2014\/02\/11\/preview-everton-crystal-palace-7\/","og_locale":"cs_CZ","og_type":"article","og_title":"Preview: Everton - Crystal Palace - Official Czech &amp; Slovak Everton Supporters&#039; Club","og_description":"Ve\u010dern\u00ed st\u0159etnut\u00ed na Goodison Parkou se t\u011b\u0161\u00ed mezi fanou\u0161ky velk\u00e9 oblib\u011b, v dal\u0161\u00edm z nich Toffees host\u00ed st\u00e1le lep\u0161\u00edc\u00edho se nov\u00e1\u010dka Crystal Palace.","og_url":"https:\/\/evertonfc.cz\/index.php\/2014\/02\/11\/preview-everton-crystal-palace-7\/","og_site_name":"Official Czech &amp; Slovak Everton Supporters&#039; Club","article_publisher":"https:\/\/www.facebook.com\/everton.fans.cz.sk","article_published_time":"2014-02-11T20:56:54+00:00","article_modified_time":"2021-04-04T11:53:17+00:00","og_image":[{"width":720,"height":405,"url":"https:\/\/evertonfc.cz\/wp-content\/uploads\/2021\/04\/Everton-VS-Crystal-Palace.png","type":"image\/png"}],"author":"Ri\u010di","twitter_card":"summary_large_image","twitter_creator":"@rbrejsa","twitter_misc":{"Napsal(a)":"Ri\u010di","Odhadovan\u00e1 doba \u010dten\u00ed":"3 minuty"},"schema":{"@context":"https:\/\/schema.org","@graph":[{"@type":"Article","@id":"https:\/\/evertonfc.cz\/index.php\/2014\/02\/11\/preview-everton-crystal-palace-7\/#article","isPartOf":{"@id":"https:\/\/evertonfc.cz\/index.php\/2014\/02\/11\/preview-everton-crystal-palace-7\/"},"author":{"name":"Ri\u010di","@id":"https:\/\/evertonfc.cz\/#\/schema\/person\/f7a5daedb2ffee98480bc70e191aaef1"},"headline":"Preview: Everton &#8211; Crystal Palace","datePublished":"2014-02-11T20:56:54+00:00","dateModified":"2021-04-04T11:53:17+00:00","mainEntityOfPage":{"@id":"https:\/\/evertonfc.cz\/index.php\/2014\/02\/11\/preview-everton-crystal-palace-7\/"},"wordCount":695,"commentCount":0,"publisher":{"@id":"https:\/\/evertonfc.cz\/#organization"},"image":{"@id":"https:\/\/evertonfc.cz\/index.php\/2014\/02\/11\/preview-everton-crystal-palace-7\/#primaryimage"},"thumbnailUrl":"https:\/\/evertonfc.cz\/wp-content\/uploads\/2021\/04\/Everton-VS-Crystal-Palace.png","articleSection":["Z\u00e1pasy"],"inLanguage":"cs","potentialAction":[{"@type":"CommentAction","name":"Comment","target":["https:\/\/evertonfc.cz\/index.php\/2014\/02\/11\/preview-everton-crystal-palace-7\/#respond"]}]},{"@type":"WebPage","@id":"https:\/\/evertonfc.cz\/index.php\/2014\/02\/11\/preview-everton-crystal-palace-7\/","url":"https:\/\/evertonfc.cz\/index.php\/2014\/02\/11\/preview-everton-crystal-palace-7\/","name":"Preview: Everton - Crystal Palace - Official Czech &amp; Slovak Everton Supporters&#039; Club","isPartOf":{"@id":"https:\/\/evertonfc.cz\/#website"},"primaryImageOfPage":{"@id":"https:\/\/evertonfc.cz\/index.php\/2014\/02\/11\/preview-everton-crystal-palace-7\/#primaryimage"},"image":{"@id":"https:\/\/evertonfc.cz\/index.php\/2014\/02\/11\/preview-everton-crystal-palace-7\/#primaryimage"},"thumbnailUrl":"https:\/\/evertonfc.cz\/wp-content\/uploads\/2021\/04\/Everton-VS-Crystal-Palace.png","datePublished":"2014-02-11T20:56:54+00:00","dateModified":"2021-04-04T11:53:17+00:00","breadcrumb":{"@id":"https:\/\/evertonfc.cz\/index.php\/2014\/02\/11\/preview-everton-crystal-palace-7\/#breadcrumb"},"inLanguage":"cs","potentialAction":[{"@type":"ReadAction","target":["https:\/\/evertonfc.cz\/index.php\/2014\/02\/11\/preview-everton-crystal-palace-7\/"]}]},{"@type":"ImageObject","inLanguage":"cs","@id":"https:\/\/evertonfc.cz\/index.php\/2014\/02\/11\/preview-everton-crystal-palace-7\/#primaryimage","url":"https:\/\/evertonfc.cz\/wp-content\/uploads\/2021\/04\/Everton-VS-Crystal-Palace.png","contentUrl":"https:\/\/evertonfc.cz\/wp-content\/uploads\/2021\/04\/Everton-VS-Crystal-Palace.png","width":720,"height":405},{"@type":"BreadcrumbList","@id":"https:\/\/evertonfc.cz\/index.php\/2014\/02\/11\/preview-everton-crystal-palace-7\/#breadcrumb","itemListElement":[{"@type":"ListItem","position":1,"name":"Home","item":"https:\/\/evertonfc.cz\/"},{"@type":"ListItem","position":2,"name":"Preview: Everton &#8211; Crystal Palace"}]},{"@type":"WebSite","@id":"https:\/\/evertonfc.cz\/#website","url":"https:\/\/evertonfc.cz\/","name":"Official Czech &amp; Slovak Everton Supporters&#039; Club","description":"","publisher":{"@id":"https:\/\/evertonfc.cz\/#organization"},"potentialAction":[{"@type":"SearchAction","target":{"@type":"EntryPoint","urlTemplate":"https:\/\/evertonfc.cz\/?s={search_term_string}"},"query-input":{"@type":"PropertyValueSpecification","valueRequired":true,"valueName":"search_term_string"}}],"inLanguage":"cs"},{"@type":"Organization","@id":"https:\/\/evertonfc.cz\/#organization","name":"Official Czech & Slovak Everton Supporters' Club","url":"https:\/\/evertonfc.cz\/","logo":{"@type":"ImageObject","inLanguage":"cs","@id":"https:\/\/evertonfc.cz\/#\/schema\/logo\/image\/","url":"https:\/\/evertonfc.cz\/wp-content\/uploads\/2019\/05\/logo.png","contentUrl":"https:\/\/evertonfc.cz\/wp-content\/uploads\/2019\/05\/logo.png","width":112,"height":112,"caption":"Official Czech & Slovak Everton Supporters' Club"},"image":{"@id":"https:\/\/evertonfc.cz\/#\/schema\/logo\/image\/"},"sameAs":["https:\/\/www.facebook.com\/everton.fans.cz.sk"]},{"@type":"Person","@id":"https:\/\/evertonfc.cz\/#\/schema\/person\/f7a5daedb2ffee98480bc70e191aaef1","name":"Ri\u010di","sameAs":["https:\/\/x.com\/rbrejsa"],"url":"https:\/\/evertonfc.cz\/index.php\/author\/rici\/"}]}},"_links":{"self":[{"href":"https:\/\/evertonfc.cz\/index.php\/wp-json\/wp\/v2\/posts\/4806"}],"collection":[{"href":"https:\/\/evertonfc.cz\/index.php\/wp-json\/wp\/v2\/posts"}],"about":[{"href":"https:\/\/evertonfc.cz\/index.php\/wp-json\/wp\/v2\/types\/post"}],"author":[{"embeddable":true,"href":"https:\/\/evertonfc.cz\/index.php\/wp-json\/wp\/v2\/users\/6"}],"replies":[{"embeddable":true,"href":"https:\/\/evertonfc.cz\/index.php\/wp-json\/wp\/v2\/comments?post=4806"}],"version-history":[{"count":3,"href":"https:\/\/evertonfc.cz\/index.php\/wp-json\/wp\/v2\/posts\/4806\/revisions"}],"predecessor-version":[{"id":14873,"href":"https:\/\/evertonfc.cz\/index.php\/wp-json\/wp\/v2\/posts\/4806\/revisions\/14873"}],"wp:featuredmedia":[{"embeddable":true,"href":"https:\/\/evertonfc.cz\/index.php\/wp-json\/wp\/v2\/media\/14858"}],"wp:attachment":[{"href":"https:\/\/evertonfc.cz\/index.php\/wp-json\/wp\/v2\/media?parent=4806"}],"wp:term":[{"taxonomy":"category","embeddable":true,"href":"https:\/\/evertonfc.cz\/index.php\/wp-json\/wp\/v2\/categories?post=4806"},{"taxonomy":"post_tag","embeddable":true,"href":"https:\/\/evertonfc.cz\/index.php\/wp-json\/wp\/v2\/tags?post=4806"}],"curies":[{"name":"wp","href":"https:\/\/api.w.org\/{rel}","templated":true}]}}