{"id":4836,"date":"2014-07-16T22:27:20","date_gmt":"2014-07-16T20:27:20","guid":{"rendered":"http:\/\/evertonfc.cz\/?p=4836"},"modified":"2019-02-13T22:39:50","modified_gmt":"2019-02-13T21:39:50","slug":"foto-roylova-leta-na-goodisonu","status":"publish","type":"post","link":"https:\/\/evertonfc.cz\/index.php\/2014\/07\/16\/foto-roylova-leta-na-goodisonu\/","title":{"rendered":"Foto: Roylova l\u00e9ta na Goodisonu"},"content":{"rendered":"<h4>Kdy\u017e Joe Royle p\u0159irovnal Everton k domovu, jen m\u00e1lokdo mu jeho slova nev\u011b\u0159il. S Blues ho poj\u00ed pades\u00e1tilet\u00e9 pouto oko\u0159en\u011bn\u00e9 o mistrovskou trofej a triumf v FA Cupu.<\/h4>\n<table align=\"center\">\n<tbody>\n<tr>\n<td><img loading=\"lazy\" decoding=\"async\" class=\"aligncenter\" src=\"http:\/\/evertonfc.cz\/wp-content\/uploads\/2019\/02\/1.jpg\" alt=\"\" width=\"450\" height=\"327\" \/><\/td>\n<\/tr>\n<tr>\n<td style=\"text-align: center;\">Royle zapo\u010dal spojen\u00ed s Evertonem u\u017e v osmi letech, pozd\u011bji si pro\u0161el klubovou akademi\u00ed a v 16 letech se do\u010dkal debutu v prvn\u00edm t\u00fdmu, psal se rok 1966 (a\u017e za 39 let ho p\u0159ekonal James Vaughan). Jeho prvn\u00ed z\u00e1pas prov\u00e1zely mnoh\u00e9 emoce, mana\u017eer Harry Catterick toti\u017e mlad\u00e9ho \u00fato\u010dn\u00edka nasadil do utk\u00e1n\u00ed v Blackpoolu m\u00edsto obl\u00edbence Alexe Younga. Young se sice v dal\u0161\u00edm kole do sestavy vr\u00e1til, Roylova situace se ale o moc nezlep\u0161ila, za sv\u00e9 v\u00fdkony skl\u00edzel kritiku. Nicm\u00e9n\u011b tvrd\u00e1 p\u00edle a progres mu do ro\u010dn\u00edku 1967\/68 zajistily zaslou\u017een\u00e9 m\u00edsto v prvn\u00edm mu\u017estvu.<\/td>\n<\/tr>\n<\/tbody>\n<\/table>\n<p>&nbsp;<\/p>\n<table align=\"center\">\n<tbody>\n<tr>\n<td><img loading=\"lazy\" decoding=\"async\" class=\"aligncenter\" src=\"http:\/\/evertonfc.cz\/wp-content\/uploads\/2019\/02\/2.jpg\" alt=\"\" width=\"450\" height=\"302\" \/><\/td>\n<\/tr>\n<tr>\n<td style=\"text-align: center;\">Momentka z fin\u00e1le FA Cupu z roku 1968. P\u0159ed 100 000 n\u00e1v\u0161t\u011bvou ve Wembley platil Everton za favorita, jen\u017ee progn\u00f3zy se nevyplnily a\u00a0<a href=\"https:\/\/www.youtube.com\/watch?v=wtKhZupeJRw\" target=\"_blank\" rel=\"noopener\">West Brom se radoval z p\u0159ekvapiv\u00e9ho v\u00edt\u011bzstv\u00ed 1:0<\/a>.<\/td>\n<\/tr>\n<\/tbody>\n<\/table>\n<p>&nbsp;<\/p>\n<table align=\"center\">\n<tbody>\n<tr>\n<td><img loading=\"lazy\" decoding=\"async\" class=\"aligncenter\" src=\"http:\/\/evertonfc.cz\/wp-content\/uploads\/2019\/02\/3.jpg\" alt=\"\" width=\"450\" height=\"299\" \/><\/td>\n<\/tr>\n<tr>\n<td style=\"text-align: center;\">Oslavy po zisku titulu z roku 1970, Toffees si zajistili prvn\u00ed m\u00edsto z\u00e1sluhou v\u00fdborn\u00e9 druh\u00e9 poloviny sez\u00f3ny, v posledn\u00edch 14 kolech neprohr\u00e1li. Royle pat\u0159il k tahoun\u016fm, ve 42 z\u00e1pasech sk\u00f3roval 23 kr\u00e1t.<\/td>\n<\/tr>\n<\/tbody>\n<\/table>\n<p>&nbsp;<\/p>\n<table align=\"center\">\n<tbody>\n<tr>\n<td><img loading=\"lazy\" decoding=\"async\" class=\"aligncenter\" src=\"http:\/\/evertonfc.cz\/wp-content\/uploads\/2019\/02\/4.jpg\" alt=\"\" width=\"450\" height=\"331\" \/><\/td>\n<\/tr>\n<tr>\n<td style=\"text-align: center;\">Rod\u00e1k z Liverpoolu v tvrd\u00e9m souboji s Royem McFarlandem b\u011bhem st\u0159etnut\u00ed v Derby z roku 1969.<\/td>\n<\/tr>\n<\/tbody>\n<\/table>\n<p>&nbsp;<\/p>\n<table align=\"center\">\n<tbody>\n<tr>\n<td><img loading=\"lazy\" decoding=\"async\" class=\"aligncenter\" src=\"http:\/\/evertonfc.cz\/wp-content\/uploads\/2019\/02\/5.jpg\" alt=\"\" width=\"450\" height=\"391\" \/><\/td>\n<\/tr>\n<tr>\n<td style=\"text-align: center;\">P\u0159es vy\u0161\u0161\u00ed postavu a roli koncov\u00e9ho mu\u017ee um\u011bl Royle tak\u00e9 slu\u0161n\u011b zach\u00e1zet s m\u00ed\u010dem. Bohu\u017eel \u010dast\u00e1 zran\u011bn\u00ed, jednou dokonce v kuse absentoval 18 m\u011bs\u00edc\u016f, nikdy neumo\u017enila naplno projevit talent a pozd\u011bji ho st\u00e1la i m\u00edsto v z\u00e1kladn\u00ed sestav\u011b. Proto v p\u011btadvaceti ode\u0161el v roce 1974 do Manchesteru City.<\/td>\n<\/tr>\n<\/tbody>\n<\/table>\n<p>&nbsp;<\/p>\n<table align=\"center\">\n<tbody>\n<tr>\n<td><img loading=\"lazy\" decoding=\"async\" class=\"aligncenter\" src=\"http:\/\/evertonfc.cz\/wp-content\/uploads\/2019\/02\/6.jpg\" alt=\"\" width=\"450\" height=\"516\" \/><\/td>\n<\/tr>\n<tr>\n<td style=\"text-align: center;\">Za Blues celkov\u011b odehr\u00e1l 275 utk\u00e1n\u00ed, v nich\u017e vst\u0159elil 119 branek.<\/td>\n<\/tr>\n<\/tbody>\n<\/table>\n<p>&nbsp;<\/p>\n<table align=\"center\">\n<tbody>\n<tr>\n<td><img loading=\"lazy\" decoding=\"async\" class=\"aligncenter\" src=\"http:\/\/evertonfc.cz\/wp-content\/uploads\/2019\/02\/7.jpg\" alt=\"\" width=\"450\" height=\"372\" \/><\/td>\n<\/tr>\n<tr>\n<td style=\"text-align: center;\">Na Goodison Park se vr\u00e1til v roce 1994, Everton se zm\u00edtal v doln\u00ed polovin\u011b tabulky a hrozil mu sestup. Royla hned v prvn\u00edm duelu \u010dekalo Merseyside derby a v\u00fdhra 2:0 dodala mu\u017estvu v\u00edt\u011bznou mentalitu pot\u0159ebnou k udr\u017een\u00ed v Premier League. Nov\u00fd mana\u017eer naordinoval tvrd\u00fd styl fotbalu s t\u0159emi bojovn\u00edky v z\u00e1loze \u2013 Barry Horne, Joe Parkison a John Ebbrell. Ne nadarmo se brzy ujala p\u0159ezd\u00edvka Dogs of War, po proh\u0159e v derby na\u0161tvan\u00fd boss Liverpoolu komentoval hern\u00ed projev rivala slovy:\u00a0<em>\u201eSmrt School of Science.\u201c<\/em><\/td>\n<\/tr>\n<\/tbody>\n<\/table>\n<p>&nbsp;<\/p>\n<table align=\"center\">\n<tbody>\n<tr>\n<td><img loading=\"lazy\" decoding=\"async\" class=\"aligncenter\" src=\"http:\/\/evertonfc.cz\/wp-content\/uploads\/2019\/02\/8.jpg\" alt=\"\" width=\"450\" height=\"331\" \/><\/td>\n<\/tr>\n<tr>\n<td style=\"text-align: center;\">Royle p\u00f3zuje v kancel\u00e1\u0159i v Bellefieldu, b\u00fdval\u00e9m tr\u00e9ninkov\u00e9m centru.<\/td>\n<\/tr>\n<\/tbody>\n<\/table>\n<p>&nbsp;<\/p>\n<table align=\"center\">\n<tbody>\n<tr>\n<td><img loading=\"lazy\" decoding=\"async\" class=\"aligncenter\" src=\"http:\/\/evertonfc.cz\/wp-content\/uploads\/2019\/02\/9.jpg\" alt=\"\" width=\"450\" height=\"300\" \/><\/td>\n<\/tr>\n<tr>\n<td style=\"text-align: center;\">Z\u00e1b\u011br z\u00a0<a href=\"https:\/\/www.youtube.com\/watch?v=321POnMGAPk\" target=\"_blank\" rel=\"noopener\">pam\u00e1tn\u00e9ho fin\u00e1le FA Cupu z roku 1995<\/a>, na sn\u00edmku p\u0159i rozmluv\u011b se Sirem Alexem Fergusonem. Everton ve fin\u00e1le stav\u011bl na pevn\u00e9 obran\u011b a soust\u0159edil se na brejky, co\u017e nakonec p\u0159ineslo ovoce a tak\u00e9 jedinou branku, kterou m\u011bl na sv\u011bdom\u00ed Paul Rideout. Ve druh\u00e9m polo\u010dase exceloval, v\u00fdborn\u00fd Neville Southall a Toffees se radovali ze zisku p\u00e1t\u00e9ho a zat\u00edm posledn\u00ed FA Cupu. Mimochodem \u0161lo o jedin\u00e9 velk\u00e9 prohran\u00e9 fin\u00e1le Manchesteru United z 90. let.<\/td>\n<\/tr>\n<\/tbody>\n<\/table>\n<p>&nbsp;<\/p>\n<table align=\"center\">\n<tbody>\n<tr>\n<td><img loading=\"lazy\" decoding=\"async\" class=\"aligncenter\" src=\"http:\/\/evertonfc.cz\/wp-content\/uploads\/2019\/02\/10.jpg\" alt=\"\" width=\"450\" height=\"352\" \/><\/td>\n<\/tr>\n<tr>\n<td style=\"text-align: center;\">Joe Royle pos\u00edl\u00e1 do fin\u00e1le Duncana Fergusona, jeho\u017e hostov\u00e1n\u00ed z Rangers prom\u011bnil v p\u0159estup za 4,4 miliony liber, \u010d\u00edm\u017e p\u0159ekonal britsk\u00fd rekord.<\/td>\n<\/tr>\n<\/tbody>\n<\/table>\n<table align=\"center\">\n<tbody>\n<tr>\n<td><img loading=\"lazy\" decoding=\"async\" class=\"aligncenter\" src=\"http:\/\/evertonfc.cz\/wp-content\/uploads\/2019\/02\/12.jpg\" alt=\"\" width=\"450\" height=\"344\" \/><\/td>\n<\/tr>\n<tr>\n<td style=\"text-align: center;\">S bossem Blackburnu Rayem Harfordem p\u0159ed Charity Shield z roku 1995, Everton porazil ligov\u00e9 mistra 1:0, na \u00fasp\u011b\u0161n\u00e9 \u010dasy v\u0161ak nedo\u0161lo. Everton tr\u00e1pily finan\u010dn\u00ed probl\u00e9my, a tak po sez\u00f3n\u011b 1995\/96 museli odej\u00edt hr\u00e1\u010di jako Andrei Kanchelskis, Andrers Limpar a Vinny Samways. Probl\u00e9my v klubu dos\u00e1hly vrcholu v b\u0159eznu roku 1997, Tore Andre Flo platil za jasnou jedni\u010dkou mezi Roylov\u00fdmi vytipovan\u00fdmi posilami. S n\u00edm by byl koupen i jeho norsk\u00fd krajan Claus Eftevaag. Flo st\u00e1l 4 miliony liber, p\u0159estup se zd\u00e1l jasn\u00fd, ov\u0161em do obchodu se vlo\u017eil p\u0159edseda Peter Johnson a zatrhl ho. Na\u0161tvan\u00fd Royle po 30 minut\u00e1ch podal rezignaci, a tak na Deadline Day v b\u0159eznu roku 1997 v klubu skon\u010dil.<\/td>\n<\/tr>\n<\/tbody>\n<\/table>\n<p>&nbsp;<\/p>\n<table align=\"center\">\n<tbody>\n<tr>\n<td><img loading=\"lazy\" decoding=\"async\" class=\"aligncenter\" src=\"http:\/\/evertonfc.cz\/wp-content\/uploads\/2019\/02\/15.jpg\" alt=\"\" width=\"450\" height=\"519\" \/><\/td>\n<\/tr>\n<tr>\n<td style=\"text-align: center;\">Royle se p\u0159esto v dal\u0161\u00edch letech objevoval v hledi\u0161ti Goodison Parku, p\u0159i derby 3:3 z lo\u0148sk\u00e9 sez\u00f3ny si zala\u0161koval s Peterem Reidem.<\/td>\n<\/tr>\n<\/tbody>\n<\/table>\n<p>&nbsp;<\/p>\n<table align=\"center\">\n<tbody>\n<tr>\n<td><img loading=\"lazy\" decoding=\"async\" class=\"aligncenter\" src=\"http:\/\/evertonfc.cz\/wp-content\/uploads\/2019\/02\/16.jpg\" alt=\"\" width=\"450\" height=\"329\" \/><\/td>\n<\/tr>\n<tr>\n<td style=\"text-align: center;\">Roberto Mart\u00ednez o popul\u00e1rn\u00edho Evertoniana hodn\u011b st\u00e1l, v\u011b\u0159\u00ed mu v oblasti rozvoje ml\u00e1de\u017ee.<\/td>\n<\/tr>\n<\/tbody>\n<\/table>\n","protected":false},"excerpt":{"rendered":"<p>Kdy\u017e Joe Royle p\u0159irovnal Everton k domovu, jen m\u00e1lokdo mu jeho slova nev\u011b\u0159il. S Blues ho poj\u00ed pades\u00e1tilet\u00e9 pouto oko\u0159en\u011bn\u00e9&hellip;<\/p>\n","protected":false},"author":6,"featured_media":1313,"comment_status":"open","ping_status":"closed","sticky":false,"template":"","format":"standard","meta":{"_eb_attr":"","_monsterinsights_skip_tracking":false,"_monsterinsights_sitenote_active":false,"_monsterinsights_sitenote_note":"","_monsterinsights_sitenote_category":0,"footnotes":""},"categories":[42],"tags":[],"yoast_head":"<!-- This site is optimized with the Yoast SEO plugin v23.4 - https:\/\/yoast.com\/wordpress\/plugins\/seo\/ -->\n<title>Foto: Roylova l\u00e9ta na Goodisonu - Official Czech &amp; Slovak Everton Supporters&#039; Club<\/title>\n<meta name=\"robots\" content=\"index, follow, max-snippet:-1, max-image-preview:large, max-video-preview:-1\" \/>\n<link rel=\"canonical\" href=\"https:\/\/evertonfc.cz\/index.php\/2014\/07\/16\/foto-roylova-leta-na-goodisonu\/\" \/>\n<meta property=\"og:locale\" content=\"cs_CZ\" \/>\n<meta property=\"og:type\" content=\"article\" \/>\n<meta property=\"og:title\" content=\"Foto: Roylova l\u00e9ta na Goodisonu - Official Czech &amp; Slovak Everton Supporters&#039; Club\" \/>\n<meta property=\"og:description\" content=\"Kdy\u017e Joe Royle p\u0159irovnal Everton k domovu, jen m\u00e1lokdo mu jeho slova nev\u011b\u0159il. S Blues ho poj\u00ed pades\u00e1tilet\u00e9 pouto oko\u0159en\u011bn\u00e9&hellip;\" \/>\n<meta property=\"og:url\" content=\"https:\/\/evertonfc.cz\/index.php\/2014\/07\/16\/foto-roylova-leta-na-goodisonu\/\" \/>\n<meta property=\"og:site_name\" content=\"Official Czech &amp; Slovak Everton Supporters&#039; Club\" \/>\n<meta property=\"article:publisher\" content=\"https:\/\/www.facebook.com\/everton.fans.cz.sk\" \/>\n<meta property=\"article:published_time\" content=\"2014-07-16T20:27:20+00:00\" \/>\n<meta property=\"article:modified_time\" content=\"2019-02-13T21:39:50+00:00\" \/>\n<meta property=\"og:image\" content=\"https:\/\/evertonfc.cz\/wp-content\/uploads\/2019\/01\/news.jpg\" \/>\n\t<meta property=\"og:image:width\" content=\"720\" \/>\n\t<meta property=\"og:image:height\" content=\"405\" \/>\n\t<meta property=\"og:image:type\" content=\"image\/jpeg\" \/>\n<meta name=\"author\" content=\"Ri\u010di\" \/>\n<meta name=\"twitter:card\" content=\"summary_large_image\" \/>\n<meta name=\"twitter:creator\" content=\"@rbrejsa\" \/>\n<meta name=\"twitter:label1\" content=\"Napsal(a)\" \/>\n\t<meta name=\"twitter:data1\" content=\"Ri\u010di\" \/>\n\t<meta name=\"twitter:label2\" content=\"Odhadovan\u00e1 doba \u010dten\u00ed\" \/>\n\t<meta name=\"twitter:data2\" content=\"4 minuty\" \/>\n<script type=\"application\/ld+json\" class=\"yoast-schema-graph\">{\"@context\":\"https:\/\/schema.org\",\"@graph\":[{\"@type\":\"Article\",\"@id\":\"https:\/\/evertonfc.cz\/index.php\/2014\/07\/16\/foto-roylova-leta-na-goodisonu\/#article\",\"isPartOf\":{\"@id\":\"https:\/\/evertonfc.cz\/index.php\/2014\/07\/16\/foto-roylova-leta-na-goodisonu\/\"},\"author\":{\"name\":\"Ri\u010di\",\"@id\":\"https:\/\/evertonfc.cz\/#\/schema\/person\/f7a5daedb2ffee98480bc70e191aaef1\"},\"headline\":\"Foto: Roylova l\u00e9ta na Goodisonu\",\"datePublished\":\"2014-07-16T20:27:20+00:00\",\"dateModified\":\"2019-02-13T21:39:50+00:00\",\"mainEntityOfPage\":{\"@id\":\"https:\/\/evertonfc.cz\/index.php\/2014\/07\/16\/foto-roylova-leta-na-goodisonu\/\"},\"wordCount\":751,\"commentCount\":0,\"publisher\":{\"@id\":\"https:\/\/evertonfc.cz\/#organization\"},\"image\":{\"@id\":\"https:\/\/evertonfc.cz\/index.php\/2014\/07\/16\/foto-roylova-leta-na-goodisonu\/#primaryimage\"},\"thumbnailUrl\":\"https:\/\/evertonfc.cz\/wp-content\/uploads\/2019\/01\/news.jpg\",\"articleSection\":[\"Aktuality\"],\"inLanguage\":\"cs\",\"potentialAction\":[{\"@type\":\"CommentAction\",\"name\":\"Comment\",\"target\":[\"https:\/\/evertonfc.cz\/index.php\/2014\/07\/16\/foto-roylova-leta-na-goodisonu\/#respond\"]}]},{\"@type\":\"WebPage\",\"@id\":\"https:\/\/evertonfc.cz\/index.php\/2014\/07\/16\/foto-roylova-leta-na-goodisonu\/\",\"url\":\"https:\/\/evertonfc.cz\/index.php\/2014\/07\/16\/foto-roylova-leta-na-goodisonu\/\",\"name\":\"Foto: Roylova l\u00e9ta na Goodisonu - Official Czech &amp; Slovak Everton Supporters&#039; Club\",\"isPartOf\":{\"@id\":\"https:\/\/evertonfc.cz\/#website\"},\"primaryImageOfPage\":{\"@id\":\"https:\/\/evertonfc.cz\/index.php\/2014\/07\/16\/foto-roylova-leta-na-goodisonu\/#primaryimage\"},\"image\":{\"@id\":\"https:\/\/evertonfc.cz\/index.php\/2014\/07\/16\/foto-roylova-leta-na-goodisonu\/#primaryimage\"},\"thumbnailUrl\":\"https:\/\/evertonfc.cz\/wp-content\/uploads\/2019\/01\/news.jpg\",\"datePublished\":\"2014-07-16T20:27:20+00:00\",\"dateModified\":\"2019-02-13T21:39:50+00:00\",\"breadcrumb\":{\"@id\":\"https:\/\/evertonfc.cz\/index.php\/2014\/07\/16\/foto-roylova-leta-na-goodisonu\/#breadcrumb\"},\"inLanguage\":\"cs\",\"potentialAction\":[{\"@type\":\"ReadAction\",\"target\":[\"https:\/\/evertonfc.cz\/index.php\/2014\/07\/16\/foto-roylova-leta-na-goodisonu\/\"]}]},{\"@type\":\"ImageObject\",\"inLanguage\":\"cs\",\"@id\":\"https:\/\/evertonfc.cz\/index.php\/2014\/07\/16\/foto-roylova-leta-na-goodisonu\/#primaryimage\",\"url\":\"https:\/\/evertonfc.cz\/wp-content\/uploads\/2019\/01\/news.jpg\",\"contentUrl\":\"https:\/\/evertonfc.cz\/wp-content\/uploads\/2019\/01\/news.jpg\",\"width\":720,\"height\":405},{\"@type\":\"BreadcrumbList\",\"@id\":\"https:\/\/evertonfc.cz\/index.php\/2014\/07\/16\/foto-roylova-leta-na-goodisonu\/#breadcrumb\",\"itemListElement\":[{\"@type\":\"ListItem\",\"position\":1,\"name\":\"Home\",\"item\":\"https:\/\/evertonfc.cz\/\"},{\"@type\":\"ListItem\",\"position\":2,\"name\":\"Foto: Roylova l\u00e9ta na Goodisonu\"}]},{\"@type\":\"WebSite\",\"@id\":\"https:\/\/evertonfc.cz\/#website\",\"url\":\"https:\/\/evertonfc.cz\/\",\"name\":\"Official Czech &amp; Slovak Everton Supporters&#039; Club\",\"description\":\"\",\"publisher\":{\"@id\":\"https:\/\/evertonfc.cz\/#organization\"},\"potentialAction\":[{\"@type\":\"SearchAction\",\"target\":{\"@type\":\"EntryPoint\",\"urlTemplate\":\"https:\/\/evertonfc.cz\/?s={search_term_string}\"},\"query-input\":{\"@type\":\"PropertyValueSpecification\",\"valueRequired\":true,\"valueName\":\"search_term_string\"}}],\"inLanguage\":\"cs\"},{\"@type\":\"Organization\",\"@id\":\"https:\/\/evertonfc.cz\/#organization\",\"name\":\"Official Czech & Slovak Everton Supporters' Club\",\"url\":\"https:\/\/evertonfc.cz\/\",\"logo\":{\"@type\":\"ImageObject\",\"inLanguage\":\"cs\",\"@id\":\"https:\/\/evertonfc.cz\/#\/schema\/logo\/image\/\",\"url\":\"https:\/\/evertonfc.cz\/wp-content\/uploads\/2019\/05\/logo.png\",\"contentUrl\":\"https:\/\/evertonfc.cz\/wp-content\/uploads\/2019\/05\/logo.png\",\"width\":112,\"height\":112,\"caption\":\"Official Czech & Slovak Everton Supporters' Club\"},\"image\":{\"@id\":\"https:\/\/evertonfc.cz\/#\/schema\/logo\/image\/\"},\"sameAs\":[\"https:\/\/www.facebook.com\/everton.fans.cz.sk\"]},{\"@type\":\"Person\",\"@id\":\"https:\/\/evertonfc.cz\/#\/schema\/person\/f7a5daedb2ffee98480bc70e191aaef1\",\"name\":\"Ri\u010di\",\"sameAs\":[\"https:\/\/x.com\/rbrejsa\"],\"url\":\"https:\/\/evertonfc.cz\/index.php\/author\/rici\/\"}]}<\/script>\n<!-- \/ Yoast SEO plugin. -->","yoast_head_json":{"title":"Foto: Roylova l\u00e9ta na Goodisonu - Official Czech &amp; Slovak Everton Supporters&#039; Club","robots":{"index":"index","follow":"follow","max-snippet":"max-snippet:-1","max-image-preview":"max-image-preview:large","max-video-preview":"max-video-preview:-1"},"canonical":"https:\/\/evertonfc.cz\/index.php\/2014\/07\/16\/foto-roylova-leta-na-goodisonu\/","og_locale":"cs_CZ","og_type":"article","og_title":"Foto: Roylova l\u00e9ta na Goodisonu - Official Czech &amp; Slovak Everton Supporters&#039; Club","og_description":"Kdy\u017e Joe Royle p\u0159irovnal Everton k domovu, jen m\u00e1lokdo mu jeho slova nev\u011b\u0159il. S Blues ho poj\u00ed pades\u00e1tilet\u00e9 pouto oko\u0159en\u011bn\u00e9&hellip;","og_url":"https:\/\/evertonfc.cz\/index.php\/2014\/07\/16\/foto-roylova-leta-na-goodisonu\/","og_site_name":"Official Czech &amp; Slovak Everton Supporters&#039; Club","article_publisher":"https:\/\/www.facebook.com\/everton.fans.cz.sk","article_published_time":"2014-07-16T20:27:20+00:00","article_modified_time":"2019-02-13T21:39:50+00:00","og_image":[{"width":720,"height":405,"url":"https:\/\/evertonfc.cz\/wp-content\/uploads\/2019\/01\/news.jpg","type":"image\/jpeg"}],"author":"Ri\u010di","twitter_card":"summary_large_image","twitter_creator":"@rbrejsa","twitter_misc":{"Napsal(a)":"Ri\u010di","Odhadovan\u00e1 doba \u010dten\u00ed":"4 minuty"},"schema":{"@context":"https:\/\/schema.org","@graph":[{"@type":"Article","@id":"https:\/\/evertonfc.cz\/index.php\/2014\/07\/16\/foto-roylova-leta-na-goodisonu\/#article","isPartOf":{"@id":"https:\/\/evertonfc.cz\/index.php\/2014\/07\/16\/foto-roylova-leta-na-goodisonu\/"},"author":{"name":"Ri\u010di","@id":"https:\/\/evertonfc.cz\/#\/schema\/person\/f7a5daedb2ffee98480bc70e191aaef1"},"headline":"Foto: Roylova l\u00e9ta na Goodisonu","datePublished":"2014-07-16T20:27:20+00:00","dateModified":"2019-02-13T21:39:50+00:00","mainEntityOfPage":{"@id":"https:\/\/evertonfc.cz\/index.php\/2014\/07\/16\/foto-roylova-leta-na-goodisonu\/"},"wordCount":751,"commentCount":0,"publisher":{"@id":"https:\/\/evertonfc.cz\/#organization"},"image":{"@id":"https:\/\/evertonfc.cz\/index.php\/2014\/07\/16\/foto-roylova-leta-na-goodisonu\/#primaryimage"},"thumbnailUrl":"https:\/\/evertonfc.cz\/wp-content\/uploads\/2019\/01\/news.jpg","articleSection":["Aktuality"],"inLanguage":"cs","potentialAction":[{"@type":"CommentAction","name":"Comment","target":["https:\/\/evertonfc.cz\/index.php\/2014\/07\/16\/foto-roylova-leta-na-goodisonu\/#respond"]}]},{"@type":"WebPage","@id":"https:\/\/evertonfc.cz\/index.php\/2014\/07\/16\/foto-roylova-leta-na-goodisonu\/","url":"https:\/\/evertonfc.cz\/index.php\/2014\/07\/16\/foto-roylova-leta-na-goodisonu\/","name":"Foto: Roylova l\u00e9ta na Goodisonu - Official Czech &amp; Slovak Everton Supporters&#039; Club","isPartOf":{"@id":"https:\/\/evertonfc.cz\/#website"},"primaryImageOfPage":{"@id":"https:\/\/evertonfc.cz\/index.php\/2014\/07\/16\/foto-roylova-leta-na-goodisonu\/#primaryimage"},"image":{"@id":"https:\/\/evertonfc.cz\/index.php\/2014\/07\/16\/foto-roylova-leta-na-goodisonu\/#primaryimage"},"thumbnailUrl":"https:\/\/evertonfc.cz\/wp-content\/uploads\/2019\/01\/news.jpg","datePublished":"2014-07-16T20:27:20+00:00","dateModified":"2019-02-13T21:39:50+00:00","breadcrumb":{"@id":"https:\/\/evertonfc.cz\/index.php\/2014\/07\/16\/foto-roylova-leta-na-goodisonu\/#breadcrumb"},"inLanguage":"cs","potentialAction":[{"@type":"ReadAction","target":["https:\/\/evertonfc.cz\/index.php\/2014\/07\/16\/foto-roylova-leta-na-goodisonu\/"]}]},{"@type":"ImageObject","inLanguage":"cs","@id":"https:\/\/evertonfc.cz\/index.php\/2014\/07\/16\/foto-roylova-leta-na-goodisonu\/#primaryimage","url":"https:\/\/evertonfc.cz\/wp-content\/uploads\/2019\/01\/news.jpg","contentUrl":"https:\/\/evertonfc.cz\/wp-content\/uploads\/2019\/01\/news.jpg","width":720,"height":405},{"@type":"BreadcrumbList","@id":"https:\/\/evertonfc.cz\/index.php\/2014\/07\/16\/foto-roylova-leta-na-goodisonu\/#breadcrumb","itemListElement":[{"@type":"ListItem","position":1,"name":"Home","item":"https:\/\/evertonfc.cz\/"},{"@type":"ListItem","position":2,"name":"Foto: Roylova l\u00e9ta na Goodisonu"}]},{"@type":"WebSite","@id":"https:\/\/evertonfc.cz\/#website","url":"https:\/\/evertonfc.cz\/","name":"Official Czech &amp; Slovak Everton Supporters&#039; Club","description":"","publisher":{"@id":"https:\/\/evertonfc.cz\/#organization"},"potentialAction":[{"@type":"SearchAction","target":{"@type":"EntryPoint","urlTemplate":"https:\/\/evertonfc.cz\/?s={search_term_string}"},"query-input":{"@type":"PropertyValueSpecification","valueRequired":true,"valueName":"search_term_string"}}],"inLanguage":"cs"},{"@type":"Organization","@id":"https:\/\/evertonfc.cz\/#organization","name":"Official Czech & Slovak Everton Supporters' Club","url":"https:\/\/evertonfc.cz\/","logo":{"@type":"ImageObject","inLanguage":"cs","@id":"https:\/\/evertonfc.cz\/#\/schema\/logo\/image\/","url":"https:\/\/evertonfc.cz\/wp-content\/uploads\/2019\/05\/logo.png","contentUrl":"https:\/\/evertonfc.cz\/wp-content\/uploads\/2019\/05\/logo.png","width":112,"height":112,"caption":"Official Czech & Slovak Everton Supporters' Club"},"image":{"@id":"https:\/\/evertonfc.cz\/#\/schema\/logo\/image\/"},"sameAs":["https:\/\/www.facebook.com\/everton.fans.cz.sk"]},{"@type":"Person","@id":"https:\/\/evertonfc.cz\/#\/schema\/person\/f7a5daedb2ffee98480bc70e191aaef1","name":"Ri\u010di","sameAs":["https:\/\/x.com\/rbrejsa"],"url":"https:\/\/evertonfc.cz\/index.php\/author\/rici\/"}]}},"_links":{"self":[{"href":"https:\/\/evertonfc.cz\/index.php\/wp-json\/wp\/v2\/posts\/4836"}],"collection":[{"href":"https:\/\/evertonfc.cz\/index.php\/wp-json\/wp\/v2\/posts"}],"about":[{"href":"https:\/\/evertonfc.cz\/index.php\/wp-json\/wp\/v2\/types\/post"}],"author":[{"embeddable":true,"href":"https:\/\/evertonfc.cz\/index.php\/wp-json\/wp\/v2\/users\/6"}],"replies":[{"embeddable":true,"href":"https:\/\/evertonfc.cz\/index.php\/wp-json\/wp\/v2\/comments?post=4836"}],"version-history":[{"count":5,"href":"https:\/\/evertonfc.cz\/index.php\/wp-json\/wp\/v2\/posts\/4836\/revisions"}],"predecessor-version":[{"id":4841,"href":"https:\/\/evertonfc.cz\/index.php\/wp-json\/wp\/v2\/posts\/4836\/revisions\/4841"}],"wp:featuredmedia":[{"embeddable":true,"href":"https:\/\/evertonfc.cz\/index.php\/wp-json\/wp\/v2\/media\/1313"}],"wp:attachment":[{"href":"https:\/\/evertonfc.cz\/index.php\/wp-json\/wp\/v2\/media?parent=4836"}],"wp:term":[{"taxonomy":"category","embeddable":true,"href":"https:\/\/evertonfc.cz\/index.php\/wp-json\/wp\/v2\/categories?post=4836"},{"taxonomy":"post_tag","embeddable":true,"href":"https:\/\/evertonfc.cz\/index.php\/wp-json\/wp\/v2\/tags?post=4836"}],"curies":[{"name":"wp","href":"https:\/\/api.w.org\/{rel}","templated":true}]}}