{"id":4842,"date":"2014-06-25T22:40:32","date_gmt":"2014-06-25T20:40:32","guid":{"rendered":"http:\/\/evertonfc.cz\/?p=4842"},"modified":"2019-03-14T00:02:57","modified_gmt":"2019-03-13T23:02:57","slug":"nove-domaci-dresy-odhaleny","status":"publish","type":"post","link":"https:\/\/evertonfc.cz\/index.php\/2014\/06\/25\/nove-domaci-dresy-odhaleny\/","title":{"rendered":"Nov\u00e9 dom\u00e1c\u00ed dresy odhaleny"},"content":{"rendered":"<p>Umbro, staronov\u00fd v\u00fdrobce klubov\u00fdch dres\u016f, vsadilo jednoduchost, kter\u00e1 se vyplatila. Everton bude jako prvn\u00ed volbu obl\u00e9kat tmav\u011b modr\u00fd vr\u0161ek, b\u00edl\u00e9 tren\u00fdrky a tmav\u011b modr\u00e9 \u0161tulpny.<\/p>\n<p>Inspirac\u00ed byl dres Blues\u00a0z let 1924\u00a0(takt\u00e9\u017e rok vzniku Umbra)\u00a0a\u017e 1929. Na hrudi potom pochopiteln\u011b nechyb\u00ed\u00a0nov\u00fd znak.<\/p>\n<p>Propagaci dres\u016f Umbro pojmenovalo <a href=\"https:\/\/www.youtube.com\/watch?v=s_ZT1U4iuEs\" target=\"_blank\" rel=\"noopener noreferrer\">Fabric of Everton<\/a> a vytvo\u0159ilo tak\u00e9 video, v n\u011bm\u017e figuruj\u00ed postavy spojen\u00e9 s Toffees z let minul\u00fdch a sou\u010dasn\u00fdch.<\/p>\n<p><img loading=\"lazy\" decoding=\"async\" class=\"alignnone size-full wp-image-4829 aligncenter\" src=\"http:\/\/evertonfc.cz\/wp-content\/uploads\/2019\/02\/12-1.jpg\" alt=\"\" width=\"450\" height=\"301\" srcset=\"https:\/\/evertonfc.cz\/wp-content\/uploads\/2019\/02\/12-1.jpg 450w, https:\/\/evertonfc.cz\/wp-content\/uploads\/2019\/02\/12-1-300x201.jpg 300w\" sizes=\"(max-width: 450px) 100vw, 450px\" \/><\/p>\n<p style=\"text-align: center;\"><img loading=\"lazy\" decoding=\"async\" class=\"alignnone size-full wp-image-4825\" src=\"http:\/\/evertonfc.cz\/wp-content\/uploads\/2019\/02\/5-1.jpg\" alt=\"\" width=\"450\" height=\"301\" srcset=\"https:\/\/evertonfc.cz\/wp-content\/uploads\/2019\/02\/5-1.jpg 450w, https:\/\/evertonfc.cz\/wp-content\/uploads\/2019\/02\/5-1-300x201.jpg 300w\" sizes=\"(max-width: 450px) 100vw, 450px\" \/><\/p>\n<p style=\"text-align: center;\"><img loading=\"lazy\" decoding=\"async\" class=\"alignnone size-full wp-image-4827\" src=\"http:\/\/evertonfc.cz\/wp-content\/uploads\/2019\/02\/8-1.jpg\" alt=\"\" width=\"450\" height=\"301\" srcset=\"https:\/\/evertonfc.cz\/wp-content\/uploads\/2019\/02\/8-1.jpg 450w, https:\/\/evertonfc.cz\/wp-content\/uploads\/2019\/02\/8-1-300x201.jpg 300w\" sizes=\"(max-width: 450px) 100vw, 450px\" \/><\/p>\n<p style=\"text-align: center;\"><img loading=\"lazy\" decoding=\"async\" class=\"alignnone size-full wp-image-4828\" src=\"http:\/\/evertonfc.cz\/wp-content\/uploads\/2019\/02\/9-1.jpg\" alt=\"\" width=\"450\" height=\"301\" srcset=\"https:\/\/evertonfc.cz\/wp-content\/uploads\/2019\/02\/9-1.jpg 450w, https:\/\/evertonfc.cz\/wp-content\/uploads\/2019\/02\/9-1-300x201.jpg 300w\" sizes=\"(max-width: 450px) 100vw, 450px\" \/><\/p>\n<p style=\"text-align: center;\"><img loading=\"lazy\" decoding=\"async\" class=\"alignnone size-full wp-image-4826\" src=\"http:\/\/evertonfc.cz\/wp-content\/uploads\/2019\/02\/7-1.jpg\" alt=\"\" width=\"450\" height=\"301\" srcset=\"https:\/\/evertonfc.cz\/wp-content\/uploads\/2019\/02\/7-1.jpg 450w, https:\/\/evertonfc.cz\/wp-content\/uploads\/2019\/02\/7-1-300x201.jpg 300w\" sizes=\"(max-width: 450px) 100vw, 450px\" \/><\/p>\n<p><img loading=\"lazy\" decoding=\"async\" class=\"alignnone size-full wp-image-4824 aligncenter\" src=\"http:\/\/evertonfc.cz\/wp-content\/uploads\/2019\/02\/3-1.jpg\" alt=\"\" width=\"450\" height=\"301\" srcset=\"https:\/\/evertonfc.cz\/wp-content\/uploads\/2019\/02\/3-1.jpg 450w, https:\/\/evertonfc.cz\/wp-content\/uploads\/2019\/02\/3-1-300x201.jpg 300w\" sizes=\"(max-width: 450px) 100vw, 450px\" \/><\/p>\n","protected":false},"excerpt":{"rendered":"<p>Umbro, staronov\u00fd v\u00fdrobce klubov\u00fdch dres\u016f, vsadilo jednoduchost, kter\u00e1 se vyplatila. Everton bude jako prvn\u00ed volbu obl\u00e9kat tmav\u011b modr\u00fd vr\u0161ek, b\u00edl\u00e9&hellip;<\/p>\n","protected":false},"author":6,"featured_media":1313,"comment_status":"open","ping_status":"closed","sticky":false,"template":"","format":"standard","meta":{"_eb_attr":"","_monsterinsights_skip_tracking":false,"_monsterinsights_sitenote_active":false,"_monsterinsights_sitenote_note":"","_monsterinsights_sitenote_category":0,"footnotes":""},"categories":[42],"tags":[],"yoast_head":"<!-- This site is optimized with the Yoast SEO plugin v23.4 - https:\/\/yoast.com\/wordpress\/plugins\/seo\/ -->\n<title>Nov\u00e9 dom\u00e1c\u00ed dresy odhaleny - Official Czech &amp; Slovak Everton Supporters&#039; Club<\/title>\n<meta name=\"robots\" content=\"index, follow, max-snippet:-1, max-image-preview:large, max-video-preview:-1\" \/>\n<link rel=\"canonical\" href=\"https:\/\/evertonfc.cz\/index.php\/2014\/06\/25\/nove-domaci-dresy-odhaleny\/\" \/>\n<meta property=\"og:locale\" content=\"cs_CZ\" \/>\n<meta property=\"og:type\" content=\"article\" \/>\n<meta property=\"og:title\" content=\"Nov\u00e9 dom\u00e1c\u00ed dresy odhaleny - Official Czech &amp; Slovak Everton Supporters&#039; Club\" \/>\n<meta property=\"og:description\" content=\"Umbro, staronov\u00fd v\u00fdrobce klubov\u00fdch dres\u016f, vsadilo jednoduchost, kter\u00e1 se vyplatila. Everton bude jako prvn\u00ed volbu obl\u00e9kat tmav\u011b modr\u00fd vr\u0161ek, b\u00edl\u00e9&hellip;\" \/>\n<meta property=\"og:url\" content=\"https:\/\/evertonfc.cz\/index.php\/2014\/06\/25\/nove-domaci-dresy-odhaleny\/\" \/>\n<meta property=\"og:site_name\" content=\"Official Czech &amp; Slovak Everton Supporters&#039; Club\" \/>\n<meta property=\"article:publisher\" content=\"https:\/\/www.facebook.com\/everton.fans.cz.sk\" \/>\n<meta property=\"article:published_time\" content=\"2014-06-25T20:40:32+00:00\" \/>\n<meta property=\"article:modified_time\" content=\"2019-03-13T23:02:57+00:00\" \/>\n<meta property=\"og:image\" content=\"https:\/\/evertonfc.cz\/wp-content\/uploads\/2019\/01\/news.jpg\" \/>\n\t<meta property=\"og:image:width\" content=\"720\" \/>\n\t<meta property=\"og:image:height\" content=\"405\" \/>\n\t<meta property=\"og:image:type\" content=\"image\/jpeg\" \/>\n<meta name=\"author\" content=\"Ri\u010di\" \/>\n<meta name=\"twitter:card\" content=\"summary_large_image\" \/>\n<meta name=\"twitter:creator\" content=\"@rbrejsa\" \/>\n<meta name=\"twitter:label1\" content=\"Napsal(a)\" \/>\n\t<meta name=\"twitter:data1\" content=\"Ri\u010di\" \/>\n<script type=\"application\/ld+json\" class=\"yoast-schema-graph\">{\"@context\":\"https:\/\/schema.org\",\"@graph\":[{\"@type\":\"Article\",\"@id\":\"https:\/\/evertonfc.cz\/index.php\/2014\/06\/25\/nove-domaci-dresy-odhaleny\/#article\",\"isPartOf\":{\"@id\":\"https:\/\/evertonfc.cz\/index.php\/2014\/06\/25\/nove-domaci-dresy-odhaleny\/\"},\"author\":{\"name\":\"Ri\u010di\",\"@id\":\"https:\/\/evertonfc.cz\/#\/schema\/person\/f7a5daedb2ffee98480bc70e191aaef1\"},\"headline\":\"Nov\u00e9 dom\u00e1c\u00ed dresy odhaleny\",\"datePublished\":\"2014-06-25T20:40:32+00:00\",\"dateModified\":\"2019-03-13T23:02:57+00:00\",\"mainEntityOfPage\":{\"@id\":\"https:\/\/evertonfc.cz\/index.php\/2014\/06\/25\/nove-domaci-dresy-odhaleny\/\"},\"wordCount\":82,\"commentCount\":0,\"publisher\":{\"@id\":\"https:\/\/evertonfc.cz\/#organization\"},\"image\":{\"@id\":\"https:\/\/evertonfc.cz\/index.php\/2014\/06\/25\/nove-domaci-dresy-odhaleny\/#primaryimage\"},\"thumbnailUrl\":\"https:\/\/evertonfc.cz\/wp-content\/uploads\/2019\/01\/news.jpg\",\"articleSection\":[\"Aktuality\"],\"inLanguage\":\"cs\",\"potentialAction\":[{\"@type\":\"CommentAction\",\"name\":\"Comment\",\"target\":[\"https:\/\/evertonfc.cz\/index.php\/2014\/06\/25\/nove-domaci-dresy-odhaleny\/#respond\"]}]},{\"@type\":\"WebPage\",\"@id\":\"https:\/\/evertonfc.cz\/index.php\/2014\/06\/25\/nove-domaci-dresy-odhaleny\/\",\"url\":\"https:\/\/evertonfc.cz\/index.php\/2014\/06\/25\/nove-domaci-dresy-odhaleny\/\",\"name\":\"Nov\u00e9 dom\u00e1c\u00ed dresy odhaleny - Official Czech &amp; Slovak Everton Supporters&#039; Club\",\"isPartOf\":{\"@id\":\"https:\/\/evertonfc.cz\/#website\"},\"primaryImageOfPage\":{\"@id\":\"https:\/\/evertonfc.cz\/index.php\/2014\/06\/25\/nove-domaci-dresy-odhaleny\/#primaryimage\"},\"image\":{\"@id\":\"https:\/\/evertonfc.cz\/index.php\/2014\/06\/25\/nove-domaci-dresy-odhaleny\/#primaryimage\"},\"thumbnailUrl\":\"https:\/\/evertonfc.cz\/wp-content\/uploads\/2019\/01\/news.jpg\",\"datePublished\":\"2014-06-25T20:40:32+00:00\",\"dateModified\":\"2019-03-13T23:02:57+00:00\",\"breadcrumb\":{\"@id\":\"https:\/\/evertonfc.cz\/index.php\/2014\/06\/25\/nove-domaci-dresy-odhaleny\/#breadcrumb\"},\"inLanguage\":\"cs\",\"potentialAction\":[{\"@type\":\"ReadAction\",\"target\":[\"https:\/\/evertonfc.cz\/index.php\/2014\/06\/25\/nove-domaci-dresy-odhaleny\/\"]}]},{\"@type\":\"ImageObject\",\"inLanguage\":\"cs\",\"@id\":\"https:\/\/evertonfc.cz\/index.php\/2014\/06\/25\/nove-domaci-dresy-odhaleny\/#primaryimage\",\"url\":\"https:\/\/evertonfc.cz\/wp-content\/uploads\/2019\/01\/news.jpg\",\"contentUrl\":\"https:\/\/evertonfc.cz\/wp-content\/uploads\/2019\/01\/news.jpg\",\"width\":720,\"height\":405},{\"@type\":\"BreadcrumbList\",\"@id\":\"https:\/\/evertonfc.cz\/index.php\/2014\/06\/25\/nove-domaci-dresy-odhaleny\/#breadcrumb\",\"itemListElement\":[{\"@type\":\"ListItem\",\"position\":1,\"name\":\"Home\",\"item\":\"https:\/\/evertonfc.cz\/\"},{\"@type\":\"ListItem\",\"position\":2,\"name\":\"Nov\u00e9 dom\u00e1c\u00ed dresy odhaleny\"}]},{\"@type\":\"WebSite\",\"@id\":\"https:\/\/evertonfc.cz\/#website\",\"url\":\"https:\/\/evertonfc.cz\/\",\"name\":\"Official Czech &amp; Slovak Everton Supporters&#039; Club\",\"description\":\"\",\"publisher\":{\"@id\":\"https:\/\/evertonfc.cz\/#organization\"},\"potentialAction\":[{\"@type\":\"SearchAction\",\"target\":{\"@type\":\"EntryPoint\",\"urlTemplate\":\"https:\/\/evertonfc.cz\/?s={search_term_string}\"},\"query-input\":{\"@type\":\"PropertyValueSpecification\",\"valueRequired\":true,\"valueName\":\"search_term_string\"}}],\"inLanguage\":\"cs\"},{\"@type\":\"Organization\",\"@id\":\"https:\/\/evertonfc.cz\/#organization\",\"name\":\"Official Czech & Slovak Everton Supporters' Club\",\"url\":\"https:\/\/evertonfc.cz\/\",\"logo\":{\"@type\":\"ImageObject\",\"inLanguage\":\"cs\",\"@id\":\"https:\/\/evertonfc.cz\/#\/schema\/logo\/image\/\",\"url\":\"https:\/\/evertonfc.cz\/wp-content\/uploads\/2019\/05\/logo.png\",\"contentUrl\":\"https:\/\/evertonfc.cz\/wp-content\/uploads\/2019\/05\/logo.png\",\"width\":112,\"height\":112,\"caption\":\"Official Czech & Slovak Everton Supporters' Club\"},\"image\":{\"@id\":\"https:\/\/evertonfc.cz\/#\/schema\/logo\/image\/\"},\"sameAs\":[\"https:\/\/www.facebook.com\/everton.fans.cz.sk\"]},{\"@type\":\"Person\",\"@id\":\"https:\/\/evertonfc.cz\/#\/schema\/person\/f7a5daedb2ffee98480bc70e191aaef1\",\"name\":\"Ri\u010di\",\"sameAs\":[\"https:\/\/x.com\/rbrejsa\"],\"url\":\"https:\/\/evertonfc.cz\/index.php\/author\/rici\/\"}]}<\/script>\n<!-- \/ Yoast SEO plugin. -->","yoast_head_json":{"title":"Nov\u00e9 dom\u00e1c\u00ed dresy odhaleny - Official Czech &amp; Slovak Everton Supporters&#039; Club","robots":{"index":"index","follow":"follow","max-snippet":"max-snippet:-1","max-image-preview":"max-image-preview:large","max-video-preview":"max-video-preview:-1"},"canonical":"https:\/\/evertonfc.cz\/index.php\/2014\/06\/25\/nove-domaci-dresy-odhaleny\/","og_locale":"cs_CZ","og_type":"article","og_title":"Nov\u00e9 dom\u00e1c\u00ed dresy odhaleny - Official Czech &amp; Slovak Everton Supporters&#039; Club","og_description":"Umbro, staronov\u00fd v\u00fdrobce klubov\u00fdch dres\u016f, vsadilo jednoduchost, kter\u00e1 se vyplatila. Everton bude jako prvn\u00ed volbu obl\u00e9kat tmav\u011b modr\u00fd vr\u0161ek, b\u00edl\u00e9&hellip;","og_url":"https:\/\/evertonfc.cz\/index.php\/2014\/06\/25\/nove-domaci-dresy-odhaleny\/","og_site_name":"Official Czech &amp; Slovak Everton Supporters&#039; Club","article_publisher":"https:\/\/www.facebook.com\/everton.fans.cz.sk","article_published_time":"2014-06-25T20:40:32+00:00","article_modified_time":"2019-03-13T23:02:57+00:00","og_image":[{"width":720,"height":405,"url":"https:\/\/evertonfc.cz\/wp-content\/uploads\/2019\/01\/news.jpg","type":"image\/jpeg"}],"author":"Ri\u010di","twitter_card":"summary_large_image","twitter_creator":"@rbrejsa","twitter_misc":{"Napsal(a)":"Ri\u010di"},"schema":{"@context":"https:\/\/schema.org","@graph":[{"@type":"Article","@id":"https:\/\/evertonfc.cz\/index.php\/2014\/06\/25\/nove-domaci-dresy-odhaleny\/#article","isPartOf":{"@id":"https:\/\/evertonfc.cz\/index.php\/2014\/06\/25\/nove-domaci-dresy-odhaleny\/"},"author":{"name":"Ri\u010di","@id":"https:\/\/evertonfc.cz\/#\/schema\/person\/f7a5daedb2ffee98480bc70e191aaef1"},"headline":"Nov\u00e9 dom\u00e1c\u00ed dresy odhaleny","datePublished":"2014-06-25T20:40:32+00:00","dateModified":"2019-03-13T23:02:57+00:00","mainEntityOfPage":{"@id":"https:\/\/evertonfc.cz\/index.php\/2014\/06\/25\/nove-domaci-dresy-odhaleny\/"},"wordCount":82,"commentCount":0,"publisher":{"@id":"https:\/\/evertonfc.cz\/#organization"},"image":{"@id":"https:\/\/evertonfc.cz\/index.php\/2014\/06\/25\/nove-domaci-dresy-odhaleny\/#primaryimage"},"thumbnailUrl":"https:\/\/evertonfc.cz\/wp-content\/uploads\/2019\/01\/news.jpg","articleSection":["Aktuality"],"inLanguage":"cs","potentialAction":[{"@type":"CommentAction","name":"Comment","target":["https:\/\/evertonfc.cz\/index.php\/2014\/06\/25\/nove-domaci-dresy-odhaleny\/#respond"]}]},{"@type":"WebPage","@id":"https:\/\/evertonfc.cz\/index.php\/2014\/06\/25\/nove-domaci-dresy-odhaleny\/","url":"https:\/\/evertonfc.cz\/index.php\/2014\/06\/25\/nove-domaci-dresy-odhaleny\/","name":"Nov\u00e9 dom\u00e1c\u00ed dresy odhaleny - Official Czech &amp; Slovak Everton Supporters&#039; Club","isPartOf":{"@id":"https:\/\/evertonfc.cz\/#website"},"primaryImageOfPage":{"@id":"https:\/\/evertonfc.cz\/index.php\/2014\/06\/25\/nove-domaci-dresy-odhaleny\/#primaryimage"},"image":{"@id":"https:\/\/evertonfc.cz\/index.php\/2014\/06\/25\/nove-domaci-dresy-odhaleny\/#primaryimage"},"thumbnailUrl":"https:\/\/evertonfc.cz\/wp-content\/uploads\/2019\/01\/news.jpg","datePublished":"2014-06-25T20:40:32+00:00","dateModified":"2019-03-13T23:02:57+00:00","breadcrumb":{"@id":"https:\/\/evertonfc.cz\/index.php\/2014\/06\/25\/nove-domaci-dresy-odhaleny\/#breadcrumb"},"inLanguage":"cs","potentialAction":[{"@type":"ReadAction","target":["https:\/\/evertonfc.cz\/index.php\/2014\/06\/25\/nove-domaci-dresy-odhaleny\/"]}]},{"@type":"ImageObject","inLanguage":"cs","@id":"https:\/\/evertonfc.cz\/index.php\/2014\/06\/25\/nove-domaci-dresy-odhaleny\/#primaryimage","url":"https:\/\/evertonfc.cz\/wp-content\/uploads\/2019\/01\/news.jpg","contentUrl":"https:\/\/evertonfc.cz\/wp-content\/uploads\/2019\/01\/news.jpg","width":720,"height":405},{"@type":"BreadcrumbList","@id":"https:\/\/evertonfc.cz\/index.php\/2014\/06\/25\/nove-domaci-dresy-odhaleny\/#breadcrumb","itemListElement":[{"@type":"ListItem","position":1,"name":"Home","item":"https:\/\/evertonfc.cz\/"},{"@type":"ListItem","position":2,"name":"Nov\u00e9 dom\u00e1c\u00ed dresy odhaleny"}]},{"@type":"WebSite","@id":"https:\/\/evertonfc.cz\/#website","url":"https:\/\/evertonfc.cz\/","name":"Official Czech &amp; Slovak Everton Supporters&#039; Club","description":"","publisher":{"@id":"https:\/\/evertonfc.cz\/#organization"},"potentialAction":[{"@type":"SearchAction","target":{"@type":"EntryPoint","urlTemplate":"https:\/\/evertonfc.cz\/?s={search_term_string}"},"query-input":{"@type":"PropertyValueSpecification","valueRequired":true,"valueName":"search_term_string"}}],"inLanguage":"cs"},{"@type":"Organization","@id":"https:\/\/evertonfc.cz\/#organization","name":"Official Czech & Slovak Everton Supporters' Club","url":"https:\/\/evertonfc.cz\/","logo":{"@type":"ImageObject","inLanguage":"cs","@id":"https:\/\/evertonfc.cz\/#\/schema\/logo\/image\/","url":"https:\/\/evertonfc.cz\/wp-content\/uploads\/2019\/05\/logo.png","contentUrl":"https:\/\/evertonfc.cz\/wp-content\/uploads\/2019\/05\/logo.png","width":112,"height":112,"caption":"Official Czech & Slovak Everton Supporters' Club"},"image":{"@id":"https:\/\/evertonfc.cz\/#\/schema\/logo\/image\/"},"sameAs":["https:\/\/www.facebook.com\/everton.fans.cz.sk"]},{"@type":"Person","@id":"https:\/\/evertonfc.cz\/#\/schema\/person\/f7a5daedb2ffee98480bc70e191aaef1","name":"Ri\u010di","sameAs":["https:\/\/x.com\/rbrejsa"],"url":"https:\/\/evertonfc.cz\/index.php\/author\/rici\/"}]}},"_links":{"self":[{"href":"https:\/\/evertonfc.cz\/index.php\/wp-json\/wp\/v2\/posts\/4842"}],"collection":[{"href":"https:\/\/evertonfc.cz\/index.php\/wp-json\/wp\/v2\/posts"}],"about":[{"href":"https:\/\/evertonfc.cz\/index.php\/wp-json\/wp\/v2\/types\/post"}],"author":[{"embeddable":true,"href":"https:\/\/evertonfc.cz\/index.php\/wp-json\/wp\/v2\/users\/6"}],"replies":[{"embeddable":true,"href":"https:\/\/evertonfc.cz\/index.php\/wp-json\/wp\/v2\/comments?post=4842"}],"version-history":[{"count":2,"href":"https:\/\/evertonfc.cz\/index.php\/wp-json\/wp\/v2\/posts\/4842\/revisions"}],"predecessor-version":[{"id":7013,"href":"https:\/\/evertonfc.cz\/index.php\/wp-json\/wp\/v2\/posts\/4842\/revisions\/7013"}],"wp:featuredmedia":[{"embeddable":true,"href":"https:\/\/evertonfc.cz\/index.php\/wp-json\/wp\/v2\/media\/1313"}],"wp:attachment":[{"href":"https:\/\/evertonfc.cz\/index.php\/wp-json\/wp\/v2\/media?parent=4842"}],"wp:term":[{"taxonomy":"category","embeddable":true,"href":"https:\/\/evertonfc.cz\/index.php\/wp-json\/wp\/v2\/categories?post=4842"},{"taxonomy":"post_tag","embeddable":true,"href":"https:\/\/evertonfc.cz\/index.php\/wp-json\/wp\/v2\/tags?post=4842"}],"curies":[{"name":"wp","href":"https:\/\/api.w.org\/{rel}","templated":true}]}}