{"id":4913,"date":"2014-02-01T23:21:47","date_gmt":"2014-02-01T22:21:47","guid":{"rendered":"http:\/\/evertonfc.cz\/?p=4913"},"modified":"2021-05-01T10:59:25","modified_gmt":"2021-05-01T08:59:25","slug":"preview-everton-aston-villa-4","status":"publish","type":"post","link":"https:\/\/evertonfc.cz\/index.php\/2014\/02\/01\/preview-everton-aston-villa-4\/","title":{"rendered":"Preview: Everton &#8211; Aston Villa"},"content":{"rendered":"<h4 id=\"NewsPostDetailSummary\">Den po uzav\u0159en\u00ed p\u0159estupn\u00edho obdob\u00ed pokra\u010duj\u00ed boje v\u00a0Premier League. Toffees se v\u00a0nich utkaj\u00ed se sv\u00fdm nej\u010dast\u011bj\u0161\u00edm rivalem, co se ligov\u00fdch sout\u011b\u017e\u00ed t\u00fd\u010de, souboj s\u00a0Aston Villou m\u00e1 toti\u017e t\u00e9m\u011b\u0159 126letou tradici. Aspo\u0148 to n\u00e1m nikdo nevezme.<\/h4>\n<div id=\"NewsPostDetailContent\">\n<p>Historie duel\u016f s\u00a0birminghamsk\u00fdm celkem je opravdu dlouh\u00e1, v\u00a0lize se st\u0159etli ji\u017e 197 (zdroj evertonresults+BBC, wiki m\u00e1 199). Bilance je, jak u Evertonu b\u00fdv\u00e1 zvykem, vyrovnan\u00e1, oba t\u00fdmy nasb\u00edraly po 72 v\u00edt\u011bzstv\u00edch, v\u00a0posledn\u00ed dob\u011b si ale celkem obl\u00edbily i rem\u00edzy. Up\u0159\u00edmn\u011b, kdo by je nem\u011bl r\u00e1d.<\/p>\n<p>Bude to ale u\u017e bez Johnnyho Heitingy, kter\u00fd n\u00e1m podle o\u010dek\u00e1v\u00e1n\u00ed,by\u0165 za p\u016fl hodiny dvan\u00e1ct, dal sbohem, aby o\u017eivil sv\u00e9 \u0161ance na MS v\u00a0Braz\u00edlii na Craven Cottage. P\u0159ekvapivou novou tv\u00e1\u0159\u00ed je naopak talentovan\u00fd brank\u00e1\u0159 z\u00a0exotick\u00e9 Sparty Praha Jind\u0159ich Stan\u011bk. Abych se p\u0159iznal, nikdy jsem o n\u011bm nesly\u0161el, google mi o n\u011bm prozradil, \u017ee mu p\u0159ed 4 roky vybuchl na Letn\u00e9 d\u011blobuch pod nohama. Takov\u00e9 g\u00f3lmany RM m\u00e1 r\u00e1d.<\/p>\n<p>V\u00a0z\u00e1pase z\u00a0pohledu Evertonu p\u016fjde zejm\u00e9na o to, jak se hr\u00e1\u010di psychicky vyrovnaj\u00ed z\u00a0v\u00fdprasku v\u00a0derby a jak se v\u016fbec t\u00fdm poskl\u00e1d\u00e1. Podle v\u0161eho bude chyb\u011bt cel\u00e1 dev\u00edtka hr\u00e1\u010d\u016f, kter\u00e1 by sama o sob\u011b dala skoro cel\u00fd solidn\u00ed t\u00fdm, obr\u00e1nci Coleman, Alcaraz, Distin, Oviedo, z\u00e1lo\u017en\u00edci Gibson a Delofeu, v\u00a0\u00fatoku Lukaku, Kon\u00e9 a Traor\u00e9. Pr\u00e1v\u011b nad\u00a0\u00fato\u010dn\u00edky, kte\u0159\u00ed se postav\u00ed od za\u010d\u00e1tku na h\u0159i\u0161t\u011b, vis\u00ed asi nejv\u011bt\u0161\u00ed otazn\u00edk, ale d\u00e1 se o\u010dek\u00e1vat, \u017ee na hrotu nastoup\u00ed Mirallas a Naismith bude pravd\u011bpodobn\u011b v\u00a0Martinezov\u00fdch pl\u00e1nech tak\u00e9 figurovat. Obrana se bude podobn\u011b jako v\u00a0derby vypo\u0159\u00e1dat hlavn\u011b se soupe\u0159iv\u00fdm rychl\u00fdm p\u0159echodem do \u00fatoku. A kdo v\u00ed, dost mo\u017en\u00e1 se do\u010dk\u00e1me i Hibba. V\u00a0z\u00e1loze je mo\u017en\u00e1 nejm\u00e9n\u011b nejasnost\u00ed, obavy ale p\u016fsob\u00ed ur\u010dit\u00e1 \u00fanava, se kterou se pot\u00fdkaj\u00ed jak pravideln\u00ed perfome\u0159i, tak hr\u00e1\u010di urychlen\u011b vracej\u00edc\u00ed se po zran\u011bn\u00ed.<\/p>\n<p>Aston Villa naopak z\u00edskala ve West Midlands derby momentum, kdy\u017e oto\u010dila z\u00e1pas proti West Bromwichi. Pro Everton je dobr\u00e1 zpr\u00e1va, \u017ee bude chyb\u011bt Gabby Agbonlahor, kter\u00fd hraje proti Evertonu v\u017edy s\u00a0chut\u00ed. Na druh\u00e9 stran\u011b m\u00e1 podobnou specializaci Leon Osman, kter\u00fd Villans potrestal ji\u017e 6kr\u00e1t.<\/p>\n<h4><strong>Z\u00e1pasov\u00e1 fakta<\/strong><\/h4>\n<p><strong>Vz\u00e1jemn\u00e1<\/strong><\/p>\n<p>Everton je sice nepora\u017een v\u00a0posledn\u00edch 3 z\u00e1pasech s\u00a0Villou, ale tomu p\u0159edch\u00e1zela \u0161\u0148\u016fra 12 nevyhran\u00fdch. 7 z\u00a0posledn\u00edch 10 z\u00e1pas\u016f skon\u010dilo rem\u00edzou. Historick\u00e1 bilance pak vypad\u00e1 v\u00a0\u010d\u00edslech takto:<\/p>\n<p>V lize\u00a0\u00a0\u00a0\u00a0\u00a0\u00a0\u00a0\u00a0\u00a0\u00a0\u00a0\u00a0\u00a0\u00a0 \u00a0\u00a0\u00a0\u00a0\u00a0\u00a0\u00a0\u00a0\u00a0\u00a0\u00a0 197\u00a0\u00a0\u00a0\u00a0\u00a0\u00a0 72\u00a0\u00a0\u00a0\u00a0\u00a0\u00a0\u00a0 53\u00a0\u00a0\u00a0\u00a0\u00a0\u00a0\u00a0 72\u00a0\u00a0\u00a0\u00a0\u00a0\u00a0\u00a0 307:305<\/p>\n<p>EPL\u00a0\u00a0\u00a0\u00a0\u00a0\u00a0\u00a0\u00a0\u00a0\u00a0\u00a0\u00a0\u00a0\u00a0\u00a0\u00a0\u00a0\u00a0\u00a0\u00a0\u00a0\u00a0\u00a0\u00a0\u00a0\u00a0\u00a0\u00a0 43\u00a0\u00a0\u00a0\u00a0\u00a0\u00a0\u00a0 9\u00a0\u00a0\u00a0\u00a0\u00a0\u00a0\u00a0\u00a0\u00a0 17\u00a0\u00a0\u00a0\u00a0\u00a0\u00a0\u00a0 17\u00a0\u00a0\u00a0\u00a0\u00a0\u00a0\u00a0 50:63<\/p>\n<p>V\u0161e\u00a0\u00a0\u00a0\u00a0\u00a0\u00a0\u00a0\u00a0\u00a0\u00a0\u00a0\u00a0\u00a0\u00a0\u00a0\u00a0\u00a0\u00a0\u00a0\u00a0\u00a0\u00a0\u00a0\u00a0\u00a0\u00a0\u00a0\u00a0 215\u00a0\u00a0\u00a0\u00a0\u00a0\u00a0 78\u00a0\u00a0\u00a0\u00a0\u00a0\u00a0\u00a0 58\u00a0\u00a0\u00a0\u00a0\u00a0\u00a0\u00a0 79\u00a0\u00a0\u00a0\u00a0\u00a0\u00a0\u00a0 334:331<\/p>\n<p><strong>Everton <\/strong><\/p>\n<p>Toffees se vzpamatov\u00e1vaj\u00ed z\u00a0n\u011bjt\u011b\u017e\u0161\u00ed ligov\u00e9 por\u00e1\u017eky od roku 2009, co\u017e nen\u00ed tak dlouho, ale ani snad nebudu ps\u00e1t, co to bylo, jen snad nazna\u010d\u00edm, \u017ee potom neslavn\u011b ode\u0161el z\u00a0EFC jeden fanou\u0161ek AVFC.<\/p>\n<p>Vz\u00e1jemn\u00fd z\u00e1pas hran\u00fd zhruba p\u0159ed 100 lety (24.1.1914) ovl\u00e1dla na Goodison Parku Aston Villa, kdy\u017e p\u0159ed 35 tis\u00edci div\u00e1ky p\u0159ehr\u00e1la Everton 4:1. Rok na to vyhr\u00e1l Everton ligu. Ale taky byla v\u00e1lka.<\/p>\n<p>Everton sice dr\u017e\u00ed t\u0159et\u00ed nejv\u011bt\u0161\u00ed po\u010det \u010dist\u00fdch kont (9), ale v\u00a0posledn\u00edch 9 z\u00e1pasech se to povedlo jen jednou.<\/p>\n<p>Pokud by Everton dnes vyhr\u00e1l, dos\u00e1hl by 300. V\u00edt\u011bzstv\u00ed od zalo\u017een\u00ed Premier League. Dot\u00e1hl by se tak na Villu, kter\u00e1 tento mezn\u00edk dos\u00e1hla ve st\u0159edu. Mimochodem o stejn\u00fd z\u00e1znam se tento v\u00edkend pokus\u00ed je\u0161t\u011b Newcastle.<\/p>\n<p><strong>Aston Villa<\/strong><\/p>\n<p>Sv\u011b\u0159enci Paula Lamberta prohr\u00e1li jen 3 z\u00a0posledn\u00edch 11 venkovn\u00edch z\u00e1pas\u016f. Ale to nen\u00ed tak m\u00e1mo, \u017ee? Nav\u00edc v\u00a05 z\u00a06 posledn\u00edch dostali pravideln\u011b 2 g\u00f3ly.<\/p>\n<p>Z\u00e1pas za\u010dne dnes 1.2.2014 op\u011bt od 16 hodin. Rozhodovat ho bude teprve 28let\u00fd Robert Madley, kter\u00fd v EPL p\u00edsk\u00e1 teprve rok. Tak snad to n\u011bjak nepokaz\u00ed.<\/p>\n<\/div>\n","protected":false},"excerpt":{"rendered":"<p>Den po uzav\u0159en\u00ed p\u0159estupn\u00edho obdob\u00ed pokra\u010duj\u00ed boje v\u00a0Premier League. Toffees se v\u00a0nich utkaj\u00ed se sv\u00fdm nej\u010dast\u011bj\u0161\u00edm rivalem, co se ligov\u00fdch sout\u011b\u017e\u00ed t\u00fd\u010de, souboj s\u00a0Aston Villou m\u00e1 toti\u017e t\u00e9m\u011b\u0159 126letou tradici. Aspo\u0148 to n\u00e1m nikdo nevezme.<\/p>\n","protected":false},"author":10,"featured_media":15183,"comment_status":"open","ping_status":"closed","sticky":false,"template":"","format":"standard","meta":{"_eb_attr":"","_monsterinsights_skip_tracking":false,"_monsterinsights_sitenote_active":false,"_monsterinsights_sitenote_note":"","_monsterinsights_sitenote_category":0,"footnotes":""},"categories":[4],"tags":[],"yoast_head":"<!-- This site is optimized with the Yoast SEO plugin v23.4 - https:\/\/yoast.com\/wordpress\/plugins\/seo\/ -->\n<title>Preview: Everton - Aston Villa - Official Czech &amp; Slovak Everton Supporters&#039; Club<\/title>\n<meta name=\"robots\" content=\"index, follow, max-snippet:-1, max-image-preview:large, max-video-preview:-1\" \/>\n<link rel=\"canonical\" href=\"https:\/\/evertonfc.cz\/index.php\/2014\/02\/01\/preview-everton-aston-villa-4\/\" \/>\n<meta property=\"og:locale\" content=\"cs_CZ\" \/>\n<meta property=\"og:type\" content=\"article\" \/>\n<meta property=\"og:title\" content=\"Preview: Everton - Aston Villa - Official Czech &amp; Slovak Everton Supporters&#039; Club\" \/>\n<meta property=\"og:description\" content=\"Den po uzav\u0159en\u00ed p\u0159estupn\u00edho obdob\u00ed pokra\u010duj\u00ed boje v\u00a0Premier League. Toffees se v\u00a0nich utkaj\u00ed se sv\u00fdm nej\u010dast\u011bj\u0161\u00edm rivalem, co se ligov\u00fdch sout\u011b\u017e\u00ed t\u00fd\u010de, souboj s\u00a0Aston Villou m\u00e1 toti\u017e t\u00e9m\u011b\u0159 126letou tradici. Aspo\u0148 to n\u00e1m nikdo nevezme.\" \/>\n<meta property=\"og:url\" content=\"https:\/\/evertonfc.cz\/index.php\/2014\/02\/01\/preview-everton-aston-villa-4\/\" \/>\n<meta property=\"og:site_name\" content=\"Official Czech &amp; Slovak Everton Supporters&#039; Club\" \/>\n<meta property=\"article:publisher\" content=\"https:\/\/www.facebook.com\/everton.fans.cz.sk\" \/>\n<meta property=\"article:published_time\" content=\"2014-02-01T22:21:47+00:00\" \/>\n<meta property=\"article:modified_time\" content=\"2021-05-01T08:59:25+00:00\" \/>\n<meta property=\"og:image\" content=\"https:\/\/evertonfc.cz\/wp-content\/uploads\/2021\/05\/Everton-VS-Aston-Villa.png\" \/>\n\t<meta property=\"og:image:width\" content=\"720\" \/>\n\t<meta property=\"og:image:height\" content=\"405\" \/>\n\t<meta property=\"og:image:type\" content=\"image\/png\" \/>\n<meta name=\"author\" content=\"Fip\" \/>\n<meta name=\"twitter:card\" content=\"summary_large_image\" \/>\n<meta name=\"twitter:label1\" content=\"Napsal(a)\" \/>\n\t<meta name=\"twitter:data1\" content=\"Fip\" \/>\n\t<meta name=\"twitter:label2\" content=\"Odhadovan\u00e1 doba \u010dten\u00ed\" \/>\n\t<meta name=\"twitter:data2\" content=\"3 minuty\" \/>\n<script type=\"application\/ld+json\" class=\"yoast-schema-graph\">{\"@context\":\"https:\/\/schema.org\",\"@graph\":[{\"@type\":\"Article\",\"@id\":\"https:\/\/evertonfc.cz\/index.php\/2014\/02\/01\/preview-everton-aston-villa-4\/#article\",\"isPartOf\":{\"@id\":\"https:\/\/evertonfc.cz\/index.php\/2014\/02\/01\/preview-everton-aston-villa-4\/\"},\"author\":{\"name\":\"Fip\",\"@id\":\"https:\/\/evertonfc.cz\/#\/schema\/person\/35904009755e8eaa0dc1a5f5f0419002\"},\"headline\":\"Preview: Everton &#8211; Aston Villa\",\"datePublished\":\"2014-02-01T22:21:47+00:00\",\"dateModified\":\"2021-05-01T08:59:25+00:00\",\"mainEntityOfPage\":{\"@id\":\"https:\/\/evertonfc.cz\/index.php\/2014\/02\/01\/preview-everton-aston-villa-4\/\"},\"wordCount\":696,\"commentCount\":0,\"publisher\":{\"@id\":\"https:\/\/evertonfc.cz\/#organization\"},\"image\":{\"@id\":\"https:\/\/evertonfc.cz\/index.php\/2014\/02\/01\/preview-everton-aston-villa-4\/#primaryimage\"},\"thumbnailUrl\":\"https:\/\/evertonfc.cz\/wp-content\/uploads\/2021\/05\/Everton-VS-Aston-Villa.png\",\"articleSection\":[\"Z\u00e1pasy\"],\"inLanguage\":\"cs\",\"potentialAction\":[{\"@type\":\"CommentAction\",\"name\":\"Comment\",\"target\":[\"https:\/\/evertonfc.cz\/index.php\/2014\/02\/01\/preview-everton-aston-villa-4\/#respond\"]}]},{\"@type\":\"WebPage\",\"@id\":\"https:\/\/evertonfc.cz\/index.php\/2014\/02\/01\/preview-everton-aston-villa-4\/\",\"url\":\"https:\/\/evertonfc.cz\/index.php\/2014\/02\/01\/preview-everton-aston-villa-4\/\",\"name\":\"Preview: Everton - Aston Villa - Official Czech &amp; Slovak Everton Supporters&#039; Club\",\"isPartOf\":{\"@id\":\"https:\/\/evertonfc.cz\/#website\"},\"primaryImageOfPage\":{\"@id\":\"https:\/\/evertonfc.cz\/index.php\/2014\/02\/01\/preview-everton-aston-villa-4\/#primaryimage\"},\"image\":{\"@id\":\"https:\/\/evertonfc.cz\/index.php\/2014\/02\/01\/preview-everton-aston-villa-4\/#primaryimage\"},\"thumbnailUrl\":\"https:\/\/evertonfc.cz\/wp-content\/uploads\/2021\/05\/Everton-VS-Aston-Villa.png\",\"datePublished\":\"2014-02-01T22:21:47+00:00\",\"dateModified\":\"2021-05-01T08:59:25+00:00\",\"breadcrumb\":{\"@id\":\"https:\/\/evertonfc.cz\/index.php\/2014\/02\/01\/preview-everton-aston-villa-4\/#breadcrumb\"},\"inLanguage\":\"cs\",\"potentialAction\":[{\"@type\":\"ReadAction\",\"target\":[\"https:\/\/evertonfc.cz\/index.php\/2014\/02\/01\/preview-everton-aston-villa-4\/\"]}]},{\"@type\":\"ImageObject\",\"inLanguage\":\"cs\",\"@id\":\"https:\/\/evertonfc.cz\/index.php\/2014\/02\/01\/preview-everton-aston-villa-4\/#primaryimage\",\"url\":\"https:\/\/evertonfc.cz\/wp-content\/uploads\/2021\/05\/Everton-VS-Aston-Villa.png\",\"contentUrl\":\"https:\/\/evertonfc.cz\/wp-content\/uploads\/2021\/05\/Everton-VS-Aston-Villa.png\",\"width\":720,\"height\":405},{\"@type\":\"BreadcrumbList\",\"@id\":\"https:\/\/evertonfc.cz\/index.php\/2014\/02\/01\/preview-everton-aston-villa-4\/#breadcrumb\",\"itemListElement\":[{\"@type\":\"ListItem\",\"position\":1,\"name\":\"Home\",\"item\":\"https:\/\/evertonfc.cz\/\"},{\"@type\":\"ListItem\",\"position\":2,\"name\":\"Preview: Everton &#8211; Aston Villa\"}]},{\"@type\":\"WebSite\",\"@id\":\"https:\/\/evertonfc.cz\/#website\",\"url\":\"https:\/\/evertonfc.cz\/\",\"name\":\"Official Czech &amp; Slovak Everton Supporters&#039; Club\",\"description\":\"\",\"publisher\":{\"@id\":\"https:\/\/evertonfc.cz\/#organization\"},\"potentialAction\":[{\"@type\":\"SearchAction\",\"target\":{\"@type\":\"EntryPoint\",\"urlTemplate\":\"https:\/\/evertonfc.cz\/?s={search_term_string}\"},\"query-input\":{\"@type\":\"PropertyValueSpecification\",\"valueRequired\":true,\"valueName\":\"search_term_string\"}}],\"inLanguage\":\"cs\"},{\"@type\":\"Organization\",\"@id\":\"https:\/\/evertonfc.cz\/#organization\",\"name\":\"Official Czech & Slovak Everton Supporters' Club\",\"url\":\"https:\/\/evertonfc.cz\/\",\"logo\":{\"@type\":\"ImageObject\",\"inLanguage\":\"cs\",\"@id\":\"https:\/\/evertonfc.cz\/#\/schema\/logo\/image\/\",\"url\":\"https:\/\/evertonfc.cz\/wp-content\/uploads\/2019\/05\/logo.png\",\"contentUrl\":\"https:\/\/evertonfc.cz\/wp-content\/uploads\/2019\/05\/logo.png\",\"width\":112,\"height\":112,\"caption\":\"Official Czech & Slovak Everton Supporters' Club\"},\"image\":{\"@id\":\"https:\/\/evertonfc.cz\/#\/schema\/logo\/image\/\"},\"sameAs\":[\"https:\/\/www.facebook.com\/everton.fans.cz.sk\"]},{\"@type\":\"Person\",\"@id\":\"https:\/\/evertonfc.cz\/#\/schema\/person\/35904009755e8eaa0dc1a5f5f0419002\",\"name\":\"Fip\",\"url\":\"https:\/\/evertonfc.cz\/index.php\/author\/fip\/\"}]}<\/script>\n<!-- \/ Yoast SEO plugin. -->","yoast_head_json":{"title":"Preview: Everton - Aston Villa - Official Czech &amp; Slovak Everton Supporters&#039; Club","robots":{"index":"index","follow":"follow","max-snippet":"max-snippet:-1","max-image-preview":"max-image-preview:large","max-video-preview":"max-video-preview:-1"},"canonical":"https:\/\/evertonfc.cz\/index.php\/2014\/02\/01\/preview-everton-aston-villa-4\/","og_locale":"cs_CZ","og_type":"article","og_title":"Preview: Everton - Aston Villa - Official Czech &amp; Slovak Everton Supporters&#039; Club","og_description":"Den po uzav\u0159en\u00ed p\u0159estupn\u00edho obdob\u00ed pokra\u010duj\u00ed boje v\u00a0Premier League. Toffees se v\u00a0nich utkaj\u00ed se sv\u00fdm nej\u010dast\u011bj\u0161\u00edm rivalem, co se ligov\u00fdch sout\u011b\u017e\u00ed t\u00fd\u010de, souboj s\u00a0Aston Villou m\u00e1 toti\u017e t\u00e9m\u011b\u0159 126letou tradici. Aspo\u0148 to n\u00e1m nikdo nevezme.","og_url":"https:\/\/evertonfc.cz\/index.php\/2014\/02\/01\/preview-everton-aston-villa-4\/","og_site_name":"Official Czech &amp; Slovak Everton Supporters&#039; Club","article_publisher":"https:\/\/www.facebook.com\/everton.fans.cz.sk","article_published_time":"2014-02-01T22:21:47+00:00","article_modified_time":"2021-05-01T08:59:25+00:00","og_image":[{"width":720,"height":405,"url":"https:\/\/evertonfc.cz\/wp-content\/uploads\/2021\/05\/Everton-VS-Aston-Villa.png","type":"image\/png"}],"author":"Fip","twitter_card":"summary_large_image","twitter_misc":{"Napsal(a)":"Fip","Odhadovan\u00e1 doba \u010dten\u00ed":"3 minuty"},"schema":{"@context":"https:\/\/schema.org","@graph":[{"@type":"Article","@id":"https:\/\/evertonfc.cz\/index.php\/2014\/02\/01\/preview-everton-aston-villa-4\/#article","isPartOf":{"@id":"https:\/\/evertonfc.cz\/index.php\/2014\/02\/01\/preview-everton-aston-villa-4\/"},"author":{"name":"Fip","@id":"https:\/\/evertonfc.cz\/#\/schema\/person\/35904009755e8eaa0dc1a5f5f0419002"},"headline":"Preview: Everton &#8211; Aston Villa","datePublished":"2014-02-01T22:21:47+00:00","dateModified":"2021-05-01T08:59:25+00:00","mainEntityOfPage":{"@id":"https:\/\/evertonfc.cz\/index.php\/2014\/02\/01\/preview-everton-aston-villa-4\/"},"wordCount":696,"commentCount":0,"publisher":{"@id":"https:\/\/evertonfc.cz\/#organization"},"image":{"@id":"https:\/\/evertonfc.cz\/index.php\/2014\/02\/01\/preview-everton-aston-villa-4\/#primaryimage"},"thumbnailUrl":"https:\/\/evertonfc.cz\/wp-content\/uploads\/2021\/05\/Everton-VS-Aston-Villa.png","articleSection":["Z\u00e1pasy"],"inLanguage":"cs","potentialAction":[{"@type":"CommentAction","name":"Comment","target":["https:\/\/evertonfc.cz\/index.php\/2014\/02\/01\/preview-everton-aston-villa-4\/#respond"]}]},{"@type":"WebPage","@id":"https:\/\/evertonfc.cz\/index.php\/2014\/02\/01\/preview-everton-aston-villa-4\/","url":"https:\/\/evertonfc.cz\/index.php\/2014\/02\/01\/preview-everton-aston-villa-4\/","name":"Preview: Everton - Aston Villa - Official Czech &amp; Slovak Everton Supporters&#039; Club","isPartOf":{"@id":"https:\/\/evertonfc.cz\/#website"},"primaryImageOfPage":{"@id":"https:\/\/evertonfc.cz\/index.php\/2014\/02\/01\/preview-everton-aston-villa-4\/#primaryimage"},"image":{"@id":"https:\/\/evertonfc.cz\/index.php\/2014\/02\/01\/preview-everton-aston-villa-4\/#primaryimage"},"thumbnailUrl":"https:\/\/evertonfc.cz\/wp-content\/uploads\/2021\/05\/Everton-VS-Aston-Villa.png","datePublished":"2014-02-01T22:21:47+00:00","dateModified":"2021-05-01T08:59:25+00:00","breadcrumb":{"@id":"https:\/\/evertonfc.cz\/index.php\/2014\/02\/01\/preview-everton-aston-villa-4\/#breadcrumb"},"inLanguage":"cs","potentialAction":[{"@type":"ReadAction","target":["https:\/\/evertonfc.cz\/index.php\/2014\/02\/01\/preview-everton-aston-villa-4\/"]}]},{"@type":"ImageObject","inLanguage":"cs","@id":"https:\/\/evertonfc.cz\/index.php\/2014\/02\/01\/preview-everton-aston-villa-4\/#primaryimage","url":"https:\/\/evertonfc.cz\/wp-content\/uploads\/2021\/05\/Everton-VS-Aston-Villa.png","contentUrl":"https:\/\/evertonfc.cz\/wp-content\/uploads\/2021\/05\/Everton-VS-Aston-Villa.png","width":720,"height":405},{"@type":"BreadcrumbList","@id":"https:\/\/evertonfc.cz\/index.php\/2014\/02\/01\/preview-everton-aston-villa-4\/#breadcrumb","itemListElement":[{"@type":"ListItem","position":1,"name":"Home","item":"https:\/\/evertonfc.cz\/"},{"@type":"ListItem","position":2,"name":"Preview: Everton &#8211; Aston Villa"}]},{"@type":"WebSite","@id":"https:\/\/evertonfc.cz\/#website","url":"https:\/\/evertonfc.cz\/","name":"Official Czech &amp; Slovak Everton Supporters&#039; Club","description":"","publisher":{"@id":"https:\/\/evertonfc.cz\/#organization"},"potentialAction":[{"@type":"SearchAction","target":{"@type":"EntryPoint","urlTemplate":"https:\/\/evertonfc.cz\/?s={search_term_string}"},"query-input":{"@type":"PropertyValueSpecification","valueRequired":true,"valueName":"search_term_string"}}],"inLanguage":"cs"},{"@type":"Organization","@id":"https:\/\/evertonfc.cz\/#organization","name":"Official Czech & Slovak Everton Supporters' Club","url":"https:\/\/evertonfc.cz\/","logo":{"@type":"ImageObject","inLanguage":"cs","@id":"https:\/\/evertonfc.cz\/#\/schema\/logo\/image\/","url":"https:\/\/evertonfc.cz\/wp-content\/uploads\/2019\/05\/logo.png","contentUrl":"https:\/\/evertonfc.cz\/wp-content\/uploads\/2019\/05\/logo.png","width":112,"height":112,"caption":"Official Czech & Slovak Everton Supporters' Club"},"image":{"@id":"https:\/\/evertonfc.cz\/#\/schema\/logo\/image\/"},"sameAs":["https:\/\/www.facebook.com\/everton.fans.cz.sk"]},{"@type":"Person","@id":"https:\/\/evertonfc.cz\/#\/schema\/person\/35904009755e8eaa0dc1a5f5f0419002","name":"Fip","url":"https:\/\/evertonfc.cz\/index.php\/author\/fip\/"}]}},"_links":{"self":[{"href":"https:\/\/evertonfc.cz\/index.php\/wp-json\/wp\/v2\/posts\/4913"}],"collection":[{"href":"https:\/\/evertonfc.cz\/index.php\/wp-json\/wp\/v2\/posts"}],"about":[{"href":"https:\/\/evertonfc.cz\/index.php\/wp-json\/wp\/v2\/types\/post"}],"author":[{"embeddable":true,"href":"https:\/\/evertonfc.cz\/index.php\/wp-json\/wp\/v2\/users\/10"}],"replies":[{"embeddable":true,"href":"https:\/\/evertonfc.cz\/index.php\/wp-json\/wp\/v2\/comments?post=4913"}],"version-history":[{"count":5,"href":"https:\/\/evertonfc.cz\/index.php\/wp-json\/wp\/v2\/posts\/4913\/revisions"}],"predecessor-version":[{"id":15193,"href":"https:\/\/evertonfc.cz\/index.php\/wp-json\/wp\/v2\/posts\/4913\/revisions\/15193"}],"wp:featuredmedia":[{"embeddable":true,"href":"https:\/\/evertonfc.cz\/index.php\/wp-json\/wp\/v2\/media\/15183"}],"wp:attachment":[{"href":"https:\/\/evertonfc.cz\/index.php\/wp-json\/wp\/v2\/media?parent=4913"}],"wp:term":[{"taxonomy":"category","embeddable":true,"href":"https:\/\/evertonfc.cz\/index.php\/wp-json\/wp\/v2\/categories?post=4913"},{"taxonomy":"post_tag","embeddable":true,"href":"https:\/\/evertonfc.cz\/index.php\/wp-json\/wp\/v2\/tags?post=4913"}],"curies":[{"name":"wp","href":"https:\/\/api.w.org\/{rel}","templated":true}]}}