{"id":5116,"date":"2014-01-04T13:45:43","date_gmt":"2014-01-04T12:45:43","guid":{"rendered":"http:\/\/evertonfc.cz\/?p=5116"},"modified":"2021-09-20T13:44:08","modified_gmt":"2021-09-20T11:44:08","slug":"fa-cup-preview-everton-queens-park-rangers","status":"publish","type":"post","link":"https:\/\/evertonfc.cz\/index.php\/2014\/01\/04\/fa-cup-preview-everton-queens-park-rangers\/","title":{"rendered":"FA Cup Preview: Everton &#8211; Queens Park Rangers"},"content":{"rendered":"<h4 id=\"NewsPostDetailSummary\">Po vydatn\u00e9 porci ligov\u00e9ho menu kone\u010dn\u011b zasyt\u00ed kouzeln\u00fd FA Cup. Everton do n\u011bj vstupuje ve t\u0159et\u00edm kole, v r\u00e1mci n\u011bho\u017e se mu postav\u00ed Queens Park Rangers.<\/h4>\n<div id=\"NewsPostDetailContent\">\n<p>Ka\u017ed\u00fd rok se zraky Evertonians up\u00edraj\u00ed k poh\u00e1rov\u00fdm sout\u011b\u017e\u00edm, d\u016fvod je nasnad\u011b \u2013 Toffees zvedli trofej nad hlavu naposledy v roce 1995. Leto\u0161n\u00ed o\u010dek\u00e1v\u00e1n\u00ed rychle naru\u0161il Fulham, tedy aspo\u0148 v Ligov\u00e9m poh\u00e1ru, kde Cottagers vystavili stopku u\u017e ve druh\u00e9m kole. A tak se zraky pochopiteln\u011b up\u00edraj\u00ed na FA Cupu, zvl\u00e1\u0161\u0165 kdy\u017e na lavi\u010dce Evertonu sed\u00ed mu\u017e, kter\u00fd vloni s Wiganem poh\u00e1r opanoval.<\/p>\n<p><em>\u201eNedok\u00e1\u017ei rozhodnout. Je to jako si vybrat mezi m\u00e1mou a t\u00e1tou,\u201c <\/em>Roberto Mart\u00ednez vtipn\u011b odpov\u011bd\u011bl na ot\u00e1zku, zda preferuje Premier League, \u010di FA Cup. P\u0159esto do sobotn\u00edho utk\u00e1n\u00ed trochu pozm\u011bn\u00ed z\u00e1kladn\u00ed sestavu. Jagielka s Distinem nad\u00e1le z\u016fst\u00e1vaj\u00ed zran\u011bn\u00ed, stoperskou dvojici proto op\u011bt utvo\u0159\u00ed Stones s Alcarazem. Vylou\u010den nen\u00ed ani start Joela Roblese, na \u0161anci \u010dek\u00e1 Tony Hibbert a v \u00fatoku by se mohl objevit Nikica Jelavi\u0107. P\u0159eci jenom Lukaku nastupuje do ka\u017ed\u00e9ho utk\u00e1n\u00ed a men\u0161\u00ed odpo\u010dinek by mu rozhodn\u011b neu\u0161kodil. Chorvatsk\u00fd \u00fato\u010dn\u00edk v posledn\u00edch t\u00fddnech vykazoval p\u0159i st\u0159\u00edd\u00e1n\u00edch na posledn\u00ed minuty hlad po g\u00f3lech, od z\u00e1\u0159\u00ed nenasko\u010dil do st\u0159etnut\u00ed od prvn\u00ed minuty, snaha mu chyb\u011bt rozhodn\u011b nebude. Nav\u00edc bude cht\u00edt zaujmout potenci\u00e1ln\u00edho nov\u00e9ho zam\u011bstnavatele, jeho lednov\u00fd odchod je v\u00edce ne\u017e pravd\u011bpodobn\u00fd. Mo\u017en\u00e1 se nakonec objev\u00ed v QPR, jak se \u0161u\u0161k\u00e1.<\/p>\n<p>Hoops v l\u00e9t\u011b p\u0159ekopali sestavu, po sestupu z Premier League vy\u010distil k\u00e1dr od p\u0159edra\u017een\u00fdch a \u010dasto podpr\u016fm\u011brn\u00fdch hr\u00e1\u010d\u016f a Harry Redknapp prakticky vybudoval nov\u00e9 mu\u017estvo s c\u00edlem vr\u00e1tit ho mezi elitu na Ostrovech. To se zat\u00edm pom\u011brn\u011b da\u0159\u00ed, 3. p\u0159\u00ed\u010dka s jednobodov\u00fdm odstupem na druh\u00e9 Burnley budi\u017e d\u016fkazem.<\/p>\n<p>Redknapp p\u0159i v\u00fdjezdu na Goodison po\u0161et\u0159\u00ed n\u011bkolik opor, volno dostali stabiln\u00ed \u010dlenov\u00e9 obrany Richard Dunne a Danny Simpson. Spol\u00e9hat se bude na \u00fato\u010dn\u00e9 eso Charlieho Austina, letn\u00ed posily z Turf Moor.<\/p>\n<p><strong>Co:<\/strong>\u00a0Everton FC &#8211; Queens Park Rangers FC, 3. kolo FA Cupu<br \/>\n<strong>Kdy:<\/strong>\u00a004. 01. 2014 od 16:00 SE\u010c<br \/>\n<strong>Kde:<\/strong>\u00a0Goodison Park, Liverpool (kapacita: 40 157)<br \/>\n<strong>Rozhod\u010d\u00ed:<\/strong>\u00a0Howard Webb<\/p>\n<\/div>\n","protected":false},"excerpt":{"rendered":"<p>Po vydatn\u00e9 porci ligov\u00e9ho menu kone\u010dn\u011b zasyt\u00ed kouzeln\u00fd FA Cup. Everton do n\u011bj vstupuje ve t\u0159et\u00edm kole, v r\u00e1mci n\u011bho\u017e se mu postav\u00ed Queens Park Rangers.<\/p>\n","protected":false},"author":6,"featured_media":16521,"comment_status":"open","ping_status":"closed","sticky":false,"template":"","format":"standard","meta":{"_eb_attr":"","_monsterinsights_skip_tracking":false,"_monsterinsights_sitenote_active":false,"_monsterinsights_sitenote_note":"","_monsterinsights_sitenote_category":0,"footnotes":""},"categories":[4],"tags":[],"yoast_head":"<!-- This site is optimized with the Yoast SEO plugin v23.4 - https:\/\/yoast.com\/wordpress\/plugins\/seo\/ -->\n<title>FA Cup Preview: Everton - Queens Park Rangers - Official Czech &amp; Slovak Everton Supporters&#039; Club<\/title>\n<meta name=\"robots\" content=\"index, follow, max-snippet:-1, max-image-preview:large, max-video-preview:-1\" \/>\n<link rel=\"canonical\" href=\"https:\/\/evertonfc.cz\/index.php\/2014\/01\/04\/fa-cup-preview-everton-queens-park-rangers\/\" \/>\n<meta property=\"og:locale\" content=\"cs_CZ\" \/>\n<meta property=\"og:type\" content=\"article\" \/>\n<meta property=\"og:title\" content=\"FA Cup Preview: Everton - Queens Park Rangers - Official Czech &amp; Slovak Everton Supporters&#039; Club\" \/>\n<meta property=\"og:description\" content=\"Po vydatn\u00e9 porci ligov\u00e9ho menu kone\u010dn\u011b zasyt\u00ed kouzeln\u00fd FA Cup. Everton do n\u011bj vstupuje ve t\u0159et\u00edm kole, v r\u00e1mci n\u011bho\u017e se mu postav\u00ed Queens Park Rangers.\" \/>\n<meta property=\"og:url\" content=\"https:\/\/evertonfc.cz\/index.php\/2014\/01\/04\/fa-cup-preview-everton-queens-park-rangers\/\" \/>\n<meta property=\"og:site_name\" content=\"Official Czech &amp; Slovak Everton Supporters&#039; Club\" \/>\n<meta property=\"article:publisher\" content=\"https:\/\/www.facebook.com\/everton.fans.cz.sk\" \/>\n<meta property=\"article:published_time\" content=\"2014-01-04T12:45:43+00:00\" \/>\n<meta property=\"article:modified_time\" content=\"2021-09-20T11:44:08+00:00\" \/>\n<meta property=\"og:image\" content=\"https:\/\/evertonfc.cz\/wp-content\/uploads\/2021\/09\/Everton-VS-Queens-Park-Rangers.jpg\" \/>\n\t<meta property=\"og:image:width\" content=\"720\" \/>\n\t<meta property=\"og:image:height\" content=\"405\" \/>\n\t<meta property=\"og:image:type\" content=\"image\/jpeg\" \/>\n<meta name=\"author\" content=\"Ri\u010di\" \/>\n<meta name=\"twitter:card\" content=\"summary_large_image\" \/>\n<meta name=\"twitter:creator\" content=\"@rbrejsa\" \/>\n<meta name=\"twitter:label1\" content=\"Napsal(a)\" \/>\n\t<meta name=\"twitter:data1\" content=\"Ri\u010di\" \/>\n\t<meta name=\"twitter:label2\" content=\"Odhadovan\u00e1 doba \u010dten\u00ed\" \/>\n\t<meta name=\"twitter:data2\" content=\"2 minuty\" \/>\n<script type=\"application\/ld+json\" class=\"yoast-schema-graph\">{\"@context\":\"https:\/\/schema.org\",\"@graph\":[{\"@type\":\"Article\",\"@id\":\"https:\/\/evertonfc.cz\/index.php\/2014\/01\/04\/fa-cup-preview-everton-queens-park-rangers\/#article\",\"isPartOf\":{\"@id\":\"https:\/\/evertonfc.cz\/index.php\/2014\/01\/04\/fa-cup-preview-everton-queens-park-rangers\/\"},\"author\":{\"name\":\"Ri\u010di\",\"@id\":\"https:\/\/evertonfc.cz\/#\/schema\/person\/f7a5daedb2ffee98480bc70e191aaef1\"},\"headline\":\"FA Cup Preview: Everton &#8211; Queens Park Rangers\",\"datePublished\":\"2014-01-04T12:45:43+00:00\",\"dateModified\":\"2021-09-20T11:44:08+00:00\",\"mainEntityOfPage\":{\"@id\":\"https:\/\/evertonfc.cz\/index.php\/2014\/01\/04\/fa-cup-preview-everton-queens-park-rangers\/\"},\"wordCount\":418,\"commentCount\":0,\"publisher\":{\"@id\":\"https:\/\/evertonfc.cz\/#organization\"},\"image\":{\"@id\":\"https:\/\/evertonfc.cz\/index.php\/2014\/01\/04\/fa-cup-preview-everton-queens-park-rangers\/#primaryimage\"},\"thumbnailUrl\":\"https:\/\/evertonfc.cz\/wp-content\/uploads\/2021\/09\/Everton-VS-Queens-Park-Rangers.jpg\",\"articleSection\":[\"Z\u00e1pasy\"],\"inLanguage\":\"cs\",\"potentialAction\":[{\"@type\":\"CommentAction\",\"name\":\"Comment\",\"target\":[\"https:\/\/evertonfc.cz\/index.php\/2014\/01\/04\/fa-cup-preview-everton-queens-park-rangers\/#respond\"]}]},{\"@type\":\"WebPage\",\"@id\":\"https:\/\/evertonfc.cz\/index.php\/2014\/01\/04\/fa-cup-preview-everton-queens-park-rangers\/\",\"url\":\"https:\/\/evertonfc.cz\/index.php\/2014\/01\/04\/fa-cup-preview-everton-queens-park-rangers\/\",\"name\":\"FA Cup Preview: Everton - Queens Park Rangers - Official Czech &amp; Slovak Everton Supporters&#039; Club\",\"isPartOf\":{\"@id\":\"https:\/\/evertonfc.cz\/#website\"},\"primaryImageOfPage\":{\"@id\":\"https:\/\/evertonfc.cz\/index.php\/2014\/01\/04\/fa-cup-preview-everton-queens-park-rangers\/#primaryimage\"},\"image\":{\"@id\":\"https:\/\/evertonfc.cz\/index.php\/2014\/01\/04\/fa-cup-preview-everton-queens-park-rangers\/#primaryimage\"},\"thumbnailUrl\":\"https:\/\/evertonfc.cz\/wp-content\/uploads\/2021\/09\/Everton-VS-Queens-Park-Rangers.jpg\",\"datePublished\":\"2014-01-04T12:45:43+00:00\",\"dateModified\":\"2021-09-20T11:44:08+00:00\",\"breadcrumb\":{\"@id\":\"https:\/\/evertonfc.cz\/index.php\/2014\/01\/04\/fa-cup-preview-everton-queens-park-rangers\/#breadcrumb\"},\"inLanguage\":\"cs\",\"potentialAction\":[{\"@type\":\"ReadAction\",\"target\":[\"https:\/\/evertonfc.cz\/index.php\/2014\/01\/04\/fa-cup-preview-everton-queens-park-rangers\/\"]}]},{\"@type\":\"ImageObject\",\"inLanguage\":\"cs\",\"@id\":\"https:\/\/evertonfc.cz\/index.php\/2014\/01\/04\/fa-cup-preview-everton-queens-park-rangers\/#primaryimage\",\"url\":\"https:\/\/evertonfc.cz\/wp-content\/uploads\/2021\/09\/Everton-VS-Queens-Park-Rangers.jpg\",\"contentUrl\":\"https:\/\/evertonfc.cz\/wp-content\/uploads\/2021\/09\/Everton-VS-Queens-Park-Rangers.jpg\",\"width\":720,\"height\":405},{\"@type\":\"BreadcrumbList\",\"@id\":\"https:\/\/evertonfc.cz\/index.php\/2014\/01\/04\/fa-cup-preview-everton-queens-park-rangers\/#breadcrumb\",\"itemListElement\":[{\"@type\":\"ListItem\",\"position\":1,\"name\":\"Home\",\"item\":\"https:\/\/evertonfc.cz\/\"},{\"@type\":\"ListItem\",\"position\":2,\"name\":\"FA Cup Preview: Everton &#8211; Queens Park Rangers\"}]},{\"@type\":\"WebSite\",\"@id\":\"https:\/\/evertonfc.cz\/#website\",\"url\":\"https:\/\/evertonfc.cz\/\",\"name\":\"Official Czech &amp; Slovak Everton Supporters&#039; Club\",\"description\":\"\",\"publisher\":{\"@id\":\"https:\/\/evertonfc.cz\/#organization\"},\"potentialAction\":[{\"@type\":\"SearchAction\",\"target\":{\"@type\":\"EntryPoint\",\"urlTemplate\":\"https:\/\/evertonfc.cz\/?s={search_term_string}\"},\"query-input\":{\"@type\":\"PropertyValueSpecification\",\"valueRequired\":true,\"valueName\":\"search_term_string\"}}],\"inLanguage\":\"cs\"},{\"@type\":\"Organization\",\"@id\":\"https:\/\/evertonfc.cz\/#organization\",\"name\":\"Official Czech & Slovak Everton Supporters' Club\",\"url\":\"https:\/\/evertonfc.cz\/\",\"logo\":{\"@type\":\"ImageObject\",\"inLanguage\":\"cs\",\"@id\":\"https:\/\/evertonfc.cz\/#\/schema\/logo\/image\/\",\"url\":\"https:\/\/evertonfc.cz\/wp-content\/uploads\/2019\/05\/logo.png\",\"contentUrl\":\"https:\/\/evertonfc.cz\/wp-content\/uploads\/2019\/05\/logo.png\",\"width\":112,\"height\":112,\"caption\":\"Official Czech & Slovak Everton Supporters' Club\"},\"image\":{\"@id\":\"https:\/\/evertonfc.cz\/#\/schema\/logo\/image\/\"},\"sameAs\":[\"https:\/\/www.facebook.com\/everton.fans.cz.sk\"]},{\"@type\":\"Person\",\"@id\":\"https:\/\/evertonfc.cz\/#\/schema\/person\/f7a5daedb2ffee98480bc70e191aaef1\",\"name\":\"Ri\u010di\",\"sameAs\":[\"https:\/\/x.com\/rbrejsa\"],\"url\":\"https:\/\/evertonfc.cz\/index.php\/author\/rici\/\"}]}<\/script>\n<!-- \/ Yoast SEO plugin. -->","yoast_head_json":{"title":"FA Cup Preview: Everton - Queens Park Rangers - Official Czech &amp; Slovak Everton Supporters&#039; Club","robots":{"index":"index","follow":"follow","max-snippet":"max-snippet:-1","max-image-preview":"max-image-preview:large","max-video-preview":"max-video-preview:-1"},"canonical":"https:\/\/evertonfc.cz\/index.php\/2014\/01\/04\/fa-cup-preview-everton-queens-park-rangers\/","og_locale":"cs_CZ","og_type":"article","og_title":"FA Cup Preview: Everton - Queens Park Rangers - Official Czech &amp; Slovak Everton Supporters&#039; Club","og_description":"Po vydatn\u00e9 porci ligov\u00e9ho menu kone\u010dn\u011b zasyt\u00ed kouzeln\u00fd FA Cup. Everton do n\u011bj vstupuje ve t\u0159et\u00edm kole, v r\u00e1mci n\u011bho\u017e se mu postav\u00ed Queens Park Rangers.","og_url":"https:\/\/evertonfc.cz\/index.php\/2014\/01\/04\/fa-cup-preview-everton-queens-park-rangers\/","og_site_name":"Official Czech &amp; Slovak Everton Supporters&#039; Club","article_publisher":"https:\/\/www.facebook.com\/everton.fans.cz.sk","article_published_time":"2014-01-04T12:45:43+00:00","article_modified_time":"2021-09-20T11:44:08+00:00","og_image":[{"width":720,"height":405,"url":"https:\/\/evertonfc.cz\/wp-content\/uploads\/2021\/09\/Everton-VS-Queens-Park-Rangers.jpg","type":"image\/jpeg"}],"author":"Ri\u010di","twitter_card":"summary_large_image","twitter_creator":"@rbrejsa","twitter_misc":{"Napsal(a)":"Ri\u010di","Odhadovan\u00e1 doba \u010dten\u00ed":"2 minuty"},"schema":{"@context":"https:\/\/schema.org","@graph":[{"@type":"Article","@id":"https:\/\/evertonfc.cz\/index.php\/2014\/01\/04\/fa-cup-preview-everton-queens-park-rangers\/#article","isPartOf":{"@id":"https:\/\/evertonfc.cz\/index.php\/2014\/01\/04\/fa-cup-preview-everton-queens-park-rangers\/"},"author":{"name":"Ri\u010di","@id":"https:\/\/evertonfc.cz\/#\/schema\/person\/f7a5daedb2ffee98480bc70e191aaef1"},"headline":"FA Cup Preview: Everton &#8211; Queens Park Rangers","datePublished":"2014-01-04T12:45:43+00:00","dateModified":"2021-09-20T11:44:08+00:00","mainEntityOfPage":{"@id":"https:\/\/evertonfc.cz\/index.php\/2014\/01\/04\/fa-cup-preview-everton-queens-park-rangers\/"},"wordCount":418,"commentCount":0,"publisher":{"@id":"https:\/\/evertonfc.cz\/#organization"},"image":{"@id":"https:\/\/evertonfc.cz\/index.php\/2014\/01\/04\/fa-cup-preview-everton-queens-park-rangers\/#primaryimage"},"thumbnailUrl":"https:\/\/evertonfc.cz\/wp-content\/uploads\/2021\/09\/Everton-VS-Queens-Park-Rangers.jpg","articleSection":["Z\u00e1pasy"],"inLanguage":"cs","potentialAction":[{"@type":"CommentAction","name":"Comment","target":["https:\/\/evertonfc.cz\/index.php\/2014\/01\/04\/fa-cup-preview-everton-queens-park-rangers\/#respond"]}]},{"@type":"WebPage","@id":"https:\/\/evertonfc.cz\/index.php\/2014\/01\/04\/fa-cup-preview-everton-queens-park-rangers\/","url":"https:\/\/evertonfc.cz\/index.php\/2014\/01\/04\/fa-cup-preview-everton-queens-park-rangers\/","name":"FA Cup Preview: Everton - Queens Park Rangers - Official Czech &amp; Slovak Everton Supporters&#039; Club","isPartOf":{"@id":"https:\/\/evertonfc.cz\/#website"},"primaryImageOfPage":{"@id":"https:\/\/evertonfc.cz\/index.php\/2014\/01\/04\/fa-cup-preview-everton-queens-park-rangers\/#primaryimage"},"image":{"@id":"https:\/\/evertonfc.cz\/index.php\/2014\/01\/04\/fa-cup-preview-everton-queens-park-rangers\/#primaryimage"},"thumbnailUrl":"https:\/\/evertonfc.cz\/wp-content\/uploads\/2021\/09\/Everton-VS-Queens-Park-Rangers.jpg","datePublished":"2014-01-04T12:45:43+00:00","dateModified":"2021-09-20T11:44:08+00:00","breadcrumb":{"@id":"https:\/\/evertonfc.cz\/index.php\/2014\/01\/04\/fa-cup-preview-everton-queens-park-rangers\/#breadcrumb"},"inLanguage":"cs","potentialAction":[{"@type":"ReadAction","target":["https:\/\/evertonfc.cz\/index.php\/2014\/01\/04\/fa-cup-preview-everton-queens-park-rangers\/"]}]},{"@type":"ImageObject","inLanguage":"cs","@id":"https:\/\/evertonfc.cz\/index.php\/2014\/01\/04\/fa-cup-preview-everton-queens-park-rangers\/#primaryimage","url":"https:\/\/evertonfc.cz\/wp-content\/uploads\/2021\/09\/Everton-VS-Queens-Park-Rangers.jpg","contentUrl":"https:\/\/evertonfc.cz\/wp-content\/uploads\/2021\/09\/Everton-VS-Queens-Park-Rangers.jpg","width":720,"height":405},{"@type":"BreadcrumbList","@id":"https:\/\/evertonfc.cz\/index.php\/2014\/01\/04\/fa-cup-preview-everton-queens-park-rangers\/#breadcrumb","itemListElement":[{"@type":"ListItem","position":1,"name":"Home","item":"https:\/\/evertonfc.cz\/"},{"@type":"ListItem","position":2,"name":"FA Cup Preview: Everton &#8211; Queens Park Rangers"}]},{"@type":"WebSite","@id":"https:\/\/evertonfc.cz\/#website","url":"https:\/\/evertonfc.cz\/","name":"Official Czech &amp; Slovak Everton Supporters&#039; Club","description":"","publisher":{"@id":"https:\/\/evertonfc.cz\/#organization"},"potentialAction":[{"@type":"SearchAction","target":{"@type":"EntryPoint","urlTemplate":"https:\/\/evertonfc.cz\/?s={search_term_string}"},"query-input":{"@type":"PropertyValueSpecification","valueRequired":true,"valueName":"search_term_string"}}],"inLanguage":"cs"},{"@type":"Organization","@id":"https:\/\/evertonfc.cz\/#organization","name":"Official Czech & Slovak Everton Supporters' Club","url":"https:\/\/evertonfc.cz\/","logo":{"@type":"ImageObject","inLanguage":"cs","@id":"https:\/\/evertonfc.cz\/#\/schema\/logo\/image\/","url":"https:\/\/evertonfc.cz\/wp-content\/uploads\/2019\/05\/logo.png","contentUrl":"https:\/\/evertonfc.cz\/wp-content\/uploads\/2019\/05\/logo.png","width":112,"height":112,"caption":"Official Czech & Slovak Everton Supporters' Club"},"image":{"@id":"https:\/\/evertonfc.cz\/#\/schema\/logo\/image\/"},"sameAs":["https:\/\/www.facebook.com\/everton.fans.cz.sk"]},{"@type":"Person","@id":"https:\/\/evertonfc.cz\/#\/schema\/person\/f7a5daedb2ffee98480bc70e191aaef1","name":"Ri\u010di","sameAs":["https:\/\/x.com\/rbrejsa"],"url":"https:\/\/evertonfc.cz\/index.php\/author\/rici\/"}]}},"_links":{"self":[{"href":"https:\/\/evertonfc.cz\/index.php\/wp-json\/wp\/v2\/posts\/5116"}],"collection":[{"href":"https:\/\/evertonfc.cz\/index.php\/wp-json\/wp\/v2\/posts"}],"about":[{"href":"https:\/\/evertonfc.cz\/index.php\/wp-json\/wp\/v2\/types\/post"}],"author":[{"embeddable":true,"href":"https:\/\/evertonfc.cz\/index.php\/wp-json\/wp\/v2\/users\/6"}],"replies":[{"embeddable":true,"href":"https:\/\/evertonfc.cz\/index.php\/wp-json\/wp\/v2\/comments?post=5116"}],"version-history":[{"count":4,"href":"https:\/\/evertonfc.cz\/index.php\/wp-json\/wp\/v2\/posts\/5116\/revisions"}],"predecessor-version":[{"id":16523,"href":"https:\/\/evertonfc.cz\/index.php\/wp-json\/wp\/v2\/posts\/5116\/revisions\/16523"}],"wp:featuredmedia":[{"embeddable":true,"href":"https:\/\/evertonfc.cz\/index.php\/wp-json\/wp\/v2\/media\/16521"}],"wp:attachment":[{"href":"https:\/\/evertonfc.cz\/index.php\/wp-json\/wp\/v2\/media?parent=5116"}],"wp:term":[{"taxonomy":"category","embeddable":true,"href":"https:\/\/evertonfc.cz\/index.php\/wp-json\/wp\/v2\/categories?post=5116"},{"taxonomy":"post_tag","embeddable":true,"href":"https:\/\/evertonfc.cz\/index.php\/wp-json\/wp\/v2\/tags?post=5116"}],"curies":[{"name":"wp","href":"https:\/\/api.w.org\/{rel}","templated":true}]}}