{"id":5120,"date":"2014-01-02T13:46:35","date_gmt":"2014-01-02T12:46:35","guid":{"rendered":"http:\/\/evertonfc.cz\/?p=5120"},"modified":"2019-02-14T15:33:38","modified_gmt":"2019-02-14T14:33:38","slug":"heitinga-zamitl-prestup-do-west-hamu","status":"publish","type":"post","link":"https:\/\/evertonfc.cz\/index.php\/2014\/01\/02\/heitinga-zamitl-prestup-do-west-hamu\/","title":{"rendered":"Heitinga zam\u00edtl p\u0159estup do West Hamu"},"content":{"rendered":"<h4 id=\"NewsPostDetailSummary\">Johny Heitinga se rozhodl odm\u00edtnout nab\u00eddku West Hamu, postoj odej\u00edt z Evertonu v\u0161ak nezm\u011bnil, pouze \u010dek\u00e1 na z\u00e1jem jin\u00fdch klub\u016f.<\/h4>\n<div id=\"NewsPostDetailContent\">\n<p>Holan\u010fanovi kon\u010d\u00ed smlouva na Goodisonu za p\u016fl roku, vzhledem k jeho d\u0159\u00edv\u011bj\u0161\u00edmu rozhodnut\u00ed neprodlou\u017eit st\u00e1vaj\u00edc\u00ed kontrakt a tak\u00e9 mal\u00e9 hern\u00ed vyt\u00ed\u017eenosti pod Robertem Mart\u00ednezem je jeho konec u Toffees ot\u00e1zkou \u010dasu. I proto Everton souhlasil, aby hr\u00e1\u010d v p\u0159\u00edpad\u011b spln\u011bn\u00ed stanoven\u00fdch po\u017eadavk\u016f vyjedn\u00e1val s ostatn\u00edmi celky.<\/p>\n<p>Favoritem na zisk Heitingy se je\u0161t\u011b na Nov\u00fd rok zd\u00e1l West Ham, jeho mana\u017eer Sam Allardyce do m\u00e9di\u00ed prozradil:\u00a0<em>\u201eS Everton jsme dohodnut\u00ed, nyn\u00ed budeme mluvit s agentem a snad se v\u0161e uzav\u0159e v nejbli\u017e\u0161\u00edch dnech.\u201c<\/em><\/p>\n<p>T\u0159icetilet\u00fd obr\u00e1nce ale po zv\u00e1\u017een\u00ed p\u0159esun k Hammers smetl ze stolu, prost\u0159ednictv\u00edm sv\u00fdch z\u00e1stupc\u016f Sport Promotion vydal zd\u016fvod\u0148uj\u00edc\u00ed prohl\u00e1\u0161en\u00ed.\u00a0<em>\u201eV m\u00fdch letech je d\u016fle\u017eit\u00e9 \u010dinit spr\u00e1vn\u00e9 kroky. T\u00edm nemysl\u00edm finan\u010dn\u00ed ot\u00e1zky, v pen\u011bz\u00edch probl\u00e9m v jedn\u00e1n\u00edch s West Hamem United nev\u011bzel. P\u0159esto\u017ee jsem zru\u0161il p\u0159estup do West Hamu, budu \u010dekat na z\u00e1jem jin\u00fdch klub\u016f. Jsem p\u0159esv\u011bd\u010den, \u017ee do konce ledna najdu nov\u00e9ho zam\u011bstnavatele.<\/em><\/p>\n<p><em>Chci hr\u00e1t ka\u017ed\u00fd z\u00e1pas, jsem st\u00e1le hladov\u00fd po fotbale. C\u00edt\u00edm se na vrcholu sil a tou\u017e\u00edm odjet na mistrovstv\u00ed sv\u011bta do Braz\u00edlie. Reprezenta\u010dn\u00ed tren\u00e9r Louis Van Gaall po\u017eaduje, aby nominovan\u00ed hr\u00e1\u010di nastupovali ka\u017ed\u00fd t\u00fdden. Moment\u00e1ln\u011b v Evertonu toto krit\u00e9rium nespl\u0148uji, proto se poohl\u00ed\u017e\u00edm po nov\u00fdch mo\u017enostech moj\u00ed \u00fasp\u011b\u0161n\u00e9 kari\u00e9ry.\u201c<\/em><\/p>\n<p>V lednov\u00e9m p\u0159estupov\u00e9m okn\u011b Blues stihli uzav\u0159\u00edt u\u017e t\u0159i obchody, tykaj\u00edc\u00ed se hostov\u00e1n\u00ed mlad\u00edk\u016f. John Lundstram si hostov\u00e1n\u00ed v Yeovilu prodlou\u017eil do konce sez\u00f3ny. St\u0159edopola\u0159 Anglie U21 b\u011bhem prvn\u00edho m\u011bs\u00edce na Huish Parku nasko\u010dil do \u0161esti utk\u00e1n\u00ed a do\u010dkal se tak\u00e9 premi\u00e9rov\u00e9 branky mezi seniory.<\/p>\n<p>Nad\u011bjn\u00fd \u00fato\u010dn\u00edk Hallam Hope a obr\u00e1nce Matthew Pennington budou z\u00edsk\u00e1vat v 19 letech prvn\u00ed zku\u0161enosti v dosp\u011bl\u00e9 kopan\u00e9, zat\u00edm v r\u00e1mci hostov\u00e1n\u00ed na jeden m\u011bs\u00edc. Hope bude p\u016fsobit v Northamptonu Town (League Two) pod veden\u00edm b\u00fdval\u00e9ho z\u00e1lo\u017en\u00edka Evertonu Andyho Kinga. Pennington dopln\u00ed lok\u00e1ln\u00ed Tranmere z League One.<\/p>\n<\/div>\n","protected":false},"excerpt":{"rendered":"<p>Johny Heitinga se rozhodl odm\u00edtnout nab\u00eddku West Hamu, postoj odej\u00edt z Evertonu v\u0161ak nezm\u011bnil, pouze \u010dek\u00e1 na z\u00e1jem jin\u00fdch klub\u016f.&hellip;<\/p>\n","protected":false},"author":6,"featured_media":1313,"comment_status":"open","ping_status":"closed","sticky":false,"template":"","format":"standard","meta":{"_eb_attr":"","_monsterinsights_skip_tracking":false,"_monsterinsights_sitenote_active":false,"_monsterinsights_sitenote_note":"","_monsterinsights_sitenote_category":0,"footnotes":""},"categories":[42,41],"tags":[],"yoast_head":"<!-- This site is optimized with the Yoast SEO plugin v23.4 - https:\/\/yoast.com\/wordpress\/plugins\/seo\/ -->\n<title>Heitinga zam\u00edtl p\u0159estup do West Hamu - Official Czech &amp; Slovak Everton Supporters&#039; Club<\/title>\n<meta name=\"robots\" content=\"index, follow, max-snippet:-1, max-image-preview:large, max-video-preview:-1\" \/>\n<link rel=\"canonical\" href=\"https:\/\/evertonfc.cz\/index.php\/2014\/01\/02\/heitinga-zamitl-prestup-do-west-hamu\/\" \/>\n<meta property=\"og:locale\" content=\"cs_CZ\" \/>\n<meta property=\"og:type\" content=\"article\" \/>\n<meta property=\"og:title\" content=\"Heitinga zam\u00edtl p\u0159estup do West Hamu - Official Czech &amp; Slovak Everton Supporters&#039; Club\" \/>\n<meta property=\"og:description\" content=\"Johny Heitinga se rozhodl odm\u00edtnout nab\u00eddku West Hamu, postoj odej\u00edt z Evertonu v\u0161ak nezm\u011bnil, pouze \u010dek\u00e1 na z\u00e1jem jin\u00fdch klub\u016f.&hellip;\" \/>\n<meta property=\"og:url\" content=\"https:\/\/evertonfc.cz\/index.php\/2014\/01\/02\/heitinga-zamitl-prestup-do-west-hamu\/\" \/>\n<meta property=\"og:site_name\" content=\"Official Czech &amp; Slovak Everton Supporters&#039; Club\" \/>\n<meta property=\"article:publisher\" content=\"https:\/\/www.facebook.com\/everton.fans.cz.sk\" \/>\n<meta property=\"article:published_time\" content=\"2014-01-02T12:46:35+00:00\" \/>\n<meta property=\"article:modified_time\" content=\"2019-02-14T14:33:38+00:00\" \/>\n<meta property=\"og:image\" content=\"https:\/\/evertonfc.cz\/wp-content\/uploads\/2019\/01\/news.jpg\" \/>\n\t<meta property=\"og:image:width\" content=\"720\" \/>\n\t<meta property=\"og:image:height\" content=\"405\" \/>\n\t<meta property=\"og:image:type\" content=\"image\/jpeg\" \/>\n<meta name=\"author\" content=\"Ri\u010di\" \/>\n<meta name=\"twitter:card\" content=\"summary_large_image\" \/>\n<meta name=\"twitter:creator\" content=\"@rbrejsa\" \/>\n<meta name=\"twitter:label1\" content=\"Napsal(a)\" \/>\n\t<meta name=\"twitter:data1\" content=\"Ri\u010di\" \/>\n\t<meta name=\"twitter:label2\" content=\"Odhadovan\u00e1 doba \u010dten\u00ed\" \/>\n\t<meta name=\"twitter:data2\" content=\"2 minuty\" \/>\n<script type=\"application\/ld+json\" class=\"yoast-schema-graph\">{\"@context\":\"https:\/\/schema.org\",\"@graph\":[{\"@type\":\"Article\",\"@id\":\"https:\/\/evertonfc.cz\/index.php\/2014\/01\/02\/heitinga-zamitl-prestup-do-west-hamu\/#article\",\"isPartOf\":{\"@id\":\"https:\/\/evertonfc.cz\/index.php\/2014\/01\/02\/heitinga-zamitl-prestup-do-west-hamu\/\"},\"author\":{\"name\":\"Ri\u010di\",\"@id\":\"https:\/\/evertonfc.cz\/#\/schema\/person\/f7a5daedb2ffee98480bc70e191aaef1\"},\"headline\":\"Heitinga zam\u00edtl p\u0159estup do West Hamu\",\"datePublished\":\"2014-01-02T12:46:35+00:00\",\"dateModified\":\"2019-02-14T14:33:38+00:00\",\"mainEntityOfPage\":{\"@id\":\"https:\/\/evertonfc.cz\/index.php\/2014\/01\/02\/heitinga-zamitl-prestup-do-west-hamu\/\"},\"wordCount\":445,\"commentCount\":0,\"publisher\":{\"@id\":\"https:\/\/evertonfc.cz\/#organization\"},\"image\":{\"@id\":\"https:\/\/evertonfc.cz\/index.php\/2014\/01\/02\/heitinga-zamitl-prestup-do-west-hamu\/#primaryimage\"},\"thumbnailUrl\":\"https:\/\/evertonfc.cz\/wp-content\/uploads\/2019\/01\/news.jpg\",\"articleSection\":[\"Aktuality\",\"P\u0159estupy\"],\"inLanguage\":\"cs\",\"potentialAction\":[{\"@type\":\"CommentAction\",\"name\":\"Comment\",\"target\":[\"https:\/\/evertonfc.cz\/index.php\/2014\/01\/02\/heitinga-zamitl-prestup-do-west-hamu\/#respond\"]}]},{\"@type\":\"WebPage\",\"@id\":\"https:\/\/evertonfc.cz\/index.php\/2014\/01\/02\/heitinga-zamitl-prestup-do-west-hamu\/\",\"url\":\"https:\/\/evertonfc.cz\/index.php\/2014\/01\/02\/heitinga-zamitl-prestup-do-west-hamu\/\",\"name\":\"Heitinga zam\u00edtl p\u0159estup do West Hamu - Official Czech &amp; Slovak Everton Supporters&#039; Club\",\"isPartOf\":{\"@id\":\"https:\/\/evertonfc.cz\/#website\"},\"primaryImageOfPage\":{\"@id\":\"https:\/\/evertonfc.cz\/index.php\/2014\/01\/02\/heitinga-zamitl-prestup-do-west-hamu\/#primaryimage\"},\"image\":{\"@id\":\"https:\/\/evertonfc.cz\/index.php\/2014\/01\/02\/heitinga-zamitl-prestup-do-west-hamu\/#primaryimage\"},\"thumbnailUrl\":\"https:\/\/evertonfc.cz\/wp-content\/uploads\/2019\/01\/news.jpg\",\"datePublished\":\"2014-01-02T12:46:35+00:00\",\"dateModified\":\"2019-02-14T14:33:38+00:00\",\"breadcrumb\":{\"@id\":\"https:\/\/evertonfc.cz\/index.php\/2014\/01\/02\/heitinga-zamitl-prestup-do-west-hamu\/#breadcrumb\"},\"inLanguage\":\"cs\",\"potentialAction\":[{\"@type\":\"ReadAction\",\"target\":[\"https:\/\/evertonfc.cz\/index.php\/2014\/01\/02\/heitinga-zamitl-prestup-do-west-hamu\/\"]}]},{\"@type\":\"ImageObject\",\"inLanguage\":\"cs\",\"@id\":\"https:\/\/evertonfc.cz\/index.php\/2014\/01\/02\/heitinga-zamitl-prestup-do-west-hamu\/#primaryimage\",\"url\":\"https:\/\/evertonfc.cz\/wp-content\/uploads\/2019\/01\/news.jpg\",\"contentUrl\":\"https:\/\/evertonfc.cz\/wp-content\/uploads\/2019\/01\/news.jpg\",\"width\":720,\"height\":405},{\"@type\":\"BreadcrumbList\",\"@id\":\"https:\/\/evertonfc.cz\/index.php\/2014\/01\/02\/heitinga-zamitl-prestup-do-west-hamu\/#breadcrumb\",\"itemListElement\":[{\"@type\":\"ListItem\",\"position\":1,\"name\":\"Home\",\"item\":\"https:\/\/evertonfc.cz\/\"},{\"@type\":\"ListItem\",\"position\":2,\"name\":\"Heitinga zam\u00edtl p\u0159estup do West Hamu\"}]},{\"@type\":\"WebSite\",\"@id\":\"https:\/\/evertonfc.cz\/#website\",\"url\":\"https:\/\/evertonfc.cz\/\",\"name\":\"Official Czech &amp; Slovak Everton Supporters&#039; Club\",\"description\":\"\",\"publisher\":{\"@id\":\"https:\/\/evertonfc.cz\/#organization\"},\"potentialAction\":[{\"@type\":\"SearchAction\",\"target\":{\"@type\":\"EntryPoint\",\"urlTemplate\":\"https:\/\/evertonfc.cz\/?s={search_term_string}\"},\"query-input\":{\"@type\":\"PropertyValueSpecification\",\"valueRequired\":true,\"valueName\":\"search_term_string\"}}],\"inLanguage\":\"cs\"},{\"@type\":\"Organization\",\"@id\":\"https:\/\/evertonfc.cz\/#organization\",\"name\":\"Official Czech & Slovak Everton Supporters' Club\",\"url\":\"https:\/\/evertonfc.cz\/\",\"logo\":{\"@type\":\"ImageObject\",\"inLanguage\":\"cs\",\"@id\":\"https:\/\/evertonfc.cz\/#\/schema\/logo\/image\/\",\"url\":\"https:\/\/evertonfc.cz\/wp-content\/uploads\/2019\/05\/logo.png\",\"contentUrl\":\"https:\/\/evertonfc.cz\/wp-content\/uploads\/2019\/05\/logo.png\",\"width\":112,\"height\":112,\"caption\":\"Official Czech & Slovak Everton Supporters' Club\"},\"image\":{\"@id\":\"https:\/\/evertonfc.cz\/#\/schema\/logo\/image\/\"},\"sameAs\":[\"https:\/\/www.facebook.com\/everton.fans.cz.sk\"]},{\"@type\":\"Person\",\"@id\":\"https:\/\/evertonfc.cz\/#\/schema\/person\/f7a5daedb2ffee98480bc70e191aaef1\",\"name\":\"Ri\u010di\",\"sameAs\":[\"https:\/\/x.com\/rbrejsa\"],\"url\":\"https:\/\/evertonfc.cz\/index.php\/author\/rici\/\"}]}<\/script>\n<!-- \/ Yoast SEO plugin. -->","yoast_head_json":{"title":"Heitinga zam\u00edtl p\u0159estup do West Hamu - Official Czech &amp; Slovak Everton Supporters&#039; Club","robots":{"index":"index","follow":"follow","max-snippet":"max-snippet:-1","max-image-preview":"max-image-preview:large","max-video-preview":"max-video-preview:-1"},"canonical":"https:\/\/evertonfc.cz\/index.php\/2014\/01\/02\/heitinga-zamitl-prestup-do-west-hamu\/","og_locale":"cs_CZ","og_type":"article","og_title":"Heitinga zam\u00edtl p\u0159estup do West Hamu - Official Czech &amp; Slovak Everton Supporters&#039; Club","og_description":"Johny Heitinga se rozhodl odm\u00edtnout nab\u00eddku West Hamu, postoj odej\u00edt z Evertonu v\u0161ak nezm\u011bnil, pouze \u010dek\u00e1 na z\u00e1jem jin\u00fdch klub\u016f.&hellip;","og_url":"https:\/\/evertonfc.cz\/index.php\/2014\/01\/02\/heitinga-zamitl-prestup-do-west-hamu\/","og_site_name":"Official Czech &amp; Slovak Everton Supporters&#039; Club","article_publisher":"https:\/\/www.facebook.com\/everton.fans.cz.sk","article_published_time":"2014-01-02T12:46:35+00:00","article_modified_time":"2019-02-14T14:33:38+00:00","og_image":[{"width":720,"height":405,"url":"https:\/\/evertonfc.cz\/wp-content\/uploads\/2019\/01\/news.jpg","type":"image\/jpeg"}],"author":"Ri\u010di","twitter_card":"summary_large_image","twitter_creator":"@rbrejsa","twitter_misc":{"Napsal(a)":"Ri\u010di","Odhadovan\u00e1 doba \u010dten\u00ed":"2 minuty"},"schema":{"@context":"https:\/\/schema.org","@graph":[{"@type":"Article","@id":"https:\/\/evertonfc.cz\/index.php\/2014\/01\/02\/heitinga-zamitl-prestup-do-west-hamu\/#article","isPartOf":{"@id":"https:\/\/evertonfc.cz\/index.php\/2014\/01\/02\/heitinga-zamitl-prestup-do-west-hamu\/"},"author":{"name":"Ri\u010di","@id":"https:\/\/evertonfc.cz\/#\/schema\/person\/f7a5daedb2ffee98480bc70e191aaef1"},"headline":"Heitinga zam\u00edtl p\u0159estup do West Hamu","datePublished":"2014-01-02T12:46:35+00:00","dateModified":"2019-02-14T14:33:38+00:00","mainEntityOfPage":{"@id":"https:\/\/evertonfc.cz\/index.php\/2014\/01\/02\/heitinga-zamitl-prestup-do-west-hamu\/"},"wordCount":445,"commentCount":0,"publisher":{"@id":"https:\/\/evertonfc.cz\/#organization"},"image":{"@id":"https:\/\/evertonfc.cz\/index.php\/2014\/01\/02\/heitinga-zamitl-prestup-do-west-hamu\/#primaryimage"},"thumbnailUrl":"https:\/\/evertonfc.cz\/wp-content\/uploads\/2019\/01\/news.jpg","articleSection":["Aktuality","P\u0159estupy"],"inLanguage":"cs","potentialAction":[{"@type":"CommentAction","name":"Comment","target":["https:\/\/evertonfc.cz\/index.php\/2014\/01\/02\/heitinga-zamitl-prestup-do-west-hamu\/#respond"]}]},{"@type":"WebPage","@id":"https:\/\/evertonfc.cz\/index.php\/2014\/01\/02\/heitinga-zamitl-prestup-do-west-hamu\/","url":"https:\/\/evertonfc.cz\/index.php\/2014\/01\/02\/heitinga-zamitl-prestup-do-west-hamu\/","name":"Heitinga zam\u00edtl p\u0159estup do West Hamu - Official Czech &amp; Slovak Everton Supporters&#039; Club","isPartOf":{"@id":"https:\/\/evertonfc.cz\/#website"},"primaryImageOfPage":{"@id":"https:\/\/evertonfc.cz\/index.php\/2014\/01\/02\/heitinga-zamitl-prestup-do-west-hamu\/#primaryimage"},"image":{"@id":"https:\/\/evertonfc.cz\/index.php\/2014\/01\/02\/heitinga-zamitl-prestup-do-west-hamu\/#primaryimage"},"thumbnailUrl":"https:\/\/evertonfc.cz\/wp-content\/uploads\/2019\/01\/news.jpg","datePublished":"2014-01-02T12:46:35+00:00","dateModified":"2019-02-14T14:33:38+00:00","breadcrumb":{"@id":"https:\/\/evertonfc.cz\/index.php\/2014\/01\/02\/heitinga-zamitl-prestup-do-west-hamu\/#breadcrumb"},"inLanguage":"cs","potentialAction":[{"@type":"ReadAction","target":["https:\/\/evertonfc.cz\/index.php\/2014\/01\/02\/heitinga-zamitl-prestup-do-west-hamu\/"]}]},{"@type":"ImageObject","inLanguage":"cs","@id":"https:\/\/evertonfc.cz\/index.php\/2014\/01\/02\/heitinga-zamitl-prestup-do-west-hamu\/#primaryimage","url":"https:\/\/evertonfc.cz\/wp-content\/uploads\/2019\/01\/news.jpg","contentUrl":"https:\/\/evertonfc.cz\/wp-content\/uploads\/2019\/01\/news.jpg","width":720,"height":405},{"@type":"BreadcrumbList","@id":"https:\/\/evertonfc.cz\/index.php\/2014\/01\/02\/heitinga-zamitl-prestup-do-west-hamu\/#breadcrumb","itemListElement":[{"@type":"ListItem","position":1,"name":"Home","item":"https:\/\/evertonfc.cz\/"},{"@type":"ListItem","position":2,"name":"Heitinga zam\u00edtl p\u0159estup do West Hamu"}]},{"@type":"WebSite","@id":"https:\/\/evertonfc.cz\/#website","url":"https:\/\/evertonfc.cz\/","name":"Official Czech &amp; Slovak Everton Supporters&#039; Club","description":"","publisher":{"@id":"https:\/\/evertonfc.cz\/#organization"},"potentialAction":[{"@type":"SearchAction","target":{"@type":"EntryPoint","urlTemplate":"https:\/\/evertonfc.cz\/?s={search_term_string}"},"query-input":{"@type":"PropertyValueSpecification","valueRequired":true,"valueName":"search_term_string"}}],"inLanguage":"cs"},{"@type":"Organization","@id":"https:\/\/evertonfc.cz\/#organization","name":"Official Czech & Slovak Everton Supporters' Club","url":"https:\/\/evertonfc.cz\/","logo":{"@type":"ImageObject","inLanguage":"cs","@id":"https:\/\/evertonfc.cz\/#\/schema\/logo\/image\/","url":"https:\/\/evertonfc.cz\/wp-content\/uploads\/2019\/05\/logo.png","contentUrl":"https:\/\/evertonfc.cz\/wp-content\/uploads\/2019\/05\/logo.png","width":112,"height":112,"caption":"Official Czech & Slovak Everton Supporters' Club"},"image":{"@id":"https:\/\/evertonfc.cz\/#\/schema\/logo\/image\/"},"sameAs":["https:\/\/www.facebook.com\/everton.fans.cz.sk"]},{"@type":"Person","@id":"https:\/\/evertonfc.cz\/#\/schema\/person\/f7a5daedb2ffee98480bc70e191aaef1","name":"Ri\u010di","sameAs":["https:\/\/x.com\/rbrejsa"],"url":"https:\/\/evertonfc.cz\/index.php\/author\/rici\/"}]}},"_links":{"self":[{"href":"https:\/\/evertonfc.cz\/index.php\/wp-json\/wp\/v2\/posts\/5120"}],"collection":[{"href":"https:\/\/evertonfc.cz\/index.php\/wp-json\/wp\/v2\/posts"}],"about":[{"href":"https:\/\/evertonfc.cz\/index.php\/wp-json\/wp\/v2\/types\/post"}],"author":[{"embeddable":true,"href":"https:\/\/evertonfc.cz\/index.php\/wp-json\/wp\/v2\/users\/6"}],"replies":[{"embeddable":true,"href":"https:\/\/evertonfc.cz\/index.php\/wp-json\/wp\/v2\/comments?post=5120"}],"version-history":[{"count":3,"href":"https:\/\/evertonfc.cz\/index.php\/wp-json\/wp\/v2\/posts\/5120\/revisions"}],"predecessor-version":[{"id":5221,"href":"https:\/\/evertonfc.cz\/index.php\/wp-json\/wp\/v2\/posts\/5120\/revisions\/5221"}],"wp:featuredmedia":[{"embeddable":true,"href":"https:\/\/evertonfc.cz\/index.php\/wp-json\/wp\/v2\/media\/1313"}],"wp:attachment":[{"href":"https:\/\/evertonfc.cz\/index.php\/wp-json\/wp\/v2\/media?parent=5120"}],"wp:term":[{"taxonomy":"category","embeddable":true,"href":"https:\/\/evertonfc.cz\/index.php\/wp-json\/wp\/v2\/categories?post=5120"},{"taxonomy":"post_tag","embeddable":true,"href":"https:\/\/evertonfc.cz\/index.php\/wp-json\/wp\/v2\/tags?post=5120"}],"curies":[{"name":"wp","href":"https:\/\/api.w.org\/{rel}","templated":true}]}}