{"id":5138,"date":"2011-07-13T13:52:03","date_gmt":"2011-07-13T11:52:03","guid":{"rendered":"http:\/\/evertonfc.cz\/?p=5138"},"modified":"2019-02-14T13:54:52","modified_gmt":"2019-02-14T12:54:52","slug":"irvine-zpet-v-evertonu-moyes-vyznamenan","status":"publish","type":"post","link":"https:\/\/evertonfc.cz\/index.php\/2011\/07\/13\/irvine-zpet-v-evertonu-moyes-vyznamenan\/","title":{"rendered":"Irvine zp\u011bt v Evertonu, Moyes vyznamen\u00e1n"},"content":{"rendered":"<h4>Alan Irvine se stal prvn\u00ed &#8222;posilou&#8220; leto\u0161n\u00edho l\u00e9ta. Po bezm\u00e1la t\u0159ech letech se vrac\u00ed do klubov\u00fdch struktur, by\u0165 ve zcela nov\u00e9 roli. David Moyes naopak obdr\u017eel \u010destn\u00e9 vyznamen\u00e1n\u00ed.<\/h4>\n<div id=\"NewsPostDetailContent\">\n<p>Na Irvina, jen\u017e byl v p\u0159edchoz\u00edm p\u016fsoben\u00ed na Goodison Parku pravou rukou Davida Moyese, \u010dek\u00e1 pom\u011brn\u011b nov\u00e1 role. P\u0159evezme \u017eezlo po Rayi Hallovi, \u0159editeli klubov\u00e9ho ml\u00e1de\u017enick\u00e9ho syst\u00e9mu, kter\u00fd se rozhodl, \u017ee po dvaceti letech ve funkci svoje \u0159emeslo p\u0159ed\u00e1. Hall v\u0161ak Evertonu d\u00e1l z\u016fst\u00e1v\u00e1 v\u011brn\u00fd, v oblasti v\u00fdvoje mlad\u00fdch talent\u016f toti\u017e p\u0159evezme roli zvanou \u201cinternational ambassador\u201c.<\/p>\n<p><em>\u201eRay u\u017e p\u0159ed n\u011bkolika m\u011bs\u00edci nazna\u010dil, \u017ee jde o jeho posledn\u00ed sezonu, tak\u017ee hled\u00e1n\u00ed jeho n\u00e1stupce bylo d\u016fle\u017eit\u00e9,\u201c<\/em> \u0159\u00edk\u00e1 David Moyes. <em>\u201eM\u00e1m radost, \u017ee n\u011bkdo kalibru Alana Irvina se k n\u00e1m vrac\u00ed. Alan byl dostupn\u00fd, tak\u017ee d\u00e1valo smysl p\u0159iv\u00e9st ho co nejd\u0159\u00edve a zm\u011bnu prov\u00e9st rychleji, ne\u017e jsme o\u010dek\u00e1vali.<\/em><\/p>\n<p><em>Ray b\u011bhem t\u011bch let v akademii odvedl neuv\u011b\u0159itelnou pr\u00e1ci a jsme r\u00e1di, \u017ee d\u00e1l bude hr\u00e1t v klubu aktivn\u00ed roli a \u017ee z\u016fstane jeho d\u016fle\u017eitou sou\u010d\u00e1st\u00ed je\u0161t\u011b dal\u0161\u00ed t\u0159i roky.\u201c<\/em><\/p>\n<p>Irvine byl bez pr\u00e1ce od \u00fanora, kdy s n\u00edm smlouvu p\u0159ed\u010dasn\u011b rozv\u00e1zal Sheffield Wednesday. Na Hillsborough p\u016fsobil po vcelku \u00fasp\u011b\u0161n\u00e9 \u0161taci v Prestonu, kam ode\u0161el na podzim 2007 pr\u00e1v\u011b z Evertonu. S Owls v\u0161ak na\u010das dokonce zab\u0159ednul do z\u00e1chran\u00e1\u0159sk\u00fdch boj\u016f League One, a tak na lavi\u010dce slavn\u00e9ho klubu vydr\u017eel jen rok.<\/p>\n<p>T\u0159iapades\u00e1tilet\u00e9ho Skota tak \u010dek\u00e1 ji\u017e t\u0159et\u00ed evertonsk\u00e9 anga\u017em\u00e1. To prvn\u00ed p\u0159i\u0161lo v roce 1981. N\u011bkdej\u0161\u00ed k\u0159\u00eddeln\u00edk v Evertonu b\u011bhem t\u0159\u00ed sezon nastoupil k 79 utk\u00e1n\u00edm, ke kter\u00fdm p\u0159idal \u0161est g\u00f3l\u016f. Asistentem Davida Moyese se pak stal v roce 2002. Irvine tak p\u0159izn\u00e1v\u00e1, \u017ee jeho rozhodov\u00e1n\u00ed z velk\u00e9 \u010d\u00e1sti ovlivnilo i pouto, je\u017e ho s klubem poj\u00ed.<\/p>\n<p><em>\u201eTohle nen\u00ed druh pr\u00e1ce, kter\u00fd bych kdekoliv jinde vzal. L\u00e1kadlo n\u00e1vratu do Evertonu a dal\u0161\u00ed spolupr\u00e1ce s Davidem Moyesem ale byl p\u0159\u00edli\u0161 velk\u00fd faktor. Hodn\u011b se mi l\u00edbila pr\u00e1ce v akademii, kdy\u017e jsem byl v Newcastlu p\u0159edt\u00edm, ne\u017e jsem p\u0159i\u0161el do Evertonu. M\u011bli jsme docela \u00fasp\u011bch, tak\u017ee douf\u00e1m, \u017ee to stejn\u00e9 se povede i tady. Je to pro m\u011b zm\u011bna, ale c\u00edt\u00edm, \u017ee z n\u00ed vyplyne jen p\u0159\u00ednos,\u201c<\/em> t\u011b\u0161\u00ed se rod\u00e1k z Glasgow.<\/p>\n<h4><strong>Moyes s vyznamen\u00e1n\u00edm<\/strong><\/h4>\n<p>Jak\u00e1koliv p\u0159estupov\u00e1 vyjedn\u00e1v\u00e1n\u00ed jsou v nedohlednu, a tak si David Moyes mohl odsko\u010dit p\u0159evz\u00edt presti\u017en\u00ed ocen\u011bn\u00ed Liverpool John Moores University. Mana\u017eerovi bylo ud\u011bleno nejvy\u0161\u0161\u00ed vyznamen\u00e1n\u00ed, kter\u00e9 univerzita m\u016f\u017ee ud\u011blit, a to konkr\u00e9tn\u011b za jeho \u201cpozoruhodn\u00fd p\u0159\u00ednos fotbalu a sportu.\u201c Ocen\u011bn\u00ed si p\u0159evzal ve st\u0159edu v liverpoolsk\u00e9 anglik\u00e1nsk\u00e9 katedr\u00e1le.<\/p>\n<p><em>\u201eJsem velmi hrd\u00fd. Everton m\u00e1 skv\u011bl\u00e9 vztahy s univerzitn\u00ed School of Sport and Exercise Sciences, kter\u00e1 poskytuje podporu sportovn\u00edm program\u016fm a ukazuje, jak m\u016f\u017ee fotbal m\u011bnit soci\u00e1ln\u00ed prost\u0159ed\u00ed d\u00edky podpo\u0159e na\u0161ich komunitn\u00edch projekt\u016f,\u201c<\/em> pronesl Moyes.<\/p>\n<\/div>\n","protected":false},"excerpt":{"rendered":"<p>Alan Irvine se stal prvn\u00ed &#8222;posilou&#8220; leto\u0161n\u00edho l\u00e9ta. Po bezm\u00e1la t\u0159ech letech se vrac\u00ed do klubov\u00fdch struktur, by\u0165 ve zcela&hellip;<\/p>\n","protected":false},"author":7,"featured_media":1313,"comment_status":"open","ping_status":"closed","sticky":false,"template":"","format":"standard","meta":{"_eb_attr":"","_monsterinsights_skip_tracking":false,"_monsterinsights_sitenote_active":false,"_monsterinsights_sitenote_note":"","_monsterinsights_sitenote_category":0,"footnotes":""},"categories":[42,1],"tags":[],"yoast_head":"<!-- This site is optimized with the Yoast SEO plugin v23.4 - https:\/\/yoast.com\/wordpress\/plugins\/seo\/ -->\n<title>Irvine zp\u011bt v Evertonu, Moyes vyznamen\u00e1n - Official Czech &amp; Slovak Everton Supporters&#039; Club<\/title>\n<meta name=\"robots\" content=\"index, follow, max-snippet:-1, max-image-preview:large, max-video-preview:-1\" \/>\n<link rel=\"canonical\" href=\"https:\/\/evertonfc.cz\/index.php\/2011\/07\/13\/irvine-zpet-v-evertonu-moyes-vyznamenan\/\" \/>\n<meta property=\"og:locale\" content=\"cs_CZ\" \/>\n<meta property=\"og:type\" content=\"article\" \/>\n<meta property=\"og:title\" content=\"Irvine zp\u011bt v Evertonu, Moyes vyznamen\u00e1n - Official Czech &amp; Slovak Everton Supporters&#039; Club\" \/>\n<meta property=\"og:description\" content=\"Alan Irvine se stal prvn\u00ed &#8222;posilou&#8220; leto\u0161n\u00edho l\u00e9ta. Po bezm\u00e1la t\u0159ech letech se vrac\u00ed do klubov\u00fdch struktur, by\u0165 ve zcela&hellip;\" \/>\n<meta property=\"og:url\" content=\"https:\/\/evertonfc.cz\/index.php\/2011\/07\/13\/irvine-zpet-v-evertonu-moyes-vyznamenan\/\" \/>\n<meta property=\"og:site_name\" content=\"Official Czech &amp; Slovak Everton Supporters&#039; Club\" \/>\n<meta property=\"article:publisher\" content=\"https:\/\/www.facebook.com\/everton.fans.cz.sk\" \/>\n<meta property=\"article:published_time\" content=\"2011-07-13T11:52:03+00:00\" \/>\n<meta property=\"article:modified_time\" content=\"2019-02-14T12:54:52+00:00\" \/>\n<meta property=\"og:image\" content=\"https:\/\/evertonfc.cz\/wp-content\/uploads\/2019\/01\/news.jpg\" \/>\n\t<meta property=\"og:image:width\" content=\"720\" \/>\n\t<meta property=\"og:image:height\" content=\"405\" \/>\n\t<meta property=\"og:image:type\" content=\"image\/jpeg\" \/>\n<meta name=\"author\" content=\"Me\u0148a\" \/>\n<meta name=\"twitter:card\" content=\"summary_large_image\" \/>\n<meta name=\"twitter:label1\" content=\"Napsal(a)\" \/>\n\t<meta name=\"twitter:data1\" content=\"Me\u0148a\" \/>\n\t<meta name=\"twitter:label2\" content=\"Odhadovan\u00e1 doba \u010dten\u00ed\" \/>\n\t<meta name=\"twitter:data2\" content=\"3 minuty\" \/>\n<script type=\"application\/ld+json\" class=\"yoast-schema-graph\">{\"@context\":\"https:\/\/schema.org\",\"@graph\":[{\"@type\":\"Article\",\"@id\":\"https:\/\/evertonfc.cz\/index.php\/2011\/07\/13\/irvine-zpet-v-evertonu-moyes-vyznamenan\/#article\",\"isPartOf\":{\"@id\":\"https:\/\/evertonfc.cz\/index.php\/2011\/07\/13\/irvine-zpet-v-evertonu-moyes-vyznamenan\/\"},\"author\":{\"name\":\"Me\u0148a\",\"@id\":\"https:\/\/evertonfc.cz\/#\/schema\/person\/cd6328a75577de2add7793fd4b0930c3\"},\"headline\":\"Irvine zp\u011bt v Evertonu, Moyes vyznamen\u00e1n\",\"datePublished\":\"2011-07-13T11:52:03+00:00\",\"dateModified\":\"2019-02-14T12:54:52+00:00\",\"mainEntityOfPage\":{\"@id\":\"https:\/\/evertonfc.cz\/index.php\/2011\/07\/13\/irvine-zpet-v-evertonu-moyes-vyznamenan\/\"},\"wordCount\":586,\"commentCount\":0,\"publisher\":{\"@id\":\"https:\/\/evertonfc.cz\/#organization\"},\"image\":{\"@id\":\"https:\/\/evertonfc.cz\/index.php\/2011\/07\/13\/irvine-zpet-v-evertonu-moyes-vyznamenan\/#primaryimage\"},\"thumbnailUrl\":\"https:\/\/evertonfc.cz\/wp-content\/uploads\/2019\/01\/news.jpg\",\"articleSection\":[\"Aktuality\",\"Rozhovory\"],\"inLanguage\":\"cs\",\"potentialAction\":[{\"@type\":\"CommentAction\",\"name\":\"Comment\",\"target\":[\"https:\/\/evertonfc.cz\/index.php\/2011\/07\/13\/irvine-zpet-v-evertonu-moyes-vyznamenan\/#respond\"]}]},{\"@type\":\"WebPage\",\"@id\":\"https:\/\/evertonfc.cz\/index.php\/2011\/07\/13\/irvine-zpet-v-evertonu-moyes-vyznamenan\/\",\"url\":\"https:\/\/evertonfc.cz\/index.php\/2011\/07\/13\/irvine-zpet-v-evertonu-moyes-vyznamenan\/\",\"name\":\"Irvine zp\u011bt v Evertonu, Moyes vyznamen\u00e1n - Official Czech &amp; Slovak Everton Supporters&#039; Club\",\"isPartOf\":{\"@id\":\"https:\/\/evertonfc.cz\/#website\"},\"primaryImageOfPage\":{\"@id\":\"https:\/\/evertonfc.cz\/index.php\/2011\/07\/13\/irvine-zpet-v-evertonu-moyes-vyznamenan\/#primaryimage\"},\"image\":{\"@id\":\"https:\/\/evertonfc.cz\/index.php\/2011\/07\/13\/irvine-zpet-v-evertonu-moyes-vyznamenan\/#primaryimage\"},\"thumbnailUrl\":\"https:\/\/evertonfc.cz\/wp-content\/uploads\/2019\/01\/news.jpg\",\"datePublished\":\"2011-07-13T11:52:03+00:00\",\"dateModified\":\"2019-02-14T12:54:52+00:00\",\"breadcrumb\":{\"@id\":\"https:\/\/evertonfc.cz\/index.php\/2011\/07\/13\/irvine-zpet-v-evertonu-moyes-vyznamenan\/#breadcrumb\"},\"inLanguage\":\"cs\",\"potentialAction\":[{\"@type\":\"ReadAction\",\"target\":[\"https:\/\/evertonfc.cz\/index.php\/2011\/07\/13\/irvine-zpet-v-evertonu-moyes-vyznamenan\/\"]}]},{\"@type\":\"ImageObject\",\"inLanguage\":\"cs\",\"@id\":\"https:\/\/evertonfc.cz\/index.php\/2011\/07\/13\/irvine-zpet-v-evertonu-moyes-vyznamenan\/#primaryimage\",\"url\":\"https:\/\/evertonfc.cz\/wp-content\/uploads\/2019\/01\/news.jpg\",\"contentUrl\":\"https:\/\/evertonfc.cz\/wp-content\/uploads\/2019\/01\/news.jpg\",\"width\":720,\"height\":405},{\"@type\":\"BreadcrumbList\",\"@id\":\"https:\/\/evertonfc.cz\/index.php\/2011\/07\/13\/irvine-zpet-v-evertonu-moyes-vyznamenan\/#breadcrumb\",\"itemListElement\":[{\"@type\":\"ListItem\",\"position\":1,\"name\":\"Home\",\"item\":\"https:\/\/evertonfc.cz\/\"},{\"@type\":\"ListItem\",\"position\":2,\"name\":\"Irvine zp\u011bt v Evertonu, Moyes vyznamen\u00e1n\"}]},{\"@type\":\"WebSite\",\"@id\":\"https:\/\/evertonfc.cz\/#website\",\"url\":\"https:\/\/evertonfc.cz\/\",\"name\":\"Official Czech &amp; Slovak Everton Supporters&#039; Club\",\"description\":\"\",\"publisher\":{\"@id\":\"https:\/\/evertonfc.cz\/#organization\"},\"potentialAction\":[{\"@type\":\"SearchAction\",\"target\":{\"@type\":\"EntryPoint\",\"urlTemplate\":\"https:\/\/evertonfc.cz\/?s={search_term_string}\"},\"query-input\":{\"@type\":\"PropertyValueSpecification\",\"valueRequired\":true,\"valueName\":\"search_term_string\"}}],\"inLanguage\":\"cs\"},{\"@type\":\"Organization\",\"@id\":\"https:\/\/evertonfc.cz\/#organization\",\"name\":\"Official Czech & Slovak Everton Supporters' Club\",\"url\":\"https:\/\/evertonfc.cz\/\",\"logo\":{\"@type\":\"ImageObject\",\"inLanguage\":\"cs\",\"@id\":\"https:\/\/evertonfc.cz\/#\/schema\/logo\/image\/\",\"url\":\"https:\/\/evertonfc.cz\/wp-content\/uploads\/2019\/05\/logo.png\",\"contentUrl\":\"https:\/\/evertonfc.cz\/wp-content\/uploads\/2019\/05\/logo.png\",\"width\":112,\"height\":112,\"caption\":\"Official Czech & Slovak Everton Supporters' Club\"},\"image\":{\"@id\":\"https:\/\/evertonfc.cz\/#\/schema\/logo\/image\/\"},\"sameAs\":[\"https:\/\/www.facebook.com\/everton.fans.cz.sk\"]},{\"@type\":\"Person\",\"@id\":\"https:\/\/evertonfc.cz\/#\/schema\/person\/cd6328a75577de2add7793fd4b0930c3\",\"name\":\"Me\u0148a\",\"url\":\"https:\/\/evertonfc.cz\/index.php\/author\/mena\/\"}]}<\/script>\n<!-- \/ Yoast SEO plugin. -->","yoast_head_json":{"title":"Irvine zp\u011bt v Evertonu, Moyes vyznamen\u00e1n - Official Czech &amp; Slovak Everton Supporters&#039; Club","robots":{"index":"index","follow":"follow","max-snippet":"max-snippet:-1","max-image-preview":"max-image-preview:large","max-video-preview":"max-video-preview:-1"},"canonical":"https:\/\/evertonfc.cz\/index.php\/2011\/07\/13\/irvine-zpet-v-evertonu-moyes-vyznamenan\/","og_locale":"cs_CZ","og_type":"article","og_title":"Irvine zp\u011bt v Evertonu, Moyes vyznamen\u00e1n - Official Czech &amp; Slovak Everton Supporters&#039; Club","og_description":"Alan Irvine se stal prvn\u00ed &#8222;posilou&#8220; leto\u0161n\u00edho l\u00e9ta. Po bezm\u00e1la t\u0159ech letech se vrac\u00ed do klubov\u00fdch struktur, by\u0165 ve zcela&hellip;","og_url":"https:\/\/evertonfc.cz\/index.php\/2011\/07\/13\/irvine-zpet-v-evertonu-moyes-vyznamenan\/","og_site_name":"Official Czech &amp; Slovak Everton Supporters&#039; Club","article_publisher":"https:\/\/www.facebook.com\/everton.fans.cz.sk","article_published_time":"2011-07-13T11:52:03+00:00","article_modified_time":"2019-02-14T12:54:52+00:00","og_image":[{"width":720,"height":405,"url":"https:\/\/evertonfc.cz\/wp-content\/uploads\/2019\/01\/news.jpg","type":"image\/jpeg"}],"author":"Me\u0148a","twitter_card":"summary_large_image","twitter_misc":{"Napsal(a)":"Me\u0148a","Odhadovan\u00e1 doba \u010dten\u00ed":"3 minuty"},"schema":{"@context":"https:\/\/schema.org","@graph":[{"@type":"Article","@id":"https:\/\/evertonfc.cz\/index.php\/2011\/07\/13\/irvine-zpet-v-evertonu-moyes-vyznamenan\/#article","isPartOf":{"@id":"https:\/\/evertonfc.cz\/index.php\/2011\/07\/13\/irvine-zpet-v-evertonu-moyes-vyznamenan\/"},"author":{"name":"Me\u0148a","@id":"https:\/\/evertonfc.cz\/#\/schema\/person\/cd6328a75577de2add7793fd4b0930c3"},"headline":"Irvine zp\u011bt v Evertonu, Moyes vyznamen\u00e1n","datePublished":"2011-07-13T11:52:03+00:00","dateModified":"2019-02-14T12:54:52+00:00","mainEntityOfPage":{"@id":"https:\/\/evertonfc.cz\/index.php\/2011\/07\/13\/irvine-zpet-v-evertonu-moyes-vyznamenan\/"},"wordCount":586,"commentCount":0,"publisher":{"@id":"https:\/\/evertonfc.cz\/#organization"},"image":{"@id":"https:\/\/evertonfc.cz\/index.php\/2011\/07\/13\/irvine-zpet-v-evertonu-moyes-vyznamenan\/#primaryimage"},"thumbnailUrl":"https:\/\/evertonfc.cz\/wp-content\/uploads\/2019\/01\/news.jpg","articleSection":["Aktuality","Rozhovory"],"inLanguage":"cs","potentialAction":[{"@type":"CommentAction","name":"Comment","target":["https:\/\/evertonfc.cz\/index.php\/2011\/07\/13\/irvine-zpet-v-evertonu-moyes-vyznamenan\/#respond"]}]},{"@type":"WebPage","@id":"https:\/\/evertonfc.cz\/index.php\/2011\/07\/13\/irvine-zpet-v-evertonu-moyes-vyznamenan\/","url":"https:\/\/evertonfc.cz\/index.php\/2011\/07\/13\/irvine-zpet-v-evertonu-moyes-vyznamenan\/","name":"Irvine zp\u011bt v Evertonu, Moyes vyznamen\u00e1n - Official Czech &amp; Slovak Everton Supporters&#039; Club","isPartOf":{"@id":"https:\/\/evertonfc.cz\/#website"},"primaryImageOfPage":{"@id":"https:\/\/evertonfc.cz\/index.php\/2011\/07\/13\/irvine-zpet-v-evertonu-moyes-vyznamenan\/#primaryimage"},"image":{"@id":"https:\/\/evertonfc.cz\/index.php\/2011\/07\/13\/irvine-zpet-v-evertonu-moyes-vyznamenan\/#primaryimage"},"thumbnailUrl":"https:\/\/evertonfc.cz\/wp-content\/uploads\/2019\/01\/news.jpg","datePublished":"2011-07-13T11:52:03+00:00","dateModified":"2019-02-14T12:54:52+00:00","breadcrumb":{"@id":"https:\/\/evertonfc.cz\/index.php\/2011\/07\/13\/irvine-zpet-v-evertonu-moyes-vyznamenan\/#breadcrumb"},"inLanguage":"cs","potentialAction":[{"@type":"ReadAction","target":["https:\/\/evertonfc.cz\/index.php\/2011\/07\/13\/irvine-zpet-v-evertonu-moyes-vyznamenan\/"]}]},{"@type":"ImageObject","inLanguage":"cs","@id":"https:\/\/evertonfc.cz\/index.php\/2011\/07\/13\/irvine-zpet-v-evertonu-moyes-vyznamenan\/#primaryimage","url":"https:\/\/evertonfc.cz\/wp-content\/uploads\/2019\/01\/news.jpg","contentUrl":"https:\/\/evertonfc.cz\/wp-content\/uploads\/2019\/01\/news.jpg","width":720,"height":405},{"@type":"BreadcrumbList","@id":"https:\/\/evertonfc.cz\/index.php\/2011\/07\/13\/irvine-zpet-v-evertonu-moyes-vyznamenan\/#breadcrumb","itemListElement":[{"@type":"ListItem","position":1,"name":"Home","item":"https:\/\/evertonfc.cz\/"},{"@type":"ListItem","position":2,"name":"Irvine zp\u011bt v Evertonu, Moyes vyznamen\u00e1n"}]},{"@type":"WebSite","@id":"https:\/\/evertonfc.cz\/#website","url":"https:\/\/evertonfc.cz\/","name":"Official Czech &amp; Slovak Everton Supporters&#039; Club","description":"","publisher":{"@id":"https:\/\/evertonfc.cz\/#organization"},"potentialAction":[{"@type":"SearchAction","target":{"@type":"EntryPoint","urlTemplate":"https:\/\/evertonfc.cz\/?s={search_term_string}"},"query-input":{"@type":"PropertyValueSpecification","valueRequired":true,"valueName":"search_term_string"}}],"inLanguage":"cs"},{"@type":"Organization","@id":"https:\/\/evertonfc.cz\/#organization","name":"Official Czech & Slovak Everton Supporters' Club","url":"https:\/\/evertonfc.cz\/","logo":{"@type":"ImageObject","inLanguage":"cs","@id":"https:\/\/evertonfc.cz\/#\/schema\/logo\/image\/","url":"https:\/\/evertonfc.cz\/wp-content\/uploads\/2019\/05\/logo.png","contentUrl":"https:\/\/evertonfc.cz\/wp-content\/uploads\/2019\/05\/logo.png","width":112,"height":112,"caption":"Official Czech & Slovak Everton Supporters' Club"},"image":{"@id":"https:\/\/evertonfc.cz\/#\/schema\/logo\/image\/"},"sameAs":["https:\/\/www.facebook.com\/everton.fans.cz.sk"]},{"@type":"Person","@id":"https:\/\/evertonfc.cz\/#\/schema\/person\/cd6328a75577de2add7793fd4b0930c3","name":"Me\u0148a","url":"https:\/\/evertonfc.cz\/index.php\/author\/mena\/"}]}},"_links":{"self":[{"href":"https:\/\/evertonfc.cz\/index.php\/wp-json\/wp\/v2\/posts\/5138"}],"collection":[{"href":"https:\/\/evertonfc.cz\/index.php\/wp-json\/wp\/v2\/posts"}],"about":[{"href":"https:\/\/evertonfc.cz\/index.php\/wp-json\/wp\/v2\/types\/post"}],"author":[{"embeddable":true,"href":"https:\/\/evertonfc.cz\/index.php\/wp-json\/wp\/v2\/users\/7"}],"replies":[{"embeddable":true,"href":"https:\/\/evertonfc.cz\/index.php\/wp-json\/wp\/v2\/comments?post=5138"}],"version-history":[{"count":1,"href":"https:\/\/evertonfc.cz\/index.php\/wp-json\/wp\/v2\/posts\/5138\/revisions"}],"predecessor-version":[{"id":5143,"href":"https:\/\/evertonfc.cz\/index.php\/wp-json\/wp\/v2\/posts\/5138\/revisions\/5143"}],"wp:featuredmedia":[{"embeddable":true,"href":"https:\/\/evertonfc.cz\/index.php\/wp-json\/wp\/v2\/media\/1313"}],"wp:attachment":[{"href":"https:\/\/evertonfc.cz\/index.php\/wp-json\/wp\/v2\/media?parent=5138"}],"wp:term":[{"taxonomy":"category","embeddable":true,"href":"https:\/\/evertonfc.cz\/index.php\/wp-json\/wp\/v2\/categories?post=5138"},{"taxonomy":"post_tag","embeddable":true,"href":"https:\/\/evertonfc.cz\/index.php\/wp-json\/wp\/v2\/tags?post=5138"}],"curies":[{"name":"wp","href":"https:\/\/api.w.org\/{rel}","templated":true}]}}