{"id":5144,"date":"2011-07-15T13:54:59","date_gmt":"2011-07-15T11:54:59","guid":{"rendered":"http:\/\/evertonfc.cz\/?p=5144"},"modified":"2019-02-14T14:04:03","modified_gmt":"2019-02-14T13:04:03","slug":"irvine-v-prvnim-rozhovoru","status":"publish","type":"post","link":"https:\/\/evertonfc.cz\/index.php\/2011\/07\/15\/irvine-v-prvnim-rozhovoru\/","title":{"rendered":"Irvine v prvn\u00edm rozhovoru"},"content":{"rendered":"<h4>Alan Irvine, nov\u00fd \u0159editel klubov\u00e9ho ml\u00e1de\u017enick\u00e9ho syst\u00e9mu, neo\u010dek\u00e1v\u00e1 p\u0159i nulov\u00e9 aktivit\u011b Evertonu na p\u0159estupov\u00e9m poli tlak na svou osobu, aby m\u00edsto posil dod\u00e1val prvn\u00edmu t\u00fdmu mlad\u00e9 talenty.<\/h4>\n<div id=\"NewsPostDetailContent\">\n<p>Skotsk\u00fd harcovn\u00edk se vrac\u00ed na Goodison Park u\u017e do sv\u00e9ho t\u0159et\u00edho povol\u00e1n\u00ed, nejd\u0159\u00edve za\u010d\u00ednal jako hr\u00e1\u010d, pozd\u011bji jako prav\u00e1 ruka Davida Moyese a v sou\u010dasnosti p\u0159eb\u00edr\u00e1 post \u0161\u00e9fa akademie. M\u00edsto mu uvolnil dlouholet\u00fd a \u00fasp\u011b\u0161n\u00fd pracovn\u00edk Ray Hall.<\/p>\n<p>Do kola st\u00e1le om\u00edlan\u00fd fakt &#8211; David Moyes nem\u00e1 p\u0159estupy na pen\u00edze &#8211; se na za\u010d\u00e1tku anga\u017em\u00e1 dotkl i Irvina. Ten v\u0161ak v\u011b\u0159\u00ed, \u017ee nedostatek posil nep\u0159inese tlak na hr\u00e1\u010de a person\u00e1l akademie, aby pravideln\u011b z\u00e1sobovali prvn\u00ed t\u00fdm nad\u011bjn\u00fdmi a konkurenceschopn\u00fdmi fotbalisty, jak tomu t\u0159eba b\u00fdv\u00e1 v jin\u00fdch klubech.<\/p>\n<p><em>\u201eDle m\u00e9ho se tak nestane. Probl\u00e9my prvn\u00edho mu\u017estva pr\u00e1ci akademii nijak neohroz\u00ed. Mlad\u00ed hr\u00e1\u010di jsou ale pod tlakem i tak, o\u010dek\u00e1v\u00e1 se od nich daleko v\u00edce ne\u017e v minulosti, jeliko\u017e v dne\u0161n\u00ed dob\u011b se do nich investuje o mnoho v\u00edce pen\u011bz. Cel\u00e1 akademie je obrovsk\u00e1 organizace. Zam\u011bstn\u00e1v\u00e1 spoustu lid\u00ed, kte\u0159\u00ed pracuj\u00ed s nemal\u00fdm po\u010dtem kluk\u016f. Jde v\u0161ak hlavn\u011b o rozpo\u010det a ten je velmi, velmi velik\u00fd. Z tohoto d\u016fvodu mohou hr\u00e1\u010di c\u00edtit tlak na sv\u00e9 osoby,\u201c <\/em>vysv\u011btlil 53 let star\u00fd Irvine.<\/p>\n<p>B\u00fdval\u00fd \u0159editel akademi\u00ed v Blackburnu Rovers a Newcastle United, ob\u011b zam\u011bstn\u00e1n\u00ed vykon\u00e1val je\u0161t\u011b p\u0159ed t\u00edm, ne\u017e pom\u00e1hal David Moyesovi v pozici asistenta mana\u017eera, nem\u00e1 v pl\u00e1nu prov\u00e1d\u011bt v ml\u00e1de\u017enick\u00e9m syst\u00e9mu Evertonu v\u00fdrazn\u00e9 zm\u011bny. R\u00e1d by dod\u00e1val do A-t\u00fdmu fotbalisty, kte\u0159\u00ed se prosad\u00ed, z minulosti lze uv\u00e9st p\u0159\u00edklady Jacka Rodwella, Victora Anichebeho nebo dvojice Tony Hibbert a Leon Osman.<\/p>\n<p><em>\u201ePokud jednodu\u0161e budete dostate\u010dn\u011b dob\u0159\u00ed, \u0161anci na proniknut\u00ed do prvn\u00edho t\u00fdmu dostanete. David Moyes sleduje mlad\u00edky, a jestli disponuj\u00ed kvalitou, mohou o\u010dek\u00e1vat pozv\u00e1nku do hlavn\u00edho mu\u017estva.<\/em><\/p>\n<p><em>David se neb\u00e1l postavit Wayna Rooneyho, jeliko\u017e tu\u0161il jeho \u00fasp\u011bch. B\u00fdt j\u00e1 s\u00e1m hr\u00e1\u010d v\u00a0na\u0161\u00ed akademii, m\u011bl bych v\u00a0hlavn\u011b \u0161anci na A-t\u00fdm.\u201c<\/em><\/p>\n<p>A co vlastn\u011b \u0159\u00edk\u00e1 Alan Irvine na sv\u016fj n\u00e1vrat do Evertonu? <em>\u201eJe skv\u011bl\u00e9 b\u00fdt zp\u011bt. V tomto klubu jsem se c\u00edtil \u0161\u0165astn\u00fd jako hr\u00e1\u010d i jako asistent mana\u017eera, proto m\u011b m\u016fj comeback neuv\u011b\u0159iteln\u011b t\u011b\u0161\u00ed. Snad jsem z minul\u00fdch anga\u017em\u00e1 v akademi\u00edch posb\u00edral dostatek zku\u0161enost\u00ed a budu tak schopn\u00fd mana\u017eerovi poskytovat mlad\u00e9 talenty.<\/em><\/p>\n<p><em>Dokud nesed\u00edte v mana\u017eersk\u00e9m k\u0159esle, nev\u00edte, co se v\u00e1s \u010dek\u00e1 a jak se v\u00e1m to bude l\u00edbit. Myslel jsem, \u017ee tu\u0161\u00edm, co je to b\u00fdt asistent mana\u017eera nebo samotn\u00fd mana\u017eer, nev\u011bd\u011bl jsem to ale.<\/em><\/p>\n<p><em>Z toho hlediska m\u00e1m te\u010f navrch. Z dob mana\u017eerov\u00e1n\u00ed v Prestonu a Sheffieldu Wednesday jsem byl v pozici Davida Moyese, kdy\u017e jsem m\u011bl pod sebou pracovn\u00edky akademie. V\u00edm proto, na \u010dem aktu\u00e1ln\u011b jsem, a co po m\u011b David chce.\u201c<\/em><\/p>\n<\/div>\n","protected":false},"excerpt":{"rendered":"<p>Alan Irvine, nov\u00fd \u0159editel klubov\u00e9ho ml\u00e1de\u017enick\u00e9ho syst\u00e9mu, neo\u010dek\u00e1v\u00e1 p\u0159i nulov\u00e9 aktivit\u011b Evertonu na p\u0159estupov\u00e9m poli tlak na svou osobu, aby&hellip;<\/p>\n","protected":false},"author":6,"featured_media":1312,"comment_status":"open","ping_status":"closed","sticky":false,"template":"","format":"standard","meta":{"_eb_attr":"","_monsterinsights_skip_tracking":false,"_monsterinsights_sitenote_active":false,"_monsterinsights_sitenote_note":"","_monsterinsights_sitenote_category":0,"footnotes":""},"categories":[42,1],"tags":[],"yoast_head":"<!-- This site is optimized with the Yoast SEO plugin v23.4 - https:\/\/yoast.com\/wordpress\/plugins\/seo\/ -->\n<title>Irvine v prvn\u00edm rozhovoru - Official Czech &amp; Slovak Everton Supporters&#039; Club<\/title>\n<meta name=\"robots\" content=\"index, follow, max-snippet:-1, max-image-preview:large, max-video-preview:-1\" \/>\n<link rel=\"canonical\" href=\"https:\/\/evertonfc.cz\/index.php\/2011\/07\/15\/irvine-v-prvnim-rozhovoru\/\" \/>\n<meta property=\"og:locale\" content=\"cs_CZ\" \/>\n<meta property=\"og:type\" content=\"article\" \/>\n<meta property=\"og:title\" content=\"Irvine v prvn\u00edm rozhovoru - Official Czech &amp; Slovak Everton Supporters&#039; Club\" \/>\n<meta property=\"og:description\" content=\"Alan Irvine, nov\u00fd \u0159editel klubov\u00e9ho ml\u00e1de\u017enick\u00e9ho syst\u00e9mu, neo\u010dek\u00e1v\u00e1 p\u0159i nulov\u00e9 aktivit\u011b Evertonu na p\u0159estupov\u00e9m poli tlak na svou osobu, aby&hellip;\" \/>\n<meta property=\"og:url\" content=\"https:\/\/evertonfc.cz\/index.php\/2011\/07\/15\/irvine-v-prvnim-rozhovoru\/\" \/>\n<meta property=\"og:site_name\" content=\"Official Czech &amp; Slovak Everton Supporters&#039; Club\" \/>\n<meta property=\"article:publisher\" content=\"https:\/\/www.facebook.com\/everton.fans.cz.sk\" \/>\n<meta property=\"article:published_time\" content=\"2011-07-15T11:54:59+00:00\" \/>\n<meta property=\"article:modified_time\" content=\"2019-02-14T13:04:03+00:00\" \/>\n<meta property=\"og:image\" content=\"https:\/\/evertonfc.cz\/wp-content\/uploads\/2019\/01\/interview.jpg\" \/>\n\t<meta property=\"og:image:width\" content=\"720\" \/>\n\t<meta property=\"og:image:height\" content=\"405\" \/>\n\t<meta property=\"og:image:type\" content=\"image\/jpeg\" \/>\n<meta name=\"author\" content=\"Ri\u010di\" \/>\n<meta name=\"twitter:card\" content=\"summary_large_image\" \/>\n<meta name=\"twitter:creator\" content=\"@rbrejsa\" \/>\n<meta name=\"twitter:label1\" content=\"Napsal(a)\" \/>\n\t<meta name=\"twitter:data1\" content=\"Ri\u010di\" \/>\n\t<meta name=\"twitter:label2\" content=\"Odhadovan\u00e1 doba \u010dten\u00ed\" \/>\n\t<meta name=\"twitter:data2\" content=\"3 minuty\" \/>\n<script type=\"application\/ld+json\" class=\"yoast-schema-graph\">{\"@context\":\"https:\/\/schema.org\",\"@graph\":[{\"@type\":\"Article\",\"@id\":\"https:\/\/evertonfc.cz\/index.php\/2011\/07\/15\/irvine-v-prvnim-rozhovoru\/#article\",\"isPartOf\":{\"@id\":\"https:\/\/evertonfc.cz\/index.php\/2011\/07\/15\/irvine-v-prvnim-rozhovoru\/\"},\"author\":{\"name\":\"Ri\u010di\",\"@id\":\"https:\/\/evertonfc.cz\/#\/schema\/person\/f7a5daedb2ffee98480bc70e191aaef1\"},\"headline\":\"Irvine v prvn\u00edm rozhovoru\",\"datePublished\":\"2011-07-15T11:54:59+00:00\",\"dateModified\":\"2019-02-14T13:04:03+00:00\",\"mainEntityOfPage\":{\"@id\":\"https:\/\/evertonfc.cz\/index.php\/2011\/07\/15\/irvine-v-prvnim-rozhovoru\/\"},\"wordCount\":576,\"commentCount\":0,\"publisher\":{\"@id\":\"https:\/\/evertonfc.cz\/#organization\"},\"image\":{\"@id\":\"https:\/\/evertonfc.cz\/index.php\/2011\/07\/15\/irvine-v-prvnim-rozhovoru\/#primaryimage\"},\"thumbnailUrl\":\"https:\/\/evertonfc.cz\/wp-content\/uploads\/2019\/01\/interview.jpg\",\"articleSection\":[\"Aktuality\",\"Rozhovory\"],\"inLanguage\":\"cs\",\"potentialAction\":[{\"@type\":\"CommentAction\",\"name\":\"Comment\",\"target\":[\"https:\/\/evertonfc.cz\/index.php\/2011\/07\/15\/irvine-v-prvnim-rozhovoru\/#respond\"]}]},{\"@type\":\"WebPage\",\"@id\":\"https:\/\/evertonfc.cz\/index.php\/2011\/07\/15\/irvine-v-prvnim-rozhovoru\/\",\"url\":\"https:\/\/evertonfc.cz\/index.php\/2011\/07\/15\/irvine-v-prvnim-rozhovoru\/\",\"name\":\"Irvine v prvn\u00edm rozhovoru - Official Czech &amp; Slovak Everton Supporters&#039; Club\",\"isPartOf\":{\"@id\":\"https:\/\/evertonfc.cz\/#website\"},\"primaryImageOfPage\":{\"@id\":\"https:\/\/evertonfc.cz\/index.php\/2011\/07\/15\/irvine-v-prvnim-rozhovoru\/#primaryimage\"},\"image\":{\"@id\":\"https:\/\/evertonfc.cz\/index.php\/2011\/07\/15\/irvine-v-prvnim-rozhovoru\/#primaryimage\"},\"thumbnailUrl\":\"https:\/\/evertonfc.cz\/wp-content\/uploads\/2019\/01\/interview.jpg\",\"datePublished\":\"2011-07-15T11:54:59+00:00\",\"dateModified\":\"2019-02-14T13:04:03+00:00\",\"breadcrumb\":{\"@id\":\"https:\/\/evertonfc.cz\/index.php\/2011\/07\/15\/irvine-v-prvnim-rozhovoru\/#breadcrumb\"},\"inLanguage\":\"cs\",\"potentialAction\":[{\"@type\":\"ReadAction\",\"target\":[\"https:\/\/evertonfc.cz\/index.php\/2011\/07\/15\/irvine-v-prvnim-rozhovoru\/\"]}]},{\"@type\":\"ImageObject\",\"inLanguage\":\"cs\",\"@id\":\"https:\/\/evertonfc.cz\/index.php\/2011\/07\/15\/irvine-v-prvnim-rozhovoru\/#primaryimage\",\"url\":\"https:\/\/evertonfc.cz\/wp-content\/uploads\/2019\/01\/interview.jpg\",\"contentUrl\":\"https:\/\/evertonfc.cz\/wp-content\/uploads\/2019\/01\/interview.jpg\",\"width\":720,\"height\":405},{\"@type\":\"BreadcrumbList\",\"@id\":\"https:\/\/evertonfc.cz\/index.php\/2011\/07\/15\/irvine-v-prvnim-rozhovoru\/#breadcrumb\",\"itemListElement\":[{\"@type\":\"ListItem\",\"position\":1,\"name\":\"Home\",\"item\":\"https:\/\/evertonfc.cz\/\"},{\"@type\":\"ListItem\",\"position\":2,\"name\":\"Irvine v prvn\u00edm rozhovoru\"}]},{\"@type\":\"WebSite\",\"@id\":\"https:\/\/evertonfc.cz\/#website\",\"url\":\"https:\/\/evertonfc.cz\/\",\"name\":\"Official Czech &amp; Slovak Everton Supporters&#039; Club\",\"description\":\"\",\"publisher\":{\"@id\":\"https:\/\/evertonfc.cz\/#organization\"},\"potentialAction\":[{\"@type\":\"SearchAction\",\"target\":{\"@type\":\"EntryPoint\",\"urlTemplate\":\"https:\/\/evertonfc.cz\/?s={search_term_string}\"},\"query-input\":{\"@type\":\"PropertyValueSpecification\",\"valueRequired\":true,\"valueName\":\"search_term_string\"}}],\"inLanguage\":\"cs\"},{\"@type\":\"Organization\",\"@id\":\"https:\/\/evertonfc.cz\/#organization\",\"name\":\"Official Czech & Slovak Everton Supporters' Club\",\"url\":\"https:\/\/evertonfc.cz\/\",\"logo\":{\"@type\":\"ImageObject\",\"inLanguage\":\"cs\",\"@id\":\"https:\/\/evertonfc.cz\/#\/schema\/logo\/image\/\",\"url\":\"https:\/\/evertonfc.cz\/wp-content\/uploads\/2019\/05\/logo.png\",\"contentUrl\":\"https:\/\/evertonfc.cz\/wp-content\/uploads\/2019\/05\/logo.png\",\"width\":112,\"height\":112,\"caption\":\"Official Czech & Slovak Everton Supporters' Club\"},\"image\":{\"@id\":\"https:\/\/evertonfc.cz\/#\/schema\/logo\/image\/\"},\"sameAs\":[\"https:\/\/www.facebook.com\/everton.fans.cz.sk\"]},{\"@type\":\"Person\",\"@id\":\"https:\/\/evertonfc.cz\/#\/schema\/person\/f7a5daedb2ffee98480bc70e191aaef1\",\"name\":\"Ri\u010di\",\"sameAs\":[\"https:\/\/x.com\/rbrejsa\"],\"url\":\"https:\/\/evertonfc.cz\/index.php\/author\/rici\/\"}]}<\/script>\n<!-- \/ Yoast SEO plugin. -->","yoast_head_json":{"title":"Irvine v prvn\u00edm rozhovoru - Official Czech &amp; Slovak Everton Supporters&#039; Club","robots":{"index":"index","follow":"follow","max-snippet":"max-snippet:-1","max-image-preview":"max-image-preview:large","max-video-preview":"max-video-preview:-1"},"canonical":"https:\/\/evertonfc.cz\/index.php\/2011\/07\/15\/irvine-v-prvnim-rozhovoru\/","og_locale":"cs_CZ","og_type":"article","og_title":"Irvine v prvn\u00edm rozhovoru - Official Czech &amp; Slovak Everton Supporters&#039; Club","og_description":"Alan Irvine, nov\u00fd \u0159editel klubov\u00e9ho ml\u00e1de\u017enick\u00e9ho syst\u00e9mu, neo\u010dek\u00e1v\u00e1 p\u0159i nulov\u00e9 aktivit\u011b Evertonu na p\u0159estupov\u00e9m poli tlak na svou osobu, aby&hellip;","og_url":"https:\/\/evertonfc.cz\/index.php\/2011\/07\/15\/irvine-v-prvnim-rozhovoru\/","og_site_name":"Official Czech &amp; Slovak Everton Supporters&#039; Club","article_publisher":"https:\/\/www.facebook.com\/everton.fans.cz.sk","article_published_time":"2011-07-15T11:54:59+00:00","article_modified_time":"2019-02-14T13:04:03+00:00","og_image":[{"width":720,"height":405,"url":"https:\/\/evertonfc.cz\/wp-content\/uploads\/2019\/01\/interview.jpg","type":"image\/jpeg"}],"author":"Ri\u010di","twitter_card":"summary_large_image","twitter_creator":"@rbrejsa","twitter_misc":{"Napsal(a)":"Ri\u010di","Odhadovan\u00e1 doba \u010dten\u00ed":"3 minuty"},"schema":{"@context":"https:\/\/schema.org","@graph":[{"@type":"Article","@id":"https:\/\/evertonfc.cz\/index.php\/2011\/07\/15\/irvine-v-prvnim-rozhovoru\/#article","isPartOf":{"@id":"https:\/\/evertonfc.cz\/index.php\/2011\/07\/15\/irvine-v-prvnim-rozhovoru\/"},"author":{"name":"Ri\u010di","@id":"https:\/\/evertonfc.cz\/#\/schema\/person\/f7a5daedb2ffee98480bc70e191aaef1"},"headline":"Irvine v prvn\u00edm rozhovoru","datePublished":"2011-07-15T11:54:59+00:00","dateModified":"2019-02-14T13:04:03+00:00","mainEntityOfPage":{"@id":"https:\/\/evertonfc.cz\/index.php\/2011\/07\/15\/irvine-v-prvnim-rozhovoru\/"},"wordCount":576,"commentCount":0,"publisher":{"@id":"https:\/\/evertonfc.cz\/#organization"},"image":{"@id":"https:\/\/evertonfc.cz\/index.php\/2011\/07\/15\/irvine-v-prvnim-rozhovoru\/#primaryimage"},"thumbnailUrl":"https:\/\/evertonfc.cz\/wp-content\/uploads\/2019\/01\/interview.jpg","articleSection":["Aktuality","Rozhovory"],"inLanguage":"cs","potentialAction":[{"@type":"CommentAction","name":"Comment","target":["https:\/\/evertonfc.cz\/index.php\/2011\/07\/15\/irvine-v-prvnim-rozhovoru\/#respond"]}]},{"@type":"WebPage","@id":"https:\/\/evertonfc.cz\/index.php\/2011\/07\/15\/irvine-v-prvnim-rozhovoru\/","url":"https:\/\/evertonfc.cz\/index.php\/2011\/07\/15\/irvine-v-prvnim-rozhovoru\/","name":"Irvine v prvn\u00edm rozhovoru - Official Czech &amp; Slovak Everton Supporters&#039; Club","isPartOf":{"@id":"https:\/\/evertonfc.cz\/#website"},"primaryImageOfPage":{"@id":"https:\/\/evertonfc.cz\/index.php\/2011\/07\/15\/irvine-v-prvnim-rozhovoru\/#primaryimage"},"image":{"@id":"https:\/\/evertonfc.cz\/index.php\/2011\/07\/15\/irvine-v-prvnim-rozhovoru\/#primaryimage"},"thumbnailUrl":"https:\/\/evertonfc.cz\/wp-content\/uploads\/2019\/01\/interview.jpg","datePublished":"2011-07-15T11:54:59+00:00","dateModified":"2019-02-14T13:04:03+00:00","breadcrumb":{"@id":"https:\/\/evertonfc.cz\/index.php\/2011\/07\/15\/irvine-v-prvnim-rozhovoru\/#breadcrumb"},"inLanguage":"cs","potentialAction":[{"@type":"ReadAction","target":["https:\/\/evertonfc.cz\/index.php\/2011\/07\/15\/irvine-v-prvnim-rozhovoru\/"]}]},{"@type":"ImageObject","inLanguage":"cs","@id":"https:\/\/evertonfc.cz\/index.php\/2011\/07\/15\/irvine-v-prvnim-rozhovoru\/#primaryimage","url":"https:\/\/evertonfc.cz\/wp-content\/uploads\/2019\/01\/interview.jpg","contentUrl":"https:\/\/evertonfc.cz\/wp-content\/uploads\/2019\/01\/interview.jpg","width":720,"height":405},{"@type":"BreadcrumbList","@id":"https:\/\/evertonfc.cz\/index.php\/2011\/07\/15\/irvine-v-prvnim-rozhovoru\/#breadcrumb","itemListElement":[{"@type":"ListItem","position":1,"name":"Home","item":"https:\/\/evertonfc.cz\/"},{"@type":"ListItem","position":2,"name":"Irvine v prvn\u00edm rozhovoru"}]},{"@type":"WebSite","@id":"https:\/\/evertonfc.cz\/#website","url":"https:\/\/evertonfc.cz\/","name":"Official Czech &amp; Slovak Everton Supporters&#039; Club","description":"","publisher":{"@id":"https:\/\/evertonfc.cz\/#organization"},"potentialAction":[{"@type":"SearchAction","target":{"@type":"EntryPoint","urlTemplate":"https:\/\/evertonfc.cz\/?s={search_term_string}"},"query-input":{"@type":"PropertyValueSpecification","valueRequired":true,"valueName":"search_term_string"}}],"inLanguage":"cs"},{"@type":"Organization","@id":"https:\/\/evertonfc.cz\/#organization","name":"Official Czech & Slovak Everton Supporters' Club","url":"https:\/\/evertonfc.cz\/","logo":{"@type":"ImageObject","inLanguage":"cs","@id":"https:\/\/evertonfc.cz\/#\/schema\/logo\/image\/","url":"https:\/\/evertonfc.cz\/wp-content\/uploads\/2019\/05\/logo.png","contentUrl":"https:\/\/evertonfc.cz\/wp-content\/uploads\/2019\/05\/logo.png","width":112,"height":112,"caption":"Official Czech & Slovak Everton Supporters' Club"},"image":{"@id":"https:\/\/evertonfc.cz\/#\/schema\/logo\/image\/"},"sameAs":["https:\/\/www.facebook.com\/everton.fans.cz.sk"]},{"@type":"Person","@id":"https:\/\/evertonfc.cz\/#\/schema\/person\/f7a5daedb2ffee98480bc70e191aaef1","name":"Ri\u010di","sameAs":["https:\/\/x.com\/rbrejsa"],"url":"https:\/\/evertonfc.cz\/index.php\/author\/rici\/"}]}},"_links":{"self":[{"href":"https:\/\/evertonfc.cz\/index.php\/wp-json\/wp\/v2\/posts\/5144"}],"collection":[{"href":"https:\/\/evertonfc.cz\/index.php\/wp-json\/wp\/v2\/posts"}],"about":[{"href":"https:\/\/evertonfc.cz\/index.php\/wp-json\/wp\/v2\/types\/post"}],"author":[{"embeddable":true,"href":"https:\/\/evertonfc.cz\/index.php\/wp-json\/wp\/v2\/users\/6"}],"replies":[{"embeddable":true,"href":"https:\/\/evertonfc.cz\/index.php\/wp-json\/wp\/v2\/comments?post=5144"}],"version-history":[{"count":2,"href":"https:\/\/evertonfc.cz\/index.php\/wp-json\/wp\/v2\/posts\/5144\/revisions"}],"predecessor-version":[{"id":5162,"href":"https:\/\/evertonfc.cz\/index.php\/wp-json\/wp\/v2\/posts\/5144\/revisions\/5162"}],"wp:featuredmedia":[{"embeddable":true,"href":"https:\/\/evertonfc.cz\/index.php\/wp-json\/wp\/v2\/media\/1312"}],"wp:attachment":[{"href":"https:\/\/evertonfc.cz\/index.php\/wp-json\/wp\/v2\/media?parent=5144"}],"wp:term":[{"taxonomy":"category","embeddable":true,"href":"https:\/\/evertonfc.cz\/index.php\/wp-json\/wp\/v2\/categories?post=5144"},{"taxonomy":"post_tag","embeddable":true,"href":"https:\/\/evertonfc.cz\/index.php\/wp-json\/wp\/v2\/tags?post=5144"}],"curies":[{"name":"wp","href":"https:\/\/api.w.org\/{rel}","templated":true}]}}