{"id":5146,"date":"2013-12-21T13:55:51","date_gmt":"2013-12-21T12:55:51","guid":{"rendered":"http:\/\/evertonfc.cz\/?p=5146"},"modified":"2019-02-14T15:36:40","modified_gmt":"2019-02-14T14:36:40","slug":"preview-swansea-city-everton-6","status":"publish","type":"post","link":"https:\/\/evertonfc.cz\/index.php\/2013\/12\/21\/preview-swansea-city-everton-6\/","title":{"rendered":"Preview: Swansea City &#8211; Everton"},"content":{"rendered":"<h4 id=\"NewsPostDetailSummary\">Prvn\u00ed vz\u00e1jemn\u00e9 st\u0159etnut\u00ed obou celk\u016f se datuje do roku 1930 a pr\u00e1v\u011b 83 let Swansea City \u010dek\u00e1 na prvn\u00ed v\u00edt\u011bzstv\u00ed proti Evertonu. Na\u010d kazit zaveden\u00e9 po\u0159\u00e1dky.<\/h4>\n<div id=\"NewsPostDetailContent\">\n<p>Za t\u011bch 83 let se sice mezi ob\u011bma kluby odehr\u00e1lo pouze 17 z\u00e1pas\u016f, i p\u0159esto se na tuto statistiku d\u00edv\u00e1 velmi hezky. Pochopiteln\u011b v ned\u011bli na h\u0159i\u0161ti Toffees \u017e\u00e1dn\u00e1 statistika nepom\u016f\u017ee a budou se muset spolehnout jen sami na sebe, co\u017e v\u0161ak v aktu\u00e1ln\u00edm ro\u010dn\u00edku pom\u011brn\u011b vych\u00e1z\u00ed.<\/p>\n<p>Swans se prozat\u00edm pohybuj\u00ed ve st\u0159edu tabulky, jestli\u017ee k tomu p\u0159ipo\u010dteme \u00fasp\u011b\u0161n\u00fd podzim v Evropsk\u00e9 v lize, v n\u00ed\u017e slav\u00ed postup ze skupiny a \u00fa\u010dast v osmifin\u00e1le, na Liberty Stadium p\u0159evl\u00e1d\u00e1 spokojenost. Za v\u0161\u00edm stoj\u00ed eleg\u00e1n Michael Laudrup, mana\u017eer preferuj\u00edc\u00ed aktivn\u00ed fotbal s vysok\u00fdm dr\u017een\u00edm m\u00ed\u010de a oblibou v hr\u00e1\u010d\u00edch ze \u0161pan\u011blsk\u00e9 ligy \u2013 popisek sed\u00edc\u00ed tak\u00e9 na Roberta Mart\u00edneze.<\/p>\n<p>A zaj\u00edmav\u00fdch srovn\u00e1n\u00ed \u0161\u00e9f\u016f lavi\u010dek ned\u011bln\u00edch soupe\u0159\u016f by se na\u0161lo v\u00edce. Mart\u00ednez na Liberty Stadium p\u016fsobil coby hr\u00e1\u010d a pozd\u011bji i v pozici mana\u017eera. S Vel\u0161any v prvn\u00ed sez\u00f3n\u011b na hork\u00e9m k\u0159esle opanoval League One a po n\u00e1sleduj\u00edc\u00ed osm\u00e9 p\u0159\u00ed\u010dce v Championship ode\u0161el za lep\u0161\u00edm do Wiganu. Swansea vnutil sv\u016fj typick\u00fd styl hry, na n\u011bho\u017e nav\u00e1zal a o vlastn\u00ed prvky ho obohatil pozd\u011bji\u00a0Paulo Sousa, Brendan Rodgers a pr\u00e1v\u011b t\u00e9\u017e Michael Laudrup. Pro D\u00e1na bude rovn\u011b\u017e anga\u017em\u00e1 ve Swansea st\u011b\u017e\u00ed p\u0159edstavovat vrchol kari\u00e9ry, postup do lep\u0161\u00edho klubu se zd\u00e1 b\u00fdt pohou ot\u00e1zkou \u010dasu.<\/p>\n<p>Ani t\u0159eba p\u0159ipom\u00ednat d\u016fle\u017eitost n\u00e1ro\u010dn\u00e9ho v\u00e1no\u010dn\u00edho a novoro\u010dn\u00edho programu, ve form\u011b hraj\u00edc\u00ed Everton je ur\u010dit\u011b schopen do n\u011bho vstoupit se t\u0159emi body z Walesu. \u010cek\u00e1 n\u00e1s zaj\u00edmav\u00e9 kolo, kter\u00e9 na\u010dne specifickou a atraktivn\u00ed \u010d\u00e1st Premier League.<\/p>\n<h4><strong>Z\u00e1pasov\u00e1 fakta<\/strong><\/h4>\n<p>Vz\u00e1jemn\u00e1<br \/>\n\u2022 Swansea nevyhr\u00e1la 17 utk\u00e1n\u00ed, s Blues 5x remizovala a 12x prohr\u00e1la, z\u00e1rove\u0148 v posledn\u00edch \u010dty\u0159ech utk\u00e1n\u00edch v Premiership nesk\u00f3rovala (rem\u00edza, 3 prohry)<br \/>\n\u2022 Roberto Mart\u00ednez nedok\u00e1zal porazit Jacks ve \u010dty\u0159ech posledn\u00edch ligov\u00fdch setk\u00e1n\u00edch.<\/p>\n<p>Swansea City<br \/>\n\u2022 10. m\u00edsto s 20 body, sk\u00f3re 22:21<br \/>\n\u2022 neprohr\u00e1la posledn\u00edch \u0161est ligov\u00fdch duel\u016f (2 v\u00fdhry, 3 rem\u00edzy)<br \/>\n\u2022 m\u00e1 nejvy\u0161\u0161\u00ed pr\u016fm\u011brn\u00e9 dr\u017een\u00ed m\u00ed\u010de z dom\u00e1c\u00edch z\u00e1pas\u016f, na druhou stranu v t\u011bchto osmi p\u0159\u00edpadech vyv\u00e1l\u010dila pouze 10 bod\u016f z 24 mo\u017en\u00fdch<br \/>\n\u2022 Michu nesk\u00f3roval sedm kol, del\u0161\u00ed obdob\u00ed sucha ve Swansea neza\u017eil.<\/p>\n<p>Everton<br \/>\n\u2022 5. m\u00edsto s 31 body, sk\u00f3re 27:15<br \/>\n\u2022 celkem obr\u00e1nci Toffees vst\u0159elili sedm g\u00f3l\u016f a jsou nejproduktivn\u011bj\u0161\u00ed v Premier League<br \/>\n\u2022 poztr\u00e1cel sedm bod\u016f, kdy\u017e se v leto\u0161n\u00ed sez\u00f3n\u011b ujal v utk\u00e1n\u00ed veden\u00ed, hor\u0161\u00ed bilanci dr\u017e\u00ed jen Manchester City (8) a Sunderland (11)<br \/>\n\u2022 spolu s Newcastlem a Cardiffem v prob\u00edhaj\u00edc\u00edm ligov\u00e9m ro\u010dn\u00edku je\u0161t\u011b nekopal penaltu.<\/p>\n<h4><strong>T\u00fdmov\u00e9 novinky<\/strong><\/h4>\n<p>Dom\u00e1c\u00ed zcela ur\u010dit\u011b postr\u00e1daj\u00ed pro zdravotn\u00ed probl\u00e9my Michela Vorma, Garryho Monka, Nathana Dyera a \u00c1lvara V\u00e1zqueze. S kotn\u00edkem laboruje Michu, u n\u011bho\u017e je nejist\u00fd start stejn\u011b jako u dvojice Leon Britton a Chico Flores.<\/p>\n<p><strong>Swansea City:<\/strong> Tremmel, Zabret, Amat, Chico Flores (?), Davies, Meade, Obeng, Rangel, Situ, Taylor, Tiendalli, Williams, Britton (?), Canas, De Guzm\u00e1n, Pablo, Pozuelo, Routledge, Shelvey, Bony, Donnelly, Lamah, Michu (?).<\/p>\n<p>Po trestu za \u017elut\u00e9 karty se do sestavy Evertonu vrac\u00ed James McCarthy. Zlomenina palce na noze Leightona Bainese se uzdravuje rychleji, ne\u017e se p\u0159edpokl\u00e1dalo, hr\u00e1\u010d v t\u00fddnu tr\u00e9noval, pln\u011b k dispozici bude na Boxing Day proti Sunderlandu, spolu s\u00a0Tonym Hibbertem (koleno). Gerard Deulofeu pro zran\u011bn\u00ed stehenn\u00ed svalu bude chyb\u011bt \u0161est a\u017e osm t\u00fddn\u016f, dlouhodob\u011b mimo jsou potom Darron Gibson a Arouna Kon\u00e9.<\/p>\n<p><strong>Everton:<\/strong> Howard, Robles, Alcaraz, Coleman, Distin, Heitinga, Jagielka, Oviedo, Stones, Barkley, Barry, McCarthy, Osman, Pienaar, Jelavi\u0107, Lukaku, Mirallas, Naismith, Vellios.<\/p>\n<p><strong>Co:<\/strong>\u00a0Swansea City AFC &#8211; Everton FC, 17. kolo Premier League<br \/>\n<strong>Kdy:<\/strong>\u00a022. 12. 2013 od 17:00 SE\u010c<br \/>\n<strong>Kde:<\/strong>\u00a0Liberty Stadium, Swansea, Wales (kapacita: 20 750)<br \/>\n<strong>Rozhod\u010d\u00ed:<\/strong>\u00a0Lee Mason<\/p>\n<\/div>\n","protected":false},"excerpt":{"rendered":"<p>Prvn\u00ed vz\u00e1jemn\u00e9 st\u0159etnut\u00ed obou celk\u016f se datuje do roku 1930 a pr\u00e1v\u011b 83 let Swansea City \u010dek\u00e1 na prvn\u00ed v\u00edt\u011bzstv\u00ed&hellip;<\/p>\n","protected":false},"author":6,"featured_media":1315,"comment_status":"open","ping_status":"closed","sticky":false,"template":"","format":"standard","meta":{"_eb_attr":"","_monsterinsights_skip_tracking":false,"_monsterinsights_sitenote_active":false,"_monsterinsights_sitenote_note":"","_monsterinsights_sitenote_category":0,"footnotes":""},"categories":[4],"tags":[],"yoast_head":"<!-- This site is optimized with the Yoast SEO plugin v23.4 - https:\/\/yoast.com\/wordpress\/plugins\/seo\/ -->\n<title>Preview: Swansea City - Everton - Official Czech &amp; Slovak Everton Supporters&#039; Club<\/title>\n<meta name=\"robots\" content=\"index, follow, max-snippet:-1, max-image-preview:large, max-video-preview:-1\" \/>\n<link rel=\"canonical\" href=\"https:\/\/evertonfc.cz\/index.php\/2013\/12\/21\/preview-swansea-city-everton-6\/\" \/>\n<meta property=\"og:locale\" content=\"cs_CZ\" \/>\n<meta property=\"og:type\" content=\"article\" \/>\n<meta property=\"og:title\" content=\"Preview: Swansea City - Everton - Official Czech &amp; Slovak Everton Supporters&#039; Club\" \/>\n<meta property=\"og:description\" content=\"Prvn\u00ed vz\u00e1jemn\u00e9 st\u0159etnut\u00ed obou celk\u016f se datuje do roku 1930 a pr\u00e1v\u011b 83 let Swansea City \u010dek\u00e1 na prvn\u00ed v\u00edt\u011bzstv\u00ed&hellip;\" \/>\n<meta property=\"og:url\" content=\"https:\/\/evertonfc.cz\/index.php\/2013\/12\/21\/preview-swansea-city-everton-6\/\" \/>\n<meta property=\"og:site_name\" content=\"Official Czech &amp; Slovak Everton Supporters&#039; Club\" \/>\n<meta property=\"article:publisher\" content=\"https:\/\/www.facebook.com\/everton.fans.cz.sk\" \/>\n<meta property=\"article:published_time\" content=\"2013-12-21T12:55:51+00:00\" \/>\n<meta property=\"article:modified_time\" content=\"2019-02-14T14:36:40+00:00\" \/>\n<meta property=\"og:image\" content=\"https:\/\/evertonfc.cz\/wp-content\/uploads\/2019\/01\/report.jpg\" \/>\n\t<meta property=\"og:image:width\" content=\"720\" \/>\n\t<meta property=\"og:image:height\" content=\"405\" \/>\n\t<meta property=\"og:image:type\" content=\"image\/jpeg\" \/>\n<meta name=\"author\" content=\"Ri\u010di\" \/>\n<meta name=\"twitter:card\" content=\"summary_large_image\" \/>\n<meta name=\"twitter:creator\" content=\"@rbrejsa\" \/>\n<meta name=\"twitter:label1\" content=\"Napsal(a)\" \/>\n\t<meta name=\"twitter:data1\" content=\"Ri\u010di\" \/>\n\t<meta name=\"twitter:label2\" content=\"Odhadovan\u00e1 doba \u010dten\u00ed\" \/>\n\t<meta name=\"twitter:data2\" content=\"4 minuty\" \/>\n<script type=\"application\/ld+json\" class=\"yoast-schema-graph\">{\"@context\":\"https:\/\/schema.org\",\"@graph\":[{\"@type\":\"Article\",\"@id\":\"https:\/\/evertonfc.cz\/index.php\/2013\/12\/21\/preview-swansea-city-everton-6\/#article\",\"isPartOf\":{\"@id\":\"https:\/\/evertonfc.cz\/index.php\/2013\/12\/21\/preview-swansea-city-everton-6\/\"},\"author\":{\"name\":\"Ri\u010di\",\"@id\":\"https:\/\/evertonfc.cz\/#\/schema\/person\/f7a5daedb2ffee98480bc70e191aaef1\"},\"headline\":\"Preview: Swansea City &#8211; Everton\",\"datePublished\":\"2013-12-21T12:55:51+00:00\",\"dateModified\":\"2019-02-14T14:36:40+00:00\",\"mainEntityOfPage\":{\"@id\":\"https:\/\/evertonfc.cz\/index.php\/2013\/12\/21\/preview-swansea-city-everton-6\/\"},\"wordCount\":726,\"commentCount\":0,\"publisher\":{\"@id\":\"https:\/\/evertonfc.cz\/#organization\"},\"image\":{\"@id\":\"https:\/\/evertonfc.cz\/index.php\/2013\/12\/21\/preview-swansea-city-everton-6\/#primaryimage\"},\"thumbnailUrl\":\"https:\/\/evertonfc.cz\/wp-content\/uploads\/2019\/01\/report.jpg\",\"articleSection\":[\"Z\u00e1pasy\"],\"inLanguage\":\"cs\",\"potentialAction\":[{\"@type\":\"CommentAction\",\"name\":\"Comment\",\"target\":[\"https:\/\/evertonfc.cz\/index.php\/2013\/12\/21\/preview-swansea-city-everton-6\/#respond\"]}]},{\"@type\":\"WebPage\",\"@id\":\"https:\/\/evertonfc.cz\/index.php\/2013\/12\/21\/preview-swansea-city-everton-6\/\",\"url\":\"https:\/\/evertonfc.cz\/index.php\/2013\/12\/21\/preview-swansea-city-everton-6\/\",\"name\":\"Preview: Swansea City - Everton - Official Czech &amp; Slovak Everton Supporters&#039; Club\",\"isPartOf\":{\"@id\":\"https:\/\/evertonfc.cz\/#website\"},\"primaryImageOfPage\":{\"@id\":\"https:\/\/evertonfc.cz\/index.php\/2013\/12\/21\/preview-swansea-city-everton-6\/#primaryimage\"},\"image\":{\"@id\":\"https:\/\/evertonfc.cz\/index.php\/2013\/12\/21\/preview-swansea-city-everton-6\/#primaryimage\"},\"thumbnailUrl\":\"https:\/\/evertonfc.cz\/wp-content\/uploads\/2019\/01\/report.jpg\",\"datePublished\":\"2013-12-21T12:55:51+00:00\",\"dateModified\":\"2019-02-14T14:36:40+00:00\",\"breadcrumb\":{\"@id\":\"https:\/\/evertonfc.cz\/index.php\/2013\/12\/21\/preview-swansea-city-everton-6\/#breadcrumb\"},\"inLanguage\":\"cs\",\"potentialAction\":[{\"@type\":\"ReadAction\",\"target\":[\"https:\/\/evertonfc.cz\/index.php\/2013\/12\/21\/preview-swansea-city-everton-6\/\"]}]},{\"@type\":\"ImageObject\",\"inLanguage\":\"cs\",\"@id\":\"https:\/\/evertonfc.cz\/index.php\/2013\/12\/21\/preview-swansea-city-everton-6\/#primaryimage\",\"url\":\"https:\/\/evertonfc.cz\/wp-content\/uploads\/2019\/01\/report.jpg\",\"contentUrl\":\"https:\/\/evertonfc.cz\/wp-content\/uploads\/2019\/01\/report.jpg\",\"width\":720,\"height\":405},{\"@type\":\"BreadcrumbList\",\"@id\":\"https:\/\/evertonfc.cz\/index.php\/2013\/12\/21\/preview-swansea-city-everton-6\/#breadcrumb\",\"itemListElement\":[{\"@type\":\"ListItem\",\"position\":1,\"name\":\"Home\",\"item\":\"https:\/\/evertonfc.cz\/\"},{\"@type\":\"ListItem\",\"position\":2,\"name\":\"Preview: Swansea City &#8211; Everton\"}]},{\"@type\":\"WebSite\",\"@id\":\"https:\/\/evertonfc.cz\/#website\",\"url\":\"https:\/\/evertonfc.cz\/\",\"name\":\"Official Czech &amp; Slovak Everton Supporters&#039; Club\",\"description\":\"\",\"publisher\":{\"@id\":\"https:\/\/evertonfc.cz\/#organization\"},\"potentialAction\":[{\"@type\":\"SearchAction\",\"target\":{\"@type\":\"EntryPoint\",\"urlTemplate\":\"https:\/\/evertonfc.cz\/?s={search_term_string}\"},\"query-input\":{\"@type\":\"PropertyValueSpecification\",\"valueRequired\":true,\"valueName\":\"search_term_string\"}}],\"inLanguage\":\"cs\"},{\"@type\":\"Organization\",\"@id\":\"https:\/\/evertonfc.cz\/#organization\",\"name\":\"Official Czech & Slovak Everton Supporters' Club\",\"url\":\"https:\/\/evertonfc.cz\/\",\"logo\":{\"@type\":\"ImageObject\",\"inLanguage\":\"cs\",\"@id\":\"https:\/\/evertonfc.cz\/#\/schema\/logo\/image\/\",\"url\":\"https:\/\/evertonfc.cz\/wp-content\/uploads\/2019\/05\/logo.png\",\"contentUrl\":\"https:\/\/evertonfc.cz\/wp-content\/uploads\/2019\/05\/logo.png\",\"width\":112,\"height\":112,\"caption\":\"Official Czech & Slovak Everton Supporters' Club\"},\"image\":{\"@id\":\"https:\/\/evertonfc.cz\/#\/schema\/logo\/image\/\"},\"sameAs\":[\"https:\/\/www.facebook.com\/everton.fans.cz.sk\"]},{\"@type\":\"Person\",\"@id\":\"https:\/\/evertonfc.cz\/#\/schema\/person\/f7a5daedb2ffee98480bc70e191aaef1\",\"name\":\"Ri\u010di\",\"sameAs\":[\"https:\/\/x.com\/rbrejsa\"],\"url\":\"https:\/\/evertonfc.cz\/index.php\/author\/rici\/\"}]}<\/script>\n<!-- \/ Yoast SEO plugin. -->","yoast_head_json":{"title":"Preview: Swansea City - Everton - Official Czech &amp; Slovak Everton Supporters&#039; Club","robots":{"index":"index","follow":"follow","max-snippet":"max-snippet:-1","max-image-preview":"max-image-preview:large","max-video-preview":"max-video-preview:-1"},"canonical":"https:\/\/evertonfc.cz\/index.php\/2013\/12\/21\/preview-swansea-city-everton-6\/","og_locale":"cs_CZ","og_type":"article","og_title":"Preview: Swansea City - Everton - Official Czech &amp; Slovak Everton Supporters&#039; Club","og_description":"Prvn\u00ed vz\u00e1jemn\u00e9 st\u0159etnut\u00ed obou celk\u016f se datuje do roku 1930 a pr\u00e1v\u011b 83 let Swansea City \u010dek\u00e1 na prvn\u00ed v\u00edt\u011bzstv\u00ed&hellip;","og_url":"https:\/\/evertonfc.cz\/index.php\/2013\/12\/21\/preview-swansea-city-everton-6\/","og_site_name":"Official Czech &amp; Slovak Everton Supporters&#039; Club","article_publisher":"https:\/\/www.facebook.com\/everton.fans.cz.sk","article_published_time":"2013-12-21T12:55:51+00:00","article_modified_time":"2019-02-14T14:36:40+00:00","og_image":[{"width":720,"height":405,"url":"https:\/\/evertonfc.cz\/wp-content\/uploads\/2019\/01\/report.jpg","type":"image\/jpeg"}],"author":"Ri\u010di","twitter_card":"summary_large_image","twitter_creator":"@rbrejsa","twitter_misc":{"Napsal(a)":"Ri\u010di","Odhadovan\u00e1 doba \u010dten\u00ed":"4 minuty"},"schema":{"@context":"https:\/\/schema.org","@graph":[{"@type":"Article","@id":"https:\/\/evertonfc.cz\/index.php\/2013\/12\/21\/preview-swansea-city-everton-6\/#article","isPartOf":{"@id":"https:\/\/evertonfc.cz\/index.php\/2013\/12\/21\/preview-swansea-city-everton-6\/"},"author":{"name":"Ri\u010di","@id":"https:\/\/evertonfc.cz\/#\/schema\/person\/f7a5daedb2ffee98480bc70e191aaef1"},"headline":"Preview: Swansea City &#8211; Everton","datePublished":"2013-12-21T12:55:51+00:00","dateModified":"2019-02-14T14:36:40+00:00","mainEntityOfPage":{"@id":"https:\/\/evertonfc.cz\/index.php\/2013\/12\/21\/preview-swansea-city-everton-6\/"},"wordCount":726,"commentCount":0,"publisher":{"@id":"https:\/\/evertonfc.cz\/#organization"},"image":{"@id":"https:\/\/evertonfc.cz\/index.php\/2013\/12\/21\/preview-swansea-city-everton-6\/#primaryimage"},"thumbnailUrl":"https:\/\/evertonfc.cz\/wp-content\/uploads\/2019\/01\/report.jpg","articleSection":["Z\u00e1pasy"],"inLanguage":"cs","potentialAction":[{"@type":"CommentAction","name":"Comment","target":["https:\/\/evertonfc.cz\/index.php\/2013\/12\/21\/preview-swansea-city-everton-6\/#respond"]}]},{"@type":"WebPage","@id":"https:\/\/evertonfc.cz\/index.php\/2013\/12\/21\/preview-swansea-city-everton-6\/","url":"https:\/\/evertonfc.cz\/index.php\/2013\/12\/21\/preview-swansea-city-everton-6\/","name":"Preview: Swansea City - Everton - Official Czech &amp; Slovak Everton Supporters&#039; Club","isPartOf":{"@id":"https:\/\/evertonfc.cz\/#website"},"primaryImageOfPage":{"@id":"https:\/\/evertonfc.cz\/index.php\/2013\/12\/21\/preview-swansea-city-everton-6\/#primaryimage"},"image":{"@id":"https:\/\/evertonfc.cz\/index.php\/2013\/12\/21\/preview-swansea-city-everton-6\/#primaryimage"},"thumbnailUrl":"https:\/\/evertonfc.cz\/wp-content\/uploads\/2019\/01\/report.jpg","datePublished":"2013-12-21T12:55:51+00:00","dateModified":"2019-02-14T14:36:40+00:00","breadcrumb":{"@id":"https:\/\/evertonfc.cz\/index.php\/2013\/12\/21\/preview-swansea-city-everton-6\/#breadcrumb"},"inLanguage":"cs","potentialAction":[{"@type":"ReadAction","target":["https:\/\/evertonfc.cz\/index.php\/2013\/12\/21\/preview-swansea-city-everton-6\/"]}]},{"@type":"ImageObject","inLanguage":"cs","@id":"https:\/\/evertonfc.cz\/index.php\/2013\/12\/21\/preview-swansea-city-everton-6\/#primaryimage","url":"https:\/\/evertonfc.cz\/wp-content\/uploads\/2019\/01\/report.jpg","contentUrl":"https:\/\/evertonfc.cz\/wp-content\/uploads\/2019\/01\/report.jpg","width":720,"height":405},{"@type":"BreadcrumbList","@id":"https:\/\/evertonfc.cz\/index.php\/2013\/12\/21\/preview-swansea-city-everton-6\/#breadcrumb","itemListElement":[{"@type":"ListItem","position":1,"name":"Home","item":"https:\/\/evertonfc.cz\/"},{"@type":"ListItem","position":2,"name":"Preview: Swansea City &#8211; Everton"}]},{"@type":"WebSite","@id":"https:\/\/evertonfc.cz\/#website","url":"https:\/\/evertonfc.cz\/","name":"Official Czech &amp; Slovak Everton Supporters&#039; Club","description":"","publisher":{"@id":"https:\/\/evertonfc.cz\/#organization"},"potentialAction":[{"@type":"SearchAction","target":{"@type":"EntryPoint","urlTemplate":"https:\/\/evertonfc.cz\/?s={search_term_string}"},"query-input":{"@type":"PropertyValueSpecification","valueRequired":true,"valueName":"search_term_string"}}],"inLanguage":"cs"},{"@type":"Organization","@id":"https:\/\/evertonfc.cz\/#organization","name":"Official Czech & Slovak Everton Supporters' Club","url":"https:\/\/evertonfc.cz\/","logo":{"@type":"ImageObject","inLanguage":"cs","@id":"https:\/\/evertonfc.cz\/#\/schema\/logo\/image\/","url":"https:\/\/evertonfc.cz\/wp-content\/uploads\/2019\/05\/logo.png","contentUrl":"https:\/\/evertonfc.cz\/wp-content\/uploads\/2019\/05\/logo.png","width":112,"height":112,"caption":"Official Czech & Slovak Everton Supporters' Club"},"image":{"@id":"https:\/\/evertonfc.cz\/#\/schema\/logo\/image\/"},"sameAs":["https:\/\/www.facebook.com\/everton.fans.cz.sk"]},{"@type":"Person","@id":"https:\/\/evertonfc.cz\/#\/schema\/person\/f7a5daedb2ffee98480bc70e191aaef1","name":"Ri\u010di","sameAs":["https:\/\/x.com\/rbrejsa"],"url":"https:\/\/evertonfc.cz\/index.php\/author\/rici\/"}]}},"_links":{"self":[{"href":"https:\/\/evertonfc.cz\/index.php\/wp-json\/wp\/v2\/posts\/5146"}],"collection":[{"href":"https:\/\/evertonfc.cz\/index.php\/wp-json\/wp\/v2\/posts"}],"about":[{"href":"https:\/\/evertonfc.cz\/index.php\/wp-json\/wp\/v2\/types\/post"}],"author":[{"embeddable":true,"href":"https:\/\/evertonfc.cz\/index.php\/wp-json\/wp\/v2\/users\/6"}],"replies":[{"embeddable":true,"href":"https:\/\/evertonfc.cz\/index.php\/wp-json\/wp\/v2\/comments?post=5146"}],"version-history":[{"count":3,"href":"https:\/\/evertonfc.cz\/index.php\/wp-json\/wp\/v2\/posts\/5146\/revisions"}],"predecessor-version":[{"id":5229,"href":"https:\/\/evertonfc.cz\/index.php\/wp-json\/wp\/v2\/posts\/5146\/revisions\/5229"}],"wp:featuredmedia":[{"embeddable":true,"href":"https:\/\/evertonfc.cz\/index.php\/wp-json\/wp\/v2\/media\/1315"}],"wp:attachment":[{"href":"https:\/\/evertonfc.cz\/index.php\/wp-json\/wp\/v2\/media?parent=5146"}],"wp:term":[{"taxonomy":"category","embeddable":true,"href":"https:\/\/evertonfc.cz\/index.php\/wp-json\/wp\/v2\/categories?post=5146"},{"taxonomy":"post_tag","embeddable":true,"href":"https:\/\/evertonfc.cz\/index.php\/wp-json\/wp\/v2\/tags?post=5146"}],"curies":[{"name":"wp","href":"https:\/\/api.w.org\/{rel}","templated":true}]}}