{"id":5148,"date":"2013-12-17T13:56:44","date_gmt":"2013-12-17T12:56:44","guid":{"rendered":"http:\/\/evertonfc.cz\/?p=5148"},"modified":"2019-02-14T15:37:46","modified_gmt":"2019-02-14T14:37:46","slug":"barkley-nova-nadeje-anglie","status":"publish","type":"post","link":"https:\/\/evertonfc.cz\/index.php\/2013\/12\/17\/barkley-nova-nadeje-anglie\/","title":{"rendered":"Barkley, nov\u00e1 nad\u011bje Anglie"},"content":{"rendered":"<h4 id=\"NewsPostDetailSummary\">Ray Hall, b\u00fdval\u00fd \u0161\u00e9f akademie Evertonu, vzpom\u00edn\u00e1 na v\u00fdvoj st\u00e1le je\u0161t\u011b talentovan\u00e9ho Rosse Barkleyho, jeho\u017e dnes mnoz\u00ed p\u0159irovn\u00e1vaj\u00ed k Paulu Gascoignemu.<\/h4>\n<div id=\"NewsPostDetailContent\">\n<p><em>\u201eJednou mi bylo \u0159e\u010deno, \u017ee preferovanou nohu fotbalisty pozn\u00e1te p\u0159i zahr\u00e1van\u00ed pokutov\u00e9ho kopu. Poprv\u00e9, kdy\u017e jsem Rosse po\u017e\u00e1dal, abych kopnul \u010dty\u0159i penalty, dv\u011b zahr\u00e1l levou nohou a dv\u011b pravou. Ve v\u0161ech p\u0159\u00edpadech \u00fasp\u011b\u0161n\u011b,\u201c <\/em>za\u010dal Hall.<\/p>\n<p>Stalo se tak p\u0159ed dev\u00edti lety, od t\u00e9 doby nyn\u00ed dvacetilet\u00fd rod\u00e1k z Liverpoolu pro\u0161el ml\u00e1de\u017enick\u00fdmi v\u00fdb\u011bru klubu a\u017e do prvn\u00edho t\u00fdmu, v n\u011bm\u017e v leto\u0161n\u00ed sez\u00f3n\u011b pat\u0159\u00ed k z\u00e1kladn\u00edm stavebn\u00edm kamen\u016fm.\u00a0<em>\u201eVid\u00edm v n\u011bm kousek Ballacka a kousek Gazzy (Paul Gascoigne). Nikdy jsem nevid\u011bl anglick\u00e9ho hr\u00e1\u010de s podobnou mentalitou,\u201c<\/em>\u00a0prohl\u00e1sil troufale po rem\u00edze 1:1 s Arsenalem Roberto Mart\u00ednez. Odv\u00e1\u017en\u00e9mu srovn\u00e1n\u00ed se nevyhnul ani Gary Lineker, Gascoigneho spoluhr\u00e1\u010d z reprezentace Albionu:\u00a0<em>\u201eV ur\u010dit\u00fdch v\u011bcech se podob\u00e1 Gazzovi. Stejn\u00e1 postava, technika, sebed\u016fv\u011bra, schopnost obej\u00edt soupe\u0159e a do jist\u00e9 m\u00edry naivita.&#8220;<\/em><\/p>\n<p>Jen\u017ee Hall, kter\u00fd opustil Everton v roce 2011 po dvou dek\u00e1d\u00e1ch pr\u00e1ce, nesouhlas\u00ed.\u00a0<em>\u201eB\u011b\u017en\u011b p\u0159i pozorov\u00e1n\u00ed hr\u00e1\u010de v\u00e1m nasko\u010d\u00ed srovn\u00e1n\u00ed s n\u011bk\u00fdm\u00a0jin\u00fdm. U Rosse to ale vid\u00edm jinak. Je pravd\u011bpodobn\u011b rychlej\u0161\u00ed ne\u017e Paul Gascoigne. Stal se produktem nov\u00e9 generace atlet\u016f, chytr\u00fdch mlad\u00fdch fotbalist\u016f n\u00e1mi vychovan\u00fdmi.\u201c<\/em><\/p>\n<p>Po p\u011bti m\u011bs\u00edc\u00edch pravideln\u00e9 z\u00e1pasov\u00e9 porce v Premier League si Barkley z\u00edskal respekt \u0161irok\u00e9 ve\u0159ejnosti. Roy Hodgson ho nev\u00e1hal povolat do anglick\u00e9ho n\u00e1rodn\u00edho celku a 6. z\u00e1\u0159\u00ed mu dop\u0159\u00e1l debut p\u0159i kvalifika\u010dn\u00ed v\u00fdh\u0159e 4:0 nad Moldavskem. N\u00e1sledn\u011b ho op\u011bt jako st\u0159\u00eddaj\u00edc\u00edho poslal do p\u0159\u00e1telsk\u00fdch duel\u016f proti Chile a N\u011bmecku.<\/p>\n<p>Ray Hall dohl\u00ed\u017eel na Barkleyho v\u00fdvoj od 16 let, p\u0159i\u010dem\u017e mlad\u00fd z\u00e1lo\u017en\u00edk p\u0159i\u0161el do klubu a\u017e v 11 letech, pozd\u011bji ne\u017e ostatn\u00ed d\u011bti.\u00a0<em>\u201eRoss se k n\u00e1m p\u0159ipojil celkem pozd\u011b, bylo to v jeho posledn\u00edm roce na z\u00e1kladn\u00ed \u0161kole, co\u017e m\u016f\u017ee pro mnoho zn\u00edt jako ide\u00e1ln\u00ed doba, ve srovn\u00e1n\u00ed s ostatn\u00edmi chlapci jde v\u0161ak o zpo\u017ed\u011bn\u00ed , oni toti\u017e u n\u00e1s p\u016fsobili od \u0161esti let.<\/em><\/p>\n<p><em>Dlouho jsme ho pozorovali, n\u00e1\u0161 lok\u00e1ln\u00ed skauting poskytoval mnoho informac\u00ed. Jakmile nastal spr\u00e1vn\u00fd \u010das, podepsali jsme ho.\u201c<\/em><\/p>\n<p>\u0160irokou \u0161k\u00e1lu dovednost\u00ed schopn\u00fdch u\u017e v d\u011btstv\u00ed si pamatuje Andy Cawley, Barkleyho u\u010ditel t\u011blocviku na \u0161kole Broadgreen International:\u00a0<em>\u201eRoss vynikal od prvn\u00ed chv\u00edle. U n\u00e1s chlapce rotujeme na mnoha postech, v tom on vynikal. Um\u011bl odeb\u00edrat m\u00ed\u010d, nahr\u00e1vat, driblovat a sk\u00f3rovat \u2013 a v\u0161e velmi p\u0159irozen\u011b.\u201c<\/em><\/p>\n<p>I v Evertonu na za\u010d\u00e1tku nev\u011bd\u011bli, jak\u00fd post bude pro n\u011bj t\u00edm prav\u00fdm.\u00a0<em>\u201eZpo\u010d\u00e1tku nastupoval jako st\u0159edn\u00ed obr\u00e1nce kv\u016fli fyzick\u00fdm proporc\u00edm, na sv\u016fj v\u011bk se py\u0161nil velkou s\u00edlou. Na druhou stranu se jevil hodn\u011b g\u00f3lov\u011b, tak\u017ee jsme ho p\u0159esunuli do \u00fatoku. V z\u00e1loze se usadil a\u017e v 13 letech,\u201c\u00a0<\/em>vysv\u011btlil Hall. A od p\u0159esunu do st\u0159edov\u00e9 \u0159ady Barkleyho v\u00fdvoj nabral pozoruhodn\u00e9 obr\u00e1tky. Vzr\u016fstem p\u0159evy\u0161oval vrstevn\u00edky, proto se objevil ve v\u00fdb\u011brech s kluky o dva nebo t\u0159i roky star\u0161\u00edmi.<\/p>\n<p><em>\u201eKdy\u017e bylo Rossovi 13 let, hr\u00e1l za mu\u017estvo U15, ve 14 letech za U16. Do U18 pov\u00fd\u0161il v 15 letech, v\u011bkov\u00fd rozd\u00edl mezi n\u00edm a ostatn\u00edmi byl patrn\u00fd,\u201c<\/em>\u00a0dodal Hall.<\/p>\n<p>V roce 2008 tehdy \u010dtrn\u00e1ctilet\u00fd Bakley obdr\u017eel pozv\u00e1nku do reprezentace U16 a stejn\u00fd rok ve fin\u00e1le Liverpool Echo Cup za Broadgreen International dv\u011bma g\u00f3ly a v\u00fdborn\u00fdm v\u00fdkonem rozhodl o v\u00edt\u011bzstv\u00ed, \u010d\u00edm\u017e se na sebe strhnul velkou pozornost. Fin\u00e1le osobn\u011b sledoval a pozd\u011bji p\u0159ed\u00e1val trofej pro v\u00edt\u011bze Rafa Ben\u00edtez, mana\u017eer Liverpoolu FC. \u0160pan\u011blsk\u00fd strat\u00e9g byl jedn\u00edm z mnoha, kte\u0159\u00ed tou\u017eili ulovit Barkleyho. Stejn\u011b jako ostatn\u00ed ne\u00fasp\u011b\u0161n\u011b.<\/p>\n<p><em>\u201eNikdy ho neznerv\u00f3z\u0148oval z\u00e1jem druh\u00fdch. K Evertonu projevoval obrovskou loajalitu, co\u017e se ostatn\u011b potvrdilo i p\u0159i setk\u00e1n\u00ed s Rafealem Ben\u00edtezem. Ross se nechoval arogantn\u011b \u010di hrub\u011b, p\u0159i p\u0159ed\u00e1n\u00ed trofeje mu pouze pod\u011bkoval a \u0161el d\u00e1l,\u201c<\/em>\u00a0m\u00e1 v pam\u011bti Cawley.<\/p>\n<p>Dal\u0161\u00ed postup v kari\u00e9\u0159e nastal v z\u00e1\u0159\u00ed roku 2010, David Moyes pozorn\u011b sledoval progres klubov\u00e9 nad\u011bje a dop\u0159\u00e1l j\u00ed m\u00edsto na lavi\u010dce n\u00e1hradn\u00edk\u016f v ligov\u00e9m kl\u00e1n\u00ed s Newcastlem. Nane\u0161t\u011bst\u00ed pozd\u011bji Barkleyho potkalo nep\u0159\u00edjemn\u00e9 zran\u011bn\u00ed, ve st\u0159etnut\u00ed za Anglii U19 si po st\u0159etu se spoluhr\u00e1\u010dem Andrem Wisdomem zlomil nohu.\u00a0<em>\u201eZmocnily se n\u00e1s obavy,&#8220;<\/em>\u00a0netaj\u00ed se Hall,\u00a0<em>\u201ezran\u011bn\u00ed ho postihlo v dob\u011b vrcholu v\u00fdvoje a u\u010den\u00ed se, absence se prot\u00e1hla na osm a\u017e dev\u011bt m\u011bs\u00edc\u016f. Ross nen\u00e1vid\u011bl vznikl\u00e9 komplikace, na h\u0159i\u0161t\u011b se cht\u011bl vr\u00e1tit po dvou t\u00fddnech.\u201c<\/em><\/p>\n<p>Zdravotn\u00ed probl\u00e9my pominuly a Barkley ohromil v p\u0159edsez\u00f3nn\u00ed p\u0159\u00edprav\u011b 2011\/12. Odm\u011bnou mu by debut v \u00favodn\u00edm ligov\u00e9m kole proti Queens Park Rangers, Toffees mimochodem prohr\u00e1li 0:1. V dal\u0161\u00edch m\u011bs\u00edc\u00edch nedost\u00e1val od tolik p\u0159\u00edle\u017eitost\u00ed, Moyes ho vyu\u017e\u00edval \u0161etrn\u011b. Ve snaze nabrat hern\u00ed praxi ho poslal na hostov\u00e1n\u00ed do Sheffieldu Wednesday. Za Owls nasko\u010dil do 13 utk\u00e1n\u00ed, v nich\u017e p\u0159esv\u011bd\u010dil o sv\u00fdch kvalit\u00e1ch a potenci\u00e1lu.<\/p>\n<p><em>\u201eOkam\u017eit\u011b zapadl do kabiny. Jeho technika je excelentn\u00ed, zdob\u00ed ho p\u0159ehled o h\u0159e, a jakmile dostal m\u00ed\u010d, p\u0159ekonal defenzivu protivn\u00edka. Dodal n\u00e1m nov\u00e9 mo\u017enosti, hned jsme rozpoznali: on pat\u0159\u00ed do Premier League,\u201c<\/em>\u00a0ne\u0161et\u0159il chv\u00e1lou k\u0159\u00eddeln\u00edk Wednesday Michail Antonio.<\/p>\n<p>S p\u0159\u00edchodem Roberta Mart\u00edneze Barkleyho d\u016fle\u017eitost je\u0161t\u011b vzrostla a nyn\u00ed p\u0159edstavuje ned\u00edlnou sou\u010d\u00e1st Blues. V leto\u0161n\u00ed sez\u00f3n\u011b nastal p\u0159elom v jeho kari\u00e9\u0159e, uvid\u00edme na konci ro\u010dn\u00edku, kam ho a\u017e katapultuje. T\u0159eba na mistrovstv\u00ed sv\u011bta v Braz\u00edlii, t\u0159eba\u2026<\/p>\n<\/div>\n","protected":false},"excerpt":{"rendered":"<p>Ray Hall, b\u00fdval\u00fd \u0161\u00e9f akademie Evertonu, vzpom\u00edn\u00e1 na v\u00fdvoj st\u00e1le je\u0161t\u011b talentovan\u00e9ho Rosse Barkleyho, jeho\u017e dnes mnoz\u00ed p\u0159irovn\u00e1vaj\u00ed k Paulu&hellip;<\/p>\n","protected":false},"author":6,"featured_media":1313,"comment_status":"open","ping_status":"closed","sticky":false,"template":"","format":"standard","meta":{"_eb_attr":"","_monsterinsights_skip_tracking":false,"_monsterinsights_sitenote_active":false,"_monsterinsights_sitenote_note":"","_monsterinsights_sitenote_category":0,"footnotes":""},"categories":[42,1],"tags":[],"yoast_head":"<!-- This site is optimized with the Yoast SEO plugin v23.4 - https:\/\/yoast.com\/wordpress\/plugins\/seo\/ -->\n<title>Barkley, nov\u00e1 nad\u011bje Anglie - Official Czech &amp; Slovak Everton Supporters&#039; Club<\/title>\n<meta name=\"robots\" content=\"index, follow, max-snippet:-1, max-image-preview:large, max-video-preview:-1\" \/>\n<link rel=\"canonical\" href=\"https:\/\/evertonfc.cz\/index.php\/2013\/12\/17\/barkley-nova-nadeje-anglie\/\" \/>\n<meta property=\"og:locale\" content=\"cs_CZ\" \/>\n<meta property=\"og:type\" content=\"article\" \/>\n<meta property=\"og:title\" content=\"Barkley, nov\u00e1 nad\u011bje Anglie - Official Czech &amp; Slovak Everton Supporters&#039; Club\" \/>\n<meta property=\"og:description\" content=\"Ray Hall, b\u00fdval\u00fd \u0161\u00e9f akademie Evertonu, vzpom\u00edn\u00e1 na v\u00fdvoj st\u00e1le je\u0161t\u011b talentovan\u00e9ho Rosse Barkleyho, jeho\u017e dnes mnoz\u00ed p\u0159irovn\u00e1vaj\u00ed k Paulu&hellip;\" \/>\n<meta property=\"og:url\" content=\"https:\/\/evertonfc.cz\/index.php\/2013\/12\/17\/barkley-nova-nadeje-anglie\/\" \/>\n<meta property=\"og:site_name\" content=\"Official Czech &amp; Slovak Everton Supporters&#039; Club\" \/>\n<meta property=\"article:publisher\" content=\"https:\/\/www.facebook.com\/everton.fans.cz.sk\" \/>\n<meta property=\"article:published_time\" content=\"2013-12-17T12:56:44+00:00\" \/>\n<meta property=\"article:modified_time\" content=\"2019-02-14T14:37:46+00:00\" \/>\n<meta property=\"og:image\" content=\"https:\/\/evertonfc.cz\/wp-content\/uploads\/2019\/01\/news.jpg\" \/>\n\t<meta property=\"og:image:width\" content=\"720\" \/>\n\t<meta property=\"og:image:height\" content=\"405\" \/>\n\t<meta property=\"og:image:type\" content=\"image\/jpeg\" \/>\n<meta name=\"author\" content=\"Ri\u010di\" \/>\n<meta name=\"twitter:card\" content=\"summary_large_image\" \/>\n<meta name=\"twitter:creator\" content=\"@rbrejsa\" \/>\n<meta name=\"twitter:label1\" content=\"Napsal(a)\" \/>\n\t<meta name=\"twitter:data1\" content=\"Ri\u010di\" \/>\n\t<meta name=\"twitter:label2\" content=\"Odhadovan\u00e1 doba \u010dten\u00ed\" \/>\n\t<meta name=\"twitter:data2\" content=\"5 minut\" \/>\n<script type=\"application\/ld+json\" class=\"yoast-schema-graph\">{\"@context\":\"https:\/\/schema.org\",\"@graph\":[{\"@type\":\"Article\",\"@id\":\"https:\/\/evertonfc.cz\/index.php\/2013\/12\/17\/barkley-nova-nadeje-anglie\/#article\",\"isPartOf\":{\"@id\":\"https:\/\/evertonfc.cz\/index.php\/2013\/12\/17\/barkley-nova-nadeje-anglie\/\"},\"author\":{\"name\":\"Ri\u010di\",\"@id\":\"https:\/\/evertonfc.cz\/#\/schema\/person\/f7a5daedb2ffee98480bc70e191aaef1\"},\"headline\":\"Barkley, nov\u00e1 nad\u011bje Anglie\",\"datePublished\":\"2013-12-17T12:56:44+00:00\",\"dateModified\":\"2019-02-14T14:37:46+00:00\",\"mainEntityOfPage\":{\"@id\":\"https:\/\/evertonfc.cz\/index.php\/2013\/12\/17\/barkley-nova-nadeje-anglie\/\"},\"wordCount\":1097,\"commentCount\":0,\"publisher\":{\"@id\":\"https:\/\/evertonfc.cz\/#organization\"},\"image\":{\"@id\":\"https:\/\/evertonfc.cz\/index.php\/2013\/12\/17\/barkley-nova-nadeje-anglie\/#primaryimage\"},\"thumbnailUrl\":\"https:\/\/evertonfc.cz\/wp-content\/uploads\/2019\/01\/news.jpg\",\"articleSection\":[\"Aktuality\",\"Rozhovory\"],\"inLanguage\":\"cs\",\"potentialAction\":[{\"@type\":\"CommentAction\",\"name\":\"Comment\",\"target\":[\"https:\/\/evertonfc.cz\/index.php\/2013\/12\/17\/barkley-nova-nadeje-anglie\/#respond\"]}]},{\"@type\":\"WebPage\",\"@id\":\"https:\/\/evertonfc.cz\/index.php\/2013\/12\/17\/barkley-nova-nadeje-anglie\/\",\"url\":\"https:\/\/evertonfc.cz\/index.php\/2013\/12\/17\/barkley-nova-nadeje-anglie\/\",\"name\":\"Barkley, nov\u00e1 nad\u011bje Anglie - Official Czech &amp; Slovak Everton Supporters&#039; Club\",\"isPartOf\":{\"@id\":\"https:\/\/evertonfc.cz\/#website\"},\"primaryImageOfPage\":{\"@id\":\"https:\/\/evertonfc.cz\/index.php\/2013\/12\/17\/barkley-nova-nadeje-anglie\/#primaryimage\"},\"image\":{\"@id\":\"https:\/\/evertonfc.cz\/index.php\/2013\/12\/17\/barkley-nova-nadeje-anglie\/#primaryimage\"},\"thumbnailUrl\":\"https:\/\/evertonfc.cz\/wp-content\/uploads\/2019\/01\/news.jpg\",\"datePublished\":\"2013-12-17T12:56:44+00:00\",\"dateModified\":\"2019-02-14T14:37:46+00:00\",\"breadcrumb\":{\"@id\":\"https:\/\/evertonfc.cz\/index.php\/2013\/12\/17\/barkley-nova-nadeje-anglie\/#breadcrumb\"},\"inLanguage\":\"cs\",\"potentialAction\":[{\"@type\":\"ReadAction\",\"target\":[\"https:\/\/evertonfc.cz\/index.php\/2013\/12\/17\/barkley-nova-nadeje-anglie\/\"]}]},{\"@type\":\"ImageObject\",\"inLanguage\":\"cs\",\"@id\":\"https:\/\/evertonfc.cz\/index.php\/2013\/12\/17\/barkley-nova-nadeje-anglie\/#primaryimage\",\"url\":\"https:\/\/evertonfc.cz\/wp-content\/uploads\/2019\/01\/news.jpg\",\"contentUrl\":\"https:\/\/evertonfc.cz\/wp-content\/uploads\/2019\/01\/news.jpg\",\"width\":720,\"height\":405},{\"@type\":\"BreadcrumbList\",\"@id\":\"https:\/\/evertonfc.cz\/index.php\/2013\/12\/17\/barkley-nova-nadeje-anglie\/#breadcrumb\",\"itemListElement\":[{\"@type\":\"ListItem\",\"position\":1,\"name\":\"Home\",\"item\":\"https:\/\/evertonfc.cz\/\"},{\"@type\":\"ListItem\",\"position\":2,\"name\":\"Barkley, nov\u00e1 nad\u011bje Anglie\"}]},{\"@type\":\"WebSite\",\"@id\":\"https:\/\/evertonfc.cz\/#website\",\"url\":\"https:\/\/evertonfc.cz\/\",\"name\":\"Official Czech &amp; Slovak Everton Supporters&#039; Club\",\"description\":\"\",\"publisher\":{\"@id\":\"https:\/\/evertonfc.cz\/#organization\"},\"potentialAction\":[{\"@type\":\"SearchAction\",\"target\":{\"@type\":\"EntryPoint\",\"urlTemplate\":\"https:\/\/evertonfc.cz\/?s={search_term_string}\"},\"query-input\":{\"@type\":\"PropertyValueSpecification\",\"valueRequired\":true,\"valueName\":\"search_term_string\"}}],\"inLanguage\":\"cs\"},{\"@type\":\"Organization\",\"@id\":\"https:\/\/evertonfc.cz\/#organization\",\"name\":\"Official Czech & Slovak Everton Supporters' Club\",\"url\":\"https:\/\/evertonfc.cz\/\",\"logo\":{\"@type\":\"ImageObject\",\"inLanguage\":\"cs\",\"@id\":\"https:\/\/evertonfc.cz\/#\/schema\/logo\/image\/\",\"url\":\"https:\/\/evertonfc.cz\/wp-content\/uploads\/2019\/05\/logo.png\",\"contentUrl\":\"https:\/\/evertonfc.cz\/wp-content\/uploads\/2019\/05\/logo.png\",\"width\":112,\"height\":112,\"caption\":\"Official Czech & Slovak Everton Supporters' Club\"},\"image\":{\"@id\":\"https:\/\/evertonfc.cz\/#\/schema\/logo\/image\/\"},\"sameAs\":[\"https:\/\/www.facebook.com\/everton.fans.cz.sk\"]},{\"@type\":\"Person\",\"@id\":\"https:\/\/evertonfc.cz\/#\/schema\/person\/f7a5daedb2ffee98480bc70e191aaef1\",\"name\":\"Ri\u010di\",\"sameAs\":[\"https:\/\/x.com\/rbrejsa\"],\"url\":\"https:\/\/evertonfc.cz\/index.php\/author\/rici\/\"}]}<\/script>\n<!-- \/ Yoast SEO plugin. -->","yoast_head_json":{"title":"Barkley, nov\u00e1 nad\u011bje Anglie - Official Czech &amp; Slovak Everton Supporters&#039; Club","robots":{"index":"index","follow":"follow","max-snippet":"max-snippet:-1","max-image-preview":"max-image-preview:large","max-video-preview":"max-video-preview:-1"},"canonical":"https:\/\/evertonfc.cz\/index.php\/2013\/12\/17\/barkley-nova-nadeje-anglie\/","og_locale":"cs_CZ","og_type":"article","og_title":"Barkley, nov\u00e1 nad\u011bje Anglie - Official Czech &amp; Slovak Everton Supporters&#039; Club","og_description":"Ray Hall, b\u00fdval\u00fd \u0161\u00e9f akademie Evertonu, vzpom\u00edn\u00e1 na v\u00fdvoj st\u00e1le je\u0161t\u011b talentovan\u00e9ho Rosse Barkleyho, jeho\u017e dnes mnoz\u00ed p\u0159irovn\u00e1vaj\u00ed k Paulu&hellip;","og_url":"https:\/\/evertonfc.cz\/index.php\/2013\/12\/17\/barkley-nova-nadeje-anglie\/","og_site_name":"Official Czech &amp; Slovak Everton Supporters&#039; Club","article_publisher":"https:\/\/www.facebook.com\/everton.fans.cz.sk","article_published_time":"2013-12-17T12:56:44+00:00","article_modified_time":"2019-02-14T14:37:46+00:00","og_image":[{"width":720,"height":405,"url":"https:\/\/evertonfc.cz\/wp-content\/uploads\/2019\/01\/news.jpg","type":"image\/jpeg"}],"author":"Ri\u010di","twitter_card":"summary_large_image","twitter_creator":"@rbrejsa","twitter_misc":{"Napsal(a)":"Ri\u010di","Odhadovan\u00e1 doba \u010dten\u00ed":"5 minut"},"schema":{"@context":"https:\/\/schema.org","@graph":[{"@type":"Article","@id":"https:\/\/evertonfc.cz\/index.php\/2013\/12\/17\/barkley-nova-nadeje-anglie\/#article","isPartOf":{"@id":"https:\/\/evertonfc.cz\/index.php\/2013\/12\/17\/barkley-nova-nadeje-anglie\/"},"author":{"name":"Ri\u010di","@id":"https:\/\/evertonfc.cz\/#\/schema\/person\/f7a5daedb2ffee98480bc70e191aaef1"},"headline":"Barkley, nov\u00e1 nad\u011bje Anglie","datePublished":"2013-12-17T12:56:44+00:00","dateModified":"2019-02-14T14:37:46+00:00","mainEntityOfPage":{"@id":"https:\/\/evertonfc.cz\/index.php\/2013\/12\/17\/barkley-nova-nadeje-anglie\/"},"wordCount":1097,"commentCount":0,"publisher":{"@id":"https:\/\/evertonfc.cz\/#organization"},"image":{"@id":"https:\/\/evertonfc.cz\/index.php\/2013\/12\/17\/barkley-nova-nadeje-anglie\/#primaryimage"},"thumbnailUrl":"https:\/\/evertonfc.cz\/wp-content\/uploads\/2019\/01\/news.jpg","articleSection":["Aktuality","Rozhovory"],"inLanguage":"cs","potentialAction":[{"@type":"CommentAction","name":"Comment","target":["https:\/\/evertonfc.cz\/index.php\/2013\/12\/17\/barkley-nova-nadeje-anglie\/#respond"]}]},{"@type":"WebPage","@id":"https:\/\/evertonfc.cz\/index.php\/2013\/12\/17\/barkley-nova-nadeje-anglie\/","url":"https:\/\/evertonfc.cz\/index.php\/2013\/12\/17\/barkley-nova-nadeje-anglie\/","name":"Barkley, nov\u00e1 nad\u011bje Anglie - Official Czech &amp; Slovak Everton Supporters&#039; Club","isPartOf":{"@id":"https:\/\/evertonfc.cz\/#website"},"primaryImageOfPage":{"@id":"https:\/\/evertonfc.cz\/index.php\/2013\/12\/17\/barkley-nova-nadeje-anglie\/#primaryimage"},"image":{"@id":"https:\/\/evertonfc.cz\/index.php\/2013\/12\/17\/barkley-nova-nadeje-anglie\/#primaryimage"},"thumbnailUrl":"https:\/\/evertonfc.cz\/wp-content\/uploads\/2019\/01\/news.jpg","datePublished":"2013-12-17T12:56:44+00:00","dateModified":"2019-02-14T14:37:46+00:00","breadcrumb":{"@id":"https:\/\/evertonfc.cz\/index.php\/2013\/12\/17\/barkley-nova-nadeje-anglie\/#breadcrumb"},"inLanguage":"cs","potentialAction":[{"@type":"ReadAction","target":["https:\/\/evertonfc.cz\/index.php\/2013\/12\/17\/barkley-nova-nadeje-anglie\/"]}]},{"@type":"ImageObject","inLanguage":"cs","@id":"https:\/\/evertonfc.cz\/index.php\/2013\/12\/17\/barkley-nova-nadeje-anglie\/#primaryimage","url":"https:\/\/evertonfc.cz\/wp-content\/uploads\/2019\/01\/news.jpg","contentUrl":"https:\/\/evertonfc.cz\/wp-content\/uploads\/2019\/01\/news.jpg","width":720,"height":405},{"@type":"BreadcrumbList","@id":"https:\/\/evertonfc.cz\/index.php\/2013\/12\/17\/barkley-nova-nadeje-anglie\/#breadcrumb","itemListElement":[{"@type":"ListItem","position":1,"name":"Home","item":"https:\/\/evertonfc.cz\/"},{"@type":"ListItem","position":2,"name":"Barkley, nov\u00e1 nad\u011bje Anglie"}]},{"@type":"WebSite","@id":"https:\/\/evertonfc.cz\/#website","url":"https:\/\/evertonfc.cz\/","name":"Official Czech &amp; Slovak Everton Supporters&#039; Club","description":"","publisher":{"@id":"https:\/\/evertonfc.cz\/#organization"},"potentialAction":[{"@type":"SearchAction","target":{"@type":"EntryPoint","urlTemplate":"https:\/\/evertonfc.cz\/?s={search_term_string}"},"query-input":{"@type":"PropertyValueSpecification","valueRequired":true,"valueName":"search_term_string"}}],"inLanguage":"cs"},{"@type":"Organization","@id":"https:\/\/evertonfc.cz\/#organization","name":"Official Czech & Slovak Everton Supporters' Club","url":"https:\/\/evertonfc.cz\/","logo":{"@type":"ImageObject","inLanguage":"cs","@id":"https:\/\/evertonfc.cz\/#\/schema\/logo\/image\/","url":"https:\/\/evertonfc.cz\/wp-content\/uploads\/2019\/05\/logo.png","contentUrl":"https:\/\/evertonfc.cz\/wp-content\/uploads\/2019\/05\/logo.png","width":112,"height":112,"caption":"Official Czech & Slovak Everton Supporters' Club"},"image":{"@id":"https:\/\/evertonfc.cz\/#\/schema\/logo\/image\/"},"sameAs":["https:\/\/www.facebook.com\/everton.fans.cz.sk"]},{"@type":"Person","@id":"https:\/\/evertonfc.cz\/#\/schema\/person\/f7a5daedb2ffee98480bc70e191aaef1","name":"Ri\u010di","sameAs":["https:\/\/x.com\/rbrejsa"],"url":"https:\/\/evertonfc.cz\/index.php\/author\/rici\/"}]}},"_links":{"self":[{"href":"https:\/\/evertonfc.cz\/index.php\/wp-json\/wp\/v2\/posts\/5148"}],"collection":[{"href":"https:\/\/evertonfc.cz\/index.php\/wp-json\/wp\/v2\/posts"}],"about":[{"href":"https:\/\/evertonfc.cz\/index.php\/wp-json\/wp\/v2\/types\/post"}],"author":[{"embeddable":true,"href":"https:\/\/evertonfc.cz\/index.php\/wp-json\/wp\/v2\/users\/6"}],"replies":[{"embeddable":true,"href":"https:\/\/evertonfc.cz\/index.php\/wp-json\/wp\/v2\/comments?post=5148"}],"version-history":[{"count":3,"href":"https:\/\/evertonfc.cz\/index.php\/wp-json\/wp\/v2\/posts\/5148\/revisions"}],"predecessor-version":[{"id":5231,"href":"https:\/\/evertonfc.cz\/index.php\/wp-json\/wp\/v2\/posts\/5148\/revisions\/5231"}],"wp:featuredmedia":[{"embeddable":true,"href":"https:\/\/evertonfc.cz\/index.php\/wp-json\/wp\/v2\/media\/1313"}],"wp:attachment":[{"href":"https:\/\/evertonfc.cz\/index.php\/wp-json\/wp\/v2\/media?parent=5148"}],"wp:term":[{"taxonomy":"category","embeddable":true,"href":"https:\/\/evertonfc.cz\/index.php\/wp-json\/wp\/v2\/categories?post=5148"},{"taxonomy":"post_tag","embeddable":true,"href":"https:\/\/evertonfc.cz\/index.php\/wp-json\/wp\/v2\/tags?post=5148"}],"curies":[{"name":"wp","href":"https:\/\/api.w.org\/{rel}","templated":true}]}}