{"id":5152,"date":"2013-12-13T13:59:29","date_gmt":"2013-12-13T12:59:29","guid":{"rendered":"http:\/\/evertonfc.cz\/?p=5152"},"modified":"2021-02-13T10:06:41","modified_gmt":"2021-02-13T09:06:41","slug":"preview-everton-fulham-4","status":"publish","type":"post","link":"https:\/\/evertonfc.cz\/index.php\/2013\/12\/13\/preview-everton-fulham-4\/","title":{"rendered":"Preview: Everton &#8211; Fulham"},"content":{"rendered":"<h4 id=\"NewsPostDetailSummary\">Po n\u00e1ro\u010dn\u00fdch a nakonec i \u00fasp\u011b\u0161n\u00fdch v\u00fdjezdech na p\u016fdu Manchesteru United a Arsenalu p\u0159iv\u00edt\u00e1 Everton v Goodisonu letos podpr\u016fm\u011brn\u00fd Fulham. O\u010dek\u00e1v\u00e1n\u00ed jsou z\u0159ejm\u00e1.<\/h4>\n<div id=\"NewsPostDetailContent\">\n<p>Kdo by to byl \u0159ekl, \u017ee v polovin\u011b prosince budou Toffees jedin\u00fdm celkem, kter\u00fd prohr\u00e1l pouze jednou. Ano, sedm nerozhodn\u00fdch v\u00fdsledk\u016f je nejv\u00edce z ligy, p\u0159esto s prac\u00ed Roberta Mart\u00edneze mus\u00ed p\u0159evl\u00e1dat spokojenost. \u0160pan\u011bl dok\u00e1\u017ee p\u0159esv\u011bd\u010dit v\u0161echny hr\u00e1\u010de z k\u00e1dru o jejich d\u016fle\u017eitosti, co\u017e m\u016f\u017ee b\u00fdt jeden z kl\u00ed\u010d\u016f k \u00fasp\u011bchu. Mu\u017estvo si tak poradilo s absenc\u00ed Darrona Gibsona stejn\u011b jako Leightona Bainese.<\/p>\n<p>V sobotu bude absentovat pro p\u011bt \u017elut\u00fdch karet letn\u00ed posila a dnes u\u017e, d\u00e1 \u0159\u00edct, tak\u00e9 st\u00e1l\u00fd \u010dlen z\u00e1kladn\u00ed sestavy James McCarthy. Pochopiteln\u011b tedy nast\u00e1v\u00e1 ot\u00e1zka, kdo m\u00edsto n\u011bj? Bu\u010f dostane \u0161anci zku\u0161en\u00fd Leon Osman, nebo ve form\u011b hraj\u00edc\u00ed Gerard Deulofeu. V tom p\u0159\u00edpad\u011b by se do st\u0159edov\u00e9 dvojky st\u00e1hnul Ross Barkley a pod Lukakem by operovala trojice Deulofeu, Mirallas a Pienaar. Osobn\u011b bych se na podobn\u00e9 slo\u017een\u00ed z\u00e1lo\u017en\u00ed formace r\u00e1d pod\u00edval.<\/p>\n<p>Vr\u00e1til bych se k \u00favodn\u00edm slov\u016fm preview, z nich by mohlo b\u00fdt patrn\u00e9 podcen\u011bn\u00ed Cottagers. Podobn\u00e9 p\u0159ed\u010dasn\u00e9 z\u00e1v\u011bry se ale \u010dasto nevypl\u00e1c\u00ed, zvl\u00e1\u0161t\u011b v aktu\u00e1ln\u00edm ro\u010dn\u00edku Premier League, v n\u011bm\u017e nen\u00ed o p\u0159ekvapen\u00ed nouze. Fulham na za\u010d\u00e1tku m\u011bs\u00edce vym\u011bnil mana\u017eera, Martina Jola nahradil krajan Ren\u00e9 Meulensteen. O\u010dek\u00e1van\u00e1 zm\u011bna p\u0159inesla aspo\u0148 aktu\u00e1ln\u00ed \u00fasp\u011bch, minul\u00e9 kolo skon\u010dila \u0161esti z\u00e1pasov\u00e1 s\u00e9rie proher, kdy\u017e si por\u00e1\u017eku 0:2 odvezla z Craven Cottage Aston Villa.<\/p>\n<p>Podle mnoh\u00fdch Cottagers h\u016f\u0159e ne\u017e pod Jolem se ji\u017e Fulham nem\u016f\u017ee prezentovat. Uvid\u00edme, co uk\u00e1\u017ee budoucnost pod Meulensteenem, odborn\u00edk zvykl\u00fdm na v\u00edt\u011bznou mentalitu z anga\u017em\u00e1 na Old Trafford.<\/p>\n<h4><strong>Z\u00e1pasov\u00e1 fakta<\/strong><\/h4>\n<p>Vz\u00e1jemn\u00e1<br \/>\n\u2022 Fulham nikdy nevyhr\u00e1l ligov\u00e9 st\u0159etnut\u00ed na Goodison Parku (4 rem\u00edzy, 21 proher), z posledn\u00edch 20 z\u00e1pas\u016f zde nevyv\u00e1l\u010dil ani jeden bod a nav\u00edc dr\u017e\u00ed pasivn\u00ed sk\u00f3re 10:51<br \/>\n\u2022 naposledy Cottagers vyhr\u00e1li na Evertonu v \u00fanoru roku 1975, v r\u00e1mci 5. kola FA Cupu se radovali z postupu d\u00edky triumfu 2:1<br \/>\n\u2022 na konci z\u00e1\u0159\u00ed se radoval v\u00a0Ligov\u00e9m poh\u00e1ru Fulham, sv\u00e9ho sobotn\u00edho soupe\u0159e doma vy\u0159adil po v\u00fdsledku 2:1.<\/p>\n<p>Everton<br \/>\n\u2022 5. m\u00edsto s 28 body, sk\u00f3re 23:14<br \/>\n\u2022 v\u00a0ligov\u00e9m roce 2013 doma neprohr\u00e1l (11 v\u00fdher, 5 rem\u00edz)<br \/>\n\u2022 remizoval \u010dty\u0159ikr\u00e1t z posledn\u00edch \u0161esti ligov\u00fdch kol, p\u0159i\u010dem\u017e udr\u017eel \u010dty\u0159i \u010dist\u00e1 konta<br \/>\n\u2022 je jedin\u00fdm t\u00fdmem z Premier League, kter\u00fd potom, co inkasoval jako prvn\u00ed, dok\u00e1zal n\u00e1sledn\u011b z utk\u00e1n\u00ed z\u00edskat aspo\u0148 bod (1 v\u00fdhra, 3 rem\u00edzy).<\/p>\n<p>Fulham<br \/>\n\u2022 18. m\u00edsto s 13 body, sk\u00f3re 14:26<br \/>\n\u2022 inkasoval v lize 26x, hor\u0161\u00ed jsou pouze Norwich (28) a Sunderland (30)<br \/>\n\u2022 jeho z\u00e1kladn\u00ed sestava z duelu proti Aston Vile byla v\u011bkov\u00fdm pr\u016fm\u011brem nejstar\u0161\u00ed v aktu\u00e1ln\u00edm ligov\u00e9m ro\u010dn\u00edku (31 let a 25 dn\u00ed)<br \/>\n\u2022 letos prohr\u00e1l v\u0161ech osm souboj\u016f s t\u00fdmy z prvn\u00ed poloviny tabulky.<\/p>\n<h4><strong>T\u00fdmov\u00e9 novinky<\/strong><\/h4>\n<p>K zran\u011bn\u00e9 trojce Leighton Baines, Darron Gibson a Arouna Kon\u00e9 se p\u0159idal Tony Hibbert, z tr\u00e9ninku si odnesl \u0161r\u00e1m na koleni a bude chyb\u011bt jeden t\u00fdden. Nenastoup\u00ed rovn\u011b\u017e suspendovan\u00fd James McCarthy.<\/p>\n<p><strong>Everton:<\/strong> Howard, Robles, Alcaraz, Coleman, Distin, Heitinga, Hibbert, Jagielka, Oviedo, Stones, Barkley, Barry, Osman, Pienaar, Deulofeu, Jelavi\u0107, Lukaku, Mirallas, Naismith, Vellios.<\/p>\n<p>Kapit\u00e1n Brede Hangeland aHugo Rodallega se uzdravit nestihnou, naopak Darren Bent, Fernando Amorebieta a Matt Briggs pravd\u011bpodobn\u011b budou k dispozici.<\/p>\n<p><strong>Fulham:<\/strong> Stekelenburg, Stockdale, Amorebieta, Briggs, Hughes, Riether, Riise, Senderos, Zveroti\u0107, Boateng, Dejagah, Duff, Ka\u010danikli\u0107, Karagounis, Kasami, Parker, Richardson, Sidwell, Taarabt, Bent, Berbatov, Ruiz.<\/p>\n<p><strong>Co:<\/strong>\u00a0Everton FC &#8211; Fulham FC, 16. kolo Premier League<br \/>\n<strong>Kdy:<\/strong>\u00a014. 12. 2013 od 16:00 SE\u010c<br \/>\n<strong>Kde:<\/strong>\u00a0Goodison Park, Liverpool (kapacita: 40 157)<br \/>\n<strong>Rozhod\u010d\u00ed:<\/strong>\u00a0Anthony Taylor<\/p>\n<\/div>\n","protected":false},"excerpt":{"rendered":"<p>Po n\u00e1ro\u010dn\u00fdch a nakonec i \u00fasp\u011b\u0161n\u00fdch v\u00fdjezdech na p\u016fdu Manchesteru United a Arsenalu p\u0159iv\u00edt\u00e1 Everton v Goodisonu letos podpr\u016fm\u011brn\u00fd Fulham. O\u010dek\u00e1v\u00e1n\u00ed jsou z\u0159ejm\u00e1.<\/p>\n","protected":false},"author":6,"featured_media":14090,"comment_status":"open","ping_status":"closed","sticky":false,"template":"","format":"standard","meta":{"_eb_attr":"","_monsterinsights_skip_tracking":false,"_monsterinsights_sitenote_active":false,"_monsterinsights_sitenote_note":"","_monsterinsights_sitenote_category":0,"footnotes":""},"categories":[4],"tags":[],"yoast_head":"<!-- This site is optimized with the Yoast SEO plugin v23.4 - https:\/\/yoast.com\/wordpress\/plugins\/seo\/ -->\n<title>Preview: Everton - Fulham - Official Czech &amp; Slovak Everton Supporters&#039; Club<\/title>\n<meta name=\"robots\" content=\"index, follow, max-snippet:-1, max-image-preview:large, max-video-preview:-1\" \/>\n<link rel=\"canonical\" href=\"https:\/\/evertonfc.cz\/index.php\/2013\/12\/13\/preview-everton-fulham-4\/\" \/>\n<meta property=\"og:locale\" content=\"cs_CZ\" \/>\n<meta property=\"og:type\" content=\"article\" \/>\n<meta property=\"og:title\" content=\"Preview: Everton - Fulham - Official Czech &amp; Slovak Everton Supporters&#039; Club\" \/>\n<meta property=\"og:description\" content=\"Po n\u00e1ro\u010dn\u00fdch a nakonec i \u00fasp\u011b\u0161n\u00fdch v\u00fdjezdech na p\u016fdu Manchesteru United a Arsenalu p\u0159iv\u00edt\u00e1 Everton v Goodisonu letos podpr\u016fm\u011brn\u00fd Fulham. O\u010dek\u00e1v\u00e1n\u00ed jsou z\u0159ejm\u00e1.\" \/>\n<meta property=\"og:url\" content=\"https:\/\/evertonfc.cz\/index.php\/2013\/12\/13\/preview-everton-fulham-4\/\" \/>\n<meta property=\"og:site_name\" content=\"Official Czech &amp; Slovak Everton Supporters&#039; Club\" \/>\n<meta property=\"article:publisher\" content=\"https:\/\/www.facebook.com\/everton.fans.cz.sk\" \/>\n<meta property=\"article:published_time\" content=\"2013-12-13T12:59:29+00:00\" \/>\n<meta property=\"article:modified_time\" content=\"2021-02-13T09:06:41+00:00\" \/>\n<meta property=\"og:image\" content=\"https:\/\/evertonfc.cz\/wp-content\/uploads\/2021\/02\/Everton-VS-Fulham.jpg\" \/>\n\t<meta property=\"og:image:width\" content=\"720\" \/>\n\t<meta property=\"og:image:height\" content=\"405\" \/>\n\t<meta property=\"og:image:type\" content=\"image\/jpeg\" \/>\n<meta name=\"author\" content=\"Ri\u010di\" \/>\n<meta name=\"twitter:card\" content=\"summary_large_image\" \/>\n<meta name=\"twitter:creator\" content=\"@rbrejsa\" \/>\n<meta name=\"twitter:label1\" content=\"Napsal(a)\" \/>\n\t<meta name=\"twitter:data1\" content=\"Ri\u010di\" \/>\n\t<meta name=\"twitter:label2\" content=\"Odhadovan\u00e1 doba \u010dten\u00ed\" \/>\n\t<meta name=\"twitter:data2\" content=\"3 minuty\" \/>\n<script type=\"application\/ld+json\" class=\"yoast-schema-graph\">{\"@context\":\"https:\/\/schema.org\",\"@graph\":[{\"@type\":\"Article\",\"@id\":\"https:\/\/evertonfc.cz\/index.php\/2013\/12\/13\/preview-everton-fulham-4\/#article\",\"isPartOf\":{\"@id\":\"https:\/\/evertonfc.cz\/index.php\/2013\/12\/13\/preview-everton-fulham-4\/\"},\"author\":{\"name\":\"Ri\u010di\",\"@id\":\"https:\/\/evertonfc.cz\/#\/schema\/person\/f7a5daedb2ffee98480bc70e191aaef1\"},\"headline\":\"Preview: Everton &#8211; Fulham\",\"datePublished\":\"2013-12-13T12:59:29+00:00\",\"dateModified\":\"2021-02-13T09:06:41+00:00\",\"mainEntityOfPage\":{\"@id\":\"https:\/\/evertonfc.cz\/index.php\/2013\/12\/13\/preview-everton-fulham-4\/\"},\"wordCount\":692,\"commentCount\":0,\"publisher\":{\"@id\":\"https:\/\/evertonfc.cz\/#organization\"},\"image\":{\"@id\":\"https:\/\/evertonfc.cz\/index.php\/2013\/12\/13\/preview-everton-fulham-4\/#primaryimage\"},\"thumbnailUrl\":\"https:\/\/evertonfc.cz\/wp-content\/uploads\/2021\/02\/Everton-VS-Fulham.jpg\",\"articleSection\":[\"Z\u00e1pasy\"],\"inLanguage\":\"cs\",\"potentialAction\":[{\"@type\":\"CommentAction\",\"name\":\"Comment\",\"target\":[\"https:\/\/evertonfc.cz\/index.php\/2013\/12\/13\/preview-everton-fulham-4\/#respond\"]}]},{\"@type\":\"WebPage\",\"@id\":\"https:\/\/evertonfc.cz\/index.php\/2013\/12\/13\/preview-everton-fulham-4\/\",\"url\":\"https:\/\/evertonfc.cz\/index.php\/2013\/12\/13\/preview-everton-fulham-4\/\",\"name\":\"Preview: Everton - Fulham - Official Czech &amp; Slovak Everton Supporters&#039; Club\",\"isPartOf\":{\"@id\":\"https:\/\/evertonfc.cz\/#website\"},\"primaryImageOfPage\":{\"@id\":\"https:\/\/evertonfc.cz\/index.php\/2013\/12\/13\/preview-everton-fulham-4\/#primaryimage\"},\"image\":{\"@id\":\"https:\/\/evertonfc.cz\/index.php\/2013\/12\/13\/preview-everton-fulham-4\/#primaryimage\"},\"thumbnailUrl\":\"https:\/\/evertonfc.cz\/wp-content\/uploads\/2021\/02\/Everton-VS-Fulham.jpg\",\"datePublished\":\"2013-12-13T12:59:29+00:00\",\"dateModified\":\"2021-02-13T09:06:41+00:00\",\"breadcrumb\":{\"@id\":\"https:\/\/evertonfc.cz\/index.php\/2013\/12\/13\/preview-everton-fulham-4\/#breadcrumb\"},\"inLanguage\":\"cs\",\"potentialAction\":[{\"@type\":\"ReadAction\",\"target\":[\"https:\/\/evertonfc.cz\/index.php\/2013\/12\/13\/preview-everton-fulham-4\/\"]}]},{\"@type\":\"ImageObject\",\"inLanguage\":\"cs\",\"@id\":\"https:\/\/evertonfc.cz\/index.php\/2013\/12\/13\/preview-everton-fulham-4\/#primaryimage\",\"url\":\"https:\/\/evertonfc.cz\/wp-content\/uploads\/2021\/02\/Everton-VS-Fulham.jpg\",\"contentUrl\":\"https:\/\/evertonfc.cz\/wp-content\/uploads\/2021\/02\/Everton-VS-Fulham.jpg\",\"width\":720,\"height\":405},{\"@type\":\"BreadcrumbList\",\"@id\":\"https:\/\/evertonfc.cz\/index.php\/2013\/12\/13\/preview-everton-fulham-4\/#breadcrumb\",\"itemListElement\":[{\"@type\":\"ListItem\",\"position\":1,\"name\":\"Home\",\"item\":\"https:\/\/evertonfc.cz\/\"},{\"@type\":\"ListItem\",\"position\":2,\"name\":\"Preview: Everton &#8211; Fulham\"}]},{\"@type\":\"WebSite\",\"@id\":\"https:\/\/evertonfc.cz\/#website\",\"url\":\"https:\/\/evertonfc.cz\/\",\"name\":\"Official Czech &amp; Slovak Everton Supporters&#039; Club\",\"description\":\"\",\"publisher\":{\"@id\":\"https:\/\/evertonfc.cz\/#organization\"},\"potentialAction\":[{\"@type\":\"SearchAction\",\"target\":{\"@type\":\"EntryPoint\",\"urlTemplate\":\"https:\/\/evertonfc.cz\/?s={search_term_string}\"},\"query-input\":{\"@type\":\"PropertyValueSpecification\",\"valueRequired\":true,\"valueName\":\"search_term_string\"}}],\"inLanguage\":\"cs\"},{\"@type\":\"Organization\",\"@id\":\"https:\/\/evertonfc.cz\/#organization\",\"name\":\"Official Czech & Slovak Everton Supporters' Club\",\"url\":\"https:\/\/evertonfc.cz\/\",\"logo\":{\"@type\":\"ImageObject\",\"inLanguage\":\"cs\",\"@id\":\"https:\/\/evertonfc.cz\/#\/schema\/logo\/image\/\",\"url\":\"https:\/\/evertonfc.cz\/wp-content\/uploads\/2019\/05\/logo.png\",\"contentUrl\":\"https:\/\/evertonfc.cz\/wp-content\/uploads\/2019\/05\/logo.png\",\"width\":112,\"height\":112,\"caption\":\"Official Czech & Slovak Everton Supporters' Club\"},\"image\":{\"@id\":\"https:\/\/evertonfc.cz\/#\/schema\/logo\/image\/\"},\"sameAs\":[\"https:\/\/www.facebook.com\/everton.fans.cz.sk\"]},{\"@type\":\"Person\",\"@id\":\"https:\/\/evertonfc.cz\/#\/schema\/person\/f7a5daedb2ffee98480bc70e191aaef1\",\"name\":\"Ri\u010di\",\"sameAs\":[\"https:\/\/x.com\/rbrejsa\"],\"url\":\"https:\/\/evertonfc.cz\/index.php\/author\/rici\/\"}]}<\/script>\n<!-- \/ Yoast SEO plugin. -->","yoast_head_json":{"title":"Preview: Everton - Fulham - Official Czech &amp; Slovak Everton Supporters&#039; Club","robots":{"index":"index","follow":"follow","max-snippet":"max-snippet:-1","max-image-preview":"max-image-preview:large","max-video-preview":"max-video-preview:-1"},"canonical":"https:\/\/evertonfc.cz\/index.php\/2013\/12\/13\/preview-everton-fulham-4\/","og_locale":"cs_CZ","og_type":"article","og_title":"Preview: Everton - Fulham - Official Czech &amp; Slovak Everton Supporters&#039; Club","og_description":"Po n\u00e1ro\u010dn\u00fdch a nakonec i \u00fasp\u011b\u0161n\u00fdch v\u00fdjezdech na p\u016fdu Manchesteru United a Arsenalu p\u0159iv\u00edt\u00e1 Everton v Goodisonu letos podpr\u016fm\u011brn\u00fd Fulham. O\u010dek\u00e1v\u00e1n\u00ed jsou z\u0159ejm\u00e1.","og_url":"https:\/\/evertonfc.cz\/index.php\/2013\/12\/13\/preview-everton-fulham-4\/","og_site_name":"Official Czech &amp; Slovak Everton Supporters&#039; Club","article_publisher":"https:\/\/www.facebook.com\/everton.fans.cz.sk","article_published_time":"2013-12-13T12:59:29+00:00","article_modified_time":"2021-02-13T09:06:41+00:00","og_image":[{"width":720,"height":405,"url":"https:\/\/evertonfc.cz\/wp-content\/uploads\/2021\/02\/Everton-VS-Fulham.jpg","type":"image\/jpeg"}],"author":"Ri\u010di","twitter_card":"summary_large_image","twitter_creator":"@rbrejsa","twitter_misc":{"Napsal(a)":"Ri\u010di","Odhadovan\u00e1 doba \u010dten\u00ed":"3 minuty"},"schema":{"@context":"https:\/\/schema.org","@graph":[{"@type":"Article","@id":"https:\/\/evertonfc.cz\/index.php\/2013\/12\/13\/preview-everton-fulham-4\/#article","isPartOf":{"@id":"https:\/\/evertonfc.cz\/index.php\/2013\/12\/13\/preview-everton-fulham-4\/"},"author":{"name":"Ri\u010di","@id":"https:\/\/evertonfc.cz\/#\/schema\/person\/f7a5daedb2ffee98480bc70e191aaef1"},"headline":"Preview: Everton &#8211; Fulham","datePublished":"2013-12-13T12:59:29+00:00","dateModified":"2021-02-13T09:06:41+00:00","mainEntityOfPage":{"@id":"https:\/\/evertonfc.cz\/index.php\/2013\/12\/13\/preview-everton-fulham-4\/"},"wordCount":692,"commentCount":0,"publisher":{"@id":"https:\/\/evertonfc.cz\/#organization"},"image":{"@id":"https:\/\/evertonfc.cz\/index.php\/2013\/12\/13\/preview-everton-fulham-4\/#primaryimage"},"thumbnailUrl":"https:\/\/evertonfc.cz\/wp-content\/uploads\/2021\/02\/Everton-VS-Fulham.jpg","articleSection":["Z\u00e1pasy"],"inLanguage":"cs","potentialAction":[{"@type":"CommentAction","name":"Comment","target":["https:\/\/evertonfc.cz\/index.php\/2013\/12\/13\/preview-everton-fulham-4\/#respond"]}]},{"@type":"WebPage","@id":"https:\/\/evertonfc.cz\/index.php\/2013\/12\/13\/preview-everton-fulham-4\/","url":"https:\/\/evertonfc.cz\/index.php\/2013\/12\/13\/preview-everton-fulham-4\/","name":"Preview: Everton - Fulham - Official Czech &amp; Slovak Everton Supporters&#039; Club","isPartOf":{"@id":"https:\/\/evertonfc.cz\/#website"},"primaryImageOfPage":{"@id":"https:\/\/evertonfc.cz\/index.php\/2013\/12\/13\/preview-everton-fulham-4\/#primaryimage"},"image":{"@id":"https:\/\/evertonfc.cz\/index.php\/2013\/12\/13\/preview-everton-fulham-4\/#primaryimage"},"thumbnailUrl":"https:\/\/evertonfc.cz\/wp-content\/uploads\/2021\/02\/Everton-VS-Fulham.jpg","datePublished":"2013-12-13T12:59:29+00:00","dateModified":"2021-02-13T09:06:41+00:00","breadcrumb":{"@id":"https:\/\/evertonfc.cz\/index.php\/2013\/12\/13\/preview-everton-fulham-4\/#breadcrumb"},"inLanguage":"cs","potentialAction":[{"@type":"ReadAction","target":["https:\/\/evertonfc.cz\/index.php\/2013\/12\/13\/preview-everton-fulham-4\/"]}]},{"@type":"ImageObject","inLanguage":"cs","@id":"https:\/\/evertonfc.cz\/index.php\/2013\/12\/13\/preview-everton-fulham-4\/#primaryimage","url":"https:\/\/evertonfc.cz\/wp-content\/uploads\/2021\/02\/Everton-VS-Fulham.jpg","contentUrl":"https:\/\/evertonfc.cz\/wp-content\/uploads\/2021\/02\/Everton-VS-Fulham.jpg","width":720,"height":405},{"@type":"BreadcrumbList","@id":"https:\/\/evertonfc.cz\/index.php\/2013\/12\/13\/preview-everton-fulham-4\/#breadcrumb","itemListElement":[{"@type":"ListItem","position":1,"name":"Home","item":"https:\/\/evertonfc.cz\/"},{"@type":"ListItem","position":2,"name":"Preview: Everton &#8211; Fulham"}]},{"@type":"WebSite","@id":"https:\/\/evertonfc.cz\/#website","url":"https:\/\/evertonfc.cz\/","name":"Official Czech &amp; Slovak Everton Supporters&#039; Club","description":"","publisher":{"@id":"https:\/\/evertonfc.cz\/#organization"},"potentialAction":[{"@type":"SearchAction","target":{"@type":"EntryPoint","urlTemplate":"https:\/\/evertonfc.cz\/?s={search_term_string}"},"query-input":{"@type":"PropertyValueSpecification","valueRequired":true,"valueName":"search_term_string"}}],"inLanguage":"cs"},{"@type":"Organization","@id":"https:\/\/evertonfc.cz\/#organization","name":"Official Czech & Slovak Everton Supporters' Club","url":"https:\/\/evertonfc.cz\/","logo":{"@type":"ImageObject","inLanguage":"cs","@id":"https:\/\/evertonfc.cz\/#\/schema\/logo\/image\/","url":"https:\/\/evertonfc.cz\/wp-content\/uploads\/2019\/05\/logo.png","contentUrl":"https:\/\/evertonfc.cz\/wp-content\/uploads\/2019\/05\/logo.png","width":112,"height":112,"caption":"Official Czech & Slovak Everton Supporters' Club"},"image":{"@id":"https:\/\/evertonfc.cz\/#\/schema\/logo\/image\/"},"sameAs":["https:\/\/www.facebook.com\/everton.fans.cz.sk"]},{"@type":"Person","@id":"https:\/\/evertonfc.cz\/#\/schema\/person\/f7a5daedb2ffee98480bc70e191aaef1","name":"Ri\u010di","sameAs":["https:\/\/x.com\/rbrejsa"],"url":"https:\/\/evertonfc.cz\/index.php\/author\/rici\/"}]}},"_links":{"self":[{"href":"https:\/\/evertonfc.cz\/index.php\/wp-json\/wp\/v2\/posts\/5152"}],"collection":[{"href":"https:\/\/evertonfc.cz\/index.php\/wp-json\/wp\/v2\/posts"}],"about":[{"href":"https:\/\/evertonfc.cz\/index.php\/wp-json\/wp\/v2\/types\/post"}],"author":[{"embeddable":true,"href":"https:\/\/evertonfc.cz\/index.php\/wp-json\/wp\/v2\/users\/6"}],"replies":[{"embeddable":true,"href":"https:\/\/evertonfc.cz\/index.php\/wp-json\/wp\/v2\/comments?post=5152"}],"version-history":[{"count":5,"href":"https:\/\/evertonfc.cz\/index.php\/wp-json\/wp\/v2\/posts\/5152\/revisions"}],"predecessor-version":[{"id":14094,"href":"https:\/\/evertonfc.cz\/index.php\/wp-json\/wp\/v2\/posts\/5152\/revisions\/14094"}],"wp:featuredmedia":[{"embeddable":true,"href":"https:\/\/evertonfc.cz\/index.php\/wp-json\/wp\/v2\/media\/14090"}],"wp:attachment":[{"href":"https:\/\/evertonfc.cz\/index.php\/wp-json\/wp\/v2\/media?parent=5152"}],"wp:term":[{"taxonomy":"category","embeddable":true,"href":"https:\/\/evertonfc.cz\/index.php\/wp-json\/wp\/v2\/categories?post=5152"},{"taxonomy":"post_tag","embeddable":true,"href":"https:\/\/evertonfc.cz\/index.php\/wp-json\/wp\/v2\/tags?post=5152"}],"curies":[{"name":"wp","href":"https:\/\/api.w.org\/{rel}","templated":true}]}}