{"id":5154,"date":"2013-12-08T14:00:26","date_gmt":"2013-12-08T13:00:26","guid":{"rendered":"http:\/\/evertonfc.cz\/?p=5154"},"modified":"2019-02-14T14:01:09","modified_gmt":"2019-02-14T13:01:09","slug":"arsenal-everton-11","status":"publish","type":"post","link":"https:\/\/evertonfc.cz\/index.php\/2013\/12\/08\/arsenal-everton-11\/","title":{"rendered":"Arsenal &#8211; Everton 1:1"},"content":{"rendered":"<h4 id=\"NewsPostDetailSummary\">I v dal\u0161\u00edm poveden\u00e9m a nervy dr\u00e1saj\u00edc\u00edm st\u0159etnut\u00ed v tomto t\u00fddnu nevy\u0161el Everton napr\u00e1zdno, cennou rem\u00edzu z Emirates za\u0159\u00eddil v 84. minut\u011b st\u0159\u00eddaj\u00edc\u00ed Gerard Deulofeu.<\/h4>\n<div id=\"NewsPostDetailContent\">\n<p>Toffees v nezm\u011bn\u011bn\u00e9 sestav\u011b sv\u00e9ho soupe\u0159e od prvn\u00ed minuty zasko\u010dili, dob\u0159e kombinovali a \u010dast\u011bji dr\u017eeli m\u00ed\u010d na kopa\u010dk\u00e1ch, jen\u017ee p\u0159evahu nedok\u00e1zali zu\u017eitkovat v g\u00f3l, \u010di v\u016fbec nad\u011bjn\u011bj\u0161\u00ed p\u0159\u00edle\u017eitost. Akce Mirallase a Colemana postr\u00e1daly p\u0159esnost.<\/p>\n<p>Arsenal se probral v z\u00e1v\u011bru polo\u010dasu a hned prov\u011b\u0159il Howarda, ten se vyznamenal proti Aaronu Ramseymu a Olivieru Giroudovi. Tak\u00e9 po p\u0159est\u00e1vce se o slovo hned p\u0159ihl\u00e1sil ligov\u00fd l\u00eddr, povedenou kombinaci \u00d6zila s Wilsherem zakon\u010dil Cazorla slabou hlavi\u010dkou do prostoru branka\u0159e.<\/p>\n<p>Everton odpov\u011bd\u011bl rychl\u00fdm a p\u011bkn\u00fdm proti\u00fatokem, na jeho\u017e konci po Barkleyho p\u0159i\u0165uknut\u00ed Pienaar poprv\u00e9 v utk\u00e1n\u00ed zam\u011bstnal Szcz\u0119snyho. A hra se op\u011bt p\u0159esunula na druh\u00fd konec h\u0159i\u0161t\u011b, Howard vyr\u00e1\u017eel Ramseyho pokus z \u00fahlu.<\/p>\n<p>V\u00fdborn\u011b se prezentoval Barkley, reprezenta\u010dn\u00edho tren\u00e9ra Roye Hodgsona v hledi\u0161ti ur\u010dit\u011b zaujal, po nedorozum\u011bn\u00ed v defenziv\u011b Gunners mu potom g\u00f3lovou radost p\u0159ekazila jen p\u0159esn\u011bji um\u00edst\u011bn\u00e1 st\u0159ela ne\u017e doprost\u0159ed br\u00e1ny. Flaminimu i Mirallasovi n\u00e1sledn\u011b chyb\u011blo k dokonalosti n\u011bkolik decimetr\u016f, st\u0159eleck\u00e1 sm\u016fla tak ustala a\u017e v 80. minut\u011b. Walcott hlavi\u010dkou posunul do prostoru mal\u00e9ho v\u00e1pna p\u0159esn\u00e9 Rosick\u00e9ho p\u0159enesen\u00ed hry, Giroud prom\u00e1chl a \u00d6zil zbl\u00edzka u\u017e prost\u011b musel sk\u00f3rovat &#8211;\u00a0<strong>1:0<\/strong>.<\/p>\n<p>Na\u0161t\u011bst\u00ed Roberto Mart\u00ednez zvedl z lavi\u010dky barcelonsk\u00fd talent, kter\u00fd se uk\u00e1zal v pln\u00e9 kr\u00e1se po \u010dty\u0159ech minut\u00e1ch na hrac\u00ed plo\u0161e. V pokutov\u00e9m \u00fazem\u00ed si Deulofeu zpracoval centr, rychle se uvolnil a ranou netradi\u010dn\u00ed trajektorie vyrovnal &#8211;\u00a0<strong>1:1<\/strong>.<\/p>\n<p>V z\u00e1v\u011bru se oba t\u00fdmy dostaly do posledn\u00ed \u0161ance, proti Lukakovi zachra\u0148oval v\u010dasn\u00fdm vyb\u011bhnut\u00edm Szcz\u0119sny a pro zm\u011bnu dom\u00e1c\u00ed bombar\u010f\u00e1k Giroud v posledn\u00edch vte\u0159in\u00e1ch dalekonosnou st\u0159elou hlasit\u011b zazvonil na ty\u010d.<\/p>\n<p>Highlights naleznete na\u00a0<a href=\"http:\/\/www.evertonfc.com\/evertontv\/home\/9684\" target=\"_blank\" rel=\"noopener\">ofici\u00e1ln\u00edch str\u00e1nk\u00e1ch<\/a>\u00a0nebo\u00a0<a href=\"http:\/\/www.dailymotion.com\/video\/x185zna_arsenal-1-1-everton-highlight-08-12-2013_sport\" target=\"_blank\" rel=\"noopener\">zde<\/a>.<\/p>\n<p><strong>Branky:<\/strong>\u00a080. Mesut \u00d6zil &#8211; 84. Gerard Deulofeu<br \/>\n<strong>\u017dK:<\/strong>\u00a043. Gareth Barry, 61. James McCarthy, 77. Tim Howard, 89. Gerard Deulofeu<br \/>\n<strong>Arsenal FC:<\/strong>\u00a0Wojciech Szcz\u0119sny, Per Mertesacker, Laurent Koscielny, Carl Jenkinson, Kieran Gibbs, Mikel Arteta, Jack Wilshere (68. Mathieu Flamini), Mesut \u00d6zil, Aaron Ramsey (68. Tom\u00e1\u0161 Rosick\u00fd), Santi Cazorla (68. Theo Walcott), Olivier Giroud<br \/>\n<strong>Everton FC:<\/strong>\u00a0Tim Howard, Phil Jagielka, Bryan Oviedo, Sylvain Distin, S\u00e9amus Coleman, Kevin Mirallas (80. Gerard Deulofeu), James McCarthy, Gareth Barry, Ross Barkley (90+3. Steven Naismith), Steven Pienaar (71. Leon Osman), Romelu Lukaku<br \/>\n<strong>Rozhod\u010d\u00ed:<\/strong>\u00a0Howard Webb<br \/>\n<strong>Div\u00e1ci:<\/strong>\u00a060 001<\/p>\n<\/div>\n","protected":false},"excerpt":{"rendered":"<p>I v dal\u0161\u00edm poveden\u00e9m a nervy dr\u00e1saj\u00edc\u00edm st\u0159etnut\u00ed v tomto t\u00fddnu nevy\u0161el Everton napr\u00e1zdno, cennou rem\u00edzu z Emirates za\u0159\u00eddil v&hellip;<\/p>\n","protected":false},"author":6,"featured_media":1315,"comment_status":"open","ping_status":"closed","sticky":false,"template":"","format":"standard","meta":{"_eb_attr":"","_monsterinsights_skip_tracking":false,"_monsterinsights_sitenote_active":false,"_monsterinsights_sitenote_note":"","_monsterinsights_sitenote_category":0,"footnotes":""},"categories":[4],"tags":[],"yoast_head":"<!-- This site is optimized with the Yoast SEO plugin v23.4 - https:\/\/yoast.com\/wordpress\/plugins\/seo\/ -->\n<title>Arsenal - Everton 1:1 - Official Czech &amp; Slovak Everton Supporters&#039; Club<\/title>\n<meta name=\"robots\" content=\"index, follow, max-snippet:-1, max-image-preview:large, max-video-preview:-1\" \/>\n<link rel=\"canonical\" href=\"https:\/\/evertonfc.cz\/index.php\/2013\/12\/08\/arsenal-everton-11\/\" \/>\n<meta property=\"og:locale\" content=\"cs_CZ\" \/>\n<meta property=\"og:type\" content=\"article\" \/>\n<meta property=\"og:title\" content=\"Arsenal - Everton 1:1 - Official Czech &amp; Slovak Everton Supporters&#039; Club\" \/>\n<meta property=\"og:description\" content=\"I v dal\u0161\u00edm poveden\u00e9m a nervy dr\u00e1saj\u00edc\u00edm st\u0159etnut\u00ed v tomto t\u00fddnu nevy\u0161el Everton napr\u00e1zdno, cennou rem\u00edzu z Emirates za\u0159\u00eddil v&hellip;\" \/>\n<meta property=\"og:url\" content=\"https:\/\/evertonfc.cz\/index.php\/2013\/12\/08\/arsenal-everton-11\/\" \/>\n<meta property=\"og:site_name\" content=\"Official Czech &amp; Slovak Everton Supporters&#039; Club\" \/>\n<meta property=\"article:publisher\" content=\"https:\/\/www.facebook.com\/everton.fans.cz.sk\" \/>\n<meta property=\"article:published_time\" content=\"2013-12-08T13:00:26+00:00\" \/>\n<meta property=\"article:modified_time\" content=\"2019-02-14T13:01:09+00:00\" \/>\n<meta property=\"og:image\" content=\"https:\/\/evertonfc.cz\/wp-content\/uploads\/2019\/01\/report.jpg\" \/>\n\t<meta property=\"og:image:width\" content=\"720\" \/>\n\t<meta property=\"og:image:height\" content=\"405\" \/>\n\t<meta property=\"og:image:type\" content=\"image\/jpeg\" \/>\n<meta name=\"author\" content=\"Ri\u010di\" \/>\n<meta name=\"twitter:card\" content=\"summary_large_image\" \/>\n<meta name=\"twitter:creator\" content=\"@rbrejsa\" \/>\n<meta name=\"twitter:label1\" content=\"Napsal(a)\" \/>\n\t<meta name=\"twitter:data1\" content=\"Ri\u010di\" \/>\n\t<meta name=\"twitter:label2\" content=\"Odhadovan\u00e1 doba \u010dten\u00ed\" \/>\n\t<meta name=\"twitter:data2\" content=\"2 minuty\" \/>\n<script type=\"application\/ld+json\" class=\"yoast-schema-graph\">{\"@context\":\"https:\/\/schema.org\",\"@graph\":[{\"@type\":\"Article\",\"@id\":\"https:\/\/evertonfc.cz\/index.php\/2013\/12\/08\/arsenal-everton-11\/#article\",\"isPartOf\":{\"@id\":\"https:\/\/evertonfc.cz\/index.php\/2013\/12\/08\/arsenal-everton-11\/\"},\"author\":{\"name\":\"Ri\u010di\",\"@id\":\"https:\/\/evertonfc.cz\/#\/schema\/person\/f7a5daedb2ffee98480bc70e191aaef1\"},\"headline\":\"Arsenal &#8211; Everton 1:1\",\"datePublished\":\"2013-12-08T13:00:26+00:00\",\"dateModified\":\"2019-02-14T13:01:09+00:00\",\"mainEntityOfPage\":{\"@id\":\"https:\/\/evertonfc.cz\/index.php\/2013\/12\/08\/arsenal-everton-11\/\"},\"wordCount\":480,\"commentCount\":0,\"publisher\":{\"@id\":\"https:\/\/evertonfc.cz\/#organization\"},\"image\":{\"@id\":\"https:\/\/evertonfc.cz\/index.php\/2013\/12\/08\/arsenal-everton-11\/#primaryimage\"},\"thumbnailUrl\":\"https:\/\/evertonfc.cz\/wp-content\/uploads\/2019\/01\/report.jpg\",\"articleSection\":[\"Z\u00e1pasy\"],\"inLanguage\":\"cs\",\"potentialAction\":[{\"@type\":\"CommentAction\",\"name\":\"Comment\",\"target\":[\"https:\/\/evertonfc.cz\/index.php\/2013\/12\/08\/arsenal-everton-11\/#respond\"]}]},{\"@type\":\"WebPage\",\"@id\":\"https:\/\/evertonfc.cz\/index.php\/2013\/12\/08\/arsenal-everton-11\/\",\"url\":\"https:\/\/evertonfc.cz\/index.php\/2013\/12\/08\/arsenal-everton-11\/\",\"name\":\"Arsenal - Everton 1:1 - Official Czech &amp; Slovak Everton Supporters&#039; Club\",\"isPartOf\":{\"@id\":\"https:\/\/evertonfc.cz\/#website\"},\"primaryImageOfPage\":{\"@id\":\"https:\/\/evertonfc.cz\/index.php\/2013\/12\/08\/arsenal-everton-11\/#primaryimage\"},\"image\":{\"@id\":\"https:\/\/evertonfc.cz\/index.php\/2013\/12\/08\/arsenal-everton-11\/#primaryimage\"},\"thumbnailUrl\":\"https:\/\/evertonfc.cz\/wp-content\/uploads\/2019\/01\/report.jpg\",\"datePublished\":\"2013-12-08T13:00:26+00:00\",\"dateModified\":\"2019-02-14T13:01:09+00:00\",\"breadcrumb\":{\"@id\":\"https:\/\/evertonfc.cz\/index.php\/2013\/12\/08\/arsenal-everton-11\/#breadcrumb\"},\"inLanguage\":\"cs\",\"potentialAction\":[{\"@type\":\"ReadAction\",\"target\":[\"https:\/\/evertonfc.cz\/index.php\/2013\/12\/08\/arsenal-everton-11\/\"]}]},{\"@type\":\"ImageObject\",\"inLanguage\":\"cs\",\"@id\":\"https:\/\/evertonfc.cz\/index.php\/2013\/12\/08\/arsenal-everton-11\/#primaryimage\",\"url\":\"https:\/\/evertonfc.cz\/wp-content\/uploads\/2019\/01\/report.jpg\",\"contentUrl\":\"https:\/\/evertonfc.cz\/wp-content\/uploads\/2019\/01\/report.jpg\",\"width\":720,\"height\":405},{\"@type\":\"BreadcrumbList\",\"@id\":\"https:\/\/evertonfc.cz\/index.php\/2013\/12\/08\/arsenal-everton-11\/#breadcrumb\",\"itemListElement\":[{\"@type\":\"ListItem\",\"position\":1,\"name\":\"Home\",\"item\":\"https:\/\/evertonfc.cz\/\"},{\"@type\":\"ListItem\",\"position\":2,\"name\":\"Arsenal &#8211; Everton 1:1\"}]},{\"@type\":\"WebSite\",\"@id\":\"https:\/\/evertonfc.cz\/#website\",\"url\":\"https:\/\/evertonfc.cz\/\",\"name\":\"Official Czech &amp; Slovak Everton Supporters&#039; Club\",\"description\":\"\",\"publisher\":{\"@id\":\"https:\/\/evertonfc.cz\/#organization\"},\"potentialAction\":[{\"@type\":\"SearchAction\",\"target\":{\"@type\":\"EntryPoint\",\"urlTemplate\":\"https:\/\/evertonfc.cz\/?s={search_term_string}\"},\"query-input\":{\"@type\":\"PropertyValueSpecification\",\"valueRequired\":true,\"valueName\":\"search_term_string\"}}],\"inLanguage\":\"cs\"},{\"@type\":\"Organization\",\"@id\":\"https:\/\/evertonfc.cz\/#organization\",\"name\":\"Official Czech & Slovak Everton Supporters' Club\",\"url\":\"https:\/\/evertonfc.cz\/\",\"logo\":{\"@type\":\"ImageObject\",\"inLanguage\":\"cs\",\"@id\":\"https:\/\/evertonfc.cz\/#\/schema\/logo\/image\/\",\"url\":\"https:\/\/evertonfc.cz\/wp-content\/uploads\/2019\/05\/logo.png\",\"contentUrl\":\"https:\/\/evertonfc.cz\/wp-content\/uploads\/2019\/05\/logo.png\",\"width\":112,\"height\":112,\"caption\":\"Official Czech & Slovak Everton Supporters' Club\"},\"image\":{\"@id\":\"https:\/\/evertonfc.cz\/#\/schema\/logo\/image\/\"},\"sameAs\":[\"https:\/\/www.facebook.com\/everton.fans.cz.sk\"]},{\"@type\":\"Person\",\"@id\":\"https:\/\/evertonfc.cz\/#\/schema\/person\/f7a5daedb2ffee98480bc70e191aaef1\",\"name\":\"Ri\u010di\",\"sameAs\":[\"https:\/\/x.com\/rbrejsa\"],\"url\":\"https:\/\/evertonfc.cz\/index.php\/author\/rici\/\"}]}<\/script>\n<!-- \/ Yoast SEO plugin. -->","yoast_head_json":{"title":"Arsenal - Everton 1:1 - Official Czech &amp; Slovak Everton Supporters&#039; Club","robots":{"index":"index","follow":"follow","max-snippet":"max-snippet:-1","max-image-preview":"max-image-preview:large","max-video-preview":"max-video-preview:-1"},"canonical":"https:\/\/evertonfc.cz\/index.php\/2013\/12\/08\/arsenal-everton-11\/","og_locale":"cs_CZ","og_type":"article","og_title":"Arsenal - Everton 1:1 - Official Czech &amp; Slovak Everton Supporters&#039; Club","og_description":"I v dal\u0161\u00edm poveden\u00e9m a nervy dr\u00e1saj\u00edc\u00edm st\u0159etnut\u00ed v tomto t\u00fddnu nevy\u0161el Everton napr\u00e1zdno, cennou rem\u00edzu z Emirates za\u0159\u00eddil v&hellip;","og_url":"https:\/\/evertonfc.cz\/index.php\/2013\/12\/08\/arsenal-everton-11\/","og_site_name":"Official Czech &amp; Slovak Everton Supporters&#039; Club","article_publisher":"https:\/\/www.facebook.com\/everton.fans.cz.sk","article_published_time":"2013-12-08T13:00:26+00:00","article_modified_time":"2019-02-14T13:01:09+00:00","og_image":[{"width":720,"height":405,"url":"https:\/\/evertonfc.cz\/wp-content\/uploads\/2019\/01\/report.jpg","type":"image\/jpeg"}],"author":"Ri\u010di","twitter_card":"summary_large_image","twitter_creator":"@rbrejsa","twitter_misc":{"Napsal(a)":"Ri\u010di","Odhadovan\u00e1 doba \u010dten\u00ed":"2 minuty"},"schema":{"@context":"https:\/\/schema.org","@graph":[{"@type":"Article","@id":"https:\/\/evertonfc.cz\/index.php\/2013\/12\/08\/arsenal-everton-11\/#article","isPartOf":{"@id":"https:\/\/evertonfc.cz\/index.php\/2013\/12\/08\/arsenal-everton-11\/"},"author":{"name":"Ri\u010di","@id":"https:\/\/evertonfc.cz\/#\/schema\/person\/f7a5daedb2ffee98480bc70e191aaef1"},"headline":"Arsenal &#8211; Everton 1:1","datePublished":"2013-12-08T13:00:26+00:00","dateModified":"2019-02-14T13:01:09+00:00","mainEntityOfPage":{"@id":"https:\/\/evertonfc.cz\/index.php\/2013\/12\/08\/arsenal-everton-11\/"},"wordCount":480,"commentCount":0,"publisher":{"@id":"https:\/\/evertonfc.cz\/#organization"},"image":{"@id":"https:\/\/evertonfc.cz\/index.php\/2013\/12\/08\/arsenal-everton-11\/#primaryimage"},"thumbnailUrl":"https:\/\/evertonfc.cz\/wp-content\/uploads\/2019\/01\/report.jpg","articleSection":["Z\u00e1pasy"],"inLanguage":"cs","potentialAction":[{"@type":"CommentAction","name":"Comment","target":["https:\/\/evertonfc.cz\/index.php\/2013\/12\/08\/arsenal-everton-11\/#respond"]}]},{"@type":"WebPage","@id":"https:\/\/evertonfc.cz\/index.php\/2013\/12\/08\/arsenal-everton-11\/","url":"https:\/\/evertonfc.cz\/index.php\/2013\/12\/08\/arsenal-everton-11\/","name":"Arsenal - Everton 1:1 - Official Czech &amp; Slovak Everton Supporters&#039; Club","isPartOf":{"@id":"https:\/\/evertonfc.cz\/#website"},"primaryImageOfPage":{"@id":"https:\/\/evertonfc.cz\/index.php\/2013\/12\/08\/arsenal-everton-11\/#primaryimage"},"image":{"@id":"https:\/\/evertonfc.cz\/index.php\/2013\/12\/08\/arsenal-everton-11\/#primaryimage"},"thumbnailUrl":"https:\/\/evertonfc.cz\/wp-content\/uploads\/2019\/01\/report.jpg","datePublished":"2013-12-08T13:00:26+00:00","dateModified":"2019-02-14T13:01:09+00:00","breadcrumb":{"@id":"https:\/\/evertonfc.cz\/index.php\/2013\/12\/08\/arsenal-everton-11\/#breadcrumb"},"inLanguage":"cs","potentialAction":[{"@type":"ReadAction","target":["https:\/\/evertonfc.cz\/index.php\/2013\/12\/08\/arsenal-everton-11\/"]}]},{"@type":"ImageObject","inLanguage":"cs","@id":"https:\/\/evertonfc.cz\/index.php\/2013\/12\/08\/arsenal-everton-11\/#primaryimage","url":"https:\/\/evertonfc.cz\/wp-content\/uploads\/2019\/01\/report.jpg","contentUrl":"https:\/\/evertonfc.cz\/wp-content\/uploads\/2019\/01\/report.jpg","width":720,"height":405},{"@type":"BreadcrumbList","@id":"https:\/\/evertonfc.cz\/index.php\/2013\/12\/08\/arsenal-everton-11\/#breadcrumb","itemListElement":[{"@type":"ListItem","position":1,"name":"Home","item":"https:\/\/evertonfc.cz\/"},{"@type":"ListItem","position":2,"name":"Arsenal &#8211; Everton 1:1"}]},{"@type":"WebSite","@id":"https:\/\/evertonfc.cz\/#website","url":"https:\/\/evertonfc.cz\/","name":"Official Czech &amp; Slovak Everton Supporters&#039; Club","description":"","publisher":{"@id":"https:\/\/evertonfc.cz\/#organization"},"potentialAction":[{"@type":"SearchAction","target":{"@type":"EntryPoint","urlTemplate":"https:\/\/evertonfc.cz\/?s={search_term_string}"},"query-input":{"@type":"PropertyValueSpecification","valueRequired":true,"valueName":"search_term_string"}}],"inLanguage":"cs"},{"@type":"Organization","@id":"https:\/\/evertonfc.cz\/#organization","name":"Official Czech & Slovak Everton Supporters' Club","url":"https:\/\/evertonfc.cz\/","logo":{"@type":"ImageObject","inLanguage":"cs","@id":"https:\/\/evertonfc.cz\/#\/schema\/logo\/image\/","url":"https:\/\/evertonfc.cz\/wp-content\/uploads\/2019\/05\/logo.png","contentUrl":"https:\/\/evertonfc.cz\/wp-content\/uploads\/2019\/05\/logo.png","width":112,"height":112,"caption":"Official Czech & Slovak Everton Supporters' Club"},"image":{"@id":"https:\/\/evertonfc.cz\/#\/schema\/logo\/image\/"},"sameAs":["https:\/\/www.facebook.com\/everton.fans.cz.sk"]},{"@type":"Person","@id":"https:\/\/evertonfc.cz\/#\/schema\/person\/f7a5daedb2ffee98480bc70e191aaef1","name":"Ri\u010di","sameAs":["https:\/\/x.com\/rbrejsa"],"url":"https:\/\/evertonfc.cz\/index.php\/author\/rici\/"}]}},"_links":{"self":[{"href":"https:\/\/evertonfc.cz\/index.php\/wp-json\/wp\/v2\/posts\/5154"}],"collection":[{"href":"https:\/\/evertonfc.cz\/index.php\/wp-json\/wp\/v2\/posts"}],"about":[{"href":"https:\/\/evertonfc.cz\/index.php\/wp-json\/wp\/v2\/types\/post"}],"author":[{"embeddable":true,"href":"https:\/\/evertonfc.cz\/index.php\/wp-json\/wp\/v2\/users\/6"}],"replies":[{"embeddable":true,"href":"https:\/\/evertonfc.cz\/index.php\/wp-json\/wp\/v2\/comments?post=5154"}],"version-history":[{"count":1,"href":"https:\/\/evertonfc.cz\/index.php\/wp-json\/wp\/v2\/posts\/5154\/revisions"}],"predecessor-version":[{"id":5155,"href":"https:\/\/evertonfc.cz\/index.php\/wp-json\/wp\/v2\/posts\/5154\/revisions\/5155"}],"wp:featuredmedia":[{"embeddable":true,"href":"https:\/\/evertonfc.cz\/index.php\/wp-json\/wp\/v2\/media\/1315"}],"wp:attachment":[{"href":"https:\/\/evertonfc.cz\/index.php\/wp-json\/wp\/v2\/media?parent=5154"}],"wp:term":[{"taxonomy":"category","embeddable":true,"href":"https:\/\/evertonfc.cz\/index.php\/wp-json\/wp\/v2\/categories?post=5154"},{"taxonomy":"post_tag","embeddable":true,"href":"https:\/\/evertonfc.cz\/index.php\/wp-json\/wp\/v2\/tags?post=5154"}],"curies":[{"name":"wp","href":"https:\/\/api.w.org\/{rel}","templated":true}]}}