{"id":5156,"date":"2013-12-07T14:01:34","date_gmt":"2013-12-07T13:01:34","guid":{"rendered":"http:\/\/evertonfc.cz\/?p=5156"},"modified":"2021-04-25T16:43:55","modified_gmt":"2021-04-25T14:43:55","slug":"preview-arsenal-everton-8","status":"publish","type":"post","link":"https:\/\/evertonfc.cz\/index.php\/2013\/12\/07\/preview-arsenal-everton-8\/","title":{"rendered":"Preview: Arsenal &#8211; Everton"},"content":{"rendered":"<h4 id=\"NewsPostDetailSummary\"><em>\u201eJsme p\u0159ipraven\u00ed,\u201c \u00a0<\/em>hl\u00e1s\u00ed p\u0159ed z\u00e1pasem na Arsenalu Roberto Mart\u00ednez. A na z\u00e1klad\u011b leto\u0161n\u00edch v\u00fdsledk\u016f jeho slov\u016fm jen m\u00e1lokdo nev\u011b\u0159\u00ed, mohou ale Toffees usp\u011bt tak\u00e9 proti l\u00eddrovi Premier League?<\/h4>\n<div id=\"NewsPostDetailContent\">\n<p>Moment\u00e1ln\u00ed p\u0159ekvapiv\u00fd, p\u0159esto zcela zaslou\u017een\u00fd ligov\u00fd vl\u00e1dce versus \u010dern\u00fd k\u016f\u0148 sout\u011b\u017ee. Tak by se dal popsat ned\u011bln\u00ed odpoledn\u00ed duel na Emirates, k n\u011bmu\u017e Evertonians vzhl\u00ed\u017eej\u00ed s optimismem. Jak by ne, st\u0159ede\u010dn\u00ed v\u00edt\u011bzstv\u00ed na Old Trafford k tomu d\u00e1v\u00e1 jasn\u00fd podn\u011bt.<\/p>\n<p>Jen\u017ee Gunners jsou v aktu\u00e1ln\u00edm ro\u010dn\u00edku v Anglii \u010d. 1 a Ars\u00e8ne Wenger si vychutn\u00e1v\u00e1 zaslou\u017een\u00fdch pochval. \u010cty\u0159ia\u0161edes\u00e1tilet\u00fd mana\u017eer na Deadline Day \u0161okoval fotbalov\u00fd sv\u011bt, kdy\u017e za klubov\u00fd rekord v hodnot\u011b \u00a342,5m koupil Mesuta \u00d6zila, \u0161pi\u010dkov\u00e9 tv\u016frce hry. N\u011bmeck\u00fd reprezentant zat\u00edm potvrzuje sv\u00e9 kvality, a co je d\u016fle\u017eit\u00e9, ostatn\u00ed spoluhr\u00e1\u010di mu v\u00edce ne\u017e zdatn\u011b sekunduj\u00ed, d\u00edky \u010demu\u017e Arsenal p\u0159edv\u00e1d\u00ed kompaktn\u00ed t\u00fdmovou pod\u00edvanou oko\u0159en\u011bnou o individu\u00e1ln\u00ed kvality. Ligov\u00fd titul AFC slavil naposledy p\u0159ed 10 lety, vyn\u00e1\u0161et p\u0159ed\u010dasn\u00e9 soudy na za\u010d\u00e1tku prosince by bylo po\u0161etil\u00e9, ov\u0161em minim\u00e1ln\u011b o jednom kandid\u00e1tovi bych v\u011bd\u011bl\u2026<\/p>\n<p>Ti lep\u0161\u00ed Merseysiders (samoz\u0159ejm\u011b my\u0161len Everton \u2013 pozn. redakce) odcestovali do Lond\u00fdna s c\u00edlem p\u0159edv\u00e9st dal\u0161\u00ed sebev\u011bdom\u00fd v\u00fdkon. Ot\u00e1zkou z\u016fst\u00e1v\u00e1, jak na tom hr\u00e1\u010di budou po fyzick\u00e9 str\u00e1nce po st\u0159etnut\u00ed s Manchesterem United uprost\u0159ed t\u00fddne, zvl\u00e1\u0161t\u011b bereme-li v \u00favahu, \u017ee Mart\u00ednez jen t\u011b\u017eko zm\u011bn\u00ed v\u00edt\u011bznou z\u00e1kladn\u00ed sestavu. V tom bude m\u00edt Arsenal v\u00fdhodu, proti Hullu vynechal z obvykl\u00e9 \u00favodn\u00ed jeden\u00e1ctky Gibbse, Wilshera, Artetu a Girouda.<\/p>\n<h4><strong>Z\u00e1pasov\u00e1 fakta<\/strong><\/h4>\n<p>Vz\u00e1jemn\u00e1<br \/>\n\u2022 Arsenal neprohr\u00e1l v posledn\u00edch 12 ligov\u00fdch kl\u00e1n\u00ed (8 v\u00fdher, 4 rem\u00edzy), v lo\u0148sk\u00e9 sez\u00f3n\u011b oba duely skon\u010dily rem\u00edzou<br \/>\n\u2022 Toffees nevyhr\u00e1li na h\u0159i\u0161ti Arsenalu od ledna roku 1996, kdy dobyli Highbury v\u00fdsledkem 2:1, pot\u00e9 v 17 n\u00e1v\u0161t\u011bv\u00e1ch na Arsenalu odjeli s pr\u00e1zdnou hned 14x, t\u0159ikr\u00e1t remizovali<br \/>\n\u2022 v posledn\u00edch \u010dty\u0159ech souboj\u00edch v Premier League padly \u010dty\u0159i branky.<\/p>\n<p>Arsenal<br \/>\n\u2022 1. m\u00edsto s 34 body, sk\u00f3re 29:10<br \/>\n\u2022 z posledn\u00edch \u0161esti kol z\u00edskal nejv\u00edce bod\u016f ze v\u0161ech celk\u016f ligy za 5 v\u00fdher a rem\u00edzu<br \/>\n\u2022 udr\u017eel \u010dist\u00e9 konto \u0161estkr\u00e1t v posledn\u00edch sedmi z\u00e1pasech<br \/>\n\u2022 Mesut \u00d6zil v 11 ligov\u00fdch kolech sk\u00f3roval t\u0159ikr\u00e1t a zaznamenal \u0161est asistenc\u00ed.<\/p>\n<p>Everton<br \/>\n\u2022 5. m\u00edsto s 27 body, sk\u00f3re 22:13<br \/>\n\u2022 dr\u017e\u00ed s\u00e9rii sedmi ligov\u00fdch st\u0159etnut\u00ed bez po\u0159\u00e1\u017eky (4 v\u00fdhry, 3 rem\u00edzy)<br \/>\n\u2022 t\u0159i \u010dist\u00e1 konta v \u0159ad\u011b z venkovn\u00edch z\u00e1pas\u016f si p\u0159ipsal poprv\u00e9 od kv\u011btna roku 2009<br \/>\n\u2022 celkem obr\u00e1nci Toffees vst\u0159elili \u0161est g\u00f3l\u016f, jsou nejproduktivn\u011bj\u0161\u00ed v Premier League.<\/p>\n<h4><strong>T\u00fdmov\u00e9 novinky<\/strong><\/h4>\n<p>Bacary Sagna, Abou Diaby, Ryo Miyachi, Alex Oxlade-Chamberlain, Yaya Sanogo chyb\u00ed pro zdravotn\u00ed probl\u00e9my. Lukas Podolski se po zran\u011bn\u00ed stehenn\u00ed svalu mus\u00ed zat\u00edm spokojit pouze s tr\u00e9ninkovou z\u00e1t\u011b\u017e\u00ed.<\/p>\n<p><strong>Arsenal:<\/strong> Fabianski, Szczesny, Gibbs, Jenkinson, Koscielny, Mertesacker, Monreal, Vermaelen, Flamini, Arteta, Cazorla, Flamini, Gnabry, Ozil, Ramsey, Rosick\u00fd, Wilshere, Bendtner, Giroud, Park, Walcott.<\/p>\n<p>U Blues trojici na marodce Leighton Baines, Arouna Kon\u00e9 a Darron Gibson nikdo neroz\u0161\u00ed\u0159il.<\/p>\n<p><strong>Everton:<\/strong> Howard, Robles, Alcaraz, Coleman, Distin, Heitinga, Hibbert, Jagielka, Oviedo, Stones, Barkley, Barry, McCarthy, Osman, Pienaar, Deulofeu, Jelavic, Lukaku, Mirallas, Naismith, Vellios.<\/p>\n<p><strong>Co:<\/strong>\u00a0Arsenal FC &#8211; Everton FC, 15. kolo Premier League<br \/>\n<strong>Kdy:<\/strong>\u00a008. 12. 2013 od 17:00 SE\u010c<br \/>\n<strong>Kde:<\/strong>\u00a0Emirates Stadium, Holloway, Lond\u00fdn (kapacita: 60 361)<br \/>\n<strong>Rozhod\u010d\u00ed:<\/strong>\u00a0Howard Webb<\/p>\n<\/div>\n","protected":false},"excerpt":{"rendered":"<p>\u201eJsme p\u0159ipraven\u00ed,\u201c \u00a0hl\u00e1s\u00ed p\u0159ed z\u00e1pasem na Arsenalu Roberto Mart\u00ednez. A na z\u00e1klad\u011b leto\u0161n\u00edch v\u00fdsledk\u016f jeho slov\u016fm jen m\u00e1lokdo nev\u011b\u0159\u00ed, mohou ale Toffees usp\u011bt tak\u00e9 proti l\u00eddrovi Premier League?<\/p>\n","protected":false},"author":6,"featured_media":15084,"comment_status":"open","ping_status":"closed","sticky":false,"template":"","format":"standard","meta":{"_eb_attr":"","_monsterinsights_skip_tracking":false,"_monsterinsights_sitenote_active":false,"_monsterinsights_sitenote_note":"","_monsterinsights_sitenote_category":0,"footnotes":""},"categories":[4],"tags":[],"yoast_head":"<!-- This site is optimized with the Yoast SEO plugin v23.4 - https:\/\/yoast.com\/wordpress\/plugins\/seo\/ -->\n<title>Preview: Arsenal - Everton - Official Czech &amp; Slovak Everton Supporters&#039; Club<\/title>\n<meta name=\"robots\" content=\"index, follow, max-snippet:-1, max-image-preview:large, max-video-preview:-1\" \/>\n<link rel=\"canonical\" href=\"https:\/\/evertonfc.cz\/index.php\/2013\/12\/07\/preview-arsenal-everton-8\/\" \/>\n<meta property=\"og:locale\" content=\"cs_CZ\" \/>\n<meta property=\"og:type\" content=\"article\" \/>\n<meta property=\"og:title\" content=\"Preview: Arsenal - Everton - Official Czech &amp; Slovak Everton Supporters&#039; Club\" \/>\n<meta property=\"og:description\" content=\"\u201eJsme p\u0159ipraven\u00ed,\u201c \u00a0hl\u00e1s\u00ed p\u0159ed z\u00e1pasem na Arsenalu Roberto Mart\u00ednez. A na z\u00e1klad\u011b leto\u0161n\u00edch v\u00fdsledk\u016f jeho slov\u016fm jen m\u00e1lokdo nev\u011b\u0159\u00ed, mohou ale Toffees usp\u011bt tak\u00e9 proti l\u00eddrovi Premier League?\" \/>\n<meta property=\"og:url\" content=\"https:\/\/evertonfc.cz\/index.php\/2013\/12\/07\/preview-arsenal-everton-8\/\" \/>\n<meta property=\"og:site_name\" content=\"Official Czech &amp; Slovak Everton Supporters&#039; Club\" \/>\n<meta property=\"article:publisher\" content=\"https:\/\/www.facebook.com\/everton.fans.cz.sk\" \/>\n<meta property=\"article:published_time\" content=\"2013-12-07T13:01:34+00:00\" \/>\n<meta property=\"article:modified_time\" content=\"2021-04-25T14:43:55+00:00\" \/>\n<meta property=\"og:image\" content=\"https:\/\/evertonfc.cz\/wp-content\/uploads\/2021\/04\/Arsenal-VS-Everton.jpg\" \/>\n\t<meta property=\"og:image:width\" content=\"720\" \/>\n\t<meta property=\"og:image:height\" content=\"405\" \/>\n\t<meta property=\"og:image:type\" content=\"image\/jpeg\" \/>\n<meta name=\"author\" content=\"Ri\u010di\" \/>\n<meta name=\"twitter:card\" content=\"summary_large_image\" \/>\n<meta name=\"twitter:creator\" content=\"@rbrejsa\" \/>\n<meta name=\"twitter:label1\" content=\"Napsal(a)\" \/>\n\t<meta name=\"twitter:data1\" content=\"Ri\u010di\" \/>\n\t<meta name=\"twitter:label2\" content=\"Odhadovan\u00e1 doba \u010dten\u00ed\" \/>\n\t<meta name=\"twitter:data2\" content=\"3 minuty\" \/>\n<script type=\"application\/ld+json\" class=\"yoast-schema-graph\">{\"@context\":\"https:\/\/schema.org\",\"@graph\":[{\"@type\":\"Article\",\"@id\":\"https:\/\/evertonfc.cz\/index.php\/2013\/12\/07\/preview-arsenal-everton-8\/#article\",\"isPartOf\":{\"@id\":\"https:\/\/evertonfc.cz\/index.php\/2013\/12\/07\/preview-arsenal-everton-8\/\"},\"author\":{\"name\":\"Ri\u010di\",\"@id\":\"https:\/\/evertonfc.cz\/#\/schema\/person\/f7a5daedb2ffee98480bc70e191aaef1\"},\"headline\":\"Preview: Arsenal &#8211; Everton\",\"datePublished\":\"2013-12-07T13:01:34+00:00\",\"dateModified\":\"2021-04-25T14:43:55+00:00\",\"mainEntityOfPage\":{\"@id\":\"https:\/\/evertonfc.cz\/index.php\/2013\/12\/07\/preview-arsenal-everton-8\/\"},\"wordCount\":625,\"commentCount\":0,\"publisher\":{\"@id\":\"https:\/\/evertonfc.cz\/#organization\"},\"image\":{\"@id\":\"https:\/\/evertonfc.cz\/index.php\/2013\/12\/07\/preview-arsenal-everton-8\/#primaryimage\"},\"thumbnailUrl\":\"https:\/\/evertonfc.cz\/wp-content\/uploads\/2021\/04\/Arsenal-VS-Everton.jpg\",\"articleSection\":[\"Z\u00e1pasy\"],\"inLanguage\":\"cs\",\"potentialAction\":[{\"@type\":\"CommentAction\",\"name\":\"Comment\",\"target\":[\"https:\/\/evertonfc.cz\/index.php\/2013\/12\/07\/preview-arsenal-everton-8\/#respond\"]}]},{\"@type\":\"WebPage\",\"@id\":\"https:\/\/evertonfc.cz\/index.php\/2013\/12\/07\/preview-arsenal-everton-8\/\",\"url\":\"https:\/\/evertonfc.cz\/index.php\/2013\/12\/07\/preview-arsenal-everton-8\/\",\"name\":\"Preview: Arsenal - Everton - Official Czech &amp; Slovak Everton Supporters&#039; Club\",\"isPartOf\":{\"@id\":\"https:\/\/evertonfc.cz\/#website\"},\"primaryImageOfPage\":{\"@id\":\"https:\/\/evertonfc.cz\/index.php\/2013\/12\/07\/preview-arsenal-everton-8\/#primaryimage\"},\"image\":{\"@id\":\"https:\/\/evertonfc.cz\/index.php\/2013\/12\/07\/preview-arsenal-everton-8\/#primaryimage\"},\"thumbnailUrl\":\"https:\/\/evertonfc.cz\/wp-content\/uploads\/2021\/04\/Arsenal-VS-Everton.jpg\",\"datePublished\":\"2013-12-07T13:01:34+00:00\",\"dateModified\":\"2021-04-25T14:43:55+00:00\",\"breadcrumb\":{\"@id\":\"https:\/\/evertonfc.cz\/index.php\/2013\/12\/07\/preview-arsenal-everton-8\/#breadcrumb\"},\"inLanguage\":\"cs\",\"potentialAction\":[{\"@type\":\"ReadAction\",\"target\":[\"https:\/\/evertonfc.cz\/index.php\/2013\/12\/07\/preview-arsenal-everton-8\/\"]}]},{\"@type\":\"ImageObject\",\"inLanguage\":\"cs\",\"@id\":\"https:\/\/evertonfc.cz\/index.php\/2013\/12\/07\/preview-arsenal-everton-8\/#primaryimage\",\"url\":\"https:\/\/evertonfc.cz\/wp-content\/uploads\/2021\/04\/Arsenal-VS-Everton.jpg\",\"contentUrl\":\"https:\/\/evertonfc.cz\/wp-content\/uploads\/2021\/04\/Arsenal-VS-Everton.jpg\",\"width\":720,\"height\":405},{\"@type\":\"BreadcrumbList\",\"@id\":\"https:\/\/evertonfc.cz\/index.php\/2013\/12\/07\/preview-arsenal-everton-8\/#breadcrumb\",\"itemListElement\":[{\"@type\":\"ListItem\",\"position\":1,\"name\":\"Home\",\"item\":\"https:\/\/evertonfc.cz\/\"},{\"@type\":\"ListItem\",\"position\":2,\"name\":\"Preview: Arsenal &#8211; Everton\"}]},{\"@type\":\"WebSite\",\"@id\":\"https:\/\/evertonfc.cz\/#website\",\"url\":\"https:\/\/evertonfc.cz\/\",\"name\":\"Official Czech &amp; Slovak Everton Supporters&#039; Club\",\"description\":\"\",\"publisher\":{\"@id\":\"https:\/\/evertonfc.cz\/#organization\"},\"potentialAction\":[{\"@type\":\"SearchAction\",\"target\":{\"@type\":\"EntryPoint\",\"urlTemplate\":\"https:\/\/evertonfc.cz\/?s={search_term_string}\"},\"query-input\":{\"@type\":\"PropertyValueSpecification\",\"valueRequired\":true,\"valueName\":\"search_term_string\"}}],\"inLanguage\":\"cs\"},{\"@type\":\"Organization\",\"@id\":\"https:\/\/evertonfc.cz\/#organization\",\"name\":\"Official Czech & Slovak Everton Supporters' Club\",\"url\":\"https:\/\/evertonfc.cz\/\",\"logo\":{\"@type\":\"ImageObject\",\"inLanguage\":\"cs\",\"@id\":\"https:\/\/evertonfc.cz\/#\/schema\/logo\/image\/\",\"url\":\"https:\/\/evertonfc.cz\/wp-content\/uploads\/2019\/05\/logo.png\",\"contentUrl\":\"https:\/\/evertonfc.cz\/wp-content\/uploads\/2019\/05\/logo.png\",\"width\":112,\"height\":112,\"caption\":\"Official Czech & Slovak Everton Supporters' Club\"},\"image\":{\"@id\":\"https:\/\/evertonfc.cz\/#\/schema\/logo\/image\/\"},\"sameAs\":[\"https:\/\/www.facebook.com\/everton.fans.cz.sk\"]},{\"@type\":\"Person\",\"@id\":\"https:\/\/evertonfc.cz\/#\/schema\/person\/f7a5daedb2ffee98480bc70e191aaef1\",\"name\":\"Ri\u010di\",\"sameAs\":[\"https:\/\/x.com\/rbrejsa\"],\"url\":\"https:\/\/evertonfc.cz\/index.php\/author\/rici\/\"}]}<\/script>\n<!-- \/ Yoast SEO plugin. -->","yoast_head_json":{"title":"Preview: Arsenal - Everton - Official Czech &amp; Slovak Everton Supporters&#039; Club","robots":{"index":"index","follow":"follow","max-snippet":"max-snippet:-1","max-image-preview":"max-image-preview:large","max-video-preview":"max-video-preview:-1"},"canonical":"https:\/\/evertonfc.cz\/index.php\/2013\/12\/07\/preview-arsenal-everton-8\/","og_locale":"cs_CZ","og_type":"article","og_title":"Preview: Arsenal - Everton - Official Czech &amp; Slovak Everton Supporters&#039; Club","og_description":"\u201eJsme p\u0159ipraven\u00ed,\u201c \u00a0hl\u00e1s\u00ed p\u0159ed z\u00e1pasem na Arsenalu Roberto Mart\u00ednez. A na z\u00e1klad\u011b leto\u0161n\u00edch v\u00fdsledk\u016f jeho slov\u016fm jen m\u00e1lokdo nev\u011b\u0159\u00ed, mohou ale Toffees usp\u011bt tak\u00e9 proti l\u00eddrovi Premier League?","og_url":"https:\/\/evertonfc.cz\/index.php\/2013\/12\/07\/preview-arsenal-everton-8\/","og_site_name":"Official Czech &amp; Slovak Everton Supporters&#039; Club","article_publisher":"https:\/\/www.facebook.com\/everton.fans.cz.sk","article_published_time":"2013-12-07T13:01:34+00:00","article_modified_time":"2021-04-25T14:43:55+00:00","og_image":[{"width":720,"height":405,"url":"https:\/\/evertonfc.cz\/wp-content\/uploads\/2021\/04\/Arsenal-VS-Everton.jpg","type":"image\/jpeg"}],"author":"Ri\u010di","twitter_card":"summary_large_image","twitter_creator":"@rbrejsa","twitter_misc":{"Napsal(a)":"Ri\u010di","Odhadovan\u00e1 doba \u010dten\u00ed":"3 minuty"},"schema":{"@context":"https:\/\/schema.org","@graph":[{"@type":"Article","@id":"https:\/\/evertonfc.cz\/index.php\/2013\/12\/07\/preview-arsenal-everton-8\/#article","isPartOf":{"@id":"https:\/\/evertonfc.cz\/index.php\/2013\/12\/07\/preview-arsenal-everton-8\/"},"author":{"name":"Ri\u010di","@id":"https:\/\/evertonfc.cz\/#\/schema\/person\/f7a5daedb2ffee98480bc70e191aaef1"},"headline":"Preview: Arsenal &#8211; Everton","datePublished":"2013-12-07T13:01:34+00:00","dateModified":"2021-04-25T14:43:55+00:00","mainEntityOfPage":{"@id":"https:\/\/evertonfc.cz\/index.php\/2013\/12\/07\/preview-arsenal-everton-8\/"},"wordCount":625,"commentCount":0,"publisher":{"@id":"https:\/\/evertonfc.cz\/#organization"},"image":{"@id":"https:\/\/evertonfc.cz\/index.php\/2013\/12\/07\/preview-arsenal-everton-8\/#primaryimage"},"thumbnailUrl":"https:\/\/evertonfc.cz\/wp-content\/uploads\/2021\/04\/Arsenal-VS-Everton.jpg","articleSection":["Z\u00e1pasy"],"inLanguage":"cs","potentialAction":[{"@type":"CommentAction","name":"Comment","target":["https:\/\/evertonfc.cz\/index.php\/2013\/12\/07\/preview-arsenal-everton-8\/#respond"]}]},{"@type":"WebPage","@id":"https:\/\/evertonfc.cz\/index.php\/2013\/12\/07\/preview-arsenal-everton-8\/","url":"https:\/\/evertonfc.cz\/index.php\/2013\/12\/07\/preview-arsenal-everton-8\/","name":"Preview: Arsenal - Everton - Official Czech &amp; Slovak Everton Supporters&#039; Club","isPartOf":{"@id":"https:\/\/evertonfc.cz\/#website"},"primaryImageOfPage":{"@id":"https:\/\/evertonfc.cz\/index.php\/2013\/12\/07\/preview-arsenal-everton-8\/#primaryimage"},"image":{"@id":"https:\/\/evertonfc.cz\/index.php\/2013\/12\/07\/preview-arsenal-everton-8\/#primaryimage"},"thumbnailUrl":"https:\/\/evertonfc.cz\/wp-content\/uploads\/2021\/04\/Arsenal-VS-Everton.jpg","datePublished":"2013-12-07T13:01:34+00:00","dateModified":"2021-04-25T14:43:55+00:00","breadcrumb":{"@id":"https:\/\/evertonfc.cz\/index.php\/2013\/12\/07\/preview-arsenal-everton-8\/#breadcrumb"},"inLanguage":"cs","potentialAction":[{"@type":"ReadAction","target":["https:\/\/evertonfc.cz\/index.php\/2013\/12\/07\/preview-arsenal-everton-8\/"]}]},{"@type":"ImageObject","inLanguage":"cs","@id":"https:\/\/evertonfc.cz\/index.php\/2013\/12\/07\/preview-arsenal-everton-8\/#primaryimage","url":"https:\/\/evertonfc.cz\/wp-content\/uploads\/2021\/04\/Arsenal-VS-Everton.jpg","contentUrl":"https:\/\/evertonfc.cz\/wp-content\/uploads\/2021\/04\/Arsenal-VS-Everton.jpg","width":720,"height":405},{"@type":"BreadcrumbList","@id":"https:\/\/evertonfc.cz\/index.php\/2013\/12\/07\/preview-arsenal-everton-8\/#breadcrumb","itemListElement":[{"@type":"ListItem","position":1,"name":"Home","item":"https:\/\/evertonfc.cz\/"},{"@type":"ListItem","position":2,"name":"Preview: Arsenal &#8211; Everton"}]},{"@type":"WebSite","@id":"https:\/\/evertonfc.cz\/#website","url":"https:\/\/evertonfc.cz\/","name":"Official Czech &amp; Slovak Everton Supporters&#039; Club","description":"","publisher":{"@id":"https:\/\/evertonfc.cz\/#organization"},"potentialAction":[{"@type":"SearchAction","target":{"@type":"EntryPoint","urlTemplate":"https:\/\/evertonfc.cz\/?s={search_term_string}"},"query-input":{"@type":"PropertyValueSpecification","valueRequired":true,"valueName":"search_term_string"}}],"inLanguage":"cs"},{"@type":"Organization","@id":"https:\/\/evertonfc.cz\/#organization","name":"Official Czech & Slovak Everton Supporters' Club","url":"https:\/\/evertonfc.cz\/","logo":{"@type":"ImageObject","inLanguage":"cs","@id":"https:\/\/evertonfc.cz\/#\/schema\/logo\/image\/","url":"https:\/\/evertonfc.cz\/wp-content\/uploads\/2019\/05\/logo.png","contentUrl":"https:\/\/evertonfc.cz\/wp-content\/uploads\/2019\/05\/logo.png","width":112,"height":112,"caption":"Official Czech & Slovak Everton Supporters' Club"},"image":{"@id":"https:\/\/evertonfc.cz\/#\/schema\/logo\/image\/"},"sameAs":["https:\/\/www.facebook.com\/everton.fans.cz.sk"]},{"@type":"Person","@id":"https:\/\/evertonfc.cz\/#\/schema\/person\/f7a5daedb2ffee98480bc70e191aaef1","name":"Ri\u010di","sameAs":["https:\/\/x.com\/rbrejsa"],"url":"https:\/\/evertonfc.cz\/index.php\/author\/rici\/"}]}},"_links":{"self":[{"href":"https:\/\/evertonfc.cz\/index.php\/wp-json\/wp\/v2\/posts\/5156"}],"collection":[{"href":"https:\/\/evertonfc.cz\/index.php\/wp-json\/wp\/v2\/posts"}],"about":[{"href":"https:\/\/evertonfc.cz\/index.php\/wp-json\/wp\/v2\/types\/post"}],"author":[{"embeddable":true,"href":"https:\/\/evertonfc.cz\/index.php\/wp-json\/wp\/v2\/users\/6"}],"replies":[{"embeddable":true,"href":"https:\/\/evertonfc.cz\/index.php\/wp-json\/wp\/v2\/comments?post=5156"}],"version-history":[{"count":5,"href":"https:\/\/evertonfc.cz\/index.php\/wp-json\/wp\/v2\/posts\/5156\/revisions"}],"predecessor-version":[{"id":15108,"href":"https:\/\/evertonfc.cz\/index.php\/wp-json\/wp\/v2\/posts\/5156\/revisions\/15108"}],"wp:featuredmedia":[{"embeddable":true,"href":"https:\/\/evertonfc.cz\/index.php\/wp-json\/wp\/v2\/media\/15084"}],"wp:attachment":[{"href":"https:\/\/evertonfc.cz\/index.php\/wp-json\/wp\/v2\/media?parent=5156"}],"wp:term":[{"taxonomy":"category","embeddable":true,"href":"https:\/\/evertonfc.cz\/index.php\/wp-json\/wp\/v2\/categories?post=5156"},{"taxonomy":"post_tag","embeddable":true,"href":"https:\/\/evertonfc.cz\/index.php\/wp-json\/wp\/v2\/tags?post=5156"}],"curies":[{"name":"wp","href":"https:\/\/api.w.org\/{rel}","templated":true}]}}