{"id":5158,"date":"2013-12-05T14:02:17","date_gmt":"2013-12-05T13:02:17","guid":{"rendered":"http:\/\/evertonfc.cz\/?p=5158"},"modified":"2019-02-14T14:02:57","modified_gmt":"2019-02-14T13:02:57","slug":"manchester-united-everton-01","status":"publish","type":"post","link":"https:\/\/evertonfc.cz\/index.php\/2013\/12\/05\/manchester-united-everton-01\/","title":{"rendered":"Manchester United &#8211; Everton 0:1"},"content":{"rendered":"<h4 id=\"NewsPostDetailSummary\">Po 21 letech dok\u00e1zali Toffees poko\u0159it Manchester United na jeho h\u0159i\u0161ti. Rozhoduj\u00edc\u00ed branku vst\u0159elil v 86. minut\u011b Bryan Oviedo, jedna z mnoha posila dnes u\u017e soupe\u0159e Davida Moyese.<\/h4>\n<div id=\"NewsPostDetailContent\">\n<p>Roberto Mart\u00ednez podle p\u0159edpoklad\u016f vr\u00e1til do z\u00e1kladn\u00ed sestavy Rosse Barkleyho a Kevina Mirallase, jenom na lavi\u010dce n\u00e1hradn\u00edk\u016f tedy z\u016fstali Leon Osman a Gerard Deulofeu.<\/p>\n<p>Everton za\u010dal utk\u00e1n\u00ed l\u00e9pe, Lukaku de Geu je\u0161t\u011b nikterak neohrozil, branka\u0159 dom\u00e1c\u00edch zasahoval a\u017e p\u0159i n\u00e1sleduj\u00edc\u00ed jedovce Mirallase. Po \u010dtvrthodin\u011b se osm\u011blili tak\u00e9 Devils, Rooney zbl\u00edzka Howarda neprop\u00e1lil. Rychl\u00e9 a p\u0159\u00edmo\u010dar\u00e9 akce se st\u0159\u00eddaly na obou stran\u00e1ch, nebezpe\u010dn\u00e1 hlavi\u010dka Ryana Giggse z 24. minuty t\u011bsn\u011b minula branku.<\/p>\n<p>Sna\u017eiv\u00fd Rooney st\u0159\u00edlel zpoza v\u00e1pna a jeho te\u010dovan\u00fd pokus se od Distina odrazil do ty\u010dky. Proti Lukakov\u011b st\u0159ele mezi nohama Vidi\u0107e se postavil p\u0159ipraven\u00fd de Gea. Do konce polo\u010dasu, v jeho\u017e pr\u016fb\u011bhu p\u0159ebral taktovku ManUtd, p\u0159i g\u00f3lov\u00e9 nab\u00eddce Evry \u0161patn\u011b nasm\u011brovali pohyb Welbeck a Rooney, a tak minuli m\u00ed\u010d.<\/p>\n<p>Druh\u00e9 d\u011bjstv\u00ed otev\u0159el tvrdou ranou Evra, Tim Howard vyr\u00e1\u017eel. S p\u0159evahou dom\u00e1c\u00edch se nehodlal sm\u00ed\u0159it Kevin Mirallas, v 55. minut\u011b se uvolnil, jeho projektil ale nesm\u011b\u0159oval do prostoru mezi t\u0159emi ty\u010demi. V dal\u0161\u00edm velmi nad\u011bjn\u00e9m proti\u00fatoku se objevil st\u0159\u00eddaj\u00edc\u00ed Deulofeu, po kolmici se ze strany \u0159\u00edtil na de Geu, jen\u017ee v zakon\u010den\u00ed trefil pouze pr\u00e1v\u011b \u0160pan\u011bla.<\/p>\n<p>Sv\u011b\u0159enci Davida Moyese se hnali za g\u00f3lem, dob\u0159e si po\u010d\u00ednal nov\u00fd mu\u017e Januzaj. 20 minut p\u0159ed koncem st\u0159etnut\u00ed Evertonu pomohlo \u0161t\u011bst\u00ed, Evra po rohov\u00e9m kopu hlavi\u010dkoval do prostoru Howarda, z n\u00e1sledn\u00e9 dor\u00e1\u017eky takt\u00e9\u017e hlavou Welbeck oraz\u00edtkoval b\u0159evno a o p\u00e1r vte\u0159in pozd\u011bji Rooney z voleje zahnal holuby na st\u0159e\u0161e stadionu. M\u00ed\u0159idla nesrovnal ani v 74. minut\u011b Nani.<\/p>\n<p>M\u00edsty se na tr\u00e1vn\u00edku zajisk\u0159ilo, t\u0159eba Marouane Fellaini zanechal na stehn\u011b sv\u00e9ho n\u00e1stupce McCarthyho otisk sv\u00fdch \u0161punt\u016f.<\/p>\n<p>V 85. minut\u011b Mirallas zam\u00ed\u0159il z trestn\u00e9ho kopu do ty\u010dky, akce pokra\u010dovala, m\u00ed\u010d se dostal k Lukakovi, jen\u017e z oto\u010dky nepovedenou st\u0159elou, ov\u0161em geni\u00e1ln\u00ed p\u0159ihr\u00e1vkou za obranu, na\u0161el na zadn\u00ed ty\u010di Ovieda a ten prost\u0159elil vyb\u011bhnut\u00e9ho de Geu &#8211;\u00a0<strong>0:1<\/strong>.<\/p>\n<p>V z\u00e1v\u011bru Everton nepustil protivn\u00edka do tlaku a p\u0159ipsal si do tabulky cenn\u00e9 t\u0159i body. Bravo!<\/p>\n<p>Highlights naleznete na\u00a0<a href=\"http:\/\/www.evertonfc.com\/evertontv\/home\/9666\" target=\"_blank\" rel=\"noopener\">ofici\u00e1ln\u00edch str\u00e1nk\u00e1ch<\/a>\u00a0nebo\u00a0<a href=\"http:\/\/www.dailymotion.com\/video\/x180aff_manchester-united-0-1-everton-all-goals-and-highlights-4-12-13_sport\" target=\"_blank\" rel=\"noopener\">zde<\/a>.<\/p>\n<p><strong>Branka:<\/strong>\u00a086. Bryan Oviedo<br \/>\n<strong>\u017dK:<\/strong>\u00a061. Wayne Rooney, 90+3. Ryan Giggs<br \/>\n<strong>Manchester United:<\/strong>\u00a0David de Gea, Rafael (58. Adnan Januzaj), Patrice Evra, Chris Smalling, Nemanja Vidi\u0107, Ryan Giggs, Luis Valencia, Shinji Kagawa (58. Nani), Marouane Fellaini, Danny Welbeck (81. Javier Hern\u00e1ndez), Wayne Rooney<br \/>\n<strong>Everton FC:<\/strong>\u00a0Tim Howard, Phil Jagielka, Sylvain Distin, S\u00e9amus Coleman, Bryan Oviedo, James McCarthy, Gareth Barry, Ross Barkley (69. Gerard Deulofeu), Steven Pienaar (80. Leon Osman), Kevin Mirallas (90+2. Steven Naismith), Romelu Lukaku<br \/>\n<strong>Rozhod\u010d\u00ed:<\/strong>\u00a0Martin Atkinson<br \/>\n<strong>Div\u00e1ci:<\/strong>\u00a075 210<\/p>\n<\/div>\n","protected":false},"excerpt":{"rendered":"<p>Po 21 letech dok\u00e1zali Toffees poko\u0159it Manchester United na jeho h\u0159i\u0161ti. Rozhoduj\u00edc\u00ed branku vst\u0159elil v 86. minut\u011b Bryan Oviedo, jedna&hellip;<\/p>\n","protected":false},"author":6,"featured_media":1315,"comment_status":"open","ping_status":"closed","sticky":false,"template":"","format":"standard","meta":{"_eb_attr":"","_monsterinsights_skip_tracking":false,"_monsterinsights_sitenote_active":false,"_monsterinsights_sitenote_note":"","_monsterinsights_sitenote_category":0,"footnotes":""},"categories":[4],"tags":[],"yoast_head":"<!-- This site is optimized with the Yoast SEO plugin v23.4 - https:\/\/yoast.com\/wordpress\/plugins\/seo\/ -->\n<title>Manchester United - Everton 0:1 - Official Czech &amp; Slovak Everton Supporters&#039; Club<\/title>\n<meta name=\"robots\" content=\"index, follow, max-snippet:-1, max-image-preview:large, max-video-preview:-1\" \/>\n<link rel=\"canonical\" href=\"https:\/\/evertonfc.cz\/index.php\/2013\/12\/05\/manchester-united-everton-01\/\" \/>\n<meta property=\"og:locale\" content=\"cs_CZ\" \/>\n<meta property=\"og:type\" content=\"article\" \/>\n<meta property=\"og:title\" content=\"Manchester United - Everton 0:1 - Official Czech &amp; Slovak Everton Supporters&#039; Club\" \/>\n<meta property=\"og:description\" content=\"Po 21 letech dok\u00e1zali Toffees poko\u0159it Manchester United na jeho h\u0159i\u0161ti. Rozhoduj\u00edc\u00ed branku vst\u0159elil v 86. minut\u011b Bryan Oviedo, jedna&hellip;\" \/>\n<meta property=\"og:url\" content=\"https:\/\/evertonfc.cz\/index.php\/2013\/12\/05\/manchester-united-everton-01\/\" \/>\n<meta property=\"og:site_name\" content=\"Official Czech &amp; Slovak Everton Supporters&#039; Club\" \/>\n<meta property=\"article:publisher\" content=\"https:\/\/www.facebook.com\/everton.fans.cz.sk\" \/>\n<meta property=\"article:published_time\" content=\"2013-12-05T13:02:17+00:00\" \/>\n<meta property=\"article:modified_time\" content=\"2019-02-14T13:02:57+00:00\" \/>\n<meta property=\"og:image\" content=\"https:\/\/evertonfc.cz\/wp-content\/uploads\/2019\/01\/report.jpg\" \/>\n\t<meta property=\"og:image:width\" content=\"720\" \/>\n\t<meta property=\"og:image:height\" content=\"405\" \/>\n\t<meta property=\"og:image:type\" content=\"image\/jpeg\" \/>\n<meta name=\"author\" content=\"Ri\u010di\" \/>\n<meta name=\"twitter:card\" content=\"summary_large_image\" \/>\n<meta name=\"twitter:creator\" content=\"@rbrejsa\" \/>\n<meta name=\"twitter:label1\" content=\"Napsal(a)\" \/>\n\t<meta name=\"twitter:data1\" content=\"Ri\u010di\" \/>\n\t<meta name=\"twitter:label2\" content=\"Odhadovan\u00e1 doba \u010dten\u00ed\" \/>\n\t<meta name=\"twitter:data2\" content=\"3 minuty\" \/>\n<script type=\"application\/ld+json\" class=\"yoast-schema-graph\">{\"@context\":\"https:\/\/schema.org\",\"@graph\":[{\"@type\":\"Article\",\"@id\":\"https:\/\/evertonfc.cz\/index.php\/2013\/12\/05\/manchester-united-everton-01\/#article\",\"isPartOf\":{\"@id\":\"https:\/\/evertonfc.cz\/index.php\/2013\/12\/05\/manchester-united-everton-01\/\"},\"author\":{\"name\":\"Ri\u010di\",\"@id\":\"https:\/\/evertonfc.cz\/#\/schema\/person\/f7a5daedb2ffee98480bc70e191aaef1\"},\"headline\":\"Manchester United &#8211; Everton 0:1\",\"datePublished\":\"2013-12-05T13:02:17+00:00\",\"dateModified\":\"2019-02-14T13:02:57+00:00\",\"mainEntityOfPage\":{\"@id\":\"https:\/\/evertonfc.cz\/index.php\/2013\/12\/05\/manchester-united-everton-01\/\"},\"wordCount\":532,\"commentCount\":0,\"publisher\":{\"@id\":\"https:\/\/evertonfc.cz\/#organization\"},\"image\":{\"@id\":\"https:\/\/evertonfc.cz\/index.php\/2013\/12\/05\/manchester-united-everton-01\/#primaryimage\"},\"thumbnailUrl\":\"https:\/\/evertonfc.cz\/wp-content\/uploads\/2019\/01\/report.jpg\",\"articleSection\":[\"Z\u00e1pasy\"],\"inLanguage\":\"cs\",\"potentialAction\":[{\"@type\":\"CommentAction\",\"name\":\"Comment\",\"target\":[\"https:\/\/evertonfc.cz\/index.php\/2013\/12\/05\/manchester-united-everton-01\/#respond\"]}]},{\"@type\":\"WebPage\",\"@id\":\"https:\/\/evertonfc.cz\/index.php\/2013\/12\/05\/manchester-united-everton-01\/\",\"url\":\"https:\/\/evertonfc.cz\/index.php\/2013\/12\/05\/manchester-united-everton-01\/\",\"name\":\"Manchester United - Everton 0:1 - Official Czech &amp; Slovak Everton Supporters&#039; Club\",\"isPartOf\":{\"@id\":\"https:\/\/evertonfc.cz\/#website\"},\"primaryImageOfPage\":{\"@id\":\"https:\/\/evertonfc.cz\/index.php\/2013\/12\/05\/manchester-united-everton-01\/#primaryimage\"},\"image\":{\"@id\":\"https:\/\/evertonfc.cz\/index.php\/2013\/12\/05\/manchester-united-everton-01\/#primaryimage\"},\"thumbnailUrl\":\"https:\/\/evertonfc.cz\/wp-content\/uploads\/2019\/01\/report.jpg\",\"datePublished\":\"2013-12-05T13:02:17+00:00\",\"dateModified\":\"2019-02-14T13:02:57+00:00\",\"breadcrumb\":{\"@id\":\"https:\/\/evertonfc.cz\/index.php\/2013\/12\/05\/manchester-united-everton-01\/#breadcrumb\"},\"inLanguage\":\"cs\",\"potentialAction\":[{\"@type\":\"ReadAction\",\"target\":[\"https:\/\/evertonfc.cz\/index.php\/2013\/12\/05\/manchester-united-everton-01\/\"]}]},{\"@type\":\"ImageObject\",\"inLanguage\":\"cs\",\"@id\":\"https:\/\/evertonfc.cz\/index.php\/2013\/12\/05\/manchester-united-everton-01\/#primaryimage\",\"url\":\"https:\/\/evertonfc.cz\/wp-content\/uploads\/2019\/01\/report.jpg\",\"contentUrl\":\"https:\/\/evertonfc.cz\/wp-content\/uploads\/2019\/01\/report.jpg\",\"width\":720,\"height\":405},{\"@type\":\"BreadcrumbList\",\"@id\":\"https:\/\/evertonfc.cz\/index.php\/2013\/12\/05\/manchester-united-everton-01\/#breadcrumb\",\"itemListElement\":[{\"@type\":\"ListItem\",\"position\":1,\"name\":\"Home\",\"item\":\"https:\/\/evertonfc.cz\/\"},{\"@type\":\"ListItem\",\"position\":2,\"name\":\"Manchester United &#8211; Everton 0:1\"}]},{\"@type\":\"WebSite\",\"@id\":\"https:\/\/evertonfc.cz\/#website\",\"url\":\"https:\/\/evertonfc.cz\/\",\"name\":\"Official Czech &amp; Slovak Everton Supporters&#039; Club\",\"description\":\"\",\"publisher\":{\"@id\":\"https:\/\/evertonfc.cz\/#organization\"},\"potentialAction\":[{\"@type\":\"SearchAction\",\"target\":{\"@type\":\"EntryPoint\",\"urlTemplate\":\"https:\/\/evertonfc.cz\/?s={search_term_string}\"},\"query-input\":{\"@type\":\"PropertyValueSpecification\",\"valueRequired\":true,\"valueName\":\"search_term_string\"}}],\"inLanguage\":\"cs\"},{\"@type\":\"Organization\",\"@id\":\"https:\/\/evertonfc.cz\/#organization\",\"name\":\"Official Czech & Slovak Everton Supporters' Club\",\"url\":\"https:\/\/evertonfc.cz\/\",\"logo\":{\"@type\":\"ImageObject\",\"inLanguage\":\"cs\",\"@id\":\"https:\/\/evertonfc.cz\/#\/schema\/logo\/image\/\",\"url\":\"https:\/\/evertonfc.cz\/wp-content\/uploads\/2019\/05\/logo.png\",\"contentUrl\":\"https:\/\/evertonfc.cz\/wp-content\/uploads\/2019\/05\/logo.png\",\"width\":112,\"height\":112,\"caption\":\"Official Czech & Slovak Everton Supporters' Club\"},\"image\":{\"@id\":\"https:\/\/evertonfc.cz\/#\/schema\/logo\/image\/\"},\"sameAs\":[\"https:\/\/www.facebook.com\/everton.fans.cz.sk\"]},{\"@type\":\"Person\",\"@id\":\"https:\/\/evertonfc.cz\/#\/schema\/person\/f7a5daedb2ffee98480bc70e191aaef1\",\"name\":\"Ri\u010di\",\"sameAs\":[\"https:\/\/x.com\/rbrejsa\"],\"url\":\"https:\/\/evertonfc.cz\/index.php\/author\/rici\/\"}]}<\/script>\n<!-- \/ Yoast SEO plugin. -->","yoast_head_json":{"title":"Manchester United - Everton 0:1 - Official Czech &amp; Slovak Everton Supporters&#039; Club","robots":{"index":"index","follow":"follow","max-snippet":"max-snippet:-1","max-image-preview":"max-image-preview:large","max-video-preview":"max-video-preview:-1"},"canonical":"https:\/\/evertonfc.cz\/index.php\/2013\/12\/05\/manchester-united-everton-01\/","og_locale":"cs_CZ","og_type":"article","og_title":"Manchester United - Everton 0:1 - Official Czech &amp; Slovak Everton Supporters&#039; Club","og_description":"Po 21 letech dok\u00e1zali Toffees poko\u0159it Manchester United na jeho h\u0159i\u0161ti. Rozhoduj\u00edc\u00ed branku vst\u0159elil v 86. minut\u011b Bryan Oviedo, jedna&hellip;","og_url":"https:\/\/evertonfc.cz\/index.php\/2013\/12\/05\/manchester-united-everton-01\/","og_site_name":"Official Czech &amp; Slovak Everton Supporters&#039; Club","article_publisher":"https:\/\/www.facebook.com\/everton.fans.cz.sk","article_published_time":"2013-12-05T13:02:17+00:00","article_modified_time":"2019-02-14T13:02:57+00:00","og_image":[{"width":720,"height":405,"url":"https:\/\/evertonfc.cz\/wp-content\/uploads\/2019\/01\/report.jpg","type":"image\/jpeg"}],"author":"Ri\u010di","twitter_card":"summary_large_image","twitter_creator":"@rbrejsa","twitter_misc":{"Napsal(a)":"Ri\u010di","Odhadovan\u00e1 doba \u010dten\u00ed":"3 minuty"},"schema":{"@context":"https:\/\/schema.org","@graph":[{"@type":"Article","@id":"https:\/\/evertonfc.cz\/index.php\/2013\/12\/05\/manchester-united-everton-01\/#article","isPartOf":{"@id":"https:\/\/evertonfc.cz\/index.php\/2013\/12\/05\/manchester-united-everton-01\/"},"author":{"name":"Ri\u010di","@id":"https:\/\/evertonfc.cz\/#\/schema\/person\/f7a5daedb2ffee98480bc70e191aaef1"},"headline":"Manchester United &#8211; Everton 0:1","datePublished":"2013-12-05T13:02:17+00:00","dateModified":"2019-02-14T13:02:57+00:00","mainEntityOfPage":{"@id":"https:\/\/evertonfc.cz\/index.php\/2013\/12\/05\/manchester-united-everton-01\/"},"wordCount":532,"commentCount":0,"publisher":{"@id":"https:\/\/evertonfc.cz\/#organization"},"image":{"@id":"https:\/\/evertonfc.cz\/index.php\/2013\/12\/05\/manchester-united-everton-01\/#primaryimage"},"thumbnailUrl":"https:\/\/evertonfc.cz\/wp-content\/uploads\/2019\/01\/report.jpg","articleSection":["Z\u00e1pasy"],"inLanguage":"cs","potentialAction":[{"@type":"CommentAction","name":"Comment","target":["https:\/\/evertonfc.cz\/index.php\/2013\/12\/05\/manchester-united-everton-01\/#respond"]}]},{"@type":"WebPage","@id":"https:\/\/evertonfc.cz\/index.php\/2013\/12\/05\/manchester-united-everton-01\/","url":"https:\/\/evertonfc.cz\/index.php\/2013\/12\/05\/manchester-united-everton-01\/","name":"Manchester United - Everton 0:1 - Official Czech &amp; Slovak Everton Supporters&#039; Club","isPartOf":{"@id":"https:\/\/evertonfc.cz\/#website"},"primaryImageOfPage":{"@id":"https:\/\/evertonfc.cz\/index.php\/2013\/12\/05\/manchester-united-everton-01\/#primaryimage"},"image":{"@id":"https:\/\/evertonfc.cz\/index.php\/2013\/12\/05\/manchester-united-everton-01\/#primaryimage"},"thumbnailUrl":"https:\/\/evertonfc.cz\/wp-content\/uploads\/2019\/01\/report.jpg","datePublished":"2013-12-05T13:02:17+00:00","dateModified":"2019-02-14T13:02:57+00:00","breadcrumb":{"@id":"https:\/\/evertonfc.cz\/index.php\/2013\/12\/05\/manchester-united-everton-01\/#breadcrumb"},"inLanguage":"cs","potentialAction":[{"@type":"ReadAction","target":["https:\/\/evertonfc.cz\/index.php\/2013\/12\/05\/manchester-united-everton-01\/"]}]},{"@type":"ImageObject","inLanguage":"cs","@id":"https:\/\/evertonfc.cz\/index.php\/2013\/12\/05\/manchester-united-everton-01\/#primaryimage","url":"https:\/\/evertonfc.cz\/wp-content\/uploads\/2019\/01\/report.jpg","contentUrl":"https:\/\/evertonfc.cz\/wp-content\/uploads\/2019\/01\/report.jpg","width":720,"height":405},{"@type":"BreadcrumbList","@id":"https:\/\/evertonfc.cz\/index.php\/2013\/12\/05\/manchester-united-everton-01\/#breadcrumb","itemListElement":[{"@type":"ListItem","position":1,"name":"Home","item":"https:\/\/evertonfc.cz\/"},{"@type":"ListItem","position":2,"name":"Manchester United &#8211; Everton 0:1"}]},{"@type":"WebSite","@id":"https:\/\/evertonfc.cz\/#website","url":"https:\/\/evertonfc.cz\/","name":"Official Czech &amp; Slovak Everton Supporters&#039; Club","description":"","publisher":{"@id":"https:\/\/evertonfc.cz\/#organization"},"potentialAction":[{"@type":"SearchAction","target":{"@type":"EntryPoint","urlTemplate":"https:\/\/evertonfc.cz\/?s={search_term_string}"},"query-input":{"@type":"PropertyValueSpecification","valueRequired":true,"valueName":"search_term_string"}}],"inLanguage":"cs"},{"@type":"Organization","@id":"https:\/\/evertonfc.cz\/#organization","name":"Official Czech & Slovak Everton Supporters' Club","url":"https:\/\/evertonfc.cz\/","logo":{"@type":"ImageObject","inLanguage":"cs","@id":"https:\/\/evertonfc.cz\/#\/schema\/logo\/image\/","url":"https:\/\/evertonfc.cz\/wp-content\/uploads\/2019\/05\/logo.png","contentUrl":"https:\/\/evertonfc.cz\/wp-content\/uploads\/2019\/05\/logo.png","width":112,"height":112,"caption":"Official Czech & Slovak Everton Supporters' Club"},"image":{"@id":"https:\/\/evertonfc.cz\/#\/schema\/logo\/image\/"},"sameAs":["https:\/\/www.facebook.com\/everton.fans.cz.sk"]},{"@type":"Person","@id":"https:\/\/evertonfc.cz\/#\/schema\/person\/f7a5daedb2ffee98480bc70e191aaef1","name":"Ri\u010di","sameAs":["https:\/\/x.com\/rbrejsa"],"url":"https:\/\/evertonfc.cz\/index.php\/author\/rici\/"}]}},"_links":{"self":[{"href":"https:\/\/evertonfc.cz\/index.php\/wp-json\/wp\/v2\/posts\/5158"}],"collection":[{"href":"https:\/\/evertonfc.cz\/index.php\/wp-json\/wp\/v2\/posts"}],"about":[{"href":"https:\/\/evertonfc.cz\/index.php\/wp-json\/wp\/v2\/types\/post"}],"author":[{"embeddable":true,"href":"https:\/\/evertonfc.cz\/index.php\/wp-json\/wp\/v2\/users\/6"}],"replies":[{"embeddable":true,"href":"https:\/\/evertonfc.cz\/index.php\/wp-json\/wp\/v2\/comments?post=5158"}],"version-history":[{"count":1,"href":"https:\/\/evertonfc.cz\/index.php\/wp-json\/wp\/v2\/posts\/5158\/revisions"}],"predecessor-version":[{"id":5159,"href":"https:\/\/evertonfc.cz\/index.php\/wp-json\/wp\/v2\/posts\/5158\/revisions\/5159"}],"wp:featuredmedia":[{"embeddable":true,"href":"https:\/\/evertonfc.cz\/index.php\/wp-json\/wp\/v2\/media\/1315"}],"wp:attachment":[{"href":"https:\/\/evertonfc.cz\/index.php\/wp-json\/wp\/v2\/media?parent=5158"}],"wp:term":[{"taxonomy":"category","embeddable":true,"href":"https:\/\/evertonfc.cz\/index.php\/wp-json\/wp\/v2\/categories?post=5158"},{"taxonomy":"post_tag","embeddable":true,"href":"https:\/\/evertonfc.cz\/index.php\/wp-json\/wp\/v2\/tags?post=5158"}],"curies":[{"name":"wp","href":"https:\/\/api.w.org\/{rel}","templated":true}]}}