{"id":5160,"date":"2013-12-04T14:03:10","date_gmt":"2013-12-04T13:03:10","guid":{"rendered":"http:\/\/evertonfc.cz\/?p=5160"},"modified":"2021-02-06T14:57:45","modified_gmt":"2021-02-06T13:57:45","slug":"preview-manchester-united-everton-7","status":"publish","type":"post","link":"https:\/\/evertonfc.cz\/index.php\/2013\/12\/04\/preview-manchester-united-everton-7\/","title":{"rendered":"Preview: Manchester United &#8211; Everton"},"content":{"rendered":"<h4 id=\"NewsPostDetailSummary\">Ve\u010dern\u00ed z\u00e1pas, b\u011bhem kter\u00e9ho se Everton p\u0159edstav\u00ed na Old Trafford, bude m\u00edt pikantn\u00ed p\u0159\u00edchu\u0165. Toffees poprv\u00e9 nastoup\u00ed proti sv\u00e9mu b\u00fdval\u00e9mu mana\u017eerovi.<\/h4>\n<div id=\"NewsPostDetailContent\">\n<p>Na ja\u0159e toho byly pln\u00e9 noviny. Sir Alex Ferguson tehdy sv\u011btu ozn\u00e1mil, \u017ee po \u0161estadvaceti letech kon\u010d\u00ed na lavi\u010dce Manchesteru United a okam\u017eit\u011b tak rozv\u00ed\u0159il vlnu spekulac\u00ed o sv\u00e9m n\u00e1stupci. Jedn\u00edm z nej\u017ehav\u011bj\u0161\u00edch kandid\u00e1t\u016f byl hned od po\u010d\u00e1tku i David Moyes, kter\u00fd m\u011bl v Evertonu odmana\u017eerov\u00e1no ji\u017e jeden\u00e1ct rok\u016f. A jak se uk\u00e1zalo, pr\u00e1v\u011b v n\u011bm vid\u011bl Ferguson sv\u00e9ho pokra\u010dovatele. Nyn\u00ed Moyes povede sv\u016fj nov\u00fdm t\u00fdm poprv\u00e9 do boje proti sv\u00fdm b\u00fdval\u016fm sv\u011b\u0159enc\u016fm.<\/p>\n<p>O tom, \u017ee Moyes nenahrazuje jen tak n\u011bkoho, nebylo \u017e\u00e1dn\u00fdch pochyb a mo\u017en\u00e1 pr\u00e1v\u011b tlak a velk\u00e1 o\u010dek\u00e1v\u00e1n\u00ed nesla vinu na nikoliv zrovna ide\u00e1ln\u00edm leto\u0161n\u00edm startu Red Devils. Z \u0161esti \u00favodn\u00edch z\u00e1pas\u016f si odnesli hned t\u0159i prohry, z nich\u017e dv\u011b p\u0159i\u0161ly proti rival\u016fm Liverpoolu a Manchesteru City. Od dom\u00e1c\u00ed prohry s West Bromwichem v\u0161ak United zabrali a moment\u00e1ln\u011b se py\u0161n\u00ed s\u00e9ri\u00ed dvan\u00e1cti z\u00e1pas\u016f bez prohry. St\u00e1le jim v\u0161ak v tabulce p\u0159\u00edslu\u0161\u00ed a\u017e osm\u00e1 p\u0159\u00ed\u010dka, proto by Moyes v\u00fdhrou nad sv\u00fdm b\u00fdval\u00fdm zam\u011bstnavatelem ur\u010dit\u011b nepohrdnul.<\/p>\n<p><em>\u201eSamoz\u0159ejm\u011b m\u00e1m na Everton hezk\u00e9 vzpom\u00ednky, 11 let nem\u016f\u017eete jen tak zahodit. Ale nejsem emocion\u00e1ln\u00ed osobnost, rad\u011bji se soust\u0159ed\u00edm na z\u00e1pas. Nem\u00e1m \u010das starat se o v\u00fdsledky Evertonu, te\u010f m\u011b zaj\u00edmaj\u00ed jen moji hr\u00e1\u010di a m\u016fj klub. M\u00fdm t\u00fdmem jsou United, na nikoho jin\u00e9ho se nesoust\u0159ed\u00edm,\u201c\u00a0<\/em>\u0159ekl Moyes.<\/p>\n<p>Moyes\u016fv n\u00e1stupce Roberto Martinez rozhodn\u011b do z\u00e1pasu p\u016fjde doc\u00edlit ne\u010deho, \u010deho Moyes nikdy schopen nebyl &#8211; vyhr\u00e1t s Evertonem na Old Trafford. Naposled se to Blues poda\u0159ilo v roce 1992, s aktu\u00e1ln\u00ed formou to mo\u017en\u00e1 ale nen\u00ed tak nesplniteln\u00fd c\u00edl. V sobotu Toffees znemo\u017enili Stoke City a z\u016fst\u00e1vaj\u00ed tak nepora\u017eeni v \u0161esti z\u00e1pasech.<\/p>\n<p><em>\u201eNa Old Trafford se v\u017edycky hraje slo\u017eit\u011b, ale t\u011b\u0161\u00edme se,\u201c<\/em>\u00a0\u0159\u00edk\u00e1 Martinez.\u00a0<em>\u201eBudeme hr\u00e1t sv\u016fj fotbal. Vypad\u00e1me jako siln\u00fd a sebev\u011bdom\u00fd t\u00fdm a dob\u0159e v\u00edme, jak kvalitn\u00edmu t\u00fdmu budeme \u010delit, ale p\u0159ed z\u00e1pasem se c\u00edt\u00edme pozitivn\u011b.\u201c<\/em><\/p>\n<h4><strong>Z\u00e1pasov\u00e1 fakta<\/strong><\/h4>\n<ul>\n<li>Posledn\u00ed v\u00fdhra Evertonu v Divadle sn\u016f p\u0159i\u0161la v srpnu 1992, \u0161lo o prvn\u00ed st\u0159etnut\u00ed obou t\u00fdm\u016f v Premier League. Toffees vyhr\u00e1li 3-0 po g\u00f3lech Beardsleyho, Johnstona a Warzychy.<\/li>\n<li>Z 21 dom\u00e1c\u00edch utk\u00e1n\u00ed v Premier League proti Evertonu, jich United vyhr\u00e1li 16. Nas\u00e1zeli b\u011bhem nich v\u00edce g\u00f3l\u016f, ne\u017e kter\u00e9mukoliv jin\u00e9mu celku, a to 84.<\/li>\n<\/ul>\n<p><strong>Manchester United<\/strong><\/p>\n<ul>\n<li>22 bod\u016f po t\u0159in\u00e1cti z\u00e1pasech je jeho nejhor\u0161\u00ed bilance od sezony 2004\/05, kdy m\u011bl je\u0161t\u011b o bod m\u00e9n\u011b.<\/li>\n<li>Waynu Rooneymu chyb\u00ed jedin\u00e1 branka k dosa\u017een\u00ed hranice 150 ligov\u00fdch g\u00f3l\u016f za Manchester United. L\u00e9pe u\u017e na tom je jen Thierry Henry, kter\u00fd nast\u0159\u00edlel 175 g\u00f3l\u016f za Arsenal.<\/li>\n<li>Rooney byl u 59% g\u00f3l\u016f t\u00fdmu &#8211; branek dal osm a p\u0159ihr\u00e1l na p\u011bt.<\/li>\n<li>Pokud nastoup\u00ed, stane se Ryan Giggs \u010dtvrt\u00fdm hr\u00e1\u010dem z pole, kter\u00fd si zahraje v z\u00e1pase PL ve v\u011bku 40 let. P\u0159ed\u00edm se to povedlo Teddymu Sheringhamovi, Gordonu Strachanovi a Kevinu Phillipsovi.<\/li>\n<\/ul>\n<p><strong>Everton<\/strong><\/p>\n<ul>\n<li>Vyhr\u00e1l pouze dva z posledn\u00edch \u010dtrn\u00e1cti venkovn\u00edch z\u00e1pas\u016f. Sedmkr\u00e1t pak remizoval a p\u011btkr\u00e1t prohr\u00e1l.<\/li>\n<li>Na ciz\u00edch h\u0159i\u0161t\u00edch na druhou stranu soupe\u0159\u016fm povolil nejm\u00e9n\u011b st\u0159el na br\u00e1nu z cel\u00e9 sout\u011b\u017ee, a to jen 16.<\/li>\n<li>Romelu Lukaku pat\u0159\u00ed mezi t\u0159i hr\u00e1\u010de, kter\u00fdm se po\u0161t\u011bstilo d\u00e1t proti Manchesteru United hattrick. Zbylou dvojic\u00ed je Dirk Kuyt a David Bentley.<\/li>\n<\/ul>\n<h4><strong>Absence<\/strong><\/h4>\n<p>Everton \u017e\u00e1dn\u00e1 nov\u00e1 zran\u011bn\u00ed nehl\u00e1s\u00ed, nad\u00e1le z\u016fst\u00e1v\u00e1 bez Darrona Gibsona, Arouny Kon\u00e9ho a Leightona Bainese. Manchester United nastoup\u00ed bez suspendovan\u00e9ho Phila Jonese a nejist\u00fd je tak\u00e9 start Robina van Persieho a Michaela Carricka, kte\u0159\u00ed nehr\u00e1li v minul\u00e9m z\u00e1pase proti Tottenhamu.<\/p>\n<ul>\n<li><strong>Kdy:<\/strong>\u00a04.12. 20:45 SE\u010c<\/li>\n<li><strong>Kde:<\/strong>\u00a0Old Trafford<\/li>\n<li><strong>Rozhod\u010d\u00ed:<\/strong>\u00a0Martin Atkinson<\/li>\n<\/ul>\n<\/div>\n","protected":false},"excerpt":{"rendered":"<p>Ve\u010dern\u00ed z\u00e1pas, b\u011bhem kter\u00e9ho se Everton p\u0159edstav\u00ed na Old Trafford, bude m\u00edt pikantn\u00ed p\u0159\u00edchu\u0165. Toffees poprv\u00e9 nastoup\u00ed proti sv\u00e9mu b\u00fdval\u00e9mu&hellip;<\/p>\n","protected":false},"author":7,"featured_media":13968,"comment_status":"open","ping_status":"closed","sticky":false,"template":"","format":"standard","meta":{"_eb_attr":"","_monsterinsights_skip_tracking":false,"_monsterinsights_sitenote_active":false,"_monsterinsights_sitenote_note":"","_monsterinsights_sitenote_category":0,"footnotes":""},"categories":[4],"tags":[],"yoast_head":"<!-- This site is optimized with the Yoast SEO plugin v23.4 - https:\/\/yoast.com\/wordpress\/plugins\/seo\/ -->\n<title>Preview: Manchester United - Everton - Official Czech &amp; Slovak Everton Supporters&#039; Club<\/title>\n<meta name=\"robots\" content=\"index, follow, max-snippet:-1, max-image-preview:large, max-video-preview:-1\" \/>\n<link rel=\"canonical\" href=\"https:\/\/evertonfc.cz\/index.php\/2013\/12\/04\/preview-manchester-united-everton-7\/\" \/>\n<meta property=\"og:locale\" content=\"cs_CZ\" \/>\n<meta property=\"og:type\" content=\"article\" \/>\n<meta property=\"og:title\" content=\"Preview: Manchester United - Everton - Official Czech &amp; Slovak Everton Supporters&#039; Club\" \/>\n<meta property=\"og:description\" content=\"Ve\u010dern\u00ed z\u00e1pas, b\u011bhem kter\u00e9ho se Everton p\u0159edstav\u00ed na Old Trafford, bude m\u00edt pikantn\u00ed p\u0159\u00edchu\u0165. Toffees poprv\u00e9 nastoup\u00ed proti sv\u00e9mu b\u00fdval\u00e9mu&hellip;\" \/>\n<meta property=\"og:url\" content=\"https:\/\/evertonfc.cz\/index.php\/2013\/12\/04\/preview-manchester-united-everton-7\/\" \/>\n<meta property=\"og:site_name\" content=\"Official Czech &amp; Slovak Everton Supporters&#039; Club\" \/>\n<meta property=\"article:publisher\" content=\"https:\/\/www.facebook.com\/everton.fans.cz.sk\" \/>\n<meta property=\"article:published_time\" content=\"2013-12-04T13:03:10+00:00\" \/>\n<meta property=\"article:modified_time\" content=\"2021-02-06T13:57:45+00:00\" \/>\n<meta property=\"og:image\" content=\"https:\/\/evertonfc.cz\/wp-content\/uploads\/2021\/02\/Manchester-United-VS-Everton.jpg\" \/>\n\t<meta property=\"og:image:width\" content=\"720\" \/>\n\t<meta property=\"og:image:height\" content=\"405\" \/>\n\t<meta property=\"og:image:type\" content=\"image\/jpeg\" \/>\n<meta name=\"author\" content=\"Me\u0148a\" \/>\n<meta name=\"twitter:card\" content=\"summary_large_image\" \/>\n<meta name=\"twitter:label1\" content=\"Napsal(a)\" \/>\n\t<meta name=\"twitter:data1\" content=\"Me\u0148a\" \/>\n\t<meta name=\"twitter:label2\" content=\"Odhadovan\u00e1 doba \u010dten\u00ed\" \/>\n\t<meta name=\"twitter:data2\" content=\"4 minuty\" \/>\n<script type=\"application\/ld+json\" class=\"yoast-schema-graph\">{\"@context\":\"https:\/\/schema.org\",\"@graph\":[{\"@type\":\"Article\",\"@id\":\"https:\/\/evertonfc.cz\/index.php\/2013\/12\/04\/preview-manchester-united-everton-7\/#article\",\"isPartOf\":{\"@id\":\"https:\/\/evertonfc.cz\/index.php\/2013\/12\/04\/preview-manchester-united-everton-7\/\"},\"author\":{\"name\":\"Me\u0148a\",\"@id\":\"https:\/\/evertonfc.cz\/#\/schema\/person\/cd6328a75577de2add7793fd4b0930c3\"},\"headline\":\"Preview: Manchester United &#8211; Everton\",\"datePublished\":\"2013-12-04T13:03:10+00:00\",\"dateModified\":\"2021-02-06T13:57:45+00:00\",\"mainEntityOfPage\":{\"@id\":\"https:\/\/evertonfc.cz\/index.php\/2013\/12\/04\/preview-manchester-united-everton-7\/\"},\"wordCount\":763,\"commentCount\":0,\"publisher\":{\"@id\":\"https:\/\/evertonfc.cz\/#organization\"},\"image\":{\"@id\":\"https:\/\/evertonfc.cz\/index.php\/2013\/12\/04\/preview-manchester-united-everton-7\/#primaryimage\"},\"thumbnailUrl\":\"https:\/\/evertonfc.cz\/wp-content\/uploads\/2021\/02\/Manchester-United-VS-Everton.jpg\",\"articleSection\":[\"Z\u00e1pasy\"],\"inLanguage\":\"cs\",\"potentialAction\":[{\"@type\":\"CommentAction\",\"name\":\"Comment\",\"target\":[\"https:\/\/evertonfc.cz\/index.php\/2013\/12\/04\/preview-manchester-united-everton-7\/#respond\"]}]},{\"@type\":\"WebPage\",\"@id\":\"https:\/\/evertonfc.cz\/index.php\/2013\/12\/04\/preview-manchester-united-everton-7\/\",\"url\":\"https:\/\/evertonfc.cz\/index.php\/2013\/12\/04\/preview-manchester-united-everton-7\/\",\"name\":\"Preview: Manchester United - Everton - Official Czech &amp; Slovak Everton Supporters&#039; Club\",\"isPartOf\":{\"@id\":\"https:\/\/evertonfc.cz\/#website\"},\"primaryImageOfPage\":{\"@id\":\"https:\/\/evertonfc.cz\/index.php\/2013\/12\/04\/preview-manchester-united-everton-7\/#primaryimage\"},\"image\":{\"@id\":\"https:\/\/evertonfc.cz\/index.php\/2013\/12\/04\/preview-manchester-united-everton-7\/#primaryimage\"},\"thumbnailUrl\":\"https:\/\/evertonfc.cz\/wp-content\/uploads\/2021\/02\/Manchester-United-VS-Everton.jpg\",\"datePublished\":\"2013-12-04T13:03:10+00:00\",\"dateModified\":\"2021-02-06T13:57:45+00:00\",\"breadcrumb\":{\"@id\":\"https:\/\/evertonfc.cz\/index.php\/2013\/12\/04\/preview-manchester-united-everton-7\/#breadcrumb\"},\"inLanguage\":\"cs\",\"potentialAction\":[{\"@type\":\"ReadAction\",\"target\":[\"https:\/\/evertonfc.cz\/index.php\/2013\/12\/04\/preview-manchester-united-everton-7\/\"]}]},{\"@type\":\"ImageObject\",\"inLanguage\":\"cs\",\"@id\":\"https:\/\/evertonfc.cz\/index.php\/2013\/12\/04\/preview-manchester-united-everton-7\/#primaryimage\",\"url\":\"https:\/\/evertonfc.cz\/wp-content\/uploads\/2021\/02\/Manchester-United-VS-Everton.jpg\",\"contentUrl\":\"https:\/\/evertonfc.cz\/wp-content\/uploads\/2021\/02\/Manchester-United-VS-Everton.jpg\",\"width\":720,\"height\":405},{\"@type\":\"BreadcrumbList\",\"@id\":\"https:\/\/evertonfc.cz\/index.php\/2013\/12\/04\/preview-manchester-united-everton-7\/#breadcrumb\",\"itemListElement\":[{\"@type\":\"ListItem\",\"position\":1,\"name\":\"Home\",\"item\":\"https:\/\/evertonfc.cz\/\"},{\"@type\":\"ListItem\",\"position\":2,\"name\":\"Preview: Manchester United &#8211; Everton\"}]},{\"@type\":\"WebSite\",\"@id\":\"https:\/\/evertonfc.cz\/#website\",\"url\":\"https:\/\/evertonfc.cz\/\",\"name\":\"Official Czech &amp; Slovak Everton Supporters&#039; Club\",\"description\":\"\",\"publisher\":{\"@id\":\"https:\/\/evertonfc.cz\/#organization\"},\"potentialAction\":[{\"@type\":\"SearchAction\",\"target\":{\"@type\":\"EntryPoint\",\"urlTemplate\":\"https:\/\/evertonfc.cz\/?s={search_term_string}\"},\"query-input\":{\"@type\":\"PropertyValueSpecification\",\"valueRequired\":true,\"valueName\":\"search_term_string\"}}],\"inLanguage\":\"cs\"},{\"@type\":\"Organization\",\"@id\":\"https:\/\/evertonfc.cz\/#organization\",\"name\":\"Official Czech & Slovak Everton Supporters' Club\",\"url\":\"https:\/\/evertonfc.cz\/\",\"logo\":{\"@type\":\"ImageObject\",\"inLanguage\":\"cs\",\"@id\":\"https:\/\/evertonfc.cz\/#\/schema\/logo\/image\/\",\"url\":\"https:\/\/evertonfc.cz\/wp-content\/uploads\/2019\/05\/logo.png\",\"contentUrl\":\"https:\/\/evertonfc.cz\/wp-content\/uploads\/2019\/05\/logo.png\",\"width\":112,\"height\":112,\"caption\":\"Official Czech & Slovak Everton Supporters' Club\"},\"image\":{\"@id\":\"https:\/\/evertonfc.cz\/#\/schema\/logo\/image\/\"},\"sameAs\":[\"https:\/\/www.facebook.com\/everton.fans.cz.sk\"]},{\"@type\":\"Person\",\"@id\":\"https:\/\/evertonfc.cz\/#\/schema\/person\/cd6328a75577de2add7793fd4b0930c3\",\"name\":\"Me\u0148a\",\"url\":\"https:\/\/evertonfc.cz\/index.php\/author\/mena\/\"}]}<\/script>\n<!-- \/ Yoast SEO plugin. -->","yoast_head_json":{"title":"Preview: Manchester United - Everton - Official Czech &amp; Slovak Everton Supporters&#039; Club","robots":{"index":"index","follow":"follow","max-snippet":"max-snippet:-1","max-image-preview":"max-image-preview:large","max-video-preview":"max-video-preview:-1"},"canonical":"https:\/\/evertonfc.cz\/index.php\/2013\/12\/04\/preview-manchester-united-everton-7\/","og_locale":"cs_CZ","og_type":"article","og_title":"Preview: Manchester United - Everton - Official Czech &amp; Slovak Everton Supporters&#039; Club","og_description":"Ve\u010dern\u00ed z\u00e1pas, b\u011bhem kter\u00e9ho se Everton p\u0159edstav\u00ed na Old Trafford, bude m\u00edt pikantn\u00ed p\u0159\u00edchu\u0165. Toffees poprv\u00e9 nastoup\u00ed proti sv\u00e9mu b\u00fdval\u00e9mu&hellip;","og_url":"https:\/\/evertonfc.cz\/index.php\/2013\/12\/04\/preview-manchester-united-everton-7\/","og_site_name":"Official Czech &amp; Slovak Everton Supporters&#039; Club","article_publisher":"https:\/\/www.facebook.com\/everton.fans.cz.sk","article_published_time":"2013-12-04T13:03:10+00:00","article_modified_time":"2021-02-06T13:57:45+00:00","og_image":[{"width":720,"height":405,"url":"https:\/\/evertonfc.cz\/wp-content\/uploads\/2021\/02\/Manchester-United-VS-Everton.jpg","type":"image\/jpeg"}],"author":"Me\u0148a","twitter_card":"summary_large_image","twitter_misc":{"Napsal(a)":"Me\u0148a","Odhadovan\u00e1 doba \u010dten\u00ed":"4 minuty"},"schema":{"@context":"https:\/\/schema.org","@graph":[{"@type":"Article","@id":"https:\/\/evertonfc.cz\/index.php\/2013\/12\/04\/preview-manchester-united-everton-7\/#article","isPartOf":{"@id":"https:\/\/evertonfc.cz\/index.php\/2013\/12\/04\/preview-manchester-united-everton-7\/"},"author":{"name":"Me\u0148a","@id":"https:\/\/evertonfc.cz\/#\/schema\/person\/cd6328a75577de2add7793fd4b0930c3"},"headline":"Preview: Manchester United &#8211; Everton","datePublished":"2013-12-04T13:03:10+00:00","dateModified":"2021-02-06T13:57:45+00:00","mainEntityOfPage":{"@id":"https:\/\/evertonfc.cz\/index.php\/2013\/12\/04\/preview-manchester-united-everton-7\/"},"wordCount":763,"commentCount":0,"publisher":{"@id":"https:\/\/evertonfc.cz\/#organization"},"image":{"@id":"https:\/\/evertonfc.cz\/index.php\/2013\/12\/04\/preview-manchester-united-everton-7\/#primaryimage"},"thumbnailUrl":"https:\/\/evertonfc.cz\/wp-content\/uploads\/2021\/02\/Manchester-United-VS-Everton.jpg","articleSection":["Z\u00e1pasy"],"inLanguage":"cs","potentialAction":[{"@type":"CommentAction","name":"Comment","target":["https:\/\/evertonfc.cz\/index.php\/2013\/12\/04\/preview-manchester-united-everton-7\/#respond"]}]},{"@type":"WebPage","@id":"https:\/\/evertonfc.cz\/index.php\/2013\/12\/04\/preview-manchester-united-everton-7\/","url":"https:\/\/evertonfc.cz\/index.php\/2013\/12\/04\/preview-manchester-united-everton-7\/","name":"Preview: Manchester United - Everton - Official Czech &amp; Slovak Everton Supporters&#039; Club","isPartOf":{"@id":"https:\/\/evertonfc.cz\/#website"},"primaryImageOfPage":{"@id":"https:\/\/evertonfc.cz\/index.php\/2013\/12\/04\/preview-manchester-united-everton-7\/#primaryimage"},"image":{"@id":"https:\/\/evertonfc.cz\/index.php\/2013\/12\/04\/preview-manchester-united-everton-7\/#primaryimage"},"thumbnailUrl":"https:\/\/evertonfc.cz\/wp-content\/uploads\/2021\/02\/Manchester-United-VS-Everton.jpg","datePublished":"2013-12-04T13:03:10+00:00","dateModified":"2021-02-06T13:57:45+00:00","breadcrumb":{"@id":"https:\/\/evertonfc.cz\/index.php\/2013\/12\/04\/preview-manchester-united-everton-7\/#breadcrumb"},"inLanguage":"cs","potentialAction":[{"@type":"ReadAction","target":["https:\/\/evertonfc.cz\/index.php\/2013\/12\/04\/preview-manchester-united-everton-7\/"]}]},{"@type":"ImageObject","inLanguage":"cs","@id":"https:\/\/evertonfc.cz\/index.php\/2013\/12\/04\/preview-manchester-united-everton-7\/#primaryimage","url":"https:\/\/evertonfc.cz\/wp-content\/uploads\/2021\/02\/Manchester-United-VS-Everton.jpg","contentUrl":"https:\/\/evertonfc.cz\/wp-content\/uploads\/2021\/02\/Manchester-United-VS-Everton.jpg","width":720,"height":405},{"@type":"BreadcrumbList","@id":"https:\/\/evertonfc.cz\/index.php\/2013\/12\/04\/preview-manchester-united-everton-7\/#breadcrumb","itemListElement":[{"@type":"ListItem","position":1,"name":"Home","item":"https:\/\/evertonfc.cz\/"},{"@type":"ListItem","position":2,"name":"Preview: Manchester United &#8211; Everton"}]},{"@type":"WebSite","@id":"https:\/\/evertonfc.cz\/#website","url":"https:\/\/evertonfc.cz\/","name":"Official Czech &amp; Slovak Everton Supporters&#039; Club","description":"","publisher":{"@id":"https:\/\/evertonfc.cz\/#organization"},"potentialAction":[{"@type":"SearchAction","target":{"@type":"EntryPoint","urlTemplate":"https:\/\/evertonfc.cz\/?s={search_term_string}"},"query-input":{"@type":"PropertyValueSpecification","valueRequired":true,"valueName":"search_term_string"}}],"inLanguage":"cs"},{"@type":"Organization","@id":"https:\/\/evertonfc.cz\/#organization","name":"Official Czech & Slovak Everton Supporters' Club","url":"https:\/\/evertonfc.cz\/","logo":{"@type":"ImageObject","inLanguage":"cs","@id":"https:\/\/evertonfc.cz\/#\/schema\/logo\/image\/","url":"https:\/\/evertonfc.cz\/wp-content\/uploads\/2019\/05\/logo.png","contentUrl":"https:\/\/evertonfc.cz\/wp-content\/uploads\/2019\/05\/logo.png","width":112,"height":112,"caption":"Official Czech & Slovak Everton Supporters' Club"},"image":{"@id":"https:\/\/evertonfc.cz\/#\/schema\/logo\/image\/"},"sameAs":["https:\/\/www.facebook.com\/everton.fans.cz.sk"]},{"@type":"Person","@id":"https:\/\/evertonfc.cz\/#\/schema\/person\/cd6328a75577de2add7793fd4b0930c3","name":"Me\u0148a","url":"https:\/\/evertonfc.cz\/index.php\/author\/mena\/"}]}},"_links":{"self":[{"href":"https:\/\/evertonfc.cz\/index.php\/wp-json\/wp\/v2\/posts\/5160"}],"collection":[{"href":"https:\/\/evertonfc.cz\/index.php\/wp-json\/wp\/v2\/posts"}],"about":[{"href":"https:\/\/evertonfc.cz\/index.php\/wp-json\/wp\/v2\/types\/post"}],"author":[{"embeddable":true,"href":"https:\/\/evertonfc.cz\/index.php\/wp-json\/wp\/v2\/users\/7"}],"replies":[{"embeddable":true,"href":"https:\/\/evertonfc.cz\/index.php\/wp-json\/wp\/v2\/comments?post=5160"}],"version-history":[{"count":3,"href":"https:\/\/evertonfc.cz\/index.php\/wp-json\/wp\/v2\/posts\/5160\/revisions"}],"predecessor-version":[{"id":5237,"href":"https:\/\/evertonfc.cz\/index.php\/wp-json\/wp\/v2\/posts\/5160\/revisions\/5237"}],"wp:featuredmedia":[{"embeddable":true,"href":"https:\/\/evertonfc.cz\/index.php\/wp-json\/wp\/v2\/media\/13968"}],"wp:attachment":[{"href":"https:\/\/evertonfc.cz\/index.php\/wp-json\/wp\/v2\/media?parent=5160"}],"wp:term":[{"taxonomy":"category","embeddable":true,"href":"https:\/\/evertonfc.cz\/index.php\/wp-json\/wp\/v2\/categories?post=5160"},{"taxonomy":"post_tag","embeddable":true,"href":"https:\/\/evertonfc.cz\/index.php\/wp-json\/wp\/v2\/tags?post=5160"}],"curies":[{"name":"wp","href":"https:\/\/api.w.org\/{rel}","templated":true}]}}