{"id":5164,"date":"2011-07-15T14:04:16","date_gmt":"2011-07-15T12:04:16","guid":{"rendered":"http:\/\/evertonfc.cz\/?p=5164"},"modified":"2019-02-14T14:24:00","modified_gmt":"2019-02-14T13:24:00","slug":"bury-everton-14","status":"publish","type":"post","link":"https:\/\/evertonfc.cz\/index.php\/2011\/07\/15\/bury-everton-14\/","title":{"rendered":"Bury &#8211; Everton 1:4"},"content":{"rendered":"<h4>Poklidn\u00fdm tempem a tomu napov\u00eddaj\u00edc\u00edm v\u00fdsledkem vkro\u010dil Everton do s\u00e9rie p\u0159\u00e1telsk\u00fdch z\u00e1pas\u016f. Na h\u0159i\u0161ti \u010dtvrtoligov\u00e9ho Bury si Toffees s chut\u00ed zast\u0159\u00edleli.<\/h4>\n<div id=\"NewsPostDetailContent\">\n<p>Z\u00e1kladn\u00ed sestava se do\u010dkala n\u011bkolika p\u0159ekvapiv\u00fdch tah\u016f. Na lev\u00e9 stran\u011b obrany m\u00edsto Leightona Bainese nasko\u010dil Phil Neville, ve st\u0159edu pole se po v\u00e1\u017en\u00e9m zran\u011bn\u00ed objevil Marouane Fellaini a Jermainu Beckfordovi d\u011blal v \u00fatoku spole\u010dnost navr\u00e1tilec Yakubu.<\/p>\n<p>A pr\u00e1v\u011b Nigerijec byl ve st\u0159edu prvn\u00edch v\u00e1\u017en\u00fdch moment\u016f. Jeho prvotn\u00ed d\u011blovku sice je\u0161t\u011b brank\u00e1\u0159 dom\u00e1c\u00edch Cameron Belford vyrazil, jen\u017ee o n\u011bkolik minut pozd\u011bji u\u017e byl kr\u00e1tk\u00fd na jeho hlavi\u010dku. Za dom\u00e1c\u00ed se pokou\u0161el dalekonosnou st\u0159elou odpov\u011bd\u011bt Steven Schumacher, jen\u017ee byli to znovu Blues, kte\u0159\u00ed ude\u0159ili. Aktivn\u00ed Yakubu obral o m\u00ed\u010d Hughese, posunul hru ke Gueyemu a ten napodruh\u00e9 dostal m\u00ed\u010d do s\u00edt\u011b.<\/p>\n<p>Z\u00e1v\u011bre\u010dn\u00e1 p\u011btiminutovka prvn\u00edho polo\u010dasu pak p\u0159inesla hned dv\u011b trefy. Nejd\u0159\u00edv se vyda\u0159enou st\u0159elou prosadil Leon Osman a svoji druhou branku p\u0159idal o dv\u011b minuty pozd\u011bji podobn\u011b p\u0159esn\u00fdm zakon\u010den\u00edm Gueye.<\/p>\n<p>O p\u0159est\u00e1vce provedl David Moyes \u010dty\u0159i zm\u011bny, p\u0159esto se o d\u011bn\u00ed na h\u0159i\u0161ti d\u00e1l starala funguj\u00edc\u00ed dvojka Beckford &#8211; Yakubu. Bl\u00edzko se ocitl zejm\u00e9na prvn\u011b jmenovan\u00fd &#8211; p\u00e1lil jen t\u011bsn\u011b vedle, kdy\u017e jej milimetrov\u00fdm dlouh\u00fdm m\u00ed\u010dem vyslal na br\u00e1nu Bilyaletdinov.<\/p>\n<p>Sn\u00ed\u017een\u00ed se Bury do\u010dkalo po hodin\u011b hry. Ke p\u0159\u00edm\u00e9mu kopu se postavil odchovanec Evertonu, Schumacher a z 25 metr\u016f dopravil m\u00ed\u010d do s\u00edt\u011b. Zanedlouho Belford odvr\u00e1til p\u00e1t\u00fd g\u00f3l, kdy\u017e vychytal Beckforda, zbytek utk\u00e1n\u00ed se pak dohr\u00e1l skute\u010dn\u011b jen v tr\u00e9ninkov\u00e9m tempu.<\/p>\n<p><strong>Everton:<\/strong> Mucha, Coleman, Heitinga (46. Jagielka), Distin (46. Baines), Neville, Osman, Arteta (46. Anichebe), Fellaini (46. Bilyaletdinov), Gueye, Beckford, Yakubu<\/p>\n<p><strong>G\u00f3ly:<\/strong> 59. Schumacher &#8211; 18. Yakubu, 32., 33. Gueye, 42. Osman<\/p>\n<\/div>\n","protected":false},"excerpt":{"rendered":"<p>Poklidn\u00fdm tempem a tomu napov\u00eddaj\u00edc\u00edm v\u00fdsledkem vkro\u010dil Everton do s\u00e9rie p\u0159\u00e1telsk\u00fdch z\u00e1pas\u016f. Na h\u0159i\u0161ti \u010dtvrtoligov\u00e9ho Bury si Toffees s chut\u00ed&hellip;<\/p>\n","protected":false},"author":7,"featured_media":1315,"comment_status":"open","ping_status":"closed","sticky":false,"template":"","format":"standard","meta":{"_eb_attr":"","_monsterinsights_skip_tracking":false,"_monsterinsights_sitenote_active":false,"_monsterinsights_sitenote_note":"","_monsterinsights_sitenote_category":0,"footnotes":""},"categories":[4],"tags":[],"yoast_head":"<!-- This site is optimized with the Yoast SEO plugin v23.4 - https:\/\/yoast.com\/wordpress\/plugins\/seo\/ -->\n<title>Bury - Everton 1:4 - Official Czech &amp; Slovak Everton Supporters&#039; Club<\/title>\n<meta name=\"robots\" content=\"index, follow, max-snippet:-1, max-image-preview:large, max-video-preview:-1\" \/>\n<link rel=\"canonical\" href=\"https:\/\/evertonfc.cz\/index.php\/2011\/07\/15\/bury-everton-14\/\" \/>\n<meta property=\"og:locale\" content=\"cs_CZ\" \/>\n<meta property=\"og:type\" content=\"article\" \/>\n<meta property=\"og:title\" content=\"Bury - Everton 1:4 - Official Czech &amp; Slovak Everton Supporters&#039; Club\" \/>\n<meta property=\"og:description\" content=\"Poklidn\u00fdm tempem a tomu napov\u00eddaj\u00edc\u00edm v\u00fdsledkem vkro\u010dil Everton do s\u00e9rie p\u0159\u00e1telsk\u00fdch z\u00e1pas\u016f. Na h\u0159i\u0161ti \u010dtvrtoligov\u00e9ho Bury si Toffees s chut\u00ed&hellip;\" \/>\n<meta property=\"og:url\" content=\"https:\/\/evertonfc.cz\/index.php\/2011\/07\/15\/bury-everton-14\/\" \/>\n<meta property=\"og:site_name\" content=\"Official Czech &amp; Slovak Everton Supporters&#039; Club\" \/>\n<meta property=\"article:publisher\" content=\"https:\/\/www.facebook.com\/everton.fans.cz.sk\" \/>\n<meta property=\"article:published_time\" content=\"2011-07-15T12:04:16+00:00\" \/>\n<meta property=\"article:modified_time\" content=\"2019-02-14T13:24:00+00:00\" \/>\n<meta property=\"og:image\" content=\"https:\/\/evertonfc.cz\/wp-content\/uploads\/2019\/01\/report.jpg\" \/>\n\t<meta property=\"og:image:width\" content=\"720\" \/>\n\t<meta property=\"og:image:height\" content=\"405\" \/>\n\t<meta property=\"og:image:type\" content=\"image\/jpeg\" \/>\n<meta name=\"author\" content=\"Me\u0148a\" \/>\n<meta name=\"twitter:card\" content=\"summary_large_image\" \/>\n<meta name=\"twitter:label1\" content=\"Napsal(a)\" \/>\n\t<meta name=\"twitter:data1\" content=\"Me\u0148a\" \/>\n\t<meta name=\"twitter:label2\" content=\"Odhadovan\u00e1 doba \u010dten\u00ed\" \/>\n\t<meta name=\"twitter:data2\" content=\"2 minuty\" \/>\n<script type=\"application\/ld+json\" class=\"yoast-schema-graph\">{\"@context\":\"https:\/\/schema.org\",\"@graph\":[{\"@type\":\"Article\",\"@id\":\"https:\/\/evertonfc.cz\/index.php\/2011\/07\/15\/bury-everton-14\/#article\",\"isPartOf\":{\"@id\":\"https:\/\/evertonfc.cz\/index.php\/2011\/07\/15\/bury-everton-14\/\"},\"author\":{\"name\":\"Me\u0148a\",\"@id\":\"https:\/\/evertonfc.cz\/#\/schema\/person\/cd6328a75577de2add7793fd4b0930c3\"},\"headline\":\"Bury &#8211; Everton 1:4\",\"datePublished\":\"2011-07-15T12:04:16+00:00\",\"dateModified\":\"2019-02-14T13:24:00+00:00\",\"mainEntityOfPage\":{\"@id\":\"https:\/\/evertonfc.cz\/index.php\/2011\/07\/15\/bury-everton-14\/\"},\"wordCount\":352,\"commentCount\":0,\"publisher\":{\"@id\":\"https:\/\/evertonfc.cz\/#organization\"},\"image\":{\"@id\":\"https:\/\/evertonfc.cz\/index.php\/2011\/07\/15\/bury-everton-14\/#primaryimage\"},\"thumbnailUrl\":\"https:\/\/evertonfc.cz\/wp-content\/uploads\/2019\/01\/report.jpg\",\"articleSection\":[\"Z\u00e1pasy\"],\"inLanguage\":\"cs\",\"potentialAction\":[{\"@type\":\"CommentAction\",\"name\":\"Comment\",\"target\":[\"https:\/\/evertonfc.cz\/index.php\/2011\/07\/15\/bury-everton-14\/#respond\"]}]},{\"@type\":\"WebPage\",\"@id\":\"https:\/\/evertonfc.cz\/index.php\/2011\/07\/15\/bury-everton-14\/\",\"url\":\"https:\/\/evertonfc.cz\/index.php\/2011\/07\/15\/bury-everton-14\/\",\"name\":\"Bury - Everton 1:4 - Official Czech &amp; Slovak Everton Supporters&#039; Club\",\"isPartOf\":{\"@id\":\"https:\/\/evertonfc.cz\/#website\"},\"primaryImageOfPage\":{\"@id\":\"https:\/\/evertonfc.cz\/index.php\/2011\/07\/15\/bury-everton-14\/#primaryimage\"},\"image\":{\"@id\":\"https:\/\/evertonfc.cz\/index.php\/2011\/07\/15\/bury-everton-14\/#primaryimage\"},\"thumbnailUrl\":\"https:\/\/evertonfc.cz\/wp-content\/uploads\/2019\/01\/report.jpg\",\"datePublished\":\"2011-07-15T12:04:16+00:00\",\"dateModified\":\"2019-02-14T13:24:00+00:00\",\"breadcrumb\":{\"@id\":\"https:\/\/evertonfc.cz\/index.php\/2011\/07\/15\/bury-everton-14\/#breadcrumb\"},\"inLanguage\":\"cs\",\"potentialAction\":[{\"@type\":\"ReadAction\",\"target\":[\"https:\/\/evertonfc.cz\/index.php\/2011\/07\/15\/bury-everton-14\/\"]}]},{\"@type\":\"ImageObject\",\"inLanguage\":\"cs\",\"@id\":\"https:\/\/evertonfc.cz\/index.php\/2011\/07\/15\/bury-everton-14\/#primaryimage\",\"url\":\"https:\/\/evertonfc.cz\/wp-content\/uploads\/2019\/01\/report.jpg\",\"contentUrl\":\"https:\/\/evertonfc.cz\/wp-content\/uploads\/2019\/01\/report.jpg\",\"width\":720,\"height\":405},{\"@type\":\"BreadcrumbList\",\"@id\":\"https:\/\/evertonfc.cz\/index.php\/2011\/07\/15\/bury-everton-14\/#breadcrumb\",\"itemListElement\":[{\"@type\":\"ListItem\",\"position\":1,\"name\":\"Home\",\"item\":\"https:\/\/evertonfc.cz\/\"},{\"@type\":\"ListItem\",\"position\":2,\"name\":\"Bury &#8211; Everton 1:4\"}]},{\"@type\":\"WebSite\",\"@id\":\"https:\/\/evertonfc.cz\/#website\",\"url\":\"https:\/\/evertonfc.cz\/\",\"name\":\"Official Czech &amp; Slovak Everton Supporters&#039; Club\",\"description\":\"\",\"publisher\":{\"@id\":\"https:\/\/evertonfc.cz\/#organization\"},\"potentialAction\":[{\"@type\":\"SearchAction\",\"target\":{\"@type\":\"EntryPoint\",\"urlTemplate\":\"https:\/\/evertonfc.cz\/?s={search_term_string}\"},\"query-input\":{\"@type\":\"PropertyValueSpecification\",\"valueRequired\":true,\"valueName\":\"search_term_string\"}}],\"inLanguage\":\"cs\"},{\"@type\":\"Organization\",\"@id\":\"https:\/\/evertonfc.cz\/#organization\",\"name\":\"Official Czech & Slovak Everton Supporters' Club\",\"url\":\"https:\/\/evertonfc.cz\/\",\"logo\":{\"@type\":\"ImageObject\",\"inLanguage\":\"cs\",\"@id\":\"https:\/\/evertonfc.cz\/#\/schema\/logo\/image\/\",\"url\":\"https:\/\/evertonfc.cz\/wp-content\/uploads\/2019\/05\/logo.png\",\"contentUrl\":\"https:\/\/evertonfc.cz\/wp-content\/uploads\/2019\/05\/logo.png\",\"width\":112,\"height\":112,\"caption\":\"Official Czech & Slovak Everton Supporters' Club\"},\"image\":{\"@id\":\"https:\/\/evertonfc.cz\/#\/schema\/logo\/image\/\"},\"sameAs\":[\"https:\/\/www.facebook.com\/everton.fans.cz.sk\"]},{\"@type\":\"Person\",\"@id\":\"https:\/\/evertonfc.cz\/#\/schema\/person\/cd6328a75577de2add7793fd4b0930c3\",\"name\":\"Me\u0148a\",\"url\":\"https:\/\/evertonfc.cz\/index.php\/author\/mena\/\"}]}<\/script>\n<!-- \/ Yoast SEO plugin. -->","yoast_head_json":{"title":"Bury - Everton 1:4 - Official Czech &amp; Slovak Everton Supporters&#039; Club","robots":{"index":"index","follow":"follow","max-snippet":"max-snippet:-1","max-image-preview":"max-image-preview:large","max-video-preview":"max-video-preview:-1"},"canonical":"https:\/\/evertonfc.cz\/index.php\/2011\/07\/15\/bury-everton-14\/","og_locale":"cs_CZ","og_type":"article","og_title":"Bury - Everton 1:4 - Official Czech &amp; Slovak Everton Supporters&#039; Club","og_description":"Poklidn\u00fdm tempem a tomu napov\u00eddaj\u00edc\u00edm v\u00fdsledkem vkro\u010dil Everton do s\u00e9rie p\u0159\u00e1telsk\u00fdch z\u00e1pas\u016f. Na h\u0159i\u0161ti \u010dtvrtoligov\u00e9ho Bury si Toffees s chut\u00ed&hellip;","og_url":"https:\/\/evertonfc.cz\/index.php\/2011\/07\/15\/bury-everton-14\/","og_site_name":"Official Czech &amp; Slovak Everton Supporters&#039; Club","article_publisher":"https:\/\/www.facebook.com\/everton.fans.cz.sk","article_published_time":"2011-07-15T12:04:16+00:00","article_modified_time":"2019-02-14T13:24:00+00:00","og_image":[{"width":720,"height":405,"url":"https:\/\/evertonfc.cz\/wp-content\/uploads\/2019\/01\/report.jpg","type":"image\/jpeg"}],"author":"Me\u0148a","twitter_card":"summary_large_image","twitter_misc":{"Napsal(a)":"Me\u0148a","Odhadovan\u00e1 doba \u010dten\u00ed":"2 minuty"},"schema":{"@context":"https:\/\/schema.org","@graph":[{"@type":"Article","@id":"https:\/\/evertonfc.cz\/index.php\/2011\/07\/15\/bury-everton-14\/#article","isPartOf":{"@id":"https:\/\/evertonfc.cz\/index.php\/2011\/07\/15\/bury-everton-14\/"},"author":{"name":"Me\u0148a","@id":"https:\/\/evertonfc.cz\/#\/schema\/person\/cd6328a75577de2add7793fd4b0930c3"},"headline":"Bury &#8211; Everton 1:4","datePublished":"2011-07-15T12:04:16+00:00","dateModified":"2019-02-14T13:24:00+00:00","mainEntityOfPage":{"@id":"https:\/\/evertonfc.cz\/index.php\/2011\/07\/15\/bury-everton-14\/"},"wordCount":352,"commentCount":0,"publisher":{"@id":"https:\/\/evertonfc.cz\/#organization"},"image":{"@id":"https:\/\/evertonfc.cz\/index.php\/2011\/07\/15\/bury-everton-14\/#primaryimage"},"thumbnailUrl":"https:\/\/evertonfc.cz\/wp-content\/uploads\/2019\/01\/report.jpg","articleSection":["Z\u00e1pasy"],"inLanguage":"cs","potentialAction":[{"@type":"CommentAction","name":"Comment","target":["https:\/\/evertonfc.cz\/index.php\/2011\/07\/15\/bury-everton-14\/#respond"]}]},{"@type":"WebPage","@id":"https:\/\/evertonfc.cz\/index.php\/2011\/07\/15\/bury-everton-14\/","url":"https:\/\/evertonfc.cz\/index.php\/2011\/07\/15\/bury-everton-14\/","name":"Bury - Everton 1:4 - Official Czech &amp; Slovak Everton Supporters&#039; Club","isPartOf":{"@id":"https:\/\/evertonfc.cz\/#website"},"primaryImageOfPage":{"@id":"https:\/\/evertonfc.cz\/index.php\/2011\/07\/15\/bury-everton-14\/#primaryimage"},"image":{"@id":"https:\/\/evertonfc.cz\/index.php\/2011\/07\/15\/bury-everton-14\/#primaryimage"},"thumbnailUrl":"https:\/\/evertonfc.cz\/wp-content\/uploads\/2019\/01\/report.jpg","datePublished":"2011-07-15T12:04:16+00:00","dateModified":"2019-02-14T13:24:00+00:00","breadcrumb":{"@id":"https:\/\/evertonfc.cz\/index.php\/2011\/07\/15\/bury-everton-14\/#breadcrumb"},"inLanguage":"cs","potentialAction":[{"@type":"ReadAction","target":["https:\/\/evertonfc.cz\/index.php\/2011\/07\/15\/bury-everton-14\/"]}]},{"@type":"ImageObject","inLanguage":"cs","@id":"https:\/\/evertonfc.cz\/index.php\/2011\/07\/15\/bury-everton-14\/#primaryimage","url":"https:\/\/evertonfc.cz\/wp-content\/uploads\/2019\/01\/report.jpg","contentUrl":"https:\/\/evertonfc.cz\/wp-content\/uploads\/2019\/01\/report.jpg","width":720,"height":405},{"@type":"BreadcrumbList","@id":"https:\/\/evertonfc.cz\/index.php\/2011\/07\/15\/bury-everton-14\/#breadcrumb","itemListElement":[{"@type":"ListItem","position":1,"name":"Home","item":"https:\/\/evertonfc.cz\/"},{"@type":"ListItem","position":2,"name":"Bury &#8211; Everton 1:4"}]},{"@type":"WebSite","@id":"https:\/\/evertonfc.cz\/#website","url":"https:\/\/evertonfc.cz\/","name":"Official Czech &amp; Slovak Everton Supporters&#039; Club","description":"","publisher":{"@id":"https:\/\/evertonfc.cz\/#organization"},"potentialAction":[{"@type":"SearchAction","target":{"@type":"EntryPoint","urlTemplate":"https:\/\/evertonfc.cz\/?s={search_term_string}"},"query-input":{"@type":"PropertyValueSpecification","valueRequired":true,"valueName":"search_term_string"}}],"inLanguage":"cs"},{"@type":"Organization","@id":"https:\/\/evertonfc.cz\/#organization","name":"Official Czech & Slovak Everton Supporters' Club","url":"https:\/\/evertonfc.cz\/","logo":{"@type":"ImageObject","inLanguage":"cs","@id":"https:\/\/evertonfc.cz\/#\/schema\/logo\/image\/","url":"https:\/\/evertonfc.cz\/wp-content\/uploads\/2019\/05\/logo.png","contentUrl":"https:\/\/evertonfc.cz\/wp-content\/uploads\/2019\/05\/logo.png","width":112,"height":112,"caption":"Official Czech & Slovak Everton Supporters' Club"},"image":{"@id":"https:\/\/evertonfc.cz\/#\/schema\/logo\/image\/"},"sameAs":["https:\/\/www.facebook.com\/everton.fans.cz.sk"]},{"@type":"Person","@id":"https:\/\/evertonfc.cz\/#\/schema\/person\/cd6328a75577de2add7793fd4b0930c3","name":"Me\u0148a","url":"https:\/\/evertonfc.cz\/index.php\/author\/mena\/"}]}},"_links":{"self":[{"href":"https:\/\/evertonfc.cz\/index.php\/wp-json\/wp\/v2\/posts\/5164"}],"collection":[{"href":"https:\/\/evertonfc.cz\/index.php\/wp-json\/wp\/v2\/posts"}],"about":[{"href":"https:\/\/evertonfc.cz\/index.php\/wp-json\/wp\/v2\/types\/post"}],"author":[{"embeddable":true,"href":"https:\/\/evertonfc.cz\/index.php\/wp-json\/wp\/v2\/users\/7"}],"replies":[{"embeddable":true,"href":"https:\/\/evertonfc.cz\/index.php\/wp-json\/wp\/v2\/comments?post=5164"}],"version-history":[{"count":1,"href":"https:\/\/evertonfc.cz\/index.php\/wp-json\/wp\/v2\/posts\/5164\/revisions"}],"predecessor-version":[{"id":5177,"href":"https:\/\/evertonfc.cz\/index.php\/wp-json\/wp\/v2\/posts\/5164\/revisions\/5177"}],"wp:featuredmedia":[{"embeddable":true,"href":"https:\/\/evertonfc.cz\/index.php\/wp-json\/wp\/v2\/media\/1315"}],"wp:attachment":[{"href":"https:\/\/evertonfc.cz\/index.php\/wp-json\/wp\/v2\/media?parent=5164"}],"wp:term":[{"taxonomy":"category","embeddable":true,"href":"https:\/\/evertonfc.cz\/index.php\/wp-json\/wp\/v2\/categories?post=5164"},{"taxonomy":"post_tag","embeddable":true,"href":"https:\/\/evertonfc.cz\/index.php\/wp-json\/wp\/v2\/tags?post=5164"}],"curies":[{"name":"wp","href":"https:\/\/api.w.org\/{rel}","templated":true}]}}