{"id":5165,"date":"2013-12-01T14:04:31","date_gmt":"2013-12-01T13:04:31","guid":{"rendered":"http:\/\/evertonfc.cz\/?p=5165"},"modified":"2019-02-14T15:41:48","modified_gmt":"2019-02-14T14:41:48","slug":"everton-stoke-city-40","status":"publish","type":"post","link":"https:\/\/evertonfc.cz\/index.php\/2013\/12\/01\/everton-stoke-city-40\/","title":{"rendered":"Everton &#8211; Stoke City 4:0"},"content":{"rendered":"<h4 id=\"NewsPostDetailSummary\">V naprosto jednozna\u010dnou z\u00e1le\u017eitost se v pod\u00e1n\u00ed Toffees prom\u011bnil posledn\u00ed listopadov\u00fd z\u00e1pas. Potters si z Goodison Parku odvezli \u010dty\u0159g\u00f3lov\u00fd p\u0159\u00edd\u011bl.<\/h4>\n<div id=\"NewsPostDetailContent\">\n<p>Sedm vst\u0159elen\u00fdch g\u00f3l\u016f z posledn\u00edch dvou z\u00e1pas\u016f. Takto skvostnou vizitkou se Everton ji\u017e hodn\u011b dlouho chlubit nemohl a p\u0159ed d\u016fle\u017eit\u00fdmi p\u0159edv\u00e1no\u010dn\u00edmi souboji proti Manchesteru United a Arsenalu si snad ani lep\u0161\u00ed formu p\u0159\u00e1t nem\u016f\u017ee.<\/p>\n<p>Utk\u00e1n\u00ed znamenalo prvn\u00ed start Gerarda Deulofeua v lize a devaten\u00e1ctilet\u00fd mlad\u00edk svoji p\u0159\u00edle\u017eitost oslavil t\u00edm, \u017ee byl u v\u0161eho podstatn\u00e9ho. Nejprve ve t\u0159et\u00ed minut\u011b nebezpe\u010dn\u00fdm p\u0159\u00edm\u00fdm kopem vystra\u0161ill brank\u00e1\u0159e Stoke Begovice a po patn\u00e1cti minut\u00e1ch otestoval pozornost g\u00f3lmana st\u0159elou z \u00fahlu. Do dal\u0161\u00ed \u0161ance se dostal James McCarthy, kter\u00e9mu narazil Lukaku, jeho pokus ale do prostoru br\u00e1ny nem\u00ed\u0159il.<\/p>\n<p>Polovinou prvn\u00edho d\u011bjstv\u00ed Toffees svoji p\u0159evahu je\u0161t\u011b vystup\u0148ovali a zd\u00e1lo se ,\u017ee je jen ot\u00e1zkou \u010dasu, ne\u017e se ocitnou v zaslou\u017een\u00e9m veden\u00ed. Nejprve donutil Begovice k pohotov\u00e9mu z\u00e1kroku Deulofeu a jeho st\u0159\u00edlen\u00fd centr a zanedlouho hlavi\u010dkoval vedle po Oviedov\u011b m\u00ed\u010di Lukaku. Prvn\u00ed g\u00f3l padl v posledn\u00ed minut\u011b prvn\u00ed p\u016fle. Deulofeu si po pr\u016fniku do v\u00e1pna vym\u011bnil m\u00ed\u010d s Pienaarem a Barrym, \u010distou g\u00f3lovkou nepohrdnul a oslavil sv\u016fj prvn\u00ed g\u00f3l v Premier League.<\/p>\n<p>I do druh\u00e9ho polo\u010dasu vl\u00e9tl Everton jak velk\u00e1 voda. Ve 49. minut\u011b vyslal McCarthy do voln\u00e9ho prostoru na lev\u00e9m k\u0159\u00eddle Deulofeua, kter\u00fd si v pokutov\u00e9m \u00fazem\u00ed v\u0161iml Barryho. Ten, a\u0165 ji\u017e \u00famysln\u011b \u010di ne\u00famysln\u011b, prodlou\u017eil m\u00ed\u010d za sebe na voln\u00e9ho Colemana, a ten, by\u0165 s d\u00e1vkou \u0161t\u011bst\u00ed, zakon\u010dil ke vzd\u00e1len\u011bj\u0161\u00ed ty\u010di.<\/p>\n<p>O deset minut pozd\u011bji bylo o osudu z\u00e1pasu rozhodnuto ji\u017e definitivn\u011b. Brian Oviedo, kter\u00fd zaskakoval za zran\u011bn\u00e9ho Leightona Bainese, p\u0159evzal m\u00ed\u010d po kr\u00e1tce rozehran\u00e9m rohu, p\u0159esunul se do v\u00fdhodn\u011bj\u0161\u00ed pozice a jeho kr\u00e1sna d\u011blovka slab\u0161\u00ed prava\u010dkou na\u0161la sv\u016fj c\u00edl p\u0159esn\u011b tam, kde m\u011bla &#8211; ve spodn\u00edm rohu br\u00e1ny.<\/p>\n<p>Potters mohli odpov\u011bd\u011bt ojedin\u011blou \u0161anc\u00ed, Peter Crouch, v\u0161ak Tima Howarda nep\u0159ekonal. Posledn\u00ed h\u0159eb\u00ed\u010dek do pomysln\u00e9 rakve Stoke naopak zatloukl Lukaku, kter\u00fd nepohrdnul Oviedovou p\u0159ihr\u00e1vkou p\u0159ed poloodkrytou br\u00e1nu. Belgick\u00fd \u00fato\u010dn\u00edk pak uvolnil m\u00edsto na h\u0159i\u0161ti Jelavi\u0107ovi a ten mohl g\u00f3lov\u00fd \u00fa\u010det z\u00e1pasu zakulatit na \u010d\u00edslo p\u011bt, tv\u00e1\u0159\u00ed v tv\u00e1\u0159 Begovic\u00f3vi ov\u0161em chorvatsk\u00fd ne\u0161\u0165astn\u00edk nedal.<\/p>\n<p>Highlighty ke zhl\u00e9dnut\u00ed\u00a0<a href=\"http:\/\/www.evertonfc.com\/evertontv\/home\/9646\" target=\"_blank\" rel=\"noopener\">zde<\/a>\u00a0nebo\u00a0<a href=\"http:\/\/www.footytube.com\/video\/everton-v-stoke-city-244292?ref=wv_relbox\" target=\"_blank\" rel=\"noopener\">zde<\/a>.<\/p>\n<p><strong>Branky:<\/strong>\u00a045. Deulofeu, 49. Coleman, 58. Oviedo, 79. Lukaku<\/p>\n<p><strong>Everton:\u00a0<\/strong>Howard, Coleman, Jagielka, Distin, Oviedo, Deulofeu, Barry, McCarthy (74. Stones), Osman, Pienaar (83. Mirallas), Lukaku (80. Jelavi\u0107)<\/p>\n<p><strong>Stoke City:<\/strong>\u00a0Begovic, Cameron, Pieters, Whelan, Shawcross, Muniesa, Walters (59. Shea), N\u00b4Zonzi, Crouch, Adam (59. Jones), Assaidi<\/p>\n<p><strong>St\u0159ely celkov\u011b:<\/strong>\u00a022 &#8211; 4<\/p>\n<p><strong>St\u0159ely na br\u00e1nu:<\/strong>\u00a012 &#8211; 3<\/p>\n<p><strong>Rohov\u00e9 kopy:<\/strong>\u00a09 &#8211; 3<\/p>\n<\/div>\n","protected":false},"excerpt":{"rendered":"<p>V naprosto jednozna\u010dnou z\u00e1le\u017eitost se v pod\u00e1n\u00ed Toffees prom\u011bnil posledn\u00ed listopadov\u00fd z\u00e1pas. Potters si z Goodison Parku odvezli \u010dty\u0159g\u00f3lov\u00fd p\u0159\u00edd\u011bl.&hellip;<\/p>\n","protected":false},"author":7,"featured_media":1315,"comment_status":"open","ping_status":"closed","sticky":false,"template":"","format":"standard","meta":{"_eb_attr":"","_monsterinsights_skip_tracking":false,"_monsterinsights_sitenote_active":false,"_monsterinsights_sitenote_note":"","_monsterinsights_sitenote_category":0,"footnotes":""},"categories":[4],"tags":[],"yoast_head":"<!-- This site is optimized with the Yoast SEO plugin v23.4 - https:\/\/yoast.com\/wordpress\/plugins\/seo\/ -->\n<title>Everton - Stoke City 4:0 - Official Czech &amp; Slovak Everton Supporters&#039; Club<\/title>\n<meta name=\"robots\" content=\"index, follow, max-snippet:-1, max-image-preview:large, max-video-preview:-1\" \/>\n<link rel=\"canonical\" href=\"https:\/\/evertonfc.cz\/index.php\/2013\/12\/01\/everton-stoke-city-40\/\" \/>\n<meta property=\"og:locale\" content=\"cs_CZ\" \/>\n<meta property=\"og:type\" content=\"article\" \/>\n<meta property=\"og:title\" content=\"Everton - Stoke City 4:0 - Official Czech &amp; Slovak Everton Supporters&#039; Club\" \/>\n<meta property=\"og:description\" content=\"V naprosto jednozna\u010dnou z\u00e1le\u017eitost se v pod\u00e1n\u00ed Toffees prom\u011bnil posledn\u00ed listopadov\u00fd z\u00e1pas. Potters si z Goodison Parku odvezli \u010dty\u0159g\u00f3lov\u00fd p\u0159\u00edd\u011bl.&hellip;\" \/>\n<meta property=\"og:url\" content=\"https:\/\/evertonfc.cz\/index.php\/2013\/12\/01\/everton-stoke-city-40\/\" \/>\n<meta property=\"og:site_name\" content=\"Official Czech &amp; Slovak Everton Supporters&#039; Club\" \/>\n<meta property=\"article:publisher\" content=\"https:\/\/www.facebook.com\/everton.fans.cz.sk\" \/>\n<meta property=\"article:published_time\" content=\"2013-12-01T13:04:31+00:00\" \/>\n<meta property=\"article:modified_time\" content=\"2019-02-14T14:41:48+00:00\" \/>\n<meta property=\"og:image\" content=\"https:\/\/evertonfc.cz\/wp-content\/uploads\/2019\/01\/report.jpg\" \/>\n\t<meta property=\"og:image:width\" content=\"720\" \/>\n\t<meta property=\"og:image:height\" content=\"405\" \/>\n\t<meta property=\"og:image:type\" content=\"image\/jpeg\" \/>\n<meta name=\"author\" content=\"Me\u0148a\" \/>\n<meta name=\"twitter:card\" content=\"summary_large_image\" \/>\n<meta name=\"twitter:label1\" content=\"Napsal(a)\" \/>\n\t<meta name=\"twitter:data1\" content=\"Me\u0148a\" \/>\n\t<meta name=\"twitter:label2\" content=\"Odhadovan\u00e1 doba \u010dten\u00ed\" \/>\n\t<meta name=\"twitter:data2\" content=\"3 minuty\" \/>\n<script type=\"application\/ld+json\" class=\"yoast-schema-graph\">{\"@context\":\"https:\/\/schema.org\",\"@graph\":[{\"@type\":\"Article\",\"@id\":\"https:\/\/evertonfc.cz\/index.php\/2013\/12\/01\/everton-stoke-city-40\/#article\",\"isPartOf\":{\"@id\":\"https:\/\/evertonfc.cz\/index.php\/2013\/12\/01\/everton-stoke-city-40\/\"},\"author\":{\"name\":\"Me\u0148a\",\"@id\":\"https:\/\/evertonfc.cz\/#\/schema\/person\/cd6328a75577de2add7793fd4b0930c3\"},\"headline\":\"Everton &#8211; Stoke City 4:0\",\"datePublished\":\"2013-12-01T13:04:31+00:00\",\"dateModified\":\"2019-02-14T14:41:48+00:00\",\"mainEntityOfPage\":{\"@id\":\"https:\/\/evertonfc.cz\/index.php\/2013\/12\/01\/everton-stoke-city-40\/\"},\"wordCount\":525,\"commentCount\":0,\"publisher\":{\"@id\":\"https:\/\/evertonfc.cz\/#organization\"},\"image\":{\"@id\":\"https:\/\/evertonfc.cz\/index.php\/2013\/12\/01\/everton-stoke-city-40\/#primaryimage\"},\"thumbnailUrl\":\"https:\/\/evertonfc.cz\/wp-content\/uploads\/2019\/01\/report.jpg\",\"articleSection\":[\"Z\u00e1pasy\"],\"inLanguage\":\"cs\",\"potentialAction\":[{\"@type\":\"CommentAction\",\"name\":\"Comment\",\"target\":[\"https:\/\/evertonfc.cz\/index.php\/2013\/12\/01\/everton-stoke-city-40\/#respond\"]}]},{\"@type\":\"WebPage\",\"@id\":\"https:\/\/evertonfc.cz\/index.php\/2013\/12\/01\/everton-stoke-city-40\/\",\"url\":\"https:\/\/evertonfc.cz\/index.php\/2013\/12\/01\/everton-stoke-city-40\/\",\"name\":\"Everton - Stoke City 4:0 - Official Czech &amp; Slovak Everton Supporters&#039; Club\",\"isPartOf\":{\"@id\":\"https:\/\/evertonfc.cz\/#website\"},\"primaryImageOfPage\":{\"@id\":\"https:\/\/evertonfc.cz\/index.php\/2013\/12\/01\/everton-stoke-city-40\/#primaryimage\"},\"image\":{\"@id\":\"https:\/\/evertonfc.cz\/index.php\/2013\/12\/01\/everton-stoke-city-40\/#primaryimage\"},\"thumbnailUrl\":\"https:\/\/evertonfc.cz\/wp-content\/uploads\/2019\/01\/report.jpg\",\"datePublished\":\"2013-12-01T13:04:31+00:00\",\"dateModified\":\"2019-02-14T14:41:48+00:00\",\"breadcrumb\":{\"@id\":\"https:\/\/evertonfc.cz\/index.php\/2013\/12\/01\/everton-stoke-city-40\/#breadcrumb\"},\"inLanguage\":\"cs\",\"potentialAction\":[{\"@type\":\"ReadAction\",\"target\":[\"https:\/\/evertonfc.cz\/index.php\/2013\/12\/01\/everton-stoke-city-40\/\"]}]},{\"@type\":\"ImageObject\",\"inLanguage\":\"cs\",\"@id\":\"https:\/\/evertonfc.cz\/index.php\/2013\/12\/01\/everton-stoke-city-40\/#primaryimage\",\"url\":\"https:\/\/evertonfc.cz\/wp-content\/uploads\/2019\/01\/report.jpg\",\"contentUrl\":\"https:\/\/evertonfc.cz\/wp-content\/uploads\/2019\/01\/report.jpg\",\"width\":720,\"height\":405},{\"@type\":\"BreadcrumbList\",\"@id\":\"https:\/\/evertonfc.cz\/index.php\/2013\/12\/01\/everton-stoke-city-40\/#breadcrumb\",\"itemListElement\":[{\"@type\":\"ListItem\",\"position\":1,\"name\":\"Home\",\"item\":\"https:\/\/evertonfc.cz\/\"},{\"@type\":\"ListItem\",\"position\":2,\"name\":\"Everton &#8211; Stoke City 4:0\"}]},{\"@type\":\"WebSite\",\"@id\":\"https:\/\/evertonfc.cz\/#website\",\"url\":\"https:\/\/evertonfc.cz\/\",\"name\":\"Official Czech &amp; Slovak Everton Supporters&#039; Club\",\"description\":\"\",\"publisher\":{\"@id\":\"https:\/\/evertonfc.cz\/#organization\"},\"potentialAction\":[{\"@type\":\"SearchAction\",\"target\":{\"@type\":\"EntryPoint\",\"urlTemplate\":\"https:\/\/evertonfc.cz\/?s={search_term_string}\"},\"query-input\":{\"@type\":\"PropertyValueSpecification\",\"valueRequired\":true,\"valueName\":\"search_term_string\"}}],\"inLanguage\":\"cs\"},{\"@type\":\"Organization\",\"@id\":\"https:\/\/evertonfc.cz\/#organization\",\"name\":\"Official Czech & Slovak Everton Supporters' Club\",\"url\":\"https:\/\/evertonfc.cz\/\",\"logo\":{\"@type\":\"ImageObject\",\"inLanguage\":\"cs\",\"@id\":\"https:\/\/evertonfc.cz\/#\/schema\/logo\/image\/\",\"url\":\"https:\/\/evertonfc.cz\/wp-content\/uploads\/2019\/05\/logo.png\",\"contentUrl\":\"https:\/\/evertonfc.cz\/wp-content\/uploads\/2019\/05\/logo.png\",\"width\":112,\"height\":112,\"caption\":\"Official Czech & Slovak Everton Supporters' Club\"},\"image\":{\"@id\":\"https:\/\/evertonfc.cz\/#\/schema\/logo\/image\/\"},\"sameAs\":[\"https:\/\/www.facebook.com\/everton.fans.cz.sk\"]},{\"@type\":\"Person\",\"@id\":\"https:\/\/evertonfc.cz\/#\/schema\/person\/cd6328a75577de2add7793fd4b0930c3\",\"name\":\"Me\u0148a\",\"url\":\"https:\/\/evertonfc.cz\/index.php\/author\/mena\/\"}]}<\/script>\n<!-- \/ Yoast SEO plugin. -->","yoast_head_json":{"title":"Everton - Stoke City 4:0 - Official Czech &amp; Slovak Everton Supporters&#039; Club","robots":{"index":"index","follow":"follow","max-snippet":"max-snippet:-1","max-image-preview":"max-image-preview:large","max-video-preview":"max-video-preview:-1"},"canonical":"https:\/\/evertonfc.cz\/index.php\/2013\/12\/01\/everton-stoke-city-40\/","og_locale":"cs_CZ","og_type":"article","og_title":"Everton - Stoke City 4:0 - Official Czech &amp; Slovak Everton Supporters&#039; Club","og_description":"V naprosto jednozna\u010dnou z\u00e1le\u017eitost se v pod\u00e1n\u00ed Toffees prom\u011bnil posledn\u00ed listopadov\u00fd z\u00e1pas. Potters si z Goodison Parku odvezli \u010dty\u0159g\u00f3lov\u00fd p\u0159\u00edd\u011bl.&hellip;","og_url":"https:\/\/evertonfc.cz\/index.php\/2013\/12\/01\/everton-stoke-city-40\/","og_site_name":"Official Czech &amp; Slovak Everton Supporters&#039; Club","article_publisher":"https:\/\/www.facebook.com\/everton.fans.cz.sk","article_published_time":"2013-12-01T13:04:31+00:00","article_modified_time":"2019-02-14T14:41:48+00:00","og_image":[{"width":720,"height":405,"url":"https:\/\/evertonfc.cz\/wp-content\/uploads\/2019\/01\/report.jpg","type":"image\/jpeg"}],"author":"Me\u0148a","twitter_card":"summary_large_image","twitter_misc":{"Napsal(a)":"Me\u0148a","Odhadovan\u00e1 doba \u010dten\u00ed":"3 minuty"},"schema":{"@context":"https:\/\/schema.org","@graph":[{"@type":"Article","@id":"https:\/\/evertonfc.cz\/index.php\/2013\/12\/01\/everton-stoke-city-40\/#article","isPartOf":{"@id":"https:\/\/evertonfc.cz\/index.php\/2013\/12\/01\/everton-stoke-city-40\/"},"author":{"name":"Me\u0148a","@id":"https:\/\/evertonfc.cz\/#\/schema\/person\/cd6328a75577de2add7793fd4b0930c3"},"headline":"Everton &#8211; Stoke City 4:0","datePublished":"2013-12-01T13:04:31+00:00","dateModified":"2019-02-14T14:41:48+00:00","mainEntityOfPage":{"@id":"https:\/\/evertonfc.cz\/index.php\/2013\/12\/01\/everton-stoke-city-40\/"},"wordCount":525,"commentCount":0,"publisher":{"@id":"https:\/\/evertonfc.cz\/#organization"},"image":{"@id":"https:\/\/evertonfc.cz\/index.php\/2013\/12\/01\/everton-stoke-city-40\/#primaryimage"},"thumbnailUrl":"https:\/\/evertonfc.cz\/wp-content\/uploads\/2019\/01\/report.jpg","articleSection":["Z\u00e1pasy"],"inLanguage":"cs","potentialAction":[{"@type":"CommentAction","name":"Comment","target":["https:\/\/evertonfc.cz\/index.php\/2013\/12\/01\/everton-stoke-city-40\/#respond"]}]},{"@type":"WebPage","@id":"https:\/\/evertonfc.cz\/index.php\/2013\/12\/01\/everton-stoke-city-40\/","url":"https:\/\/evertonfc.cz\/index.php\/2013\/12\/01\/everton-stoke-city-40\/","name":"Everton - Stoke City 4:0 - Official Czech &amp; Slovak Everton Supporters&#039; Club","isPartOf":{"@id":"https:\/\/evertonfc.cz\/#website"},"primaryImageOfPage":{"@id":"https:\/\/evertonfc.cz\/index.php\/2013\/12\/01\/everton-stoke-city-40\/#primaryimage"},"image":{"@id":"https:\/\/evertonfc.cz\/index.php\/2013\/12\/01\/everton-stoke-city-40\/#primaryimage"},"thumbnailUrl":"https:\/\/evertonfc.cz\/wp-content\/uploads\/2019\/01\/report.jpg","datePublished":"2013-12-01T13:04:31+00:00","dateModified":"2019-02-14T14:41:48+00:00","breadcrumb":{"@id":"https:\/\/evertonfc.cz\/index.php\/2013\/12\/01\/everton-stoke-city-40\/#breadcrumb"},"inLanguage":"cs","potentialAction":[{"@type":"ReadAction","target":["https:\/\/evertonfc.cz\/index.php\/2013\/12\/01\/everton-stoke-city-40\/"]}]},{"@type":"ImageObject","inLanguage":"cs","@id":"https:\/\/evertonfc.cz\/index.php\/2013\/12\/01\/everton-stoke-city-40\/#primaryimage","url":"https:\/\/evertonfc.cz\/wp-content\/uploads\/2019\/01\/report.jpg","contentUrl":"https:\/\/evertonfc.cz\/wp-content\/uploads\/2019\/01\/report.jpg","width":720,"height":405},{"@type":"BreadcrumbList","@id":"https:\/\/evertonfc.cz\/index.php\/2013\/12\/01\/everton-stoke-city-40\/#breadcrumb","itemListElement":[{"@type":"ListItem","position":1,"name":"Home","item":"https:\/\/evertonfc.cz\/"},{"@type":"ListItem","position":2,"name":"Everton &#8211; Stoke City 4:0"}]},{"@type":"WebSite","@id":"https:\/\/evertonfc.cz\/#website","url":"https:\/\/evertonfc.cz\/","name":"Official Czech &amp; Slovak Everton Supporters&#039; Club","description":"","publisher":{"@id":"https:\/\/evertonfc.cz\/#organization"},"potentialAction":[{"@type":"SearchAction","target":{"@type":"EntryPoint","urlTemplate":"https:\/\/evertonfc.cz\/?s={search_term_string}"},"query-input":{"@type":"PropertyValueSpecification","valueRequired":true,"valueName":"search_term_string"}}],"inLanguage":"cs"},{"@type":"Organization","@id":"https:\/\/evertonfc.cz\/#organization","name":"Official Czech & Slovak Everton Supporters' Club","url":"https:\/\/evertonfc.cz\/","logo":{"@type":"ImageObject","inLanguage":"cs","@id":"https:\/\/evertonfc.cz\/#\/schema\/logo\/image\/","url":"https:\/\/evertonfc.cz\/wp-content\/uploads\/2019\/05\/logo.png","contentUrl":"https:\/\/evertonfc.cz\/wp-content\/uploads\/2019\/05\/logo.png","width":112,"height":112,"caption":"Official Czech & Slovak Everton Supporters' Club"},"image":{"@id":"https:\/\/evertonfc.cz\/#\/schema\/logo\/image\/"},"sameAs":["https:\/\/www.facebook.com\/everton.fans.cz.sk"]},{"@type":"Person","@id":"https:\/\/evertonfc.cz\/#\/schema\/person\/cd6328a75577de2add7793fd4b0930c3","name":"Me\u0148a","url":"https:\/\/evertonfc.cz\/index.php\/author\/mena\/"}]}},"_links":{"self":[{"href":"https:\/\/evertonfc.cz\/index.php\/wp-json\/wp\/v2\/posts\/5165"}],"collection":[{"href":"https:\/\/evertonfc.cz\/index.php\/wp-json\/wp\/v2\/posts"}],"about":[{"href":"https:\/\/evertonfc.cz\/index.php\/wp-json\/wp\/v2\/types\/post"}],"author":[{"embeddable":true,"href":"https:\/\/evertonfc.cz\/index.php\/wp-json\/wp\/v2\/users\/7"}],"replies":[{"embeddable":true,"href":"https:\/\/evertonfc.cz\/index.php\/wp-json\/wp\/v2\/comments?post=5165"}],"version-history":[{"count":3,"href":"https:\/\/evertonfc.cz\/index.php\/wp-json\/wp\/v2\/posts\/5165\/revisions"}],"predecessor-version":[{"id":5239,"href":"https:\/\/evertonfc.cz\/index.php\/wp-json\/wp\/v2\/posts\/5165\/revisions\/5239"}],"wp:featuredmedia":[{"embeddable":true,"href":"https:\/\/evertonfc.cz\/index.php\/wp-json\/wp\/v2\/media\/1315"}],"wp:attachment":[{"href":"https:\/\/evertonfc.cz\/index.php\/wp-json\/wp\/v2\/media?parent=5165"}],"wp:term":[{"taxonomy":"category","embeddable":true,"href":"https:\/\/evertonfc.cz\/index.php\/wp-json\/wp\/v2\/categories?post=5165"},{"taxonomy":"post_tag","embeddable":true,"href":"https:\/\/evertonfc.cz\/index.php\/wp-json\/wp\/v2\/tags?post=5165"}],"curies":[{"name":"wp","href":"https:\/\/api.w.org\/{rel}","templated":true}]}}