{"id":5167,"date":"2013-11-29T14:05:21","date_gmt":"2013-11-29T13:05:21","guid":{"rendered":"http:\/\/evertonfc.cz\/?p=5167"},"modified":"2024-11-02T13:45:51","modified_gmt":"2024-11-02T12:45:51","slug":"preview-everton-stoke-city-5","status":"publish","type":"post","link":"https:\/\/evertonfc.cz\/index.php\/2013\/11\/29\/preview-everton-stoke-city-5\/","title":{"rendered":"Preview: Everton &#8211; Stoke City"},"content":{"rendered":"<h4 id=\"NewsPostDetailSummary\">Na Goodison zav\u00edt\u00e1 posledn\u00ed listopadov\u00fd den Stoke City a s ohledem na dob\u0159e rozehranou sez\u00f3nu by se zcela jist\u011b slu\u0161elo dos\u00e1hnout na prvn\u00ed v\u00edt\u011bzstv\u00ed v pr\u00e1v\u011b kon\u010d\u00edc\u00edm m\u011bs\u00edci.<\/h4>\n<div id=\"NewsPostDetailContent\">\n<p>V\u011bt\u0161ina z n\u00e1s sice je\u0161t\u011b vzpom\u00edn\u00e1 (a vlastn\u011b dlouho bude) na v\u00fdborn\u00e9 Merseyside derby z minul\u00e9ho v\u00edkendu, Roberto Mart\u00ednez a hr\u00e1\u010di se ov\u0161em ji\u017e soust\u0159ed\u00ed na sobotn\u00ed odpoledne. P\u0159ed t\u011b\u017ek\u00fdmi v\u00fdjezdy do domov\u016f Manchesteru United a Arsenalu jsou t\u0159i body na dom\u00e1c\u00ed p\u016fd\u011b tak\u0159ka povinnost\u00ed, zvl\u00e1\u0161\u0165 pokud vezmeme v potaz aktu\u00e1ln\u00ed s\u00e9rii t\u0159\u00ed nerozhodn\u00fdch v\u00fdsledk\u016f. Proti Potters hovo\u0159\u00ed tak\u00e9 statistika, z Goodison Parku si od roku 1966 odvezli z 22 p\u0159\u00edpad\u016f jenom dv\u011b v\u00fdhry. A v leto\u0161n\u00edm ro\u010dn\u00edku Premier League nasb\u00edrali mimo Britannia Stadium pouze \u010dty\u0159i body z \u0161esti v\u00fdjezd\u016f.<\/p>\n<p>Mark Hughes, kter\u00fd nahradil v l\u00e9t\u011b po sedmi letech Tonyho Pulise, st\u00e1le buduje hern\u00ed tv\u00e1\u0159 t\u00fdmu. A nutno podotknout, \u017ee Pulis vtiskl Stoke velmi charakteristick\u00fd a osobit\u00fd styl, jen\u017e nelze p\u0159em\u011bnit b\u011bhem n\u011bkolika t\u00fddn\u016f. P\u0159edseda Peter Coates se tedy zcela jist\u011b spokoj\u00ed v prvn\u00edm roce Hughese s klidnou z\u00e1chranou v sout\u011b\u017ei.<\/p>\n<p>Everton se mus\u00ed vypo\u0159\u00e1dat s absenc\u00ed Leightona Baines chyb\u011bj\u00edc\u00edho se zlomen\u00fdm palcem na noze. Reprezenta\u010dn\u00ed obr\u00e1nce pat\u0159\u00ed v posledn\u00edch letech spolu s Timem Howardem k nevyt\u011b\u017eovan\u011bj\u0161\u00edm hr\u00e1\u010d\u016fm, mu\u017estvo ho bude zcela jist\u011b postr\u00e1dat, i kdy\u017e v Mart\u00ednezov\u011b syst\u00e9mu nen\u00ed jeho role tak d\u016fle\u017eit\u00e1, jako za Davida Moyese.<\/p>\n<p>Nab\u00edz\u00ed se jasn\u00e1 ot\u00e1zka \u2013 koho za Bainese? Prvn\u00ed my\u0161lenka pad\u00e1 na Bryana Ovieda, Kostari\u010dan na svou v\u011bt\u0161\u00ed \u0161anci v prvn\u00edm t\u00fdmu st\u00e1le \u010dek\u00e1, a to p\u0159i\u0161el na konci l\u00e9ta roku 2012. Dal\u0161\u00ed kandid\u00e1tem je Gareth Barry, ten jako lev\u00fd obr\u00e1nce nastupoval na za\u010d\u00e1tku kari\u00e9ry a Merseyside derby dohr\u00e1l na tomto postu. Nesm\u00edme zapom\u00ednat tak\u00e9 na Sylvaina Distina, nebo Tonyho Hibberta.<\/p>\n<p>S uzdraven\u00edm obl\u00edbence Antol\u00edna Alcaraze mo\u017en\u00e1 Roberto Mart\u00ednez zkus\u00ed rozestaven\u00ed 5-3-2 se t\u0159emi st\u0159edn\u00edmi obr\u00e1nci a dv\u011bma ofenzivn\u00edmi krajn\u00edmi beky. V letn\u00ed p\u0159\u00edprav\u011b si Toffees toto rozestaven\u00ed vyzkou\u0161eli. Vy\u0159e\u0161il by se probl\u00e9m s chyb\u011bj\u00edc\u00edmi k\u0159\u00eddeln\u00edmi z\u00e1lo\u017en\u00edky a Kevin Mirallas by v \u00fatoku dostal v\u011bt\u0161\u00ed volnost.<\/p>\n<h4><strong>Z\u00e1pasov\u00e1 fakta<\/strong><\/h4>\n<p>Vz\u00e1jemn\u00e1<br \/>\n\u2022 v posledn\u00edch sedmi utk\u00e1n\u00edch padlo dev\u011bt branek<br \/>\n\u2022 Potters zv\u00edt\u011bzili ve dvou z 10 souboj\u016f v\u00a0Premier League<br \/>\n\u2022 Stoke vyhr\u00e1l na Goodison Parku jednou za posledn\u00edch 32 let, v\u00a0prosinci roku 2011 se radoval po triumfu 2:0.<\/p>\n<p>Everton<br \/>\n\u2022 7. m\u00edsto s 21 body, sk\u00f3re 17:13<br \/>\n\u2022 v kalend\u00e1\u0159n\u00edm roce na dom\u00e1c\u00edm h\u0159i\u0161ti neprohr\u00e1l (10 v\u00fdher, 5 rem\u00edz)<br \/>\n\u2022 radost z jedin\u00e9 ligov\u00e9 por\u00e1\u017eky znehodnocuje hned \u0161est rem\u00edz, spolu s West Bromem nejv\u00edce v\u00a0Premiership.<\/p>\n<p>Stoke<br \/>\n\u2022 14. m\u00edsto s 14 body, sk\u00f3re 12:14<br \/>\n\u2022 probl\u00e9m se st\u0159\u00edlen\u00edm branek je z\u0159ejm\u00fd, ve 12 kolech zaznamenal stejn\u00fd po\u010det g\u00f3l\u016f<br \/>\n\u2022 \u0159ad\u00ed se k t\u0159em klub\u016fm, kter\u00e9 letos je\u0161t\u011b nesk\u00f3rovaly hlavou, na branku soupe\u0159e si p\u0159ipsal \u010dty\u0159i hlavi\u010dkov\u00e9 pokusy, nejm\u00e9n\u011b ze v\u0161ech celk\u016f Premier League<br \/>\n\u2022 jeden\u00e1ct ze 14 obdr\u017een\u00fdch branek inkasoval na venkovn\u00edch h\u0159i\u0161t\u00edch<br \/>\n\u2022 Glenn Whelan na\u0161el adres\u00e1ta ve v\u0161ech ze sv\u00fdch 63 p\u0159ihr\u00e1vek v z\u00e1pase proti Sunderlandu, od sez\u00f3ny 2006\/07 dr\u017e\u00ed lep\u0161\u00ed statistiku (67) jen Leon Britton ze Swansea, stalo se tak v duelu s Boltonem v \u0159\u00edjnu roku 2011.<\/p>\n<h4><strong>T\u00fdmov\u00e9 novinky<\/strong><\/h4>\n<p>Leighton Baines se p\u0159idal k dlouhodob\u011b zran\u011bn\u00fdm Darronu Gibsonovi a Arounovi Kon\u00e9mu. Letn\u00ed posila Antonl\u00edn Alcaraz kone\u010dn\u011b uzdravil probl\u00e9mov\u00e9 t\u0159\u00edslo a je p\u0159ipraven p\u0159ipsat si prvn\u00ed sout\u011b\u017en\u00ed start za EFC.<\/p>\n<p><strong>Everton:<\/strong> Howard, Robles, Alcaraz, Coleman, Distin, Heitinga, Hibbert, Jagielka, Oviedo, Stones, Barkley, Barry, McCarthy, Osman, Pienaar, Deulofeu, Jelavi\u0107, Lukaku, Mirallas, Naismith, Vellios.<\/p>\n<p>Stoper Robert Huth podstoup\u00ed operaci kolena, proto stejn\u011b jako Marko Arnautovi\u0107 (stehenn\u00ed sval) nenastoup\u00ed. Trojice Marc Wilson, Stephen Ireland a Kenwyne Jones si po\u010dk\u00e1 na zdravotn\u00ed testy p\u0159ed v\u00fdkopem.<\/p>\n<p><strong>Stoke:<\/strong> Begovi\u0107, S\u00f8rensen, Cameron, Muniesa, Pieters, Shawcross, Wilkinson, Wilson (?), Adam, Assaidi, Edu, Etherington, Ireland (?), Ness, N\u2019Zonzi, Palacios, Pennant, Shea, Whelan, Crouch, Jones (?), Walters.<\/p>\n<p><strong>Co:<\/strong>\u00a0Everton FC &#8211; Stoke City FC, 13. kolo Premier League<br \/>\n<strong>Kdy:<\/strong>\u00a030. 11. 2013 od 16:00 SE\u010c<br \/>\n<strong>Kde:<\/strong>\u00a0Goodison Park, Liverpool (kapacita: 40 157)<br \/>\n<strong>Rozhod\u010d\u00ed:<\/strong>\u00a0Mike Jones<\/p>\n<\/div>\n","protected":false},"excerpt":{"rendered":"<p>Na Goodison zav\u00edt\u00e1 posledn\u00ed listopadov\u00fd den Stoke City a s ohledem na dob\u0159e rozehranou sez\u00f3nu by se zcela jist\u011b slu\u0161elo&hellip;<\/p>\n","protected":false},"author":6,"featured_media":25543,"comment_status":"open","ping_status":"closed","sticky":false,"template":"","format":"standard","meta":{"_eb_attr":"","_monsterinsights_skip_tracking":false,"_monsterinsights_sitenote_active":false,"_monsterinsights_sitenote_note":"","_monsterinsights_sitenote_category":0,"footnotes":""},"categories":[4],"tags":[],"yoast_head":"<!-- This site is optimized with the Yoast SEO plugin v23.4 - https:\/\/yoast.com\/wordpress\/plugins\/seo\/ -->\n<title>Preview: Everton - Stoke City - Official Czech &amp; Slovak Everton Supporters&#039; Club<\/title>\n<meta name=\"robots\" content=\"index, follow, max-snippet:-1, max-image-preview:large, max-video-preview:-1\" \/>\n<link rel=\"canonical\" href=\"https:\/\/evertonfc.cz\/index.php\/2013\/11\/29\/preview-everton-stoke-city-5\/\" \/>\n<meta property=\"og:locale\" content=\"cs_CZ\" \/>\n<meta property=\"og:type\" content=\"article\" \/>\n<meta property=\"og:title\" content=\"Preview: Everton - Stoke City - Official Czech &amp; Slovak Everton Supporters&#039; Club\" \/>\n<meta property=\"og:description\" content=\"Na Goodison zav\u00edt\u00e1 posledn\u00ed listopadov\u00fd den Stoke City a s ohledem na dob\u0159e rozehranou sez\u00f3nu by se zcela jist\u011b slu\u0161elo&hellip;\" \/>\n<meta property=\"og:url\" content=\"https:\/\/evertonfc.cz\/index.php\/2013\/11\/29\/preview-everton-stoke-city-5\/\" \/>\n<meta property=\"og:site_name\" content=\"Official Czech &amp; Slovak Everton Supporters&#039; Club\" \/>\n<meta property=\"article:publisher\" content=\"https:\/\/www.facebook.com\/everton.fans.cz.sk\" \/>\n<meta property=\"article:published_time\" content=\"2013-11-29T13:05:21+00:00\" \/>\n<meta property=\"article:modified_time\" content=\"2024-11-02T12:45:51+00:00\" \/>\n<meta property=\"og:image\" content=\"https:\/\/evertonfc.cz\/wp-content\/uploads\/2024\/11\/Everton-VS-Stoke-City.png\" \/>\n\t<meta property=\"og:image:width\" content=\"720\" \/>\n\t<meta property=\"og:image:height\" content=\"405\" \/>\n\t<meta property=\"og:image:type\" content=\"image\/png\" \/>\n<meta name=\"author\" content=\"Ri\u010di\" \/>\n<meta name=\"twitter:card\" content=\"summary_large_image\" \/>\n<meta name=\"twitter:creator\" content=\"@rbrejsa\" \/>\n<meta name=\"twitter:label1\" content=\"Napsal(a)\" \/>\n\t<meta name=\"twitter:data1\" content=\"Ri\u010di\" \/>\n\t<meta name=\"twitter:label2\" content=\"Odhadovan\u00e1 doba \u010dten\u00ed\" \/>\n\t<meta name=\"twitter:data2\" content=\"4 minuty\" \/>\n<script type=\"application\/ld+json\" class=\"yoast-schema-graph\">{\"@context\":\"https:\/\/schema.org\",\"@graph\":[{\"@type\":\"Article\",\"@id\":\"https:\/\/evertonfc.cz\/index.php\/2013\/11\/29\/preview-everton-stoke-city-5\/#article\",\"isPartOf\":{\"@id\":\"https:\/\/evertonfc.cz\/index.php\/2013\/11\/29\/preview-everton-stoke-city-5\/\"},\"author\":{\"name\":\"Ri\u010di\",\"@id\":\"https:\/\/evertonfc.cz\/#\/schema\/person\/f7a5daedb2ffee98480bc70e191aaef1\"},\"headline\":\"Preview: Everton &#8211; Stoke City\",\"datePublished\":\"2013-11-29T13:05:21+00:00\",\"dateModified\":\"2024-11-02T12:45:51+00:00\",\"mainEntityOfPage\":{\"@id\":\"https:\/\/evertonfc.cz\/index.php\/2013\/11\/29\/preview-everton-stoke-city-5\/\"},\"wordCount\":791,\"commentCount\":0,\"publisher\":{\"@id\":\"https:\/\/evertonfc.cz\/#organization\"},\"image\":{\"@id\":\"https:\/\/evertonfc.cz\/index.php\/2013\/11\/29\/preview-everton-stoke-city-5\/#primaryimage\"},\"thumbnailUrl\":\"https:\/\/evertonfc.cz\/wp-content\/uploads\/2024\/11\/Everton-VS-Stoke-City.png\",\"articleSection\":[\"Z\u00e1pasy\"],\"inLanguage\":\"cs\",\"potentialAction\":[{\"@type\":\"CommentAction\",\"name\":\"Comment\",\"target\":[\"https:\/\/evertonfc.cz\/index.php\/2013\/11\/29\/preview-everton-stoke-city-5\/#respond\"]}]},{\"@type\":\"WebPage\",\"@id\":\"https:\/\/evertonfc.cz\/index.php\/2013\/11\/29\/preview-everton-stoke-city-5\/\",\"url\":\"https:\/\/evertonfc.cz\/index.php\/2013\/11\/29\/preview-everton-stoke-city-5\/\",\"name\":\"Preview: Everton - Stoke City - Official Czech &amp; Slovak Everton Supporters&#039; Club\",\"isPartOf\":{\"@id\":\"https:\/\/evertonfc.cz\/#website\"},\"primaryImageOfPage\":{\"@id\":\"https:\/\/evertonfc.cz\/index.php\/2013\/11\/29\/preview-everton-stoke-city-5\/#primaryimage\"},\"image\":{\"@id\":\"https:\/\/evertonfc.cz\/index.php\/2013\/11\/29\/preview-everton-stoke-city-5\/#primaryimage\"},\"thumbnailUrl\":\"https:\/\/evertonfc.cz\/wp-content\/uploads\/2024\/11\/Everton-VS-Stoke-City.png\",\"datePublished\":\"2013-11-29T13:05:21+00:00\",\"dateModified\":\"2024-11-02T12:45:51+00:00\",\"breadcrumb\":{\"@id\":\"https:\/\/evertonfc.cz\/index.php\/2013\/11\/29\/preview-everton-stoke-city-5\/#breadcrumb\"},\"inLanguage\":\"cs\",\"potentialAction\":[{\"@type\":\"ReadAction\",\"target\":[\"https:\/\/evertonfc.cz\/index.php\/2013\/11\/29\/preview-everton-stoke-city-5\/\"]}]},{\"@type\":\"ImageObject\",\"inLanguage\":\"cs\",\"@id\":\"https:\/\/evertonfc.cz\/index.php\/2013\/11\/29\/preview-everton-stoke-city-5\/#primaryimage\",\"url\":\"https:\/\/evertonfc.cz\/wp-content\/uploads\/2024\/11\/Everton-VS-Stoke-City.png\",\"contentUrl\":\"https:\/\/evertonfc.cz\/wp-content\/uploads\/2024\/11\/Everton-VS-Stoke-City.png\",\"width\":720,\"height\":405},{\"@type\":\"BreadcrumbList\",\"@id\":\"https:\/\/evertonfc.cz\/index.php\/2013\/11\/29\/preview-everton-stoke-city-5\/#breadcrumb\",\"itemListElement\":[{\"@type\":\"ListItem\",\"position\":1,\"name\":\"Home\",\"item\":\"https:\/\/evertonfc.cz\/\"},{\"@type\":\"ListItem\",\"position\":2,\"name\":\"Preview: Everton &#8211; Stoke City\"}]},{\"@type\":\"WebSite\",\"@id\":\"https:\/\/evertonfc.cz\/#website\",\"url\":\"https:\/\/evertonfc.cz\/\",\"name\":\"Official Czech &amp; Slovak Everton Supporters&#039; Club\",\"description\":\"\",\"publisher\":{\"@id\":\"https:\/\/evertonfc.cz\/#organization\"},\"potentialAction\":[{\"@type\":\"SearchAction\",\"target\":{\"@type\":\"EntryPoint\",\"urlTemplate\":\"https:\/\/evertonfc.cz\/?s={search_term_string}\"},\"query-input\":{\"@type\":\"PropertyValueSpecification\",\"valueRequired\":true,\"valueName\":\"search_term_string\"}}],\"inLanguage\":\"cs\"},{\"@type\":\"Organization\",\"@id\":\"https:\/\/evertonfc.cz\/#organization\",\"name\":\"Official Czech & Slovak Everton Supporters' Club\",\"url\":\"https:\/\/evertonfc.cz\/\",\"logo\":{\"@type\":\"ImageObject\",\"inLanguage\":\"cs\",\"@id\":\"https:\/\/evertonfc.cz\/#\/schema\/logo\/image\/\",\"url\":\"https:\/\/evertonfc.cz\/wp-content\/uploads\/2019\/05\/logo.png\",\"contentUrl\":\"https:\/\/evertonfc.cz\/wp-content\/uploads\/2019\/05\/logo.png\",\"width\":112,\"height\":112,\"caption\":\"Official Czech & Slovak Everton Supporters' Club\"},\"image\":{\"@id\":\"https:\/\/evertonfc.cz\/#\/schema\/logo\/image\/\"},\"sameAs\":[\"https:\/\/www.facebook.com\/everton.fans.cz.sk\"]},{\"@type\":\"Person\",\"@id\":\"https:\/\/evertonfc.cz\/#\/schema\/person\/f7a5daedb2ffee98480bc70e191aaef1\",\"name\":\"Ri\u010di\",\"sameAs\":[\"https:\/\/x.com\/rbrejsa\"],\"url\":\"https:\/\/evertonfc.cz\/index.php\/author\/rici\/\"}]}<\/script>\n<!-- \/ Yoast SEO plugin. -->","yoast_head_json":{"title":"Preview: Everton - Stoke City - Official Czech &amp; Slovak Everton Supporters&#039; Club","robots":{"index":"index","follow":"follow","max-snippet":"max-snippet:-1","max-image-preview":"max-image-preview:large","max-video-preview":"max-video-preview:-1"},"canonical":"https:\/\/evertonfc.cz\/index.php\/2013\/11\/29\/preview-everton-stoke-city-5\/","og_locale":"cs_CZ","og_type":"article","og_title":"Preview: Everton - Stoke City - Official Czech &amp; Slovak Everton Supporters&#039; Club","og_description":"Na Goodison zav\u00edt\u00e1 posledn\u00ed listopadov\u00fd den Stoke City a s ohledem na dob\u0159e rozehranou sez\u00f3nu by se zcela jist\u011b slu\u0161elo&hellip;","og_url":"https:\/\/evertonfc.cz\/index.php\/2013\/11\/29\/preview-everton-stoke-city-5\/","og_site_name":"Official Czech &amp; Slovak Everton Supporters&#039; Club","article_publisher":"https:\/\/www.facebook.com\/everton.fans.cz.sk","article_published_time":"2013-11-29T13:05:21+00:00","article_modified_time":"2024-11-02T12:45:51+00:00","og_image":[{"width":720,"height":405,"url":"https:\/\/evertonfc.cz\/wp-content\/uploads\/2024\/11\/Everton-VS-Stoke-City.png","type":"image\/png"}],"author":"Ri\u010di","twitter_card":"summary_large_image","twitter_creator":"@rbrejsa","twitter_misc":{"Napsal(a)":"Ri\u010di","Odhadovan\u00e1 doba \u010dten\u00ed":"4 minuty"},"schema":{"@context":"https:\/\/schema.org","@graph":[{"@type":"Article","@id":"https:\/\/evertonfc.cz\/index.php\/2013\/11\/29\/preview-everton-stoke-city-5\/#article","isPartOf":{"@id":"https:\/\/evertonfc.cz\/index.php\/2013\/11\/29\/preview-everton-stoke-city-5\/"},"author":{"name":"Ri\u010di","@id":"https:\/\/evertonfc.cz\/#\/schema\/person\/f7a5daedb2ffee98480bc70e191aaef1"},"headline":"Preview: Everton &#8211; Stoke City","datePublished":"2013-11-29T13:05:21+00:00","dateModified":"2024-11-02T12:45:51+00:00","mainEntityOfPage":{"@id":"https:\/\/evertonfc.cz\/index.php\/2013\/11\/29\/preview-everton-stoke-city-5\/"},"wordCount":791,"commentCount":0,"publisher":{"@id":"https:\/\/evertonfc.cz\/#organization"},"image":{"@id":"https:\/\/evertonfc.cz\/index.php\/2013\/11\/29\/preview-everton-stoke-city-5\/#primaryimage"},"thumbnailUrl":"https:\/\/evertonfc.cz\/wp-content\/uploads\/2024\/11\/Everton-VS-Stoke-City.png","articleSection":["Z\u00e1pasy"],"inLanguage":"cs","potentialAction":[{"@type":"CommentAction","name":"Comment","target":["https:\/\/evertonfc.cz\/index.php\/2013\/11\/29\/preview-everton-stoke-city-5\/#respond"]}]},{"@type":"WebPage","@id":"https:\/\/evertonfc.cz\/index.php\/2013\/11\/29\/preview-everton-stoke-city-5\/","url":"https:\/\/evertonfc.cz\/index.php\/2013\/11\/29\/preview-everton-stoke-city-5\/","name":"Preview: Everton - Stoke City - Official Czech &amp; Slovak Everton Supporters&#039; Club","isPartOf":{"@id":"https:\/\/evertonfc.cz\/#website"},"primaryImageOfPage":{"@id":"https:\/\/evertonfc.cz\/index.php\/2013\/11\/29\/preview-everton-stoke-city-5\/#primaryimage"},"image":{"@id":"https:\/\/evertonfc.cz\/index.php\/2013\/11\/29\/preview-everton-stoke-city-5\/#primaryimage"},"thumbnailUrl":"https:\/\/evertonfc.cz\/wp-content\/uploads\/2024\/11\/Everton-VS-Stoke-City.png","datePublished":"2013-11-29T13:05:21+00:00","dateModified":"2024-11-02T12:45:51+00:00","breadcrumb":{"@id":"https:\/\/evertonfc.cz\/index.php\/2013\/11\/29\/preview-everton-stoke-city-5\/#breadcrumb"},"inLanguage":"cs","potentialAction":[{"@type":"ReadAction","target":["https:\/\/evertonfc.cz\/index.php\/2013\/11\/29\/preview-everton-stoke-city-5\/"]}]},{"@type":"ImageObject","inLanguage":"cs","@id":"https:\/\/evertonfc.cz\/index.php\/2013\/11\/29\/preview-everton-stoke-city-5\/#primaryimage","url":"https:\/\/evertonfc.cz\/wp-content\/uploads\/2024\/11\/Everton-VS-Stoke-City.png","contentUrl":"https:\/\/evertonfc.cz\/wp-content\/uploads\/2024\/11\/Everton-VS-Stoke-City.png","width":720,"height":405},{"@type":"BreadcrumbList","@id":"https:\/\/evertonfc.cz\/index.php\/2013\/11\/29\/preview-everton-stoke-city-5\/#breadcrumb","itemListElement":[{"@type":"ListItem","position":1,"name":"Home","item":"https:\/\/evertonfc.cz\/"},{"@type":"ListItem","position":2,"name":"Preview: Everton &#8211; Stoke City"}]},{"@type":"WebSite","@id":"https:\/\/evertonfc.cz\/#website","url":"https:\/\/evertonfc.cz\/","name":"Official Czech &amp; Slovak Everton Supporters&#039; Club","description":"","publisher":{"@id":"https:\/\/evertonfc.cz\/#organization"},"potentialAction":[{"@type":"SearchAction","target":{"@type":"EntryPoint","urlTemplate":"https:\/\/evertonfc.cz\/?s={search_term_string}"},"query-input":{"@type":"PropertyValueSpecification","valueRequired":true,"valueName":"search_term_string"}}],"inLanguage":"cs"},{"@type":"Organization","@id":"https:\/\/evertonfc.cz\/#organization","name":"Official Czech & Slovak Everton Supporters' Club","url":"https:\/\/evertonfc.cz\/","logo":{"@type":"ImageObject","inLanguage":"cs","@id":"https:\/\/evertonfc.cz\/#\/schema\/logo\/image\/","url":"https:\/\/evertonfc.cz\/wp-content\/uploads\/2019\/05\/logo.png","contentUrl":"https:\/\/evertonfc.cz\/wp-content\/uploads\/2019\/05\/logo.png","width":112,"height":112,"caption":"Official Czech & Slovak Everton Supporters' Club"},"image":{"@id":"https:\/\/evertonfc.cz\/#\/schema\/logo\/image\/"},"sameAs":["https:\/\/www.facebook.com\/everton.fans.cz.sk"]},{"@type":"Person","@id":"https:\/\/evertonfc.cz\/#\/schema\/person\/f7a5daedb2ffee98480bc70e191aaef1","name":"Ri\u010di","sameAs":["https:\/\/x.com\/rbrejsa"],"url":"https:\/\/evertonfc.cz\/index.php\/author\/rici\/"}]}},"_links":{"self":[{"href":"https:\/\/evertonfc.cz\/index.php\/wp-json\/wp\/v2\/posts\/5167"}],"collection":[{"href":"https:\/\/evertonfc.cz\/index.php\/wp-json\/wp\/v2\/posts"}],"about":[{"href":"https:\/\/evertonfc.cz\/index.php\/wp-json\/wp\/v2\/types\/post"}],"author":[{"embeddable":true,"href":"https:\/\/evertonfc.cz\/index.php\/wp-json\/wp\/v2\/users\/6"}],"replies":[{"embeddable":true,"href":"https:\/\/evertonfc.cz\/index.php\/wp-json\/wp\/v2\/comments?post=5167"}],"version-history":[{"count":3,"href":"https:\/\/evertonfc.cz\/index.php\/wp-json\/wp\/v2\/posts\/5167\/revisions"}],"predecessor-version":[{"id":5462,"href":"https:\/\/evertonfc.cz\/index.php\/wp-json\/wp\/v2\/posts\/5167\/revisions\/5462"}],"wp:featuredmedia":[{"embeddable":true,"href":"https:\/\/evertonfc.cz\/index.php\/wp-json\/wp\/v2\/media\/25543"}],"wp:attachment":[{"href":"https:\/\/evertonfc.cz\/index.php\/wp-json\/wp\/v2\/media?parent=5167"}],"wp:term":[{"taxonomy":"category","embeddable":true,"href":"https:\/\/evertonfc.cz\/index.php\/wp-json\/wp\/v2\/categories?post=5167"},{"taxonomy":"post_tag","embeddable":true,"href":"https:\/\/evertonfc.cz\/index.php\/wp-json\/wp\/v2\/tags?post=5167"}],"curies":[{"name":"wp","href":"https:\/\/api.w.org\/{rel}","templated":true}]}}