{"id":5169,"date":"2013-11-25T14:06:17","date_gmt":"2013-11-25T13:06:17","guid":{"rendered":"http:\/\/evertonfc.cz\/?p=5169"},"modified":"2019-02-15T08:25:35","modified_gmt":"2019-02-15T07:25:35","slug":"ohlasy-po-derby-2","status":"publish","type":"post","link":"https:\/\/evertonfc.cz\/index.php\/2013\/11\/25\/ohlasy-po-derby-2\/","title":{"rendered":"Ohlasy po derby"},"content":{"rendered":"<h4 id=\"NewsPostDetailSummary\">Roberto Mart\u00ednez je povzbuzen v\u00fdkonem v Merseyside derby a tou\u017e\u00ed z\u00edskat v sez\u00f3n\u011b 70 bod\u016f, Leighton Baines m\u016f\u017ee chyb\u011bt a\u017e \u0161est t\u00fddn\u016f a Kevin Mirallas o\u010dek\u00e1val \u010dervenou kartu po ataku na Su\u00e1reze.<\/h4>\n<div id=\"NewsPostDetailContent\">\n<p>Sobotn\u00ed kr\u00e1sn\u00e9 rem\u00edzov\u00e9 st\u0159etnut\u00ed 3:3 s Liverpoolem znamen\u00e1 21 bod\u016f z \u00favodn\u00edch 12 kol, co\u017e p\u0159edstavuje druh\u00fd nejlep\u0161\u00ed po\u010din z posledn\u00ed 29 let. I proto Mart\u00ednez sebev\u011bdom\u011b pom\u00fd\u0161l\u00ed na 70 bodovou hranici a p\u0159ekon\u00e1n\u00ed maxima Blues z roku 2008 (65).<\/p>\n<p><em>\u201eJsme v\u017edy schopn\u00ed porazit kohokoliv,\u201c <\/em>nechal se sly\u0161et charismatick\u00fd \u0160pan\u011bl.\u00a0<em>\u201ePokus\u00edme se nasb\u00edrat v desetim\u011bs\u00ed\u010dn\u00ed sout\u011b\u017ei 70 bod\u016f.<\/em><\/p>\n<p><em>Nez\u00e1le\u017e\u00ed, proti komu hrajeme. Bylo skv\u011bl\u00e9 vid\u011bt, jak jsme se v derby neb\u00e1li, v nep\u0159eru\u0161en\u00e9 h\u0159e jsme podali lep\u0161\u00ed v\u00fdkon. Na\u0161\u00edm dal\u0161\u00edm c\u00edlem je dos\u00e1hnout z podobn\u00fdch utk\u00e1n\u00ed v\u00fdhru. Mus\u00edme podat kvalitn\u00ed v\u00fdkon tak\u00e9 v m\u00e9n\u011b zaj\u00edmav\u011bj\u0161\u00edch z\u00e1pasech ne\u017e Merseyside derby. V tom se v cel\u00e9 sez\u00f3n\u011b l\u00e1me chleba.\u201c<\/em><\/p>\n<p>Vyrovnan\u00fd ligov\u00fd pr\u016fb\u011bh slibuje nap\u00ednavou p\u0159etahovanou o ka\u017edou p\u0159\u00ed\u010dku v tabulce, a tak sn\u00ed na Goodison Parku o kvalifikaci do Ligy mistr\u016f. Sen o\u017eivuje tak\u00e9 solidn\u00ed bilance s t\u00fdmy aspiruj\u00edc\u00ed o prvn\u00ed \u010dty\u0159i m\u00edsta, ve \u010dty\u0159ech souboj\u00edch s nimi Everton prohr\u00e1l pouze jednou.<\/p>\n<p><em>\u201eNach\u00e1z\u00edme se na prvn\u00ed p\u0159ek\u00e1\u017ece z\u00e1vod\u016f. V\u00edce o ambic\u00edch budu v\u011bd\u011bt v b\u0159eznu po dal\u0161\u00edch reprezenta\u010dn\u00ed p\u0159est\u00e1vce a 16 kolech. Jestli\u017ee deset kol do konce ligy budeme dr\u017eet \u0161anci na prvn\u00ed \u010dty\u0159ku, potom m\u016f\u017eeme b\u00fdt vid\u011bni jako kandid\u00e1ti na kvalifikaci do Ligy mistr\u016f,\u201c <\/em>vysv\u011btlil b\u00fdval\u00ed lodivod Swansea a Wiganu.<\/p>\n<p>\u010cernou ka\u0148ku na v\u00edkendu p\u0159edstavuje zran\u011bn\u00ed Leightona Bainese. Lev\u00fd obr\u00e1nce opustil h\u0159i\u0161t\u011b na za\u010d\u00e1tku druh\u00e9ho polo\u010dasu, kdy\u017e ho v \u00favodn\u00edch minut\u00e1ch p\u0159i\u0161l\u00e1pl Jordan Henderson.\u00a0<em>\u201eP\u0159edstavovalo riziko nech\u00e1vat ho na h\u0159i\u0161ti d\u00e9le,\u201c <\/em>komentoval Mart\u00ednez. Pozd\u011bj\u0161\u00ed rentgen odhalil zlomeninu palce na noze, kter\u00e1 Bainese vy\u0159ad\u00ed na deset dn\u00ed a\u017e \u0161est t\u00fddn\u016f, doba l\u00e9\u010den\u00ed se d\u00e1 velmi t\u011b\u017eko odhadnout.<\/p>\n<p>A kdo d\u016fle\u017eit\u00fd \u010dl\u00e1nek sestavy nahrad\u00ed? Nab\u00edz\u00ed se p\u0159esunut\u00ed Distina na levou obranu, v tom p\u0159\u00edpad\u011b by se do z\u00e1kladn\u00ed sestavy dostal Johny Heitinga, \u010di John Stones. Na svou \u0161anci \u010dek\u00e1 t\u00e9\u017e Bryan Oviedo, p\u0159\u00edpadn\u011b Luke Garbutt, jemu\u017e se da\u0159\u00ed na hostov\u00e1n\u00ed v Colchesteru United, o v\u00edkendu dokonce vst\u0159elil branku.<\/p>\n<p>O\u017eehav\u00fdm t\u00e9matem se stal\u00a0<a href=\"http:\/\/d3j5vwomefv46c.cloudfront.net\/photos\/large\/823508151.gif?1385213062\" target=\"_blank\" rel=\"noopener\">z\u00e1krok Kevina Mirallase na Luise Su\u00e1reze<\/a>, Belgi\u010dan protivn\u00edka ost\u0159e sest\u0159elil a od rozhod\u010d\u00edho Phila Dowda uvid\u011bl \u017elutou kartu. \u010cerven\u00fd trest po\u017eadoval \u0161\u00e9f LFC Bredan Rodgers, proti \u010demu\u017e Mart\u00ednez nic nenam\u00edtal.<\/p>\n<p>Mirallas ale odm\u00edt\u00e1 pomstu za minul\u00fd rok, kdy ho Su\u00e1rez nebezpe\u010dn\u00fdm z\u00e1krokem poslal p\u0159ed\u010dasn\u011b do kabin a zp\u016fsobil mu dlouhodob\u011bj\u0161\u00ed zran\u011bn\u00ed:\u00a0<em>\u201ePo z\u00e1kroku jsem si hned pomyslel, \u017ee dostanu \u010dervenou kartu. Cht\u011bl jsem z\u00edskat m\u00ed\u010d, jen\u017ee jsem trefil koleno, okam\u017eit\u011b jsem se omluvil. Mo\u017en\u00e1 jsem m\u011bl \u0161t\u011bst\u00ed, jeliko\u017e \u0161lo o derby, v\u00a0n\u011bm\u017e nen\u00ed nouze o podobn\u00e9 incidenty.<\/em><\/p>\n<p><em>Se Su\u00e1rezem jsem po skon\u010den\u00ed utk\u00e1n\u00ed mluvil a zeptal jsem se ho \u2018vzpom\u00edn\u00e1\u0161 si na lo\u0148skou sez\u00f3nu, jak si m\u011b nakopl?\u2018 Zasm\u00e1l se a odv\u011btil \u2018ano, to je f\u00e9r\u2018. Ov\u0161em m\u016fj z\u00e1krok nikterak nesouvisel s minul\u00fdm rokem. <\/em><em>Su\u00e1rez pokra\u010doval ve h\u0159e, neutrp\u011bl zran\u011bn\u00ed. Jsem za to r\u00e1d.\u201c<\/em><\/p>\n<p>Na z\u00e1v\u011br se je\u0161t\u011b zm\u00edn\u00edm o Mart\u00ednezovi, ten si op\u011bt neodpustil r\u00fdpnut\u00ed. \u201e<em>Zklamal m\u011b Gerrard, cht\u011bl ude\u0159it loktem Garetha Barryho. A p\u0159i vyrovn\u00e1vac\u00edm g\u00f3lu si posunul m\u00ed\u010de bl\u00ed\u017ee, ne\u017e ur\u010dil arbiter.\u201c <\/em>Osobn\u011b m\u011b podobn\u00e9 \u010dast\u00e9 skuhr\u00e1n\u00ed \u0160pan\u011bla dost mrz\u00ed, ur\u010dit\u011b by si ho mohl odpustit, akor\u00e1t si kaz\u00ed dobr\u00e9 a zaslou\u017een\u00e9 renom\u00e9 z\u00edskan\u00e9 za p\u016fsoben\u00ed v Evertonu.<\/p>\n<\/div>\n","protected":false},"excerpt":{"rendered":"<p>Roberto Mart\u00ednez je povzbuzen v\u00fdkonem v Merseyside derby a tou\u017e\u00ed z\u00edskat v sez\u00f3n\u011b 70 bod\u016f, Leighton Baines m\u016f\u017ee chyb\u011bt a\u017e&hellip;<\/p>\n","protected":false},"author":6,"featured_media":1313,"comment_status":"open","ping_status":"closed","sticky":false,"template":"","format":"standard","meta":{"_eb_attr":"","_monsterinsights_skip_tracking":false,"_monsterinsights_sitenote_active":false,"_monsterinsights_sitenote_note":"","_monsterinsights_sitenote_category":0,"footnotes":""},"categories":[42,1],"tags":[],"yoast_head":"<!-- This site is optimized with the Yoast SEO plugin v23.4 - https:\/\/yoast.com\/wordpress\/plugins\/seo\/ -->\n<title>Ohlasy po derby - Official Czech &amp; Slovak Everton Supporters&#039; Club<\/title>\n<meta name=\"robots\" content=\"index, follow, max-snippet:-1, max-image-preview:large, max-video-preview:-1\" \/>\n<link rel=\"canonical\" href=\"https:\/\/evertonfc.cz\/index.php\/2013\/11\/25\/ohlasy-po-derby-2\/\" \/>\n<meta property=\"og:locale\" content=\"cs_CZ\" \/>\n<meta property=\"og:type\" content=\"article\" \/>\n<meta property=\"og:title\" content=\"Ohlasy po derby - Official Czech &amp; Slovak Everton Supporters&#039; Club\" \/>\n<meta property=\"og:description\" content=\"Roberto Mart\u00ednez je povzbuzen v\u00fdkonem v Merseyside derby a tou\u017e\u00ed z\u00edskat v sez\u00f3n\u011b 70 bod\u016f, Leighton Baines m\u016f\u017ee chyb\u011bt a\u017e&hellip;\" \/>\n<meta property=\"og:url\" content=\"https:\/\/evertonfc.cz\/index.php\/2013\/11\/25\/ohlasy-po-derby-2\/\" \/>\n<meta property=\"og:site_name\" content=\"Official Czech &amp; Slovak Everton Supporters&#039; Club\" \/>\n<meta property=\"article:publisher\" content=\"https:\/\/www.facebook.com\/everton.fans.cz.sk\" \/>\n<meta property=\"article:published_time\" content=\"2013-11-25T13:06:17+00:00\" \/>\n<meta property=\"article:modified_time\" content=\"2019-02-15T07:25:35+00:00\" \/>\n<meta property=\"og:image\" content=\"https:\/\/evertonfc.cz\/wp-content\/uploads\/2019\/01\/news.jpg\" \/>\n\t<meta property=\"og:image:width\" content=\"720\" \/>\n\t<meta property=\"og:image:height\" content=\"405\" \/>\n\t<meta property=\"og:image:type\" content=\"image\/jpeg\" \/>\n<meta name=\"author\" content=\"Ri\u010di\" \/>\n<meta name=\"twitter:card\" content=\"summary_large_image\" \/>\n<meta name=\"twitter:creator\" content=\"@rbrejsa\" \/>\n<meta name=\"twitter:label1\" content=\"Napsal(a)\" \/>\n\t<meta name=\"twitter:data1\" content=\"Ri\u010di\" \/>\n\t<meta name=\"twitter:label2\" content=\"Odhadovan\u00e1 doba \u010dten\u00ed\" \/>\n\t<meta name=\"twitter:data2\" content=\"4 minuty\" \/>\n<script type=\"application\/ld+json\" class=\"yoast-schema-graph\">{\"@context\":\"https:\/\/schema.org\",\"@graph\":[{\"@type\":\"Article\",\"@id\":\"https:\/\/evertonfc.cz\/index.php\/2013\/11\/25\/ohlasy-po-derby-2\/#article\",\"isPartOf\":{\"@id\":\"https:\/\/evertonfc.cz\/index.php\/2013\/11\/25\/ohlasy-po-derby-2\/\"},\"author\":{\"name\":\"Ri\u010di\",\"@id\":\"https:\/\/evertonfc.cz\/#\/schema\/person\/f7a5daedb2ffee98480bc70e191aaef1\"},\"headline\":\"Ohlasy po derby\",\"datePublished\":\"2013-11-25T13:06:17+00:00\",\"dateModified\":\"2019-02-15T07:25:35+00:00\",\"mainEntityOfPage\":{\"@id\":\"https:\/\/evertonfc.cz\/index.php\/2013\/11\/25\/ohlasy-po-derby-2\/\"},\"wordCount\":729,\"commentCount\":0,\"publisher\":{\"@id\":\"https:\/\/evertonfc.cz\/#organization\"},\"image\":{\"@id\":\"https:\/\/evertonfc.cz\/index.php\/2013\/11\/25\/ohlasy-po-derby-2\/#primaryimage\"},\"thumbnailUrl\":\"https:\/\/evertonfc.cz\/wp-content\/uploads\/2019\/01\/news.jpg\",\"articleSection\":[\"Aktuality\",\"Rozhovory\"],\"inLanguage\":\"cs\",\"potentialAction\":[{\"@type\":\"CommentAction\",\"name\":\"Comment\",\"target\":[\"https:\/\/evertonfc.cz\/index.php\/2013\/11\/25\/ohlasy-po-derby-2\/#respond\"]}]},{\"@type\":\"WebPage\",\"@id\":\"https:\/\/evertonfc.cz\/index.php\/2013\/11\/25\/ohlasy-po-derby-2\/\",\"url\":\"https:\/\/evertonfc.cz\/index.php\/2013\/11\/25\/ohlasy-po-derby-2\/\",\"name\":\"Ohlasy po derby - Official Czech &amp; Slovak Everton Supporters&#039; Club\",\"isPartOf\":{\"@id\":\"https:\/\/evertonfc.cz\/#website\"},\"primaryImageOfPage\":{\"@id\":\"https:\/\/evertonfc.cz\/index.php\/2013\/11\/25\/ohlasy-po-derby-2\/#primaryimage\"},\"image\":{\"@id\":\"https:\/\/evertonfc.cz\/index.php\/2013\/11\/25\/ohlasy-po-derby-2\/#primaryimage\"},\"thumbnailUrl\":\"https:\/\/evertonfc.cz\/wp-content\/uploads\/2019\/01\/news.jpg\",\"datePublished\":\"2013-11-25T13:06:17+00:00\",\"dateModified\":\"2019-02-15T07:25:35+00:00\",\"breadcrumb\":{\"@id\":\"https:\/\/evertonfc.cz\/index.php\/2013\/11\/25\/ohlasy-po-derby-2\/#breadcrumb\"},\"inLanguage\":\"cs\",\"potentialAction\":[{\"@type\":\"ReadAction\",\"target\":[\"https:\/\/evertonfc.cz\/index.php\/2013\/11\/25\/ohlasy-po-derby-2\/\"]}]},{\"@type\":\"ImageObject\",\"inLanguage\":\"cs\",\"@id\":\"https:\/\/evertonfc.cz\/index.php\/2013\/11\/25\/ohlasy-po-derby-2\/#primaryimage\",\"url\":\"https:\/\/evertonfc.cz\/wp-content\/uploads\/2019\/01\/news.jpg\",\"contentUrl\":\"https:\/\/evertonfc.cz\/wp-content\/uploads\/2019\/01\/news.jpg\",\"width\":720,\"height\":405},{\"@type\":\"BreadcrumbList\",\"@id\":\"https:\/\/evertonfc.cz\/index.php\/2013\/11\/25\/ohlasy-po-derby-2\/#breadcrumb\",\"itemListElement\":[{\"@type\":\"ListItem\",\"position\":1,\"name\":\"Home\",\"item\":\"https:\/\/evertonfc.cz\/\"},{\"@type\":\"ListItem\",\"position\":2,\"name\":\"Ohlasy po derby\"}]},{\"@type\":\"WebSite\",\"@id\":\"https:\/\/evertonfc.cz\/#website\",\"url\":\"https:\/\/evertonfc.cz\/\",\"name\":\"Official Czech &amp; Slovak Everton Supporters&#039; Club\",\"description\":\"\",\"publisher\":{\"@id\":\"https:\/\/evertonfc.cz\/#organization\"},\"potentialAction\":[{\"@type\":\"SearchAction\",\"target\":{\"@type\":\"EntryPoint\",\"urlTemplate\":\"https:\/\/evertonfc.cz\/?s={search_term_string}\"},\"query-input\":{\"@type\":\"PropertyValueSpecification\",\"valueRequired\":true,\"valueName\":\"search_term_string\"}}],\"inLanguage\":\"cs\"},{\"@type\":\"Organization\",\"@id\":\"https:\/\/evertonfc.cz\/#organization\",\"name\":\"Official Czech & Slovak Everton Supporters' Club\",\"url\":\"https:\/\/evertonfc.cz\/\",\"logo\":{\"@type\":\"ImageObject\",\"inLanguage\":\"cs\",\"@id\":\"https:\/\/evertonfc.cz\/#\/schema\/logo\/image\/\",\"url\":\"https:\/\/evertonfc.cz\/wp-content\/uploads\/2019\/05\/logo.png\",\"contentUrl\":\"https:\/\/evertonfc.cz\/wp-content\/uploads\/2019\/05\/logo.png\",\"width\":112,\"height\":112,\"caption\":\"Official Czech & Slovak Everton Supporters' Club\"},\"image\":{\"@id\":\"https:\/\/evertonfc.cz\/#\/schema\/logo\/image\/\"},\"sameAs\":[\"https:\/\/www.facebook.com\/everton.fans.cz.sk\"]},{\"@type\":\"Person\",\"@id\":\"https:\/\/evertonfc.cz\/#\/schema\/person\/f7a5daedb2ffee98480bc70e191aaef1\",\"name\":\"Ri\u010di\",\"sameAs\":[\"https:\/\/x.com\/rbrejsa\"],\"url\":\"https:\/\/evertonfc.cz\/index.php\/author\/rici\/\"}]}<\/script>\n<!-- \/ Yoast SEO plugin. -->","yoast_head_json":{"title":"Ohlasy po derby - Official Czech &amp; Slovak Everton Supporters&#039; Club","robots":{"index":"index","follow":"follow","max-snippet":"max-snippet:-1","max-image-preview":"max-image-preview:large","max-video-preview":"max-video-preview:-1"},"canonical":"https:\/\/evertonfc.cz\/index.php\/2013\/11\/25\/ohlasy-po-derby-2\/","og_locale":"cs_CZ","og_type":"article","og_title":"Ohlasy po derby - Official Czech &amp; Slovak Everton Supporters&#039; Club","og_description":"Roberto Mart\u00ednez je povzbuzen v\u00fdkonem v Merseyside derby a tou\u017e\u00ed z\u00edskat v sez\u00f3n\u011b 70 bod\u016f, Leighton Baines m\u016f\u017ee chyb\u011bt a\u017e&hellip;","og_url":"https:\/\/evertonfc.cz\/index.php\/2013\/11\/25\/ohlasy-po-derby-2\/","og_site_name":"Official Czech &amp; Slovak Everton Supporters&#039; Club","article_publisher":"https:\/\/www.facebook.com\/everton.fans.cz.sk","article_published_time":"2013-11-25T13:06:17+00:00","article_modified_time":"2019-02-15T07:25:35+00:00","og_image":[{"width":720,"height":405,"url":"https:\/\/evertonfc.cz\/wp-content\/uploads\/2019\/01\/news.jpg","type":"image\/jpeg"}],"author":"Ri\u010di","twitter_card":"summary_large_image","twitter_creator":"@rbrejsa","twitter_misc":{"Napsal(a)":"Ri\u010di","Odhadovan\u00e1 doba \u010dten\u00ed":"4 minuty"},"schema":{"@context":"https:\/\/schema.org","@graph":[{"@type":"Article","@id":"https:\/\/evertonfc.cz\/index.php\/2013\/11\/25\/ohlasy-po-derby-2\/#article","isPartOf":{"@id":"https:\/\/evertonfc.cz\/index.php\/2013\/11\/25\/ohlasy-po-derby-2\/"},"author":{"name":"Ri\u010di","@id":"https:\/\/evertonfc.cz\/#\/schema\/person\/f7a5daedb2ffee98480bc70e191aaef1"},"headline":"Ohlasy po derby","datePublished":"2013-11-25T13:06:17+00:00","dateModified":"2019-02-15T07:25:35+00:00","mainEntityOfPage":{"@id":"https:\/\/evertonfc.cz\/index.php\/2013\/11\/25\/ohlasy-po-derby-2\/"},"wordCount":729,"commentCount":0,"publisher":{"@id":"https:\/\/evertonfc.cz\/#organization"},"image":{"@id":"https:\/\/evertonfc.cz\/index.php\/2013\/11\/25\/ohlasy-po-derby-2\/#primaryimage"},"thumbnailUrl":"https:\/\/evertonfc.cz\/wp-content\/uploads\/2019\/01\/news.jpg","articleSection":["Aktuality","Rozhovory"],"inLanguage":"cs","potentialAction":[{"@type":"CommentAction","name":"Comment","target":["https:\/\/evertonfc.cz\/index.php\/2013\/11\/25\/ohlasy-po-derby-2\/#respond"]}]},{"@type":"WebPage","@id":"https:\/\/evertonfc.cz\/index.php\/2013\/11\/25\/ohlasy-po-derby-2\/","url":"https:\/\/evertonfc.cz\/index.php\/2013\/11\/25\/ohlasy-po-derby-2\/","name":"Ohlasy po derby - Official Czech &amp; Slovak Everton Supporters&#039; Club","isPartOf":{"@id":"https:\/\/evertonfc.cz\/#website"},"primaryImageOfPage":{"@id":"https:\/\/evertonfc.cz\/index.php\/2013\/11\/25\/ohlasy-po-derby-2\/#primaryimage"},"image":{"@id":"https:\/\/evertonfc.cz\/index.php\/2013\/11\/25\/ohlasy-po-derby-2\/#primaryimage"},"thumbnailUrl":"https:\/\/evertonfc.cz\/wp-content\/uploads\/2019\/01\/news.jpg","datePublished":"2013-11-25T13:06:17+00:00","dateModified":"2019-02-15T07:25:35+00:00","breadcrumb":{"@id":"https:\/\/evertonfc.cz\/index.php\/2013\/11\/25\/ohlasy-po-derby-2\/#breadcrumb"},"inLanguage":"cs","potentialAction":[{"@type":"ReadAction","target":["https:\/\/evertonfc.cz\/index.php\/2013\/11\/25\/ohlasy-po-derby-2\/"]}]},{"@type":"ImageObject","inLanguage":"cs","@id":"https:\/\/evertonfc.cz\/index.php\/2013\/11\/25\/ohlasy-po-derby-2\/#primaryimage","url":"https:\/\/evertonfc.cz\/wp-content\/uploads\/2019\/01\/news.jpg","contentUrl":"https:\/\/evertonfc.cz\/wp-content\/uploads\/2019\/01\/news.jpg","width":720,"height":405},{"@type":"BreadcrumbList","@id":"https:\/\/evertonfc.cz\/index.php\/2013\/11\/25\/ohlasy-po-derby-2\/#breadcrumb","itemListElement":[{"@type":"ListItem","position":1,"name":"Home","item":"https:\/\/evertonfc.cz\/"},{"@type":"ListItem","position":2,"name":"Ohlasy po derby"}]},{"@type":"WebSite","@id":"https:\/\/evertonfc.cz\/#website","url":"https:\/\/evertonfc.cz\/","name":"Official Czech &amp; Slovak Everton Supporters&#039; Club","description":"","publisher":{"@id":"https:\/\/evertonfc.cz\/#organization"},"potentialAction":[{"@type":"SearchAction","target":{"@type":"EntryPoint","urlTemplate":"https:\/\/evertonfc.cz\/?s={search_term_string}"},"query-input":{"@type":"PropertyValueSpecification","valueRequired":true,"valueName":"search_term_string"}}],"inLanguage":"cs"},{"@type":"Organization","@id":"https:\/\/evertonfc.cz\/#organization","name":"Official Czech & Slovak Everton Supporters' Club","url":"https:\/\/evertonfc.cz\/","logo":{"@type":"ImageObject","inLanguage":"cs","@id":"https:\/\/evertonfc.cz\/#\/schema\/logo\/image\/","url":"https:\/\/evertonfc.cz\/wp-content\/uploads\/2019\/05\/logo.png","contentUrl":"https:\/\/evertonfc.cz\/wp-content\/uploads\/2019\/05\/logo.png","width":112,"height":112,"caption":"Official Czech & Slovak Everton Supporters' Club"},"image":{"@id":"https:\/\/evertonfc.cz\/#\/schema\/logo\/image\/"},"sameAs":["https:\/\/www.facebook.com\/everton.fans.cz.sk"]},{"@type":"Person","@id":"https:\/\/evertonfc.cz\/#\/schema\/person\/f7a5daedb2ffee98480bc70e191aaef1","name":"Ri\u010di","sameAs":["https:\/\/x.com\/rbrejsa"],"url":"https:\/\/evertonfc.cz\/index.php\/author\/rici\/"}]}},"_links":{"self":[{"href":"https:\/\/evertonfc.cz\/index.php\/wp-json\/wp\/v2\/posts\/5169"}],"collection":[{"href":"https:\/\/evertonfc.cz\/index.php\/wp-json\/wp\/v2\/posts"}],"about":[{"href":"https:\/\/evertonfc.cz\/index.php\/wp-json\/wp\/v2\/types\/post"}],"author":[{"embeddable":true,"href":"https:\/\/evertonfc.cz\/index.php\/wp-json\/wp\/v2\/users\/6"}],"replies":[{"embeddable":true,"href":"https:\/\/evertonfc.cz\/index.php\/wp-json\/wp\/v2\/comments?post=5169"}],"version-history":[{"count":3,"href":"https:\/\/evertonfc.cz\/index.php\/wp-json\/wp\/v2\/posts\/5169\/revisions"}],"predecessor-version":[{"id":5464,"href":"https:\/\/evertonfc.cz\/index.php\/wp-json\/wp\/v2\/posts\/5169\/revisions\/5464"}],"wp:featuredmedia":[{"embeddable":true,"href":"https:\/\/evertonfc.cz\/index.php\/wp-json\/wp\/v2\/media\/1313"}],"wp:attachment":[{"href":"https:\/\/evertonfc.cz\/index.php\/wp-json\/wp\/v2\/media?parent=5169"}],"wp:term":[{"taxonomy":"category","embeddable":true,"href":"https:\/\/evertonfc.cz\/index.php\/wp-json\/wp\/v2\/categories?post=5169"},{"taxonomy":"post_tag","embeddable":true,"href":"https:\/\/evertonfc.cz\/index.php\/wp-json\/wp\/v2\/tags?post=5169"}],"curies":[{"name":"wp","href":"https:\/\/api.w.org\/{rel}","templated":true}]}}