{"id":5171,"date":"2013-11-23T14:07:17","date_gmt":"2013-11-23T13:07:17","guid":{"rendered":"http:\/\/evertonfc.cz\/?p=5171"},"modified":"2019-02-15T08:26:26","modified_gmt":"2019-02-15T07:26:26","slug":"everton-liverpool-33","status":"publish","type":"post","link":"https:\/\/evertonfc.cz\/index.php\/2013\/11\/23\/everton-liverpool-33\/","title":{"rendered":"Everton &#8211; Liverpool 3:3"},"content":{"rendered":"<h4 id=\"NewsPostDetailSummary\">V po\u0159ad\u00ed 221. Merseyside derby nab\u00eddlo strhuj\u00edc\u00ed pr\u016fb\u011bh utk\u00e1n\u00ed, po n\u011bm\u017e jak Toffees, tak Reds zcela jist\u011b lituj\u00ed, \u017ee nedok\u00e1zali z\u00edskat t\u0159i body.<\/h4>\n<div id=\"NewsPostDetailContent\">\n<p>Roberto Mart\u00ednez vr\u00e1til do z\u00e1kladn\u00ed sestavy Barkleyho, m\u00edsto na lavi\u010dce zbylo na Leona Osmana. Na druh\u00e9 stran\u011b nedol\u00e9\u010den\u00fd Daniel Sturridge z\u016fstal od prvn\u00ed minuty tak\u00e9 pouze mezi n\u00e1hradn\u00edky.<\/p>\n<p>St\u0159etnut\u00ed se okam\u017eit\u011b neslo v duchu velk\u00e9ho nasazen\u00ed a prvn\u00ed vzru\u0161en\u00ed se dostavilo u\u017e v 5. minut\u011b. Gerrard\u016fv roh Su\u00e1rez prodlou\u017eil na Countinha, jen\u017e se odpoutal od Lukaka, a zbl\u00edzka prost\u0159elil Howarda a McCarthyho &#8211;\u00a0<strong>0:1<\/strong>. Dom\u00e1c\u00ed odpov\u011bd\u011bli vz\u00e1p\u011bt\u00ed, p\u0159\u00edm\u00fd kop Bainese doputoval po souboji \u0160krt\u011bla s Barkleym k nehl\u00eddan\u00e9mu Mirallasovi a bylo srovn\u00e1no &#8211;\u00a0<strong>1:1<\/strong>. Tentokr\u00e1t si za \u0161patn\u00e9 defenzivn\u00ed povinnosti zpytuje sv\u011bdom\u00ed Steven Gerrard.<\/p>\n<p>Everton se tla\u010dil dop\u0159edu, dal\u0161\u00ed chyba kapit\u00e1na LFC znamenala m\u00ed\u010d pro Pienaara a pas na Lukaka. P\u0159\u00edle\u017eitost belgick\u00e9ho strikera v\u0161ak v\u00fdborn\u00fdm vyb\u011bhnut\u00edm zne\u0161kodnil jeho reprezenta\u010dn\u00ed kolega v br\u00e1n\u011b. Na druh\u00e9 stran\u011b si Barry vy\u0161l\u00e1pl na Su\u00e1reze a s\u00e1m faulovan\u00fd prop\u00e1lil \u0161patn\u011b postavenou ze\u010f, Howard se natahoval zbyte\u010dn\u011b &#8211;\u00a0<strong>1:2<\/strong>. Inkasovan\u00fd g\u00f3l Blues neslo\u017eil, d\u00e1le dob\u00fdvali branku dnes skv\u011bl\u00e9ho Mignoleta. Ten v\u00fdborn\u011b vyrazil Barkleyho st\u0159\u00edlen\u00fd centr, p\u0159i Mirallasov\u011b st\u0159ele zasahovat nemusel.<\/p>\n<p>Ve 33. minut\u011b Kevin Mirallas zbyte\u010dn\u011b a surov\u011b atakoval Su\u00e1reze kopa\u010dkou na vn\u011bj\u0161\u00ed koleno, m\u00edsto ud\u011blen\u00e9 \u017elut\u00e9 karty mohl rozhod\u010d\u00ed Phil Dowd bez v\u00fd\u010ditek uk\u00e1zat i kartu \u010derven\u00e9 barvy. Po tomto incidentu se jakoby LFC zdrav\u011b na\u0161tval a do konce polo\u010dasu soupe\u0159e p\u0159evy\u0161oval.<\/p>\n<p>Druh\u00fd polo\u010das odstartovala nep\u0159\u00edjemnost, z\u00e1kladn\u00ed stavebn\u00ed k\u00e1men Leighton Baines st\u0159\u00eddal po p\u0159i\u0161l\u00e1pnut\u00ed soupe\u0159e. V\u00e1\u017enost zran\u011bn\u00ed palce na noze uk\u00e1\u017ee a\u017e rentgen. Mimochodem lev\u00fd bek opustil p\u0159ed\u010dasn\u011b h\u0159i\u0161t\u011b poprv\u00e9 od z\u00e1\u0159\u00ed roku 2008. Mart\u00ednez poslal do hry Gerarda Deulofea, kter\u00fd se postavil na prav\u00fd kraj z\u00e1lohy. Mirallas se p\u0159esunul na podhrot, Barkley do st\u0159edov\u00e9 dvojice a m\u00edsto v obran\u011b zaplnil Barry. Zodpov\u011bdnost Barryho ve st\u0159edn\u00ed z\u00e1loze ve zbytku utk\u00e1n\u00ed Evertonu chyb\u011bla, vzniklo v\u00edce ok\u00e9nek pro \u00fatoky rivala z druh\u00e9ho konce Stanley Parku.<\/p>\n<p>Mlad\u00fd Deulofeu se po \u010dty\u0159ech minut\u00e1ch ocitl v g\u00f3lov\u00e9 \u0161anci, tak\u0159ka od p\u016fl\u00edc\u00ed \u010d\u00e1ry uh\u00e1n\u011bl s\u00e1m na Mignoleta, jeho\u017e v zakon\u010den\u00ed trefil. Zast\u00ednit se ov\u0161em nenechal Allen, s\u00e1m p\u0159ed Howardem a polovinou odkryt\u00e9 br\u00e1ny nik\u00fdm neatakovan\u00fd minul. Pokud by Vel\u0161an sk\u00f3roval, Everton by asi t\u011b\u017eko doh\u00e1n\u011bl dvoubrankov\u00e9 manko.<\/p>\n<p>P\u0159emotivovan\u00fd Mirallas si neust\u00e1le koledoval o vylou\u010den\u00ed, loktem zp\u016fsobil krvav\u00e9 zran\u011bn\u00ed v Hendersonov\u011b obli\u010deji a n\u00e1sledn\u011b dohr\u00e1l souboj s Lucasem. Dowd proh\u0159e\u0161ky Belgi\u010dana z nezn\u00e1m\u00e9ho d\u016fvodu ignoroval.<\/p>\n<p>Liverpool ho\u0159el v obran\u011b, v\u0161e zachra\u0148oval Mignolet, proti Lukakovi v 70. minut\u011b nadvakr\u00e1t. A dv\u011b minuty pozd\u011bji hr\u00e1\u010d Chelsea te\u010dovanou ranou z trestn\u00e9ho kopu op\u011bt pozlobil krajana. Akce na\u0161t\u011bst\u00ed d\u00edky Mirallasovi pokra\u010dovala a Lukaku slo\u017eil repar\u00e1t na v\u00fdbornou, z prostoru penalty z\u00a0prvn\u00edho doteku zam\u00ed\u0159il po zemi p\u0159esn\u011b &#8211;\u00a0<strong>2:2<\/strong>.<\/p>\n<p>V\u016fbec Lukaku se stal mu\u017eem dvou tv\u00e1\u0159\u00ed, \u010dasto ztr\u00e1cel snadn\u00e9 balony, n\u011bkter\u00e9 situace, u nich\u017e se od n\u011bj \u010dekala kreativita, tot\u00e1ln\u011b zazdil. Stejn\u011b jako v 77. minut\u011b, brejk 3 na 2 pokazil neskute\u010dn\u011b \u0161patnou p\u0159ihr\u00e1vkou. Na opa\u010dn\u00e9m konci h\u0159i\u0161t\u011b si Su\u00e1rez p\u0159i brejku vyl\u00e1mal zuby na Howardovi. \u0160ance zahazoval tak\u00e9 Deulofeu, v 82. minut\u011b ani nadvakr\u00e1t nevst\u0159elil svou prvn\u00ed ligovou branku v Anglii. Jen\u017ee na n\u00e1sledn\u00fd rohov\u00fd kop Mirallase si nasko\u010dil Lukaku a hlavou poslal Everton poprv\u00e9 v utk\u00e1n\u00ed do veden\u00ed &#8211;\u00a0<strong>3:2<\/strong>.<\/p>\n<p>Mart\u00ednez okam\u017eit\u011b nasadil obr\u00e1nce Stonese, kter\u00fd v hektick\u00e9m z\u00e1v\u011bru n\u011bkolikr\u00e1t chyboval. Liverpool se logicky hnal za vyrovn\u00e1n\u00edm\u2026 a do\u010dkal se v 89. minut\u011b, do t\u0159etice vst\u0159elil branku po standardn\u00ed situaci. Gerrard\u016fv centr p\u0159esn\u011b prodlou\u017eil st\u0159\u00eddaj\u00edc\u00ed Sturridge &#8211;\u00a0<strong>3:3<\/strong>. Ani pot\u00e9 se hra neuklidnila a infarktov\u00fd pr\u016fb\u011bh pokra\u010doval v nastaven\u00ed. Howard vyrazil Su\u00e1rezovu jedovku a Mignolet Deulofe\u016fv pokus z \u00fahlu.<\/p>\n<p>Neskute\u010dn\u00e9 derby.<\/p>\n<p>Highlights naleznete na\u00a0<a href=\"http:\/\/www.evertonfc.com\/evertontv\/home\/9620\" target=\"_blank\" rel=\"noopener\">ofici\u00e1ln\u00edch str\u00e1nk\u00e1ch<\/a>.<\/p>\n<p><strong>Branky:<\/strong>\u00a08. Kevin Mirallas, 72. a 82. Romelu Lukaku &#8211; 5. Coutinho, 19. Luis Su\u00e1rez, 89. Daniel Sturridge<br \/>\n<strong>\u017dK:<\/strong>\u00a031. Ross Barkley, 36. Kevin Mirallas, 89. Sylvain Distin &#8211; 62. Joe Allen, 67. Lucas Leiva, 79. Luis Su\u00e1rez<br \/>\n<strong>Everton FC:<\/strong>\u00a0Tim Howard, Leighton Baines (50. Gerard Deulofeu), Phil Jagielka, Sylvain Distin, S\u00e9amus Coleman, Kevin Mirallas (88. Leon Osman), James McCarthy, Gareth Barry, Ross Barkley, Steven Pienaar (83. John Stones), Romelu Lukaku<br \/>\n<strong>Liverpool FC:<\/strong>\u00a0Simon Mignolet, Glen Johnson, Daniel Agger, Martin \u0160krtel, John Flanagan, Steven Gerrard, Lucas Leiva (79. Daniel Sturridge), Joe Allen (68. Victor Moses), Luis Su\u00e1rez, Coutinho, Jordan Henderson<br \/>\n<strong>Rozhod\u010d\u00ed:<\/strong>\u00a0Phil Dowd<br \/>\n<strong>Div\u00e1ci:<\/strong>\u00a039 576<\/p>\n<\/div>\n","protected":false},"excerpt":{"rendered":"<p>V po\u0159ad\u00ed 221. Merseyside derby nab\u00eddlo strhuj\u00edc\u00ed pr\u016fb\u011bh utk\u00e1n\u00ed, po n\u011bm\u017e jak Toffees, tak Reds zcela jist\u011b lituj\u00ed, \u017ee nedok\u00e1zali&hellip;<\/p>\n","protected":false},"author":6,"featured_media":1315,"comment_status":"open","ping_status":"closed","sticky":false,"template":"","format":"standard","meta":{"_eb_attr":"","_monsterinsights_skip_tracking":false,"_monsterinsights_sitenote_active":false,"_monsterinsights_sitenote_note":"","_monsterinsights_sitenote_category":0,"footnotes":""},"categories":[4],"tags":[],"yoast_head":"<!-- This site is optimized with the Yoast SEO plugin v23.4 - https:\/\/yoast.com\/wordpress\/plugins\/seo\/ -->\n<title>Everton - Liverpool 3:3 - Official Czech &amp; Slovak Everton Supporters&#039; Club<\/title>\n<meta name=\"robots\" content=\"index, follow, max-snippet:-1, max-image-preview:large, max-video-preview:-1\" \/>\n<link rel=\"canonical\" href=\"https:\/\/evertonfc.cz\/index.php\/2013\/11\/23\/everton-liverpool-33\/\" \/>\n<meta property=\"og:locale\" content=\"cs_CZ\" \/>\n<meta property=\"og:type\" content=\"article\" \/>\n<meta property=\"og:title\" content=\"Everton - Liverpool 3:3 - Official Czech &amp; Slovak Everton Supporters&#039; Club\" \/>\n<meta property=\"og:description\" content=\"V po\u0159ad\u00ed 221. Merseyside derby nab\u00eddlo strhuj\u00edc\u00ed pr\u016fb\u011bh utk\u00e1n\u00ed, po n\u011bm\u017e jak Toffees, tak Reds zcela jist\u011b lituj\u00ed, \u017ee nedok\u00e1zali&hellip;\" \/>\n<meta property=\"og:url\" content=\"https:\/\/evertonfc.cz\/index.php\/2013\/11\/23\/everton-liverpool-33\/\" \/>\n<meta property=\"og:site_name\" content=\"Official Czech &amp; Slovak Everton Supporters&#039; Club\" \/>\n<meta property=\"article:publisher\" content=\"https:\/\/www.facebook.com\/everton.fans.cz.sk\" \/>\n<meta property=\"article:published_time\" content=\"2013-11-23T13:07:17+00:00\" \/>\n<meta property=\"article:modified_time\" content=\"2019-02-15T07:26:26+00:00\" \/>\n<meta property=\"og:image\" content=\"https:\/\/evertonfc.cz\/wp-content\/uploads\/2019\/01\/report.jpg\" \/>\n\t<meta property=\"og:image:width\" content=\"720\" \/>\n\t<meta property=\"og:image:height\" content=\"405\" \/>\n\t<meta property=\"og:image:type\" content=\"image\/jpeg\" \/>\n<meta name=\"author\" content=\"Ri\u010di\" \/>\n<meta name=\"twitter:card\" content=\"summary_large_image\" \/>\n<meta name=\"twitter:creator\" content=\"@rbrejsa\" \/>\n<meta name=\"twitter:label1\" content=\"Napsal(a)\" \/>\n\t<meta name=\"twitter:data1\" content=\"Ri\u010di\" \/>\n\t<meta name=\"twitter:label2\" content=\"Odhadovan\u00e1 doba \u010dten\u00ed\" \/>\n\t<meta name=\"twitter:data2\" content=\"4 minuty\" \/>\n<script type=\"application\/ld+json\" class=\"yoast-schema-graph\">{\"@context\":\"https:\/\/schema.org\",\"@graph\":[{\"@type\":\"Article\",\"@id\":\"https:\/\/evertonfc.cz\/index.php\/2013\/11\/23\/everton-liverpool-33\/#article\",\"isPartOf\":{\"@id\":\"https:\/\/evertonfc.cz\/index.php\/2013\/11\/23\/everton-liverpool-33\/\"},\"author\":{\"name\":\"Ri\u010di\",\"@id\":\"https:\/\/evertonfc.cz\/#\/schema\/person\/f7a5daedb2ffee98480bc70e191aaef1\"},\"headline\":\"Everton &#8211; Liverpool 3:3\",\"datePublished\":\"2013-11-23T13:07:17+00:00\",\"dateModified\":\"2019-02-15T07:26:26+00:00\",\"mainEntityOfPage\":{\"@id\":\"https:\/\/evertonfc.cz\/index.php\/2013\/11\/23\/everton-liverpool-33\/\"},\"wordCount\":879,\"commentCount\":0,\"publisher\":{\"@id\":\"https:\/\/evertonfc.cz\/#organization\"},\"image\":{\"@id\":\"https:\/\/evertonfc.cz\/index.php\/2013\/11\/23\/everton-liverpool-33\/#primaryimage\"},\"thumbnailUrl\":\"https:\/\/evertonfc.cz\/wp-content\/uploads\/2019\/01\/report.jpg\",\"articleSection\":[\"Z\u00e1pasy\"],\"inLanguage\":\"cs\",\"potentialAction\":[{\"@type\":\"CommentAction\",\"name\":\"Comment\",\"target\":[\"https:\/\/evertonfc.cz\/index.php\/2013\/11\/23\/everton-liverpool-33\/#respond\"]}]},{\"@type\":\"WebPage\",\"@id\":\"https:\/\/evertonfc.cz\/index.php\/2013\/11\/23\/everton-liverpool-33\/\",\"url\":\"https:\/\/evertonfc.cz\/index.php\/2013\/11\/23\/everton-liverpool-33\/\",\"name\":\"Everton - Liverpool 3:3 - Official Czech &amp; Slovak Everton Supporters&#039; Club\",\"isPartOf\":{\"@id\":\"https:\/\/evertonfc.cz\/#website\"},\"primaryImageOfPage\":{\"@id\":\"https:\/\/evertonfc.cz\/index.php\/2013\/11\/23\/everton-liverpool-33\/#primaryimage\"},\"image\":{\"@id\":\"https:\/\/evertonfc.cz\/index.php\/2013\/11\/23\/everton-liverpool-33\/#primaryimage\"},\"thumbnailUrl\":\"https:\/\/evertonfc.cz\/wp-content\/uploads\/2019\/01\/report.jpg\",\"datePublished\":\"2013-11-23T13:07:17+00:00\",\"dateModified\":\"2019-02-15T07:26:26+00:00\",\"breadcrumb\":{\"@id\":\"https:\/\/evertonfc.cz\/index.php\/2013\/11\/23\/everton-liverpool-33\/#breadcrumb\"},\"inLanguage\":\"cs\",\"potentialAction\":[{\"@type\":\"ReadAction\",\"target\":[\"https:\/\/evertonfc.cz\/index.php\/2013\/11\/23\/everton-liverpool-33\/\"]}]},{\"@type\":\"ImageObject\",\"inLanguage\":\"cs\",\"@id\":\"https:\/\/evertonfc.cz\/index.php\/2013\/11\/23\/everton-liverpool-33\/#primaryimage\",\"url\":\"https:\/\/evertonfc.cz\/wp-content\/uploads\/2019\/01\/report.jpg\",\"contentUrl\":\"https:\/\/evertonfc.cz\/wp-content\/uploads\/2019\/01\/report.jpg\",\"width\":720,\"height\":405},{\"@type\":\"BreadcrumbList\",\"@id\":\"https:\/\/evertonfc.cz\/index.php\/2013\/11\/23\/everton-liverpool-33\/#breadcrumb\",\"itemListElement\":[{\"@type\":\"ListItem\",\"position\":1,\"name\":\"Home\",\"item\":\"https:\/\/evertonfc.cz\/\"},{\"@type\":\"ListItem\",\"position\":2,\"name\":\"Everton &#8211; Liverpool 3:3\"}]},{\"@type\":\"WebSite\",\"@id\":\"https:\/\/evertonfc.cz\/#website\",\"url\":\"https:\/\/evertonfc.cz\/\",\"name\":\"Official Czech &amp; Slovak Everton Supporters&#039; Club\",\"description\":\"\",\"publisher\":{\"@id\":\"https:\/\/evertonfc.cz\/#organization\"},\"potentialAction\":[{\"@type\":\"SearchAction\",\"target\":{\"@type\":\"EntryPoint\",\"urlTemplate\":\"https:\/\/evertonfc.cz\/?s={search_term_string}\"},\"query-input\":{\"@type\":\"PropertyValueSpecification\",\"valueRequired\":true,\"valueName\":\"search_term_string\"}}],\"inLanguage\":\"cs\"},{\"@type\":\"Organization\",\"@id\":\"https:\/\/evertonfc.cz\/#organization\",\"name\":\"Official Czech & Slovak Everton Supporters' Club\",\"url\":\"https:\/\/evertonfc.cz\/\",\"logo\":{\"@type\":\"ImageObject\",\"inLanguage\":\"cs\",\"@id\":\"https:\/\/evertonfc.cz\/#\/schema\/logo\/image\/\",\"url\":\"https:\/\/evertonfc.cz\/wp-content\/uploads\/2019\/05\/logo.png\",\"contentUrl\":\"https:\/\/evertonfc.cz\/wp-content\/uploads\/2019\/05\/logo.png\",\"width\":112,\"height\":112,\"caption\":\"Official Czech & Slovak Everton Supporters' Club\"},\"image\":{\"@id\":\"https:\/\/evertonfc.cz\/#\/schema\/logo\/image\/\"},\"sameAs\":[\"https:\/\/www.facebook.com\/everton.fans.cz.sk\"]},{\"@type\":\"Person\",\"@id\":\"https:\/\/evertonfc.cz\/#\/schema\/person\/f7a5daedb2ffee98480bc70e191aaef1\",\"name\":\"Ri\u010di\",\"sameAs\":[\"https:\/\/x.com\/rbrejsa\"],\"url\":\"https:\/\/evertonfc.cz\/index.php\/author\/rici\/\"}]}<\/script>\n<!-- \/ Yoast SEO plugin. -->","yoast_head_json":{"title":"Everton - Liverpool 3:3 - Official Czech &amp; Slovak Everton Supporters&#039; Club","robots":{"index":"index","follow":"follow","max-snippet":"max-snippet:-1","max-image-preview":"max-image-preview:large","max-video-preview":"max-video-preview:-1"},"canonical":"https:\/\/evertonfc.cz\/index.php\/2013\/11\/23\/everton-liverpool-33\/","og_locale":"cs_CZ","og_type":"article","og_title":"Everton - Liverpool 3:3 - Official Czech &amp; Slovak Everton Supporters&#039; Club","og_description":"V po\u0159ad\u00ed 221. Merseyside derby nab\u00eddlo strhuj\u00edc\u00ed pr\u016fb\u011bh utk\u00e1n\u00ed, po n\u011bm\u017e jak Toffees, tak Reds zcela jist\u011b lituj\u00ed, \u017ee nedok\u00e1zali&hellip;","og_url":"https:\/\/evertonfc.cz\/index.php\/2013\/11\/23\/everton-liverpool-33\/","og_site_name":"Official Czech &amp; Slovak Everton Supporters&#039; Club","article_publisher":"https:\/\/www.facebook.com\/everton.fans.cz.sk","article_published_time":"2013-11-23T13:07:17+00:00","article_modified_time":"2019-02-15T07:26:26+00:00","og_image":[{"width":720,"height":405,"url":"https:\/\/evertonfc.cz\/wp-content\/uploads\/2019\/01\/report.jpg","type":"image\/jpeg"}],"author":"Ri\u010di","twitter_card":"summary_large_image","twitter_creator":"@rbrejsa","twitter_misc":{"Napsal(a)":"Ri\u010di","Odhadovan\u00e1 doba \u010dten\u00ed":"4 minuty"},"schema":{"@context":"https:\/\/schema.org","@graph":[{"@type":"Article","@id":"https:\/\/evertonfc.cz\/index.php\/2013\/11\/23\/everton-liverpool-33\/#article","isPartOf":{"@id":"https:\/\/evertonfc.cz\/index.php\/2013\/11\/23\/everton-liverpool-33\/"},"author":{"name":"Ri\u010di","@id":"https:\/\/evertonfc.cz\/#\/schema\/person\/f7a5daedb2ffee98480bc70e191aaef1"},"headline":"Everton &#8211; Liverpool 3:3","datePublished":"2013-11-23T13:07:17+00:00","dateModified":"2019-02-15T07:26:26+00:00","mainEntityOfPage":{"@id":"https:\/\/evertonfc.cz\/index.php\/2013\/11\/23\/everton-liverpool-33\/"},"wordCount":879,"commentCount":0,"publisher":{"@id":"https:\/\/evertonfc.cz\/#organization"},"image":{"@id":"https:\/\/evertonfc.cz\/index.php\/2013\/11\/23\/everton-liverpool-33\/#primaryimage"},"thumbnailUrl":"https:\/\/evertonfc.cz\/wp-content\/uploads\/2019\/01\/report.jpg","articleSection":["Z\u00e1pasy"],"inLanguage":"cs","potentialAction":[{"@type":"CommentAction","name":"Comment","target":["https:\/\/evertonfc.cz\/index.php\/2013\/11\/23\/everton-liverpool-33\/#respond"]}]},{"@type":"WebPage","@id":"https:\/\/evertonfc.cz\/index.php\/2013\/11\/23\/everton-liverpool-33\/","url":"https:\/\/evertonfc.cz\/index.php\/2013\/11\/23\/everton-liverpool-33\/","name":"Everton - Liverpool 3:3 - Official Czech &amp; Slovak Everton Supporters&#039; Club","isPartOf":{"@id":"https:\/\/evertonfc.cz\/#website"},"primaryImageOfPage":{"@id":"https:\/\/evertonfc.cz\/index.php\/2013\/11\/23\/everton-liverpool-33\/#primaryimage"},"image":{"@id":"https:\/\/evertonfc.cz\/index.php\/2013\/11\/23\/everton-liverpool-33\/#primaryimage"},"thumbnailUrl":"https:\/\/evertonfc.cz\/wp-content\/uploads\/2019\/01\/report.jpg","datePublished":"2013-11-23T13:07:17+00:00","dateModified":"2019-02-15T07:26:26+00:00","breadcrumb":{"@id":"https:\/\/evertonfc.cz\/index.php\/2013\/11\/23\/everton-liverpool-33\/#breadcrumb"},"inLanguage":"cs","potentialAction":[{"@type":"ReadAction","target":["https:\/\/evertonfc.cz\/index.php\/2013\/11\/23\/everton-liverpool-33\/"]}]},{"@type":"ImageObject","inLanguage":"cs","@id":"https:\/\/evertonfc.cz\/index.php\/2013\/11\/23\/everton-liverpool-33\/#primaryimage","url":"https:\/\/evertonfc.cz\/wp-content\/uploads\/2019\/01\/report.jpg","contentUrl":"https:\/\/evertonfc.cz\/wp-content\/uploads\/2019\/01\/report.jpg","width":720,"height":405},{"@type":"BreadcrumbList","@id":"https:\/\/evertonfc.cz\/index.php\/2013\/11\/23\/everton-liverpool-33\/#breadcrumb","itemListElement":[{"@type":"ListItem","position":1,"name":"Home","item":"https:\/\/evertonfc.cz\/"},{"@type":"ListItem","position":2,"name":"Everton &#8211; Liverpool 3:3"}]},{"@type":"WebSite","@id":"https:\/\/evertonfc.cz\/#website","url":"https:\/\/evertonfc.cz\/","name":"Official Czech &amp; Slovak Everton Supporters&#039; Club","description":"","publisher":{"@id":"https:\/\/evertonfc.cz\/#organization"},"potentialAction":[{"@type":"SearchAction","target":{"@type":"EntryPoint","urlTemplate":"https:\/\/evertonfc.cz\/?s={search_term_string}"},"query-input":{"@type":"PropertyValueSpecification","valueRequired":true,"valueName":"search_term_string"}}],"inLanguage":"cs"},{"@type":"Organization","@id":"https:\/\/evertonfc.cz\/#organization","name":"Official Czech & Slovak Everton Supporters' Club","url":"https:\/\/evertonfc.cz\/","logo":{"@type":"ImageObject","inLanguage":"cs","@id":"https:\/\/evertonfc.cz\/#\/schema\/logo\/image\/","url":"https:\/\/evertonfc.cz\/wp-content\/uploads\/2019\/05\/logo.png","contentUrl":"https:\/\/evertonfc.cz\/wp-content\/uploads\/2019\/05\/logo.png","width":112,"height":112,"caption":"Official Czech & Slovak Everton Supporters' Club"},"image":{"@id":"https:\/\/evertonfc.cz\/#\/schema\/logo\/image\/"},"sameAs":["https:\/\/www.facebook.com\/everton.fans.cz.sk"]},{"@type":"Person","@id":"https:\/\/evertonfc.cz\/#\/schema\/person\/f7a5daedb2ffee98480bc70e191aaef1","name":"Ri\u010di","sameAs":["https:\/\/x.com\/rbrejsa"],"url":"https:\/\/evertonfc.cz\/index.php\/author\/rici\/"}]}},"_links":{"self":[{"href":"https:\/\/evertonfc.cz\/index.php\/wp-json\/wp\/v2\/posts\/5171"}],"collection":[{"href":"https:\/\/evertonfc.cz\/index.php\/wp-json\/wp\/v2\/posts"}],"about":[{"href":"https:\/\/evertonfc.cz\/index.php\/wp-json\/wp\/v2\/types\/post"}],"author":[{"embeddable":true,"href":"https:\/\/evertonfc.cz\/index.php\/wp-json\/wp\/v2\/users\/6"}],"replies":[{"embeddable":true,"href":"https:\/\/evertonfc.cz\/index.php\/wp-json\/wp\/v2\/comments?post=5171"}],"version-history":[{"count":3,"href":"https:\/\/evertonfc.cz\/index.php\/wp-json\/wp\/v2\/posts\/5171\/revisions"}],"predecessor-version":[{"id":5466,"href":"https:\/\/evertonfc.cz\/index.php\/wp-json\/wp\/v2\/posts\/5171\/revisions\/5466"}],"wp:featuredmedia":[{"embeddable":true,"href":"https:\/\/evertonfc.cz\/index.php\/wp-json\/wp\/v2\/media\/1315"}],"wp:attachment":[{"href":"https:\/\/evertonfc.cz\/index.php\/wp-json\/wp\/v2\/media?parent=5171"}],"wp:term":[{"taxonomy":"category","embeddable":true,"href":"https:\/\/evertonfc.cz\/index.php\/wp-json\/wp\/v2\/categories?post=5171"},{"taxonomy":"post_tag","embeddable":true,"href":"https:\/\/evertonfc.cz\/index.php\/wp-json\/wp\/v2\/tags?post=5171"}],"curies":[{"name":"wp","href":"https:\/\/api.w.org\/{rel}","templated":true}]}}