{"id":5173,"date":"2013-11-22T14:08:00","date_gmt":"2013-11-22T13:08:00","guid":{"rendered":"http:\/\/evertonfc.cz\/?p=5173"},"modified":"2019-02-15T08:28:39","modified_gmt":"2019-02-15T07:28:39","slug":"preview-everton-liverpool-6","status":"publish","type":"post","link":"https:\/\/evertonfc.cz\/index.php\/2013\/11\/22\/preview-everton-liverpool-6\/","title":{"rendered":"Preview: Everton &#8211; Liverpool"},"content":{"rendered":"<h4 id=\"NewsPostDetailSummary\">Prvn\u00ed Merseyside derby leto\u0161n\u00ed sezony je za dve\u0159mi a vzhledem k pozic\u00edm obou z\u00fa\u010dast\u011bn\u00fdch t\u00fdm\u016f v tabulce, je zad\u011bl\u00e1no na zaj\u00edmavou pod\u00edvanou.<\/h4>\n<div id=\"NewsPostDetailContent\">\n<p>Merseyside derby s po\u0159adov\u00fdm \u010d\u00edslem 221 zastihuje oba celky ve vedouc\u00ed \u0161estici tabulky, motivaci tedy \u0161est\u00fd Everton ani druh\u00fd Liverpool dlouho hledat nemus\u00ed. Jinak by tomu ostatn\u011b v jednom z tradi\u010dn\u00edch vrchol\u016f sezony snad ani b\u00fdt nemohlo.<\/p>\n<p>O n\u011bco hor\u0161\u00ed v\u00fdchoz\u00ed pozici maj\u00ed nicm\u00e9n\u011b Toffees. Z pohledu aktu\u00e1ln\u00ed formy to nen\u00ed \u017e\u00e1dn\u00e1 sl\u00e1va, na druhou stranu ale ani nen\u00ed d\u016fvod k panice. V listopadu Blues zat\u00edm nevyhr\u00e1li, kdy\u017e nejprve doma remizovali s Tottenhamem a pot\u00e9 nedok\u00e1zali naj\u00edt recept na zdol\u00e1n\u00ed posledn\u00edho nov\u00e1\u010dka Crystal Palace. Z\u00edskan\u00fdmi t\u0159i body by Everton Liverpool bodov\u011b dohnal a nav\u00edc by tak\u00e9 trochu vylep\u0161il nep\u0159\u00edznivou bilanci proti Reds. Za posledn\u00edch \u010dtrn\u00e1ct let vyhr\u00e1t v ligov\u00e9m derby jen \u010dty\u0159ikr\u00e1t, to je p\u0159ece \u017ealostn\u011b m\u00e1lo.<\/p>\n<p>Varovn\u00fdm sign\u00e1lem tak\u00e9 m\u016f\u017ee b\u00fdt ji\u017e 200 minut, kter\u00e9 uplynuly od vst\u0159elen\u00ed zat\u00edm posledn\u00ed branky. To p\u0159ed derby nen\u00ed ide\u00e1ln\u00ed zpr\u00e1vou, tak\u017ee jen doufejme, \u017ee mu\u017e, kter\u00fd moment\u00e1ln\u011b nos\u00ed na z\u00e1dech \u010d\u00edslo 17 si vzpomene na sv\u00e9ho p\u0159edch\u016fdce, kter\u00fd sv\u00fdmi g\u00f3ly v derby um\u011bl p\u0159iv\u00e9st Goodison Park do varu.<\/p>\n<p>Liverpoolu moment\u00e1ln\u011b pat\u0159\u00ed o jeden\u00e1ct bod\u016f a jeden\u00e1ct p\u0159\u00ed\u010dek lep\u0161\u00ed pozice, ne\u017e ve stejnou \u010d\u00e1st sezony p\u0159esn\u011b p\u0159ed rokem. Z posledn\u00edch p\u011bti z\u00e1pas\u016f vyhr\u00e1li t\u0159ikr\u00e1t a jednou stihli prohr\u00e1t i remizovat. Do derby p\u016fjde po vysok\u00e9m v\u00edt\u011bzstv\u00ed 4-0 nad Fulhamem, kter\u00e9 je vyneslo a\u017e na lichotivou druhou p\u0159\u00ed\u010dku.<\/p>\n<h4><strong>Z\u00e1pasov\u00e1 fakta<\/strong><\/h4>\n<ul>\n<li>Jedinou v\u00fdhru z posledn\u00edch 13 ligov\u00fdch Merseyside derby p\u0159edstavuje v\u00edt\u011bzstv\u00ed 2-0 z \u0159\u00edjna 2010. Z t\u011bchto t\u0159in\u00e1cti duel\u016f Toffees prohr\u00e1li sedmkr\u00e1t a g\u00f3l nedali v osmi z\u00e1pasech.<\/li>\n<li>Merseyside derby v Premier League zaznamenalo ji\u017e dvacet \u010derven\u00fdch karet, ta posledn\u00ed je v\u0161ak ji\u017e dva roky star\u00e1 a nav\u00edc tehdy Jack Rodwell a Everton usp\u011bli s odvol\u00e1n\u00edm.<\/li>\n<li>Sobotn\u00ed derby bude v celkov\u00e9m po\u0159ad\u00ed 221. a 189. v lize. Ve v\u0161ech sout\u011b\u017e\u00edch vede Liverpool s 87 v\u00fdhrami oproti 66 Toffees.<\/li>\n<\/ul>\n<h4><strong>Everton<\/strong><\/h4>\n<ul>\n<li>Je nepora\u017een ve 14 ligov\u00fdch z\u00e1pasech na Goodison Parku v leto\u0161n\u00edm kalend\u00e1\u0159n\u00edm roce (10 v\u00fdher, 4 rem\u00edzy). Od doby, kdy Blues pro\u0161li cel\u00fdm rokem bez por\u00e1\u017eky p\u0159ed vlastn\u00edm publikem ub\u011bhlo ji\u017e 51 let.<\/li>\n<li>Pokud utk\u00e1n\u00ed skon\u010d\u00ed bezbrankovou rem\u00edzou, bude to poprv\u00e9 od \u00fanora 1982, kdy jejich t\u0159et\u00ed z\u00e1pas v \u0159ad\u011b skon\u010dil 0-0.<\/li>\n<li>V lize nedostal g\u00f3l ji\u017e p\u011bt hodin a 30 minut.<\/li>\n<li>Tim Howard se stane nej\u010dast\u011bji nastupuj\u00edc\u00edm hr\u00e1\u010dem Evertonu v \u00e9\u0159e Premier League. Zahraje si ji\u017e v 272. z\u00e1pase a p\u0159ekon\u00e1 tak rekord, kter\u00fd dosud dr\u017eel David Unsworth.<\/li>\n<\/ul>\n<h4><strong>Liverpool<\/strong><\/h4>\n<ul>\n<li>Za\u017e\u00edv\u00e1 nejlep\u0161\u00ed start do sezony za posledn\u00edch p\u011bt let.<\/li>\n<li>Zv\u00edt\u011bzili ve v\u0161ech ze sedmi z\u00e1pas\u016f, ve kter\u00e9m otev\u0159eli sk\u00f3re jako prvn\u00ed. V prvn\u00edch polo\u010dasech nav\u00edc maj\u00ed nejlep\u0161\u00ed \u010d\u00edsla v lize. Doposud v nich vst\u0159elil 16 g\u00f3l\u016f, tedy nejv\u00edce ze v\u0161ech t\u00fdm\u016f. Pokud by se utk\u00e1n\u00ed hr\u00e1la jen 45 minut, Reds by m\u011bli na \u010dele tabulky p\u011btibodov\u00fd n\u00e1skok.<\/li>\n<li>Luis Suarez a Daniel Sturridge oba v roce 2013 vst\u0159elili 18 branek, spole\u010dn\u011b s Robinem van Persiem a Christianem Benteke nejv\u00edce v lize.<\/li>\n<\/ul>\n<h4><strong>Absence<\/strong><\/h4>\n<p>Everton se m\u016f\u017ee krom\u011b dlouhodob\u011b zran\u011bn\u00e9ho Darrona Gibsona a Arouny Kon\u00e9ho spolehnout na kompletn\u00ed soupisku. Liverpool bude postr\u00e1dat Jose Enriqueho a nejist\u00fd je start Daniela Sturridge. Najisto se pak vrac\u00ed Kolo Toure.<\/p>\n<ul>\n<li><strong>Kdy:<\/strong>\u00a023.11. 13:45 SE\u010c<\/li>\n<li><strong>Kde:<\/strong>\u00a0Goodison Park<\/li>\n<li><strong>Rozhod\u010d\u00ed:<\/strong>\u00a0Phil Dowd<\/li>\n<\/ul>\n<\/div>\n","protected":false},"excerpt":{"rendered":"<p>Prvn\u00ed Merseyside derby leto\u0161n\u00ed sezony je za dve\u0159mi a vzhledem k pozic\u00edm obou z\u00fa\u010dast\u011bn\u00fdch t\u00fdm\u016f v tabulce, je zad\u011bl\u00e1no na&hellip;<\/p>\n","protected":false},"author":7,"featured_media":1314,"comment_status":"open","ping_status":"closed","sticky":false,"template":"","format":"standard","meta":{"_eb_attr":"","_monsterinsights_skip_tracking":false,"_monsterinsights_sitenote_active":false,"_monsterinsights_sitenote_note":"","_monsterinsights_sitenote_category":0,"footnotes":""},"categories":[4],"tags":[],"yoast_head":"<!-- This site is optimized with the Yoast SEO plugin v23.4 - https:\/\/yoast.com\/wordpress\/plugins\/seo\/ -->\n<title>Preview: Everton - Liverpool - Official Czech &amp; Slovak Everton Supporters&#039; Club<\/title>\n<meta name=\"robots\" content=\"index, follow, max-snippet:-1, max-image-preview:large, max-video-preview:-1\" \/>\n<link rel=\"canonical\" href=\"https:\/\/evertonfc.cz\/index.php\/2013\/11\/22\/preview-everton-liverpool-6\/\" \/>\n<meta property=\"og:locale\" content=\"cs_CZ\" \/>\n<meta property=\"og:type\" content=\"article\" \/>\n<meta property=\"og:title\" content=\"Preview: Everton - Liverpool - Official Czech &amp; Slovak Everton Supporters&#039; Club\" \/>\n<meta property=\"og:description\" content=\"Prvn\u00ed Merseyside derby leto\u0161n\u00ed sezony je za dve\u0159mi a vzhledem k pozic\u00edm obou z\u00fa\u010dast\u011bn\u00fdch t\u00fdm\u016f v tabulce, je zad\u011bl\u00e1no na&hellip;\" \/>\n<meta property=\"og:url\" content=\"https:\/\/evertonfc.cz\/index.php\/2013\/11\/22\/preview-everton-liverpool-6\/\" \/>\n<meta property=\"og:site_name\" content=\"Official Czech &amp; Slovak Everton Supporters&#039; Club\" \/>\n<meta property=\"article:publisher\" content=\"https:\/\/www.facebook.com\/everton.fans.cz.sk\" \/>\n<meta property=\"article:published_time\" content=\"2013-11-22T13:08:00+00:00\" \/>\n<meta property=\"article:modified_time\" content=\"2019-02-15T07:28:39+00:00\" \/>\n<meta property=\"og:image\" content=\"https:\/\/evertonfc.cz\/wp-content\/uploads\/2019\/01\/preview.jpg\" \/>\n\t<meta property=\"og:image:width\" content=\"720\" \/>\n\t<meta property=\"og:image:height\" content=\"405\" \/>\n\t<meta property=\"og:image:type\" content=\"image\/jpeg\" \/>\n<meta name=\"author\" content=\"Me\u0148a\" \/>\n<meta name=\"twitter:card\" content=\"summary_large_image\" \/>\n<meta name=\"twitter:label1\" content=\"Napsal(a)\" \/>\n\t<meta name=\"twitter:data1\" content=\"Me\u0148a\" \/>\n\t<meta name=\"twitter:label2\" content=\"Odhadovan\u00e1 doba \u010dten\u00ed\" \/>\n\t<meta name=\"twitter:data2\" content=\"3 minuty\" \/>\n<script type=\"application\/ld+json\" class=\"yoast-schema-graph\">{\"@context\":\"https:\/\/schema.org\",\"@graph\":[{\"@type\":\"Article\",\"@id\":\"https:\/\/evertonfc.cz\/index.php\/2013\/11\/22\/preview-everton-liverpool-6\/#article\",\"isPartOf\":{\"@id\":\"https:\/\/evertonfc.cz\/index.php\/2013\/11\/22\/preview-everton-liverpool-6\/\"},\"author\":{\"name\":\"Me\u0148a\",\"@id\":\"https:\/\/evertonfc.cz\/#\/schema\/person\/cd6328a75577de2add7793fd4b0930c3\"},\"headline\":\"Preview: Everton &#8211; Liverpool\",\"datePublished\":\"2013-11-22T13:08:00+00:00\",\"dateModified\":\"2019-02-15T07:28:39+00:00\",\"mainEntityOfPage\":{\"@id\":\"https:\/\/evertonfc.cz\/index.php\/2013\/11\/22\/preview-everton-liverpool-6\/\"},\"wordCount\":678,\"commentCount\":0,\"publisher\":{\"@id\":\"https:\/\/evertonfc.cz\/#organization\"},\"image\":{\"@id\":\"https:\/\/evertonfc.cz\/index.php\/2013\/11\/22\/preview-everton-liverpool-6\/#primaryimage\"},\"thumbnailUrl\":\"https:\/\/evertonfc.cz\/wp-content\/uploads\/2019\/01\/preview.jpg\",\"articleSection\":[\"Z\u00e1pasy\"],\"inLanguage\":\"cs\",\"potentialAction\":[{\"@type\":\"CommentAction\",\"name\":\"Comment\",\"target\":[\"https:\/\/evertonfc.cz\/index.php\/2013\/11\/22\/preview-everton-liverpool-6\/#respond\"]}]},{\"@type\":\"WebPage\",\"@id\":\"https:\/\/evertonfc.cz\/index.php\/2013\/11\/22\/preview-everton-liverpool-6\/\",\"url\":\"https:\/\/evertonfc.cz\/index.php\/2013\/11\/22\/preview-everton-liverpool-6\/\",\"name\":\"Preview: Everton - Liverpool - Official Czech &amp; Slovak Everton Supporters&#039; Club\",\"isPartOf\":{\"@id\":\"https:\/\/evertonfc.cz\/#website\"},\"primaryImageOfPage\":{\"@id\":\"https:\/\/evertonfc.cz\/index.php\/2013\/11\/22\/preview-everton-liverpool-6\/#primaryimage\"},\"image\":{\"@id\":\"https:\/\/evertonfc.cz\/index.php\/2013\/11\/22\/preview-everton-liverpool-6\/#primaryimage\"},\"thumbnailUrl\":\"https:\/\/evertonfc.cz\/wp-content\/uploads\/2019\/01\/preview.jpg\",\"datePublished\":\"2013-11-22T13:08:00+00:00\",\"dateModified\":\"2019-02-15T07:28:39+00:00\",\"breadcrumb\":{\"@id\":\"https:\/\/evertonfc.cz\/index.php\/2013\/11\/22\/preview-everton-liverpool-6\/#breadcrumb\"},\"inLanguage\":\"cs\",\"potentialAction\":[{\"@type\":\"ReadAction\",\"target\":[\"https:\/\/evertonfc.cz\/index.php\/2013\/11\/22\/preview-everton-liverpool-6\/\"]}]},{\"@type\":\"ImageObject\",\"inLanguage\":\"cs\",\"@id\":\"https:\/\/evertonfc.cz\/index.php\/2013\/11\/22\/preview-everton-liverpool-6\/#primaryimage\",\"url\":\"https:\/\/evertonfc.cz\/wp-content\/uploads\/2019\/01\/preview.jpg\",\"contentUrl\":\"https:\/\/evertonfc.cz\/wp-content\/uploads\/2019\/01\/preview.jpg\",\"width\":720,\"height\":405},{\"@type\":\"BreadcrumbList\",\"@id\":\"https:\/\/evertonfc.cz\/index.php\/2013\/11\/22\/preview-everton-liverpool-6\/#breadcrumb\",\"itemListElement\":[{\"@type\":\"ListItem\",\"position\":1,\"name\":\"Home\",\"item\":\"https:\/\/evertonfc.cz\/\"},{\"@type\":\"ListItem\",\"position\":2,\"name\":\"Preview: Everton &#8211; Liverpool\"}]},{\"@type\":\"WebSite\",\"@id\":\"https:\/\/evertonfc.cz\/#website\",\"url\":\"https:\/\/evertonfc.cz\/\",\"name\":\"Official Czech &amp; Slovak Everton Supporters&#039; Club\",\"description\":\"\",\"publisher\":{\"@id\":\"https:\/\/evertonfc.cz\/#organization\"},\"potentialAction\":[{\"@type\":\"SearchAction\",\"target\":{\"@type\":\"EntryPoint\",\"urlTemplate\":\"https:\/\/evertonfc.cz\/?s={search_term_string}\"},\"query-input\":{\"@type\":\"PropertyValueSpecification\",\"valueRequired\":true,\"valueName\":\"search_term_string\"}}],\"inLanguage\":\"cs\"},{\"@type\":\"Organization\",\"@id\":\"https:\/\/evertonfc.cz\/#organization\",\"name\":\"Official Czech & Slovak Everton Supporters' Club\",\"url\":\"https:\/\/evertonfc.cz\/\",\"logo\":{\"@type\":\"ImageObject\",\"inLanguage\":\"cs\",\"@id\":\"https:\/\/evertonfc.cz\/#\/schema\/logo\/image\/\",\"url\":\"https:\/\/evertonfc.cz\/wp-content\/uploads\/2019\/05\/logo.png\",\"contentUrl\":\"https:\/\/evertonfc.cz\/wp-content\/uploads\/2019\/05\/logo.png\",\"width\":112,\"height\":112,\"caption\":\"Official Czech & Slovak Everton Supporters' Club\"},\"image\":{\"@id\":\"https:\/\/evertonfc.cz\/#\/schema\/logo\/image\/\"},\"sameAs\":[\"https:\/\/www.facebook.com\/everton.fans.cz.sk\"]},{\"@type\":\"Person\",\"@id\":\"https:\/\/evertonfc.cz\/#\/schema\/person\/cd6328a75577de2add7793fd4b0930c3\",\"name\":\"Me\u0148a\",\"url\":\"https:\/\/evertonfc.cz\/index.php\/author\/mena\/\"}]}<\/script>\n<!-- \/ Yoast SEO plugin. -->","yoast_head_json":{"title":"Preview: Everton - Liverpool - Official Czech &amp; Slovak Everton Supporters&#039; Club","robots":{"index":"index","follow":"follow","max-snippet":"max-snippet:-1","max-image-preview":"max-image-preview:large","max-video-preview":"max-video-preview:-1"},"canonical":"https:\/\/evertonfc.cz\/index.php\/2013\/11\/22\/preview-everton-liverpool-6\/","og_locale":"cs_CZ","og_type":"article","og_title":"Preview: Everton - Liverpool - Official Czech &amp; Slovak Everton Supporters&#039; Club","og_description":"Prvn\u00ed Merseyside derby leto\u0161n\u00ed sezony je za dve\u0159mi a vzhledem k pozic\u00edm obou z\u00fa\u010dast\u011bn\u00fdch t\u00fdm\u016f v tabulce, je zad\u011bl\u00e1no na&hellip;","og_url":"https:\/\/evertonfc.cz\/index.php\/2013\/11\/22\/preview-everton-liverpool-6\/","og_site_name":"Official Czech &amp; Slovak Everton Supporters&#039; Club","article_publisher":"https:\/\/www.facebook.com\/everton.fans.cz.sk","article_published_time":"2013-11-22T13:08:00+00:00","article_modified_time":"2019-02-15T07:28:39+00:00","og_image":[{"width":720,"height":405,"url":"https:\/\/evertonfc.cz\/wp-content\/uploads\/2019\/01\/preview.jpg","type":"image\/jpeg"}],"author":"Me\u0148a","twitter_card":"summary_large_image","twitter_misc":{"Napsal(a)":"Me\u0148a","Odhadovan\u00e1 doba \u010dten\u00ed":"3 minuty"},"schema":{"@context":"https:\/\/schema.org","@graph":[{"@type":"Article","@id":"https:\/\/evertonfc.cz\/index.php\/2013\/11\/22\/preview-everton-liverpool-6\/#article","isPartOf":{"@id":"https:\/\/evertonfc.cz\/index.php\/2013\/11\/22\/preview-everton-liverpool-6\/"},"author":{"name":"Me\u0148a","@id":"https:\/\/evertonfc.cz\/#\/schema\/person\/cd6328a75577de2add7793fd4b0930c3"},"headline":"Preview: Everton &#8211; Liverpool","datePublished":"2013-11-22T13:08:00+00:00","dateModified":"2019-02-15T07:28:39+00:00","mainEntityOfPage":{"@id":"https:\/\/evertonfc.cz\/index.php\/2013\/11\/22\/preview-everton-liverpool-6\/"},"wordCount":678,"commentCount":0,"publisher":{"@id":"https:\/\/evertonfc.cz\/#organization"},"image":{"@id":"https:\/\/evertonfc.cz\/index.php\/2013\/11\/22\/preview-everton-liverpool-6\/#primaryimage"},"thumbnailUrl":"https:\/\/evertonfc.cz\/wp-content\/uploads\/2019\/01\/preview.jpg","articleSection":["Z\u00e1pasy"],"inLanguage":"cs","potentialAction":[{"@type":"CommentAction","name":"Comment","target":["https:\/\/evertonfc.cz\/index.php\/2013\/11\/22\/preview-everton-liverpool-6\/#respond"]}]},{"@type":"WebPage","@id":"https:\/\/evertonfc.cz\/index.php\/2013\/11\/22\/preview-everton-liverpool-6\/","url":"https:\/\/evertonfc.cz\/index.php\/2013\/11\/22\/preview-everton-liverpool-6\/","name":"Preview: Everton - Liverpool - Official Czech &amp; Slovak Everton Supporters&#039; Club","isPartOf":{"@id":"https:\/\/evertonfc.cz\/#website"},"primaryImageOfPage":{"@id":"https:\/\/evertonfc.cz\/index.php\/2013\/11\/22\/preview-everton-liverpool-6\/#primaryimage"},"image":{"@id":"https:\/\/evertonfc.cz\/index.php\/2013\/11\/22\/preview-everton-liverpool-6\/#primaryimage"},"thumbnailUrl":"https:\/\/evertonfc.cz\/wp-content\/uploads\/2019\/01\/preview.jpg","datePublished":"2013-11-22T13:08:00+00:00","dateModified":"2019-02-15T07:28:39+00:00","breadcrumb":{"@id":"https:\/\/evertonfc.cz\/index.php\/2013\/11\/22\/preview-everton-liverpool-6\/#breadcrumb"},"inLanguage":"cs","potentialAction":[{"@type":"ReadAction","target":["https:\/\/evertonfc.cz\/index.php\/2013\/11\/22\/preview-everton-liverpool-6\/"]}]},{"@type":"ImageObject","inLanguage":"cs","@id":"https:\/\/evertonfc.cz\/index.php\/2013\/11\/22\/preview-everton-liverpool-6\/#primaryimage","url":"https:\/\/evertonfc.cz\/wp-content\/uploads\/2019\/01\/preview.jpg","contentUrl":"https:\/\/evertonfc.cz\/wp-content\/uploads\/2019\/01\/preview.jpg","width":720,"height":405},{"@type":"BreadcrumbList","@id":"https:\/\/evertonfc.cz\/index.php\/2013\/11\/22\/preview-everton-liverpool-6\/#breadcrumb","itemListElement":[{"@type":"ListItem","position":1,"name":"Home","item":"https:\/\/evertonfc.cz\/"},{"@type":"ListItem","position":2,"name":"Preview: Everton &#8211; Liverpool"}]},{"@type":"WebSite","@id":"https:\/\/evertonfc.cz\/#website","url":"https:\/\/evertonfc.cz\/","name":"Official Czech &amp; Slovak Everton Supporters&#039; Club","description":"","publisher":{"@id":"https:\/\/evertonfc.cz\/#organization"},"potentialAction":[{"@type":"SearchAction","target":{"@type":"EntryPoint","urlTemplate":"https:\/\/evertonfc.cz\/?s={search_term_string}"},"query-input":{"@type":"PropertyValueSpecification","valueRequired":true,"valueName":"search_term_string"}}],"inLanguage":"cs"},{"@type":"Organization","@id":"https:\/\/evertonfc.cz\/#organization","name":"Official Czech & Slovak Everton Supporters' Club","url":"https:\/\/evertonfc.cz\/","logo":{"@type":"ImageObject","inLanguage":"cs","@id":"https:\/\/evertonfc.cz\/#\/schema\/logo\/image\/","url":"https:\/\/evertonfc.cz\/wp-content\/uploads\/2019\/05\/logo.png","contentUrl":"https:\/\/evertonfc.cz\/wp-content\/uploads\/2019\/05\/logo.png","width":112,"height":112,"caption":"Official Czech & Slovak Everton Supporters' Club"},"image":{"@id":"https:\/\/evertonfc.cz\/#\/schema\/logo\/image\/"},"sameAs":["https:\/\/www.facebook.com\/everton.fans.cz.sk"]},{"@type":"Person","@id":"https:\/\/evertonfc.cz\/#\/schema\/person\/cd6328a75577de2add7793fd4b0930c3","name":"Me\u0148a","url":"https:\/\/evertonfc.cz\/index.php\/author\/mena\/"}]}},"_links":{"self":[{"href":"https:\/\/evertonfc.cz\/index.php\/wp-json\/wp\/v2\/posts\/5173"}],"collection":[{"href":"https:\/\/evertonfc.cz\/index.php\/wp-json\/wp\/v2\/posts"}],"about":[{"href":"https:\/\/evertonfc.cz\/index.php\/wp-json\/wp\/v2\/types\/post"}],"author":[{"embeddable":true,"href":"https:\/\/evertonfc.cz\/index.php\/wp-json\/wp\/v2\/users\/7"}],"replies":[{"embeddable":true,"href":"https:\/\/evertonfc.cz\/index.php\/wp-json\/wp\/v2\/comments?post=5173"}],"version-history":[{"count":3,"href":"https:\/\/evertonfc.cz\/index.php\/wp-json\/wp\/v2\/posts\/5173\/revisions"}],"predecessor-version":[{"id":5470,"href":"https:\/\/evertonfc.cz\/index.php\/wp-json\/wp\/v2\/posts\/5173\/revisions\/5470"}],"wp:featuredmedia":[{"embeddable":true,"href":"https:\/\/evertonfc.cz\/index.php\/wp-json\/wp\/v2\/media\/1314"}],"wp:attachment":[{"href":"https:\/\/evertonfc.cz\/index.php\/wp-json\/wp\/v2\/media?parent=5173"}],"wp:term":[{"taxonomy":"category","embeddable":true,"href":"https:\/\/evertonfc.cz\/index.php\/wp-json\/wp\/v2\/categories?post=5173"},{"taxonomy":"post_tag","embeddable":true,"href":"https:\/\/evertonfc.cz\/index.php\/wp-json\/wp\/v2\/tags?post=5173"}],"curies":[{"name":"wp","href":"https:\/\/api.w.org\/{rel}","templated":true}]}}