{"id":5175,"date":"2013-11-22T14:08:52","date_gmt":"2013-11-22T13:08:52","guid":{"rendered":"http:\/\/evertonfc.cz\/?p=5175"},"modified":"2019-02-15T08:27:22","modified_gmt":"2019-02-15T07:27:22","slug":"martinez-a-rodgers-byvali-manazeri-swansea","status":"publish","type":"post","link":"https:\/\/evertonfc.cz\/index.php\/2013\/11\/22\/martinez-a-rodgers-byvali-manazeri-swansea\/","title":{"rendered":"Mart\u00ednez a Rodgers, b\u00fdval\u00ed mana\u017ee\u0159i Swansea"},"content":{"rendered":"<h4 id=\"NewsPostDetailSummary\">Merseyside derby se s leto\u0161n\u00ed sez\u00f3nou do\u010dkalo nov\u00e9 pikantnosti, lavi\u010dk\u00e1m klub\u016f vel\u00ed mana\u017ee\u0159i, kte\u0159\u00ed za\u010dali budovat svou hern\u00ed filozofii p\u0159i anga\u017em\u00e1 v ji\u017en\u00edm Walesu.<\/h4>\n<div id=\"NewsPostDetailContent\">\n<p>Hern\u00ed filozofie obou mu\u017e\u016f se postupem \u010dasu pochopiteln\u011b vyv\u00edjely, sv\u00e9 ko\u0159eny ale z\u00edskaly ve Swansea City pod patron\u00e1tem p\u0159edsedy Huwa Jenkinse.\u00a0<em>\u201eSd\u00edl\u00edme stejnou p\u0159edstavu p\u0159i v\u00fdb\u011bru hr\u00e1\u010d\u016f, preferujeme odv\u00e1\u017een\u00e9 typy schopn\u00e9 hr\u00e1t pod tlakem,\u201c <\/em>vyj\u00e1d\u0159il se Brendan Rodgers, z \u010deho\u017e lze c\u00edtit respekt, ne v\u017edy panuj\u00edc\u00ed, k oponentovi na druh\u00e9 stran\u011b Stanley Parku.<\/p>\n<p>Kdy\u017e Jenkins nab\u00eddl v \u00fanoru roku 2007 b\u00fdval\u00e9mu z\u00e1lo\u017en\u00edkovi Swans mana\u017eersk\u00e9 k\u0159eslo po odchodu Kennyho Jacketta, nedisponoval Mart\u00ednez \u017e\u00e1dnou mana\u017eerskou prax\u00ed. Rodgers zase v \u010dervnu roku 2010 nahrazoval Paula Sousu po pochybn\u00e9 sedmim\u011bs\u00ed\u010dn\u00ed \u0161taci v Readingu. Pro oba p\u00e1ny Swansea p\u0159edstavuje zlom v kari\u00e9\u0159e. Evertonsk\u00fd boss dovedl celek z Liberty Stadium v prvn\u00ed sez\u00f3n\u011b po n\u00e1stupu k titulu v League One, n\u00e1sleduj\u00edc\u00ed ro\u010dn\u00edk zakon\u010dil Championship osm\u00fdm m\u00edstem a s n\u011bkolika obvin\u011bn\u00edmi k nedostate\u010dn\u00e9 loajalit\u011b ode\u0161el do Wiganu. Liverpoolsk\u00fd \u0161\u00e9f postoupil v roce 2011 se Swansea p\u0159es play-off do Premier League a zde se vz\u00e1p\u011bt\u00ed um\u00edstil na lichotiv\u00e9 jeden\u00e1ct\u00e9 p\u0159\u00ed\u010dce.<\/p>\n<p>Kdo v\u0161ak zanechal ve Swansea v\u011bt\u0161\u00ed stopu?\u00a0<em>\u201eTo nen\u00ed ot\u00e1zka pro m\u011b,&#8220;<\/em>\u00a0odv\u011btil Mart\u00ednez, <em>\u201ezeptejte se fanou\u0161k\u016f. Pokud jste mana\u017eer, sna\u017e\u00edte se klub posunout na vy\u0161\u0161\u00ed \u00farove\u0148. Nez\u00e1le\u017e\u00ed, zda se va\u0161emu p\u0159edch\u016fdci da\u0159ilo l\u00e9pe, nebo h\u016f\u0159e. Soust\u0159ed\u00edte se pouze na k\u00fd\u017een\u00fd progres. Z m\u00e9ho pohledu je klub v\u017edy d\u016fle\u017eit\u011bj\u0161\u00ed ne\u017e mana\u017eer a hr\u00e1\u010di. Na prvn\u00edm m\u00edst\u011b stoj\u00ed rodiny podporuj\u00edc\u00ed stejn\u00e9 mu\u017estvo po sto let. Brendan odv\u00e1d\u011bl ve Swansea skv\u011blou pr\u00e1ci, fanou\u0161ci rozhodnou, \u010d\u00ed obdob\u00ed se jim v\u00edce zamlouvalo. Je v\u0161ak spravedliv\u00e9 \u0159\u00edct, aspo\u0148 mysl\u00edm, \u017ee se na\u0161e anga\u017em\u00e1 nahl\u00ed\u017e\u00ed pozitivn\u011b.\u201c<\/em><\/p>\n<p><em>Swansea City je odd\u00edl natolik rozumn\u00fd, aby vybral mana\u017eera, jen\u017ee se dr\u017e\u00ed podobn\u00e9 filozofie a m\u00edstn\u00ed prost\u0159ed\u00ed mu bude sv\u011bd\u010dit,&#8220;<\/em>\u00a0vyhnul se odpov\u011bdi na ot\u00e1zku tak\u00e9 Rodgers. Z\u00e1rove\u0148 pop\u0159el jakoukoliv ztr\u00e1tu v\u00e1\u0161n\u00ed a konkurence p\u0159i Merseyside derby na z\u00e1kladn\u011b spojitosti mana\u017eer\u016f s Jacks.\u00a0<em>\u201eMnoho na\u0161ich utk\u00e1n\u00ed je zalo\u017een\u00e9 na agresivit\u011b a kontaktu s m\u00ed\u010dem. Intenzita z\u00e1pasu se s vy\u0161\u0161\u00edm dr\u017een\u00edm m\u00ed\u010de nevytrat\u00ed.<\/em><\/p>\n<p><em>Up\u0159ednost\u0148ujeme dominantn\u00ed dr\u017een\u00ed m\u00ed\u010de s atraktivn\u00edm a aktivn\u00edm fotbalem, jen\u017ee existuj\u00ed odli\u0161n\u00e9 zp\u016fsoby, jak toho dos\u00e1hnout.<\/em><\/p>\n<p>Rodgers nepop\u00edr\u00e1 pevn\u00e9 z\u00e1klady panuj\u00edc\u00ed na Libety Stadium, kdy\u017e se ujal funkce. P\u0159esto jeho p\u0159edch\u016fdce Mart\u00ednez odm\u00edt\u00e1 pod\u00edl na \u00fasp\u011bchu sv\u00e9ho sobotn\u00edho prot\u011bj\u0161ku.\u00a0<em>\u201eBylo by velmi lacin\u00e9 po\u017eadovat kredit za kari\u00e9ru n\u011bkoho druh\u00e9ho. Pro mana\u017eera je nejt\u011b\u017e\u0161\u00ed vyhr\u00e1vat s t\u00edm, co m\u00e1 k dispozici. Bez probl\u00e9m\u016f bych mohl prohl\u00e1sit &#8218;da\u0159\u00ed se mu d\u00edky jeho p\u0159edch\u016fdci&#8216; \u010di &#8218;nov\u00e9mu mana\u017eerovi se neda\u0159\u00ed, proto\u017ee se mu nedostalo stejn\u00fdch podm\u00ednek jako star\u00e9mu&#8216;. To nen\u00ed spravedliv\u00e1 cesta.<\/em><\/p>\n<p><em>Bredan si zaslou\u017e\u00ed v\u0161echna obdr\u017een\u00e1 uzn\u00e1n\u00ed, jeho p\u0159edstava o fotbale je velmi spr\u00e1vn\u00e1. Tvaroval ji l\u00e9ta a zlep\u0161oval zku\u0161enostmi. Poj\u00ed n\u00e1s snaha obklopovat se hr\u00e1\u010di, kter\u00fdm v\u0161t\u011bpujeme na\u0161i hern\u00ed p\u0159edstavu. To je velmi vz\u00e1cn\u00e9.<\/em><\/p>\n<p><em>V roce 2007 bylo v ni\u017e\u0161\u00edch sout\u011b\u017e\u00edch velmi ojedin\u011bl\u00e9 sna\u017eit se porazit soupe\u0159e dr\u017een\u00edm m\u00ed\u010dem a zv\u00fd\u0161it po\u010det p\u0159ihr\u00e1vek za z\u00e1pas ze 150 na 650 a\u017e 700. My jsme tuto filozofii sd\u00edleli a pat\u0159\u00ed k na\u0161\u00edm kari\u00e9r\u00e1m. A t\u00edm bych rad\u011bji skon\u010dil.\u201c<\/em><\/p>\n<\/div>\n","protected":false},"excerpt":{"rendered":"<p>Merseyside derby se s leto\u0161n\u00ed sez\u00f3nou do\u010dkalo nov\u00e9 pikantnosti, lavi\u010dk\u00e1m klub\u016f vel\u00ed mana\u017ee\u0159i, kte\u0159\u00ed za\u010dali budovat svou hern\u00ed filozofii p\u0159i&hellip;<\/p>\n","protected":false},"author":6,"featured_media":1312,"comment_status":"open","ping_status":"closed","sticky":false,"template":"","format":"standard","meta":{"_eb_attr":"","_monsterinsights_skip_tracking":false,"_monsterinsights_sitenote_active":false,"_monsterinsights_sitenote_note":"","_monsterinsights_sitenote_category":0,"footnotes":""},"categories":[42,1],"tags":[],"yoast_head":"<!-- This site is optimized with the Yoast SEO plugin v23.4 - https:\/\/yoast.com\/wordpress\/plugins\/seo\/ -->\n<title>Mart\u00ednez a Rodgers, b\u00fdval\u00ed mana\u017ee\u0159i Swansea - Official Czech &amp; Slovak Everton Supporters&#039; Club<\/title>\n<meta name=\"robots\" content=\"index, follow, max-snippet:-1, max-image-preview:large, max-video-preview:-1\" \/>\n<link rel=\"canonical\" href=\"https:\/\/evertonfc.cz\/index.php\/2013\/11\/22\/martinez-a-rodgers-byvali-manazeri-swansea\/\" \/>\n<meta property=\"og:locale\" content=\"cs_CZ\" \/>\n<meta property=\"og:type\" content=\"article\" \/>\n<meta property=\"og:title\" content=\"Mart\u00ednez a Rodgers, b\u00fdval\u00ed mana\u017ee\u0159i Swansea - Official Czech &amp; Slovak Everton Supporters&#039; Club\" \/>\n<meta property=\"og:description\" content=\"Merseyside derby se s leto\u0161n\u00ed sez\u00f3nou do\u010dkalo nov\u00e9 pikantnosti, lavi\u010dk\u00e1m klub\u016f vel\u00ed mana\u017ee\u0159i, kte\u0159\u00ed za\u010dali budovat svou hern\u00ed filozofii p\u0159i&hellip;\" \/>\n<meta property=\"og:url\" content=\"https:\/\/evertonfc.cz\/index.php\/2013\/11\/22\/martinez-a-rodgers-byvali-manazeri-swansea\/\" \/>\n<meta property=\"og:site_name\" content=\"Official Czech &amp; Slovak Everton Supporters&#039; Club\" \/>\n<meta property=\"article:publisher\" content=\"https:\/\/www.facebook.com\/everton.fans.cz.sk\" \/>\n<meta property=\"article:published_time\" content=\"2013-11-22T13:08:52+00:00\" \/>\n<meta property=\"article:modified_time\" content=\"2019-02-15T07:27:22+00:00\" \/>\n<meta property=\"og:image\" content=\"https:\/\/evertonfc.cz\/wp-content\/uploads\/2019\/01\/interview.jpg\" \/>\n\t<meta property=\"og:image:width\" content=\"720\" \/>\n\t<meta property=\"og:image:height\" content=\"405\" \/>\n\t<meta property=\"og:image:type\" content=\"image\/jpeg\" \/>\n<meta name=\"author\" content=\"Ri\u010di\" \/>\n<meta name=\"twitter:card\" content=\"summary_large_image\" \/>\n<meta name=\"twitter:creator\" content=\"@rbrejsa\" \/>\n<meta name=\"twitter:label1\" content=\"Napsal(a)\" \/>\n\t<meta name=\"twitter:data1\" content=\"Ri\u010di\" \/>\n\t<meta name=\"twitter:label2\" content=\"Odhadovan\u00e1 doba \u010dten\u00ed\" \/>\n\t<meta name=\"twitter:data2\" content=\"3 minuty\" \/>\n<script type=\"application\/ld+json\" class=\"yoast-schema-graph\">{\"@context\":\"https:\/\/schema.org\",\"@graph\":[{\"@type\":\"Article\",\"@id\":\"https:\/\/evertonfc.cz\/index.php\/2013\/11\/22\/martinez-a-rodgers-byvali-manazeri-swansea\/#article\",\"isPartOf\":{\"@id\":\"https:\/\/evertonfc.cz\/index.php\/2013\/11\/22\/martinez-a-rodgers-byvali-manazeri-swansea\/\"},\"author\":{\"name\":\"Ri\u010di\",\"@id\":\"https:\/\/evertonfc.cz\/#\/schema\/person\/f7a5daedb2ffee98480bc70e191aaef1\"},\"headline\":\"Mart\u00ednez a Rodgers, b\u00fdval\u00ed mana\u017ee\u0159i Swansea\",\"datePublished\":\"2013-11-22T13:08:52+00:00\",\"dateModified\":\"2019-02-15T07:27:22+00:00\",\"mainEntityOfPage\":{\"@id\":\"https:\/\/evertonfc.cz\/index.php\/2013\/11\/22\/martinez-a-rodgers-byvali-manazeri-swansea\/\"},\"wordCount\":701,\"commentCount\":0,\"publisher\":{\"@id\":\"https:\/\/evertonfc.cz\/#organization\"},\"image\":{\"@id\":\"https:\/\/evertonfc.cz\/index.php\/2013\/11\/22\/martinez-a-rodgers-byvali-manazeri-swansea\/#primaryimage\"},\"thumbnailUrl\":\"https:\/\/evertonfc.cz\/wp-content\/uploads\/2019\/01\/interview.jpg\",\"articleSection\":[\"Aktuality\",\"Rozhovory\"],\"inLanguage\":\"cs\",\"potentialAction\":[{\"@type\":\"CommentAction\",\"name\":\"Comment\",\"target\":[\"https:\/\/evertonfc.cz\/index.php\/2013\/11\/22\/martinez-a-rodgers-byvali-manazeri-swansea\/#respond\"]}]},{\"@type\":\"WebPage\",\"@id\":\"https:\/\/evertonfc.cz\/index.php\/2013\/11\/22\/martinez-a-rodgers-byvali-manazeri-swansea\/\",\"url\":\"https:\/\/evertonfc.cz\/index.php\/2013\/11\/22\/martinez-a-rodgers-byvali-manazeri-swansea\/\",\"name\":\"Mart\u00ednez a Rodgers, b\u00fdval\u00ed mana\u017ee\u0159i Swansea - Official Czech &amp; Slovak Everton Supporters&#039; Club\",\"isPartOf\":{\"@id\":\"https:\/\/evertonfc.cz\/#website\"},\"primaryImageOfPage\":{\"@id\":\"https:\/\/evertonfc.cz\/index.php\/2013\/11\/22\/martinez-a-rodgers-byvali-manazeri-swansea\/#primaryimage\"},\"image\":{\"@id\":\"https:\/\/evertonfc.cz\/index.php\/2013\/11\/22\/martinez-a-rodgers-byvali-manazeri-swansea\/#primaryimage\"},\"thumbnailUrl\":\"https:\/\/evertonfc.cz\/wp-content\/uploads\/2019\/01\/interview.jpg\",\"datePublished\":\"2013-11-22T13:08:52+00:00\",\"dateModified\":\"2019-02-15T07:27:22+00:00\",\"breadcrumb\":{\"@id\":\"https:\/\/evertonfc.cz\/index.php\/2013\/11\/22\/martinez-a-rodgers-byvali-manazeri-swansea\/#breadcrumb\"},\"inLanguage\":\"cs\",\"potentialAction\":[{\"@type\":\"ReadAction\",\"target\":[\"https:\/\/evertonfc.cz\/index.php\/2013\/11\/22\/martinez-a-rodgers-byvali-manazeri-swansea\/\"]}]},{\"@type\":\"ImageObject\",\"inLanguage\":\"cs\",\"@id\":\"https:\/\/evertonfc.cz\/index.php\/2013\/11\/22\/martinez-a-rodgers-byvali-manazeri-swansea\/#primaryimage\",\"url\":\"https:\/\/evertonfc.cz\/wp-content\/uploads\/2019\/01\/interview.jpg\",\"contentUrl\":\"https:\/\/evertonfc.cz\/wp-content\/uploads\/2019\/01\/interview.jpg\",\"width\":720,\"height\":405},{\"@type\":\"BreadcrumbList\",\"@id\":\"https:\/\/evertonfc.cz\/index.php\/2013\/11\/22\/martinez-a-rodgers-byvali-manazeri-swansea\/#breadcrumb\",\"itemListElement\":[{\"@type\":\"ListItem\",\"position\":1,\"name\":\"Home\",\"item\":\"https:\/\/evertonfc.cz\/\"},{\"@type\":\"ListItem\",\"position\":2,\"name\":\"Mart\u00ednez a Rodgers, b\u00fdval\u00ed mana\u017ee\u0159i Swansea\"}]},{\"@type\":\"WebSite\",\"@id\":\"https:\/\/evertonfc.cz\/#website\",\"url\":\"https:\/\/evertonfc.cz\/\",\"name\":\"Official Czech &amp; Slovak Everton Supporters&#039; Club\",\"description\":\"\",\"publisher\":{\"@id\":\"https:\/\/evertonfc.cz\/#organization\"},\"potentialAction\":[{\"@type\":\"SearchAction\",\"target\":{\"@type\":\"EntryPoint\",\"urlTemplate\":\"https:\/\/evertonfc.cz\/?s={search_term_string}\"},\"query-input\":{\"@type\":\"PropertyValueSpecification\",\"valueRequired\":true,\"valueName\":\"search_term_string\"}}],\"inLanguage\":\"cs\"},{\"@type\":\"Organization\",\"@id\":\"https:\/\/evertonfc.cz\/#organization\",\"name\":\"Official Czech & Slovak Everton Supporters' Club\",\"url\":\"https:\/\/evertonfc.cz\/\",\"logo\":{\"@type\":\"ImageObject\",\"inLanguage\":\"cs\",\"@id\":\"https:\/\/evertonfc.cz\/#\/schema\/logo\/image\/\",\"url\":\"https:\/\/evertonfc.cz\/wp-content\/uploads\/2019\/05\/logo.png\",\"contentUrl\":\"https:\/\/evertonfc.cz\/wp-content\/uploads\/2019\/05\/logo.png\",\"width\":112,\"height\":112,\"caption\":\"Official Czech & Slovak Everton Supporters' Club\"},\"image\":{\"@id\":\"https:\/\/evertonfc.cz\/#\/schema\/logo\/image\/\"},\"sameAs\":[\"https:\/\/www.facebook.com\/everton.fans.cz.sk\"]},{\"@type\":\"Person\",\"@id\":\"https:\/\/evertonfc.cz\/#\/schema\/person\/f7a5daedb2ffee98480bc70e191aaef1\",\"name\":\"Ri\u010di\",\"sameAs\":[\"https:\/\/x.com\/rbrejsa\"],\"url\":\"https:\/\/evertonfc.cz\/index.php\/author\/rici\/\"}]}<\/script>\n<!-- \/ Yoast SEO plugin. -->","yoast_head_json":{"title":"Mart\u00ednez a Rodgers, b\u00fdval\u00ed mana\u017ee\u0159i Swansea - Official Czech &amp; Slovak Everton Supporters&#039; Club","robots":{"index":"index","follow":"follow","max-snippet":"max-snippet:-1","max-image-preview":"max-image-preview:large","max-video-preview":"max-video-preview:-1"},"canonical":"https:\/\/evertonfc.cz\/index.php\/2013\/11\/22\/martinez-a-rodgers-byvali-manazeri-swansea\/","og_locale":"cs_CZ","og_type":"article","og_title":"Mart\u00ednez a Rodgers, b\u00fdval\u00ed mana\u017ee\u0159i Swansea - Official Czech &amp; Slovak Everton Supporters&#039; Club","og_description":"Merseyside derby se s leto\u0161n\u00ed sez\u00f3nou do\u010dkalo nov\u00e9 pikantnosti, lavi\u010dk\u00e1m klub\u016f vel\u00ed mana\u017ee\u0159i, kte\u0159\u00ed za\u010dali budovat svou hern\u00ed filozofii p\u0159i&hellip;","og_url":"https:\/\/evertonfc.cz\/index.php\/2013\/11\/22\/martinez-a-rodgers-byvali-manazeri-swansea\/","og_site_name":"Official Czech &amp; Slovak Everton Supporters&#039; Club","article_publisher":"https:\/\/www.facebook.com\/everton.fans.cz.sk","article_published_time":"2013-11-22T13:08:52+00:00","article_modified_time":"2019-02-15T07:27:22+00:00","og_image":[{"width":720,"height":405,"url":"https:\/\/evertonfc.cz\/wp-content\/uploads\/2019\/01\/interview.jpg","type":"image\/jpeg"}],"author":"Ri\u010di","twitter_card":"summary_large_image","twitter_creator":"@rbrejsa","twitter_misc":{"Napsal(a)":"Ri\u010di","Odhadovan\u00e1 doba \u010dten\u00ed":"3 minuty"},"schema":{"@context":"https:\/\/schema.org","@graph":[{"@type":"Article","@id":"https:\/\/evertonfc.cz\/index.php\/2013\/11\/22\/martinez-a-rodgers-byvali-manazeri-swansea\/#article","isPartOf":{"@id":"https:\/\/evertonfc.cz\/index.php\/2013\/11\/22\/martinez-a-rodgers-byvali-manazeri-swansea\/"},"author":{"name":"Ri\u010di","@id":"https:\/\/evertonfc.cz\/#\/schema\/person\/f7a5daedb2ffee98480bc70e191aaef1"},"headline":"Mart\u00ednez a Rodgers, b\u00fdval\u00ed mana\u017ee\u0159i Swansea","datePublished":"2013-11-22T13:08:52+00:00","dateModified":"2019-02-15T07:27:22+00:00","mainEntityOfPage":{"@id":"https:\/\/evertonfc.cz\/index.php\/2013\/11\/22\/martinez-a-rodgers-byvali-manazeri-swansea\/"},"wordCount":701,"commentCount":0,"publisher":{"@id":"https:\/\/evertonfc.cz\/#organization"},"image":{"@id":"https:\/\/evertonfc.cz\/index.php\/2013\/11\/22\/martinez-a-rodgers-byvali-manazeri-swansea\/#primaryimage"},"thumbnailUrl":"https:\/\/evertonfc.cz\/wp-content\/uploads\/2019\/01\/interview.jpg","articleSection":["Aktuality","Rozhovory"],"inLanguage":"cs","potentialAction":[{"@type":"CommentAction","name":"Comment","target":["https:\/\/evertonfc.cz\/index.php\/2013\/11\/22\/martinez-a-rodgers-byvali-manazeri-swansea\/#respond"]}]},{"@type":"WebPage","@id":"https:\/\/evertonfc.cz\/index.php\/2013\/11\/22\/martinez-a-rodgers-byvali-manazeri-swansea\/","url":"https:\/\/evertonfc.cz\/index.php\/2013\/11\/22\/martinez-a-rodgers-byvali-manazeri-swansea\/","name":"Mart\u00ednez a Rodgers, b\u00fdval\u00ed mana\u017ee\u0159i Swansea - Official Czech &amp; Slovak Everton Supporters&#039; Club","isPartOf":{"@id":"https:\/\/evertonfc.cz\/#website"},"primaryImageOfPage":{"@id":"https:\/\/evertonfc.cz\/index.php\/2013\/11\/22\/martinez-a-rodgers-byvali-manazeri-swansea\/#primaryimage"},"image":{"@id":"https:\/\/evertonfc.cz\/index.php\/2013\/11\/22\/martinez-a-rodgers-byvali-manazeri-swansea\/#primaryimage"},"thumbnailUrl":"https:\/\/evertonfc.cz\/wp-content\/uploads\/2019\/01\/interview.jpg","datePublished":"2013-11-22T13:08:52+00:00","dateModified":"2019-02-15T07:27:22+00:00","breadcrumb":{"@id":"https:\/\/evertonfc.cz\/index.php\/2013\/11\/22\/martinez-a-rodgers-byvali-manazeri-swansea\/#breadcrumb"},"inLanguage":"cs","potentialAction":[{"@type":"ReadAction","target":["https:\/\/evertonfc.cz\/index.php\/2013\/11\/22\/martinez-a-rodgers-byvali-manazeri-swansea\/"]}]},{"@type":"ImageObject","inLanguage":"cs","@id":"https:\/\/evertonfc.cz\/index.php\/2013\/11\/22\/martinez-a-rodgers-byvali-manazeri-swansea\/#primaryimage","url":"https:\/\/evertonfc.cz\/wp-content\/uploads\/2019\/01\/interview.jpg","contentUrl":"https:\/\/evertonfc.cz\/wp-content\/uploads\/2019\/01\/interview.jpg","width":720,"height":405},{"@type":"BreadcrumbList","@id":"https:\/\/evertonfc.cz\/index.php\/2013\/11\/22\/martinez-a-rodgers-byvali-manazeri-swansea\/#breadcrumb","itemListElement":[{"@type":"ListItem","position":1,"name":"Home","item":"https:\/\/evertonfc.cz\/"},{"@type":"ListItem","position":2,"name":"Mart\u00ednez a Rodgers, b\u00fdval\u00ed mana\u017ee\u0159i Swansea"}]},{"@type":"WebSite","@id":"https:\/\/evertonfc.cz\/#website","url":"https:\/\/evertonfc.cz\/","name":"Official Czech &amp; Slovak Everton Supporters&#039; Club","description":"","publisher":{"@id":"https:\/\/evertonfc.cz\/#organization"},"potentialAction":[{"@type":"SearchAction","target":{"@type":"EntryPoint","urlTemplate":"https:\/\/evertonfc.cz\/?s={search_term_string}"},"query-input":{"@type":"PropertyValueSpecification","valueRequired":true,"valueName":"search_term_string"}}],"inLanguage":"cs"},{"@type":"Organization","@id":"https:\/\/evertonfc.cz\/#organization","name":"Official Czech & Slovak Everton Supporters' Club","url":"https:\/\/evertonfc.cz\/","logo":{"@type":"ImageObject","inLanguage":"cs","@id":"https:\/\/evertonfc.cz\/#\/schema\/logo\/image\/","url":"https:\/\/evertonfc.cz\/wp-content\/uploads\/2019\/05\/logo.png","contentUrl":"https:\/\/evertonfc.cz\/wp-content\/uploads\/2019\/05\/logo.png","width":112,"height":112,"caption":"Official Czech & Slovak Everton Supporters' Club"},"image":{"@id":"https:\/\/evertonfc.cz\/#\/schema\/logo\/image\/"},"sameAs":["https:\/\/www.facebook.com\/everton.fans.cz.sk"]},{"@type":"Person","@id":"https:\/\/evertonfc.cz\/#\/schema\/person\/f7a5daedb2ffee98480bc70e191aaef1","name":"Ri\u010di","sameAs":["https:\/\/x.com\/rbrejsa"],"url":"https:\/\/evertonfc.cz\/index.php\/author\/rici\/"}]}},"_links":{"self":[{"href":"https:\/\/evertonfc.cz\/index.php\/wp-json\/wp\/v2\/posts\/5175"}],"collection":[{"href":"https:\/\/evertonfc.cz\/index.php\/wp-json\/wp\/v2\/posts"}],"about":[{"href":"https:\/\/evertonfc.cz\/index.php\/wp-json\/wp\/v2\/types\/post"}],"author":[{"embeddable":true,"href":"https:\/\/evertonfc.cz\/index.php\/wp-json\/wp\/v2\/users\/6"}],"replies":[{"embeddable":true,"href":"https:\/\/evertonfc.cz\/index.php\/wp-json\/wp\/v2\/comments?post=5175"}],"version-history":[{"count":3,"href":"https:\/\/evertonfc.cz\/index.php\/wp-json\/wp\/v2\/posts\/5175\/revisions"}],"predecessor-version":[{"id":5468,"href":"https:\/\/evertonfc.cz\/index.php\/wp-json\/wp\/v2\/posts\/5175\/revisions\/5468"}],"wp:featuredmedia":[{"embeddable":true,"href":"https:\/\/evertonfc.cz\/index.php\/wp-json\/wp\/v2\/media\/1312"}],"wp:attachment":[{"href":"https:\/\/evertonfc.cz\/index.php\/wp-json\/wp\/v2\/media?parent=5175"}],"wp:term":[{"taxonomy":"category","embeddable":true,"href":"https:\/\/evertonfc.cz\/index.php\/wp-json\/wp\/v2\/categories?post=5175"},{"taxonomy":"post_tag","embeddable":true,"href":"https:\/\/evertonfc.cz\/index.php\/wp-json\/wp\/v2\/tags?post=5175"}],"curies":[{"name":"wp","href":"https:\/\/api.w.org\/{rel}","templated":true}]}}