{"id":5178,"date":"2011-07-17T14:24:19","date_gmt":"2011-07-17T12:24:19","guid":{"rendered":"http:\/\/evertonfc.cz\/?p=5178"},"modified":"2019-02-14T14:30:41","modified_gmt":"2019-02-14T13:30:41","slug":"neprozil-jsem-dokonalou-sezonu-rika-baines","status":"publish","type":"post","link":"https:\/\/evertonfc.cz\/index.php\/2011\/07\/17\/neprozil-jsem-dokonalou-sezonu-rika-baines\/","title":{"rendered":"Nepro\u017eil jsem dokonalou sezonu, \u0159\u00edk\u00e1 Baines"},"content":{"rendered":"<h4>Uplynul\u00e1 sezona Leightonu Bainesovi vy\u0161la n\u00e1ramn\u011b. Lev\u00fd obr\u00e1nce pat\u0159il k tomu nejlep\u0161\u00edmu, co mohl ro\u010dn\u00edk nab\u00eddnout, p\u0159esto v\u0161ak tvrd\u00ed, \u017ee z osobn\u00edho pohledu m\u00e1 st\u00e1le velk\u00fd prostor ke zlep\u0161en\u00ed.<\/h4>\n<div id=\"NewsPostDetailContent\">\n<p><strong>Leightone, jsi klubov\u00fdm hr\u00e1\u010dem sezony. U\u017e jsi to vst\u0159ebal?<\/strong><br \/>\nTrochu, ale je\u0161t\u011b ne \u00fapln\u011b. Mysl\u00edm, \u017ee se mi rozsv\u00edt\u00ed te\u010f b\u011bhem l\u00e9ta. Byl to \u00fa\u017easn\u00fd ve\u010der a bylo ohromuj\u00edc\u00ed, \u017ee jsem \u0161el na p\u00f3dium t\u0159ikr\u00e1t. Nemohl jsem tomu uv\u011b\u0159it a byl jsem moc hrd\u00fd. Kdy\u017e jsem si p\u0159ebral t\u0159et\u00ed ocen\u011bn\u00ed, ani si nevzpom\u00edn\u00e1m, co jsem \u0159\u00edkal, byl jsem stra\u0161n\u011b rozpa\u010dit\u00fd. Byl to \u0161\u00edlen\u00fd moment a jako mlad\u00fd kluk jsem si nikdy nepomyslel, \u017ee se n\u011b\u010deho takov\u00e9ho do\u010dk\u00e1m.<\/p>\n<p><strong>Znamen\u00e1 pro tebe v\u00edc kdy\u017e v\u00ed\u0161, \u017ee hr\u00e1\u010de sezony vol\u00ed fanou\u0161ci?<\/strong><br \/>\nJak \u0159\u00edk\u00e1m, n\u011bco takov\u00e9ho jsem si nikdy nep\u0159edstavoval. Je to py\u0161n\u00fd moment pro m\u011b, moji rodinu i p\u0159\u00e1tele, obzvl\u00e1\u0161\u0165, kdy\u017e hodn\u011b z nich jsou sami Evertonians.<\/p>\n<p><strong>Spoluhr\u00e1\u010di jsi byl nav\u00edc hr\u00e1\u010dem sezony zvolen podruh\u00e9 v \u0159ad\u011b&#8230;<\/strong><br \/>\nAno, a za to jsem neskute\u010dn\u011b \u0161\u0165astn\u00fd. Mus\u00ed to znamenat, \u017ee jsem si ud\u011blal p\u00e1r p\u0159\u00e1tel! V klubu jsem \u010dty\u0159i roky a kluci tady nejsou jen spoluhr\u00e1\u010di, ale i kamar\u00e1di. Je to velk\u00e1 pocta.<\/p>\n<p><strong>G\u00f3l sezony je ocen\u011bn\u011bn\u00ed, kter\u00e9 by si do sb\u00edrky cht\u011bl p\u0159idat ka\u017ed\u00fd fotbalista. Kolik pro tebe ten p\u0159\u00edm\u00fd kop na Stamford Bridge znamen\u00e1?<\/strong><br \/>\nVlastn\u011b si mysl\u00edm, \u017ee m\u016fj p\u0159\u00edm\u00fd kop proti Tottenhamu byl trochu lep\u0161\u00ed, i kdy\u017e ur\u010dit\u011b oce\u0148uju na\u010dasov\u00e1n\u00ed toho proti Chelsea. D\u00edky tomu je ten g\u00f3l v\u00edc speci\u00e1ln\u00ed a m\u00e1m s n\u00edm spojenu spoustu vzpom\u00ednek. Fanou\u0161ci, kte\u0159\u00ed na tom z\u00e1pase byli nebo ho sledovali, v\u011bd\u00ed, jak\u00e9 to bylo drama a to je ten nejv\u011bt\u0161\u00ed d\u016fvod, pro\u010d tenhle g\u00f3l vyhr\u00e1l. Ten na White Hart Lane byl z ide\u00e1ln\u00ed vzd\u00e1lenosti, ale proti Chelsea byl o p\u00e1r yard\u016f bl\u00ed\u017e. Vzpom\u00edn\u00e1m, jak jsem si \u0159\u00edkal, \u017ee ho kopnu okam\u017eit\u011b, jak rozhod\u010d\u00ed p\u00edskne, abych z\u00edskal zlomek vte\u0159iny z brank\u00e1\u0159ovy reakce a mysl\u00edm, \u017ee nakonec dokonce ani po m\u00ed\u010di ne\u0161el. Nec\u00edtil jsem \u017e\u00e1dn\u00fd tlak, proto\u017ee jsem nem\u011bl co ztratit.<\/p>\n<p><strong>Jak se zp\u011btn\u011b d\u00edv\u00e1\u0161 na svoje v\u00fdkony v sezon\u011b 2010\/11?<\/strong><br \/>\n\u017d\u00e1dn\u00e1 sezona nen\u00ed dokonal\u00e1, ani ta leto\u0161n\u00ed. N\u011bkolikr\u00e1t jsem \u0159ekl, \u017ee nevid\u00edm velk\u00fd rozd\u00edl mezi m\u00fdmi v\u00fdkony v p\u0159edchoz\u00ed sezon\u011b a t\u00e9to. Vst\u0159elil jsem n\u011bkolik d\u016fle\u017eit\u00fdch g\u00f3l\u016f a taky p\u00e1r penalt, co\u017e je bonus, proto\u017ee nejsem na h\u0159i\u0161ti od toho, abych d\u00e1val g\u00f3ly, ale na druhou stranu jsem r\u00e1d, kdy\u017e m\u016f\u017eu g\u00f3lov\u011b p\u0159isp\u011bt. Nenech\u00e1m se un\u00e9st a \u0159\u00edkat si, \u017ee jsem hr\u00e1l skv\u011ble v ka\u017ed\u00e9m z\u00e1pase, proto\u017ee to jednodu\u0161e nen\u00ed pravda.<\/p>\n<p><strong>Stejn\u011b p\u016fsobiv\u00fdch jako tv\u00fdch 7 g\u00f3l\u016f, je tak\u00e9 tv\u00fdch 11 asistenc\u00ed, zdaleka nejv\u00edce ze v\u0161ech obr\u00e1nc\u016f v lize. Ve skute\u010dnosti je jedin\u00fdm obr\u00e1ncem v Evrop\u011b, kter\u00fd m\u00e1 za posledn\u00ed t\u0159i sezony v\u00edce p\u0159ihr\u00e1vek ne\u017e ty, u\u017e jen barcelonsk\u00fd Dani Alves&#8230;<\/strong><br \/>\nTo je \u0161\u00edlen\u00e9, te\u010f jsem zase v rozpac\u00edch! Je to pro m\u011b d\u016fle\u017eit\u011bj\u0161\u00ed, ne\u017e st\u0159\u00edlen\u00ed g\u00f3l\u016f. Asistence jsou velkou sou\u010d\u00e1st\u00ed moj\u00ed hry a oblast\u00ed, kde pom\u00e1h\u00e1m t\u00fdmu, tak\u017ee jsem spokojen\u00fd. G\u00f3l nebo asistence, je to jedno, proto\u017ee poka\u017ed\u00e9 je z toho branka pro t\u00fdm.<\/p>\n<p><strong>V\u011bt\u0161ina tv\u00fdch g\u00f3lov\u00fdch p\u0159ihr\u00e1vek p\u0159ich\u00e1z\u00ed z centr\u016f. Je to tvoje vrozen\u00e1 dovednost nebo na tom pracuje\u0161 v tr\u00e9ninku?<\/strong><br \/>\nDocela pravideln\u011b na tom pracujeme. Je to d\u016fle\u017eit\u00fd prvek hry, proto\u017ee hodn\u011b na\u0161ich g\u00f3l\u016f pad\u00e1 pr\u00e1v\u011b z centr\u016f. Statistiky ukazuj\u00ed v\u0161echno a mysl\u00edm, \u017ee jsem \u010detl, \u017ee v\u011bt\u0161ina g\u00f3l\u016f vst\u0159elen\u00fdch v Premier League, p\u0159ich\u00e1z\u00ed po centrech. Mysl\u00edm, \u017ee jsem se v centrov\u00e1n\u00ed p\u0159irozen\u011b zlep\u0161il. Kdy\u017e jsem byl mlad\u0161\u00ed, myslel jsem si, \u017ee ka\u017ed\u00fd centr mus\u00ed b\u00fdt proveden\u00fd se silou a velkou rychlost\u00ed, ale postupn\u011b jsem si uv\u011bdomil, \u017ee daleko \u00fasp\u011b\u0161n\u011bj\u0161\u00ed a nebezpe\u010dn\u011bj\u0161\u00ed je centrovat rad\u011bji do p\u0159esn\u00e9ho m\u00edsta. A to se obzvl\u00e1\u0161\u0165 potvrzuje, kdy\u017e m\u00e1te v t\u00fdmu takov\u00e9ho Tima Cahilla, kter\u00fd m\u00e1 neuv\u011b\u0159iteln\u00fd v\u00fdb\u011br m\u00edsta. Nav\u00edc m\u00e1m \u0161t\u011bst\u00ed, \u017ee kluci za mnou mi umo\u017e\u0148uj\u00ed tak \u010dasto \u00fato\u010dit. Ve Wiganu jsem takov\u00e9 p\u0159\u00edle\u017eitosti nedost\u00e1val, proto\u017ee jsme v obran\u011b m\u011bli v\u0161ichni hodn\u011b co na pr\u00e1ci. V Evertonu ale v\u00edc dr\u017e\u00edme m\u00ed\u010d, a to mi dovolilo vylep\u0161it \u00fato\u010dnou str\u00e1nku moj\u00ed hry.<\/p>\n<p><strong>Sedm\u00e1 p\u0159\u00ed\u010dka je v porovn\u00e1n\u00ed s minulou sezonou zlep\u0161en\u00ed, p\u0159esto maj\u00ed n\u011bkte\u0159\u00ed fanou\u0161ci pocit, \u017ee t\u00fdm m\u011bl na v\u00edc. Souhlas\u00ed\u0161?<\/strong><br \/>\nJe to podobn\u00e1 pozice, na kter\u00e9 jsme fini\u0161ovali v minulosti, ale kv\u016fli charakteru sezony jsme prohr\u00e1li nejsp\u00ed\u0161 v\u00edc z\u00e1pas\u016f, ne\u017e v p\u0159edchoz\u00edch letech.<\/p>\n<p><strong>Bylo tou nejv\u00edce frustruj\u00edc\u00ed skute\u010dnost\u00ed to, \u017ee por\u00e1\u017eky z velk\u00e9 \u010d\u00e1sti p\u0159ich\u00e1zely s t\u00fdmy, kter\u00e9 nakonec v tabulce skon\u010dily daleko n\u00ed\u017ee?<\/strong><br \/>\nUr\u010dit\u011b. N\u011bkolik skv\u011bl\u00fdch v\u00fdsledk\u016f se n\u00e1m poda\u0159ilo z\u00edskat proti top t\u00fdm\u016fm; dvakr\u00e1t jsme porazili Manchester City, proti United jsme doma vybojovali bod, Chelsea venku&#8230; Proti t\u011bmto mu\u017estv\u016fm se n\u00e1m da\u0159ilo, ale to stejn\u00e9 jsme nezopakovali v z\u00e1pasech, kde jsme byli naopak favority my. Mus\u00edme to zm\u011bnit, proto\u017ee proti t\u00fdm\u016fm, kter\u00e9 p\u0159ijely na Goodison a br\u00e1nily, jsme nedok\u00e1zali naj\u00edt recept. Kdy\u017e byly z\u00e1pasy otev\u0159en\u011bj\u0161\u00ed, bylo zn\u00e1t, \u017ee se n\u00e1m da\u0159ilo v\u00edc.<\/p>\n<p><strong>Plusem byl vyda\u0159en\u00fd z\u00e1v\u011br sezony&#8230;<\/strong><br \/>\nBylo to stejn\u00e9 jako v p\u0159edchoz\u00ed sezon\u011b, kdy jsme chytli formu po p\u0159elomu roku. Mysl\u00edm, \u017ee n\u00e1m to d\u00e1v\u00e1 trochu sebev\u011bdom\u00ed do nov\u00e9ho ro\u010dn\u00edku a doufejme jeho vyda\u0159en\u00e9ho za\u010d\u00e1tku, kter\u00fd se n\u00e1m v posledn\u00edch letech vyh\u00fdb\u00e1.<\/p>\n<p><strong>Bylo v\u00edt\u011bzstv\u00ed nad Chelsea v mnoha ohledech ide\u00e1ln\u00edm varovn\u00fdm sign\u00e1lem? Znovu podtrhlo schopnost Evertonu vyrovnat se lep\u0161\u00edm t\u00fdm\u016fm&#8230;<\/strong><br \/>\nBylo to hezk\u00e9 zakon\u010den\u00ed sezony. Proti Chelsea se n\u00e1m opravdu da\u0159\u00ed a sami to moc dob\u0159e v\u00ed, proto\u017ee John Terry to zm\u00ednil na reprezenta\u010dn\u00edm srazu. V\u011bt\u0161ina z\u00e1pas\u016f proti nim b\u00fdvaj\u00ed rem\u00edzy, ale jsme pro n\u011b obt\u00ed\u017en\u00fd soupe\u0159 a v\u00edm, \u017ee z\u00e1pasy proti n\u00e1m v\u016fbec nemaj\u00ed r\u00e1di.<\/p>\n<p><strong>D\u00edky svoj\u00ed form\u011b si dr\u017e\u00ed\u0161 m\u00edsto v reprezentaci. Jak\u00e9 je v\u011bd\u011bt, \u017ee figuruje\u0161 v pl\u00e1nech Fabia Capella?<\/strong><br \/>\nSkv\u011bl\u00e9! Douf\u00e1m, \u017ee Anglie je pro m\u011b dal\u0161\u00ed krok a pokud dostanu p\u0159\u00edle\u017eitosti, pak se mus\u00edm sna\u017eit hr\u00e1t stejn\u011b, jako za Everton. Po\u0159\u00e1d se u\u010d\u00edm, proto\u017ee v n\u00e1rodn\u00edm t\u00fdmu jsem po\u0159\u00e1d relativn\u011b nov\u00e1\u010dek, ale je to dobr\u00e1 zku\u0161enost a \u010d\u00edm v\u00edckr\u00e1t se dostanu do nominace, t\u00edm l\u00e9pe.<\/p>\n<p><strong>Jak\u00e9 jsou tvoje c\u00edle pro novou sezonu?<\/strong><br \/>\nProst\u011b se d\u00e1l zlep\u0161ovat. To je to nejd\u016fle\u017eit\u011bj\u0161\u00ed. Nesm\u00edte si myslet, \u017ee va\u0161e sou\u010dasn\u00e1 v\u00fdkonnost je maximem. Jakmile jednou za\u010dnete p\u0159e\u0161lapovat na jednom m\u00edst\u011b, tak v\u00e1s \u010dek\u00e1 krok zp\u00e1tky, proto\u017ee se zlep\u0161\u00ed ostatn\u00ed.<\/p>\n<\/div>\n","protected":false},"excerpt":{"rendered":"<p>Uplynul\u00e1 sezona Leightonu Bainesovi vy\u0161la n\u00e1ramn\u011b. Lev\u00fd obr\u00e1nce pat\u0159il k tomu nejlep\u0161\u00edmu, co mohl ro\u010dn\u00edk nab\u00eddnout, p\u0159esto v\u0161ak tvrd\u00ed, \u017ee&hellip;<\/p>\n","protected":false},"author":7,"featured_media":1312,"comment_status":"open","ping_status":"closed","sticky":false,"template":"","format":"standard","meta":{"_eb_attr":"","_monsterinsights_skip_tracking":false,"_monsterinsights_sitenote_active":false,"_monsterinsights_sitenote_note":"","_monsterinsights_sitenote_category":0,"footnotes":""},"categories":[1],"tags":[],"yoast_head":"<!-- This site is optimized with the Yoast SEO plugin v23.4 - https:\/\/yoast.com\/wordpress\/plugins\/seo\/ -->\n<title>Nepro\u017eil jsem dokonalou sezonu, \u0159\u00edk\u00e1 Baines - Official Czech &amp; Slovak Everton Supporters&#039; Club<\/title>\n<meta name=\"robots\" content=\"index, follow, max-snippet:-1, max-image-preview:large, max-video-preview:-1\" \/>\n<link rel=\"canonical\" href=\"https:\/\/evertonfc.cz\/index.php\/2011\/07\/17\/neprozil-jsem-dokonalou-sezonu-rika-baines\/\" \/>\n<meta property=\"og:locale\" content=\"cs_CZ\" \/>\n<meta property=\"og:type\" content=\"article\" \/>\n<meta property=\"og:title\" content=\"Nepro\u017eil jsem dokonalou sezonu, \u0159\u00edk\u00e1 Baines - Official Czech &amp; Slovak Everton Supporters&#039; Club\" \/>\n<meta property=\"og:description\" content=\"Uplynul\u00e1 sezona Leightonu Bainesovi vy\u0161la n\u00e1ramn\u011b. Lev\u00fd obr\u00e1nce pat\u0159il k tomu nejlep\u0161\u00edmu, co mohl ro\u010dn\u00edk nab\u00eddnout, p\u0159esto v\u0161ak tvrd\u00ed, \u017ee&hellip;\" \/>\n<meta property=\"og:url\" content=\"https:\/\/evertonfc.cz\/index.php\/2011\/07\/17\/neprozil-jsem-dokonalou-sezonu-rika-baines\/\" \/>\n<meta property=\"og:site_name\" content=\"Official Czech &amp; Slovak Everton Supporters&#039; Club\" \/>\n<meta property=\"article:publisher\" content=\"https:\/\/www.facebook.com\/everton.fans.cz.sk\" \/>\n<meta property=\"article:published_time\" content=\"2011-07-17T12:24:19+00:00\" \/>\n<meta property=\"article:modified_time\" content=\"2019-02-14T13:30:41+00:00\" \/>\n<meta property=\"og:image\" content=\"https:\/\/evertonfc.cz\/wp-content\/uploads\/2019\/01\/interview.jpg\" \/>\n\t<meta property=\"og:image:width\" content=\"720\" \/>\n\t<meta property=\"og:image:height\" content=\"405\" \/>\n\t<meta property=\"og:image:type\" content=\"image\/jpeg\" \/>\n<meta name=\"author\" content=\"Me\u0148a\" \/>\n<meta name=\"twitter:card\" content=\"summary_large_image\" \/>\n<meta name=\"twitter:label1\" content=\"Napsal(a)\" \/>\n\t<meta name=\"twitter:data1\" content=\"Me\u0148a\" \/>\n\t<meta name=\"twitter:label2\" content=\"Odhadovan\u00e1 doba \u010dten\u00ed\" \/>\n\t<meta name=\"twitter:data2\" content=\"7 minut\" \/>\n<script type=\"application\/ld+json\" class=\"yoast-schema-graph\">{\"@context\":\"https:\/\/schema.org\",\"@graph\":[{\"@type\":\"Article\",\"@id\":\"https:\/\/evertonfc.cz\/index.php\/2011\/07\/17\/neprozil-jsem-dokonalou-sezonu-rika-baines\/#article\",\"isPartOf\":{\"@id\":\"https:\/\/evertonfc.cz\/index.php\/2011\/07\/17\/neprozil-jsem-dokonalou-sezonu-rika-baines\/\"},\"author\":{\"name\":\"Me\u0148a\",\"@id\":\"https:\/\/evertonfc.cz\/#\/schema\/person\/cd6328a75577de2add7793fd4b0930c3\"},\"headline\":\"Nepro\u017eil jsem dokonalou sezonu, \u0159\u00edk\u00e1 Baines\",\"datePublished\":\"2011-07-17T12:24:19+00:00\",\"dateModified\":\"2019-02-14T13:30:41+00:00\",\"mainEntityOfPage\":{\"@id\":\"https:\/\/evertonfc.cz\/index.php\/2011\/07\/17\/neprozil-jsem-dokonalou-sezonu-rika-baines\/\"},\"wordCount\":1369,\"commentCount\":0,\"publisher\":{\"@id\":\"https:\/\/evertonfc.cz\/#organization\"},\"image\":{\"@id\":\"https:\/\/evertonfc.cz\/index.php\/2011\/07\/17\/neprozil-jsem-dokonalou-sezonu-rika-baines\/#primaryimage\"},\"thumbnailUrl\":\"https:\/\/evertonfc.cz\/wp-content\/uploads\/2019\/01\/interview.jpg\",\"articleSection\":[\"Rozhovory\"],\"inLanguage\":\"cs\",\"potentialAction\":[{\"@type\":\"CommentAction\",\"name\":\"Comment\",\"target\":[\"https:\/\/evertonfc.cz\/index.php\/2011\/07\/17\/neprozil-jsem-dokonalou-sezonu-rika-baines\/#respond\"]}]},{\"@type\":\"WebPage\",\"@id\":\"https:\/\/evertonfc.cz\/index.php\/2011\/07\/17\/neprozil-jsem-dokonalou-sezonu-rika-baines\/\",\"url\":\"https:\/\/evertonfc.cz\/index.php\/2011\/07\/17\/neprozil-jsem-dokonalou-sezonu-rika-baines\/\",\"name\":\"Nepro\u017eil jsem dokonalou sezonu, \u0159\u00edk\u00e1 Baines - Official Czech &amp; Slovak Everton Supporters&#039; Club\",\"isPartOf\":{\"@id\":\"https:\/\/evertonfc.cz\/#website\"},\"primaryImageOfPage\":{\"@id\":\"https:\/\/evertonfc.cz\/index.php\/2011\/07\/17\/neprozil-jsem-dokonalou-sezonu-rika-baines\/#primaryimage\"},\"image\":{\"@id\":\"https:\/\/evertonfc.cz\/index.php\/2011\/07\/17\/neprozil-jsem-dokonalou-sezonu-rika-baines\/#primaryimage\"},\"thumbnailUrl\":\"https:\/\/evertonfc.cz\/wp-content\/uploads\/2019\/01\/interview.jpg\",\"datePublished\":\"2011-07-17T12:24:19+00:00\",\"dateModified\":\"2019-02-14T13:30:41+00:00\",\"breadcrumb\":{\"@id\":\"https:\/\/evertonfc.cz\/index.php\/2011\/07\/17\/neprozil-jsem-dokonalou-sezonu-rika-baines\/#breadcrumb\"},\"inLanguage\":\"cs\",\"potentialAction\":[{\"@type\":\"ReadAction\",\"target\":[\"https:\/\/evertonfc.cz\/index.php\/2011\/07\/17\/neprozil-jsem-dokonalou-sezonu-rika-baines\/\"]}]},{\"@type\":\"ImageObject\",\"inLanguage\":\"cs\",\"@id\":\"https:\/\/evertonfc.cz\/index.php\/2011\/07\/17\/neprozil-jsem-dokonalou-sezonu-rika-baines\/#primaryimage\",\"url\":\"https:\/\/evertonfc.cz\/wp-content\/uploads\/2019\/01\/interview.jpg\",\"contentUrl\":\"https:\/\/evertonfc.cz\/wp-content\/uploads\/2019\/01\/interview.jpg\",\"width\":720,\"height\":405},{\"@type\":\"BreadcrumbList\",\"@id\":\"https:\/\/evertonfc.cz\/index.php\/2011\/07\/17\/neprozil-jsem-dokonalou-sezonu-rika-baines\/#breadcrumb\",\"itemListElement\":[{\"@type\":\"ListItem\",\"position\":1,\"name\":\"Home\",\"item\":\"https:\/\/evertonfc.cz\/\"},{\"@type\":\"ListItem\",\"position\":2,\"name\":\"Nepro\u017eil jsem dokonalou sezonu, \u0159\u00edk\u00e1 Baines\"}]},{\"@type\":\"WebSite\",\"@id\":\"https:\/\/evertonfc.cz\/#website\",\"url\":\"https:\/\/evertonfc.cz\/\",\"name\":\"Official Czech &amp; Slovak Everton Supporters&#039; Club\",\"description\":\"\",\"publisher\":{\"@id\":\"https:\/\/evertonfc.cz\/#organization\"},\"potentialAction\":[{\"@type\":\"SearchAction\",\"target\":{\"@type\":\"EntryPoint\",\"urlTemplate\":\"https:\/\/evertonfc.cz\/?s={search_term_string}\"},\"query-input\":{\"@type\":\"PropertyValueSpecification\",\"valueRequired\":true,\"valueName\":\"search_term_string\"}}],\"inLanguage\":\"cs\"},{\"@type\":\"Organization\",\"@id\":\"https:\/\/evertonfc.cz\/#organization\",\"name\":\"Official Czech & Slovak Everton Supporters' Club\",\"url\":\"https:\/\/evertonfc.cz\/\",\"logo\":{\"@type\":\"ImageObject\",\"inLanguage\":\"cs\",\"@id\":\"https:\/\/evertonfc.cz\/#\/schema\/logo\/image\/\",\"url\":\"https:\/\/evertonfc.cz\/wp-content\/uploads\/2019\/05\/logo.png\",\"contentUrl\":\"https:\/\/evertonfc.cz\/wp-content\/uploads\/2019\/05\/logo.png\",\"width\":112,\"height\":112,\"caption\":\"Official Czech & Slovak Everton Supporters' Club\"},\"image\":{\"@id\":\"https:\/\/evertonfc.cz\/#\/schema\/logo\/image\/\"},\"sameAs\":[\"https:\/\/www.facebook.com\/everton.fans.cz.sk\"]},{\"@type\":\"Person\",\"@id\":\"https:\/\/evertonfc.cz\/#\/schema\/person\/cd6328a75577de2add7793fd4b0930c3\",\"name\":\"Me\u0148a\",\"url\":\"https:\/\/evertonfc.cz\/index.php\/author\/mena\/\"}]}<\/script>\n<!-- \/ Yoast SEO plugin. -->","yoast_head_json":{"title":"Nepro\u017eil jsem dokonalou sezonu, \u0159\u00edk\u00e1 Baines - Official Czech &amp; Slovak Everton Supporters&#039; Club","robots":{"index":"index","follow":"follow","max-snippet":"max-snippet:-1","max-image-preview":"max-image-preview:large","max-video-preview":"max-video-preview:-1"},"canonical":"https:\/\/evertonfc.cz\/index.php\/2011\/07\/17\/neprozil-jsem-dokonalou-sezonu-rika-baines\/","og_locale":"cs_CZ","og_type":"article","og_title":"Nepro\u017eil jsem dokonalou sezonu, \u0159\u00edk\u00e1 Baines - Official Czech &amp; Slovak Everton Supporters&#039; Club","og_description":"Uplynul\u00e1 sezona Leightonu Bainesovi vy\u0161la n\u00e1ramn\u011b. Lev\u00fd obr\u00e1nce pat\u0159il k tomu nejlep\u0161\u00edmu, co mohl ro\u010dn\u00edk nab\u00eddnout, p\u0159esto v\u0161ak tvrd\u00ed, \u017ee&hellip;","og_url":"https:\/\/evertonfc.cz\/index.php\/2011\/07\/17\/neprozil-jsem-dokonalou-sezonu-rika-baines\/","og_site_name":"Official Czech &amp; Slovak Everton Supporters&#039; Club","article_publisher":"https:\/\/www.facebook.com\/everton.fans.cz.sk","article_published_time":"2011-07-17T12:24:19+00:00","article_modified_time":"2019-02-14T13:30:41+00:00","og_image":[{"width":720,"height":405,"url":"https:\/\/evertonfc.cz\/wp-content\/uploads\/2019\/01\/interview.jpg","type":"image\/jpeg"}],"author":"Me\u0148a","twitter_card":"summary_large_image","twitter_misc":{"Napsal(a)":"Me\u0148a","Odhadovan\u00e1 doba \u010dten\u00ed":"7 minut"},"schema":{"@context":"https:\/\/schema.org","@graph":[{"@type":"Article","@id":"https:\/\/evertonfc.cz\/index.php\/2011\/07\/17\/neprozil-jsem-dokonalou-sezonu-rika-baines\/#article","isPartOf":{"@id":"https:\/\/evertonfc.cz\/index.php\/2011\/07\/17\/neprozil-jsem-dokonalou-sezonu-rika-baines\/"},"author":{"name":"Me\u0148a","@id":"https:\/\/evertonfc.cz\/#\/schema\/person\/cd6328a75577de2add7793fd4b0930c3"},"headline":"Nepro\u017eil jsem dokonalou sezonu, \u0159\u00edk\u00e1 Baines","datePublished":"2011-07-17T12:24:19+00:00","dateModified":"2019-02-14T13:30:41+00:00","mainEntityOfPage":{"@id":"https:\/\/evertonfc.cz\/index.php\/2011\/07\/17\/neprozil-jsem-dokonalou-sezonu-rika-baines\/"},"wordCount":1369,"commentCount":0,"publisher":{"@id":"https:\/\/evertonfc.cz\/#organization"},"image":{"@id":"https:\/\/evertonfc.cz\/index.php\/2011\/07\/17\/neprozil-jsem-dokonalou-sezonu-rika-baines\/#primaryimage"},"thumbnailUrl":"https:\/\/evertonfc.cz\/wp-content\/uploads\/2019\/01\/interview.jpg","articleSection":["Rozhovory"],"inLanguage":"cs","potentialAction":[{"@type":"CommentAction","name":"Comment","target":["https:\/\/evertonfc.cz\/index.php\/2011\/07\/17\/neprozil-jsem-dokonalou-sezonu-rika-baines\/#respond"]}]},{"@type":"WebPage","@id":"https:\/\/evertonfc.cz\/index.php\/2011\/07\/17\/neprozil-jsem-dokonalou-sezonu-rika-baines\/","url":"https:\/\/evertonfc.cz\/index.php\/2011\/07\/17\/neprozil-jsem-dokonalou-sezonu-rika-baines\/","name":"Nepro\u017eil jsem dokonalou sezonu, \u0159\u00edk\u00e1 Baines - Official Czech &amp; Slovak Everton Supporters&#039; Club","isPartOf":{"@id":"https:\/\/evertonfc.cz\/#website"},"primaryImageOfPage":{"@id":"https:\/\/evertonfc.cz\/index.php\/2011\/07\/17\/neprozil-jsem-dokonalou-sezonu-rika-baines\/#primaryimage"},"image":{"@id":"https:\/\/evertonfc.cz\/index.php\/2011\/07\/17\/neprozil-jsem-dokonalou-sezonu-rika-baines\/#primaryimage"},"thumbnailUrl":"https:\/\/evertonfc.cz\/wp-content\/uploads\/2019\/01\/interview.jpg","datePublished":"2011-07-17T12:24:19+00:00","dateModified":"2019-02-14T13:30:41+00:00","breadcrumb":{"@id":"https:\/\/evertonfc.cz\/index.php\/2011\/07\/17\/neprozil-jsem-dokonalou-sezonu-rika-baines\/#breadcrumb"},"inLanguage":"cs","potentialAction":[{"@type":"ReadAction","target":["https:\/\/evertonfc.cz\/index.php\/2011\/07\/17\/neprozil-jsem-dokonalou-sezonu-rika-baines\/"]}]},{"@type":"ImageObject","inLanguage":"cs","@id":"https:\/\/evertonfc.cz\/index.php\/2011\/07\/17\/neprozil-jsem-dokonalou-sezonu-rika-baines\/#primaryimage","url":"https:\/\/evertonfc.cz\/wp-content\/uploads\/2019\/01\/interview.jpg","contentUrl":"https:\/\/evertonfc.cz\/wp-content\/uploads\/2019\/01\/interview.jpg","width":720,"height":405},{"@type":"BreadcrumbList","@id":"https:\/\/evertonfc.cz\/index.php\/2011\/07\/17\/neprozil-jsem-dokonalou-sezonu-rika-baines\/#breadcrumb","itemListElement":[{"@type":"ListItem","position":1,"name":"Home","item":"https:\/\/evertonfc.cz\/"},{"@type":"ListItem","position":2,"name":"Nepro\u017eil jsem dokonalou sezonu, \u0159\u00edk\u00e1 Baines"}]},{"@type":"WebSite","@id":"https:\/\/evertonfc.cz\/#website","url":"https:\/\/evertonfc.cz\/","name":"Official Czech &amp; Slovak Everton Supporters&#039; Club","description":"","publisher":{"@id":"https:\/\/evertonfc.cz\/#organization"},"potentialAction":[{"@type":"SearchAction","target":{"@type":"EntryPoint","urlTemplate":"https:\/\/evertonfc.cz\/?s={search_term_string}"},"query-input":{"@type":"PropertyValueSpecification","valueRequired":true,"valueName":"search_term_string"}}],"inLanguage":"cs"},{"@type":"Organization","@id":"https:\/\/evertonfc.cz\/#organization","name":"Official Czech & Slovak Everton Supporters' Club","url":"https:\/\/evertonfc.cz\/","logo":{"@type":"ImageObject","inLanguage":"cs","@id":"https:\/\/evertonfc.cz\/#\/schema\/logo\/image\/","url":"https:\/\/evertonfc.cz\/wp-content\/uploads\/2019\/05\/logo.png","contentUrl":"https:\/\/evertonfc.cz\/wp-content\/uploads\/2019\/05\/logo.png","width":112,"height":112,"caption":"Official Czech & Slovak Everton Supporters' Club"},"image":{"@id":"https:\/\/evertonfc.cz\/#\/schema\/logo\/image\/"},"sameAs":["https:\/\/www.facebook.com\/everton.fans.cz.sk"]},{"@type":"Person","@id":"https:\/\/evertonfc.cz\/#\/schema\/person\/cd6328a75577de2add7793fd4b0930c3","name":"Me\u0148a","url":"https:\/\/evertonfc.cz\/index.php\/author\/mena\/"}]}},"_links":{"self":[{"href":"https:\/\/evertonfc.cz\/index.php\/wp-json\/wp\/v2\/posts\/5178"}],"collection":[{"href":"https:\/\/evertonfc.cz\/index.php\/wp-json\/wp\/v2\/posts"}],"about":[{"href":"https:\/\/evertonfc.cz\/index.php\/wp-json\/wp\/v2\/types\/post"}],"author":[{"embeddable":true,"href":"https:\/\/evertonfc.cz\/index.php\/wp-json\/wp\/v2\/users\/7"}],"replies":[{"embeddable":true,"href":"https:\/\/evertonfc.cz\/index.php\/wp-json\/wp\/v2\/comments?post=5178"}],"version-history":[{"count":1,"href":"https:\/\/evertonfc.cz\/index.php\/wp-json\/wp\/v2\/posts\/5178\/revisions"}],"predecessor-version":[{"id":5179,"href":"https:\/\/evertonfc.cz\/index.php\/wp-json\/wp\/v2\/posts\/5178\/revisions\/5179"}],"wp:featuredmedia":[{"embeddable":true,"href":"https:\/\/evertonfc.cz\/index.php\/wp-json\/wp\/v2\/media\/1312"}],"wp:attachment":[{"href":"https:\/\/evertonfc.cz\/index.php\/wp-json\/wp\/v2\/media?parent=5178"}],"wp:term":[{"taxonomy":"category","embeddable":true,"href":"https:\/\/evertonfc.cz\/index.php\/wp-json\/wp\/v2\/categories?post=5178"},{"taxonomy":"post_tag","embeddable":true,"href":"https:\/\/evertonfc.cz\/index.php\/wp-json\/wp\/v2\/tags?post=5178"}],"curies":[{"name":"wp","href":"https:\/\/api.w.org\/{rel}","templated":true}]}}