{"id":5190,"date":"2011-07-28T14:43:14","date_gmt":"2011-07-28T12:43:14","guid":{"rendered":"http:\/\/evertonfc.cz\/?p=5190"},"modified":"2019-02-14T14:53:20","modified_gmt":"2019-02-14T13:53:20","slug":"neville-o-priprave-twitteru-a-hibbovi","status":"publish","type":"post","link":"https:\/\/evertonfc.cz\/index.php\/2011\/07\/28\/neville-o-priprave-twitteru-a-hibbovi\/","title":{"rendered":"Neville o p\u0159\u00edprav\u011b, twitteru a Hibbovi"},"content":{"rendered":"<h4>Ji\u017e sedmou sezonu v dresu Evertonu m\u00e1 p\u0159ed sebou Phil Nevile. I p\u0159es rostouc\u00ed v\u011bk si p\u0159itom kapit\u00e1n fotbal maxim\u00e1ln\u011b u\u017e\u00edv\u00e1 a samoz\u0159ejm\u011b p\u0159i tom neztr\u00e1c\u00ed smysl pro humor.<\/h4>\n<div id=\"NewsPostDetailContent\">\n<p>Phil Neville je nadm\u00edru zku\u0161en\u00fdm fotbalistou, proto dob\u0159e v\u00ed, jak spr\u00e1vn\u011b odpo\u010d\u00edvat a jak je d\u016fle\u017eit\u00e9 t\u011blu poskytnout regeneraci, obzvl\u00e1\u0161t\u011b pak v t\u00fddnech p\u0159edsezonn\u00edho volna. Jako obvykle tedy kapit\u00e1n tr\u00e1v\u00ed l\u00e9to tak\u00e9 dodr\u017eov\u00e1n\u00edm sv\u00fdch p\u0159\u00edsn\u00fdch z\u00e1sad. Pod Davidem Moyesem toti\u017e ji\u017e za\u017eil \u0161est p\u0159edsezonn\u00edch soust\u0159ed\u011bn\u00ed, tak\u017ee p\u0159esn\u011b v\u00ed, co o\u010dek\u00e1vat.<\/p>\n<p><em>\u201eJe to p\u011bkn\u011b t\u011b\u017ek\u00e9. Jestli jsme si n\u011b\u010d\u00edm jisti, tak t\u00edm, \u017ee mana\u017eer chce po tr\u00e9ninku vid\u011bt propocen\u00e1 tri\u010dka. Ale kluci to v\u011bd\u00ed a o\u010dek\u00e1vaj\u00ed, tak\u017ee mysl\u00edm, \u017ee zklaman\u00fd nen\u00ed,\u201c<\/em>\u00a0 \u0159\u00edk\u00e1 Neville.<\/p>\n<p>Po n\u00e1ro\u010dn\u00e9m lo\u0148sk\u00e9m t\u0159\u00edt\u00fddenn\u00edm turn\u00e9 po Austr\u00e1lii, str\u00e1vili hr\u00e1\u010di Evertonu prvn\u00ed dny letn\u00ed p\u0159\u00edpravy v sousedn\u00edm Rakousku. To je samo o sob\u011b mezi anglick\u00fdmi mu\u017estvy obl\u00edbenou destinac\u00ed a nen\u00ed divu. V\u017edy\u0165 d\u00edky provon\u011bn\u00e9mu horsk\u00e9mu vzduchu, prvot\u0159\u00eddn\u00edmu vybaven\u00ed a v neposledn\u00ed \u0159ad\u011b tak\u00e9 kr\u00e1sn\u00e9 p\u0159\u00edrod\u011b, poskytuje ide\u00e1ln\u00ed \u00fato\u010di\u0161t\u011b.<\/p>\n<p><em>\u201eMana\u017eer je ve sv\u00e9 p\u0159\u00edprav\u011b punti\u010dk\u00e1\u0159. V\u017edycky n\u00e1s r\u00e1d v prvn\u00edm t\u00fddnu p\u0159\u00edpravy bere do zahrani\u010d\u00ed, abychom se mohli pln\u011b soust\u0159edit na t\u0159i tr\u00e9ninky denn\u011b. Prvn\u00edch deset dn\u00ed je v\u017edycky nejt\u011b\u017e\u0161\u00edch, proto\u017ee v nich toho nejv\u00edc nab\u011bh\u00e1me. S m\u00ed\u010dem se moc nesetk\u00e1v\u00e1me, je to o z\u00e1kladn\u00edm tr\u00e9ninku, kter\u00fd je d\u016fle\u017eit\u00fd pro zbytek p\u0159\u00edpravy. Jsem tu \u0161est let a tr\u00e9nink, kter\u00fd odv\u00e1d\u00edm v p\u0159edsezonn\u00ed p\u0159\u00edprav\u011b, m\u011b poka\u017ed\u00e9 p\u0159iprav\u00ed na celou sezonu.\u201c<\/em><\/p>\n<p>P\u0159esto\u017ee letn\u00ed dril fotbalist\u00e9 ani trochu nemusej\u00ed, Neville je r\u00e1d, \u017ee zase m\u016f\u017ee vtipkovat se sv\u00fdmi spoluhr\u00e1\u010di, kter\u00e9 nevid\u011bl od posledn\u00edho kola.<em> \u201eV\u017edycky se na kluky t\u011b\u0161\u00edm, poka\u017ed\u00e9 si u\u017eijeme spoustu legrace. To je p\u0159esn\u011b to, co v\u00e1m b\u011bhem dovolen\u00e9 chyb\u00ed. V Evertonu m\u00e1me fantastick\u00e9ho ducha a ka\u017ed\u00fd den se hodn\u011b nasm\u011bjeme. Ostatn\u00ed to maj\u00ed stejn\u011b, proto\u017ee v t\u00fdmu je srdce a spirit.\u201c<\/em><\/p>\n<p>Po n\u011bkolikadenn\u00edm pobytu v Rakousku p\u0159i\u0161el prvn\u00ed p\u0159\u00edpravn\u00fd z\u00e1pas. Pro Phila Nevilla nav\u00edc obzvl\u00e1\u0161\u0165 speci\u00e1ln\u00ed, proto\u017ee Bury je jeho domovsk\u00fdm klubem. Na Gigg Lane se Blues p\u0159edstavili i p\u0159ed dv\u011bma lety, tehdy ale prohr\u00e1li 1-2. Letos ov\u0161em Everton do z\u00e1pasov\u00e9ho rytmu vkro\u010dil p\u0159esv\u011bd\u010div\u00fdm v\u00edt\u011bzstv\u00edm 4-1.<\/p>\n<p><em>\u201ePro m\u011b je to samoz\u0159ejm\u011b mimo\u0159\u00e1dn\u00fd z\u00e1pas, proto\u017ee jsem se v Bury narodil a n\u011bkte\u0159\u00ed \u010dlenov\u00e9 moj\u00ed rodiny pro klub pracuj\u00ed. P\u0159edloni se n\u00e1s lid\u00e9 ptali, \u201cjak jste mohli prohr\u00e1t s Bury?\u201c, jen\u017ee den p\u0159edt\u00edm jsme b\u011bhali po p\u00edse\u010dn\u00fdch dun\u00e1ch ve Skotsku! Fellimu se dokonce ud\u011blalo \u0161patn\u011b, a to jen ukazuje, jak tvrd\u011b mak\u00e1me. Ale to je p\u0159\u00edprava, v\u0161echno je to o nabr\u00e1n\u00ed kondice, ne o v\u00fdsledc\u00edch.\u201c<\/em><\/p>\n<p>Minulost\u00ed u\u017e je i americk\u00e1 \u010d\u00e1st leto\u0161n\u00edho soust\u0159ed\u011bn\u00ed. Do konce zb\u00fdvaj\u00ed je\u0161t\u011b t\u0159i z\u00e1pasy &#8211; proti sestoupiv\u0161\u00edmu Birminghamu, na p\u016fd\u011b Werderu Br\u00e9my a kone\u010dn\u011b doma proti Villarealu. V\u0161echny t\u0159i celky by pr\u00fd m\u011bly Everton s bl\u00ed\u017e\u00edc\u00edm se za\u010d\u00e1tkem sezony prov\u011b\u0159it dostate\u010dn\u011b.<\/p>\n<p><em>\u201eProti americk\u00fdm t\u00fdm\u016fm se poka\u017ed\u00e9 hraje t\u011b\u017ece. Jsou uprost\u0159ed svoj\u00ed sezony a nav\u00edc se tamn\u00ed t\u00fdmy neust\u00e1le zlep\u0161uj\u00ed. Villareal p\u0159in\u00e1\u0161\u00ed zp\u00e1tky speci\u00e1ln\u00ed vzpom\u00ednky, proto\u017ee proti n\u011bmu jsem debutoval za Everton. A pak je tu Werder, se kter\u00fdm jsme hr\u00e1li obt\u00ed\u017en\u00fd z\u00e1pas p\u0159ed n\u011bkolika lety. Z pohledu typu vybral mana\u017eer spr\u00e1vn\u00e9 soupe\u0159e. Nen\u00ed tu ani jeden z\u00e1pas, kdy si m\u016f\u017eeme \u0159\u00edct, \u201cjasn\u011b, tenhle bude jednoduch\u00fd.\u201c \u00darove\u0148 protivn\u00edk\u016f je letos vysoko.\u201c<\/em><\/p>\n<p>Jedn\u00edm z \u00fast\u0159edn\u00edch c\u00edl\u016f leto\u0161n\u00ed p\u0159\u00edpravy je tak\u00e9 pokusit se kone\u010dn\u011b o vyda\u0159en\u00fd start sezony. Pomal\u00e9 rozjezdy d\u011blaly Toffees v posledn\u00edch t\u0159ech let v\u011brn\u00e9ho spole\u010dn\u00edka, tak\u017ee zab\u011bhnutou \u0161ablonu se pr\u00fd tren\u00e9rsk\u00fd t\u00fdm sna\u017e\u00ed za ka\u017edou cenu vym\u00fdtit.<\/p>\n<p><em>\u201eM\u00e1me t\u011b\u017ek\u00fd za\u010d\u00e1tek sezony, ale v Premier League nejsou snadn\u00e9 z\u00e1pasy. Mus\u00edme b\u00fdt p\u0159ipraveni, \u017e\u00e1dn\u00e9 v\u00fdmluvy nep\u0159ich\u00e1zej\u00ed v \u00favahu. Zapome\u0148t\u011b na to, co se \u0159\u00edk\u00e1, prost\u011b se n\u00e1m to kone\u010dn\u011b mus\u00ed pov\u00e9st.\u201c<\/em><\/p>\n<p>Pokou\u0161et se o to Blues za\u010dnou na White Hart Lane. <em>\u201eTottenham venku je jeden z m\u00fdch obl\u00edben\u00fdch z\u00e1pas\u016f. Je to podobn\u00fd stadion jako Goodison a v posledn\u00ed dob\u011b se n\u00e1m tam docela da\u0159\u00ed. Oni r\u00e1di \u00fato\u010d\u00ed, my r\u00e1di \u00fato\u010d\u00edme a celkov\u011b je to dobr\u00e9 fotbalov\u00e9 m\u00edsto. Bude to otev\u0159en\u00fd z\u00e1pas.\u201c<\/em><\/p>\n<p>Poj\u010fme ale na chv\u00edli od fotbalov\u00fdch z\u00e1le\u017eitost\u00ed na chv\u00edli odbo\u010dit. A to sm\u011brem voln\u00fd \u010das. Pr\u00e1v\u011b b\u011bhem pr\u00e1zdnin si toti\u017e kapit\u00e1n na\u0161el nov\u00e9 hobby. Soci\u00e1ln\u00ed s\u00ed\u0165 twitter sice objevil vcelku pozd\u011b, zato u\u017e ale pat\u0159\u00ed k t\u011bm nejaktivn\u011bj\u0161\u00edm &#8222;tweeter\u016fm&#8220;. Aktu\u00e1ln\u011b m\u00e1 Neville v\u00edce ne\u017e 150 tis\u00edc &#8222;follower\u016f&#8220; a n\u011bkte\u0159\u00ed z nich jsou i jeho spoluhr\u00e1\u010di. A podle o\u010dek\u00e1v\u00e1n\u00ed se Pip chod\u00ed na twitter vy\u0159\u00e1dit hlavn\u011b ve vz\u00e1jemn\u00fdch tweetov\u00fdch p\u0159est\u0159elk\u00e1ch.<\/p>\n<p><em>\u201eTim Cahill je vesel\u00fd chlap a r\u00e1d se do \u017eert\u00edk\u016f zapojuje. Seamus Coleman je zase prohnan\u00fd. Na prvn\u00ed pohled se zd\u00e1 krotk\u00fd a nevinn\u00fd, ale kdy\u017e chce, hned na va\u0161i adresu putuje j\u00edzliv\u00e1 pozn\u00e1mka. \u00dapln\u011b posedl\u00fd je twitterem Louis Saha, ten je snad online 24 hodin denn\u011b! Sylvain Distin byl ze za\u010d\u00e1tku trochu opatrn\u00fd, ale taky u\u017e se do toho za\u010d\u00edn\u00e1 dost\u00e1vat. Ale udivuje m\u011b, \u017ee hr\u00e1\u010dem, po kter\u00e9m v\u0161ichni fanou\u0161ci cht\u011bj\u00ed nejv\u00edc, aby byl na twitteru, je Tony Hibbert!\u201c<\/em><\/p>\n<p>Proslule stydliv\u00fd a nen\u00e1padn\u00fd Hibbert se ale na s\u00edti z\u0159ejm\u011b jen tak objev\u00ed. O to ale Nevillovi tolik nejde. V\u00edc ho zaj\u00edm\u00e1, jak Hibbovi co nejv\u00edc pomoci ve vst\u0159elen\u00ed jeho prvn\u00edho g\u00f3lu. Dne, kdy se tak stane, pokud tedy v\u016fbec n\u011bkdy, se Neville nem\u016f\u017ee do\u010dkat.<\/p>\n<p><em>\u201eJako t\u00fdmu je na\u0161\u00edm hlavn\u00edm leto\u0161n\u00edm c\u00edlem vid\u011bt Tonyho d\u00e1vat g\u00f3l,\u201c <\/em>cul\u00ed se Neville. <em>\u201ePodle toho, jak se o tom mluv\u00ed mezi fanou\u0161ky, to budou divok\u00e9 oslavy. A my spoluhr\u00e1\u010di nebudeme v\u00fdjimkou!\u201c<\/em><\/p>\n<p>Ve v\u0161\u00ed v\u00e1\u017enosti m\u00e1 ale kapit\u00e1n pro Tonyho a jeho \u201cdvoj\u010de\u201c, Leona Osmana, jen slova chv\u00e1ly.<em> \u201eTony je pro klub neuv\u011b\u0159iteln\u00fd slu\u017eebn\u00edk. V\u017edycky jsem si myslel, \u017ee on a Leon nebyli dost oce\u0148ov\u00e1ni pro jejich v\u011brnost a kvalitu jejich v\u00fdkon\u016f. To se te\u010f ale zm\u011bnilo. Maj\u00ed obrovsk\u00fd respekt a jsou velk\u00fdmi obl\u00edbenci fanou\u0161k\u016f. A opr\u00e1vn\u011bn\u011b, proto\u017ee maj\u00ed za sebou skv\u011blou sezonu.\u201c<\/em><\/p>\n<\/div>\n","protected":false},"excerpt":{"rendered":"<p>Ji\u017e sedmou sezonu v dresu Evertonu m\u00e1 p\u0159ed sebou Phil Nevile. I p\u0159es rostouc\u00ed v\u011bk si p\u0159itom kapit\u00e1n fotbal maxim\u00e1ln\u011b&hellip;<\/p>\n","protected":false},"author":7,"featured_media":1312,"comment_status":"open","ping_status":"closed","sticky":false,"template":"","format":"standard","meta":{"_eb_attr":"","_monsterinsights_skip_tracking":false,"_monsterinsights_sitenote_active":false,"_monsterinsights_sitenote_note":"","_monsterinsights_sitenote_category":0,"footnotes":""},"categories":[1],"tags":[],"yoast_head":"<!-- This site is optimized with the Yoast SEO plugin v23.4 - https:\/\/yoast.com\/wordpress\/plugins\/seo\/ -->\n<title>Neville o p\u0159\u00edprav\u011b, twitteru a Hibbovi - Official Czech &amp; Slovak Everton Supporters&#039; Club<\/title>\n<meta name=\"robots\" content=\"index, follow, max-snippet:-1, max-image-preview:large, max-video-preview:-1\" \/>\n<link rel=\"canonical\" href=\"https:\/\/evertonfc.cz\/index.php\/2011\/07\/28\/neville-o-priprave-twitteru-a-hibbovi\/\" \/>\n<meta property=\"og:locale\" content=\"cs_CZ\" \/>\n<meta property=\"og:type\" content=\"article\" \/>\n<meta property=\"og:title\" content=\"Neville o p\u0159\u00edprav\u011b, twitteru a Hibbovi - Official Czech &amp; Slovak Everton Supporters&#039; Club\" \/>\n<meta property=\"og:description\" content=\"Ji\u017e sedmou sezonu v dresu Evertonu m\u00e1 p\u0159ed sebou Phil Nevile. I p\u0159es rostouc\u00ed v\u011bk si p\u0159itom kapit\u00e1n fotbal maxim\u00e1ln\u011b&hellip;\" \/>\n<meta property=\"og:url\" content=\"https:\/\/evertonfc.cz\/index.php\/2011\/07\/28\/neville-o-priprave-twitteru-a-hibbovi\/\" \/>\n<meta property=\"og:site_name\" content=\"Official Czech &amp; Slovak Everton Supporters&#039; Club\" \/>\n<meta property=\"article:publisher\" content=\"https:\/\/www.facebook.com\/everton.fans.cz.sk\" \/>\n<meta property=\"article:published_time\" content=\"2011-07-28T12:43:14+00:00\" \/>\n<meta property=\"article:modified_time\" content=\"2019-02-14T13:53:20+00:00\" \/>\n<meta property=\"og:image\" content=\"https:\/\/evertonfc.cz\/wp-content\/uploads\/2019\/01\/interview.jpg\" \/>\n\t<meta property=\"og:image:width\" content=\"720\" \/>\n\t<meta property=\"og:image:height\" content=\"405\" \/>\n\t<meta property=\"og:image:type\" content=\"image\/jpeg\" \/>\n<meta name=\"author\" content=\"Me\u0148a\" \/>\n<meta name=\"twitter:card\" content=\"summary_large_image\" \/>\n<meta name=\"twitter:label1\" content=\"Napsal(a)\" \/>\n\t<meta name=\"twitter:data1\" content=\"Me\u0148a\" \/>\n\t<meta name=\"twitter:label2\" content=\"Odhadovan\u00e1 doba \u010dten\u00ed\" \/>\n\t<meta name=\"twitter:data2\" content=\"6 minut\" \/>\n<script type=\"application\/ld+json\" class=\"yoast-schema-graph\">{\"@context\":\"https:\/\/schema.org\",\"@graph\":[{\"@type\":\"Article\",\"@id\":\"https:\/\/evertonfc.cz\/index.php\/2011\/07\/28\/neville-o-priprave-twitteru-a-hibbovi\/#article\",\"isPartOf\":{\"@id\":\"https:\/\/evertonfc.cz\/index.php\/2011\/07\/28\/neville-o-priprave-twitteru-a-hibbovi\/\"},\"author\":{\"name\":\"Me\u0148a\",\"@id\":\"https:\/\/evertonfc.cz\/#\/schema\/person\/cd6328a75577de2add7793fd4b0930c3\"},\"headline\":\"Neville o p\u0159\u00edprav\u011b, twitteru a Hibbovi\",\"datePublished\":\"2011-07-28T12:43:14+00:00\",\"dateModified\":\"2019-02-14T13:53:20+00:00\",\"mainEntityOfPage\":{\"@id\":\"https:\/\/evertonfc.cz\/index.php\/2011\/07\/28\/neville-o-priprave-twitteru-a-hibbovi\/\"},\"wordCount\":1299,\"commentCount\":0,\"publisher\":{\"@id\":\"https:\/\/evertonfc.cz\/#organization\"},\"image\":{\"@id\":\"https:\/\/evertonfc.cz\/index.php\/2011\/07\/28\/neville-o-priprave-twitteru-a-hibbovi\/#primaryimage\"},\"thumbnailUrl\":\"https:\/\/evertonfc.cz\/wp-content\/uploads\/2019\/01\/interview.jpg\",\"articleSection\":[\"Rozhovory\"],\"inLanguage\":\"cs\",\"potentialAction\":[{\"@type\":\"CommentAction\",\"name\":\"Comment\",\"target\":[\"https:\/\/evertonfc.cz\/index.php\/2011\/07\/28\/neville-o-priprave-twitteru-a-hibbovi\/#respond\"]}]},{\"@type\":\"WebPage\",\"@id\":\"https:\/\/evertonfc.cz\/index.php\/2011\/07\/28\/neville-o-priprave-twitteru-a-hibbovi\/\",\"url\":\"https:\/\/evertonfc.cz\/index.php\/2011\/07\/28\/neville-o-priprave-twitteru-a-hibbovi\/\",\"name\":\"Neville o p\u0159\u00edprav\u011b, twitteru a Hibbovi - Official Czech &amp; Slovak Everton Supporters&#039; Club\",\"isPartOf\":{\"@id\":\"https:\/\/evertonfc.cz\/#website\"},\"primaryImageOfPage\":{\"@id\":\"https:\/\/evertonfc.cz\/index.php\/2011\/07\/28\/neville-o-priprave-twitteru-a-hibbovi\/#primaryimage\"},\"image\":{\"@id\":\"https:\/\/evertonfc.cz\/index.php\/2011\/07\/28\/neville-o-priprave-twitteru-a-hibbovi\/#primaryimage\"},\"thumbnailUrl\":\"https:\/\/evertonfc.cz\/wp-content\/uploads\/2019\/01\/interview.jpg\",\"datePublished\":\"2011-07-28T12:43:14+00:00\",\"dateModified\":\"2019-02-14T13:53:20+00:00\",\"breadcrumb\":{\"@id\":\"https:\/\/evertonfc.cz\/index.php\/2011\/07\/28\/neville-o-priprave-twitteru-a-hibbovi\/#breadcrumb\"},\"inLanguage\":\"cs\",\"potentialAction\":[{\"@type\":\"ReadAction\",\"target\":[\"https:\/\/evertonfc.cz\/index.php\/2011\/07\/28\/neville-o-priprave-twitteru-a-hibbovi\/\"]}]},{\"@type\":\"ImageObject\",\"inLanguage\":\"cs\",\"@id\":\"https:\/\/evertonfc.cz\/index.php\/2011\/07\/28\/neville-o-priprave-twitteru-a-hibbovi\/#primaryimage\",\"url\":\"https:\/\/evertonfc.cz\/wp-content\/uploads\/2019\/01\/interview.jpg\",\"contentUrl\":\"https:\/\/evertonfc.cz\/wp-content\/uploads\/2019\/01\/interview.jpg\",\"width\":720,\"height\":405},{\"@type\":\"BreadcrumbList\",\"@id\":\"https:\/\/evertonfc.cz\/index.php\/2011\/07\/28\/neville-o-priprave-twitteru-a-hibbovi\/#breadcrumb\",\"itemListElement\":[{\"@type\":\"ListItem\",\"position\":1,\"name\":\"Home\",\"item\":\"https:\/\/evertonfc.cz\/\"},{\"@type\":\"ListItem\",\"position\":2,\"name\":\"Neville o p\u0159\u00edprav\u011b, twitteru a Hibbovi\"}]},{\"@type\":\"WebSite\",\"@id\":\"https:\/\/evertonfc.cz\/#website\",\"url\":\"https:\/\/evertonfc.cz\/\",\"name\":\"Official Czech &amp; Slovak Everton Supporters&#039; Club\",\"description\":\"\",\"publisher\":{\"@id\":\"https:\/\/evertonfc.cz\/#organization\"},\"potentialAction\":[{\"@type\":\"SearchAction\",\"target\":{\"@type\":\"EntryPoint\",\"urlTemplate\":\"https:\/\/evertonfc.cz\/?s={search_term_string}\"},\"query-input\":{\"@type\":\"PropertyValueSpecification\",\"valueRequired\":true,\"valueName\":\"search_term_string\"}}],\"inLanguage\":\"cs\"},{\"@type\":\"Organization\",\"@id\":\"https:\/\/evertonfc.cz\/#organization\",\"name\":\"Official Czech & Slovak Everton Supporters' Club\",\"url\":\"https:\/\/evertonfc.cz\/\",\"logo\":{\"@type\":\"ImageObject\",\"inLanguage\":\"cs\",\"@id\":\"https:\/\/evertonfc.cz\/#\/schema\/logo\/image\/\",\"url\":\"https:\/\/evertonfc.cz\/wp-content\/uploads\/2019\/05\/logo.png\",\"contentUrl\":\"https:\/\/evertonfc.cz\/wp-content\/uploads\/2019\/05\/logo.png\",\"width\":112,\"height\":112,\"caption\":\"Official Czech & Slovak Everton Supporters' Club\"},\"image\":{\"@id\":\"https:\/\/evertonfc.cz\/#\/schema\/logo\/image\/\"},\"sameAs\":[\"https:\/\/www.facebook.com\/everton.fans.cz.sk\"]},{\"@type\":\"Person\",\"@id\":\"https:\/\/evertonfc.cz\/#\/schema\/person\/cd6328a75577de2add7793fd4b0930c3\",\"name\":\"Me\u0148a\",\"url\":\"https:\/\/evertonfc.cz\/index.php\/author\/mena\/\"}]}<\/script>\n<!-- \/ Yoast SEO plugin. -->","yoast_head_json":{"title":"Neville o p\u0159\u00edprav\u011b, twitteru a Hibbovi - Official Czech &amp; Slovak Everton Supporters&#039; Club","robots":{"index":"index","follow":"follow","max-snippet":"max-snippet:-1","max-image-preview":"max-image-preview:large","max-video-preview":"max-video-preview:-1"},"canonical":"https:\/\/evertonfc.cz\/index.php\/2011\/07\/28\/neville-o-priprave-twitteru-a-hibbovi\/","og_locale":"cs_CZ","og_type":"article","og_title":"Neville o p\u0159\u00edprav\u011b, twitteru a Hibbovi - Official Czech &amp; Slovak Everton Supporters&#039; Club","og_description":"Ji\u017e sedmou sezonu v dresu Evertonu m\u00e1 p\u0159ed sebou Phil Nevile. I p\u0159es rostouc\u00ed v\u011bk si p\u0159itom kapit\u00e1n fotbal maxim\u00e1ln\u011b&hellip;","og_url":"https:\/\/evertonfc.cz\/index.php\/2011\/07\/28\/neville-o-priprave-twitteru-a-hibbovi\/","og_site_name":"Official Czech &amp; Slovak Everton Supporters&#039; Club","article_publisher":"https:\/\/www.facebook.com\/everton.fans.cz.sk","article_published_time":"2011-07-28T12:43:14+00:00","article_modified_time":"2019-02-14T13:53:20+00:00","og_image":[{"width":720,"height":405,"url":"https:\/\/evertonfc.cz\/wp-content\/uploads\/2019\/01\/interview.jpg","type":"image\/jpeg"}],"author":"Me\u0148a","twitter_card":"summary_large_image","twitter_misc":{"Napsal(a)":"Me\u0148a","Odhadovan\u00e1 doba \u010dten\u00ed":"6 minut"},"schema":{"@context":"https:\/\/schema.org","@graph":[{"@type":"Article","@id":"https:\/\/evertonfc.cz\/index.php\/2011\/07\/28\/neville-o-priprave-twitteru-a-hibbovi\/#article","isPartOf":{"@id":"https:\/\/evertonfc.cz\/index.php\/2011\/07\/28\/neville-o-priprave-twitteru-a-hibbovi\/"},"author":{"name":"Me\u0148a","@id":"https:\/\/evertonfc.cz\/#\/schema\/person\/cd6328a75577de2add7793fd4b0930c3"},"headline":"Neville o p\u0159\u00edprav\u011b, twitteru a Hibbovi","datePublished":"2011-07-28T12:43:14+00:00","dateModified":"2019-02-14T13:53:20+00:00","mainEntityOfPage":{"@id":"https:\/\/evertonfc.cz\/index.php\/2011\/07\/28\/neville-o-priprave-twitteru-a-hibbovi\/"},"wordCount":1299,"commentCount":0,"publisher":{"@id":"https:\/\/evertonfc.cz\/#organization"},"image":{"@id":"https:\/\/evertonfc.cz\/index.php\/2011\/07\/28\/neville-o-priprave-twitteru-a-hibbovi\/#primaryimage"},"thumbnailUrl":"https:\/\/evertonfc.cz\/wp-content\/uploads\/2019\/01\/interview.jpg","articleSection":["Rozhovory"],"inLanguage":"cs","potentialAction":[{"@type":"CommentAction","name":"Comment","target":["https:\/\/evertonfc.cz\/index.php\/2011\/07\/28\/neville-o-priprave-twitteru-a-hibbovi\/#respond"]}]},{"@type":"WebPage","@id":"https:\/\/evertonfc.cz\/index.php\/2011\/07\/28\/neville-o-priprave-twitteru-a-hibbovi\/","url":"https:\/\/evertonfc.cz\/index.php\/2011\/07\/28\/neville-o-priprave-twitteru-a-hibbovi\/","name":"Neville o p\u0159\u00edprav\u011b, twitteru a Hibbovi - Official Czech &amp; Slovak Everton Supporters&#039; Club","isPartOf":{"@id":"https:\/\/evertonfc.cz\/#website"},"primaryImageOfPage":{"@id":"https:\/\/evertonfc.cz\/index.php\/2011\/07\/28\/neville-o-priprave-twitteru-a-hibbovi\/#primaryimage"},"image":{"@id":"https:\/\/evertonfc.cz\/index.php\/2011\/07\/28\/neville-o-priprave-twitteru-a-hibbovi\/#primaryimage"},"thumbnailUrl":"https:\/\/evertonfc.cz\/wp-content\/uploads\/2019\/01\/interview.jpg","datePublished":"2011-07-28T12:43:14+00:00","dateModified":"2019-02-14T13:53:20+00:00","breadcrumb":{"@id":"https:\/\/evertonfc.cz\/index.php\/2011\/07\/28\/neville-o-priprave-twitteru-a-hibbovi\/#breadcrumb"},"inLanguage":"cs","potentialAction":[{"@type":"ReadAction","target":["https:\/\/evertonfc.cz\/index.php\/2011\/07\/28\/neville-o-priprave-twitteru-a-hibbovi\/"]}]},{"@type":"ImageObject","inLanguage":"cs","@id":"https:\/\/evertonfc.cz\/index.php\/2011\/07\/28\/neville-o-priprave-twitteru-a-hibbovi\/#primaryimage","url":"https:\/\/evertonfc.cz\/wp-content\/uploads\/2019\/01\/interview.jpg","contentUrl":"https:\/\/evertonfc.cz\/wp-content\/uploads\/2019\/01\/interview.jpg","width":720,"height":405},{"@type":"BreadcrumbList","@id":"https:\/\/evertonfc.cz\/index.php\/2011\/07\/28\/neville-o-priprave-twitteru-a-hibbovi\/#breadcrumb","itemListElement":[{"@type":"ListItem","position":1,"name":"Home","item":"https:\/\/evertonfc.cz\/"},{"@type":"ListItem","position":2,"name":"Neville o p\u0159\u00edprav\u011b, twitteru a Hibbovi"}]},{"@type":"WebSite","@id":"https:\/\/evertonfc.cz\/#website","url":"https:\/\/evertonfc.cz\/","name":"Official Czech &amp; Slovak Everton Supporters&#039; Club","description":"","publisher":{"@id":"https:\/\/evertonfc.cz\/#organization"},"potentialAction":[{"@type":"SearchAction","target":{"@type":"EntryPoint","urlTemplate":"https:\/\/evertonfc.cz\/?s={search_term_string}"},"query-input":{"@type":"PropertyValueSpecification","valueRequired":true,"valueName":"search_term_string"}}],"inLanguage":"cs"},{"@type":"Organization","@id":"https:\/\/evertonfc.cz\/#organization","name":"Official Czech & Slovak Everton Supporters' Club","url":"https:\/\/evertonfc.cz\/","logo":{"@type":"ImageObject","inLanguage":"cs","@id":"https:\/\/evertonfc.cz\/#\/schema\/logo\/image\/","url":"https:\/\/evertonfc.cz\/wp-content\/uploads\/2019\/05\/logo.png","contentUrl":"https:\/\/evertonfc.cz\/wp-content\/uploads\/2019\/05\/logo.png","width":112,"height":112,"caption":"Official Czech & Slovak Everton Supporters' Club"},"image":{"@id":"https:\/\/evertonfc.cz\/#\/schema\/logo\/image\/"},"sameAs":["https:\/\/www.facebook.com\/everton.fans.cz.sk"]},{"@type":"Person","@id":"https:\/\/evertonfc.cz\/#\/schema\/person\/cd6328a75577de2add7793fd4b0930c3","name":"Me\u0148a","url":"https:\/\/evertonfc.cz\/index.php\/author\/mena\/"}]}},"_links":{"self":[{"href":"https:\/\/evertonfc.cz\/index.php\/wp-json\/wp\/v2\/posts\/5190"}],"collection":[{"href":"https:\/\/evertonfc.cz\/index.php\/wp-json\/wp\/v2\/posts"}],"about":[{"href":"https:\/\/evertonfc.cz\/index.php\/wp-json\/wp\/v2\/types\/post"}],"author":[{"embeddable":true,"href":"https:\/\/evertonfc.cz\/index.php\/wp-json\/wp\/v2\/users\/7"}],"replies":[{"embeddable":true,"href":"https:\/\/evertonfc.cz\/index.php\/wp-json\/wp\/v2\/comments?post=5190"}],"version-history":[{"count":1,"href":"https:\/\/evertonfc.cz\/index.php\/wp-json\/wp\/v2\/posts\/5190\/revisions"}],"predecessor-version":[{"id":5191,"href":"https:\/\/evertonfc.cz\/index.php\/wp-json\/wp\/v2\/posts\/5190\/revisions\/5191"}],"wp:featuredmedia":[{"embeddable":true,"href":"https:\/\/evertonfc.cz\/index.php\/wp-json\/wp\/v2\/media\/1312"}],"wp:attachment":[{"href":"https:\/\/evertonfc.cz\/index.php\/wp-json\/wp\/v2\/media?parent=5190"}],"wp:term":[{"taxonomy":"category","embeddable":true,"href":"https:\/\/evertonfc.cz\/index.php\/wp-json\/wp\/v2\/categories?post=5190"},{"taxonomy":"post_tag","embeddable":true,"href":"https:\/\/evertonfc.cz\/index.php\/wp-json\/wp\/v2\/tags?post=5190"}],"curies":[{"name":"wp","href":"https:\/\/api.w.org\/{rel}","templated":true}]}}