{"id":5249,"date":"2019-02-28T10:41:27","date_gmt":"2019-02-28T09:41:27","guid":{"rendered":"http:\/\/evertonfc.cz\/?p=5249"},"modified":"2019-03-11T22:10:12","modified_gmt":"2019-03-11T21:10:12","slug":"10-nejlepsich-branek-evertonu-v-derby","status":"publish","type":"post","link":"https:\/\/evertonfc.cz\/index.php\/2019\/02\/28\/10-nejlepsich-branek-evertonu-v-derby\/","title":{"rendered":"10 nejlep\u0161\u00edch branek Evertonu v derby"},"content":{"rendered":"<h4><strong>Zda\u0159il\u00fd g\u00f3l do s\u00edt\u011b \u00fahlavn\u00ed rivala pot\u011b\u0161\u00ed snad ka\u017ed\u00e9ho fanou\u0161ka. P\u0159ed bl\u00ed\u017e\u00edc\u00edm se Merseyside derby neu\u0161kod\u00ed pokochat se m\u00fdm subjektivn\u00edm \u017eeb\u0159\u00ed\u010dkem deseti nejlep\u0161\u00edch branek v z\u00e1pasech s Liverpoolem. Vynechal jsem v\u00e1\u0161 obl\u00edben\u00fd g\u00f3l?<\/strong><\/h4>\n<h4><strong>10. Danny Cadamarteri, Everton &#8211; Liverpool 2:0, 18. 10. 1997<\/strong><\/h4>\n<p>\u017deb\u0159\u00ed\u010dek na\u010d\u00edn\u00e1 drz\u00fd po\u010din teenagera s nep\u0159ehl\u00e9dnuteln\u00fdm \u00fa\u010desem. Cadamerteri sebral m\u00ed\u010d Neilu Ruddockovi a pe\u010detil v\u00edt\u011bzstv\u00ed 2:0. Dodnes je derby z roku 1997 zn\u00e1m\u00e9 jako &#8218;Cadamarteri Derby&#8216;. Odchovanec Evertonu se v\u0161ak v prvn\u00edm t\u00fdmu naplno nikdy neprosadil, od odchodu v roce 2002 hr\u00e1l pouze v ni\u017e\u0161\u00edch sout\u011b\u017e\u00edch.<br \/>\n\u2192\u00a0<a href=\"http:\/\/www.youtube.com\/watch?v=PmnRyZzdNKg\" target=\"_blank\" rel=\"noopener noreferrer\">video<\/a><\/p>\n<h4><strong>9. Olivier Dacourt, Liverpool \u2013 Everton 3:2, 03. 04. 1999<\/strong><\/h4>\n<p>Na dev\u00e1t\u00e9 p\u0159\u00ed\u010dce se nach\u00e1z\u00ed impozantn\u00ed \u00fader francouzsk\u00e9ho z\u00e1lo\u017en\u00edka, Dacourt uml\u010del Anfield st\u0159elou z 27 metr\u016f u\u017e po 41 sekund\u00e1ch od v\u00fdkopu. Dom\u00e1c\u00ed ale nakonec st\u0159etnut\u00ed oto\u010dili z\u00e1sluhou Robieho Fowlera a Patrika Bergera.<br \/>\n\u2192\u00a0<a href=\"https:\/\/www.youtube.com\/watch?v=7HafWeQ0YV0\" target=\"_blank\" rel=\"noopener noreferrer\">video<\/a><\/p>\n<h4><strong>8. Kevin Campbell, Liverpool \u2013 Everton 0:1, 27. 09. 1999<\/strong><\/h4>\n<p>Posledn\u00ed v\u00fdhra Toffees na h\u0159i\u0161ti Reds je po\u0159\u00e1dn\u011b \u0161ediv\u00e1, v roce 1999 ji pohotovou brankou za\u0159\u00eddil skv\u011bl\u00fd \u00fato\u010dn\u00edk Kevin Campbell.<br \/>\n\u2192\u00a0<a href=\"https:\/\/www.youtube.com\/watch?v=0SeU9LuJd4k\" target=\"_blank\" rel=\"noopener noreferrer\">video<\/a><\/p>\n<h4><strong>7. Lee Carsley, Everton &#8211; Liverpool 1:0, 11. 12. 2004<\/strong><\/h4>\n<p>Lee Carsley nasko\u010dil do 200. Merseyside derby z lavi\u010dky n\u00e1hradn\u00edk\u016f a uta\u017eenou ranou posunul v prosincov\u00fd ve\u010der Toffees na druh\u00e9 m\u00edsto tabulky.<br \/>\n\u2192\u00a0<a href=\"http:\/\/youtu.be\/2cNt76G4mIQ?t=19s\" target=\"_blank\" rel=\"noopener noreferrer\">video<\/a><\/p>\n<h4><strong>6. Phil Jagielka, Liverpool \u2013 Everton 1:1, 27. 09. 2014<\/strong><\/h4>\n<p>Kapit\u00e1n posledn\u00edch let p\u016fsob\u00ed v Evertonu u\u017e d\u00e9le ne\u017e dek\u00e1dou a jeho v\u00fdstavn\u00ed volej ve venkovn\u00edm Merseyside derby v roce 2014 se \u0159ad\u00ed mezi jeho nejlep\u0161\u00ed momenty v modr\u00e9m dresu. Jagielka brankou ze z\u00e1v\u011bre\u010dn\u00fdch vte\u0159in utk\u00e1n\u00ed obral soupe\u0159e o v\u00fdhru.<br \/>\n\u2192\u00a0<a href=\"https:\/\/www.youtube.com\/watch?v=w-29kuEAAUg\" target=\"_blank\" rel=\"noopener noreferrer\">video<\/a><\/p>\n<h4><strong>5. Duncan Ferguson, Everton \u2013 Liverpool 2:0, 21. 11. 1994<\/strong><\/h4>\n<p>Mil\u00e1\u010dek Goodison Parku a sou\u010dasn\u00fd tren\u00e9r prvn\u00edho mu\u017estva sv\u00fdm typick\u00e9m g\u00f3lem \u2013 hlavi\u010dkou zbl\u00edzka \u2013 vs\u00edtil v\u00edt\u011bznou branku v prvn\u00edm z\u00e1pase mana\u017eera Joea Roylea, kter\u00fd nahradil ne\u00fasp\u011b\u0161n\u00e9ho Walkera. Tato v\u00fdhra v derby byla velmi d\u016fle\u017eit\u00e1 z psychick\u00e9ho hlediska, Royleovi poda\u0159ilo odvr\u00e1tit sestup, a je\u0161t\u011b navrch zprvu nepovedenou sez\u00f3nu 1994\/95 vy\u0161perkoval ziskem FA Cupu, zat\u00edm posledn\u00ed trofej\u00ed Blues.<br \/>\n\u2192\u00a0<a href=\"https:\/\/www.youtube.com\/watch?v=AAjiDoseo1s&amp;feature=youtu.be&amp;t=32\" target=\"_blank\" rel=\"noopener noreferrer\">video<\/a><\/p>\n<h4><strong>4. Andy Johnson, Everton &#8211; Liverpool 3:0, 09. 09. 2006<\/strong><\/h4>\n<p>Na \u010dtvrt\u00e9 m\u00edsto jsem vybral branku nikoliv kr\u00e1snou, p\u0159esto pro m\u011b osobn\u011b pam\u011btihodnou. Everton zcela jasn\u011b opanoval dom\u00e1c\u00ed derby v roce 2006 a jeho dominanci vy\u0161perkovala z\u00e1v\u011bre\u010dn\u00e1 branka na 3:0. Lee Carsley nap\u0159\u00e1hl z d\u00e1lky a po komick\u00e9 vlo\u017ece Pepeho Reiny dorazil m\u00ed\u010d do s\u00edt\u011b Andy Johnson. N\u00e1sledovala zn\u00e1m\u00e1 oslava \u2013 t\u0159i vs. nula.<br \/>\n\u2192\u00a0<a href=\"http:\/\/youtu.be\/PJN7OTh0Eow?t=3m40s\" target=\"_blank\" rel=\"noopener noreferrer\">video<\/a><\/p>\n<h4><strong>3. Dan Gosling, Everton &#8211; Liverpool 1:0 po prodlou\u017een\u00ed, 04. 02. 2009<\/strong><\/h4>\n<p>Strhuj\u00edc\u00ed z\u00e1v\u011br odvety 4. kola FA Cupu rozhodl devaten\u00e1ctilet\u00fd mlad\u00edk Dan Gosling. Po centru Andyho van der Meydeho si pohr\u00e1l s obranou Reds a odstartoval velkou euforii. Mimochodem z\u00e1sah ze 118. minuty div\u00e1ci televizn\u00ed stanice ITV nevid\u011bli v \u017eiv\u00e9m vys\u00edl\u00e1n\u00ed, jeliko\u017e re\u017eis\u00e9r p\u0159enosu p\u0159epnul vys\u00edl\u00e1n\u00ed na reklamn\u00ed blok.<br \/>\n\u2192\u00a0<a href=\"http:\/\/youtu.be\/tweo0b-dk6A\" target=\"_blank\" rel=\"noopener noreferrer\">video<\/a><\/p>\n<h4><strong>2. Andy King, Everton &#8211; Liverpool 1:0, 28. 10. 1978<\/strong><\/h4>\n<p>Pohotov\u00fd a p\u0159esn\u011b um\u00edst\u011bn\u00fd volej z\u00e1lo\u017en\u00edka Andyho Kinga ukon\u010dil sedmilet\u00e9 \u010dek\u00e1n\u00ed na v\u00fdhru Blues v derby. Kuri\u00f3zn\u00ed situace se ud\u00e1la b\u011bhem poz\u00e1pasov\u00e9ho rozhovoru report\u00e9ra se st\u0159elcem, kdy\u017e horliv\u00fd policajt tla\u010dil oba akt\u00e9ry k postrann\u00ed \u010d\u00e1\u0159e se slovy:\u00a0<em>\u201eVypadn\u011bte ze h\u0159i\u0161t\u011b.\u201c<br \/>\n<\/em>\u2192\u00a0<a href=\"http:\/\/www.youtube.com\/watch?v=dcL3wNZHVM8\" target=\"_blank\" rel=\"noopener noreferrer\">video<\/a><\/p>\n<h4><strong>1. Graeme Sharp, Liverpool &#8211; Everton 0:1, 20. 10. 1984<\/strong><\/h4>\n<p>Na sam\u00e9m vrcholu nemohla stanout jin\u00e1 branka ne\u017e\u00a0<strong>ta<\/strong>\u00a0Sharpa. Nejen\u017ee znamenala poko\u0159en\u00ed Reds, st\u00e1la ale tak\u00e9 po\u010d\u00e1tku cesty za nejlep\u0161\u00ed sez\u00f3nou v klubov\u00e9 historii, na jej\u00edm\u017e konci se Everton py\u0161nil ziskem ligov\u00e9ho titulu a prvenstv\u00edm v Poh\u00e1ru v\u00edt\u011bz\u016f poh\u00e1r\u016f.<br \/>\n\u2192\u00a0<a href=\"http:\/\/www.youtube.com\/watch?v=jsBCEmKle_c\" target=\"_blank\" rel=\"noopener noreferrer\">video<\/a><\/p>\n","protected":false},"excerpt":{"rendered":"<p>Zda\u0159il\u00fd g\u00f3l do s\u00edt\u011b \u00fahlavn\u00ed rivala pot\u011b\u0161\u00ed snad ka\u017ed\u00e9ho fanou\u0161ka. P\u0159ed bl\u00ed\u017e\u00edc\u00edm se Merseyside derby neu\u0161kod\u00ed pokochat se m\u00fdm subjektivn\u00edm \u017eeb\u0159\u00ed\u010dkem deseti nejlep\u0161\u00edch branek v z\u00e1pasech s Liverpoolem. Vynechal jsem v\u00e1\u0161 obl\u00edben\u00fd g\u00f3l?<\/p>\n","protected":false},"author":6,"featured_media":6847,"comment_status":"open","ping_status":"closed","sticky":false,"template":"","format":"standard","meta":{"_eb_attr":"","_monsterinsights_skip_tracking":false,"_monsterinsights_sitenote_active":false,"_monsterinsights_sitenote_note":"","_monsterinsights_sitenote_category":0,"footnotes":""},"categories":[39],"tags":[],"yoast_head":"<!-- This site is optimized with the Yoast SEO plugin v23.4 - https:\/\/yoast.com\/wordpress\/plugins\/seo\/ -->\n<title>10 nejlep\u0161\u00edch branek Evertonu v derby - Official Czech &amp; Slovak Everton Supporters&#039; Club<\/title>\n<meta name=\"robots\" content=\"index, follow, max-snippet:-1, max-image-preview:large, max-video-preview:-1\" \/>\n<link rel=\"canonical\" href=\"https:\/\/evertonfc.cz\/index.php\/2019\/02\/28\/10-nejlepsich-branek-evertonu-v-derby\/\" \/>\n<meta property=\"og:locale\" content=\"cs_CZ\" \/>\n<meta property=\"og:type\" content=\"article\" \/>\n<meta property=\"og:title\" content=\"10 nejlep\u0161\u00edch branek Evertonu v derby - Official Czech &amp; Slovak Everton Supporters&#039; Club\" \/>\n<meta property=\"og:description\" content=\"Zda\u0159il\u00fd g\u00f3l do s\u00edt\u011b \u00fahlavn\u00ed rivala pot\u011b\u0161\u00ed snad ka\u017ed\u00e9ho fanou\u0161ka. P\u0159ed bl\u00ed\u017e\u00edc\u00edm se Merseyside derby neu\u0161kod\u00ed pokochat se m\u00fdm subjektivn\u00edm \u017eeb\u0159\u00ed\u010dkem deseti nejlep\u0161\u00edch branek v z\u00e1pasech s Liverpoolem. Vynechal jsem v\u00e1\u0161 obl\u00edben\u00fd g\u00f3l?\" \/>\n<meta property=\"og:url\" content=\"https:\/\/evertonfc.cz\/index.php\/2019\/02\/28\/10-nejlepsich-branek-evertonu-v-derby\/\" \/>\n<meta property=\"og:site_name\" content=\"Official Czech &amp; Slovak Everton Supporters&#039; Club\" \/>\n<meta property=\"article:publisher\" content=\"https:\/\/www.facebook.com\/everton.fans.cz.sk\" \/>\n<meta property=\"article:published_time\" content=\"2019-02-28T09:41:27+00:00\" \/>\n<meta property=\"article:modified_time\" content=\"2019-03-11T21:10:12+00:00\" \/>\n<meta property=\"og:image\" content=\"https:\/\/evertonfc.cz\/wp-content\/uploads\/2019\/02\/sharp_28_2_2019.jpg\" \/>\n\t<meta property=\"og:image:width\" content=\"720\" \/>\n\t<meta property=\"og:image:height\" content=\"405\" \/>\n\t<meta property=\"og:image:type\" content=\"image\/jpeg\" \/>\n<meta name=\"author\" content=\"Ri\u010di\" \/>\n<meta name=\"twitter:card\" content=\"summary_large_image\" \/>\n<meta name=\"twitter:creator\" content=\"@rbrejsa\" \/>\n<meta name=\"twitter:label1\" content=\"Napsal(a)\" \/>\n\t<meta name=\"twitter:data1\" content=\"Ri\u010di\" \/>\n\t<meta name=\"twitter:label2\" content=\"Odhadovan\u00e1 doba \u010dten\u00ed\" \/>\n\t<meta name=\"twitter:data2\" content=\"3 minuty\" \/>\n<script type=\"application\/ld+json\" class=\"yoast-schema-graph\">{\"@context\":\"https:\/\/schema.org\",\"@graph\":[{\"@type\":\"Article\",\"@id\":\"https:\/\/evertonfc.cz\/index.php\/2019\/02\/28\/10-nejlepsich-branek-evertonu-v-derby\/#article\",\"isPartOf\":{\"@id\":\"https:\/\/evertonfc.cz\/index.php\/2019\/02\/28\/10-nejlepsich-branek-evertonu-v-derby\/\"},\"author\":{\"name\":\"Ri\u010di\",\"@id\":\"https:\/\/evertonfc.cz\/#\/schema\/person\/f7a5daedb2ffee98480bc70e191aaef1\"},\"headline\":\"10 nejlep\u0161\u00edch branek Evertonu v derby\",\"datePublished\":\"2019-02-28T09:41:27+00:00\",\"dateModified\":\"2019-03-11T21:10:12+00:00\",\"mainEntityOfPage\":{\"@id\":\"https:\/\/evertonfc.cz\/index.php\/2019\/02\/28\/10-nejlepsich-branek-evertonu-v-derby\/\"},\"wordCount\":660,\"commentCount\":0,\"publisher\":{\"@id\":\"https:\/\/evertonfc.cz\/#organization\"},\"image\":{\"@id\":\"https:\/\/evertonfc.cz\/index.php\/2019\/02\/28\/10-nejlepsich-branek-evertonu-v-derby\/#primaryimage\"},\"thumbnailUrl\":\"https:\/\/evertonfc.cz\/wp-content\/uploads\/2019\/02\/sharp_28_2_2019.jpg\",\"articleSection\":[\"Blog\"],\"inLanguage\":\"cs\",\"potentialAction\":[{\"@type\":\"CommentAction\",\"name\":\"Comment\",\"target\":[\"https:\/\/evertonfc.cz\/index.php\/2019\/02\/28\/10-nejlepsich-branek-evertonu-v-derby\/#respond\"]}]},{\"@type\":\"WebPage\",\"@id\":\"https:\/\/evertonfc.cz\/index.php\/2019\/02\/28\/10-nejlepsich-branek-evertonu-v-derby\/\",\"url\":\"https:\/\/evertonfc.cz\/index.php\/2019\/02\/28\/10-nejlepsich-branek-evertonu-v-derby\/\",\"name\":\"10 nejlep\u0161\u00edch branek Evertonu v derby - Official Czech &amp; Slovak Everton Supporters&#039; Club\",\"isPartOf\":{\"@id\":\"https:\/\/evertonfc.cz\/#website\"},\"primaryImageOfPage\":{\"@id\":\"https:\/\/evertonfc.cz\/index.php\/2019\/02\/28\/10-nejlepsich-branek-evertonu-v-derby\/#primaryimage\"},\"image\":{\"@id\":\"https:\/\/evertonfc.cz\/index.php\/2019\/02\/28\/10-nejlepsich-branek-evertonu-v-derby\/#primaryimage\"},\"thumbnailUrl\":\"https:\/\/evertonfc.cz\/wp-content\/uploads\/2019\/02\/sharp_28_2_2019.jpg\",\"datePublished\":\"2019-02-28T09:41:27+00:00\",\"dateModified\":\"2019-03-11T21:10:12+00:00\",\"breadcrumb\":{\"@id\":\"https:\/\/evertonfc.cz\/index.php\/2019\/02\/28\/10-nejlepsich-branek-evertonu-v-derby\/#breadcrumb\"},\"inLanguage\":\"cs\",\"potentialAction\":[{\"@type\":\"ReadAction\",\"target\":[\"https:\/\/evertonfc.cz\/index.php\/2019\/02\/28\/10-nejlepsich-branek-evertonu-v-derby\/\"]}]},{\"@type\":\"ImageObject\",\"inLanguage\":\"cs\",\"@id\":\"https:\/\/evertonfc.cz\/index.php\/2019\/02\/28\/10-nejlepsich-branek-evertonu-v-derby\/#primaryimage\",\"url\":\"https:\/\/evertonfc.cz\/wp-content\/uploads\/2019\/02\/sharp_28_2_2019.jpg\",\"contentUrl\":\"https:\/\/evertonfc.cz\/wp-content\/uploads\/2019\/02\/sharp_28_2_2019.jpg\",\"width\":720,\"height\":405},{\"@type\":\"BreadcrumbList\",\"@id\":\"https:\/\/evertonfc.cz\/index.php\/2019\/02\/28\/10-nejlepsich-branek-evertonu-v-derby\/#breadcrumb\",\"itemListElement\":[{\"@type\":\"ListItem\",\"position\":1,\"name\":\"Home\",\"item\":\"https:\/\/evertonfc.cz\/\"},{\"@type\":\"ListItem\",\"position\":2,\"name\":\"10 nejlep\u0161\u00edch branek Evertonu v derby\"}]},{\"@type\":\"WebSite\",\"@id\":\"https:\/\/evertonfc.cz\/#website\",\"url\":\"https:\/\/evertonfc.cz\/\",\"name\":\"Official Czech &amp; Slovak Everton Supporters&#039; Club\",\"description\":\"\",\"publisher\":{\"@id\":\"https:\/\/evertonfc.cz\/#organization\"},\"potentialAction\":[{\"@type\":\"SearchAction\",\"target\":{\"@type\":\"EntryPoint\",\"urlTemplate\":\"https:\/\/evertonfc.cz\/?s={search_term_string}\"},\"query-input\":{\"@type\":\"PropertyValueSpecification\",\"valueRequired\":true,\"valueName\":\"search_term_string\"}}],\"inLanguage\":\"cs\"},{\"@type\":\"Organization\",\"@id\":\"https:\/\/evertonfc.cz\/#organization\",\"name\":\"Official Czech & Slovak Everton Supporters' Club\",\"url\":\"https:\/\/evertonfc.cz\/\",\"logo\":{\"@type\":\"ImageObject\",\"inLanguage\":\"cs\",\"@id\":\"https:\/\/evertonfc.cz\/#\/schema\/logo\/image\/\",\"url\":\"https:\/\/evertonfc.cz\/wp-content\/uploads\/2019\/05\/logo.png\",\"contentUrl\":\"https:\/\/evertonfc.cz\/wp-content\/uploads\/2019\/05\/logo.png\",\"width\":112,\"height\":112,\"caption\":\"Official Czech & Slovak Everton Supporters' Club\"},\"image\":{\"@id\":\"https:\/\/evertonfc.cz\/#\/schema\/logo\/image\/\"},\"sameAs\":[\"https:\/\/www.facebook.com\/everton.fans.cz.sk\"]},{\"@type\":\"Person\",\"@id\":\"https:\/\/evertonfc.cz\/#\/schema\/person\/f7a5daedb2ffee98480bc70e191aaef1\",\"name\":\"Ri\u010di\",\"sameAs\":[\"https:\/\/x.com\/rbrejsa\"],\"url\":\"https:\/\/evertonfc.cz\/index.php\/author\/rici\/\"}]}<\/script>\n<!-- \/ Yoast SEO plugin. -->","yoast_head_json":{"title":"10 nejlep\u0161\u00edch branek Evertonu v derby - Official Czech &amp; Slovak Everton Supporters&#039; Club","robots":{"index":"index","follow":"follow","max-snippet":"max-snippet:-1","max-image-preview":"max-image-preview:large","max-video-preview":"max-video-preview:-1"},"canonical":"https:\/\/evertonfc.cz\/index.php\/2019\/02\/28\/10-nejlepsich-branek-evertonu-v-derby\/","og_locale":"cs_CZ","og_type":"article","og_title":"10 nejlep\u0161\u00edch branek Evertonu v derby - Official Czech &amp; Slovak Everton Supporters&#039; Club","og_description":"Zda\u0159il\u00fd g\u00f3l do s\u00edt\u011b \u00fahlavn\u00ed rivala pot\u011b\u0161\u00ed snad ka\u017ed\u00e9ho fanou\u0161ka. P\u0159ed bl\u00ed\u017e\u00edc\u00edm se Merseyside derby neu\u0161kod\u00ed pokochat se m\u00fdm subjektivn\u00edm \u017eeb\u0159\u00ed\u010dkem deseti nejlep\u0161\u00edch branek v z\u00e1pasech s Liverpoolem. Vynechal jsem v\u00e1\u0161 obl\u00edben\u00fd g\u00f3l?","og_url":"https:\/\/evertonfc.cz\/index.php\/2019\/02\/28\/10-nejlepsich-branek-evertonu-v-derby\/","og_site_name":"Official Czech &amp; Slovak Everton Supporters&#039; Club","article_publisher":"https:\/\/www.facebook.com\/everton.fans.cz.sk","article_published_time":"2019-02-28T09:41:27+00:00","article_modified_time":"2019-03-11T21:10:12+00:00","og_image":[{"width":720,"height":405,"url":"https:\/\/evertonfc.cz\/wp-content\/uploads\/2019\/02\/sharp_28_2_2019.jpg","type":"image\/jpeg"}],"author":"Ri\u010di","twitter_card":"summary_large_image","twitter_creator":"@rbrejsa","twitter_misc":{"Napsal(a)":"Ri\u010di","Odhadovan\u00e1 doba \u010dten\u00ed":"3 minuty"},"schema":{"@context":"https:\/\/schema.org","@graph":[{"@type":"Article","@id":"https:\/\/evertonfc.cz\/index.php\/2019\/02\/28\/10-nejlepsich-branek-evertonu-v-derby\/#article","isPartOf":{"@id":"https:\/\/evertonfc.cz\/index.php\/2019\/02\/28\/10-nejlepsich-branek-evertonu-v-derby\/"},"author":{"name":"Ri\u010di","@id":"https:\/\/evertonfc.cz\/#\/schema\/person\/f7a5daedb2ffee98480bc70e191aaef1"},"headline":"10 nejlep\u0161\u00edch branek Evertonu v derby","datePublished":"2019-02-28T09:41:27+00:00","dateModified":"2019-03-11T21:10:12+00:00","mainEntityOfPage":{"@id":"https:\/\/evertonfc.cz\/index.php\/2019\/02\/28\/10-nejlepsich-branek-evertonu-v-derby\/"},"wordCount":660,"commentCount":0,"publisher":{"@id":"https:\/\/evertonfc.cz\/#organization"},"image":{"@id":"https:\/\/evertonfc.cz\/index.php\/2019\/02\/28\/10-nejlepsich-branek-evertonu-v-derby\/#primaryimage"},"thumbnailUrl":"https:\/\/evertonfc.cz\/wp-content\/uploads\/2019\/02\/sharp_28_2_2019.jpg","articleSection":["Blog"],"inLanguage":"cs","potentialAction":[{"@type":"CommentAction","name":"Comment","target":["https:\/\/evertonfc.cz\/index.php\/2019\/02\/28\/10-nejlepsich-branek-evertonu-v-derby\/#respond"]}]},{"@type":"WebPage","@id":"https:\/\/evertonfc.cz\/index.php\/2019\/02\/28\/10-nejlepsich-branek-evertonu-v-derby\/","url":"https:\/\/evertonfc.cz\/index.php\/2019\/02\/28\/10-nejlepsich-branek-evertonu-v-derby\/","name":"10 nejlep\u0161\u00edch branek Evertonu v derby - Official Czech &amp; Slovak Everton Supporters&#039; Club","isPartOf":{"@id":"https:\/\/evertonfc.cz\/#website"},"primaryImageOfPage":{"@id":"https:\/\/evertonfc.cz\/index.php\/2019\/02\/28\/10-nejlepsich-branek-evertonu-v-derby\/#primaryimage"},"image":{"@id":"https:\/\/evertonfc.cz\/index.php\/2019\/02\/28\/10-nejlepsich-branek-evertonu-v-derby\/#primaryimage"},"thumbnailUrl":"https:\/\/evertonfc.cz\/wp-content\/uploads\/2019\/02\/sharp_28_2_2019.jpg","datePublished":"2019-02-28T09:41:27+00:00","dateModified":"2019-03-11T21:10:12+00:00","breadcrumb":{"@id":"https:\/\/evertonfc.cz\/index.php\/2019\/02\/28\/10-nejlepsich-branek-evertonu-v-derby\/#breadcrumb"},"inLanguage":"cs","potentialAction":[{"@type":"ReadAction","target":["https:\/\/evertonfc.cz\/index.php\/2019\/02\/28\/10-nejlepsich-branek-evertonu-v-derby\/"]}]},{"@type":"ImageObject","inLanguage":"cs","@id":"https:\/\/evertonfc.cz\/index.php\/2019\/02\/28\/10-nejlepsich-branek-evertonu-v-derby\/#primaryimage","url":"https:\/\/evertonfc.cz\/wp-content\/uploads\/2019\/02\/sharp_28_2_2019.jpg","contentUrl":"https:\/\/evertonfc.cz\/wp-content\/uploads\/2019\/02\/sharp_28_2_2019.jpg","width":720,"height":405},{"@type":"BreadcrumbList","@id":"https:\/\/evertonfc.cz\/index.php\/2019\/02\/28\/10-nejlepsich-branek-evertonu-v-derby\/#breadcrumb","itemListElement":[{"@type":"ListItem","position":1,"name":"Home","item":"https:\/\/evertonfc.cz\/"},{"@type":"ListItem","position":2,"name":"10 nejlep\u0161\u00edch branek Evertonu v derby"}]},{"@type":"WebSite","@id":"https:\/\/evertonfc.cz\/#website","url":"https:\/\/evertonfc.cz\/","name":"Official Czech &amp; Slovak Everton Supporters&#039; Club","description":"","publisher":{"@id":"https:\/\/evertonfc.cz\/#organization"},"potentialAction":[{"@type":"SearchAction","target":{"@type":"EntryPoint","urlTemplate":"https:\/\/evertonfc.cz\/?s={search_term_string}"},"query-input":{"@type":"PropertyValueSpecification","valueRequired":true,"valueName":"search_term_string"}}],"inLanguage":"cs"},{"@type":"Organization","@id":"https:\/\/evertonfc.cz\/#organization","name":"Official Czech & Slovak Everton Supporters' Club","url":"https:\/\/evertonfc.cz\/","logo":{"@type":"ImageObject","inLanguage":"cs","@id":"https:\/\/evertonfc.cz\/#\/schema\/logo\/image\/","url":"https:\/\/evertonfc.cz\/wp-content\/uploads\/2019\/05\/logo.png","contentUrl":"https:\/\/evertonfc.cz\/wp-content\/uploads\/2019\/05\/logo.png","width":112,"height":112,"caption":"Official Czech & Slovak Everton Supporters' Club"},"image":{"@id":"https:\/\/evertonfc.cz\/#\/schema\/logo\/image\/"},"sameAs":["https:\/\/www.facebook.com\/everton.fans.cz.sk"]},{"@type":"Person","@id":"https:\/\/evertonfc.cz\/#\/schema\/person\/f7a5daedb2ffee98480bc70e191aaef1","name":"Ri\u010di","sameAs":["https:\/\/x.com\/rbrejsa"],"url":"https:\/\/evertonfc.cz\/index.php\/author\/rici\/"}]}},"_links":{"self":[{"href":"https:\/\/evertonfc.cz\/index.php\/wp-json\/wp\/v2\/posts\/5249"}],"collection":[{"href":"https:\/\/evertonfc.cz\/index.php\/wp-json\/wp\/v2\/posts"}],"about":[{"href":"https:\/\/evertonfc.cz\/index.php\/wp-json\/wp\/v2\/types\/post"}],"author":[{"embeddable":true,"href":"https:\/\/evertonfc.cz\/index.php\/wp-json\/wp\/v2\/users\/6"}],"replies":[{"embeddable":true,"href":"https:\/\/evertonfc.cz\/index.php\/wp-json\/wp\/v2\/comments?post=5249"}],"version-history":[{"count":12,"href":"https:\/\/evertonfc.cz\/index.php\/wp-json\/wp\/v2\/posts\/5249\/revisions"}],"predecessor-version":[{"id":6932,"href":"https:\/\/evertonfc.cz\/index.php\/wp-json\/wp\/v2\/posts\/5249\/revisions\/6932"}],"wp:featuredmedia":[{"embeddable":true,"href":"https:\/\/evertonfc.cz\/index.php\/wp-json\/wp\/v2\/media\/6847"}],"wp:attachment":[{"href":"https:\/\/evertonfc.cz\/index.php\/wp-json\/wp\/v2\/media?parent=5249"}],"wp:term":[{"taxonomy":"category","embeddable":true,"href":"https:\/\/evertonfc.cz\/index.php\/wp-json\/wp\/v2\/categories?post=5249"},{"taxonomy":"post_tag","embeddable":true,"href":"https:\/\/evertonfc.cz\/index.php\/wp-json\/wp\/v2\/tags?post=5249"}],"curies":[{"name":"wp","href":"https:\/\/api.w.org\/{rel}","templated":true}]}}