{"id":5265,"date":"2013-09-16T21:37:18","date_gmt":"2013-09-16T19:37:18","guid":{"rendered":"http:\/\/evertonfc.cz\/?p=5265"},"modified":"2019-02-15T09:05:29","modified_gmt":"2019-02-15T08:05:29","slug":"stevene-bav-se-fotbalem","status":"publish","type":"post","link":"https:\/\/evertonfc.cz\/index.php\/2013\/09\/16\/stevene-bav-se-fotbalem\/","title":{"rendered":"Stevene, bav se fotbalem!"},"content":{"rendered":"<h4 id=\"NewsPostDetailSummary\">Nejen\u017ee Steven Naismith vst\u0159elil proti Chelsea v\u00edt\u011bzn\u00fd g\u00f3l, celkov\u011b p\u0159edvedl sv\u016fj nejlep\u0161\u00ed v\u00fdkon v dresu Evertonu. A spokojen\u00fd Mart\u00ednez po\u017eaduje po sv\u00e9m sv\u011b\u0159enci, aby si fotbal u\u017e\u00edval.<\/h4>\n<div id=\"NewsPostDetailContent\">\n<p>Naismith p\u0159ich\u00e1zel v lo\u0148sk\u00e9 l\u00e9t\u011b z Rangers s velk\u00fdm o\u010dek\u00e1v\u00e1n\u00edm, ve Skotsku pat\u0159il k tomu nejlep\u0161\u00edmu a vzhledem k odchodu Tima Cahilla se od n\u011bj o\u010dek\u00e1valo jeho nahrazen\u00ed. Bohu\u017eel, n\u011bkdy a\u017e p\u0159ehnan\u00e1, o\u010dek\u00e1v\u00e1n\u00ed nenaplnil. Mo\u017en\u00e1, i proto\u017ee nastupoval na prav\u00e9m kraji z\u00e1lohy, co\u017e nen\u00ed jeho nejobl\u00edben\u011bj\u0161\u00ed post. Hlavn\u00ed d\u016fvodem byla ale velmi alibistick\u00fd hra, m\u00edsto aby se sna\u017eil vz\u00edt odpov\u011bdnost s\u00e1m na sebe, \u010dasto rad\u011bji volil p\u0159ihr\u00e1vku na nejbli\u017e\u0161\u00edho spoluhr\u00e1\u010de a opa\u010dn\u00fdm sm\u011brem od soupe\u0159ovy br\u00e1ny. P\u0159esto na sebe od soboty 27 star\u00fd z\u00e1lo\u017en\u00edk upozornil t\u00e9\u017e v pozitivn\u00edm smyslu. V\u00fdb\u011br m\u00edsta ve v\u00e1pn\u011b by mu mohl z\u00e1vid\u011bt kdejak\u00fd \u00fato\u010dn\u00edk a nesm\u00ed se samoz\u0159ejm\u011b opomenout snaha a vzorn\u00e9 nasazen\u00ed. To ostatn\u011b uk\u00e1zal i proti Chelsea, kdy\u017e rozhodl o v\u00fdh\u0159e 1:0. A vid\u011bt byl tak\u00e9 krom\u011b g\u00f3lu, p\u0159esto\u017ee, sv\u011bte, div se, nastoupil jako prav\u00fd z\u00e1lo\u017en\u00edk.<\/p>\n<p>Po\u017eadavky k Naismithovi vyj\u00e1d\u0159il Roberto Mart\u00ednez ve\u0159ejn\u011b: <em>\u201ePodle m\u00e9ho Steven pro\u017e\u00edval od p\u0159estupu do klubu t\u011b\u017ek\u00e9 \u010dasy, nemysl\u00edm, \u017ee by byl s\u00e1m sebou. Pozoroval jsem ho p\u0159i anga\u017em\u00e1 v Kilmarnocku a Rangers, chyb\u011bla mi u n\u011bj arogance ve fin\u00e1ln\u00ed t\u0159etin\u011b h\u0159i\u0161t\u011b, rovn\u011b\u017e jsem postr\u00e1dal v\u00edru a touhu.<\/em><\/p>\n<p><em>Vzhledem k pr\u00e1ci, kterou odv\u00e1d\u00ed pro mu\u017estvo, si m\u016f\u017ee dovolit ob\u010das ztratit m\u00ed\u010d a b\u00fdt s\u00e1m sebou. To po Stevenovi po\u017eaduji. Chci, aby zapomenul na minulost, chci, abych zapomn\u011bl na Everton, a\u0165 si p\u0159edstav\u00ed, \u017ee hraje fotbal v parku, bav\u00ed se n\u00edm a uk\u00e1\u017ee sv\u00e9 p\u0159ednosti, proto\u017ee pokud tak u\u010din\u00ed, je velmi efektivn\u00ed fotbalista.<\/em><\/p>\n<p><em>Dnes na jeho narozeniny si dal vst\u0159elen\u00edm rozhoduj\u00edc\u00ed branky nejlep\u0161\u00ed mo\u017en\u00fd d\u00e1rek.\u201c<\/em><\/p>\n<\/div>\n","protected":false},"excerpt":{"rendered":"<p>Nejen\u017ee Steven Naismith vst\u0159elil proti Chelsea v\u00edt\u011bzn\u00fd g\u00f3l, celkov\u011b p\u0159edvedl sv\u016fj nejlep\u0161\u00ed v\u00fdkon v dresu Evertonu. A spokojen\u00fd Mart\u00ednez po\u017eaduje&hellip;<\/p>\n","protected":false},"author":6,"featured_media":1312,"comment_status":"open","ping_status":"closed","sticky":false,"template":"","format":"standard","meta":{"_eb_attr":"","_monsterinsights_skip_tracking":false,"_monsterinsights_sitenote_active":false,"_monsterinsights_sitenote_note":"","_monsterinsights_sitenote_category":0,"footnotes":""},"categories":[42,1],"tags":[],"yoast_head":"<!-- This site is optimized with the Yoast SEO plugin v23.4 - https:\/\/yoast.com\/wordpress\/plugins\/seo\/ -->\n<title>Stevene, bav se fotbalem! - Official Czech &amp; Slovak Everton Supporters&#039; Club<\/title>\n<meta name=\"robots\" content=\"index, follow, max-snippet:-1, max-image-preview:large, max-video-preview:-1\" \/>\n<link rel=\"canonical\" href=\"https:\/\/evertonfc.cz\/index.php\/2013\/09\/16\/stevene-bav-se-fotbalem\/\" \/>\n<meta property=\"og:locale\" content=\"cs_CZ\" \/>\n<meta property=\"og:type\" content=\"article\" \/>\n<meta property=\"og:title\" content=\"Stevene, bav se fotbalem! - Official Czech &amp; Slovak Everton Supporters&#039; Club\" \/>\n<meta property=\"og:description\" content=\"Nejen\u017ee Steven Naismith vst\u0159elil proti Chelsea v\u00edt\u011bzn\u00fd g\u00f3l, celkov\u011b p\u0159edvedl sv\u016fj nejlep\u0161\u00ed v\u00fdkon v dresu Evertonu. A spokojen\u00fd Mart\u00ednez po\u017eaduje&hellip;\" \/>\n<meta property=\"og:url\" content=\"https:\/\/evertonfc.cz\/index.php\/2013\/09\/16\/stevene-bav-se-fotbalem\/\" \/>\n<meta property=\"og:site_name\" content=\"Official Czech &amp; Slovak Everton Supporters&#039; Club\" \/>\n<meta property=\"article:publisher\" content=\"https:\/\/www.facebook.com\/everton.fans.cz.sk\" \/>\n<meta property=\"article:published_time\" content=\"2013-09-16T19:37:18+00:00\" \/>\n<meta property=\"article:modified_time\" content=\"2019-02-15T08:05:29+00:00\" \/>\n<meta property=\"og:image\" content=\"https:\/\/evertonfc.cz\/wp-content\/uploads\/2019\/01\/interview.jpg\" \/>\n\t<meta property=\"og:image:width\" content=\"720\" \/>\n\t<meta property=\"og:image:height\" content=\"405\" \/>\n\t<meta property=\"og:image:type\" content=\"image\/jpeg\" \/>\n<meta name=\"author\" content=\"Ri\u010di\" \/>\n<meta name=\"twitter:card\" content=\"summary_large_image\" \/>\n<meta name=\"twitter:creator\" content=\"@rbrejsa\" \/>\n<meta name=\"twitter:label1\" content=\"Napsal(a)\" \/>\n\t<meta name=\"twitter:data1\" content=\"Ri\u010di\" \/>\n\t<meta name=\"twitter:label2\" content=\"Odhadovan\u00e1 doba \u010dten\u00ed\" \/>\n\t<meta name=\"twitter:data2\" content=\"2 minuty\" \/>\n<script type=\"application\/ld+json\" class=\"yoast-schema-graph\">{\"@context\":\"https:\/\/schema.org\",\"@graph\":[{\"@type\":\"Article\",\"@id\":\"https:\/\/evertonfc.cz\/index.php\/2013\/09\/16\/stevene-bav-se-fotbalem\/#article\",\"isPartOf\":{\"@id\":\"https:\/\/evertonfc.cz\/index.php\/2013\/09\/16\/stevene-bav-se-fotbalem\/\"},\"author\":{\"name\":\"Ri\u010di\",\"@id\":\"https:\/\/evertonfc.cz\/#\/schema\/person\/f7a5daedb2ffee98480bc70e191aaef1\"},\"headline\":\"Stevene, bav se fotbalem!\",\"datePublished\":\"2013-09-16T19:37:18+00:00\",\"dateModified\":\"2019-02-15T08:05:29+00:00\",\"mainEntityOfPage\":{\"@id\":\"https:\/\/evertonfc.cz\/index.php\/2013\/09\/16\/stevene-bav-se-fotbalem\/\"},\"wordCount\":396,\"commentCount\":0,\"publisher\":{\"@id\":\"https:\/\/evertonfc.cz\/#organization\"},\"image\":{\"@id\":\"https:\/\/evertonfc.cz\/index.php\/2013\/09\/16\/stevene-bav-se-fotbalem\/#primaryimage\"},\"thumbnailUrl\":\"https:\/\/evertonfc.cz\/wp-content\/uploads\/2019\/01\/interview.jpg\",\"articleSection\":[\"Aktuality\",\"Rozhovory\"],\"inLanguage\":\"cs\",\"potentialAction\":[{\"@type\":\"CommentAction\",\"name\":\"Comment\",\"target\":[\"https:\/\/evertonfc.cz\/index.php\/2013\/09\/16\/stevene-bav-se-fotbalem\/#respond\"]}]},{\"@type\":\"WebPage\",\"@id\":\"https:\/\/evertonfc.cz\/index.php\/2013\/09\/16\/stevene-bav-se-fotbalem\/\",\"url\":\"https:\/\/evertonfc.cz\/index.php\/2013\/09\/16\/stevene-bav-se-fotbalem\/\",\"name\":\"Stevene, bav se fotbalem! - Official Czech &amp; Slovak Everton Supporters&#039; Club\",\"isPartOf\":{\"@id\":\"https:\/\/evertonfc.cz\/#website\"},\"primaryImageOfPage\":{\"@id\":\"https:\/\/evertonfc.cz\/index.php\/2013\/09\/16\/stevene-bav-se-fotbalem\/#primaryimage\"},\"image\":{\"@id\":\"https:\/\/evertonfc.cz\/index.php\/2013\/09\/16\/stevene-bav-se-fotbalem\/#primaryimage\"},\"thumbnailUrl\":\"https:\/\/evertonfc.cz\/wp-content\/uploads\/2019\/01\/interview.jpg\",\"datePublished\":\"2013-09-16T19:37:18+00:00\",\"dateModified\":\"2019-02-15T08:05:29+00:00\",\"breadcrumb\":{\"@id\":\"https:\/\/evertonfc.cz\/index.php\/2013\/09\/16\/stevene-bav-se-fotbalem\/#breadcrumb\"},\"inLanguage\":\"cs\",\"potentialAction\":[{\"@type\":\"ReadAction\",\"target\":[\"https:\/\/evertonfc.cz\/index.php\/2013\/09\/16\/stevene-bav-se-fotbalem\/\"]}]},{\"@type\":\"ImageObject\",\"inLanguage\":\"cs\",\"@id\":\"https:\/\/evertonfc.cz\/index.php\/2013\/09\/16\/stevene-bav-se-fotbalem\/#primaryimage\",\"url\":\"https:\/\/evertonfc.cz\/wp-content\/uploads\/2019\/01\/interview.jpg\",\"contentUrl\":\"https:\/\/evertonfc.cz\/wp-content\/uploads\/2019\/01\/interview.jpg\",\"width\":720,\"height\":405},{\"@type\":\"BreadcrumbList\",\"@id\":\"https:\/\/evertonfc.cz\/index.php\/2013\/09\/16\/stevene-bav-se-fotbalem\/#breadcrumb\",\"itemListElement\":[{\"@type\":\"ListItem\",\"position\":1,\"name\":\"Home\",\"item\":\"https:\/\/evertonfc.cz\/\"},{\"@type\":\"ListItem\",\"position\":2,\"name\":\"Stevene, bav se fotbalem!\"}]},{\"@type\":\"WebSite\",\"@id\":\"https:\/\/evertonfc.cz\/#website\",\"url\":\"https:\/\/evertonfc.cz\/\",\"name\":\"Official Czech &amp; Slovak Everton Supporters&#039; Club\",\"description\":\"\",\"publisher\":{\"@id\":\"https:\/\/evertonfc.cz\/#organization\"},\"potentialAction\":[{\"@type\":\"SearchAction\",\"target\":{\"@type\":\"EntryPoint\",\"urlTemplate\":\"https:\/\/evertonfc.cz\/?s={search_term_string}\"},\"query-input\":{\"@type\":\"PropertyValueSpecification\",\"valueRequired\":true,\"valueName\":\"search_term_string\"}}],\"inLanguage\":\"cs\"},{\"@type\":\"Organization\",\"@id\":\"https:\/\/evertonfc.cz\/#organization\",\"name\":\"Official Czech & Slovak Everton Supporters' Club\",\"url\":\"https:\/\/evertonfc.cz\/\",\"logo\":{\"@type\":\"ImageObject\",\"inLanguage\":\"cs\",\"@id\":\"https:\/\/evertonfc.cz\/#\/schema\/logo\/image\/\",\"url\":\"https:\/\/evertonfc.cz\/wp-content\/uploads\/2019\/05\/logo.png\",\"contentUrl\":\"https:\/\/evertonfc.cz\/wp-content\/uploads\/2019\/05\/logo.png\",\"width\":112,\"height\":112,\"caption\":\"Official Czech & Slovak Everton Supporters' Club\"},\"image\":{\"@id\":\"https:\/\/evertonfc.cz\/#\/schema\/logo\/image\/\"},\"sameAs\":[\"https:\/\/www.facebook.com\/everton.fans.cz.sk\"]},{\"@type\":\"Person\",\"@id\":\"https:\/\/evertonfc.cz\/#\/schema\/person\/f7a5daedb2ffee98480bc70e191aaef1\",\"name\":\"Ri\u010di\",\"sameAs\":[\"https:\/\/x.com\/rbrejsa\"],\"url\":\"https:\/\/evertonfc.cz\/index.php\/author\/rici\/\"}]}<\/script>\n<!-- \/ Yoast SEO plugin. -->","yoast_head_json":{"title":"Stevene, bav se fotbalem! - Official Czech &amp; Slovak Everton Supporters&#039; Club","robots":{"index":"index","follow":"follow","max-snippet":"max-snippet:-1","max-image-preview":"max-image-preview:large","max-video-preview":"max-video-preview:-1"},"canonical":"https:\/\/evertonfc.cz\/index.php\/2013\/09\/16\/stevene-bav-se-fotbalem\/","og_locale":"cs_CZ","og_type":"article","og_title":"Stevene, bav se fotbalem! - Official Czech &amp; Slovak Everton Supporters&#039; Club","og_description":"Nejen\u017ee Steven Naismith vst\u0159elil proti Chelsea v\u00edt\u011bzn\u00fd g\u00f3l, celkov\u011b p\u0159edvedl sv\u016fj nejlep\u0161\u00ed v\u00fdkon v dresu Evertonu. A spokojen\u00fd Mart\u00ednez po\u017eaduje&hellip;","og_url":"https:\/\/evertonfc.cz\/index.php\/2013\/09\/16\/stevene-bav-se-fotbalem\/","og_site_name":"Official Czech &amp; Slovak Everton Supporters&#039; Club","article_publisher":"https:\/\/www.facebook.com\/everton.fans.cz.sk","article_published_time":"2013-09-16T19:37:18+00:00","article_modified_time":"2019-02-15T08:05:29+00:00","og_image":[{"width":720,"height":405,"url":"https:\/\/evertonfc.cz\/wp-content\/uploads\/2019\/01\/interview.jpg","type":"image\/jpeg"}],"author":"Ri\u010di","twitter_card":"summary_large_image","twitter_creator":"@rbrejsa","twitter_misc":{"Napsal(a)":"Ri\u010di","Odhadovan\u00e1 doba \u010dten\u00ed":"2 minuty"},"schema":{"@context":"https:\/\/schema.org","@graph":[{"@type":"Article","@id":"https:\/\/evertonfc.cz\/index.php\/2013\/09\/16\/stevene-bav-se-fotbalem\/#article","isPartOf":{"@id":"https:\/\/evertonfc.cz\/index.php\/2013\/09\/16\/stevene-bav-se-fotbalem\/"},"author":{"name":"Ri\u010di","@id":"https:\/\/evertonfc.cz\/#\/schema\/person\/f7a5daedb2ffee98480bc70e191aaef1"},"headline":"Stevene, bav se fotbalem!","datePublished":"2013-09-16T19:37:18+00:00","dateModified":"2019-02-15T08:05:29+00:00","mainEntityOfPage":{"@id":"https:\/\/evertonfc.cz\/index.php\/2013\/09\/16\/stevene-bav-se-fotbalem\/"},"wordCount":396,"commentCount":0,"publisher":{"@id":"https:\/\/evertonfc.cz\/#organization"},"image":{"@id":"https:\/\/evertonfc.cz\/index.php\/2013\/09\/16\/stevene-bav-se-fotbalem\/#primaryimage"},"thumbnailUrl":"https:\/\/evertonfc.cz\/wp-content\/uploads\/2019\/01\/interview.jpg","articleSection":["Aktuality","Rozhovory"],"inLanguage":"cs","potentialAction":[{"@type":"CommentAction","name":"Comment","target":["https:\/\/evertonfc.cz\/index.php\/2013\/09\/16\/stevene-bav-se-fotbalem\/#respond"]}]},{"@type":"WebPage","@id":"https:\/\/evertonfc.cz\/index.php\/2013\/09\/16\/stevene-bav-se-fotbalem\/","url":"https:\/\/evertonfc.cz\/index.php\/2013\/09\/16\/stevene-bav-se-fotbalem\/","name":"Stevene, bav se fotbalem! - Official Czech &amp; Slovak Everton Supporters&#039; Club","isPartOf":{"@id":"https:\/\/evertonfc.cz\/#website"},"primaryImageOfPage":{"@id":"https:\/\/evertonfc.cz\/index.php\/2013\/09\/16\/stevene-bav-se-fotbalem\/#primaryimage"},"image":{"@id":"https:\/\/evertonfc.cz\/index.php\/2013\/09\/16\/stevene-bav-se-fotbalem\/#primaryimage"},"thumbnailUrl":"https:\/\/evertonfc.cz\/wp-content\/uploads\/2019\/01\/interview.jpg","datePublished":"2013-09-16T19:37:18+00:00","dateModified":"2019-02-15T08:05:29+00:00","breadcrumb":{"@id":"https:\/\/evertonfc.cz\/index.php\/2013\/09\/16\/stevene-bav-se-fotbalem\/#breadcrumb"},"inLanguage":"cs","potentialAction":[{"@type":"ReadAction","target":["https:\/\/evertonfc.cz\/index.php\/2013\/09\/16\/stevene-bav-se-fotbalem\/"]}]},{"@type":"ImageObject","inLanguage":"cs","@id":"https:\/\/evertonfc.cz\/index.php\/2013\/09\/16\/stevene-bav-se-fotbalem\/#primaryimage","url":"https:\/\/evertonfc.cz\/wp-content\/uploads\/2019\/01\/interview.jpg","contentUrl":"https:\/\/evertonfc.cz\/wp-content\/uploads\/2019\/01\/interview.jpg","width":720,"height":405},{"@type":"BreadcrumbList","@id":"https:\/\/evertonfc.cz\/index.php\/2013\/09\/16\/stevene-bav-se-fotbalem\/#breadcrumb","itemListElement":[{"@type":"ListItem","position":1,"name":"Home","item":"https:\/\/evertonfc.cz\/"},{"@type":"ListItem","position":2,"name":"Stevene, bav se fotbalem!"}]},{"@type":"WebSite","@id":"https:\/\/evertonfc.cz\/#website","url":"https:\/\/evertonfc.cz\/","name":"Official Czech &amp; Slovak Everton Supporters&#039; Club","description":"","publisher":{"@id":"https:\/\/evertonfc.cz\/#organization"},"potentialAction":[{"@type":"SearchAction","target":{"@type":"EntryPoint","urlTemplate":"https:\/\/evertonfc.cz\/?s={search_term_string}"},"query-input":{"@type":"PropertyValueSpecification","valueRequired":true,"valueName":"search_term_string"}}],"inLanguage":"cs"},{"@type":"Organization","@id":"https:\/\/evertonfc.cz\/#organization","name":"Official Czech & Slovak Everton Supporters' Club","url":"https:\/\/evertonfc.cz\/","logo":{"@type":"ImageObject","inLanguage":"cs","@id":"https:\/\/evertonfc.cz\/#\/schema\/logo\/image\/","url":"https:\/\/evertonfc.cz\/wp-content\/uploads\/2019\/05\/logo.png","contentUrl":"https:\/\/evertonfc.cz\/wp-content\/uploads\/2019\/05\/logo.png","width":112,"height":112,"caption":"Official Czech & Slovak Everton Supporters' Club"},"image":{"@id":"https:\/\/evertonfc.cz\/#\/schema\/logo\/image\/"},"sameAs":["https:\/\/www.facebook.com\/everton.fans.cz.sk"]},{"@type":"Person","@id":"https:\/\/evertonfc.cz\/#\/schema\/person\/f7a5daedb2ffee98480bc70e191aaef1","name":"Ri\u010di","sameAs":["https:\/\/x.com\/rbrejsa"],"url":"https:\/\/evertonfc.cz\/index.php\/author\/rici\/"}]}},"_links":{"self":[{"href":"https:\/\/evertonfc.cz\/index.php\/wp-json\/wp\/v2\/posts\/5265"}],"collection":[{"href":"https:\/\/evertonfc.cz\/index.php\/wp-json\/wp\/v2\/posts"}],"about":[{"href":"https:\/\/evertonfc.cz\/index.php\/wp-json\/wp\/v2\/types\/post"}],"author":[{"embeddable":true,"href":"https:\/\/evertonfc.cz\/index.php\/wp-json\/wp\/v2\/users\/6"}],"replies":[{"embeddable":true,"href":"https:\/\/evertonfc.cz\/index.php\/wp-json\/wp\/v2\/comments?post=5265"}],"version-history":[{"count":3,"href":"https:\/\/evertonfc.cz\/index.php\/wp-json\/wp\/v2\/posts\/5265\/revisions"}],"predecessor-version":[{"id":5514,"href":"https:\/\/evertonfc.cz\/index.php\/wp-json\/wp\/v2\/posts\/5265\/revisions\/5514"}],"wp:featuredmedia":[{"embeddable":true,"href":"https:\/\/evertonfc.cz\/index.php\/wp-json\/wp\/v2\/media\/1312"}],"wp:attachment":[{"href":"https:\/\/evertonfc.cz\/index.php\/wp-json\/wp\/v2\/media?parent=5265"}],"wp:term":[{"taxonomy":"category","embeddable":true,"href":"https:\/\/evertonfc.cz\/index.php\/wp-json\/wp\/v2\/categories?post=5265"},{"taxonomy":"post_tag","embeddable":true,"href":"https:\/\/evertonfc.cz\/index.php\/wp-json\/wp\/v2\/tags?post=5265"}],"curies":[{"name":"wp","href":"https:\/\/api.w.org\/{rel}","templated":true}]}}