{"id":5283,"date":"2013-11-02T21:45:35","date_gmt":"2013-11-02T20:45:35","guid":{"rendered":"http:\/\/evertonfc.cz\/?p=5283"},"modified":"2019-02-15T08:37:41","modified_gmt":"2019-02-15T07:37:41","slug":"preview-everton-tottenham-hotspur-7","status":"publish","type":"post","link":"https:\/\/evertonfc.cz\/index.php\/2013\/11\/02\/preview-everton-tottenham-hotspur-7\/","title":{"rendered":"Preview: Everton &#8211; Tottenham Hotspur"},"content":{"rendered":"<h4 id=\"NewsPostDetailSummary\">M\u011b\u0159en\u00ed sil s Tottenhamem b\u00fdvaj\u00ed v posledn\u00ed dob\u011b pro oko div\u00e1ka velmi atraktivn\u00ed, podobn\u00fd pr\u016fb\u011bh lze o\u010dek\u00e1vat i v ned\u011bln\u00ed st\u0159etnut\u00ed, zvl\u00e1\u0161\u0165 kdy\u017e oba celky opanuj\u00ed p\u0159edn\u00ed p\u0159\u00ed\u010dky tabulky.<\/h4>\n<div id=\"NewsPostDetailContent\">\n<p>Spurs v l\u00e9t\u011b prod\u011blali obrovskou hr\u00e1\u010dskou prom\u011bnu, Gareth Bale zaujal Real Madrid, kter\u00fd za n\u011bj zaplatil neuv\u011b\u0159iteln\u00fdch \u00a380m. Nov\u00fd technicky \u0159editel Franco Baldini a mana\u017eer Andr\u00e9 Villas-Boas posl\u00e9ze z\u00a0pen\u011bz za Vel\u0161ana nakoupili n\u011bkolik nov\u00fdch hr\u00e1\u010d\u016f, na White Hart Lane se tak moment\u00e1ln\u011b zabydluje Paulinho, Nacer Chadli, Roberto Soldado, \u00c9tienne Capoue, Vlad Chiriche\u015f, Erik Lamela a Christian Eriksen.<\/p>\n<p>Nov\u00e9 posily a cel\u00fd Tottenham pochopiteln\u011b pot\u0159ebuj\u00ed \u010das na vst\u0159eb\u00e1n\u00ed zm\u011bn, p\u0159esto se v\u00fdsledkov\u011b v leto\u0161n\u00ed sez\u00f3n\u011b da\u0159\u00ed. Hern\u011b se o \u017e\u00e1dn\u00e9 fotbalov\u00e9 poh\u00e1dce mluvit ned\u00e1, zaost\u00e1v\u00e1 hlavn\u011b ofenziva, co je ale d\u016fle\u017eit\u00e9, body naskakuj\u00ed. Dal\u0161\u00ed zkou\u0161kou v\u00a0boji o kvalifikaci do Ligy mistr\u016f bude pro Boasovi sv\u011b\u0159ence Goodison Park, kde v roce 2013 vl\u00e1dnou dom\u00e1c\u00ed. Z 16 p\u0159\u00edpad\u016f zde prohr\u00e1li pouze jednou, v kv\u011btnu v r\u00e1mci FA Cupu 0:3 s Wiganem. A v ro\u010dn\u00edku 2013\/14 Everton klop\u00fdtl na sv\u00e9m stadionu pouze v \u00favodn\u00edm utk\u00e1n\u00ed Roberta Mart\u00edneze, kdy remizoval 0:0 s West Bromem.<\/p>\n<p>Toffees se raduj\u00ed krom\u011b celkov\u00e9ho projevu na h\u0159i\u0161ti tak\u00e9 z kvalitn\u011b \u0161irok\u00e9 k\u00e1dru, tedy n\u011b\u010deho, co tr\u00e1pilo Davida Moyese p\u0159i jeho anga\u017em\u00e1 t\u00e9m\u011b\u0159 cel\u00fdch 11 let. Mart\u00ednez mus\u00ed pop\u0159em\u00fd\u0161let o slo\u017een\u00ed z\u00e1kladn\u00ed sestavy, proto\u017ee Leon Osman coby st\u0159\u00eddaj\u00edc\u00ed hr\u00e1\u010d v posledn\u00edm duelu proti Aston Ville uk\u00e1zal, \u017ee se nechce spokojit s lavi\u010dkou n\u00e1hradn\u00edk\u016f. Posadit na n\u00ed by mohl Rosse Barkleyho.<\/p>\n<p>Za zm\u00ednku ur\u010dit\u011b stoj\u00ed p\u0159ipomenut\u00ed lo\u0148sk\u00e9 souboje na Goodisonu. Everton v sam\u00e9m z\u00e1v\u011bru strhnul v\u00edt\u011bzstv\u00ed na svou stranu d\u00edky brank\u00e1m Stevena Pienaara a Nikici Jelavi\u0107e.<\/p>\n<h4><strong>Z\u00e1pasov\u00e1 fakta<\/strong><\/h4>\n<p>Vz\u00e1jemn\u00e1<br \/>\n\u2022 Spurs triumfovali ve dvou z posledn\u00ed 12 duel\u016f v Premier League (2 v\u00fdhry, 5 rem\u00edz, 5 proher)<br \/>\n\u2022 z\u00e1rove\u0148 sice prohr\u00e1li jen dva z posledn\u00edch 15 ligov\u00fdch v\u00fdlet\u016f na Goodison Parku, nezv\u00edt\u011bzili ale v posledn\u00edch \u0161esti (3 rem\u00edzy, 3 prohry).<\/p>\n<p>Everton<br \/>\n\u2022 6. m\u00edsto s 18 body, sk\u00f3re 14:10<br \/>\n\u2022 letos doma neprohr\u00e1l (4 v\u00fdhry, 1 rem\u00edza)<br \/>\n\u2022 po t\u0159ech rem\u00edz\u00e1ch v \u00favodu ligy v posledn\u00edch \u0161esti ligov\u00fdch kol p\u011btkr\u00e1t bral t\u0159i body<br \/>\n\u2022 da\u0159\u00ed se obou Belgi\u010dan\u016fm, Lukaku nast\u0159\u00edlel v p\u011bti ligov\u00fdch z\u00e1pasech p\u011bt g\u00f3l\u016f a Mirallas nahr\u00e1l na \u010dty\u0159i branky.<\/p>\n<p>Tottenham<br \/>\n\u2022 4. m\u00edsto s 19 body, sk\u00f3re 9:5<br \/>\n\u2022 udr\u017eel nejv\u00edce kr\u00e1t ze v\u0161ech mu\u017estev Premier League \u010dist\u00e9 konto (6x)<br \/>\n\u2022 19 bod\u016f po dev\u00edti kolech znamen\u00e1 nejlep\u0161\u00ed start klubu v historii Premiership<br \/>\n\u2022 letos vyhr\u00e1l 1:0 \u010dty\u0159ikr\u00e1t, \u010d\u00edm\u017e vyrovnal celkovou bilanci z minul\u00e9 sez\u00f3ny<br \/>\n\u2022 Roberto Soldado zaznamenal t\u0159i ze \u010dty\u0159 branek \u00fasp\u011b\u0161n\u00fdm zahr\u00e1n\u00edm pokutov\u00e9ho kopu<br \/>\n\u2022 Andros Townsend vyst\u0159elil zpoza v\u00e1pna v aktu\u00e1ln\u00edm ro\u010dn\u00edku 22x, jen o jednou m\u00e9n\u011b ne\u017e cel\u00fd t\u00fdm Hullu.<\/p>\n<h4><strong>T\u00fdmov\u00e9 novinky<\/strong><\/h4>\n<p>Zran\u011bn\u00ed kolena Arouny Kon\u00e9ho je trochu v\u00e1\u017en\u011bj\u0161\u00ed, ne\u017e na prvn\u00ed pohled vypadalo, hbit\u00fd \u00fato\u010dn\u00edk proto do utk\u00e1n\u00ed nezas\u00e1hne a na marodce dopln\u00ed Alcaraze, Gibsona a Velliose. Johny Heitinga se ji\u017e uzdravil, Tonymu Hibbertu potom chyb\u00ed k pln\u00e9 fyzick\u00e9 kondici pouze p\u00e1r dn\u00ed.<\/p>\n<p><strong>Everton:\u00a0<\/strong>Howard, Robles, Baines, Coleman, Distin, Heitinga, Hibbert, Jagielka, Oviedo, Stones, Barkley, Barry, McCarthy, Osman, Pienaar, Deulofeu, Gueye, Jelavi\u0107, Lukaku, Mirallas, Naismith.<\/p>\n<p>Host\u00e9 nepo\u010d\u00edtaj\u00ed se zran\u011bn\u00fdmi Nacerem Chadlim, Dannym Rosem a Emmanuelem Adebayorem. O startu Naughtona rozhodne a\u017e v den v\u00fdkopu zdravotn\u00ed test.<\/p>\n<p><strong>Tottenham:<\/strong> Friedel, Lloris, Chiriche\u015f, Dawson, Kaboul, Naughton (?), Vertonghen, Walker, Capoue, Demb\u00e9l\u00e9, Eriksen, Holtby, Lamela, Lennon, Paulinho, Sandro, Sigurdsson, Townsend, Defoe, Soldado.<\/p>\n<p><strong>Co:<\/strong> Everton FC &#8211; Tottenham Hotspur FC, 10. kolo Premier League<br \/>\n<strong>Kdy:<\/strong> 03. 11. 2013 od 14:30 SE\u010c<br \/>\n<strong>Kde:<\/strong> Goodison Park, Liverpool (kapacita: 40\u00a0157)<br \/>\n<strong>Rozhod\u010d\u00ed:<\/strong> Kevin Friend<\/p>\n<\/div>\n","protected":false},"excerpt":{"rendered":"<p>M\u011b\u0159en\u00ed sil s Tottenhamem b\u00fdvaj\u00ed v posledn\u00ed dob\u011b pro oko div\u00e1ka velmi atraktivn\u00ed, podobn\u00fd pr\u016fb\u011bh lze o\u010dek\u00e1vat i v ned\u011bln\u00ed&hellip;<\/p>\n","protected":false},"author":6,"featured_media":1314,"comment_status":"open","ping_status":"closed","sticky":false,"template":"","format":"standard","meta":{"_eb_attr":"","_monsterinsights_skip_tracking":false,"_monsterinsights_sitenote_active":false,"_monsterinsights_sitenote_note":"","_monsterinsights_sitenote_category":0,"footnotes":""},"categories":[4],"tags":[],"yoast_head":"<!-- This site is optimized with the Yoast SEO plugin v23.4 - https:\/\/yoast.com\/wordpress\/plugins\/seo\/ -->\n<title>Preview: Everton - Tottenham Hotspur - Official Czech &amp; Slovak Everton Supporters&#039; Club<\/title>\n<meta name=\"robots\" content=\"index, follow, max-snippet:-1, max-image-preview:large, max-video-preview:-1\" \/>\n<link rel=\"canonical\" href=\"https:\/\/evertonfc.cz\/index.php\/2013\/11\/02\/preview-everton-tottenham-hotspur-7\/\" \/>\n<meta property=\"og:locale\" content=\"cs_CZ\" \/>\n<meta property=\"og:type\" content=\"article\" \/>\n<meta property=\"og:title\" content=\"Preview: Everton - Tottenham Hotspur - Official Czech &amp; Slovak Everton Supporters&#039; Club\" \/>\n<meta property=\"og:description\" content=\"M\u011b\u0159en\u00ed sil s Tottenhamem b\u00fdvaj\u00ed v posledn\u00ed dob\u011b pro oko div\u00e1ka velmi atraktivn\u00ed, podobn\u00fd pr\u016fb\u011bh lze o\u010dek\u00e1vat i v ned\u011bln\u00ed&hellip;\" \/>\n<meta property=\"og:url\" content=\"https:\/\/evertonfc.cz\/index.php\/2013\/11\/02\/preview-everton-tottenham-hotspur-7\/\" \/>\n<meta property=\"og:site_name\" content=\"Official Czech &amp; Slovak Everton Supporters&#039; Club\" \/>\n<meta property=\"article:publisher\" content=\"https:\/\/www.facebook.com\/everton.fans.cz.sk\" \/>\n<meta property=\"article:published_time\" content=\"2013-11-02T20:45:35+00:00\" \/>\n<meta property=\"article:modified_time\" content=\"2019-02-15T07:37:41+00:00\" \/>\n<meta property=\"og:image\" content=\"https:\/\/evertonfc.cz\/wp-content\/uploads\/2019\/01\/preview.jpg\" \/>\n\t<meta property=\"og:image:width\" content=\"720\" \/>\n\t<meta property=\"og:image:height\" content=\"405\" \/>\n\t<meta property=\"og:image:type\" content=\"image\/jpeg\" \/>\n<meta name=\"author\" content=\"Ri\u010di\" \/>\n<meta name=\"twitter:card\" content=\"summary_large_image\" \/>\n<meta name=\"twitter:creator\" content=\"@rbrejsa\" \/>\n<meta name=\"twitter:label1\" content=\"Napsal(a)\" \/>\n\t<meta name=\"twitter:data1\" content=\"Ri\u010di\" \/>\n\t<meta name=\"twitter:label2\" content=\"Odhadovan\u00e1 doba \u010dten\u00ed\" \/>\n\t<meta name=\"twitter:data2\" content=\"3 minuty\" \/>\n<script type=\"application\/ld+json\" class=\"yoast-schema-graph\">{\"@context\":\"https:\/\/schema.org\",\"@graph\":[{\"@type\":\"Article\",\"@id\":\"https:\/\/evertonfc.cz\/index.php\/2013\/11\/02\/preview-everton-tottenham-hotspur-7\/#article\",\"isPartOf\":{\"@id\":\"https:\/\/evertonfc.cz\/index.php\/2013\/11\/02\/preview-everton-tottenham-hotspur-7\/\"},\"author\":{\"name\":\"Ri\u010di\",\"@id\":\"https:\/\/evertonfc.cz\/#\/schema\/person\/f7a5daedb2ffee98480bc70e191aaef1\"},\"headline\":\"Preview: Everton &#8211; Tottenham Hotspur\",\"datePublished\":\"2013-11-02T20:45:35+00:00\",\"dateModified\":\"2019-02-15T07:37:41+00:00\",\"mainEntityOfPage\":{\"@id\":\"https:\/\/evertonfc.cz\/index.php\/2013\/11\/02\/preview-everton-tottenham-hotspur-7\/\"},\"wordCount\":700,\"commentCount\":0,\"publisher\":{\"@id\":\"https:\/\/evertonfc.cz\/#organization\"},\"image\":{\"@id\":\"https:\/\/evertonfc.cz\/index.php\/2013\/11\/02\/preview-everton-tottenham-hotspur-7\/#primaryimage\"},\"thumbnailUrl\":\"https:\/\/evertonfc.cz\/wp-content\/uploads\/2019\/01\/preview.jpg\",\"articleSection\":[\"Z\u00e1pasy\"],\"inLanguage\":\"cs\",\"potentialAction\":[{\"@type\":\"CommentAction\",\"name\":\"Comment\",\"target\":[\"https:\/\/evertonfc.cz\/index.php\/2013\/11\/02\/preview-everton-tottenham-hotspur-7\/#respond\"]}]},{\"@type\":\"WebPage\",\"@id\":\"https:\/\/evertonfc.cz\/index.php\/2013\/11\/02\/preview-everton-tottenham-hotspur-7\/\",\"url\":\"https:\/\/evertonfc.cz\/index.php\/2013\/11\/02\/preview-everton-tottenham-hotspur-7\/\",\"name\":\"Preview: Everton - Tottenham Hotspur - Official Czech &amp; Slovak Everton Supporters&#039; Club\",\"isPartOf\":{\"@id\":\"https:\/\/evertonfc.cz\/#website\"},\"primaryImageOfPage\":{\"@id\":\"https:\/\/evertonfc.cz\/index.php\/2013\/11\/02\/preview-everton-tottenham-hotspur-7\/#primaryimage\"},\"image\":{\"@id\":\"https:\/\/evertonfc.cz\/index.php\/2013\/11\/02\/preview-everton-tottenham-hotspur-7\/#primaryimage\"},\"thumbnailUrl\":\"https:\/\/evertonfc.cz\/wp-content\/uploads\/2019\/01\/preview.jpg\",\"datePublished\":\"2013-11-02T20:45:35+00:00\",\"dateModified\":\"2019-02-15T07:37:41+00:00\",\"breadcrumb\":{\"@id\":\"https:\/\/evertonfc.cz\/index.php\/2013\/11\/02\/preview-everton-tottenham-hotspur-7\/#breadcrumb\"},\"inLanguage\":\"cs\",\"potentialAction\":[{\"@type\":\"ReadAction\",\"target\":[\"https:\/\/evertonfc.cz\/index.php\/2013\/11\/02\/preview-everton-tottenham-hotspur-7\/\"]}]},{\"@type\":\"ImageObject\",\"inLanguage\":\"cs\",\"@id\":\"https:\/\/evertonfc.cz\/index.php\/2013\/11\/02\/preview-everton-tottenham-hotspur-7\/#primaryimage\",\"url\":\"https:\/\/evertonfc.cz\/wp-content\/uploads\/2019\/01\/preview.jpg\",\"contentUrl\":\"https:\/\/evertonfc.cz\/wp-content\/uploads\/2019\/01\/preview.jpg\",\"width\":720,\"height\":405},{\"@type\":\"BreadcrumbList\",\"@id\":\"https:\/\/evertonfc.cz\/index.php\/2013\/11\/02\/preview-everton-tottenham-hotspur-7\/#breadcrumb\",\"itemListElement\":[{\"@type\":\"ListItem\",\"position\":1,\"name\":\"Home\",\"item\":\"https:\/\/evertonfc.cz\/\"},{\"@type\":\"ListItem\",\"position\":2,\"name\":\"Preview: Everton &#8211; Tottenham Hotspur\"}]},{\"@type\":\"WebSite\",\"@id\":\"https:\/\/evertonfc.cz\/#website\",\"url\":\"https:\/\/evertonfc.cz\/\",\"name\":\"Official Czech &amp; Slovak Everton Supporters&#039; Club\",\"description\":\"\",\"publisher\":{\"@id\":\"https:\/\/evertonfc.cz\/#organization\"},\"potentialAction\":[{\"@type\":\"SearchAction\",\"target\":{\"@type\":\"EntryPoint\",\"urlTemplate\":\"https:\/\/evertonfc.cz\/?s={search_term_string}\"},\"query-input\":{\"@type\":\"PropertyValueSpecification\",\"valueRequired\":true,\"valueName\":\"search_term_string\"}}],\"inLanguage\":\"cs\"},{\"@type\":\"Organization\",\"@id\":\"https:\/\/evertonfc.cz\/#organization\",\"name\":\"Official Czech & Slovak Everton Supporters' Club\",\"url\":\"https:\/\/evertonfc.cz\/\",\"logo\":{\"@type\":\"ImageObject\",\"inLanguage\":\"cs\",\"@id\":\"https:\/\/evertonfc.cz\/#\/schema\/logo\/image\/\",\"url\":\"https:\/\/evertonfc.cz\/wp-content\/uploads\/2019\/05\/logo.png\",\"contentUrl\":\"https:\/\/evertonfc.cz\/wp-content\/uploads\/2019\/05\/logo.png\",\"width\":112,\"height\":112,\"caption\":\"Official Czech & Slovak Everton Supporters' Club\"},\"image\":{\"@id\":\"https:\/\/evertonfc.cz\/#\/schema\/logo\/image\/\"},\"sameAs\":[\"https:\/\/www.facebook.com\/everton.fans.cz.sk\"]},{\"@type\":\"Person\",\"@id\":\"https:\/\/evertonfc.cz\/#\/schema\/person\/f7a5daedb2ffee98480bc70e191aaef1\",\"name\":\"Ri\u010di\",\"sameAs\":[\"https:\/\/x.com\/rbrejsa\"],\"url\":\"https:\/\/evertonfc.cz\/index.php\/author\/rici\/\"}]}<\/script>\n<!-- \/ Yoast SEO plugin. -->","yoast_head_json":{"title":"Preview: Everton - Tottenham Hotspur - Official Czech &amp; Slovak Everton Supporters&#039; Club","robots":{"index":"index","follow":"follow","max-snippet":"max-snippet:-1","max-image-preview":"max-image-preview:large","max-video-preview":"max-video-preview:-1"},"canonical":"https:\/\/evertonfc.cz\/index.php\/2013\/11\/02\/preview-everton-tottenham-hotspur-7\/","og_locale":"cs_CZ","og_type":"article","og_title":"Preview: Everton - Tottenham Hotspur - Official Czech &amp; Slovak Everton Supporters&#039; Club","og_description":"M\u011b\u0159en\u00ed sil s Tottenhamem b\u00fdvaj\u00ed v posledn\u00ed dob\u011b pro oko div\u00e1ka velmi atraktivn\u00ed, podobn\u00fd pr\u016fb\u011bh lze o\u010dek\u00e1vat i v ned\u011bln\u00ed&hellip;","og_url":"https:\/\/evertonfc.cz\/index.php\/2013\/11\/02\/preview-everton-tottenham-hotspur-7\/","og_site_name":"Official Czech &amp; Slovak Everton Supporters&#039; Club","article_publisher":"https:\/\/www.facebook.com\/everton.fans.cz.sk","article_published_time":"2013-11-02T20:45:35+00:00","article_modified_time":"2019-02-15T07:37:41+00:00","og_image":[{"width":720,"height":405,"url":"https:\/\/evertonfc.cz\/wp-content\/uploads\/2019\/01\/preview.jpg","type":"image\/jpeg"}],"author":"Ri\u010di","twitter_card":"summary_large_image","twitter_creator":"@rbrejsa","twitter_misc":{"Napsal(a)":"Ri\u010di","Odhadovan\u00e1 doba \u010dten\u00ed":"3 minuty"},"schema":{"@context":"https:\/\/schema.org","@graph":[{"@type":"Article","@id":"https:\/\/evertonfc.cz\/index.php\/2013\/11\/02\/preview-everton-tottenham-hotspur-7\/#article","isPartOf":{"@id":"https:\/\/evertonfc.cz\/index.php\/2013\/11\/02\/preview-everton-tottenham-hotspur-7\/"},"author":{"name":"Ri\u010di","@id":"https:\/\/evertonfc.cz\/#\/schema\/person\/f7a5daedb2ffee98480bc70e191aaef1"},"headline":"Preview: Everton &#8211; Tottenham Hotspur","datePublished":"2013-11-02T20:45:35+00:00","dateModified":"2019-02-15T07:37:41+00:00","mainEntityOfPage":{"@id":"https:\/\/evertonfc.cz\/index.php\/2013\/11\/02\/preview-everton-tottenham-hotspur-7\/"},"wordCount":700,"commentCount":0,"publisher":{"@id":"https:\/\/evertonfc.cz\/#organization"},"image":{"@id":"https:\/\/evertonfc.cz\/index.php\/2013\/11\/02\/preview-everton-tottenham-hotspur-7\/#primaryimage"},"thumbnailUrl":"https:\/\/evertonfc.cz\/wp-content\/uploads\/2019\/01\/preview.jpg","articleSection":["Z\u00e1pasy"],"inLanguage":"cs","potentialAction":[{"@type":"CommentAction","name":"Comment","target":["https:\/\/evertonfc.cz\/index.php\/2013\/11\/02\/preview-everton-tottenham-hotspur-7\/#respond"]}]},{"@type":"WebPage","@id":"https:\/\/evertonfc.cz\/index.php\/2013\/11\/02\/preview-everton-tottenham-hotspur-7\/","url":"https:\/\/evertonfc.cz\/index.php\/2013\/11\/02\/preview-everton-tottenham-hotspur-7\/","name":"Preview: Everton - Tottenham Hotspur - Official Czech &amp; Slovak Everton Supporters&#039; Club","isPartOf":{"@id":"https:\/\/evertonfc.cz\/#website"},"primaryImageOfPage":{"@id":"https:\/\/evertonfc.cz\/index.php\/2013\/11\/02\/preview-everton-tottenham-hotspur-7\/#primaryimage"},"image":{"@id":"https:\/\/evertonfc.cz\/index.php\/2013\/11\/02\/preview-everton-tottenham-hotspur-7\/#primaryimage"},"thumbnailUrl":"https:\/\/evertonfc.cz\/wp-content\/uploads\/2019\/01\/preview.jpg","datePublished":"2013-11-02T20:45:35+00:00","dateModified":"2019-02-15T07:37:41+00:00","breadcrumb":{"@id":"https:\/\/evertonfc.cz\/index.php\/2013\/11\/02\/preview-everton-tottenham-hotspur-7\/#breadcrumb"},"inLanguage":"cs","potentialAction":[{"@type":"ReadAction","target":["https:\/\/evertonfc.cz\/index.php\/2013\/11\/02\/preview-everton-tottenham-hotspur-7\/"]}]},{"@type":"ImageObject","inLanguage":"cs","@id":"https:\/\/evertonfc.cz\/index.php\/2013\/11\/02\/preview-everton-tottenham-hotspur-7\/#primaryimage","url":"https:\/\/evertonfc.cz\/wp-content\/uploads\/2019\/01\/preview.jpg","contentUrl":"https:\/\/evertonfc.cz\/wp-content\/uploads\/2019\/01\/preview.jpg","width":720,"height":405},{"@type":"BreadcrumbList","@id":"https:\/\/evertonfc.cz\/index.php\/2013\/11\/02\/preview-everton-tottenham-hotspur-7\/#breadcrumb","itemListElement":[{"@type":"ListItem","position":1,"name":"Home","item":"https:\/\/evertonfc.cz\/"},{"@type":"ListItem","position":2,"name":"Preview: Everton &#8211; Tottenham Hotspur"}]},{"@type":"WebSite","@id":"https:\/\/evertonfc.cz\/#website","url":"https:\/\/evertonfc.cz\/","name":"Official Czech &amp; Slovak Everton Supporters&#039; Club","description":"","publisher":{"@id":"https:\/\/evertonfc.cz\/#organization"},"potentialAction":[{"@type":"SearchAction","target":{"@type":"EntryPoint","urlTemplate":"https:\/\/evertonfc.cz\/?s={search_term_string}"},"query-input":{"@type":"PropertyValueSpecification","valueRequired":true,"valueName":"search_term_string"}}],"inLanguage":"cs"},{"@type":"Organization","@id":"https:\/\/evertonfc.cz\/#organization","name":"Official Czech & Slovak Everton Supporters' Club","url":"https:\/\/evertonfc.cz\/","logo":{"@type":"ImageObject","inLanguage":"cs","@id":"https:\/\/evertonfc.cz\/#\/schema\/logo\/image\/","url":"https:\/\/evertonfc.cz\/wp-content\/uploads\/2019\/05\/logo.png","contentUrl":"https:\/\/evertonfc.cz\/wp-content\/uploads\/2019\/05\/logo.png","width":112,"height":112,"caption":"Official Czech & Slovak Everton Supporters' Club"},"image":{"@id":"https:\/\/evertonfc.cz\/#\/schema\/logo\/image\/"},"sameAs":["https:\/\/www.facebook.com\/everton.fans.cz.sk"]},{"@type":"Person","@id":"https:\/\/evertonfc.cz\/#\/schema\/person\/f7a5daedb2ffee98480bc70e191aaef1","name":"Ri\u010di","sameAs":["https:\/\/x.com\/rbrejsa"],"url":"https:\/\/evertonfc.cz\/index.php\/author\/rici\/"}]}},"_links":{"self":[{"href":"https:\/\/evertonfc.cz\/index.php\/wp-json\/wp\/v2\/posts\/5283"}],"collection":[{"href":"https:\/\/evertonfc.cz\/index.php\/wp-json\/wp\/v2\/posts"}],"about":[{"href":"https:\/\/evertonfc.cz\/index.php\/wp-json\/wp\/v2\/types\/post"}],"author":[{"embeddable":true,"href":"https:\/\/evertonfc.cz\/index.php\/wp-json\/wp\/v2\/users\/6"}],"replies":[{"embeddable":true,"href":"https:\/\/evertonfc.cz\/index.php\/wp-json\/wp\/v2\/comments?post=5283"}],"version-history":[{"count":3,"href":"https:\/\/evertonfc.cz\/index.php\/wp-json\/wp\/v2\/posts\/5283\/revisions"}],"predecessor-version":[{"id":5483,"href":"https:\/\/evertonfc.cz\/index.php\/wp-json\/wp\/v2\/posts\/5283\/revisions\/5483"}],"wp:featuredmedia":[{"embeddable":true,"href":"https:\/\/evertonfc.cz\/index.php\/wp-json\/wp\/v2\/media\/1314"}],"wp:attachment":[{"href":"https:\/\/evertonfc.cz\/index.php\/wp-json\/wp\/v2\/media?parent=5283"}],"wp:term":[{"taxonomy":"category","embeddable":true,"href":"https:\/\/evertonfc.cz\/index.php\/wp-json\/wp\/v2\/categories?post=5283"},{"taxonomy":"post_tag","embeddable":true,"href":"https:\/\/evertonfc.cz\/index.php\/wp-json\/wp\/v2\/tags?post=5283"}],"curies":[{"name":"wp","href":"https:\/\/api.w.org\/{rel}","templated":true}]}}