{"id":5285,"date":"2013-10-31T21:47:02","date_gmt":"2013-10-31T20:47:02","guid":{"rendered":"http:\/\/evertonfc.cz\/?p=5285"},"modified":"2019-02-15T08:38:19","modified_gmt":"2019-02-15T07:38:19","slug":"martinez-jelavic-je-stale-platnym-hracem","status":"publish","type":"post","link":"https:\/\/evertonfc.cz\/index.php\/2013\/10\/31\/martinez-jelavic-je-stale-platnym-hracem\/","title":{"rendered":"Mart\u00ednez: Jelavi\u0107 je st\u00e1le platn\u00fdm hr\u00e1\u010dem"},"content":{"rendered":"<h4 id=\"NewsPostDetailSummary\">Roberto Mart\u00ednez neodepsal Nikicu Jelavi\u0107e, je si v\u011bdom jeho kvalit, a tak ho vyz\u00fdv\u00e1, aby zabojoval a pokusil se op\u011bt probojovat do z\u00e1kladn\u00ed sestavy.<\/h4>\n<div id=\"NewsPostDetailContent\">\n<p>Chorvatsk\u00fd \u00fato\u010dn\u00edk v letn\u00ed p\u0159\u00edprav\u011b nechal vzpomenout na sv\u00e9 d\u0159\u00edv\u011bj\u0161\u00ed v\u00fdkony, dvakr\u00e1t sk\u00f3roval proti Blackburnu a po jednom z\u00e1sahu p\u0159idal proti Realu Madrid a Realu Betis. Na st\u0159eleckou formu v \u00favodu Premier League ale nenav\u00e1zal. P\u0159esto\u017ee ve v\u0161ech p\u011bti prvn\u00edch kolech nastoupil od prvn\u00ed minuty, branku nevst\u0159elil.<\/p>\n<p>Po p\u0159\u00edchodu Romela Lukaka a jeho poveden\u00e9m debutu na p\u016fd\u011b West Hamu se u\u017e Jelavi\u0107 na h\u0159i\u0161t\u011b nepod\u00edval. Nav\u00edc moment\u00e1ln\u011b pat\u0159\u00ed v hierarchii \u00fato\u010dn\u00edk\u016f nejsp\u00ed\u0161e a\u017e na t\u0159et\u00ed m\u00edsto, dostal se p\u0159ed n\u011bj toti\u017e i Arouna Kon\u00e9, \u0161estimilionov\u00e1 letn\u00ed posila.<\/p>\n<p>Mana\u017eer Toffees o osmadvacetilet\u00e9m sv\u011b\u0159enci prozradil: <em>\u201eNiki je \u0161pi\u010dkov\u00fd fotbalista, zoufale tou\u017e\u00ed zase hr\u00e1t. Nane\u0161t\u011bst\u00ed pro n\u011bj ka\u017ed\u00fd \u0161pi\u010dkov\u00fd hr\u00e1\u010d tou\u017e\u00ed b\u00fdt ve \u0161pi\u010dkov\u00e9m klubu, kde se mus\u00ed vyrovnat s velkou konkurenc\u00ed a vysok\u00fdmi po\u017eadavky. Jeho p\u0159\u00edstup na desetibodov\u00e9 stupnici hodnot\u00edm des\u00edtkou, proto coby st\u0159\u00eddaj\u00edc\u00ed hr\u00e1\u010d dok\u00e1\u017ee rozhodnout o v\u00fdsledku.<\/em><\/p>\n<p><em>Pochopiteln\u011b ka\u017ed\u00fd se sna\u017e\u00ed prok\u00e1zat individu\u00e1ln\u00ed schopnosti, v kone\u010dn\u00e9m sou\u010dtu v\u0161ak mus\u00edte myslet na mu\u017estvo, proto Niki, Arouna a v\u0161ichni, kte\u0159\u00ed pravideln\u011b nehraj\u00ed, by se m\u011bli sna\u017eit, co se d\u00e1, aby byli prosp\u011b\u0161n\u00ed pro t\u00fdm.<\/em><\/p>\n<p><em>V sez\u00f3n\u011b trvaj\u00edc\u00ed deset m\u011bs\u00edc\u016f pot\u0159ebujete p\u0159ipravenou celou soupisku. V\u0161ichni tr\u00e9nuj\u00ed tvrd\u011b a kdokoliv pak z toho na h\u0159i\u0161ti t\u011b\u017e\u00ed. Nikica Jelavi\u0107 je opravdu d\u016fle\u017eit\u00fd, na za\u010d\u00e1tku ro\u010dn\u00edk\u016f v z\u00e1pasech opravdu d\u0159el, jeho v\u00fdkony byly dobr\u00e9.\u201c<\/em><\/p>\n<p>Jelavi\u0107 od p\u0159estupu v lednu roku 2012 pro\u017eil snov\u00fd p\u016flrok, trefil se jeden\u00e1ctkr\u00e1t v 16 st\u0159etnut\u00edch. Bohu\u017eel n\u00e1sleduj\u00edc\u00ed ro\u010dn\u00edk ve 43 z\u00e1pasech zaznamenal pouze osm branek, tot\u00e1ln\u011b ztratil formu a tak\u00e9 post prvn\u00edho \u00fato\u010dn\u00edka, v z\u00e1v\u011bru sez\u00f3ny David Moyes up\u0159ednost\u0148oval Victora Anichebeho.<\/p>\n<p>P\u0159es z\u00e1jem West Hamu a HSV v l\u00e9t\u011b, se Everton rozhodl b\u00fdval\u00e9ho hrota Rapidu V\u00edde\u0148 \u010di Rangers neprod\u00e1vat. Podle Liverpool ECHO samotn\u00fd Jelavi\u0107 preferuje \u0159e\u0161it svou budoucnost a\u017e v l\u00e9t\u011b 2014, ov\u0161em v p\u0159\u00edpad\u011b postupu Chorvatska na Mistrovstv\u00ed sv\u011bta nen\u00ed v lednu vylou\u010dena mo\u017enost hostov\u00e1n\u00ed s c\u00edlem udr\u017eet \u0161ance na nominaci do Braz\u00edlie.<\/p>\n<p><em>\u201eAktu\u00e1ln\u011b preferujeme na post \u010d\u00edsla dev\u011bt Romela Lukaka, na druhou stranu Niki je rovn\u011b\u017e nepostradateln\u00fd a Arouna Kon\u00e9 velmi d\u016fle\u017eit\u00fd. Konkurence je nezbytn\u00e1 a n\u00e1mi \u017e\u00e1dan\u00e1. Kdy\u017e prohr\u00e1v\u00e1me, dok\u00e1\u017eeme \u0161irok\u00fdm k\u00e1drem zvr\u00e1tit stav. <\/em><\/p>\n<p><em>A\u010d Niki hraje, \u010di ne a\u017e do konce sez\u00f3ny pro n\u00e1s bude \u017eivotn\u011b d\u016fle\u017eit\u00fdm \u010dl\u00e1nkem mu\u017estva,\u201c <\/em>sd\u011blil Mart\u00ednez.<\/p>\n<\/div>\n","protected":false},"excerpt":{"rendered":"<p>Roberto Mart\u00ednez neodepsal Nikicu Jelavi\u0107e, je si v\u011bdom jeho kvalit, a tak ho vyz\u00fdv\u00e1, aby zabojoval a pokusil se op\u011bt&hellip;<\/p>\n","protected":false},"author":6,"featured_media":1313,"comment_status":"open","ping_status":"closed","sticky":false,"template":"","format":"standard","meta":{"_eb_attr":"","_monsterinsights_skip_tracking":false,"_monsterinsights_sitenote_active":false,"_monsterinsights_sitenote_note":"","_monsterinsights_sitenote_category":0,"footnotes":""},"categories":[42],"tags":[],"yoast_head":"<!-- This site is optimized with the Yoast SEO plugin v23.4 - https:\/\/yoast.com\/wordpress\/plugins\/seo\/ -->\n<title>Mart\u00ednez: Jelavi\u0107 je st\u00e1le platn\u00fdm hr\u00e1\u010dem - Official Czech &amp; Slovak Everton Supporters&#039; Club<\/title>\n<meta name=\"robots\" content=\"index, follow, max-snippet:-1, max-image-preview:large, max-video-preview:-1\" \/>\n<link rel=\"canonical\" href=\"https:\/\/evertonfc.cz\/index.php\/2013\/10\/31\/martinez-jelavic-je-stale-platnym-hracem\/\" \/>\n<meta property=\"og:locale\" content=\"cs_CZ\" \/>\n<meta property=\"og:type\" content=\"article\" \/>\n<meta property=\"og:title\" content=\"Mart\u00ednez: Jelavi\u0107 je st\u00e1le platn\u00fdm hr\u00e1\u010dem - Official Czech &amp; Slovak Everton Supporters&#039; Club\" \/>\n<meta property=\"og:description\" content=\"Roberto Mart\u00ednez neodepsal Nikicu Jelavi\u0107e, je si v\u011bdom jeho kvalit, a tak ho vyz\u00fdv\u00e1, aby zabojoval a pokusil se op\u011bt&hellip;\" \/>\n<meta property=\"og:url\" content=\"https:\/\/evertonfc.cz\/index.php\/2013\/10\/31\/martinez-jelavic-je-stale-platnym-hracem\/\" \/>\n<meta property=\"og:site_name\" content=\"Official Czech &amp; Slovak Everton Supporters&#039; Club\" \/>\n<meta property=\"article:publisher\" content=\"https:\/\/www.facebook.com\/everton.fans.cz.sk\" \/>\n<meta property=\"article:published_time\" content=\"2013-10-31T20:47:02+00:00\" \/>\n<meta property=\"article:modified_time\" content=\"2019-02-15T07:38:19+00:00\" \/>\n<meta property=\"og:image\" content=\"https:\/\/evertonfc.cz\/wp-content\/uploads\/2019\/01\/news.jpg\" \/>\n\t<meta property=\"og:image:width\" content=\"720\" \/>\n\t<meta property=\"og:image:height\" content=\"405\" \/>\n\t<meta property=\"og:image:type\" content=\"image\/jpeg\" \/>\n<meta name=\"author\" content=\"Ri\u010di\" \/>\n<meta name=\"twitter:card\" content=\"summary_large_image\" \/>\n<meta name=\"twitter:creator\" content=\"@rbrejsa\" \/>\n<meta name=\"twitter:label1\" content=\"Napsal(a)\" \/>\n\t<meta name=\"twitter:data1\" content=\"Ri\u010di\" \/>\n\t<meta name=\"twitter:label2\" content=\"Odhadovan\u00e1 doba \u010dten\u00ed\" \/>\n\t<meta name=\"twitter:data2\" content=\"3 minuty\" \/>\n<script type=\"application\/ld+json\" class=\"yoast-schema-graph\">{\"@context\":\"https:\/\/schema.org\",\"@graph\":[{\"@type\":\"Article\",\"@id\":\"https:\/\/evertonfc.cz\/index.php\/2013\/10\/31\/martinez-jelavic-je-stale-platnym-hracem\/#article\",\"isPartOf\":{\"@id\":\"https:\/\/evertonfc.cz\/index.php\/2013\/10\/31\/martinez-jelavic-je-stale-platnym-hracem\/\"},\"author\":{\"name\":\"Ri\u010di\",\"@id\":\"https:\/\/evertonfc.cz\/#\/schema\/person\/f7a5daedb2ffee98480bc70e191aaef1\"},\"headline\":\"Mart\u00ednez: Jelavi\u0107 je st\u00e1le platn\u00fdm hr\u00e1\u010dem\",\"datePublished\":\"2013-10-31T20:47:02+00:00\",\"dateModified\":\"2019-02-15T07:38:19+00:00\",\"mainEntityOfPage\":{\"@id\":\"https:\/\/evertonfc.cz\/index.php\/2013\/10\/31\/martinez-jelavic-je-stale-platnym-hracem\/\"},\"wordCount\":537,\"commentCount\":0,\"publisher\":{\"@id\":\"https:\/\/evertonfc.cz\/#organization\"},\"image\":{\"@id\":\"https:\/\/evertonfc.cz\/index.php\/2013\/10\/31\/martinez-jelavic-je-stale-platnym-hracem\/#primaryimage\"},\"thumbnailUrl\":\"https:\/\/evertonfc.cz\/wp-content\/uploads\/2019\/01\/news.jpg\",\"articleSection\":[\"Aktuality\"],\"inLanguage\":\"cs\",\"potentialAction\":[{\"@type\":\"CommentAction\",\"name\":\"Comment\",\"target\":[\"https:\/\/evertonfc.cz\/index.php\/2013\/10\/31\/martinez-jelavic-je-stale-platnym-hracem\/#respond\"]}]},{\"@type\":\"WebPage\",\"@id\":\"https:\/\/evertonfc.cz\/index.php\/2013\/10\/31\/martinez-jelavic-je-stale-platnym-hracem\/\",\"url\":\"https:\/\/evertonfc.cz\/index.php\/2013\/10\/31\/martinez-jelavic-je-stale-platnym-hracem\/\",\"name\":\"Mart\u00ednez: Jelavi\u0107 je st\u00e1le platn\u00fdm hr\u00e1\u010dem - Official Czech &amp; Slovak Everton Supporters&#039; Club\",\"isPartOf\":{\"@id\":\"https:\/\/evertonfc.cz\/#website\"},\"primaryImageOfPage\":{\"@id\":\"https:\/\/evertonfc.cz\/index.php\/2013\/10\/31\/martinez-jelavic-je-stale-platnym-hracem\/#primaryimage\"},\"image\":{\"@id\":\"https:\/\/evertonfc.cz\/index.php\/2013\/10\/31\/martinez-jelavic-je-stale-platnym-hracem\/#primaryimage\"},\"thumbnailUrl\":\"https:\/\/evertonfc.cz\/wp-content\/uploads\/2019\/01\/news.jpg\",\"datePublished\":\"2013-10-31T20:47:02+00:00\",\"dateModified\":\"2019-02-15T07:38:19+00:00\",\"breadcrumb\":{\"@id\":\"https:\/\/evertonfc.cz\/index.php\/2013\/10\/31\/martinez-jelavic-je-stale-platnym-hracem\/#breadcrumb\"},\"inLanguage\":\"cs\",\"potentialAction\":[{\"@type\":\"ReadAction\",\"target\":[\"https:\/\/evertonfc.cz\/index.php\/2013\/10\/31\/martinez-jelavic-je-stale-platnym-hracem\/\"]}]},{\"@type\":\"ImageObject\",\"inLanguage\":\"cs\",\"@id\":\"https:\/\/evertonfc.cz\/index.php\/2013\/10\/31\/martinez-jelavic-je-stale-platnym-hracem\/#primaryimage\",\"url\":\"https:\/\/evertonfc.cz\/wp-content\/uploads\/2019\/01\/news.jpg\",\"contentUrl\":\"https:\/\/evertonfc.cz\/wp-content\/uploads\/2019\/01\/news.jpg\",\"width\":720,\"height\":405},{\"@type\":\"BreadcrumbList\",\"@id\":\"https:\/\/evertonfc.cz\/index.php\/2013\/10\/31\/martinez-jelavic-je-stale-platnym-hracem\/#breadcrumb\",\"itemListElement\":[{\"@type\":\"ListItem\",\"position\":1,\"name\":\"Home\",\"item\":\"https:\/\/evertonfc.cz\/\"},{\"@type\":\"ListItem\",\"position\":2,\"name\":\"Mart\u00ednez: Jelavi\u0107 je st\u00e1le platn\u00fdm hr\u00e1\u010dem\"}]},{\"@type\":\"WebSite\",\"@id\":\"https:\/\/evertonfc.cz\/#website\",\"url\":\"https:\/\/evertonfc.cz\/\",\"name\":\"Official Czech &amp; Slovak Everton Supporters&#039; Club\",\"description\":\"\",\"publisher\":{\"@id\":\"https:\/\/evertonfc.cz\/#organization\"},\"potentialAction\":[{\"@type\":\"SearchAction\",\"target\":{\"@type\":\"EntryPoint\",\"urlTemplate\":\"https:\/\/evertonfc.cz\/?s={search_term_string}\"},\"query-input\":{\"@type\":\"PropertyValueSpecification\",\"valueRequired\":true,\"valueName\":\"search_term_string\"}}],\"inLanguage\":\"cs\"},{\"@type\":\"Organization\",\"@id\":\"https:\/\/evertonfc.cz\/#organization\",\"name\":\"Official Czech & Slovak Everton Supporters' Club\",\"url\":\"https:\/\/evertonfc.cz\/\",\"logo\":{\"@type\":\"ImageObject\",\"inLanguage\":\"cs\",\"@id\":\"https:\/\/evertonfc.cz\/#\/schema\/logo\/image\/\",\"url\":\"https:\/\/evertonfc.cz\/wp-content\/uploads\/2019\/05\/logo.png\",\"contentUrl\":\"https:\/\/evertonfc.cz\/wp-content\/uploads\/2019\/05\/logo.png\",\"width\":112,\"height\":112,\"caption\":\"Official Czech & Slovak Everton Supporters' Club\"},\"image\":{\"@id\":\"https:\/\/evertonfc.cz\/#\/schema\/logo\/image\/\"},\"sameAs\":[\"https:\/\/www.facebook.com\/everton.fans.cz.sk\"]},{\"@type\":\"Person\",\"@id\":\"https:\/\/evertonfc.cz\/#\/schema\/person\/f7a5daedb2ffee98480bc70e191aaef1\",\"name\":\"Ri\u010di\",\"sameAs\":[\"https:\/\/x.com\/rbrejsa\"],\"url\":\"https:\/\/evertonfc.cz\/index.php\/author\/rici\/\"}]}<\/script>\n<!-- \/ Yoast SEO plugin. -->","yoast_head_json":{"title":"Mart\u00ednez: Jelavi\u0107 je st\u00e1le platn\u00fdm hr\u00e1\u010dem - Official Czech &amp; Slovak Everton Supporters&#039; Club","robots":{"index":"index","follow":"follow","max-snippet":"max-snippet:-1","max-image-preview":"max-image-preview:large","max-video-preview":"max-video-preview:-1"},"canonical":"https:\/\/evertonfc.cz\/index.php\/2013\/10\/31\/martinez-jelavic-je-stale-platnym-hracem\/","og_locale":"cs_CZ","og_type":"article","og_title":"Mart\u00ednez: Jelavi\u0107 je st\u00e1le platn\u00fdm hr\u00e1\u010dem - Official Czech &amp; Slovak Everton Supporters&#039; Club","og_description":"Roberto Mart\u00ednez neodepsal Nikicu Jelavi\u0107e, je si v\u011bdom jeho kvalit, a tak ho vyz\u00fdv\u00e1, aby zabojoval a pokusil se op\u011bt&hellip;","og_url":"https:\/\/evertonfc.cz\/index.php\/2013\/10\/31\/martinez-jelavic-je-stale-platnym-hracem\/","og_site_name":"Official Czech &amp; Slovak Everton Supporters&#039; Club","article_publisher":"https:\/\/www.facebook.com\/everton.fans.cz.sk","article_published_time":"2013-10-31T20:47:02+00:00","article_modified_time":"2019-02-15T07:38:19+00:00","og_image":[{"width":720,"height":405,"url":"https:\/\/evertonfc.cz\/wp-content\/uploads\/2019\/01\/news.jpg","type":"image\/jpeg"}],"author":"Ri\u010di","twitter_card":"summary_large_image","twitter_creator":"@rbrejsa","twitter_misc":{"Napsal(a)":"Ri\u010di","Odhadovan\u00e1 doba \u010dten\u00ed":"3 minuty"},"schema":{"@context":"https:\/\/schema.org","@graph":[{"@type":"Article","@id":"https:\/\/evertonfc.cz\/index.php\/2013\/10\/31\/martinez-jelavic-je-stale-platnym-hracem\/#article","isPartOf":{"@id":"https:\/\/evertonfc.cz\/index.php\/2013\/10\/31\/martinez-jelavic-je-stale-platnym-hracem\/"},"author":{"name":"Ri\u010di","@id":"https:\/\/evertonfc.cz\/#\/schema\/person\/f7a5daedb2ffee98480bc70e191aaef1"},"headline":"Mart\u00ednez: Jelavi\u0107 je st\u00e1le platn\u00fdm hr\u00e1\u010dem","datePublished":"2013-10-31T20:47:02+00:00","dateModified":"2019-02-15T07:38:19+00:00","mainEntityOfPage":{"@id":"https:\/\/evertonfc.cz\/index.php\/2013\/10\/31\/martinez-jelavic-je-stale-platnym-hracem\/"},"wordCount":537,"commentCount":0,"publisher":{"@id":"https:\/\/evertonfc.cz\/#organization"},"image":{"@id":"https:\/\/evertonfc.cz\/index.php\/2013\/10\/31\/martinez-jelavic-je-stale-platnym-hracem\/#primaryimage"},"thumbnailUrl":"https:\/\/evertonfc.cz\/wp-content\/uploads\/2019\/01\/news.jpg","articleSection":["Aktuality"],"inLanguage":"cs","potentialAction":[{"@type":"CommentAction","name":"Comment","target":["https:\/\/evertonfc.cz\/index.php\/2013\/10\/31\/martinez-jelavic-je-stale-platnym-hracem\/#respond"]}]},{"@type":"WebPage","@id":"https:\/\/evertonfc.cz\/index.php\/2013\/10\/31\/martinez-jelavic-je-stale-platnym-hracem\/","url":"https:\/\/evertonfc.cz\/index.php\/2013\/10\/31\/martinez-jelavic-je-stale-platnym-hracem\/","name":"Mart\u00ednez: Jelavi\u0107 je st\u00e1le platn\u00fdm hr\u00e1\u010dem - Official Czech &amp; Slovak Everton Supporters&#039; Club","isPartOf":{"@id":"https:\/\/evertonfc.cz\/#website"},"primaryImageOfPage":{"@id":"https:\/\/evertonfc.cz\/index.php\/2013\/10\/31\/martinez-jelavic-je-stale-platnym-hracem\/#primaryimage"},"image":{"@id":"https:\/\/evertonfc.cz\/index.php\/2013\/10\/31\/martinez-jelavic-je-stale-platnym-hracem\/#primaryimage"},"thumbnailUrl":"https:\/\/evertonfc.cz\/wp-content\/uploads\/2019\/01\/news.jpg","datePublished":"2013-10-31T20:47:02+00:00","dateModified":"2019-02-15T07:38:19+00:00","breadcrumb":{"@id":"https:\/\/evertonfc.cz\/index.php\/2013\/10\/31\/martinez-jelavic-je-stale-platnym-hracem\/#breadcrumb"},"inLanguage":"cs","potentialAction":[{"@type":"ReadAction","target":["https:\/\/evertonfc.cz\/index.php\/2013\/10\/31\/martinez-jelavic-je-stale-platnym-hracem\/"]}]},{"@type":"ImageObject","inLanguage":"cs","@id":"https:\/\/evertonfc.cz\/index.php\/2013\/10\/31\/martinez-jelavic-je-stale-platnym-hracem\/#primaryimage","url":"https:\/\/evertonfc.cz\/wp-content\/uploads\/2019\/01\/news.jpg","contentUrl":"https:\/\/evertonfc.cz\/wp-content\/uploads\/2019\/01\/news.jpg","width":720,"height":405},{"@type":"BreadcrumbList","@id":"https:\/\/evertonfc.cz\/index.php\/2013\/10\/31\/martinez-jelavic-je-stale-platnym-hracem\/#breadcrumb","itemListElement":[{"@type":"ListItem","position":1,"name":"Home","item":"https:\/\/evertonfc.cz\/"},{"@type":"ListItem","position":2,"name":"Mart\u00ednez: Jelavi\u0107 je st\u00e1le platn\u00fdm hr\u00e1\u010dem"}]},{"@type":"WebSite","@id":"https:\/\/evertonfc.cz\/#website","url":"https:\/\/evertonfc.cz\/","name":"Official Czech &amp; Slovak Everton Supporters&#039; Club","description":"","publisher":{"@id":"https:\/\/evertonfc.cz\/#organization"},"potentialAction":[{"@type":"SearchAction","target":{"@type":"EntryPoint","urlTemplate":"https:\/\/evertonfc.cz\/?s={search_term_string}"},"query-input":{"@type":"PropertyValueSpecification","valueRequired":true,"valueName":"search_term_string"}}],"inLanguage":"cs"},{"@type":"Organization","@id":"https:\/\/evertonfc.cz\/#organization","name":"Official Czech & Slovak Everton Supporters' Club","url":"https:\/\/evertonfc.cz\/","logo":{"@type":"ImageObject","inLanguage":"cs","@id":"https:\/\/evertonfc.cz\/#\/schema\/logo\/image\/","url":"https:\/\/evertonfc.cz\/wp-content\/uploads\/2019\/05\/logo.png","contentUrl":"https:\/\/evertonfc.cz\/wp-content\/uploads\/2019\/05\/logo.png","width":112,"height":112,"caption":"Official Czech & Slovak Everton Supporters' Club"},"image":{"@id":"https:\/\/evertonfc.cz\/#\/schema\/logo\/image\/"},"sameAs":["https:\/\/www.facebook.com\/everton.fans.cz.sk"]},{"@type":"Person","@id":"https:\/\/evertonfc.cz\/#\/schema\/person\/f7a5daedb2ffee98480bc70e191aaef1","name":"Ri\u010di","sameAs":["https:\/\/x.com\/rbrejsa"],"url":"https:\/\/evertonfc.cz\/index.php\/author\/rici\/"}]}},"_links":{"self":[{"href":"https:\/\/evertonfc.cz\/index.php\/wp-json\/wp\/v2\/posts\/5285"}],"collection":[{"href":"https:\/\/evertonfc.cz\/index.php\/wp-json\/wp\/v2\/posts"}],"about":[{"href":"https:\/\/evertonfc.cz\/index.php\/wp-json\/wp\/v2\/types\/post"}],"author":[{"embeddable":true,"href":"https:\/\/evertonfc.cz\/index.php\/wp-json\/wp\/v2\/users\/6"}],"replies":[{"embeddable":true,"href":"https:\/\/evertonfc.cz\/index.php\/wp-json\/wp\/v2\/comments?post=5285"}],"version-history":[{"count":3,"href":"https:\/\/evertonfc.cz\/index.php\/wp-json\/wp\/v2\/posts\/5285\/revisions"}],"predecessor-version":[{"id":5486,"href":"https:\/\/evertonfc.cz\/index.php\/wp-json\/wp\/v2\/posts\/5285\/revisions\/5486"}],"wp:featuredmedia":[{"embeddable":true,"href":"https:\/\/evertonfc.cz\/index.php\/wp-json\/wp\/v2\/media\/1313"}],"wp:attachment":[{"href":"https:\/\/evertonfc.cz\/index.php\/wp-json\/wp\/v2\/media?parent=5285"}],"wp:term":[{"taxonomy":"category","embeddable":true,"href":"https:\/\/evertonfc.cz\/index.php\/wp-json\/wp\/v2\/categories?post=5285"},{"taxonomy":"post_tag","embeddable":true,"href":"https:\/\/evertonfc.cz\/index.php\/wp-json\/wp\/v2\/tags?post=5285"}],"curies":[{"name":"wp","href":"https:\/\/api.w.org\/{rel}","templated":true}]}}