{"id":5286,"date":"2013-09-02T21:47:09","date_gmt":"2013-09-02T19:47:09","guid":{"rendered":"http:\/\/evertonfc.cz\/?p=5286"},"modified":"2019-02-15T09:12:10","modified_gmt":"2019-02-15T08:12:10","slug":"o-slovo-se-hlasi-deadline-day","status":"publish","type":"post","link":"https:\/\/evertonfc.cz\/index.php\/2013\/09\/02\/o-slovo-se-hlasi-deadline-day\/","title":{"rendered":"O slovo se hl\u00e1s\u00ed Deadline Day"},"content":{"rendered":"<h4 id=\"NewsPostDetailSummary\">Bl\u00e1zniv\u00fd Deadline Day p\u0159inesl zaj\u00edmavou z\u00e1pletku. B\u011bhem jeho posledn\u00edch minut se v Evertonu upeklo hned p\u011bt zm\u011bn. Fellaini a Anichebe jsou pry\u010d, Lukaku, Barry a McCarthy budou obl\u00e9kat modr\u00fd dres.<\/h4>\n<div id=\"NewsPostDetailContent\">\n<p>Everton ale ne\u010dekal a\u017e na pond\u011bl\u00ed, u\u017e o v\u00edkendu neusp\u011bl s\u00a0p\u0159estupem v hodnot\u011b \u00a310m za z\u00e1lo\u017en\u00edka Jamese McCarthyho, aspo\u0148 tak tvrd\u00ed p\u0159edseda Wiganu Dave Whelan. Roberto Mart\u00ednez ned\u00e1vno vyj\u00e1d\u0159il slabost pro sv\u00e9ho b\u00fdval\u00e9ho sv\u011b\u0159ence a \u0161estn\u00e1ctin\u00e1sobn\u00e9ho reprezentanta Irska, nyn\u00ed se odhodlal k \u010din\u016fm, zvl\u00e1\u0161t\u011b kdy\u017e budoucnost Marouaneho Fellainiho nen\u00ed jist\u00e1 kv\u016fli z\u00e1jmu ze strany Manchesteru United.<\/p>\n<p>Whelan celou situaci komentoval n\u00e1sledn\u011b: <em>\u201eDouf\u00e1m v setrv\u00e1n\u00ed Jamese, jen\u017ee mu nehodl\u00e1m st\u00e1t v cest\u011b. \u010cek\u00e1me, jak se vyvine situace v Evertonu, proto se nach\u00e1z\u00edme v obt\u00ed\u017en\u00e9 pozici. Nab\u00eddku jsme odm\u00edtli, proto\u017ee jej\u00ed hodnota se neshodovala s na\u0161\u00ed p\u0159edstavy. Pokud Jamese prod\u00e1me, budeme muset m\u00edsto n\u011bj n\u011bkoho koupit, a to nen\u00ed lehk\u00e9. Opravdu douf\u00e1m v jeho setrv\u00e1n\u00ed. V\u0161ichni vypadaj\u00ed, \u017ee budou aktivn\u00ed do posledn\u00ed minuty.\u201c<\/em><\/p>\n<p><em>9:35 <\/em>A o \u010dem se spekuluje? Je toho dost. Pokud Everton chce McCarthyho, mus\u00ed nav\u00fd\u0161it nab\u00eddku na \u00a314m, trv\u00e1 z\u00e1jem o hostov\u00e1n\u00ed Garetha Barryho z Manchesteru City, probl\u00e9m je v jeho t\u00fddenn\u00edm platu \u00a3130 000. V \u00favahu p\u0159ipad\u00e1 Tom Ince z Blackpoolu, Diogo Viana z Gil Vicente, Ryan Bertrand z Chelsea a nad\u011bjn\u00fd holandsk\u00fd obr\u00e1nce Bruno Martins Indi.<\/p>\n<p>West Brom podal sumu \u00a33,5m za Vica Anichebeho, Toffees cht\u011bj\u00ed \u00a35m. Na \u017e\u00e1dan\u00e9 zbo\u017e\u00ed Leightona Bainese a Marouaneho Fellainiho t\u00e9\u017e vypsali minim\u00e1ln\u00ed propou\u0161t\u011bc\u00ed \u010d\u00e1stku a u obou stejnou, \u00a325m za jednoho.\u00a0Vitesse Arnhem stoj\u00ed o hostov\u00e1n\u00ed Francisca Juniora, kluby moment\u00e1ln\u011b jednaj\u00ed.<\/p>\n<p><em>11:15\u00a0 <\/em><strong>OFICI\u00c1LN\u011a: <\/strong>Francisco Junior str\u00e1v\u00ed leto\u0161n\u00ed sez\u00f3nu na hostov\u00e1n\u00ed v Vitesse Arnhem. Portugalsk\u00fd z\u00e1lo\u017en\u00edk od sv\u00e9ho p\u0159\u00edchodu v zim\u011b 2012 nasko\u010dil za prvn\u00ed mu\u017estvo pouze do jednoho utk\u00e1n\u00ed, v lo\u0148sk\u00e9m roce debutoval p\u0159i vypadnut\u00ed z Ligov\u00e9ho poh\u00e1ru s Leedsem. V nizozemsk\u00e9m prvoligov\u00e9m klubu bude nab\u00edrat hern\u00ed praxi.<\/p>\n<p><strong>OFICI\u00c1LN\u011a:<\/strong> Jin\u00fd mlad\u00edk, Conor McAleny, ukon\u010dil hostov\u00e1n\u00ed v Brentfordu. 23. srpna si toti\u017e zlomil ve st\u0159etnut\u00ed s Walsallem holenn\u00ed kost a drtivou v\u011bt\u0161inu ro\u010dn\u00edku 2013\/14 mu zabere rehabilitace.<\/p>\n<p><em>14:15<\/em>\u00a0 Na Finch Farm aktu\u00e1ln\u011b vl\u00e1dne ticho p\u0159ed bou\u0159\u00ed. Dle Phila McNultyho z BBC se Manchester United a Everton p\u0159ibli\u017e\u00edli dohod\u011b ohledn\u011b transferu Marouaneho Fellainiho. V p\u0159\u00edpad\u011b Belgi\u010danova prodeje by Roberto Mart\u00ednez za\u010dal b\u00fdt na trhu aktivn\u00ed.<\/p>\n<p><em>22:30<\/em>\u00a0 Hodinu a p\u016fl do konce okna se v\u011bci d\u00e1vaj\u00ed do pohybu. Fellaini podal \u017e\u00e1dost o p\u0159estup, Toffees za n\u011bj v\u0161ak nemaj\u00ed n\u00e1hradu. P\u0159estup McCarthyho, zd\u00e1 se, padl, jeliko\u017e Wigan nep\u0159istoupil na spl\u00e1cen\u00ed \u010d\u00e1stky po \u010dty\u0159i roky. Fernando z Porta u\u017e odpoledne sv\u016fj p\u0159esun vylou\u010dil.<\/p>\n<p>West Brom se zaj\u00edm\u00e1 o Anichebeho, Nigerijec \u00fadajn\u011b pr\u00e1v\u011b podstupuje l\u00e9ka\u0159skou prohl\u00eddkou. M\u00edsto n\u011bj se vyhl\u00e9dl na hostov\u00e1n\u00ed Lukaku, jen\u017e ov\u0161em up\u0159ednost\u0148uje anga\u017em\u00e1 na The Hawthorns. Situace nevypad\u00e1 p\u0159\u00edli\u0161 r\u016f\u017eov\u011b.<\/p>\n<p><em>23:40 <\/em>\u00a0Gareth Barry dorazil na Finch Farm, EFC a Manchester City nalezli dohodu o jeho hostov\u00e1n\u00ed. Chelsea by r\u00e1da uvolnila Lukakua na hostov\u00e1n\u00ed na Goodison.<\/p>\n<p><em>23:55\u00a0 <\/em>Na posledn\u00ed chv\u00edli se r\u00fdsuje obrat. Whelan pr\u00fd souhlasil s nab\u00eddkou\u00a0\u00a313m za Jamese McCarthyho!<\/p>\n<p><em>00:00\u00a0 <\/em>P\u0159estupov\u00e9 okno pro l\u00e9to 2013 je zav\u0159en\u00e9, st\u00e1le ale nen\u00ed jasn\u00e1 budoucnost u McCarthyho, Barryho, Lukakua, Anichebeho a Fellainiho.<\/p>\n<p><em>0:35<\/em>\u00a0 McCarthy v Evertonu za\u00a0\u00a312m, Lukaku na sez\u00f3nn\u00ed hostov\u00e1n\u00ed a Fellaini do Manchesteru United za\u00a0\u00a327,5m.<\/p>\n<p><em>1:00\u00a0 <\/em><strong>OFICI\u00c1LN\u011a:<\/strong> Marouane Fellaini odch\u00e1z\u00ed do Manchesteru United za \u00a327,5m, Everton opou\u0161t\u00ed tak\u00e9 Vic Anichebe, jeho p\u0159estup do West Bromu se m\u016f\u017ee vy\u0161plhat k \u010d\u00e1stce \u00a36m.<\/p>\n<p>A n\u00e1hrady? James McCarthy z Wiganu st\u00e1l Toffees \u00a313m. Gareth Barry a Romelu Lukaku z Manchesteru City respektive Chelsea p\u0159ich\u00e1zej\u00ed na ro\u010dn\u00ed hostov\u00e1n\u00ed.<\/p>\n<\/div>\n","protected":false},"excerpt":{"rendered":"<p>Bl\u00e1zniv\u00fd Deadline Day p\u0159inesl zaj\u00edmavou z\u00e1pletku. B\u011bhem jeho posledn\u00edch minut se v Evertonu upeklo hned p\u011bt zm\u011bn. Fellaini a Anichebe&hellip;<\/p>\n","protected":false},"author":6,"featured_media":1316,"comment_status":"open","ping_status":"closed","sticky":false,"template":"","format":"standard","meta":{"_eb_attr":"","_monsterinsights_skip_tracking":false,"_monsterinsights_sitenote_active":false,"_monsterinsights_sitenote_note":"","_monsterinsights_sitenote_category":0,"footnotes":""},"categories":[41],"tags":[],"yoast_head":"<!-- This site is optimized with the Yoast SEO plugin v23.4 - https:\/\/yoast.com\/wordpress\/plugins\/seo\/ -->\n<title>O slovo se hl\u00e1s\u00ed Deadline Day - Official Czech &amp; Slovak Everton Supporters&#039; Club<\/title>\n<meta name=\"robots\" content=\"index, follow, max-snippet:-1, max-image-preview:large, max-video-preview:-1\" \/>\n<link rel=\"canonical\" href=\"https:\/\/evertonfc.cz\/index.php\/2013\/09\/02\/o-slovo-se-hlasi-deadline-day\/\" \/>\n<meta property=\"og:locale\" content=\"cs_CZ\" \/>\n<meta property=\"og:type\" content=\"article\" \/>\n<meta property=\"og:title\" content=\"O slovo se hl\u00e1s\u00ed Deadline Day - Official Czech &amp; Slovak Everton Supporters&#039; Club\" \/>\n<meta property=\"og:description\" content=\"Bl\u00e1zniv\u00fd Deadline Day p\u0159inesl zaj\u00edmavou z\u00e1pletku. B\u011bhem jeho posledn\u00edch minut se v Evertonu upeklo hned p\u011bt zm\u011bn. Fellaini a Anichebe&hellip;\" \/>\n<meta property=\"og:url\" content=\"https:\/\/evertonfc.cz\/index.php\/2013\/09\/02\/o-slovo-se-hlasi-deadline-day\/\" \/>\n<meta property=\"og:site_name\" content=\"Official Czech &amp; Slovak Everton Supporters&#039; Club\" \/>\n<meta property=\"article:publisher\" content=\"https:\/\/www.facebook.com\/everton.fans.cz.sk\" \/>\n<meta property=\"article:published_time\" content=\"2013-09-02T19:47:09+00:00\" \/>\n<meta property=\"article:modified_time\" content=\"2019-02-15T08:12:10+00:00\" \/>\n<meta property=\"og:image\" content=\"https:\/\/evertonfc.cz\/wp-content\/uploads\/2019\/01\/transfer.jpg\" \/>\n\t<meta property=\"og:image:width\" content=\"720\" \/>\n\t<meta property=\"og:image:height\" content=\"405\" \/>\n\t<meta property=\"og:image:type\" content=\"image\/jpeg\" \/>\n<meta name=\"author\" content=\"Ri\u010di\" \/>\n<meta name=\"twitter:card\" content=\"summary_large_image\" \/>\n<meta name=\"twitter:creator\" content=\"@rbrejsa\" \/>\n<meta name=\"twitter:label1\" content=\"Napsal(a)\" \/>\n\t<meta name=\"twitter:data1\" content=\"Ri\u010di\" \/>\n\t<meta name=\"twitter:label2\" content=\"Odhadovan\u00e1 doba \u010dten\u00ed\" \/>\n\t<meta name=\"twitter:data2\" content=\"4 minuty\" \/>\n<script type=\"application\/ld+json\" class=\"yoast-schema-graph\">{\"@context\":\"https:\/\/schema.org\",\"@graph\":[{\"@type\":\"Article\",\"@id\":\"https:\/\/evertonfc.cz\/index.php\/2013\/09\/02\/o-slovo-se-hlasi-deadline-day\/#article\",\"isPartOf\":{\"@id\":\"https:\/\/evertonfc.cz\/index.php\/2013\/09\/02\/o-slovo-se-hlasi-deadline-day\/\"},\"author\":{\"name\":\"Ri\u010di\",\"@id\":\"https:\/\/evertonfc.cz\/#\/schema\/person\/f7a5daedb2ffee98480bc70e191aaef1\"},\"headline\":\"O slovo se hl\u00e1s\u00ed Deadline Day\",\"datePublished\":\"2013-09-02T19:47:09+00:00\",\"dateModified\":\"2019-02-15T08:12:10+00:00\",\"mainEntityOfPage\":{\"@id\":\"https:\/\/evertonfc.cz\/index.php\/2013\/09\/02\/o-slovo-se-hlasi-deadline-day\/\"},\"wordCount\":720,\"commentCount\":0,\"publisher\":{\"@id\":\"https:\/\/evertonfc.cz\/#organization\"},\"image\":{\"@id\":\"https:\/\/evertonfc.cz\/index.php\/2013\/09\/02\/o-slovo-se-hlasi-deadline-day\/#primaryimage\"},\"thumbnailUrl\":\"https:\/\/evertonfc.cz\/wp-content\/uploads\/2019\/01\/transfer.jpg\",\"articleSection\":[\"P\u0159estupy\"],\"inLanguage\":\"cs\",\"potentialAction\":[{\"@type\":\"CommentAction\",\"name\":\"Comment\",\"target\":[\"https:\/\/evertonfc.cz\/index.php\/2013\/09\/02\/o-slovo-se-hlasi-deadline-day\/#respond\"]}]},{\"@type\":\"WebPage\",\"@id\":\"https:\/\/evertonfc.cz\/index.php\/2013\/09\/02\/o-slovo-se-hlasi-deadline-day\/\",\"url\":\"https:\/\/evertonfc.cz\/index.php\/2013\/09\/02\/o-slovo-se-hlasi-deadline-day\/\",\"name\":\"O slovo se hl\u00e1s\u00ed Deadline Day - Official Czech &amp; Slovak Everton Supporters&#039; Club\",\"isPartOf\":{\"@id\":\"https:\/\/evertonfc.cz\/#website\"},\"primaryImageOfPage\":{\"@id\":\"https:\/\/evertonfc.cz\/index.php\/2013\/09\/02\/o-slovo-se-hlasi-deadline-day\/#primaryimage\"},\"image\":{\"@id\":\"https:\/\/evertonfc.cz\/index.php\/2013\/09\/02\/o-slovo-se-hlasi-deadline-day\/#primaryimage\"},\"thumbnailUrl\":\"https:\/\/evertonfc.cz\/wp-content\/uploads\/2019\/01\/transfer.jpg\",\"datePublished\":\"2013-09-02T19:47:09+00:00\",\"dateModified\":\"2019-02-15T08:12:10+00:00\",\"breadcrumb\":{\"@id\":\"https:\/\/evertonfc.cz\/index.php\/2013\/09\/02\/o-slovo-se-hlasi-deadline-day\/#breadcrumb\"},\"inLanguage\":\"cs\",\"potentialAction\":[{\"@type\":\"ReadAction\",\"target\":[\"https:\/\/evertonfc.cz\/index.php\/2013\/09\/02\/o-slovo-se-hlasi-deadline-day\/\"]}]},{\"@type\":\"ImageObject\",\"inLanguage\":\"cs\",\"@id\":\"https:\/\/evertonfc.cz\/index.php\/2013\/09\/02\/o-slovo-se-hlasi-deadline-day\/#primaryimage\",\"url\":\"https:\/\/evertonfc.cz\/wp-content\/uploads\/2019\/01\/transfer.jpg\",\"contentUrl\":\"https:\/\/evertonfc.cz\/wp-content\/uploads\/2019\/01\/transfer.jpg\",\"width\":720,\"height\":405},{\"@type\":\"BreadcrumbList\",\"@id\":\"https:\/\/evertonfc.cz\/index.php\/2013\/09\/02\/o-slovo-se-hlasi-deadline-day\/#breadcrumb\",\"itemListElement\":[{\"@type\":\"ListItem\",\"position\":1,\"name\":\"Home\",\"item\":\"https:\/\/evertonfc.cz\/\"},{\"@type\":\"ListItem\",\"position\":2,\"name\":\"O slovo se hl\u00e1s\u00ed Deadline Day\"}]},{\"@type\":\"WebSite\",\"@id\":\"https:\/\/evertonfc.cz\/#website\",\"url\":\"https:\/\/evertonfc.cz\/\",\"name\":\"Official Czech &amp; Slovak Everton Supporters&#039; Club\",\"description\":\"\",\"publisher\":{\"@id\":\"https:\/\/evertonfc.cz\/#organization\"},\"potentialAction\":[{\"@type\":\"SearchAction\",\"target\":{\"@type\":\"EntryPoint\",\"urlTemplate\":\"https:\/\/evertonfc.cz\/?s={search_term_string}\"},\"query-input\":{\"@type\":\"PropertyValueSpecification\",\"valueRequired\":true,\"valueName\":\"search_term_string\"}}],\"inLanguage\":\"cs\"},{\"@type\":\"Organization\",\"@id\":\"https:\/\/evertonfc.cz\/#organization\",\"name\":\"Official Czech & Slovak Everton Supporters' Club\",\"url\":\"https:\/\/evertonfc.cz\/\",\"logo\":{\"@type\":\"ImageObject\",\"inLanguage\":\"cs\",\"@id\":\"https:\/\/evertonfc.cz\/#\/schema\/logo\/image\/\",\"url\":\"https:\/\/evertonfc.cz\/wp-content\/uploads\/2019\/05\/logo.png\",\"contentUrl\":\"https:\/\/evertonfc.cz\/wp-content\/uploads\/2019\/05\/logo.png\",\"width\":112,\"height\":112,\"caption\":\"Official Czech & Slovak Everton Supporters' Club\"},\"image\":{\"@id\":\"https:\/\/evertonfc.cz\/#\/schema\/logo\/image\/\"},\"sameAs\":[\"https:\/\/www.facebook.com\/everton.fans.cz.sk\"]},{\"@type\":\"Person\",\"@id\":\"https:\/\/evertonfc.cz\/#\/schema\/person\/f7a5daedb2ffee98480bc70e191aaef1\",\"name\":\"Ri\u010di\",\"sameAs\":[\"https:\/\/x.com\/rbrejsa\"],\"url\":\"https:\/\/evertonfc.cz\/index.php\/author\/rici\/\"}]}<\/script>\n<!-- \/ Yoast SEO plugin. -->","yoast_head_json":{"title":"O slovo se hl\u00e1s\u00ed Deadline Day - Official Czech &amp; Slovak Everton Supporters&#039; Club","robots":{"index":"index","follow":"follow","max-snippet":"max-snippet:-1","max-image-preview":"max-image-preview:large","max-video-preview":"max-video-preview:-1"},"canonical":"https:\/\/evertonfc.cz\/index.php\/2013\/09\/02\/o-slovo-se-hlasi-deadline-day\/","og_locale":"cs_CZ","og_type":"article","og_title":"O slovo se hl\u00e1s\u00ed Deadline Day - Official Czech &amp; Slovak Everton Supporters&#039; Club","og_description":"Bl\u00e1zniv\u00fd Deadline Day p\u0159inesl zaj\u00edmavou z\u00e1pletku. B\u011bhem jeho posledn\u00edch minut se v Evertonu upeklo hned p\u011bt zm\u011bn. Fellaini a Anichebe&hellip;","og_url":"https:\/\/evertonfc.cz\/index.php\/2013\/09\/02\/o-slovo-se-hlasi-deadline-day\/","og_site_name":"Official Czech &amp; Slovak Everton Supporters&#039; Club","article_publisher":"https:\/\/www.facebook.com\/everton.fans.cz.sk","article_published_time":"2013-09-02T19:47:09+00:00","article_modified_time":"2019-02-15T08:12:10+00:00","og_image":[{"width":720,"height":405,"url":"https:\/\/evertonfc.cz\/wp-content\/uploads\/2019\/01\/transfer.jpg","type":"image\/jpeg"}],"author":"Ri\u010di","twitter_card":"summary_large_image","twitter_creator":"@rbrejsa","twitter_misc":{"Napsal(a)":"Ri\u010di","Odhadovan\u00e1 doba \u010dten\u00ed":"4 minuty"},"schema":{"@context":"https:\/\/schema.org","@graph":[{"@type":"Article","@id":"https:\/\/evertonfc.cz\/index.php\/2013\/09\/02\/o-slovo-se-hlasi-deadline-day\/#article","isPartOf":{"@id":"https:\/\/evertonfc.cz\/index.php\/2013\/09\/02\/o-slovo-se-hlasi-deadline-day\/"},"author":{"name":"Ri\u010di","@id":"https:\/\/evertonfc.cz\/#\/schema\/person\/f7a5daedb2ffee98480bc70e191aaef1"},"headline":"O slovo se hl\u00e1s\u00ed Deadline Day","datePublished":"2013-09-02T19:47:09+00:00","dateModified":"2019-02-15T08:12:10+00:00","mainEntityOfPage":{"@id":"https:\/\/evertonfc.cz\/index.php\/2013\/09\/02\/o-slovo-se-hlasi-deadline-day\/"},"wordCount":720,"commentCount":0,"publisher":{"@id":"https:\/\/evertonfc.cz\/#organization"},"image":{"@id":"https:\/\/evertonfc.cz\/index.php\/2013\/09\/02\/o-slovo-se-hlasi-deadline-day\/#primaryimage"},"thumbnailUrl":"https:\/\/evertonfc.cz\/wp-content\/uploads\/2019\/01\/transfer.jpg","articleSection":["P\u0159estupy"],"inLanguage":"cs","potentialAction":[{"@type":"CommentAction","name":"Comment","target":["https:\/\/evertonfc.cz\/index.php\/2013\/09\/02\/o-slovo-se-hlasi-deadline-day\/#respond"]}]},{"@type":"WebPage","@id":"https:\/\/evertonfc.cz\/index.php\/2013\/09\/02\/o-slovo-se-hlasi-deadline-day\/","url":"https:\/\/evertonfc.cz\/index.php\/2013\/09\/02\/o-slovo-se-hlasi-deadline-day\/","name":"O slovo se hl\u00e1s\u00ed Deadline Day - Official Czech &amp; Slovak Everton Supporters&#039; Club","isPartOf":{"@id":"https:\/\/evertonfc.cz\/#website"},"primaryImageOfPage":{"@id":"https:\/\/evertonfc.cz\/index.php\/2013\/09\/02\/o-slovo-se-hlasi-deadline-day\/#primaryimage"},"image":{"@id":"https:\/\/evertonfc.cz\/index.php\/2013\/09\/02\/o-slovo-se-hlasi-deadline-day\/#primaryimage"},"thumbnailUrl":"https:\/\/evertonfc.cz\/wp-content\/uploads\/2019\/01\/transfer.jpg","datePublished":"2013-09-02T19:47:09+00:00","dateModified":"2019-02-15T08:12:10+00:00","breadcrumb":{"@id":"https:\/\/evertonfc.cz\/index.php\/2013\/09\/02\/o-slovo-se-hlasi-deadline-day\/#breadcrumb"},"inLanguage":"cs","potentialAction":[{"@type":"ReadAction","target":["https:\/\/evertonfc.cz\/index.php\/2013\/09\/02\/o-slovo-se-hlasi-deadline-day\/"]}]},{"@type":"ImageObject","inLanguage":"cs","@id":"https:\/\/evertonfc.cz\/index.php\/2013\/09\/02\/o-slovo-se-hlasi-deadline-day\/#primaryimage","url":"https:\/\/evertonfc.cz\/wp-content\/uploads\/2019\/01\/transfer.jpg","contentUrl":"https:\/\/evertonfc.cz\/wp-content\/uploads\/2019\/01\/transfer.jpg","width":720,"height":405},{"@type":"BreadcrumbList","@id":"https:\/\/evertonfc.cz\/index.php\/2013\/09\/02\/o-slovo-se-hlasi-deadline-day\/#breadcrumb","itemListElement":[{"@type":"ListItem","position":1,"name":"Home","item":"https:\/\/evertonfc.cz\/"},{"@type":"ListItem","position":2,"name":"O slovo se hl\u00e1s\u00ed Deadline Day"}]},{"@type":"WebSite","@id":"https:\/\/evertonfc.cz\/#website","url":"https:\/\/evertonfc.cz\/","name":"Official Czech &amp; Slovak Everton Supporters&#039; Club","description":"","publisher":{"@id":"https:\/\/evertonfc.cz\/#organization"},"potentialAction":[{"@type":"SearchAction","target":{"@type":"EntryPoint","urlTemplate":"https:\/\/evertonfc.cz\/?s={search_term_string}"},"query-input":{"@type":"PropertyValueSpecification","valueRequired":true,"valueName":"search_term_string"}}],"inLanguage":"cs"},{"@type":"Organization","@id":"https:\/\/evertonfc.cz\/#organization","name":"Official Czech & Slovak Everton Supporters' Club","url":"https:\/\/evertonfc.cz\/","logo":{"@type":"ImageObject","inLanguage":"cs","@id":"https:\/\/evertonfc.cz\/#\/schema\/logo\/image\/","url":"https:\/\/evertonfc.cz\/wp-content\/uploads\/2019\/05\/logo.png","contentUrl":"https:\/\/evertonfc.cz\/wp-content\/uploads\/2019\/05\/logo.png","width":112,"height":112,"caption":"Official Czech & Slovak Everton Supporters' Club"},"image":{"@id":"https:\/\/evertonfc.cz\/#\/schema\/logo\/image\/"},"sameAs":["https:\/\/www.facebook.com\/everton.fans.cz.sk"]},{"@type":"Person","@id":"https:\/\/evertonfc.cz\/#\/schema\/person\/f7a5daedb2ffee98480bc70e191aaef1","name":"Ri\u010di","sameAs":["https:\/\/x.com\/rbrejsa"],"url":"https:\/\/evertonfc.cz\/index.php\/author\/rici\/"}]}},"_links":{"self":[{"href":"https:\/\/evertonfc.cz\/index.php\/wp-json\/wp\/v2\/posts\/5286"}],"collection":[{"href":"https:\/\/evertonfc.cz\/index.php\/wp-json\/wp\/v2\/posts"}],"about":[{"href":"https:\/\/evertonfc.cz\/index.php\/wp-json\/wp\/v2\/types\/post"}],"author":[{"embeddable":true,"href":"https:\/\/evertonfc.cz\/index.php\/wp-json\/wp\/v2\/users\/6"}],"replies":[{"embeddable":true,"href":"https:\/\/evertonfc.cz\/index.php\/wp-json\/wp\/v2\/comments?post=5286"}],"version-history":[{"count":3,"href":"https:\/\/evertonfc.cz\/index.php\/wp-json\/wp\/v2\/posts\/5286\/revisions"}],"predecessor-version":[{"id":5523,"href":"https:\/\/evertonfc.cz\/index.php\/wp-json\/wp\/v2\/posts\/5286\/revisions\/5523"}],"wp:featuredmedia":[{"embeddable":true,"href":"https:\/\/evertonfc.cz\/index.php\/wp-json\/wp\/v2\/media\/1316"}],"wp:attachment":[{"href":"https:\/\/evertonfc.cz\/index.php\/wp-json\/wp\/v2\/media?parent=5286"}],"wp:term":[{"taxonomy":"category","embeddable":true,"href":"https:\/\/evertonfc.cz\/index.php\/wp-json\/wp\/v2\/categories?post=5286"},{"taxonomy":"post_tag","embeddable":true,"href":"https:\/\/evertonfc.cz\/index.php\/wp-json\/wp\/v2\/tags?post=5286"}],"curies":[{"name":"wp","href":"https:\/\/api.w.org\/{rel}","templated":true}]}}