{"id":5288,"date":"2013-10-27T21:48:35","date_gmt":"2013-10-27T20:48:35","guid":{"rendered":"http:\/\/evertonfc.cz\/?p=5288"},"modified":"2019-02-15T08:38:42","modified_gmt":"2019-02-15T07:38:42","slug":"aston-villa-everton-02","status":"publish","type":"post","link":"https:\/\/evertonfc.cz\/index.php\/2013\/10\/27\/aston-villa-everton-02\/","title":{"rendered":"Aston Villa &#8211; Everton 0:2"},"content":{"rendered":"<h4 id=\"NewsPostDetailSummary\">Leon Osman si za sv\u00e9 posledn\u00ed v\u00fdkony vyslou\u017eil kritiku a m\u00edsto na lavi\u010dce n\u00e1hradn\u00edk\u016f. Proti Aston Ville ale op\u011bt uk\u00e1zal sv\u00e9 schopnosti, jako st\u0159\u00eddaj\u00edc\u00ed hr\u00e1\u010d asistenc\u00ed a g\u00f3lem dovedl Everton k v\u00edt\u011bzstv\u00ed.<\/h4>\n<div id=\"NewsPostDetailContent\">\n<p>Nebylo by ale spravedliv\u00e9 vychvalovat pouze Ossieho, ve Villa Parku Toffees zachr\u00e1nili i jin\u00ed. V \u00favodu se hlavn\u011b zaskv\u011bl skv\u011bl\u00fd Tim Howard. Nejprve bravurn\u011b vyrazil penaltov\u00fd pokus Bentekeho po nezodpov\u011bdn\u00e9m faulu Colemana pr\u00e1v\u011b na Belgi\u010dana. A jeliko\u017e obrana Evertonu v\u00a0prvn\u00edch minut\u00e1ch po\u0159\u00e1dala den otev\u0159en\u00fdm dve\u0159\u00ed, americk\u00e1 branka\u0159sk\u00e1 jedni\u010dka se vyt\u00e1hla tak\u00e9 proti Bentekeho n\u00e1jezdu ze strany a vystihla kli\u010dku Weimanna p\u0159i samostatn\u00e9m n\u00e1jezdu.<\/p>\n<p>Postupem \u010dasu se probrali tak\u00e9 host\u00e9, Lukakovu hlavi\u010dku pohotov\u011b vyrazil Guzan, lehce te\u010dovan\u00e1 st\u0159ela Barkleyho skon\u010dila na b\u0159evn\u011b a Mirallas\u016fv zablokovan\u00fd pokus t\u011bsn\u011b minul br\u00e1nu. Lukaku se dral do dal\u0161\u00edho zakon\u010den\u00ed, v z\u00e1v\u011bru mu v\u0161ak chyb\u011bly s\u00edly na razantn\u011bj\u0161\u00ed zakon\u010den\u00ed. V polo\u010dase pln\u00e9m akc\u00ed a \u0161anc\u00ed na obou stran\u00e1ch branka p\u0159ekvapiv\u011b nepadla.<\/p>\n<p>Po p\u0159est\u00e1vce se tempo hry trochu zklidnilo, vzru\u0161en\u00ed se dostavilo a\u017e v 68. minut\u011b. P\u0159i rychl\u00e9 akci EFC Leon Osman posunul m\u00ed\u010d na Lukaka, kter\u00fd pohotov\u011b zpoza v\u00e1pna trefil voln\u00e9 m\u00edsto v doln\u00edm rohu &#8211; <strong>0:1<\/strong>. Villans tou\u017eili rychle odpov\u011bd\u011bt, hbit\u00fd Weimann vyb\u00eddl ke sk\u00f3rov\u00e1n\u00ed Agbonlahora, jen\u017e v nad\u011bjn\u00e9 situaci trefil pouze p\u0159ipraven\u00e9ho Howarda.<\/p>\n<p>V 81. minut\u011b Everton rozehr\u00e1l rohov\u00fd kop na kr\u00e1tko, Barry p\u0159ihr\u00e1l Osmanovi stoj\u00edc\u00edmu za v\u00e1pnem a odchovanec Blues okop\u00edroval g\u00f3l Lukaka &#8211; <strong>0:2<\/strong>.<\/p>\n<p>Povzbuzen\u00ed Evertonians se hnali za t\u0159et\u00ed trefou, jen\u017ee st\u0159ely Naismithe a Bainese postr\u00e1daly v\u011bt\u0161\u00ed p\u0159esnost. P\u0159esto pochopiteln\u011b panovala radost ze t\u0159\u00ed bod\u016f z\u00a0Birminghamu!<\/p>\n<p>Highlights naleznete na <a href=\"http:\/\/www.evertonfc.com\/evertontv\/home\/9538\" target=\"_blank\" rel=\"noopener\">ofici\u00e1ln\u00edch str\u00e1nk\u00e1ch<\/a>.<\/p>\n<p><strong>Branky:<\/strong> 68. Romelu Lukaku, 81. Leon Osman<br \/>\n<strong>\u017dK:<\/strong> 62. James McCarthy, 88. Tim Howard<br \/>\n<strong>Aston Villa:<\/strong> Brad Guzan, Nathan Baker, Ron Vlaar, Antonio Luna (45. Ciaran Clark), Leandro Bacuna, Ashley Westwood, Fabian Delph, Aleksandar Tonev (77. Nicklas Helenius), Andreas Weimann, Gabriel Agbonlahor, Christian Benteke<br \/>\n<strong>Everton FC:<\/strong> Tim Howard, Leighton Baines, Phil Jagielka, Sylvain Distin, S\u00e9amus Coleman, James McCarthy, Gareth Barry, Ross Barkley (60. Leon Osman), Steven Pienaar (80. Steven Naismith), Kevin Mirallas (90. Gerard Deulofeu), Romelu Lukaku<br \/>\n<strong>Rozhod\u010d\u00ed:<\/strong> Anthony Taylor<br \/>\n<strong>Div\u00e1ci:<\/strong> 35 154<\/p>\n<\/div>\n","protected":false},"excerpt":{"rendered":"<p>Leon Osman si za sv\u00e9 posledn\u00ed v\u00fdkony vyslou\u017eil kritiku a m\u00edsto na lavi\u010dce n\u00e1hradn\u00edk\u016f. Proti Aston Ville ale op\u011bt uk\u00e1zal&hellip;<\/p>\n","protected":false},"author":6,"featured_media":1315,"comment_status":"open","ping_status":"closed","sticky":false,"template":"","format":"standard","meta":{"_eb_attr":"","_monsterinsights_skip_tracking":false,"_monsterinsights_sitenote_active":false,"_monsterinsights_sitenote_note":"","_monsterinsights_sitenote_category":0,"footnotes":""},"categories":[4],"tags":[],"yoast_head":"<!-- This site is optimized with the Yoast SEO plugin v23.4 - https:\/\/yoast.com\/wordpress\/plugins\/seo\/ -->\n<title>Aston Villa - Everton 0:2 - Official Czech &amp; Slovak Everton Supporters&#039; Club<\/title>\n<meta name=\"robots\" content=\"index, follow, max-snippet:-1, max-image-preview:large, max-video-preview:-1\" \/>\n<link rel=\"canonical\" href=\"https:\/\/evertonfc.cz\/index.php\/2013\/10\/27\/aston-villa-everton-02\/\" \/>\n<meta property=\"og:locale\" content=\"cs_CZ\" \/>\n<meta property=\"og:type\" content=\"article\" \/>\n<meta property=\"og:title\" content=\"Aston Villa - Everton 0:2 - Official Czech &amp; Slovak Everton Supporters&#039; Club\" \/>\n<meta property=\"og:description\" content=\"Leon Osman si za sv\u00e9 posledn\u00ed v\u00fdkony vyslou\u017eil kritiku a m\u00edsto na lavi\u010dce n\u00e1hradn\u00edk\u016f. Proti Aston Ville ale op\u011bt uk\u00e1zal&hellip;\" \/>\n<meta property=\"og:url\" content=\"https:\/\/evertonfc.cz\/index.php\/2013\/10\/27\/aston-villa-everton-02\/\" \/>\n<meta property=\"og:site_name\" content=\"Official Czech &amp; Slovak Everton Supporters&#039; Club\" \/>\n<meta property=\"article:publisher\" content=\"https:\/\/www.facebook.com\/everton.fans.cz.sk\" \/>\n<meta property=\"article:published_time\" content=\"2013-10-27T20:48:35+00:00\" \/>\n<meta property=\"article:modified_time\" content=\"2019-02-15T07:38:42+00:00\" \/>\n<meta property=\"og:image\" content=\"https:\/\/evertonfc.cz\/wp-content\/uploads\/2019\/01\/report.jpg\" \/>\n\t<meta property=\"og:image:width\" content=\"720\" \/>\n\t<meta property=\"og:image:height\" content=\"405\" \/>\n\t<meta property=\"og:image:type\" content=\"image\/jpeg\" \/>\n<meta name=\"author\" content=\"Ri\u010di\" \/>\n<meta name=\"twitter:card\" content=\"summary_large_image\" \/>\n<meta name=\"twitter:creator\" content=\"@rbrejsa\" \/>\n<meta name=\"twitter:label1\" content=\"Napsal(a)\" \/>\n\t<meta name=\"twitter:data1\" content=\"Ri\u010di\" \/>\n\t<meta name=\"twitter:label2\" content=\"Odhadovan\u00e1 doba \u010dten\u00ed\" \/>\n\t<meta name=\"twitter:data2\" content=\"2 minuty\" \/>\n<script type=\"application\/ld+json\" class=\"yoast-schema-graph\">{\"@context\":\"https:\/\/schema.org\",\"@graph\":[{\"@type\":\"Article\",\"@id\":\"https:\/\/evertonfc.cz\/index.php\/2013\/10\/27\/aston-villa-everton-02\/#article\",\"isPartOf\":{\"@id\":\"https:\/\/evertonfc.cz\/index.php\/2013\/10\/27\/aston-villa-everton-02\/\"},\"author\":{\"name\":\"Ri\u010di\",\"@id\":\"https:\/\/evertonfc.cz\/#\/schema\/person\/f7a5daedb2ffee98480bc70e191aaef1\"},\"headline\":\"Aston Villa &#8211; Everton 0:2\",\"datePublished\":\"2013-10-27T20:48:35+00:00\",\"dateModified\":\"2019-02-15T07:38:42+00:00\",\"mainEntityOfPage\":{\"@id\":\"https:\/\/evertonfc.cz\/index.php\/2013\/10\/27\/aston-villa-everton-02\/\"},\"wordCount\":418,\"commentCount\":0,\"publisher\":{\"@id\":\"https:\/\/evertonfc.cz\/#organization\"},\"image\":{\"@id\":\"https:\/\/evertonfc.cz\/index.php\/2013\/10\/27\/aston-villa-everton-02\/#primaryimage\"},\"thumbnailUrl\":\"https:\/\/evertonfc.cz\/wp-content\/uploads\/2019\/01\/report.jpg\",\"articleSection\":[\"Z\u00e1pasy\"],\"inLanguage\":\"cs\",\"potentialAction\":[{\"@type\":\"CommentAction\",\"name\":\"Comment\",\"target\":[\"https:\/\/evertonfc.cz\/index.php\/2013\/10\/27\/aston-villa-everton-02\/#respond\"]}]},{\"@type\":\"WebPage\",\"@id\":\"https:\/\/evertonfc.cz\/index.php\/2013\/10\/27\/aston-villa-everton-02\/\",\"url\":\"https:\/\/evertonfc.cz\/index.php\/2013\/10\/27\/aston-villa-everton-02\/\",\"name\":\"Aston Villa - Everton 0:2 - Official Czech &amp; Slovak Everton Supporters&#039; Club\",\"isPartOf\":{\"@id\":\"https:\/\/evertonfc.cz\/#website\"},\"primaryImageOfPage\":{\"@id\":\"https:\/\/evertonfc.cz\/index.php\/2013\/10\/27\/aston-villa-everton-02\/#primaryimage\"},\"image\":{\"@id\":\"https:\/\/evertonfc.cz\/index.php\/2013\/10\/27\/aston-villa-everton-02\/#primaryimage\"},\"thumbnailUrl\":\"https:\/\/evertonfc.cz\/wp-content\/uploads\/2019\/01\/report.jpg\",\"datePublished\":\"2013-10-27T20:48:35+00:00\",\"dateModified\":\"2019-02-15T07:38:42+00:00\",\"breadcrumb\":{\"@id\":\"https:\/\/evertonfc.cz\/index.php\/2013\/10\/27\/aston-villa-everton-02\/#breadcrumb\"},\"inLanguage\":\"cs\",\"potentialAction\":[{\"@type\":\"ReadAction\",\"target\":[\"https:\/\/evertonfc.cz\/index.php\/2013\/10\/27\/aston-villa-everton-02\/\"]}]},{\"@type\":\"ImageObject\",\"inLanguage\":\"cs\",\"@id\":\"https:\/\/evertonfc.cz\/index.php\/2013\/10\/27\/aston-villa-everton-02\/#primaryimage\",\"url\":\"https:\/\/evertonfc.cz\/wp-content\/uploads\/2019\/01\/report.jpg\",\"contentUrl\":\"https:\/\/evertonfc.cz\/wp-content\/uploads\/2019\/01\/report.jpg\",\"width\":720,\"height\":405},{\"@type\":\"BreadcrumbList\",\"@id\":\"https:\/\/evertonfc.cz\/index.php\/2013\/10\/27\/aston-villa-everton-02\/#breadcrumb\",\"itemListElement\":[{\"@type\":\"ListItem\",\"position\":1,\"name\":\"Home\",\"item\":\"https:\/\/evertonfc.cz\/\"},{\"@type\":\"ListItem\",\"position\":2,\"name\":\"Aston Villa &#8211; Everton 0:2\"}]},{\"@type\":\"WebSite\",\"@id\":\"https:\/\/evertonfc.cz\/#website\",\"url\":\"https:\/\/evertonfc.cz\/\",\"name\":\"Official Czech &amp; Slovak Everton Supporters&#039; Club\",\"description\":\"\",\"publisher\":{\"@id\":\"https:\/\/evertonfc.cz\/#organization\"},\"potentialAction\":[{\"@type\":\"SearchAction\",\"target\":{\"@type\":\"EntryPoint\",\"urlTemplate\":\"https:\/\/evertonfc.cz\/?s={search_term_string}\"},\"query-input\":{\"@type\":\"PropertyValueSpecification\",\"valueRequired\":true,\"valueName\":\"search_term_string\"}}],\"inLanguage\":\"cs\"},{\"@type\":\"Organization\",\"@id\":\"https:\/\/evertonfc.cz\/#organization\",\"name\":\"Official Czech & Slovak Everton Supporters' Club\",\"url\":\"https:\/\/evertonfc.cz\/\",\"logo\":{\"@type\":\"ImageObject\",\"inLanguage\":\"cs\",\"@id\":\"https:\/\/evertonfc.cz\/#\/schema\/logo\/image\/\",\"url\":\"https:\/\/evertonfc.cz\/wp-content\/uploads\/2019\/05\/logo.png\",\"contentUrl\":\"https:\/\/evertonfc.cz\/wp-content\/uploads\/2019\/05\/logo.png\",\"width\":112,\"height\":112,\"caption\":\"Official Czech & Slovak Everton Supporters' Club\"},\"image\":{\"@id\":\"https:\/\/evertonfc.cz\/#\/schema\/logo\/image\/\"},\"sameAs\":[\"https:\/\/www.facebook.com\/everton.fans.cz.sk\"]},{\"@type\":\"Person\",\"@id\":\"https:\/\/evertonfc.cz\/#\/schema\/person\/f7a5daedb2ffee98480bc70e191aaef1\",\"name\":\"Ri\u010di\",\"sameAs\":[\"https:\/\/x.com\/rbrejsa\"],\"url\":\"https:\/\/evertonfc.cz\/index.php\/author\/rici\/\"}]}<\/script>\n<!-- \/ Yoast SEO plugin. -->","yoast_head_json":{"title":"Aston Villa - Everton 0:2 - Official Czech &amp; Slovak Everton Supporters&#039; Club","robots":{"index":"index","follow":"follow","max-snippet":"max-snippet:-1","max-image-preview":"max-image-preview:large","max-video-preview":"max-video-preview:-1"},"canonical":"https:\/\/evertonfc.cz\/index.php\/2013\/10\/27\/aston-villa-everton-02\/","og_locale":"cs_CZ","og_type":"article","og_title":"Aston Villa - Everton 0:2 - Official Czech &amp; Slovak Everton Supporters&#039; Club","og_description":"Leon Osman si za sv\u00e9 posledn\u00ed v\u00fdkony vyslou\u017eil kritiku a m\u00edsto na lavi\u010dce n\u00e1hradn\u00edk\u016f. Proti Aston Ville ale op\u011bt uk\u00e1zal&hellip;","og_url":"https:\/\/evertonfc.cz\/index.php\/2013\/10\/27\/aston-villa-everton-02\/","og_site_name":"Official Czech &amp; Slovak Everton Supporters&#039; Club","article_publisher":"https:\/\/www.facebook.com\/everton.fans.cz.sk","article_published_time":"2013-10-27T20:48:35+00:00","article_modified_time":"2019-02-15T07:38:42+00:00","og_image":[{"width":720,"height":405,"url":"https:\/\/evertonfc.cz\/wp-content\/uploads\/2019\/01\/report.jpg","type":"image\/jpeg"}],"author":"Ri\u010di","twitter_card":"summary_large_image","twitter_creator":"@rbrejsa","twitter_misc":{"Napsal(a)":"Ri\u010di","Odhadovan\u00e1 doba \u010dten\u00ed":"2 minuty"},"schema":{"@context":"https:\/\/schema.org","@graph":[{"@type":"Article","@id":"https:\/\/evertonfc.cz\/index.php\/2013\/10\/27\/aston-villa-everton-02\/#article","isPartOf":{"@id":"https:\/\/evertonfc.cz\/index.php\/2013\/10\/27\/aston-villa-everton-02\/"},"author":{"name":"Ri\u010di","@id":"https:\/\/evertonfc.cz\/#\/schema\/person\/f7a5daedb2ffee98480bc70e191aaef1"},"headline":"Aston Villa &#8211; Everton 0:2","datePublished":"2013-10-27T20:48:35+00:00","dateModified":"2019-02-15T07:38:42+00:00","mainEntityOfPage":{"@id":"https:\/\/evertonfc.cz\/index.php\/2013\/10\/27\/aston-villa-everton-02\/"},"wordCount":418,"commentCount":0,"publisher":{"@id":"https:\/\/evertonfc.cz\/#organization"},"image":{"@id":"https:\/\/evertonfc.cz\/index.php\/2013\/10\/27\/aston-villa-everton-02\/#primaryimage"},"thumbnailUrl":"https:\/\/evertonfc.cz\/wp-content\/uploads\/2019\/01\/report.jpg","articleSection":["Z\u00e1pasy"],"inLanguage":"cs","potentialAction":[{"@type":"CommentAction","name":"Comment","target":["https:\/\/evertonfc.cz\/index.php\/2013\/10\/27\/aston-villa-everton-02\/#respond"]}]},{"@type":"WebPage","@id":"https:\/\/evertonfc.cz\/index.php\/2013\/10\/27\/aston-villa-everton-02\/","url":"https:\/\/evertonfc.cz\/index.php\/2013\/10\/27\/aston-villa-everton-02\/","name":"Aston Villa - Everton 0:2 - Official Czech &amp; Slovak Everton Supporters&#039; Club","isPartOf":{"@id":"https:\/\/evertonfc.cz\/#website"},"primaryImageOfPage":{"@id":"https:\/\/evertonfc.cz\/index.php\/2013\/10\/27\/aston-villa-everton-02\/#primaryimage"},"image":{"@id":"https:\/\/evertonfc.cz\/index.php\/2013\/10\/27\/aston-villa-everton-02\/#primaryimage"},"thumbnailUrl":"https:\/\/evertonfc.cz\/wp-content\/uploads\/2019\/01\/report.jpg","datePublished":"2013-10-27T20:48:35+00:00","dateModified":"2019-02-15T07:38:42+00:00","breadcrumb":{"@id":"https:\/\/evertonfc.cz\/index.php\/2013\/10\/27\/aston-villa-everton-02\/#breadcrumb"},"inLanguage":"cs","potentialAction":[{"@type":"ReadAction","target":["https:\/\/evertonfc.cz\/index.php\/2013\/10\/27\/aston-villa-everton-02\/"]}]},{"@type":"ImageObject","inLanguage":"cs","@id":"https:\/\/evertonfc.cz\/index.php\/2013\/10\/27\/aston-villa-everton-02\/#primaryimage","url":"https:\/\/evertonfc.cz\/wp-content\/uploads\/2019\/01\/report.jpg","contentUrl":"https:\/\/evertonfc.cz\/wp-content\/uploads\/2019\/01\/report.jpg","width":720,"height":405},{"@type":"BreadcrumbList","@id":"https:\/\/evertonfc.cz\/index.php\/2013\/10\/27\/aston-villa-everton-02\/#breadcrumb","itemListElement":[{"@type":"ListItem","position":1,"name":"Home","item":"https:\/\/evertonfc.cz\/"},{"@type":"ListItem","position":2,"name":"Aston Villa &#8211; Everton 0:2"}]},{"@type":"WebSite","@id":"https:\/\/evertonfc.cz\/#website","url":"https:\/\/evertonfc.cz\/","name":"Official Czech &amp; Slovak Everton Supporters&#039; Club","description":"","publisher":{"@id":"https:\/\/evertonfc.cz\/#organization"},"potentialAction":[{"@type":"SearchAction","target":{"@type":"EntryPoint","urlTemplate":"https:\/\/evertonfc.cz\/?s={search_term_string}"},"query-input":{"@type":"PropertyValueSpecification","valueRequired":true,"valueName":"search_term_string"}}],"inLanguage":"cs"},{"@type":"Organization","@id":"https:\/\/evertonfc.cz\/#organization","name":"Official Czech & Slovak Everton Supporters' Club","url":"https:\/\/evertonfc.cz\/","logo":{"@type":"ImageObject","inLanguage":"cs","@id":"https:\/\/evertonfc.cz\/#\/schema\/logo\/image\/","url":"https:\/\/evertonfc.cz\/wp-content\/uploads\/2019\/05\/logo.png","contentUrl":"https:\/\/evertonfc.cz\/wp-content\/uploads\/2019\/05\/logo.png","width":112,"height":112,"caption":"Official Czech & Slovak Everton Supporters' Club"},"image":{"@id":"https:\/\/evertonfc.cz\/#\/schema\/logo\/image\/"},"sameAs":["https:\/\/www.facebook.com\/everton.fans.cz.sk"]},{"@type":"Person","@id":"https:\/\/evertonfc.cz\/#\/schema\/person\/f7a5daedb2ffee98480bc70e191aaef1","name":"Ri\u010di","sameAs":["https:\/\/x.com\/rbrejsa"],"url":"https:\/\/evertonfc.cz\/index.php\/author\/rici\/"}]}},"_links":{"self":[{"href":"https:\/\/evertonfc.cz\/index.php\/wp-json\/wp\/v2\/posts\/5288"}],"collection":[{"href":"https:\/\/evertonfc.cz\/index.php\/wp-json\/wp\/v2\/posts"}],"about":[{"href":"https:\/\/evertonfc.cz\/index.php\/wp-json\/wp\/v2\/types\/post"}],"author":[{"embeddable":true,"href":"https:\/\/evertonfc.cz\/index.php\/wp-json\/wp\/v2\/users\/6"}],"replies":[{"embeddable":true,"href":"https:\/\/evertonfc.cz\/index.php\/wp-json\/wp\/v2\/comments?post=5288"}],"version-history":[{"count":3,"href":"https:\/\/evertonfc.cz\/index.php\/wp-json\/wp\/v2\/posts\/5288\/revisions"}],"predecessor-version":[{"id":5488,"href":"https:\/\/evertonfc.cz\/index.php\/wp-json\/wp\/v2\/posts\/5288\/revisions\/5488"}],"wp:featuredmedia":[{"embeddable":true,"href":"https:\/\/evertonfc.cz\/index.php\/wp-json\/wp\/v2\/media\/1315"}],"wp:attachment":[{"href":"https:\/\/evertonfc.cz\/index.php\/wp-json\/wp\/v2\/media?parent=5288"}],"wp:term":[{"taxonomy":"category","embeddable":true,"href":"https:\/\/evertonfc.cz\/index.php\/wp-json\/wp\/v2\/categories?post=5288"},{"taxonomy":"post_tag","embeddable":true,"href":"https:\/\/evertonfc.cz\/index.php\/wp-json\/wp\/v2\/tags?post=5288"}],"curies":[{"name":"wp","href":"https:\/\/api.w.org\/{rel}","templated":true}]}}