{"id":5290,"date":"2013-09-01T21:48:48","date_gmt":"2013-09-01T19:48:48","guid":{"rendered":"http:\/\/evertonfc.cz\/?p=5290"},"modified":"2019-02-14T21:49:48","modified_gmt":"2019-02-14T20:49:48","slug":"cardiff-city-everton-00","status":"publish","type":"post","link":"https:\/\/evertonfc.cz\/index.php\/2013\/09\/01\/cardiff-city-everton-00\/","title":{"rendered":"Cardiff City &#8211; Everton 0:0"},"content":{"rendered":"<h4 id=\"NewsPostDetailSummary\">Ani ve t\u0159et\u00edm ligov\u00e9m kole Everton nedok\u00e1zal p\u0159etavit p\u0159evahu v t\u0159\u00edbodovou odm\u011bnu. B\u011bhem reprezenta\u010dn\u00ed p\u0159est\u00e1vky mus\u00ed Roberto Mart\u00ednez pop\u0159em\u00fd\u0161let o fin\u00e1ln\u00ed f\u00e1zi sv\u00e9ho t\u00fdmu v ofenz\u00edv\u011b.<\/h4>\n<div id=\"NewsPostDetailContent\">\n<p>Toffees ve zmaru nepomohl tak\u00e9 rozhod\u010d\u00ed, v prvn\u00ed p\u016fli neodp\u00edskal jasn\u00fd pokutov\u00fd kop po faulu Medela na Bainese. Na \u0161patn\u00e9 rozhodnut\u00ed sud\u00edho ale nelze svalovat hlavn\u00ed vinu, Cardiff se m\u011bl porazit.<\/p>\n<p>Highlights naleznete na <a href=\"http:\/\/www.evertonfc.com\/evertontv\/home\/9345\" target=\"_blank\" rel=\"noopener\">ofici\u00e1ln\u00edch str\u00e1nk\u00e1ch<\/a> nebo <a href=\"http:\/\/www.footytube.com\/video\/cardiff-city-v-everton-203803?ref=wv_relbox\" target=\"_blank\" rel=\"noopener\">zde<\/a>.<\/p>\n<p><strong>\u017dK:<\/strong> 49. Matthew Connolly &#8211; 38. Ross Barkley<br \/>\n<strong>Cardiff City:<\/strong> David Marshall, Matthew Connolly, Andrew Taylor, Steven Caulker, Ben Turner, Peter Whittingham, Gary Medel (89. Jordon Mutch), Bo-Kyung Kim (82. Nicky Maynard), Aron Gunnarsson, Craig Bellamy (79. Don Cowie), Fraizer Campbell<br \/>\n<strong>Everton FC:<\/strong> Tim Howard, Leighton Baines, Phil Jagielka, Sylvain Distin, S\u00e9amus Coleman, Ross Barkley, Leon Osman, Steven Pienaar, Marouane Fellaini, Kevin Mirallas (86. Gerard Deulofeu), Nikica Jelavi\u0107 (68. Arouna Kon\u00e9)<br \/>\n<strong>Rozhod\u010d\u00ed:<\/strong> Anthony Taylor<br \/>\n<strong>Div\u00e1ci:<\/strong> 27 344<\/p>\n<\/div>\n","protected":false},"excerpt":{"rendered":"<p>Ani ve t\u0159et\u00edm ligov\u00e9m kole Everton nedok\u00e1zal p\u0159etavit p\u0159evahu v t\u0159\u00edbodovou odm\u011bnu. B\u011bhem reprezenta\u010dn\u00ed p\u0159est\u00e1vky mus\u00ed Roberto Mart\u00ednez pop\u0159em\u00fd\u0161let o&hellip;<\/p>\n","protected":false},"author":6,"featured_media":1315,"comment_status":"open","ping_status":"closed","sticky":false,"template":"","format":"standard","meta":{"_eb_attr":"","_monsterinsights_skip_tracking":false,"_monsterinsights_sitenote_active":false,"_monsterinsights_sitenote_note":"","_monsterinsights_sitenote_category":0,"footnotes":""},"categories":[4],"tags":[],"yoast_head":"<!-- This site is optimized with the Yoast SEO plugin v23.4 - https:\/\/yoast.com\/wordpress\/plugins\/seo\/ -->\n<title>Cardiff City - Everton 0:0 - Official Czech &amp; Slovak Everton Supporters&#039; Club<\/title>\n<meta name=\"robots\" content=\"index, follow, max-snippet:-1, max-image-preview:large, max-video-preview:-1\" \/>\n<link rel=\"canonical\" href=\"https:\/\/evertonfc.cz\/index.php\/2013\/09\/01\/cardiff-city-everton-00\/\" \/>\n<meta property=\"og:locale\" content=\"cs_CZ\" \/>\n<meta property=\"og:type\" content=\"article\" \/>\n<meta property=\"og:title\" content=\"Cardiff City - Everton 0:0 - Official Czech &amp; Slovak Everton Supporters&#039; Club\" \/>\n<meta property=\"og:description\" content=\"Ani ve t\u0159et\u00edm ligov\u00e9m kole Everton nedok\u00e1zal p\u0159etavit p\u0159evahu v t\u0159\u00edbodovou odm\u011bnu. B\u011bhem reprezenta\u010dn\u00ed p\u0159est\u00e1vky mus\u00ed Roberto Mart\u00ednez pop\u0159em\u00fd\u0161let o&hellip;\" \/>\n<meta property=\"og:url\" content=\"https:\/\/evertonfc.cz\/index.php\/2013\/09\/01\/cardiff-city-everton-00\/\" \/>\n<meta property=\"og:site_name\" content=\"Official Czech &amp; Slovak Everton Supporters&#039; Club\" \/>\n<meta property=\"article:publisher\" content=\"https:\/\/www.facebook.com\/everton.fans.cz.sk\" \/>\n<meta property=\"article:published_time\" content=\"2013-09-01T19:48:48+00:00\" \/>\n<meta property=\"article:modified_time\" content=\"2019-02-14T20:49:48+00:00\" \/>\n<meta property=\"og:image\" content=\"https:\/\/evertonfc.cz\/wp-content\/uploads\/2019\/01\/report.jpg\" \/>\n\t<meta property=\"og:image:width\" content=\"720\" \/>\n\t<meta property=\"og:image:height\" content=\"405\" \/>\n\t<meta property=\"og:image:type\" content=\"image\/jpeg\" \/>\n<meta name=\"author\" content=\"Ri\u010di\" \/>\n<meta name=\"twitter:card\" content=\"summary_large_image\" \/>\n<meta name=\"twitter:creator\" content=\"@rbrejsa\" \/>\n<meta name=\"twitter:label1\" content=\"Napsal(a)\" \/>\n\t<meta name=\"twitter:data1\" content=\"Ri\u010di\" \/>\n\t<meta name=\"twitter:label2\" content=\"Odhadovan\u00e1 doba \u010dten\u00ed\" \/>\n\t<meta name=\"twitter:data2\" content=\"1 minuta\" \/>\n<script type=\"application\/ld+json\" class=\"yoast-schema-graph\">{\"@context\":\"https:\/\/schema.org\",\"@graph\":[{\"@type\":\"Article\",\"@id\":\"https:\/\/evertonfc.cz\/index.php\/2013\/09\/01\/cardiff-city-everton-00\/#article\",\"isPartOf\":{\"@id\":\"https:\/\/evertonfc.cz\/index.php\/2013\/09\/01\/cardiff-city-everton-00\/\"},\"author\":{\"name\":\"Ri\u010di\",\"@id\":\"https:\/\/evertonfc.cz\/#\/schema\/person\/f7a5daedb2ffee98480bc70e191aaef1\"},\"headline\":\"Cardiff City &#8211; Everton 0:0\",\"datePublished\":\"2013-09-01T19:48:48+00:00\",\"dateModified\":\"2019-02-14T20:49:48+00:00\",\"mainEntityOfPage\":{\"@id\":\"https:\/\/evertonfc.cz\/index.php\/2013\/09\/01\/cardiff-city-everton-00\/\"},\"wordCount\":166,\"commentCount\":0,\"publisher\":{\"@id\":\"https:\/\/evertonfc.cz\/#organization\"},\"image\":{\"@id\":\"https:\/\/evertonfc.cz\/index.php\/2013\/09\/01\/cardiff-city-everton-00\/#primaryimage\"},\"thumbnailUrl\":\"https:\/\/evertonfc.cz\/wp-content\/uploads\/2019\/01\/report.jpg\",\"articleSection\":[\"Z\u00e1pasy\"],\"inLanguage\":\"cs\",\"potentialAction\":[{\"@type\":\"CommentAction\",\"name\":\"Comment\",\"target\":[\"https:\/\/evertonfc.cz\/index.php\/2013\/09\/01\/cardiff-city-everton-00\/#respond\"]}]},{\"@type\":\"WebPage\",\"@id\":\"https:\/\/evertonfc.cz\/index.php\/2013\/09\/01\/cardiff-city-everton-00\/\",\"url\":\"https:\/\/evertonfc.cz\/index.php\/2013\/09\/01\/cardiff-city-everton-00\/\",\"name\":\"Cardiff City - Everton 0:0 - Official Czech &amp; Slovak Everton Supporters&#039; Club\",\"isPartOf\":{\"@id\":\"https:\/\/evertonfc.cz\/#website\"},\"primaryImageOfPage\":{\"@id\":\"https:\/\/evertonfc.cz\/index.php\/2013\/09\/01\/cardiff-city-everton-00\/#primaryimage\"},\"image\":{\"@id\":\"https:\/\/evertonfc.cz\/index.php\/2013\/09\/01\/cardiff-city-everton-00\/#primaryimage\"},\"thumbnailUrl\":\"https:\/\/evertonfc.cz\/wp-content\/uploads\/2019\/01\/report.jpg\",\"datePublished\":\"2013-09-01T19:48:48+00:00\",\"dateModified\":\"2019-02-14T20:49:48+00:00\",\"breadcrumb\":{\"@id\":\"https:\/\/evertonfc.cz\/index.php\/2013\/09\/01\/cardiff-city-everton-00\/#breadcrumb\"},\"inLanguage\":\"cs\",\"potentialAction\":[{\"@type\":\"ReadAction\",\"target\":[\"https:\/\/evertonfc.cz\/index.php\/2013\/09\/01\/cardiff-city-everton-00\/\"]}]},{\"@type\":\"ImageObject\",\"inLanguage\":\"cs\",\"@id\":\"https:\/\/evertonfc.cz\/index.php\/2013\/09\/01\/cardiff-city-everton-00\/#primaryimage\",\"url\":\"https:\/\/evertonfc.cz\/wp-content\/uploads\/2019\/01\/report.jpg\",\"contentUrl\":\"https:\/\/evertonfc.cz\/wp-content\/uploads\/2019\/01\/report.jpg\",\"width\":720,\"height\":405},{\"@type\":\"BreadcrumbList\",\"@id\":\"https:\/\/evertonfc.cz\/index.php\/2013\/09\/01\/cardiff-city-everton-00\/#breadcrumb\",\"itemListElement\":[{\"@type\":\"ListItem\",\"position\":1,\"name\":\"Home\",\"item\":\"https:\/\/evertonfc.cz\/\"},{\"@type\":\"ListItem\",\"position\":2,\"name\":\"Cardiff City &#8211; Everton 0:0\"}]},{\"@type\":\"WebSite\",\"@id\":\"https:\/\/evertonfc.cz\/#website\",\"url\":\"https:\/\/evertonfc.cz\/\",\"name\":\"Official Czech &amp; Slovak Everton Supporters&#039; Club\",\"description\":\"\",\"publisher\":{\"@id\":\"https:\/\/evertonfc.cz\/#organization\"},\"potentialAction\":[{\"@type\":\"SearchAction\",\"target\":{\"@type\":\"EntryPoint\",\"urlTemplate\":\"https:\/\/evertonfc.cz\/?s={search_term_string}\"},\"query-input\":{\"@type\":\"PropertyValueSpecification\",\"valueRequired\":true,\"valueName\":\"search_term_string\"}}],\"inLanguage\":\"cs\"},{\"@type\":\"Organization\",\"@id\":\"https:\/\/evertonfc.cz\/#organization\",\"name\":\"Official Czech & Slovak Everton Supporters' Club\",\"url\":\"https:\/\/evertonfc.cz\/\",\"logo\":{\"@type\":\"ImageObject\",\"inLanguage\":\"cs\",\"@id\":\"https:\/\/evertonfc.cz\/#\/schema\/logo\/image\/\",\"url\":\"https:\/\/evertonfc.cz\/wp-content\/uploads\/2019\/05\/logo.png\",\"contentUrl\":\"https:\/\/evertonfc.cz\/wp-content\/uploads\/2019\/05\/logo.png\",\"width\":112,\"height\":112,\"caption\":\"Official Czech & Slovak Everton Supporters' Club\"},\"image\":{\"@id\":\"https:\/\/evertonfc.cz\/#\/schema\/logo\/image\/\"},\"sameAs\":[\"https:\/\/www.facebook.com\/everton.fans.cz.sk\"]},{\"@type\":\"Person\",\"@id\":\"https:\/\/evertonfc.cz\/#\/schema\/person\/f7a5daedb2ffee98480bc70e191aaef1\",\"name\":\"Ri\u010di\",\"sameAs\":[\"https:\/\/x.com\/rbrejsa\"],\"url\":\"https:\/\/evertonfc.cz\/index.php\/author\/rici\/\"}]}<\/script>\n<!-- \/ Yoast SEO plugin. -->","yoast_head_json":{"title":"Cardiff City - Everton 0:0 - Official Czech &amp; Slovak Everton Supporters&#039; Club","robots":{"index":"index","follow":"follow","max-snippet":"max-snippet:-1","max-image-preview":"max-image-preview:large","max-video-preview":"max-video-preview:-1"},"canonical":"https:\/\/evertonfc.cz\/index.php\/2013\/09\/01\/cardiff-city-everton-00\/","og_locale":"cs_CZ","og_type":"article","og_title":"Cardiff City - Everton 0:0 - Official Czech &amp; Slovak Everton Supporters&#039; Club","og_description":"Ani ve t\u0159et\u00edm ligov\u00e9m kole Everton nedok\u00e1zal p\u0159etavit p\u0159evahu v t\u0159\u00edbodovou odm\u011bnu. B\u011bhem reprezenta\u010dn\u00ed p\u0159est\u00e1vky mus\u00ed Roberto Mart\u00ednez pop\u0159em\u00fd\u0161let o&hellip;","og_url":"https:\/\/evertonfc.cz\/index.php\/2013\/09\/01\/cardiff-city-everton-00\/","og_site_name":"Official Czech &amp; Slovak Everton Supporters&#039; Club","article_publisher":"https:\/\/www.facebook.com\/everton.fans.cz.sk","article_published_time":"2013-09-01T19:48:48+00:00","article_modified_time":"2019-02-14T20:49:48+00:00","og_image":[{"width":720,"height":405,"url":"https:\/\/evertonfc.cz\/wp-content\/uploads\/2019\/01\/report.jpg","type":"image\/jpeg"}],"author":"Ri\u010di","twitter_card":"summary_large_image","twitter_creator":"@rbrejsa","twitter_misc":{"Napsal(a)":"Ri\u010di","Odhadovan\u00e1 doba \u010dten\u00ed":"1 minuta"},"schema":{"@context":"https:\/\/schema.org","@graph":[{"@type":"Article","@id":"https:\/\/evertonfc.cz\/index.php\/2013\/09\/01\/cardiff-city-everton-00\/#article","isPartOf":{"@id":"https:\/\/evertonfc.cz\/index.php\/2013\/09\/01\/cardiff-city-everton-00\/"},"author":{"name":"Ri\u010di","@id":"https:\/\/evertonfc.cz\/#\/schema\/person\/f7a5daedb2ffee98480bc70e191aaef1"},"headline":"Cardiff City &#8211; Everton 0:0","datePublished":"2013-09-01T19:48:48+00:00","dateModified":"2019-02-14T20:49:48+00:00","mainEntityOfPage":{"@id":"https:\/\/evertonfc.cz\/index.php\/2013\/09\/01\/cardiff-city-everton-00\/"},"wordCount":166,"commentCount":0,"publisher":{"@id":"https:\/\/evertonfc.cz\/#organization"},"image":{"@id":"https:\/\/evertonfc.cz\/index.php\/2013\/09\/01\/cardiff-city-everton-00\/#primaryimage"},"thumbnailUrl":"https:\/\/evertonfc.cz\/wp-content\/uploads\/2019\/01\/report.jpg","articleSection":["Z\u00e1pasy"],"inLanguage":"cs","potentialAction":[{"@type":"CommentAction","name":"Comment","target":["https:\/\/evertonfc.cz\/index.php\/2013\/09\/01\/cardiff-city-everton-00\/#respond"]}]},{"@type":"WebPage","@id":"https:\/\/evertonfc.cz\/index.php\/2013\/09\/01\/cardiff-city-everton-00\/","url":"https:\/\/evertonfc.cz\/index.php\/2013\/09\/01\/cardiff-city-everton-00\/","name":"Cardiff City - Everton 0:0 - Official Czech &amp; Slovak Everton Supporters&#039; Club","isPartOf":{"@id":"https:\/\/evertonfc.cz\/#website"},"primaryImageOfPage":{"@id":"https:\/\/evertonfc.cz\/index.php\/2013\/09\/01\/cardiff-city-everton-00\/#primaryimage"},"image":{"@id":"https:\/\/evertonfc.cz\/index.php\/2013\/09\/01\/cardiff-city-everton-00\/#primaryimage"},"thumbnailUrl":"https:\/\/evertonfc.cz\/wp-content\/uploads\/2019\/01\/report.jpg","datePublished":"2013-09-01T19:48:48+00:00","dateModified":"2019-02-14T20:49:48+00:00","breadcrumb":{"@id":"https:\/\/evertonfc.cz\/index.php\/2013\/09\/01\/cardiff-city-everton-00\/#breadcrumb"},"inLanguage":"cs","potentialAction":[{"@type":"ReadAction","target":["https:\/\/evertonfc.cz\/index.php\/2013\/09\/01\/cardiff-city-everton-00\/"]}]},{"@type":"ImageObject","inLanguage":"cs","@id":"https:\/\/evertonfc.cz\/index.php\/2013\/09\/01\/cardiff-city-everton-00\/#primaryimage","url":"https:\/\/evertonfc.cz\/wp-content\/uploads\/2019\/01\/report.jpg","contentUrl":"https:\/\/evertonfc.cz\/wp-content\/uploads\/2019\/01\/report.jpg","width":720,"height":405},{"@type":"BreadcrumbList","@id":"https:\/\/evertonfc.cz\/index.php\/2013\/09\/01\/cardiff-city-everton-00\/#breadcrumb","itemListElement":[{"@type":"ListItem","position":1,"name":"Home","item":"https:\/\/evertonfc.cz\/"},{"@type":"ListItem","position":2,"name":"Cardiff City &#8211; Everton 0:0"}]},{"@type":"WebSite","@id":"https:\/\/evertonfc.cz\/#website","url":"https:\/\/evertonfc.cz\/","name":"Official Czech &amp; Slovak Everton Supporters&#039; Club","description":"","publisher":{"@id":"https:\/\/evertonfc.cz\/#organization"},"potentialAction":[{"@type":"SearchAction","target":{"@type":"EntryPoint","urlTemplate":"https:\/\/evertonfc.cz\/?s={search_term_string}"},"query-input":{"@type":"PropertyValueSpecification","valueRequired":true,"valueName":"search_term_string"}}],"inLanguage":"cs"},{"@type":"Organization","@id":"https:\/\/evertonfc.cz\/#organization","name":"Official Czech & Slovak Everton Supporters' Club","url":"https:\/\/evertonfc.cz\/","logo":{"@type":"ImageObject","inLanguage":"cs","@id":"https:\/\/evertonfc.cz\/#\/schema\/logo\/image\/","url":"https:\/\/evertonfc.cz\/wp-content\/uploads\/2019\/05\/logo.png","contentUrl":"https:\/\/evertonfc.cz\/wp-content\/uploads\/2019\/05\/logo.png","width":112,"height":112,"caption":"Official Czech & Slovak Everton Supporters' Club"},"image":{"@id":"https:\/\/evertonfc.cz\/#\/schema\/logo\/image\/"},"sameAs":["https:\/\/www.facebook.com\/everton.fans.cz.sk"]},{"@type":"Person","@id":"https:\/\/evertonfc.cz\/#\/schema\/person\/f7a5daedb2ffee98480bc70e191aaef1","name":"Ri\u010di","sameAs":["https:\/\/x.com\/rbrejsa"],"url":"https:\/\/evertonfc.cz\/index.php\/author\/rici\/"}]}},"_links":{"self":[{"href":"https:\/\/evertonfc.cz\/index.php\/wp-json\/wp\/v2\/posts\/5290"}],"collection":[{"href":"https:\/\/evertonfc.cz\/index.php\/wp-json\/wp\/v2\/posts"}],"about":[{"href":"https:\/\/evertonfc.cz\/index.php\/wp-json\/wp\/v2\/types\/post"}],"author":[{"embeddable":true,"href":"https:\/\/evertonfc.cz\/index.php\/wp-json\/wp\/v2\/users\/6"}],"replies":[{"embeddable":true,"href":"https:\/\/evertonfc.cz\/index.php\/wp-json\/wp\/v2\/comments?post=5290"}],"version-history":[{"count":1,"href":"https:\/\/evertonfc.cz\/index.php\/wp-json\/wp\/v2\/posts\/5290\/revisions"}],"predecessor-version":[{"id":5293,"href":"https:\/\/evertonfc.cz\/index.php\/wp-json\/wp\/v2\/posts\/5290\/revisions\/5293"}],"wp:featuredmedia":[{"embeddable":true,"href":"https:\/\/evertonfc.cz\/index.php\/wp-json\/wp\/v2\/media\/1315"}],"wp:attachment":[{"href":"https:\/\/evertonfc.cz\/index.php\/wp-json\/wp\/v2\/media?parent=5290"}],"wp:term":[{"taxonomy":"category","embeddable":true,"href":"https:\/\/evertonfc.cz\/index.php\/wp-json\/wp\/v2\/categories?post=5290"},{"taxonomy":"post_tag","embeddable":true,"href":"https:\/\/evertonfc.cz\/index.php\/wp-json\/wp\/v2\/tags?post=5290"}],"curies":[{"name":"wp","href":"https:\/\/api.w.org\/{rel}","templated":true}]}}