{"id":5292,"date":"2013-10-25T21:49:37","date_gmt":"2013-10-25T19:49:37","guid":{"rendered":"http:\/\/evertonfc.cz\/?p=5292"},"modified":"2021-05-10T09:57:27","modified_gmt":"2021-05-10T07:57:27","slug":"preview-aston-villa-everton-5","status":"publish","type":"post","link":"https:\/\/evertonfc.cz\/index.php\/2013\/10\/25\/preview-aston-villa-everton-5\/","title":{"rendered":"Preview: Aston Villa &#8211; Everton"},"content":{"rendered":"<h4 id=\"NewsPostDetailSummary\">O v\u00edkendu, kdy anglick\u00fd Fotbalov\u00fd svaz (The Football Association) slav\u00ed 150 let od vzniku co by nejstar\u0161\u00ed instituce sv\u00e9ho druhu na sv\u011bt\u011b, se ve Villa Parku symbolicky st\u0159etnou dva nej\u010dast\u011bj\u0161\u00ed soupe\u0159i.<\/h4>\n<div id=\"NewsPostDetailContent\">\n<p>Aston Villa a Everton maj\u00ed na sv\u00e9m kont\u011b celkem skoro 215 sez\u00f3n v nejvy\u0161\u0161\u00ed sout\u011b\u017ei, 16 ligov\u00fdch titul\u016f a 196 vz\u00e1jemn\u00fdch ligov\u00fdch st\u0159etnut\u00ed, v nich\u017e se sobotn\u00ed hostitel radoval z v\u00fdhry 72x, zat\u00edmco Toffees 71x. P\u00e1nov\u00e9 Lambert a Mart\u00ednez si zcela jist\u011b uv\u011bdomuj\u00ed n\u00e1dhern\u00e9 historie obou klub\u016f, jen\u017ee jejich pozornost moment\u00e1ln\u011b sm\u011b\u0159uje k bl\u00edzk\u00e9 budoucnosti n\u011bkolika hodin, kter\u00e1 kon\u010d\u00ed t\u0159emi body.<\/p>\n<p>Villans po lo\u0148sk\u00e9 sez\u00f3n\u011b oko\u0159en\u011bn\u00e9 bojem o zachov\u00e1n\u00ed p\u0159\u00edslu\u0161nosti Premier League letos hled\u00ed ke klidn\u011bj\u0161\u00edm vod\u00e1m tabulky. C\u00edl lze pova\u017eovat rozhodn\u011b za splniteln\u00fd, Paul Lambert buduje mlad\u00e9 mu\u017estvo se z\u00e1\u0159n\u00fdm potenci\u00e1lem. Zlep\u0161en\u00ed oproti minul\u00e9mu roku je patrn\u00e9, deset bod\u016f z osmi ligov\u00fdch kol se sice nemus\u00ed zd\u00e1t nikterak z\u00e1zra\u010dn\u00e9, je t\u0159eba ale p\u0159ipomenout t\u011b\u017ek\u00fd los; Arsenal &#8211; 3:1 (v), Chelsea &#8211; 1:2 (v), Liverpool &#8211; 0:1 (d), Newcastle -1:2 (d), Norwich City &#8211; 1:0 (v), Manchester City\u00a0 &#8211; 3:2 (d), Hull City &#8211; 0:0 (v) a p\u0159ed t\u00fddnem Tottenham &#8211; 0:2 (d).<\/p>\n<p>Mlad\u00e1 skvadra pochopiteln\u011b pom\u011brn\u011b \u010dasto vykazuje v\u00fdkyvy ve form\u011b, na \u010dem\u017e mus\u00ed Lambert spole\u010dn\u011b s tristn\u00ed dom\u00e1c\u00ed formou zapracovat. Ve Villa Parku dom\u00e1c\u00ed z posledn\u00edch 48 mo\u017en\u00fdch bod\u016f z\u00edskali pouze 14, v\u00edce v\u00fdher voz\u00ed z venkovn\u00edch v\u00fdjezd\u016f.<\/p>\n<p>Po zran\u011bn\u00ed se uzdravil Christian Benteke, kl\u00ed\u010dov\u00fd mu\u017e, na n\u011bm\u017e hra Aston Villy stoj\u00ed. Nejen Marc Wilmots, tren\u00e9r belgick\u00e9 reprezentace, se t\u011b\u0161\u00ed na duel dvou krajan\u016f a \u00fato\u010dn\u00fdch es. Benteke a Romelu Lukaku spolu soupe\u0159\u00ed o pozici \u00fato\u010dn\u00edka \u010d. 1 v\u00a0n\u00e1rodn\u00edm t\u00fdmu pro nadch\u00e1zej\u00edc\u00ed Mistrovstv\u00ed sv\u011bta a nen\u00ed nic zaj\u00edmav\u011bj\u0161\u00edho, ne\u017e vid\u011bt srovn\u00e1n\u00ed p\u0159\u00edmo na h\u0159i\u0161ti.<\/p>\n<p>Everton zv\u00edt\u011bzil ve \u010dty\u0159ech z posledn\u00edch p\u011bti z\u00e1pas\u016f, zdrav\u00e9 sebev\u011bdom\u00ed tak nechyb\u00ed. Fanou\u0161ky zaj\u00edm\u00e1, jak Roberto Mart\u00ednez poskl\u00e1d\u00e1 z\u00e1lo\u017en\u00ed \u0159adu. Steven Pienaar si \u0159ekl proti Hullu o z\u00e1kladn\u00ed sestavu a na roli st\u0159\u00eddaj\u00edc\u00ed hr\u00e1\u010de zvykl\u00fd nen\u00ed, aspo\u0148 tedy na Goodison Parku. \u017de by m\u00edsto na lavi\u010dce n\u00e1hradn\u00edk\u016f p\u0159ipadlo Leonu Osmanovi? Podle posledn\u00edch v\u00fdkon\u016f by se nikdo nemohl divit. Nepot\u0159ebuje ov\u0161em Ross Barkley men\u0161\u00ed odpo\u010dinek? To v\u00ed jen Mart\u00ednez a jeho asistenti.<\/p>\n<h4><strong>Z\u00e1pasov\u00e1 fakta<\/strong><\/h4>\n<p>Vz\u00e1jemn\u00e1<br \/>\n\u2022 Toffees porazili Villans v lo\u0148sk\u00e9m ro\u010dn\u00edku na jejich p\u016fd\u011b poprv\u00e9 po 13 utk\u00e1n\u00edch (3:1)<br \/>\n\u2022 sedm z posledn\u00edch dev\u00edti ligov\u00fdch kl\u00e1n\u00ed skon\u010dilo nerozhodn\u011b<br \/>\n\u2022 Everton neudr\u017eel ve vz\u00e1jemn\u00fdch st\u0159etnut\u00edch \u010dist\u00e9 konto v posledn\u00edch 18 p\u0159\u00edpadech v Premier League.<\/p>\n<p>Aston Villa<br \/>\n\u2022 D\u011blen\u00e9 13. m\u00edsto s 10 body<br \/>\n\u2022 vyhr\u00e1la 10 z 42 dom\u00e1c\u00edch ligov\u00fdch z\u00e1pas\u016f od za\u010d\u00e1tku sez\u00f3ny 2011\/12 (10 v\u00fdher, 12 rem\u00edz, 20 proher)<br \/>\n\u2022 nej\u010dast\u011bji ze v\u0161ech ligov\u00fdch celk\u016f letos inkasuje jako prvn\u00ed (6x)<br \/>\n\u2022 pr\u016fm\u011brn\u011b dr\u017e\u00ed m\u00ed\u010d na kopa\u010dk\u00e1ch \u00a0nejm\u00e9n\u011b z Premier Leagu, v p\u011bti z osmi kol tohoto ro\u010dn\u00edku jej\u00ed dr\u017een\u00ed m\u00ed\u010de kleslo pod 40%.<\/p>\n<p>Everton<br \/>\n\u2022 7. m\u00edsto s 15 body<br \/>\n\u2022 v posledn\u00edch 12 venkovn\u00edch ligov\u00fdch kolech se radoval ze zisku t\u0159\u00ed bod\u016f jednou (1 v\u00fdhra, 6 rem\u00edz, 5 proher)<br \/>\n\u2022 Gareth Barry odehr\u00e1l za Aston Villu v letech 1997 a\u017e 2009 p\u0159es 400 z\u00e1pas\u016f.<\/p>\n<h4><strong>T\u00fdmov\u00e9 novinky<\/strong><\/h4>\n<p>Proti Tottenhamu Christian Benteke nasko\u010dil na h\u0159i\u0161t\u011b po zotaven\u00ed se ze zdravotn\u00edch probl\u00e9m\u016f v pr\u016fb\u011bhu druh\u00e9ho polo\u010dasu, proti EFC u\u017e nastoup\u00ed nejsp\u00ed\u0161e od prvn\u00ed minuty. Ciaran Clark se \u00fasp\u011b\u0161n\u011b le\u010d\u00ed z nemoci, s \u010dasem z\u00e1vod\u00ed Gary Gardner a Marc Albrighton. Dlouhodob\u011b zran\u011bn\u00ed jsou Jores Okore a Charles N\u00b4Zogbia.<\/p>\n<p><strong>Aston Villa:<\/strong> Given, Guzan, Baker, Bennett, Clark, Lowton, Luna, Stevens, Vlaar, Albrighton (?), Bacuna, Delph, El Ahmadi, Gardner (?), Herd, Johnson, Stieber, Sylla, Tonev, Westwood, Agbonlahor, Benteke, Bowery, Helenius, Koz\u00e1k, Weimann.<\/p>\n<p>John Heitinga si odnesl z tr\u00e9ninku men\u0161\u00ed svalov\u00e9 pot\u00ed\u017ee a jeho start je 50\/50. Darron Gibson absolvoval \u00fasp\u011b\u0161nou operaci k\u0159\u00ed\u017eov\u00fdch vaz\u016f a Antol\u00edn Alcaraz bude k dispozici po listopadov\u00e9 reprezenta\u010dn\u00ed p\u0159est\u00e1vce.<\/p>\n<p><strong>Everton:<\/strong> Howard, Robles, Baines, Coleman, Distin, Heitinga (?), Hibbert, Jagielka, Oviedo, Stones, Barkley, Barry, McCarthy, Osman, Pienaar, Deulofeu, Gueye, Jelavi\u0107, Kon\u00e9, Lukaku, Mirallas, Naismith, Vellios.<\/p>\n<p><strong>Co:<\/strong> Aston Villa FC &#8211; Everton FC, 9. kolo Premier League<br \/>\n<strong>Kdy:<\/strong> 26. 10. 2013 od 16:00 SE\u010c<br \/>\n<strong>Kde:<\/strong> Villa Park, Trinity Road, Birmingham (kapacita: 42\u00a0788)<br \/>\n<strong>Rozhod\u010d\u00ed:<\/strong> Anthony Taylor<\/p>\n<\/div>\n","protected":false},"excerpt":{"rendered":"<p>O v\u00edkendu, kdy anglick\u00fd Fotbalov\u00fd svaz (The Football Association) slav\u00ed 150 let od vzniku co by nejstar\u0161\u00ed instituce sv\u00e9ho druhu na sv\u011bt\u011b, se ve Villa Parku symbolicky st\u0159etnou dva nej\u010dast\u011bj\u0161\u00ed soupe\u0159i.<\/p>\n","protected":false},"author":6,"featured_media":15296,"comment_status":"open","ping_status":"closed","sticky":false,"template":"","format":"standard","meta":{"_eb_attr":"","_monsterinsights_skip_tracking":false,"_monsterinsights_sitenote_active":false,"_monsterinsights_sitenote_note":"","_monsterinsights_sitenote_category":0,"footnotes":""},"categories":[4],"tags":[],"yoast_head":"<!-- This site is optimized with the Yoast SEO plugin v23.4 - https:\/\/yoast.com\/wordpress\/plugins\/seo\/ -->\n<title>Preview: Aston Villa - Everton - Official Czech &amp; Slovak Everton Supporters&#039; Club<\/title>\n<meta name=\"robots\" content=\"index, follow, max-snippet:-1, max-image-preview:large, max-video-preview:-1\" \/>\n<link rel=\"canonical\" href=\"https:\/\/evertonfc.cz\/index.php\/2013\/10\/25\/preview-aston-villa-everton-5\/\" \/>\n<meta property=\"og:locale\" content=\"cs_CZ\" \/>\n<meta property=\"og:type\" content=\"article\" \/>\n<meta property=\"og:title\" content=\"Preview: Aston Villa - Everton - Official Czech &amp; Slovak Everton Supporters&#039; Club\" \/>\n<meta property=\"og:description\" content=\"O v\u00edkendu, kdy anglick\u00fd Fotbalov\u00fd svaz (The Football Association) slav\u00ed 150 let od vzniku co by nejstar\u0161\u00ed instituce sv\u00e9ho druhu na sv\u011bt\u011b, se ve Villa Parku symbolicky st\u0159etnou dva nej\u010dast\u011bj\u0161\u00ed soupe\u0159i.\" \/>\n<meta property=\"og:url\" content=\"https:\/\/evertonfc.cz\/index.php\/2013\/10\/25\/preview-aston-villa-everton-5\/\" \/>\n<meta property=\"og:site_name\" content=\"Official Czech &amp; Slovak Everton Supporters&#039; Club\" \/>\n<meta property=\"article:publisher\" content=\"https:\/\/www.facebook.com\/everton.fans.cz.sk\" \/>\n<meta property=\"article:published_time\" content=\"2013-10-25T19:49:37+00:00\" \/>\n<meta property=\"article:modified_time\" content=\"2021-05-10T07:57:27+00:00\" \/>\n<meta property=\"og:image\" content=\"https:\/\/evertonfc.cz\/wp-content\/uploads\/2021\/05\/Aston-Villa-VS-Everton.jpg\" \/>\n\t<meta property=\"og:image:width\" content=\"720\" \/>\n\t<meta property=\"og:image:height\" content=\"405\" \/>\n\t<meta property=\"og:image:type\" content=\"image\/jpeg\" \/>\n<meta name=\"author\" content=\"Ri\u010di\" \/>\n<meta name=\"twitter:card\" content=\"summary_large_image\" \/>\n<meta name=\"twitter:creator\" content=\"@rbrejsa\" \/>\n<meta name=\"twitter:label1\" content=\"Napsal(a)\" \/>\n\t<meta name=\"twitter:data1\" content=\"Ri\u010di\" \/>\n\t<meta name=\"twitter:label2\" content=\"Odhadovan\u00e1 doba \u010dten\u00ed\" \/>\n\t<meta name=\"twitter:data2\" content=\"4 minuty\" \/>\n<script type=\"application\/ld+json\" class=\"yoast-schema-graph\">{\"@context\":\"https:\/\/schema.org\",\"@graph\":[{\"@type\":\"Article\",\"@id\":\"https:\/\/evertonfc.cz\/index.php\/2013\/10\/25\/preview-aston-villa-everton-5\/#article\",\"isPartOf\":{\"@id\":\"https:\/\/evertonfc.cz\/index.php\/2013\/10\/25\/preview-aston-villa-everton-5\/\"},\"author\":{\"name\":\"Ri\u010di\",\"@id\":\"https:\/\/evertonfc.cz\/#\/schema\/person\/f7a5daedb2ffee98480bc70e191aaef1\"},\"headline\":\"Preview: Aston Villa &#8211; Everton\",\"datePublished\":\"2013-10-25T19:49:37+00:00\",\"dateModified\":\"2021-05-10T07:57:27+00:00\",\"mainEntityOfPage\":{\"@id\":\"https:\/\/evertonfc.cz\/index.php\/2013\/10\/25\/preview-aston-villa-everton-5\/\"},\"wordCount\":806,\"commentCount\":0,\"publisher\":{\"@id\":\"https:\/\/evertonfc.cz\/#organization\"},\"image\":{\"@id\":\"https:\/\/evertonfc.cz\/index.php\/2013\/10\/25\/preview-aston-villa-everton-5\/#primaryimage\"},\"thumbnailUrl\":\"https:\/\/evertonfc.cz\/wp-content\/uploads\/2021\/05\/Aston-Villa-VS-Everton.jpg\",\"articleSection\":[\"Z\u00e1pasy\"],\"inLanguage\":\"cs\",\"potentialAction\":[{\"@type\":\"CommentAction\",\"name\":\"Comment\",\"target\":[\"https:\/\/evertonfc.cz\/index.php\/2013\/10\/25\/preview-aston-villa-everton-5\/#respond\"]}]},{\"@type\":\"WebPage\",\"@id\":\"https:\/\/evertonfc.cz\/index.php\/2013\/10\/25\/preview-aston-villa-everton-5\/\",\"url\":\"https:\/\/evertonfc.cz\/index.php\/2013\/10\/25\/preview-aston-villa-everton-5\/\",\"name\":\"Preview: Aston Villa - Everton - Official Czech &amp; Slovak Everton Supporters&#039; Club\",\"isPartOf\":{\"@id\":\"https:\/\/evertonfc.cz\/#website\"},\"primaryImageOfPage\":{\"@id\":\"https:\/\/evertonfc.cz\/index.php\/2013\/10\/25\/preview-aston-villa-everton-5\/#primaryimage\"},\"image\":{\"@id\":\"https:\/\/evertonfc.cz\/index.php\/2013\/10\/25\/preview-aston-villa-everton-5\/#primaryimage\"},\"thumbnailUrl\":\"https:\/\/evertonfc.cz\/wp-content\/uploads\/2021\/05\/Aston-Villa-VS-Everton.jpg\",\"datePublished\":\"2013-10-25T19:49:37+00:00\",\"dateModified\":\"2021-05-10T07:57:27+00:00\",\"breadcrumb\":{\"@id\":\"https:\/\/evertonfc.cz\/index.php\/2013\/10\/25\/preview-aston-villa-everton-5\/#breadcrumb\"},\"inLanguage\":\"cs\",\"potentialAction\":[{\"@type\":\"ReadAction\",\"target\":[\"https:\/\/evertonfc.cz\/index.php\/2013\/10\/25\/preview-aston-villa-everton-5\/\"]}]},{\"@type\":\"ImageObject\",\"inLanguage\":\"cs\",\"@id\":\"https:\/\/evertonfc.cz\/index.php\/2013\/10\/25\/preview-aston-villa-everton-5\/#primaryimage\",\"url\":\"https:\/\/evertonfc.cz\/wp-content\/uploads\/2021\/05\/Aston-Villa-VS-Everton.jpg\",\"contentUrl\":\"https:\/\/evertonfc.cz\/wp-content\/uploads\/2021\/05\/Aston-Villa-VS-Everton.jpg\",\"width\":720,\"height\":405},{\"@type\":\"BreadcrumbList\",\"@id\":\"https:\/\/evertonfc.cz\/index.php\/2013\/10\/25\/preview-aston-villa-everton-5\/#breadcrumb\",\"itemListElement\":[{\"@type\":\"ListItem\",\"position\":1,\"name\":\"Home\",\"item\":\"https:\/\/evertonfc.cz\/\"},{\"@type\":\"ListItem\",\"position\":2,\"name\":\"Preview: Aston Villa &#8211; Everton\"}]},{\"@type\":\"WebSite\",\"@id\":\"https:\/\/evertonfc.cz\/#website\",\"url\":\"https:\/\/evertonfc.cz\/\",\"name\":\"Official Czech &amp; Slovak Everton Supporters&#039; Club\",\"description\":\"\",\"publisher\":{\"@id\":\"https:\/\/evertonfc.cz\/#organization\"},\"potentialAction\":[{\"@type\":\"SearchAction\",\"target\":{\"@type\":\"EntryPoint\",\"urlTemplate\":\"https:\/\/evertonfc.cz\/?s={search_term_string}\"},\"query-input\":{\"@type\":\"PropertyValueSpecification\",\"valueRequired\":true,\"valueName\":\"search_term_string\"}}],\"inLanguage\":\"cs\"},{\"@type\":\"Organization\",\"@id\":\"https:\/\/evertonfc.cz\/#organization\",\"name\":\"Official Czech & Slovak Everton Supporters' Club\",\"url\":\"https:\/\/evertonfc.cz\/\",\"logo\":{\"@type\":\"ImageObject\",\"inLanguage\":\"cs\",\"@id\":\"https:\/\/evertonfc.cz\/#\/schema\/logo\/image\/\",\"url\":\"https:\/\/evertonfc.cz\/wp-content\/uploads\/2019\/05\/logo.png\",\"contentUrl\":\"https:\/\/evertonfc.cz\/wp-content\/uploads\/2019\/05\/logo.png\",\"width\":112,\"height\":112,\"caption\":\"Official Czech & Slovak Everton Supporters' Club\"},\"image\":{\"@id\":\"https:\/\/evertonfc.cz\/#\/schema\/logo\/image\/\"},\"sameAs\":[\"https:\/\/www.facebook.com\/everton.fans.cz.sk\"]},{\"@type\":\"Person\",\"@id\":\"https:\/\/evertonfc.cz\/#\/schema\/person\/f7a5daedb2ffee98480bc70e191aaef1\",\"name\":\"Ri\u010di\",\"sameAs\":[\"https:\/\/x.com\/rbrejsa\"],\"url\":\"https:\/\/evertonfc.cz\/index.php\/author\/rici\/\"}]}<\/script>\n<!-- \/ Yoast SEO plugin. -->","yoast_head_json":{"title":"Preview: Aston Villa - Everton - Official Czech &amp; Slovak Everton Supporters&#039; Club","robots":{"index":"index","follow":"follow","max-snippet":"max-snippet:-1","max-image-preview":"max-image-preview:large","max-video-preview":"max-video-preview:-1"},"canonical":"https:\/\/evertonfc.cz\/index.php\/2013\/10\/25\/preview-aston-villa-everton-5\/","og_locale":"cs_CZ","og_type":"article","og_title":"Preview: Aston Villa - Everton - Official Czech &amp; Slovak Everton Supporters&#039; Club","og_description":"O v\u00edkendu, kdy anglick\u00fd Fotbalov\u00fd svaz (The Football Association) slav\u00ed 150 let od vzniku co by nejstar\u0161\u00ed instituce sv\u00e9ho druhu na sv\u011bt\u011b, se ve Villa Parku symbolicky st\u0159etnou dva nej\u010dast\u011bj\u0161\u00ed soupe\u0159i.","og_url":"https:\/\/evertonfc.cz\/index.php\/2013\/10\/25\/preview-aston-villa-everton-5\/","og_site_name":"Official Czech &amp; Slovak Everton Supporters&#039; Club","article_publisher":"https:\/\/www.facebook.com\/everton.fans.cz.sk","article_published_time":"2013-10-25T19:49:37+00:00","article_modified_time":"2021-05-10T07:57:27+00:00","og_image":[{"width":720,"height":405,"url":"https:\/\/evertonfc.cz\/wp-content\/uploads\/2021\/05\/Aston-Villa-VS-Everton.jpg","type":"image\/jpeg"}],"author":"Ri\u010di","twitter_card":"summary_large_image","twitter_creator":"@rbrejsa","twitter_misc":{"Napsal(a)":"Ri\u010di","Odhadovan\u00e1 doba \u010dten\u00ed":"4 minuty"},"schema":{"@context":"https:\/\/schema.org","@graph":[{"@type":"Article","@id":"https:\/\/evertonfc.cz\/index.php\/2013\/10\/25\/preview-aston-villa-everton-5\/#article","isPartOf":{"@id":"https:\/\/evertonfc.cz\/index.php\/2013\/10\/25\/preview-aston-villa-everton-5\/"},"author":{"name":"Ri\u010di","@id":"https:\/\/evertonfc.cz\/#\/schema\/person\/f7a5daedb2ffee98480bc70e191aaef1"},"headline":"Preview: Aston Villa &#8211; Everton","datePublished":"2013-10-25T19:49:37+00:00","dateModified":"2021-05-10T07:57:27+00:00","mainEntityOfPage":{"@id":"https:\/\/evertonfc.cz\/index.php\/2013\/10\/25\/preview-aston-villa-everton-5\/"},"wordCount":806,"commentCount":0,"publisher":{"@id":"https:\/\/evertonfc.cz\/#organization"},"image":{"@id":"https:\/\/evertonfc.cz\/index.php\/2013\/10\/25\/preview-aston-villa-everton-5\/#primaryimage"},"thumbnailUrl":"https:\/\/evertonfc.cz\/wp-content\/uploads\/2021\/05\/Aston-Villa-VS-Everton.jpg","articleSection":["Z\u00e1pasy"],"inLanguage":"cs","potentialAction":[{"@type":"CommentAction","name":"Comment","target":["https:\/\/evertonfc.cz\/index.php\/2013\/10\/25\/preview-aston-villa-everton-5\/#respond"]}]},{"@type":"WebPage","@id":"https:\/\/evertonfc.cz\/index.php\/2013\/10\/25\/preview-aston-villa-everton-5\/","url":"https:\/\/evertonfc.cz\/index.php\/2013\/10\/25\/preview-aston-villa-everton-5\/","name":"Preview: Aston Villa - Everton - Official Czech &amp; Slovak Everton Supporters&#039; Club","isPartOf":{"@id":"https:\/\/evertonfc.cz\/#website"},"primaryImageOfPage":{"@id":"https:\/\/evertonfc.cz\/index.php\/2013\/10\/25\/preview-aston-villa-everton-5\/#primaryimage"},"image":{"@id":"https:\/\/evertonfc.cz\/index.php\/2013\/10\/25\/preview-aston-villa-everton-5\/#primaryimage"},"thumbnailUrl":"https:\/\/evertonfc.cz\/wp-content\/uploads\/2021\/05\/Aston-Villa-VS-Everton.jpg","datePublished":"2013-10-25T19:49:37+00:00","dateModified":"2021-05-10T07:57:27+00:00","breadcrumb":{"@id":"https:\/\/evertonfc.cz\/index.php\/2013\/10\/25\/preview-aston-villa-everton-5\/#breadcrumb"},"inLanguage":"cs","potentialAction":[{"@type":"ReadAction","target":["https:\/\/evertonfc.cz\/index.php\/2013\/10\/25\/preview-aston-villa-everton-5\/"]}]},{"@type":"ImageObject","inLanguage":"cs","@id":"https:\/\/evertonfc.cz\/index.php\/2013\/10\/25\/preview-aston-villa-everton-5\/#primaryimage","url":"https:\/\/evertonfc.cz\/wp-content\/uploads\/2021\/05\/Aston-Villa-VS-Everton.jpg","contentUrl":"https:\/\/evertonfc.cz\/wp-content\/uploads\/2021\/05\/Aston-Villa-VS-Everton.jpg","width":720,"height":405},{"@type":"BreadcrumbList","@id":"https:\/\/evertonfc.cz\/index.php\/2013\/10\/25\/preview-aston-villa-everton-5\/#breadcrumb","itemListElement":[{"@type":"ListItem","position":1,"name":"Home","item":"https:\/\/evertonfc.cz\/"},{"@type":"ListItem","position":2,"name":"Preview: Aston Villa &#8211; Everton"}]},{"@type":"WebSite","@id":"https:\/\/evertonfc.cz\/#website","url":"https:\/\/evertonfc.cz\/","name":"Official Czech &amp; Slovak Everton Supporters&#039; Club","description":"","publisher":{"@id":"https:\/\/evertonfc.cz\/#organization"},"potentialAction":[{"@type":"SearchAction","target":{"@type":"EntryPoint","urlTemplate":"https:\/\/evertonfc.cz\/?s={search_term_string}"},"query-input":{"@type":"PropertyValueSpecification","valueRequired":true,"valueName":"search_term_string"}}],"inLanguage":"cs"},{"@type":"Organization","@id":"https:\/\/evertonfc.cz\/#organization","name":"Official Czech & Slovak Everton Supporters' Club","url":"https:\/\/evertonfc.cz\/","logo":{"@type":"ImageObject","inLanguage":"cs","@id":"https:\/\/evertonfc.cz\/#\/schema\/logo\/image\/","url":"https:\/\/evertonfc.cz\/wp-content\/uploads\/2019\/05\/logo.png","contentUrl":"https:\/\/evertonfc.cz\/wp-content\/uploads\/2019\/05\/logo.png","width":112,"height":112,"caption":"Official Czech & Slovak Everton Supporters' Club"},"image":{"@id":"https:\/\/evertonfc.cz\/#\/schema\/logo\/image\/"},"sameAs":["https:\/\/www.facebook.com\/everton.fans.cz.sk"]},{"@type":"Person","@id":"https:\/\/evertonfc.cz\/#\/schema\/person\/f7a5daedb2ffee98480bc70e191aaef1","name":"Ri\u010di","sameAs":["https:\/\/x.com\/rbrejsa"],"url":"https:\/\/evertonfc.cz\/index.php\/author\/rici\/"}]}},"_links":{"self":[{"href":"https:\/\/evertonfc.cz\/index.php\/wp-json\/wp\/v2\/posts\/5292"}],"collection":[{"href":"https:\/\/evertonfc.cz\/index.php\/wp-json\/wp\/v2\/posts"}],"about":[{"href":"https:\/\/evertonfc.cz\/index.php\/wp-json\/wp\/v2\/types\/post"}],"author":[{"embeddable":true,"href":"https:\/\/evertonfc.cz\/index.php\/wp-json\/wp\/v2\/users\/6"}],"replies":[{"embeddable":true,"href":"https:\/\/evertonfc.cz\/index.php\/wp-json\/wp\/v2\/comments?post=5292"}],"version-history":[{"count":5,"href":"https:\/\/evertonfc.cz\/index.php\/wp-json\/wp\/v2\/posts\/5292\/revisions"}],"predecessor-version":[{"id":15300,"href":"https:\/\/evertonfc.cz\/index.php\/wp-json\/wp\/v2\/posts\/5292\/revisions\/15300"}],"wp:featuredmedia":[{"embeddable":true,"href":"https:\/\/evertonfc.cz\/index.php\/wp-json\/wp\/v2\/media\/15296"}],"wp:attachment":[{"href":"https:\/\/evertonfc.cz\/index.php\/wp-json\/wp\/v2\/media?parent=5292"}],"wp:term":[{"taxonomy":"category","embeddable":true,"href":"https:\/\/evertonfc.cz\/index.php\/wp-json\/wp\/v2\/categories?post=5292"},{"taxonomy":"post_tag","embeddable":true,"href":"https:\/\/evertonfc.cz\/index.php\/wp-json\/wp\/v2\/tags?post=5292"}],"curies":[{"name":"wp","href":"https:\/\/api.w.org\/{rel}","templated":true}]}}