{"id":5294,"date":"2013-08-30T21:49:56","date_gmt":"2013-08-30T19:49:56","guid":{"rendered":"http:\/\/evertonfc.cz\/?p=5294"},"modified":"2019-02-15T09:14:13","modified_gmt":"2019-02-15T08:14:13","slug":"preview-cardiff-city-everton","status":"publish","type":"post","link":"https:\/\/evertonfc.cz\/index.php\/2013\/08\/30\/preview-cardiff-city-everton\/","title":{"rendered":"Preview: Cardiff City &#8211; Everton"},"content":{"rendered":"<h4 id=\"NewsPostDetailSummary\">P\u0159ed reprezenta\u010dn\u00ed p\u0159est\u00e1vkou by Everton zcela jist\u011b r\u00e1d zaznamenal prvn\u00ed ligov\u00e9 v\u00edt\u011bzstv\u00ed, Cardiff City naopak hodl\u00e1 nav\u00e1zat na skalp Manchesteru City.<\/h4>\n<div id=\"NewsPostDetailContent\">\n<p>Nov\u00e1\u010dek Premier League minul\u00fd t\u00fdden porazil na sv\u00e9m stadionu Manchester City, druh\u00fd celek lo\u0148sk\u00e9 sezony, \u010d\u00edm\u017e se postaral o prvn\u00ed velk\u00e9 p\u0159ekvapen\u00ed leto\u0161n\u00edho ro\u010dn\u00edku. Bluebirds si v\u00fdsledek 3:2 vybojovali d\u00edky perfektn\u00edmu t\u00fdmov\u00e9mu v\u00fdkonu, podobn\u00e9mu \u00fasp\u011b\u0161n\u00fdm z\u00e1pas\u016fm Evertonu pod Davidem Moyesem.<\/p>\n<p>Skotsk\u00fd strat\u00e9g je v\u0161ak na Goodisonu ji\u017e minulost\u00ed, jeho n\u00e1stupce Roberto Mart\u00ednez neza\u017e\u00edv\u00e1 zl\u00fd start, ke spokojenosti chyb\u00ed &#8222;jen&#8220; body. S Norwichem se mohlo vyhr\u00e1t, s West Bromem se m\u011blo vyhr\u00e1t. Co tr\u00e1p\u00ed Toffees, tak to je zakon\u010dov\u00e1n\u00ed. Jelavi\u0107 zat\u00edm nenav\u00e1zal na povedenou p\u0159\u00edpravu a debutuj\u00edc\u00ed Kon\u00e9 ve st\u0159ede\u010dn\u00edm Ligov\u00e9m poh\u00e1ru zahodil mno\u017estv\u00ed tutovek. \u0160patn\u00e9 zakon\u010den\u00ed ale nepad\u00e1 pouze na \u00fato\u010dn\u00edky, tak\u00e9 ostatn\u00ed hr\u00e1\u010di pot\u0159ebuj\u00ed ve fin\u00e1ln\u00ed f\u00e1zi nal\u00e9zt v\u011bt\u0161\u00ed pohodu<\/p>\n<p>Pohoda v \u0161atn\u011b Toffees bude z\u00e1viset na posledn\u00edch dnech p\u0159estupov\u00e9ho obdob\u00ed. Mart\u00ednez se netaj\u00ed ambicemi p\u0159iv\u00e9st je\u0161t\u011b n\u011bjakou tu posilu, na druhou stranu Manchester United jev\u00ed z\u00e1jem o dvojici Baines a Fellaini. Odchod a\u0165 jednoho \u010di druh\u00e9ho na posledn\u00ed chv\u00edli s malou mo\u017enost\u00ed z\u00edskat n\u00e1hradu by se jevil velmi riskantn\u011b.<\/p>\n<h4><strong>Anal\u00fdza Marka Lawresona, fotbalov\u00e9ho experta BBC<\/strong><\/h4>\n<p>Fanou\u0161ci Cardiffu \u010dekali na elitn\u00ed anglickou sout\u011b\u017e dlouhou dobu, dob\u0159e si uv\u011bdomuj\u00ed, \u017ee elektrizuj\u00edc\u00ed atmosf\u00e9ra hr\u00e1\u010d\u016fm pom\u016f\u017ee, proti City to bylo evidentn\u00ed. Hlasit\u00ed budou po cel\u00fd rok, jsem si jist\u00fd.<\/p>\n<p>Lid\u00e9 si neuv\u011bdomuj\u00ed, jak\u00fd velk\u00fd \u00fakol stoj\u00ed p\u0159ed Robertem Mart\u00ednezem v Evertonu. David Moyes odv\u00e1d\u011bl neuv\u011b\u0159itelnou pr\u00e1ci. Pokud letos Everton skon\u010d\u00ed v TOP 10, dle m\u00e9ho p\u016fjde o dobrou sez\u00f3nu.<\/p>\n<p>Tip: 1-1.<\/p>\n<h4><strong>Z\u00e1pasov\u00e1 fakta<\/strong><\/h4>\n<p>Vz\u00e1jemn\u00e1<\/p>\n<ul>\n<li>Schyluje se k 33. m\u011b\u0159en\u00ed sil, poprv\u00e9 ale v Premier League<\/li>\n<li>v posledn\u00edm utk\u00e1n\u00ed z roku 1962 Everton doma deklasoval Vel\u0161any 8:3, hattrick nast\u0159\u00edlel Roy Vernon<\/li>\n<li>Cardiff porazil sv\u00e9ho sobotn\u00edho soupe\u0159e naposledy v roce 1956, na Ninian Parku zv\u00edt\u011bzil 1:0.<\/li>\n<\/ul>\n<p>Cardiff City<\/p>\n<ul>\n<li>Bude sahat po druh\u00e9 v\u00fdh\u0159e v \u0159ad\u011b v prvn\u00ed lize poprv\u00e9 od roku 1962<\/li>\n<li>v posledn\u00edch 13 ligov\u00fdch st\u0159etnut\u00edch prohr\u00e1l jednou (6 v\u00fdher, 6 rem\u00edz, 1 prohra)<\/li>\n<li>sv\u011b\u0159enci Malkyho Mackaye porazili Manchester City i p\u0159es mal\u00e9 dr\u017een\u00ed m\u00ed\u010de \u2013 30%<\/li>\n<li>pokud Craig Bellamy sk\u00f3ruje, stane se prvn\u00edm hr\u00e1\u010dem s brankou na kont\u011b v sedmi klubech Premier League, g\u00f3l slavil v Coventry, Liverpoolu, Manchesteru City, Newcastlu, Blackburnu a West Hamu.<\/li>\n<\/ul>\n<p>Everton<\/p>\n<ul>\n<li>V \u00e9\u0159e Davida Moyese jedinkr\u00e1t v \u00favodn\u00edch t\u0159ech kolech nezaznamenal t\u0159\u00edbodov\u00fd zisk, v ro\u010dn\u00edku 2010\/11<\/li>\n<li>v\u010detn\u011b Mart\u00ednezova anga\u017em\u00e1 ve Wiganu, \u0160pan\u011bl zv\u00edt\u011bzil v posledn\u00edch 10 ligov\u00fdch kolech jednou (1 v\u00fdhra, 5 rem\u00edz, 4 prohry)<\/li>\n<li>Nikica Jelavi\u0107 v Premier League v posledn\u00edch 21 hodin\u00e1ch a 47 minut\u00e1ch sk\u00f3roval jednou, na venkovn\u00edm h\u0159i\u0161ti se nav\u00edc st\u0159elecky prosadil naposledy v \u0159\u00edjnu roku 2012 ve Wiganu.<\/li>\n<\/ul>\n<h4><strong>T\u00fdmov\u00e9 novinky<\/strong><\/h4>\n<p>Dom\u00e1c\u00edm chyb\u00ed \u00fato\u010dn\u00e1 posila z l\u00e9ta, Andreas Cornelius si ve st\u0159ede\u010dn\u00edm poh\u00e1rov\u00e9m duelu poranil kotn\u00edk.<\/p>\n<p><strong>Cardiff City:<\/strong> Lewis, Marshall, Moore, Brayford, Caulker, Connolly, Hudson, Lappin, McNaughton, Taylor, Turner, Conway, Cowie, Gunnarsson, Kim, Kiss, Medel, Mutch, Noone, Whittingham, Bellamy, Campbell, Gestede, Mason, Maynard, Smith, Velikonja.<\/p>\n<p>Darron Gibson a Antol\u00edn Alcaraz se uzdravili a tr\u00e9nuj\u00ed s ostatn\u00edmi, na h\u0159i\u0161t\u011b je ov\u0161em je\u0161t\u011b nepust\u00ed nedostate\u010dn\u00e1 fyzick\u00e1 kondice.<\/p>\n<p><strong>Everton:<\/strong> Howard, Robles, Baines, Coleman, Distin, Duffy, Heitinga, Hibbert, Jagielka, Oviedo, Stones, Barkley, Fellaini, Osman, Pienaar, Anichebe, Deulofeu, Gueye, Jelavi\u0107, Kone, Mirallas, Naismith, Vellios.<\/p>\n<p><strong>Co:<\/strong> Cardiff City FC &#8211; Everton FC, 3. kolo Premier League<br \/>\n<strong>Kdy:<\/strong> 31. 08. 2013 od 16:00 SE\u010c<br \/>\n<strong>Kde:<\/strong> Cardiff City Stadium, Cardiff (kapacita: 27 128)<br \/>\n<strong>Rozhod\u010d\u00ed:<\/strong> Anthony Taylor<\/p>\n<\/div>\n","protected":false},"excerpt":{"rendered":"<p>P\u0159ed reprezenta\u010dn\u00ed p\u0159est\u00e1vkou by Everton zcela jist\u011b r\u00e1d zaznamenal prvn\u00ed ligov\u00e9 v\u00edt\u011bzstv\u00ed, Cardiff City naopak hodl\u00e1 nav\u00e1zat na skalp Manchesteru&hellip;<\/p>\n","protected":false},"author":6,"featured_media":1314,"comment_status":"open","ping_status":"closed","sticky":false,"template":"","format":"standard","meta":{"_eb_attr":"","_monsterinsights_skip_tracking":false,"_monsterinsights_sitenote_active":false,"_monsterinsights_sitenote_note":"","_monsterinsights_sitenote_category":0,"footnotes":""},"categories":[4],"tags":[],"yoast_head":"<!-- This site is optimized with the Yoast SEO plugin v23.4 - https:\/\/yoast.com\/wordpress\/plugins\/seo\/ -->\n<title>Preview: Cardiff City - Everton - Official Czech &amp; Slovak Everton Supporters&#039; Club<\/title>\n<meta name=\"robots\" content=\"index, follow, max-snippet:-1, max-image-preview:large, max-video-preview:-1\" \/>\n<link rel=\"canonical\" href=\"https:\/\/evertonfc.cz\/index.php\/2013\/08\/30\/preview-cardiff-city-everton\/\" \/>\n<meta property=\"og:locale\" content=\"cs_CZ\" \/>\n<meta property=\"og:type\" content=\"article\" \/>\n<meta property=\"og:title\" content=\"Preview: Cardiff City - Everton - Official Czech &amp; Slovak Everton Supporters&#039; Club\" \/>\n<meta property=\"og:description\" content=\"P\u0159ed reprezenta\u010dn\u00ed p\u0159est\u00e1vkou by Everton zcela jist\u011b r\u00e1d zaznamenal prvn\u00ed ligov\u00e9 v\u00edt\u011bzstv\u00ed, Cardiff City naopak hodl\u00e1 nav\u00e1zat na skalp Manchesteru&hellip;\" \/>\n<meta property=\"og:url\" content=\"https:\/\/evertonfc.cz\/index.php\/2013\/08\/30\/preview-cardiff-city-everton\/\" \/>\n<meta property=\"og:site_name\" content=\"Official Czech &amp; Slovak Everton Supporters&#039; Club\" \/>\n<meta property=\"article:publisher\" content=\"https:\/\/www.facebook.com\/everton.fans.cz.sk\" \/>\n<meta property=\"article:published_time\" content=\"2013-08-30T19:49:56+00:00\" \/>\n<meta property=\"article:modified_time\" content=\"2019-02-15T08:14:13+00:00\" \/>\n<meta property=\"og:image\" content=\"https:\/\/evertonfc.cz\/wp-content\/uploads\/2019\/01\/preview.jpg\" \/>\n\t<meta property=\"og:image:width\" content=\"720\" \/>\n\t<meta property=\"og:image:height\" content=\"405\" \/>\n\t<meta property=\"og:image:type\" content=\"image\/jpeg\" \/>\n<meta name=\"author\" content=\"Ri\u010di\" \/>\n<meta name=\"twitter:card\" content=\"summary_large_image\" \/>\n<meta name=\"twitter:creator\" content=\"@rbrejsa\" \/>\n<meta name=\"twitter:label1\" content=\"Napsal(a)\" \/>\n\t<meta name=\"twitter:data1\" content=\"Ri\u010di\" \/>\n\t<meta name=\"twitter:label2\" content=\"Odhadovan\u00e1 doba \u010dten\u00ed\" \/>\n\t<meta name=\"twitter:data2\" content=\"3 minuty\" \/>\n<script type=\"application\/ld+json\" class=\"yoast-schema-graph\">{\"@context\":\"https:\/\/schema.org\",\"@graph\":[{\"@type\":\"Article\",\"@id\":\"https:\/\/evertonfc.cz\/index.php\/2013\/08\/30\/preview-cardiff-city-everton\/#article\",\"isPartOf\":{\"@id\":\"https:\/\/evertonfc.cz\/index.php\/2013\/08\/30\/preview-cardiff-city-everton\/\"},\"author\":{\"name\":\"Ri\u010di\",\"@id\":\"https:\/\/evertonfc.cz\/#\/schema\/person\/f7a5daedb2ffee98480bc70e191aaef1\"},\"headline\":\"Preview: Cardiff City &#8211; Everton\",\"datePublished\":\"2013-08-30T19:49:56+00:00\",\"dateModified\":\"2019-02-15T08:14:13+00:00\",\"mainEntityOfPage\":{\"@id\":\"https:\/\/evertonfc.cz\/index.php\/2013\/08\/30\/preview-cardiff-city-everton\/\"},\"wordCount\":687,\"commentCount\":0,\"publisher\":{\"@id\":\"https:\/\/evertonfc.cz\/#organization\"},\"image\":{\"@id\":\"https:\/\/evertonfc.cz\/index.php\/2013\/08\/30\/preview-cardiff-city-everton\/#primaryimage\"},\"thumbnailUrl\":\"https:\/\/evertonfc.cz\/wp-content\/uploads\/2019\/01\/preview.jpg\",\"articleSection\":[\"Z\u00e1pasy\"],\"inLanguage\":\"cs\",\"potentialAction\":[{\"@type\":\"CommentAction\",\"name\":\"Comment\",\"target\":[\"https:\/\/evertonfc.cz\/index.php\/2013\/08\/30\/preview-cardiff-city-everton\/#respond\"]}]},{\"@type\":\"WebPage\",\"@id\":\"https:\/\/evertonfc.cz\/index.php\/2013\/08\/30\/preview-cardiff-city-everton\/\",\"url\":\"https:\/\/evertonfc.cz\/index.php\/2013\/08\/30\/preview-cardiff-city-everton\/\",\"name\":\"Preview: Cardiff City - Everton - Official Czech &amp; Slovak Everton Supporters&#039; Club\",\"isPartOf\":{\"@id\":\"https:\/\/evertonfc.cz\/#website\"},\"primaryImageOfPage\":{\"@id\":\"https:\/\/evertonfc.cz\/index.php\/2013\/08\/30\/preview-cardiff-city-everton\/#primaryimage\"},\"image\":{\"@id\":\"https:\/\/evertonfc.cz\/index.php\/2013\/08\/30\/preview-cardiff-city-everton\/#primaryimage\"},\"thumbnailUrl\":\"https:\/\/evertonfc.cz\/wp-content\/uploads\/2019\/01\/preview.jpg\",\"datePublished\":\"2013-08-30T19:49:56+00:00\",\"dateModified\":\"2019-02-15T08:14:13+00:00\",\"breadcrumb\":{\"@id\":\"https:\/\/evertonfc.cz\/index.php\/2013\/08\/30\/preview-cardiff-city-everton\/#breadcrumb\"},\"inLanguage\":\"cs\",\"potentialAction\":[{\"@type\":\"ReadAction\",\"target\":[\"https:\/\/evertonfc.cz\/index.php\/2013\/08\/30\/preview-cardiff-city-everton\/\"]}]},{\"@type\":\"ImageObject\",\"inLanguage\":\"cs\",\"@id\":\"https:\/\/evertonfc.cz\/index.php\/2013\/08\/30\/preview-cardiff-city-everton\/#primaryimage\",\"url\":\"https:\/\/evertonfc.cz\/wp-content\/uploads\/2019\/01\/preview.jpg\",\"contentUrl\":\"https:\/\/evertonfc.cz\/wp-content\/uploads\/2019\/01\/preview.jpg\",\"width\":720,\"height\":405},{\"@type\":\"BreadcrumbList\",\"@id\":\"https:\/\/evertonfc.cz\/index.php\/2013\/08\/30\/preview-cardiff-city-everton\/#breadcrumb\",\"itemListElement\":[{\"@type\":\"ListItem\",\"position\":1,\"name\":\"Home\",\"item\":\"https:\/\/evertonfc.cz\/\"},{\"@type\":\"ListItem\",\"position\":2,\"name\":\"Preview: Cardiff City &#8211; Everton\"}]},{\"@type\":\"WebSite\",\"@id\":\"https:\/\/evertonfc.cz\/#website\",\"url\":\"https:\/\/evertonfc.cz\/\",\"name\":\"Official Czech &amp; Slovak Everton Supporters&#039; Club\",\"description\":\"\",\"publisher\":{\"@id\":\"https:\/\/evertonfc.cz\/#organization\"},\"potentialAction\":[{\"@type\":\"SearchAction\",\"target\":{\"@type\":\"EntryPoint\",\"urlTemplate\":\"https:\/\/evertonfc.cz\/?s={search_term_string}\"},\"query-input\":{\"@type\":\"PropertyValueSpecification\",\"valueRequired\":true,\"valueName\":\"search_term_string\"}}],\"inLanguage\":\"cs\"},{\"@type\":\"Organization\",\"@id\":\"https:\/\/evertonfc.cz\/#organization\",\"name\":\"Official Czech & Slovak Everton Supporters' Club\",\"url\":\"https:\/\/evertonfc.cz\/\",\"logo\":{\"@type\":\"ImageObject\",\"inLanguage\":\"cs\",\"@id\":\"https:\/\/evertonfc.cz\/#\/schema\/logo\/image\/\",\"url\":\"https:\/\/evertonfc.cz\/wp-content\/uploads\/2019\/05\/logo.png\",\"contentUrl\":\"https:\/\/evertonfc.cz\/wp-content\/uploads\/2019\/05\/logo.png\",\"width\":112,\"height\":112,\"caption\":\"Official Czech & Slovak Everton Supporters' Club\"},\"image\":{\"@id\":\"https:\/\/evertonfc.cz\/#\/schema\/logo\/image\/\"},\"sameAs\":[\"https:\/\/www.facebook.com\/everton.fans.cz.sk\"]},{\"@type\":\"Person\",\"@id\":\"https:\/\/evertonfc.cz\/#\/schema\/person\/f7a5daedb2ffee98480bc70e191aaef1\",\"name\":\"Ri\u010di\",\"sameAs\":[\"https:\/\/x.com\/rbrejsa\"],\"url\":\"https:\/\/evertonfc.cz\/index.php\/author\/rici\/\"}]}<\/script>\n<!-- \/ Yoast SEO plugin. -->","yoast_head_json":{"title":"Preview: Cardiff City - Everton - Official Czech &amp; Slovak Everton Supporters&#039; Club","robots":{"index":"index","follow":"follow","max-snippet":"max-snippet:-1","max-image-preview":"max-image-preview:large","max-video-preview":"max-video-preview:-1"},"canonical":"https:\/\/evertonfc.cz\/index.php\/2013\/08\/30\/preview-cardiff-city-everton\/","og_locale":"cs_CZ","og_type":"article","og_title":"Preview: Cardiff City - Everton - Official Czech &amp; Slovak Everton Supporters&#039; Club","og_description":"P\u0159ed reprezenta\u010dn\u00ed p\u0159est\u00e1vkou by Everton zcela jist\u011b r\u00e1d zaznamenal prvn\u00ed ligov\u00e9 v\u00edt\u011bzstv\u00ed, Cardiff City naopak hodl\u00e1 nav\u00e1zat na skalp Manchesteru&hellip;","og_url":"https:\/\/evertonfc.cz\/index.php\/2013\/08\/30\/preview-cardiff-city-everton\/","og_site_name":"Official Czech &amp; Slovak Everton Supporters&#039; Club","article_publisher":"https:\/\/www.facebook.com\/everton.fans.cz.sk","article_published_time":"2013-08-30T19:49:56+00:00","article_modified_time":"2019-02-15T08:14:13+00:00","og_image":[{"width":720,"height":405,"url":"https:\/\/evertonfc.cz\/wp-content\/uploads\/2019\/01\/preview.jpg","type":"image\/jpeg"}],"author":"Ri\u010di","twitter_card":"summary_large_image","twitter_creator":"@rbrejsa","twitter_misc":{"Napsal(a)":"Ri\u010di","Odhadovan\u00e1 doba \u010dten\u00ed":"3 minuty"},"schema":{"@context":"https:\/\/schema.org","@graph":[{"@type":"Article","@id":"https:\/\/evertonfc.cz\/index.php\/2013\/08\/30\/preview-cardiff-city-everton\/#article","isPartOf":{"@id":"https:\/\/evertonfc.cz\/index.php\/2013\/08\/30\/preview-cardiff-city-everton\/"},"author":{"name":"Ri\u010di","@id":"https:\/\/evertonfc.cz\/#\/schema\/person\/f7a5daedb2ffee98480bc70e191aaef1"},"headline":"Preview: Cardiff City &#8211; Everton","datePublished":"2013-08-30T19:49:56+00:00","dateModified":"2019-02-15T08:14:13+00:00","mainEntityOfPage":{"@id":"https:\/\/evertonfc.cz\/index.php\/2013\/08\/30\/preview-cardiff-city-everton\/"},"wordCount":687,"commentCount":0,"publisher":{"@id":"https:\/\/evertonfc.cz\/#organization"},"image":{"@id":"https:\/\/evertonfc.cz\/index.php\/2013\/08\/30\/preview-cardiff-city-everton\/#primaryimage"},"thumbnailUrl":"https:\/\/evertonfc.cz\/wp-content\/uploads\/2019\/01\/preview.jpg","articleSection":["Z\u00e1pasy"],"inLanguage":"cs","potentialAction":[{"@type":"CommentAction","name":"Comment","target":["https:\/\/evertonfc.cz\/index.php\/2013\/08\/30\/preview-cardiff-city-everton\/#respond"]}]},{"@type":"WebPage","@id":"https:\/\/evertonfc.cz\/index.php\/2013\/08\/30\/preview-cardiff-city-everton\/","url":"https:\/\/evertonfc.cz\/index.php\/2013\/08\/30\/preview-cardiff-city-everton\/","name":"Preview: Cardiff City - Everton - Official Czech &amp; Slovak Everton Supporters&#039; Club","isPartOf":{"@id":"https:\/\/evertonfc.cz\/#website"},"primaryImageOfPage":{"@id":"https:\/\/evertonfc.cz\/index.php\/2013\/08\/30\/preview-cardiff-city-everton\/#primaryimage"},"image":{"@id":"https:\/\/evertonfc.cz\/index.php\/2013\/08\/30\/preview-cardiff-city-everton\/#primaryimage"},"thumbnailUrl":"https:\/\/evertonfc.cz\/wp-content\/uploads\/2019\/01\/preview.jpg","datePublished":"2013-08-30T19:49:56+00:00","dateModified":"2019-02-15T08:14:13+00:00","breadcrumb":{"@id":"https:\/\/evertonfc.cz\/index.php\/2013\/08\/30\/preview-cardiff-city-everton\/#breadcrumb"},"inLanguage":"cs","potentialAction":[{"@type":"ReadAction","target":["https:\/\/evertonfc.cz\/index.php\/2013\/08\/30\/preview-cardiff-city-everton\/"]}]},{"@type":"ImageObject","inLanguage":"cs","@id":"https:\/\/evertonfc.cz\/index.php\/2013\/08\/30\/preview-cardiff-city-everton\/#primaryimage","url":"https:\/\/evertonfc.cz\/wp-content\/uploads\/2019\/01\/preview.jpg","contentUrl":"https:\/\/evertonfc.cz\/wp-content\/uploads\/2019\/01\/preview.jpg","width":720,"height":405},{"@type":"BreadcrumbList","@id":"https:\/\/evertonfc.cz\/index.php\/2013\/08\/30\/preview-cardiff-city-everton\/#breadcrumb","itemListElement":[{"@type":"ListItem","position":1,"name":"Home","item":"https:\/\/evertonfc.cz\/"},{"@type":"ListItem","position":2,"name":"Preview: Cardiff City &#8211; Everton"}]},{"@type":"WebSite","@id":"https:\/\/evertonfc.cz\/#website","url":"https:\/\/evertonfc.cz\/","name":"Official Czech &amp; Slovak Everton Supporters&#039; Club","description":"","publisher":{"@id":"https:\/\/evertonfc.cz\/#organization"},"potentialAction":[{"@type":"SearchAction","target":{"@type":"EntryPoint","urlTemplate":"https:\/\/evertonfc.cz\/?s={search_term_string}"},"query-input":{"@type":"PropertyValueSpecification","valueRequired":true,"valueName":"search_term_string"}}],"inLanguage":"cs"},{"@type":"Organization","@id":"https:\/\/evertonfc.cz\/#organization","name":"Official Czech & Slovak Everton Supporters' Club","url":"https:\/\/evertonfc.cz\/","logo":{"@type":"ImageObject","inLanguage":"cs","@id":"https:\/\/evertonfc.cz\/#\/schema\/logo\/image\/","url":"https:\/\/evertonfc.cz\/wp-content\/uploads\/2019\/05\/logo.png","contentUrl":"https:\/\/evertonfc.cz\/wp-content\/uploads\/2019\/05\/logo.png","width":112,"height":112,"caption":"Official Czech & Slovak Everton Supporters' Club"},"image":{"@id":"https:\/\/evertonfc.cz\/#\/schema\/logo\/image\/"},"sameAs":["https:\/\/www.facebook.com\/everton.fans.cz.sk"]},{"@type":"Person","@id":"https:\/\/evertonfc.cz\/#\/schema\/person\/f7a5daedb2ffee98480bc70e191aaef1","name":"Ri\u010di","sameAs":["https:\/\/x.com\/rbrejsa"],"url":"https:\/\/evertonfc.cz\/index.php\/author\/rici\/"}]}},"_links":{"self":[{"href":"https:\/\/evertonfc.cz\/index.php\/wp-json\/wp\/v2\/posts\/5294"}],"collection":[{"href":"https:\/\/evertonfc.cz\/index.php\/wp-json\/wp\/v2\/posts"}],"about":[{"href":"https:\/\/evertonfc.cz\/index.php\/wp-json\/wp\/v2\/types\/post"}],"author":[{"embeddable":true,"href":"https:\/\/evertonfc.cz\/index.php\/wp-json\/wp\/v2\/users\/6"}],"replies":[{"embeddable":true,"href":"https:\/\/evertonfc.cz\/index.php\/wp-json\/wp\/v2\/comments?post=5294"}],"version-history":[{"count":3,"href":"https:\/\/evertonfc.cz\/index.php\/wp-json\/wp\/v2\/posts\/5294\/revisions"}],"predecessor-version":[{"id":5525,"href":"https:\/\/evertonfc.cz\/index.php\/wp-json\/wp\/v2\/posts\/5294\/revisions\/5525"}],"wp:featuredmedia":[{"embeddable":true,"href":"https:\/\/evertonfc.cz\/index.php\/wp-json\/wp\/v2\/media\/1314"}],"wp:attachment":[{"href":"https:\/\/evertonfc.cz\/index.php\/wp-json\/wp\/v2\/media?parent=5294"}],"wp:term":[{"taxonomy":"category","embeddable":true,"href":"https:\/\/evertonfc.cz\/index.php\/wp-json\/wp\/v2\/categories?post=5294"},{"taxonomy":"post_tag","embeddable":true,"href":"https:\/\/evertonfc.cz\/index.php\/wp-json\/wp\/v2\/tags?post=5294"}],"curies":[{"name":"wp","href":"https:\/\/api.w.org\/{rel}","templated":true}]}}