{"id":5298,"date":"2013-08-29T21:51:00","date_gmt":"2013-08-29T19:51:00","guid":{"rendered":"http:\/\/evertonfc.cz\/?p=5298"},"modified":"2019-02-15T09:14:43","modified_gmt":"2019-02-15T08:14:43","slug":"everton-stevenage-21-po-prodlouzeni","status":"publish","type":"post","link":"https:\/\/evertonfc.cz\/index.php\/2013\/08\/29\/everton-stevenage-21-po-prodlouzeni\/","title":{"rendered":"Everton &#8211; Stevenage 2:1 po prodlou\u017een\u00ed"},"content":{"rendered":"<h4 id=\"NewsPostDetailSummary\">Postup do t\u0159et\u00edho kola Ligov\u00e9ho poh\u00e1ru Evertonu zajistil v prodlou\u017een\u00ed Marouane Fellani, prvn\u00ed g\u00f3l vst\u0159elil p\u0159i debutu talentovan\u00fd Gerard Deulofeu.<\/h4>\n<div id=\"NewsPostDetailContent\">\n<p>\u0160pan\u011blsk\u00fd ofenzivn\u00ed hr\u00e1\u010d se p\u0159edstavil v dobr\u00e9m sv\u011btle, a\u017e se pln\u011b adaptuje na anglick\u00fd fotbal, m\u016f\u017ee b\u00fdt d\u016fle\u017eitou sou\u010dast\u00ed t\u00fdmu. Naopak na utk\u00e1n\u00ed bude cht\u00edt zapomenout jin\u00e1 posila, Arouna Kon\u00e9 n\u011bkolikr\u00e1t selhal ve slibn\u00fdch \u0161anc\u00edch.<\/p>\n<p>Ve t\u0159et\u00edm kole byl Toffees nalosov\u00e1n Fulham, hr\u00e1t se bude 23. z\u00e1\u0159\u00ed na jeho p\u016fd\u011b.<\/p>\n<p>Highlights naleznete na <a href=\"http:\/\/www.evertonfc.com\/evertontv\/match\/9330\" target=\"_blank\" rel=\"noopener\">ofici\u00e1ln\u00edch str\u00e1nk\u00e1ch<\/a>.<\/p>\n<p><strong>Branky:<\/strong> 45. Deulofeu, 115. Fellaini &#8211; 36. Freeman<br \/>\n<strong>\u017dK:<\/strong> Oviedo &#8211; Gray, Doughty, Hartley<br \/>\n<strong>Everton FC (4-1-2-3):<\/strong> Robles; Hibbert (66. Coleman), Stones, Jagielka (46. Distin); Oviedo; Heitinga, Osman, Barkley (96. Fellaini); Deulofeu, Kone, Naismith. Nevyu\u017eit\u00ed n\u00e1hradn\u00edci Howard, Baines, Jelavic, Mirallas, Distin<br \/>\n<strong>Stevenage FC (4-1-4-1):<\/strong> Day; Gray, Ashton, Hartley, Deacon; Smith (Tansey 52); Freeman, Dunne, Doughty (Heslop 89); Shroot; Charles (Tounkara 27). Nevyu\u017eit\u00ed n\u00e1hradn\u00edci Arnold, Jones, Burrow, Haber.<br \/>\n<strong>Rozhod\u010d\u00ed:<\/strong> Keith Stroud<br \/>\n<strong>Div\u00e1ci:<\/strong> 22 730<\/p>\n<\/div>\n","protected":false},"excerpt":{"rendered":"<p>Postup do t\u0159et\u00edho kola Ligov\u00e9ho poh\u00e1ru Evertonu zajistil v prodlou\u017een\u00ed Marouane Fellani, prvn\u00ed g\u00f3l vst\u0159elil p\u0159i debutu talentovan\u00fd Gerard Deulofeu.&hellip;<\/p>\n","protected":false},"author":6,"featured_media":1315,"comment_status":"open","ping_status":"closed","sticky":false,"template":"","format":"standard","meta":{"_eb_attr":"","_monsterinsights_skip_tracking":false,"_monsterinsights_sitenote_active":false,"_monsterinsights_sitenote_note":"","_monsterinsights_sitenote_category":0,"footnotes":""},"categories":[4],"tags":[],"yoast_head":"<!-- This site is optimized with the Yoast SEO plugin v23.4 - https:\/\/yoast.com\/wordpress\/plugins\/seo\/ -->\n<title>Everton - Stevenage 2:1 po prodlou\u017een\u00ed - Official Czech &amp; Slovak Everton Supporters&#039; Club<\/title>\n<meta name=\"robots\" content=\"index, follow, max-snippet:-1, max-image-preview:large, max-video-preview:-1\" \/>\n<link rel=\"canonical\" href=\"https:\/\/evertonfc.cz\/index.php\/2013\/08\/29\/everton-stevenage-21-po-prodlouzeni\/\" \/>\n<meta property=\"og:locale\" content=\"cs_CZ\" \/>\n<meta property=\"og:type\" content=\"article\" \/>\n<meta property=\"og:title\" content=\"Everton - Stevenage 2:1 po prodlou\u017een\u00ed - Official Czech &amp; Slovak Everton Supporters&#039; Club\" \/>\n<meta property=\"og:description\" content=\"Postup do t\u0159et\u00edho kola Ligov\u00e9ho poh\u00e1ru Evertonu zajistil v prodlou\u017een\u00ed Marouane Fellani, prvn\u00ed g\u00f3l vst\u0159elil p\u0159i debutu talentovan\u00fd Gerard Deulofeu.&hellip;\" \/>\n<meta property=\"og:url\" content=\"https:\/\/evertonfc.cz\/index.php\/2013\/08\/29\/everton-stevenage-21-po-prodlouzeni\/\" \/>\n<meta property=\"og:site_name\" content=\"Official Czech &amp; Slovak Everton Supporters&#039; Club\" \/>\n<meta property=\"article:publisher\" content=\"https:\/\/www.facebook.com\/everton.fans.cz.sk\" \/>\n<meta property=\"article:published_time\" content=\"2013-08-29T19:51:00+00:00\" \/>\n<meta property=\"article:modified_time\" content=\"2019-02-15T08:14:43+00:00\" \/>\n<meta property=\"og:image\" content=\"https:\/\/evertonfc.cz\/wp-content\/uploads\/2019\/01\/report.jpg\" \/>\n\t<meta property=\"og:image:width\" content=\"720\" \/>\n\t<meta property=\"og:image:height\" content=\"405\" \/>\n\t<meta property=\"og:image:type\" content=\"image\/jpeg\" \/>\n<meta name=\"author\" content=\"Ri\u010di\" \/>\n<meta name=\"twitter:card\" content=\"summary_large_image\" \/>\n<meta name=\"twitter:creator\" content=\"@rbrejsa\" \/>\n<meta name=\"twitter:label1\" content=\"Napsal(a)\" \/>\n\t<meta name=\"twitter:data1\" content=\"Ri\u010di\" \/>\n\t<meta name=\"twitter:label2\" content=\"Odhadovan\u00e1 doba \u010dten\u00ed\" \/>\n\t<meta name=\"twitter:data2\" content=\"1 minuta\" \/>\n<script type=\"application\/ld+json\" class=\"yoast-schema-graph\">{\"@context\":\"https:\/\/schema.org\",\"@graph\":[{\"@type\":\"Article\",\"@id\":\"https:\/\/evertonfc.cz\/index.php\/2013\/08\/29\/everton-stevenage-21-po-prodlouzeni\/#article\",\"isPartOf\":{\"@id\":\"https:\/\/evertonfc.cz\/index.php\/2013\/08\/29\/everton-stevenage-21-po-prodlouzeni\/\"},\"author\":{\"name\":\"Ri\u010di\",\"@id\":\"https:\/\/evertonfc.cz\/#\/schema\/person\/f7a5daedb2ffee98480bc70e191aaef1\"},\"headline\":\"Everton &#8211; Stevenage 2:1 po prodlou\u017een\u00ed\",\"datePublished\":\"2013-08-29T19:51:00+00:00\",\"dateModified\":\"2019-02-15T08:14:43+00:00\",\"mainEntityOfPage\":{\"@id\":\"https:\/\/evertonfc.cz\/index.php\/2013\/08\/29\/everton-stevenage-21-po-prodlouzeni\/\"},\"wordCount\":186,\"commentCount\":0,\"publisher\":{\"@id\":\"https:\/\/evertonfc.cz\/#organization\"},\"image\":{\"@id\":\"https:\/\/evertonfc.cz\/index.php\/2013\/08\/29\/everton-stevenage-21-po-prodlouzeni\/#primaryimage\"},\"thumbnailUrl\":\"https:\/\/evertonfc.cz\/wp-content\/uploads\/2019\/01\/report.jpg\",\"articleSection\":[\"Z\u00e1pasy\"],\"inLanguage\":\"cs\",\"potentialAction\":[{\"@type\":\"CommentAction\",\"name\":\"Comment\",\"target\":[\"https:\/\/evertonfc.cz\/index.php\/2013\/08\/29\/everton-stevenage-21-po-prodlouzeni\/#respond\"]}]},{\"@type\":\"WebPage\",\"@id\":\"https:\/\/evertonfc.cz\/index.php\/2013\/08\/29\/everton-stevenage-21-po-prodlouzeni\/\",\"url\":\"https:\/\/evertonfc.cz\/index.php\/2013\/08\/29\/everton-stevenage-21-po-prodlouzeni\/\",\"name\":\"Everton - Stevenage 2:1 po prodlou\u017een\u00ed - Official Czech &amp; Slovak Everton Supporters&#039; Club\",\"isPartOf\":{\"@id\":\"https:\/\/evertonfc.cz\/#website\"},\"primaryImageOfPage\":{\"@id\":\"https:\/\/evertonfc.cz\/index.php\/2013\/08\/29\/everton-stevenage-21-po-prodlouzeni\/#primaryimage\"},\"image\":{\"@id\":\"https:\/\/evertonfc.cz\/index.php\/2013\/08\/29\/everton-stevenage-21-po-prodlouzeni\/#primaryimage\"},\"thumbnailUrl\":\"https:\/\/evertonfc.cz\/wp-content\/uploads\/2019\/01\/report.jpg\",\"datePublished\":\"2013-08-29T19:51:00+00:00\",\"dateModified\":\"2019-02-15T08:14:43+00:00\",\"breadcrumb\":{\"@id\":\"https:\/\/evertonfc.cz\/index.php\/2013\/08\/29\/everton-stevenage-21-po-prodlouzeni\/#breadcrumb\"},\"inLanguage\":\"cs\",\"potentialAction\":[{\"@type\":\"ReadAction\",\"target\":[\"https:\/\/evertonfc.cz\/index.php\/2013\/08\/29\/everton-stevenage-21-po-prodlouzeni\/\"]}]},{\"@type\":\"ImageObject\",\"inLanguage\":\"cs\",\"@id\":\"https:\/\/evertonfc.cz\/index.php\/2013\/08\/29\/everton-stevenage-21-po-prodlouzeni\/#primaryimage\",\"url\":\"https:\/\/evertonfc.cz\/wp-content\/uploads\/2019\/01\/report.jpg\",\"contentUrl\":\"https:\/\/evertonfc.cz\/wp-content\/uploads\/2019\/01\/report.jpg\",\"width\":720,\"height\":405},{\"@type\":\"BreadcrumbList\",\"@id\":\"https:\/\/evertonfc.cz\/index.php\/2013\/08\/29\/everton-stevenage-21-po-prodlouzeni\/#breadcrumb\",\"itemListElement\":[{\"@type\":\"ListItem\",\"position\":1,\"name\":\"Home\",\"item\":\"https:\/\/evertonfc.cz\/\"},{\"@type\":\"ListItem\",\"position\":2,\"name\":\"Everton &#8211; Stevenage 2:1 po prodlou\u017een\u00ed\"}]},{\"@type\":\"WebSite\",\"@id\":\"https:\/\/evertonfc.cz\/#website\",\"url\":\"https:\/\/evertonfc.cz\/\",\"name\":\"Official Czech &amp; Slovak Everton Supporters&#039; Club\",\"description\":\"\",\"publisher\":{\"@id\":\"https:\/\/evertonfc.cz\/#organization\"},\"potentialAction\":[{\"@type\":\"SearchAction\",\"target\":{\"@type\":\"EntryPoint\",\"urlTemplate\":\"https:\/\/evertonfc.cz\/?s={search_term_string}\"},\"query-input\":{\"@type\":\"PropertyValueSpecification\",\"valueRequired\":true,\"valueName\":\"search_term_string\"}}],\"inLanguage\":\"cs\"},{\"@type\":\"Organization\",\"@id\":\"https:\/\/evertonfc.cz\/#organization\",\"name\":\"Official Czech & Slovak Everton Supporters' Club\",\"url\":\"https:\/\/evertonfc.cz\/\",\"logo\":{\"@type\":\"ImageObject\",\"inLanguage\":\"cs\",\"@id\":\"https:\/\/evertonfc.cz\/#\/schema\/logo\/image\/\",\"url\":\"https:\/\/evertonfc.cz\/wp-content\/uploads\/2019\/05\/logo.png\",\"contentUrl\":\"https:\/\/evertonfc.cz\/wp-content\/uploads\/2019\/05\/logo.png\",\"width\":112,\"height\":112,\"caption\":\"Official Czech & Slovak Everton Supporters' Club\"},\"image\":{\"@id\":\"https:\/\/evertonfc.cz\/#\/schema\/logo\/image\/\"},\"sameAs\":[\"https:\/\/www.facebook.com\/everton.fans.cz.sk\"]},{\"@type\":\"Person\",\"@id\":\"https:\/\/evertonfc.cz\/#\/schema\/person\/f7a5daedb2ffee98480bc70e191aaef1\",\"name\":\"Ri\u010di\",\"sameAs\":[\"https:\/\/x.com\/rbrejsa\"],\"url\":\"https:\/\/evertonfc.cz\/index.php\/author\/rici\/\"}]}<\/script>\n<!-- \/ Yoast SEO plugin. -->","yoast_head_json":{"title":"Everton - Stevenage 2:1 po prodlou\u017een\u00ed - Official Czech &amp; Slovak Everton Supporters&#039; Club","robots":{"index":"index","follow":"follow","max-snippet":"max-snippet:-1","max-image-preview":"max-image-preview:large","max-video-preview":"max-video-preview:-1"},"canonical":"https:\/\/evertonfc.cz\/index.php\/2013\/08\/29\/everton-stevenage-21-po-prodlouzeni\/","og_locale":"cs_CZ","og_type":"article","og_title":"Everton - Stevenage 2:1 po prodlou\u017een\u00ed - Official Czech &amp; Slovak Everton Supporters&#039; Club","og_description":"Postup do t\u0159et\u00edho kola Ligov\u00e9ho poh\u00e1ru Evertonu zajistil v prodlou\u017een\u00ed Marouane Fellani, prvn\u00ed g\u00f3l vst\u0159elil p\u0159i debutu talentovan\u00fd Gerard Deulofeu.&hellip;","og_url":"https:\/\/evertonfc.cz\/index.php\/2013\/08\/29\/everton-stevenage-21-po-prodlouzeni\/","og_site_name":"Official Czech &amp; Slovak Everton Supporters&#039; Club","article_publisher":"https:\/\/www.facebook.com\/everton.fans.cz.sk","article_published_time":"2013-08-29T19:51:00+00:00","article_modified_time":"2019-02-15T08:14:43+00:00","og_image":[{"width":720,"height":405,"url":"https:\/\/evertonfc.cz\/wp-content\/uploads\/2019\/01\/report.jpg","type":"image\/jpeg"}],"author":"Ri\u010di","twitter_card":"summary_large_image","twitter_creator":"@rbrejsa","twitter_misc":{"Napsal(a)":"Ri\u010di","Odhadovan\u00e1 doba \u010dten\u00ed":"1 minuta"},"schema":{"@context":"https:\/\/schema.org","@graph":[{"@type":"Article","@id":"https:\/\/evertonfc.cz\/index.php\/2013\/08\/29\/everton-stevenage-21-po-prodlouzeni\/#article","isPartOf":{"@id":"https:\/\/evertonfc.cz\/index.php\/2013\/08\/29\/everton-stevenage-21-po-prodlouzeni\/"},"author":{"name":"Ri\u010di","@id":"https:\/\/evertonfc.cz\/#\/schema\/person\/f7a5daedb2ffee98480bc70e191aaef1"},"headline":"Everton &#8211; Stevenage 2:1 po prodlou\u017een\u00ed","datePublished":"2013-08-29T19:51:00+00:00","dateModified":"2019-02-15T08:14:43+00:00","mainEntityOfPage":{"@id":"https:\/\/evertonfc.cz\/index.php\/2013\/08\/29\/everton-stevenage-21-po-prodlouzeni\/"},"wordCount":186,"commentCount":0,"publisher":{"@id":"https:\/\/evertonfc.cz\/#organization"},"image":{"@id":"https:\/\/evertonfc.cz\/index.php\/2013\/08\/29\/everton-stevenage-21-po-prodlouzeni\/#primaryimage"},"thumbnailUrl":"https:\/\/evertonfc.cz\/wp-content\/uploads\/2019\/01\/report.jpg","articleSection":["Z\u00e1pasy"],"inLanguage":"cs","potentialAction":[{"@type":"CommentAction","name":"Comment","target":["https:\/\/evertonfc.cz\/index.php\/2013\/08\/29\/everton-stevenage-21-po-prodlouzeni\/#respond"]}]},{"@type":"WebPage","@id":"https:\/\/evertonfc.cz\/index.php\/2013\/08\/29\/everton-stevenage-21-po-prodlouzeni\/","url":"https:\/\/evertonfc.cz\/index.php\/2013\/08\/29\/everton-stevenage-21-po-prodlouzeni\/","name":"Everton - Stevenage 2:1 po prodlou\u017een\u00ed - Official Czech &amp; Slovak Everton Supporters&#039; Club","isPartOf":{"@id":"https:\/\/evertonfc.cz\/#website"},"primaryImageOfPage":{"@id":"https:\/\/evertonfc.cz\/index.php\/2013\/08\/29\/everton-stevenage-21-po-prodlouzeni\/#primaryimage"},"image":{"@id":"https:\/\/evertonfc.cz\/index.php\/2013\/08\/29\/everton-stevenage-21-po-prodlouzeni\/#primaryimage"},"thumbnailUrl":"https:\/\/evertonfc.cz\/wp-content\/uploads\/2019\/01\/report.jpg","datePublished":"2013-08-29T19:51:00+00:00","dateModified":"2019-02-15T08:14:43+00:00","breadcrumb":{"@id":"https:\/\/evertonfc.cz\/index.php\/2013\/08\/29\/everton-stevenage-21-po-prodlouzeni\/#breadcrumb"},"inLanguage":"cs","potentialAction":[{"@type":"ReadAction","target":["https:\/\/evertonfc.cz\/index.php\/2013\/08\/29\/everton-stevenage-21-po-prodlouzeni\/"]}]},{"@type":"ImageObject","inLanguage":"cs","@id":"https:\/\/evertonfc.cz\/index.php\/2013\/08\/29\/everton-stevenage-21-po-prodlouzeni\/#primaryimage","url":"https:\/\/evertonfc.cz\/wp-content\/uploads\/2019\/01\/report.jpg","contentUrl":"https:\/\/evertonfc.cz\/wp-content\/uploads\/2019\/01\/report.jpg","width":720,"height":405},{"@type":"BreadcrumbList","@id":"https:\/\/evertonfc.cz\/index.php\/2013\/08\/29\/everton-stevenage-21-po-prodlouzeni\/#breadcrumb","itemListElement":[{"@type":"ListItem","position":1,"name":"Home","item":"https:\/\/evertonfc.cz\/"},{"@type":"ListItem","position":2,"name":"Everton &#8211; Stevenage 2:1 po prodlou\u017een\u00ed"}]},{"@type":"WebSite","@id":"https:\/\/evertonfc.cz\/#website","url":"https:\/\/evertonfc.cz\/","name":"Official Czech &amp; Slovak Everton Supporters&#039; Club","description":"","publisher":{"@id":"https:\/\/evertonfc.cz\/#organization"},"potentialAction":[{"@type":"SearchAction","target":{"@type":"EntryPoint","urlTemplate":"https:\/\/evertonfc.cz\/?s={search_term_string}"},"query-input":{"@type":"PropertyValueSpecification","valueRequired":true,"valueName":"search_term_string"}}],"inLanguage":"cs"},{"@type":"Organization","@id":"https:\/\/evertonfc.cz\/#organization","name":"Official Czech & Slovak Everton Supporters' Club","url":"https:\/\/evertonfc.cz\/","logo":{"@type":"ImageObject","inLanguage":"cs","@id":"https:\/\/evertonfc.cz\/#\/schema\/logo\/image\/","url":"https:\/\/evertonfc.cz\/wp-content\/uploads\/2019\/05\/logo.png","contentUrl":"https:\/\/evertonfc.cz\/wp-content\/uploads\/2019\/05\/logo.png","width":112,"height":112,"caption":"Official Czech & Slovak Everton Supporters' Club"},"image":{"@id":"https:\/\/evertonfc.cz\/#\/schema\/logo\/image\/"},"sameAs":["https:\/\/www.facebook.com\/everton.fans.cz.sk"]},{"@type":"Person","@id":"https:\/\/evertonfc.cz\/#\/schema\/person\/f7a5daedb2ffee98480bc70e191aaef1","name":"Ri\u010di","sameAs":["https:\/\/x.com\/rbrejsa"],"url":"https:\/\/evertonfc.cz\/index.php\/author\/rici\/"}]}},"_links":{"self":[{"href":"https:\/\/evertonfc.cz\/index.php\/wp-json\/wp\/v2\/posts\/5298"}],"collection":[{"href":"https:\/\/evertonfc.cz\/index.php\/wp-json\/wp\/v2\/posts"}],"about":[{"href":"https:\/\/evertonfc.cz\/index.php\/wp-json\/wp\/v2\/types\/post"}],"author":[{"embeddable":true,"href":"https:\/\/evertonfc.cz\/index.php\/wp-json\/wp\/v2\/users\/6"}],"replies":[{"embeddable":true,"href":"https:\/\/evertonfc.cz\/index.php\/wp-json\/wp\/v2\/comments?post=5298"}],"version-history":[{"count":2,"href":"https:\/\/evertonfc.cz\/index.php\/wp-json\/wp\/v2\/posts\/5298\/revisions"}],"predecessor-version":[{"id":5526,"href":"https:\/\/evertonfc.cz\/index.php\/wp-json\/wp\/v2\/posts\/5298\/revisions\/5526"}],"wp:featuredmedia":[{"embeddable":true,"href":"https:\/\/evertonfc.cz\/index.php\/wp-json\/wp\/v2\/media\/1315"}],"wp:attachment":[{"href":"https:\/\/evertonfc.cz\/index.php\/wp-json\/wp\/v2\/media?parent=5298"}],"wp:term":[{"taxonomy":"category","embeddable":true,"href":"https:\/\/evertonfc.cz\/index.php\/wp-json\/wp\/v2\/categories?post=5298"},{"taxonomy":"post_tag","embeddable":true,"href":"https:\/\/evertonfc.cz\/index.php\/wp-json\/wp\/v2\/tags?post=5298"}],"curies":[{"name":"wp","href":"https:\/\/api.w.org\/{rel}","templated":true}]}}