{"id":5302,"date":"2013-08-27T21:51:58","date_gmt":"2013-08-27T19:51:58","guid":{"rendered":"http:\/\/evertonfc.cz\/?p=5302"},"modified":"2019-02-15T09:15:21","modified_gmt":"2019-02-15T08:15:21","slug":"preview-everton-stevenage","status":"publish","type":"post","link":"https:\/\/evertonfc.cz\/index.php\/2013\/08\/27\/preview-everton-stevenage\/","title":{"rendered":"Preview: Everton &#8211; Stevenage"},"content":{"rendered":"<h4 id=\"NewsPostDetailSummary\">Ligov\u00fd poh\u00e1r p\u0159edstavuje nejsnadn\u011bj\u0161\u00ed cestu k trofeji, p\u0159esto v n\u011bm Everton posledn\u00ed roky zaost\u00e1v\u00e1 za o\u010dek\u00e1v\u00e1n\u00edmi. Prvn\u00ed p\u0159ek\u00e1\u017eka v leto\u0161n\u00ed cest\u011b za poh\u00e1rov\u00fdm snem se jmenuje Stevenage.<\/h4>\n<div id=\"NewsPostDetailContent\">\n<p>Po dvou kolech Premier League Roberto Mart\u00ednez se sv\u00fdm t\u00fdmem nasb\u00edral stejn\u00fd po\u010det bod\u016f za rem\u00edzy s Norwichem a West Bromem. A\u010d v obou utk\u00e1n\u00edch Tofffees sv\u00e9ho soupe\u0159e p\u0159evy\u0161ovali, k\u00fd\u017een\u00e1 t\u0159\u00edbodov\u00e1 odm\u011bna se nedostavila, p\u0159esto rozhodn\u011b nen\u00ed panika na m\u00edst\u011b. Na nov\u00fd styl hry, fanou\u0161ky zat\u00edm p\u0159ev\u00e1\u017en\u011b chv\u00e1len, si hr\u00e1\u010di musej\u00ed zvyknout, poh\u00e1rov\u00e1 v\u00fdhra proti outsiderovi by mohla znamenat po\u010d\u00e1tek v\u00edt\u011bzn\u00e9 s\u00e9rie tak\u00e9 v lize.<\/p>\n<p>Stevenage (League One) sice vy\u0159adil v prvn\u00edm kole Ligov\u00e9ho poh\u00e1ru \u00fa\u010dastn\u00edka Championship Ipswich Town po v\u00fdsledku 2:0, \u00favod ro\u010dn\u00edku mu ale nevych\u00e1z\u00ed. Za\u010dal ho prohrami s Oldhamem Athletic (3:4), Swindonem Town (0:1) a Leytonem Orient (0:1), a\u017e o v\u00edkendu se kone\u010dn\u011b zvedl a porazil Notts County 1:0.<\/p>\n<p>V sestav\u011b Evertonu lze \u010dekat zm\u011bny, mana\u017eer Mart\u00ednez v\u0161ak i tak podcen\u011bn\u00ed soupe\u0159e odm\u00edt\u00e1: <em>\u201eNa\u010dasov\u00e1n\u00ed Ligov\u00e9ho poh\u00e1ru je v\u017edy velmi p\u0159\u00edjemn\u00e9, proto\u017ee po sedmi t\u00fddnech tvrd\u00e9 p\u0159edsez\u00f3nn\u00ed p\u0159\u00edpravy jsou hr\u00e1\u010di, kte\u0159\u00ed nenasko\u010dili do prvn\u00edch dvou ligov\u00fdch kol zklaman\u00ed, \u017ee nemaj\u00ed mo\u017enost uk\u00e1zat, jak potr\u00e9novali. Jestli\u017ee chce b\u00fdt \u00fasp\u011b\u0161n\u00ed po \u010das cel\u00e9 sez\u00f3ny, pot\u0159ebujeme siln\u00fd k\u00e1dr, ne pouze 11 \u010di 12 fotbalist\u016f. Hr\u00e1\u010di p\u0159ipraven\u00ed nastoupit dok\u00e1\u017e\u00ed svou formu a pomohou k v\u00fdsledku.<\/em><\/p>\n<p><em>\u201eRotace z\u00e1kladn\u00ed jeden\u00e1ctky nezna\u010d\u00ed opovrhov\u00e1n\u00ed soupe\u0159em, mo\u017en\u00e1 pr\u00e1v\u011b naopak. Chci hr\u00e1\u010de zdrav\u00e9 a odpo\u010dat\u00e9. Z\u00e1pas jsme hr\u00e1li o v\u00edkendu, v sobotu n\u00e1s \u010dek\u00e1 dal\u0161\u00ed t\u011b\u017ek\u00e9 st\u0159etnut\u00ed a po n\u011bm n\u00e1sleduje reprezenta\u010dn\u00ed p\u0159est\u00e1vka. Je d\u016fle\u017eit\u00e9 rozlo\u017eit z\u00e1t\u011b\u017e a hladov\u00fdm hr\u00e1\u010d\u016fm d\u00e1t \u0161anci.\u201c<\/em><\/p>\n<p>M\u00edsto lavi\u010dky n\u00e1hradn\u00edk\u016f by od prvn\u00ed minuty na h\u0159i\u0161t\u011b mohli nasko\u010dit Joel, Hibbert, Heitinga, Stones, Oviedo, Naismith, Deulofeu nebo Kon\u00e9. Variant je dost, je t\u0159eba jen naj\u00edt ide\u00e1ln\u00ed vyv\u00e1\u017eenost mezi n\u00e1hradn\u00edky a sou\u010dasn\u00fdmi tahouny. K nim aktu\u00e1ln\u011b pat\u0159\u00ed devaten\u00e1ctilet\u00fd Ross Barkley, za poveden\u00e9 v\u00fdkony v \u00favodu ro\u010dn\u00edku si vyslou\u017eil premi\u00e9rovou pozv\u00e1nku do seniorsk\u00e9 reprezentace Anglie.<\/p>\n<h4><strong>Z\u00e1pasov\u00e1 fakta<\/strong><\/h4>\n<p>Vz\u00e1jemn\u00e1<\/p>\n<ul>\n<li>Kluby se utkaj\u00ed poprv\u00e9 v historii.<\/li>\n<\/ul>\n<p>Everton<\/p>\n<ul>\n<li>Byl vy\u0159azen z Ligov\u00e9ho poh\u00e1ru protivn\u00edkem z ni\u017e\u0161\u00ed sout\u011b\u017ee v posledn\u00edch t\u0159ech letech dvakr\u00e1t<\/li>\n<li>naposledy ho vy\u0159adil v sout\u011b\u017ei celek z League One v roce 2010, v penalt\u00e1ch usp\u011bl Brentford<\/li>\n<li>Ligov\u00fd poh\u00e1r opanoval v letech 1977 a 1984.<\/li>\n<\/ul>\n<p>Stevenage<\/p>\n<ul>\n<li>Poprv\u00e9 se uk\u00e1\u017ee v Ligov\u00e9m poh\u00e1ru na venkovn\u00ed p\u016fd\u011b, p\u0159ede\u0161l\u00fdch p\u011bt kol se absolvoval p\u0159ed dom\u00e1c\u00edm publikem<\/li>\n<li>v\u00fdhra 2:0 nad Ispwichem p\u0159inesla prvn\u00ed \u010dist\u00e9 konto v sout\u011b\u017ei.<\/li>\n<\/ul>\n<h4><strong>T\u00fdmov\u00e9 novinky<\/strong><\/h4>\n<p>Zat\u00edmco Tony Hibbert je ji\u017e p\u0159ipraven ke startu, Darron Gibson bude je\u0161t\u011b \u0161et\u0159en a Antol\u00edn Alcaraz se zapoj\u00ed k tr\u00e9ninku s ostatn\u00edmi na konci t\u00fddn\u011b.<\/p>\n<p>Ben Chorley a Sam Wedgbury z\u016fst\u00e1vaj\u00ed na marodce, spekuluje se o stejn\u00e9 sestav\u011b jako o v\u00edkendu proti Notts County \u2013 Day, Ashton, Smith (53. Heslop), Gray, Hartley, Dunne, Freeman (90. Tounkara), Doughty (90. Tansey), Deacon, Charles, Shroot.<\/p>\n<p><strong>Co:<\/strong> Everton FC &#8211; Stevenage FC, 2. kolo Ligov\u00e9ho poh\u00e1ru<br \/>\n<strong>Kdy:<\/strong> 28.08.2013 od 20:45 SE\u010c<br \/>\n<strong>Kde:<\/strong> Goodison Park, Liverpool (kapacita: 40 157)<\/p>\n<\/div>\n","protected":false},"excerpt":{"rendered":"<p>Ligov\u00fd poh\u00e1r p\u0159edstavuje nejsnadn\u011bj\u0161\u00ed cestu k trofeji, p\u0159esto v n\u011bm Everton posledn\u00ed roky zaost\u00e1v\u00e1 za o\u010dek\u00e1v\u00e1n\u00edmi. Prvn\u00ed p\u0159ek\u00e1\u017eka v leto\u0161n\u00ed&hellip;<\/p>\n","protected":false},"author":6,"featured_media":1314,"comment_status":"open","ping_status":"closed","sticky":false,"template":"","format":"standard","meta":{"_eb_attr":"","_monsterinsights_skip_tracking":false,"_monsterinsights_sitenote_active":false,"_monsterinsights_sitenote_note":"","_monsterinsights_sitenote_category":0,"footnotes":""},"categories":[4],"tags":[],"yoast_head":"<!-- This site is optimized with the Yoast SEO plugin v23.4 - https:\/\/yoast.com\/wordpress\/plugins\/seo\/ -->\n<title>Preview: Everton - Stevenage - Official Czech &amp; Slovak Everton Supporters&#039; Club<\/title>\n<meta name=\"robots\" content=\"index, follow, max-snippet:-1, max-image-preview:large, max-video-preview:-1\" \/>\n<link rel=\"canonical\" href=\"https:\/\/evertonfc.cz\/index.php\/2013\/08\/27\/preview-everton-stevenage\/\" \/>\n<meta property=\"og:locale\" content=\"cs_CZ\" \/>\n<meta property=\"og:type\" content=\"article\" \/>\n<meta property=\"og:title\" content=\"Preview: Everton - Stevenage - Official Czech &amp; Slovak Everton Supporters&#039; Club\" \/>\n<meta property=\"og:description\" content=\"Ligov\u00fd poh\u00e1r p\u0159edstavuje nejsnadn\u011bj\u0161\u00ed cestu k trofeji, p\u0159esto v n\u011bm Everton posledn\u00ed roky zaost\u00e1v\u00e1 za o\u010dek\u00e1v\u00e1n\u00edmi. Prvn\u00ed p\u0159ek\u00e1\u017eka v leto\u0161n\u00ed&hellip;\" \/>\n<meta property=\"og:url\" content=\"https:\/\/evertonfc.cz\/index.php\/2013\/08\/27\/preview-everton-stevenage\/\" \/>\n<meta property=\"og:site_name\" content=\"Official Czech &amp; Slovak Everton Supporters&#039; Club\" \/>\n<meta property=\"article:publisher\" content=\"https:\/\/www.facebook.com\/everton.fans.cz.sk\" \/>\n<meta property=\"article:published_time\" content=\"2013-08-27T19:51:58+00:00\" \/>\n<meta property=\"article:modified_time\" content=\"2019-02-15T08:15:21+00:00\" \/>\n<meta property=\"og:image\" content=\"https:\/\/evertonfc.cz\/wp-content\/uploads\/2019\/01\/preview.jpg\" \/>\n\t<meta property=\"og:image:width\" content=\"720\" \/>\n\t<meta property=\"og:image:height\" content=\"405\" \/>\n\t<meta property=\"og:image:type\" content=\"image\/jpeg\" \/>\n<meta name=\"author\" content=\"Ri\u010di\" \/>\n<meta name=\"twitter:card\" content=\"summary_large_image\" \/>\n<meta name=\"twitter:creator\" content=\"@rbrejsa\" \/>\n<meta name=\"twitter:label1\" content=\"Napsal(a)\" \/>\n\t<meta name=\"twitter:data1\" content=\"Ri\u010di\" \/>\n\t<meta name=\"twitter:label2\" content=\"Odhadovan\u00e1 doba \u010dten\u00ed\" \/>\n\t<meta name=\"twitter:data2\" content=\"3 minuty\" \/>\n<script type=\"application\/ld+json\" class=\"yoast-schema-graph\">{\"@context\":\"https:\/\/schema.org\",\"@graph\":[{\"@type\":\"Article\",\"@id\":\"https:\/\/evertonfc.cz\/index.php\/2013\/08\/27\/preview-everton-stevenage\/#article\",\"isPartOf\":{\"@id\":\"https:\/\/evertonfc.cz\/index.php\/2013\/08\/27\/preview-everton-stevenage\/\"},\"author\":{\"name\":\"Ri\u010di\",\"@id\":\"https:\/\/evertonfc.cz\/#\/schema\/person\/f7a5daedb2ffee98480bc70e191aaef1\"},\"headline\":\"Preview: Everton &#8211; Stevenage\",\"datePublished\":\"2013-08-27T19:51:58+00:00\",\"dateModified\":\"2019-02-15T08:15:21+00:00\",\"mainEntityOfPage\":{\"@id\":\"https:\/\/evertonfc.cz\/index.php\/2013\/08\/27\/preview-everton-stevenage\/\"},\"wordCount\":634,\"commentCount\":0,\"publisher\":{\"@id\":\"https:\/\/evertonfc.cz\/#organization\"},\"image\":{\"@id\":\"https:\/\/evertonfc.cz\/index.php\/2013\/08\/27\/preview-everton-stevenage\/#primaryimage\"},\"thumbnailUrl\":\"https:\/\/evertonfc.cz\/wp-content\/uploads\/2019\/01\/preview.jpg\",\"articleSection\":[\"Z\u00e1pasy\"],\"inLanguage\":\"cs\",\"potentialAction\":[{\"@type\":\"CommentAction\",\"name\":\"Comment\",\"target\":[\"https:\/\/evertonfc.cz\/index.php\/2013\/08\/27\/preview-everton-stevenage\/#respond\"]}]},{\"@type\":\"WebPage\",\"@id\":\"https:\/\/evertonfc.cz\/index.php\/2013\/08\/27\/preview-everton-stevenage\/\",\"url\":\"https:\/\/evertonfc.cz\/index.php\/2013\/08\/27\/preview-everton-stevenage\/\",\"name\":\"Preview: Everton - Stevenage - Official Czech &amp; Slovak Everton Supporters&#039; Club\",\"isPartOf\":{\"@id\":\"https:\/\/evertonfc.cz\/#website\"},\"primaryImageOfPage\":{\"@id\":\"https:\/\/evertonfc.cz\/index.php\/2013\/08\/27\/preview-everton-stevenage\/#primaryimage\"},\"image\":{\"@id\":\"https:\/\/evertonfc.cz\/index.php\/2013\/08\/27\/preview-everton-stevenage\/#primaryimage\"},\"thumbnailUrl\":\"https:\/\/evertonfc.cz\/wp-content\/uploads\/2019\/01\/preview.jpg\",\"datePublished\":\"2013-08-27T19:51:58+00:00\",\"dateModified\":\"2019-02-15T08:15:21+00:00\",\"breadcrumb\":{\"@id\":\"https:\/\/evertonfc.cz\/index.php\/2013\/08\/27\/preview-everton-stevenage\/#breadcrumb\"},\"inLanguage\":\"cs\",\"potentialAction\":[{\"@type\":\"ReadAction\",\"target\":[\"https:\/\/evertonfc.cz\/index.php\/2013\/08\/27\/preview-everton-stevenage\/\"]}]},{\"@type\":\"ImageObject\",\"inLanguage\":\"cs\",\"@id\":\"https:\/\/evertonfc.cz\/index.php\/2013\/08\/27\/preview-everton-stevenage\/#primaryimage\",\"url\":\"https:\/\/evertonfc.cz\/wp-content\/uploads\/2019\/01\/preview.jpg\",\"contentUrl\":\"https:\/\/evertonfc.cz\/wp-content\/uploads\/2019\/01\/preview.jpg\",\"width\":720,\"height\":405},{\"@type\":\"BreadcrumbList\",\"@id\":\"https:\/\/evertonfc.cz\/index.php\/2013\/08\/27\/preview-everton-stevenage\/#breadcrumb\",\"itemListElement\":[{\"@type\":\"ListItem\",\"position\":1,\"name\":\"Home\",\"item\":\"https:\/\/evertonfc.cz\/\"},{\"@type\":\"ListItem\",\"position\":2,\"name\":\"Preview: Everton &#8211; Stevenage\"}]},{\"@type\":\"WebSite\",\"@id\":\"https:\/\/evertonfc.cz\/#website\",\"url\":\"https:\/\/evertonfc.cz\/\",\"name\":\"Official Czech &amp; Slovak Everton Supporters&#039; Club\",\"description\":\"\",\"publisher\":{\"@id\":\"https:\/\/evertonfc.cz\/#organization\"},\"potentialAction\":[{\"@type\":\"SearchAction\",\"target\":{\"@type\":\"EntryPoint\",\"urlTemplate\":\"https:\/\/evertonfc.cz\/?s={search_term_string}\"},\"query-input\":{\"@type\":\"PropertyValueSpecification\",\"valueRequired\":true,\"valueName\":\"search_term_string\"}}],\"inLanguage\":\"cs\"},{\"@type\":\"Organization\",\"@id\":\"https:\/\/evertonfc.cz\/#organization\",\"name\":\"Official Czech & Slovak Everton Supporters' Club\",\"url\":\"https:\/\/evertonfc.cz\/\",\"logo\":{\"@type\":\"ImageObject\",\"inLanguage\":\"cs\",\"@id\":\"https:\/\/evertonfc.cz\/#\/schema\/logo\/image\/\",\"url\":\"https:\/\/evertonfc.cz\/wp-content\/uploads\/2019\/05\/logo.png\",\"contentUrl\":\"https:\/\/evertonfc.cz\/wp-content\/uploads\/2019\/05\/logo.png\",\"width\":112,\"height\":112,\"caption\":\"Official Czech & Slovak Everton Supporters' Club\"},\"image\":{\"@id\":\"https:\/\/evertonfc.cz\/#\/schema\/logo\/image\/\"},\"sameAs\":[\"https:\/\/www.facebook.com\/everton.fans.cz.sk\"]},{\"@type\":\"Person\",\"@id\":\"https:\/\/evertonfc.cz\/#\/schema\/person\/f7a5daedb2ffee98480bc70e191aaef1\",\"name\":\"Ri\u010di\",\"sameAs\":[\"https:\/\/x.com\/rbrejsa\"],\"url\":\"https:\/\/evertonfc.cz\/index.php\/author\/rici\/\"}]}<\/script>\n<!-- \/ Yoast SEO plugin. -->","yoast_head_json":{"title":"Preview: Everton - Stevenage - Official Czech &amp; Slovak Everton Supporters&#039; Club","robots":{"index":"index","follow":"follow","max-snippet":"max-snippet:-1","max-image-preview":"max-image-preview:large","max-video-preview":"max-video-preview:-1"},"canonical":"https:\/\/evertonfc.cz\/index.php\/2013\/08\/27\/preview-everton-stevenage\/","og_locale":"cs_CZ","og_type":"article","og_title":"Preview: Everton - Stevenage - Official Czech &amp; Slovak Everton Supporters&#039; Club","og_description":"Ligov\u00fd poh\u00e1r p\u0159edstavuje nejsnadn\u011bj\u0161\u00ed cestu k trofeji, p\u0159esto v n\u011bm Everton posledn\u00ed roky zaost\u00e1v\u00e1 za o\u010dek\u00e1v\u00e1n\u00edmi. Prvn\u00ed p\u0159ek\u00e1\u017eka v leto\u0161n\u00ed&hellip;","og_url":"https:\/\/evertonfc.cz\/index.php\/2013\/08\/27\/preview-everton-stevenage\/","og_site_name":"Official Czech &amp; Slovak Everton Supporters&#039; Club","article_publisher":"https:\/\/www.facebook.com\/everton.fans.cz.sk","article_published_time":"2013-08-27T19:51:58+00:00","article_modified_time":"2019-02-15T08:15:21+00:00","og_image":[{"width":720,"height":405,"url":"https:\/\/evertonfc.cz\/wp-content\/uploads\/2019\/01\/preview.jpg","type":"image\/jpeg"}],"author":"Ri\u010di","twitter_card":"summary_large_image","twitter_creator":"@rbrejsa","twitter_misc":{"Napsal(a)":"Ri\u010di","Odhadovan\u00e1 doba \u010dten\u00ed":"3 minuty"},"schema":{"@context":"https:\/\/schema.org","@graph":[{"@type":"Article","@id":"https:\/\/evertonfc.cz\/index.php\/2013\/08\/27\/preview-everton-stevenage\/#article","isPartOf":{"@id":"https:\/\/evertonfc.cz\/index.php\/2013\/08\/27\/preview-everton-stevenage\/"},"author":{"name":"Ri\u010di","@id":"https:\/\/evertonfc.cz\/#\/schema\/person\/f7a5daedb2ffee98480bc70e191aaef1"},"headline":"Preview: Everton &#8211; Stevenage","datePublished":"2013-08-27T19:51:58+00:00","dateModified":"2019-02-15T08:15:21+00:00","mainEntityOfPage":{"@id":"https:\/\/evertonfc.cz\/index.php\/2013\/08\/27\/preview-everton-stevenage\/"},"wordCount":634,"commentCount":0,"publisher":{"@id":"https:\/\/evertonfc.cz\/#organization"},"image":{"@id":"https:\/\/evertonfc.cz\/index.php\/2013\/08\/27\/preview-everton-stevenage\/#primaryimage"},"thumbnailUrl":"https:\/\/evertonfc.cz\/wp-content\/uploads\/2019\/01\/preview.jpg","articleSection":["Z\u00e1pasy"],"inLanguage":"cs","potentialAction":[{"@type":"CommentAction","name":"Comment","target":["https:\/\/evertonfc.cz\/index.php\/2013\/08\/27\/preview-everton-stevenage\/#respond"]}]},{"@type":"WebPage","@id":"https:\/\/evertonfc.cz\/index.php\/2013\/08\/27\/preview-everton-stevenage\/","url":"https:\/\/evertonfc.cz\/index.php\/2013\/08\/27\/preview-everton-stevenage\/","name":"Preview: Everton - Stevenage - Official Czech &amp; Slovak Everton Supporters&#039; Club","isPartOf":{"@id":"https:\/\/evertonfc.cz\/#website"},"primaryImageOfPage":{"@id":"https:\/\/evertonfc.cz\/index.php\/2013\/08\/27\/preview-everton-stevenage\/#primaryimage"},"image":{"@id":"https:\/\/evertonfc.cz\/index.php\/2013\/08\/27\/preview-everton-stevenage\/#primaryimage"},"thumbnailUrl":"https:\/\/evertonfc.cz\/wp-content\/uploads\/2019\/01\/preview.jpg","datePublished":"2013-08-27T19:51:58+00:00","dateModified":"2019-02-15T08:15:21+00:00","breadcrumb":{"@id":"https:\/\/evertonfc.cz\/index.php\/2013\/08\/27\/preview-everton-stevenage\/#breadcrumb"},"inLanguage":"cs","potentialAction":[{"@type":"ReadAction","target":["https:\/\/evertonfc.cz\/index.php\/2013\/08\/27\/preview-everton-stevenage\/"]}]},{"@type":"ImageObject","inLanguage":"cs","@id":"https:\/\/evertonfc.cz\/index.php\/2013\/08\/27\/preview-everton-stevenage\/#primaryimage","url":"https:\/\/evertonfc.cz\/wp-content\/uploads\/2019\/01\/preview.jpg","contentUrl":"https:\/\/evertonfc.cz\/wp-content\/uploads\/2019\/01\/preview.jpg","width":720,"height":405},{"@type":"BreadcrumbList","@id":"https:\/\/evertonfc.cz\/index.php\/2013\/08\/27\/preview-everton-stevenage\/#breadcrumb","itemListElement":[{"@type":"ListItem","position":1,"name":"Home","item":"https:\/\/evertonfc.cz\/"},{"@type":"ListItem","position":2,"name":"Preview: Everton &#8211; Stevenage"}]},{"@type":"WebSite","@id":"https:\/\/evertonfc.cz\/#website","url":"https:\/\/evertonfc.cz\/","name":"Official Czech &amp; Slovak Everton Supporters&#039; Club","description":"","publisher":{"@id":"https:\/\/evertonfc.cz\/#organization"},"potentialAction":[{"@type":"SearchAction","target":{"@type":"EntryPoint","urlTemplate":"https:\/\/evertonfc.cz\/?s={search_term_string}"},"query-input":{"@type":"PropertyValueSpecification","valueRequired":true,"valueName":"search_term_string"}}],"inLanguage":"cs"},{"@type":"Organization","@id":"https:\/\/evertonfc.cz\/#organization","name":"Official Czech & Slovak Everton Supporters' Club","url":"https:\/\/evertonfc.cz\/","logo":{"@type":"ImageObject","inLanguage":"cs","@id":"https:\/\/evertonfc.cz\/#\/schema\/logo\/image\/","url":"https:\/\/evertonfc.cz\/wp-content\/uploads\/2019\/05\/logo.png","contentUrl":"https:\/\/evertonfc.cz\/wp-content\/uploads\/2019\/05\/logo.png","width":112,"height":112,"caption":"Official Czech & Slovak Everton Supporters' Club"},"image":{"@id":"https:\/\/evertonfc.cz\/#\/schema\/logo\/image\/"},"sameAs":["https:\/\/www.facebook.com\/everton.fans.cz.sk"]},{"@type":"Person","@id":"https:\/\/evertonfc.cz\/#\/schema\/person\/f7a5daedb2ffee98480bc70e191aaef1","name":"Ri\u010di","sameAs":["https:\/\/x.com\/rbrejsa"],"url":"https:\/\/evertonfc.cz\/index.php\/author\/rici\/"}]}},"_links":{"self":[{"href":"https:\/\/evertonfc.cz\/index.php\/wp-json\/wp\/v2\/posts\/5302"}],"collection":[{"href":"https:\/\/evertonfc.cz\/index.php\/wp-json\/wp\/v2\/posts"}],"about":[{"href":"https:\/\/evertonfc.cz\/index.php\/wp-json\/wp\/v2\/types\/post"}],"author":[{"embeddable":true,"href":"https:\/\/evertonfc.cz\/index.php\/wp-json\/wp\/v2\/users\/6"}],"replies":[{"embeddable":true,"href":"https:\/\/evertonfc.cz\/index.php\/wp-json\/wp\/v2\/comments?post=5302"}],"version-history":[{"count":3,"href":"https:\/\/evertonfc.cz\/index.php\/wp-json\/wp\/v2\/posts\/5302\/revisions"}],"predecessor-version":[{"id":5528,"href":"https:\/\/evertonfc.cz\/index.php\/wp-json\/wp\/v2\/posts\/5302\/revisions\/5528"}],"wp:featuredmedia":[{"embeddable":true,"href":"https:\/\/evertonfc.cz\/index.php\/wp-json\/wp\/v2\/media\/1314"}],"wp:attachment":[{"href":"https:\/\/evertonfc.cz\/index.php\/wp-json\/wp\/v2\/media?parent=5302"}],"wp:term":[{"taxonomy":"category","embeddable":true,"href":"https:\/\/evertonfc.cz\/index.php\/wp-json\/wp\/v2\/categories?post=5302"},{"taxonomy":"post_tag","embeddable":true,"href":"https:\/\/evertonfc.cz\/index.php\/wp-json\/wp\/v2\/tags?post=5302"}],"curies":[{"name":"wp","href":"https:\/\/api.w.org\/{rel}","templated":true}]}}