{"id":5311,"date":"2013-08-23T21:54:35","date_gmt":"2013-08-23T19:54:35","guid":{"rendered":"http:\/\/evertonfc.cz\/?p=5311"},"modified":"2020-09-23T20:22:50","modified_gmt":"2020-09-23T18:22:50","slug":"preview-everton-west-bromwich-albion-6","status":"publish","type":"post","link":"https:\/\/evertonfc.cz\/index.php\/2013\/08\/23\/preview-everton-west-bromwich-albion-6\/","title":{"rendered":"Preview: Everton &#8211; West Bromwich Albion"},"content":{"rendered":"<h4 id=\"NewsPostDetailSummary\">Sto dvacet jedna let star\u00fd Goodison Park \u010dek\u00e1 prvn\u00ed z\u00e1pas nov\u00e9 sezony. Dom\u00e1c\u00ed t\u00fdm v n\u011bm v roli favorita p\u0159iv\u00edt\u00e1 West Bromwich.<\/h4>\n<div id=\"NewsPostDetailContent\">\n<p>Podle Roberta Martineze sm\u011b\u0161n\u00e1 nab\u00eddka vybarvuj\u00edc\u00edho se Moyese za kl\u00ed\u010dovou dvojici Baines, Fellaini dop\u00e1lila z\u00e1stupy Evertonians. Na\u0161t\u011bst\u00ed pro n\u011b ale mohli svoji pozornost brzy sto\u010dit k fotbalov\u00e9 sezon\u011b, kter\u00e1 pro Toffees za\u010dala tak n\u011bjak neutr\u00e1ln\u011b. Na h\u0159i\u0161ti Norwiche Everton v pr\u016fb\u011bhu prvn\u00edho kola prohr\u00e1val, vyhr\u00e1val i remizoval a pr\u00e1v\u011b s nerozhodn\u00fdm v\u00fdsledkem 2-2 se Martinez ve sv\u00e9m debutov\u00e9m utk\u00e1n\u00ed musel spokojit.<\/p>\n<p>Asi v\u0161em je jasn\u00e9, \u017ee ne\u017e \u0160pan\u011bl sv\u00e9mu nov\u00e9mu t\u00fdmu v\u0161t\u00edp\u00ed svoji filozofii, n\u011bjak\u00fd ten p\u00e1tek to potrv\u00e1. Alespo\u0148 podle \u010d\u00edsel ale zat\u00edm nen\u00ed d\u016fvod k nespokojenosti. Jeho sv\u011b\u0159enci dohromady zkompletovali 88% sv\u00fdch p\u0159ihr\u00e1vek, co\u017e je druh\u00e9 nejlep\u0161\u00ed \u010d\u00edslo kola hned po Manchesteru City, k \u010demu\u017e je\u0161t\u011b p\u0159idali 67 procentn\u00ed p\u0159evahu ve statistice dr\u017een\u00ed m\u00ed\u010de. Na druhou stranu v\u0161ak nelichotiv\u011b zn\u00ed fakt, \u017ee Canaries na ob\u011b branky sta\u010dily dv\u011b st\u0159ely na br\u00e1nu.<\/p>\n<p>West Brom nov\u00fd ro\u010dn\u00edk odstartoval o pozn\u00e1n\u00ed h\u016f\u0159e. Doma nesta\u010dil na Southampton, by\u0165 prohr\u00e1l a\u017e d\u00edky penalt\u011b v sam\u00e9m z\u00e1v\u011bru z\u00e1pasu. Vekou r\u00e1nou pro \u00fato\u010dnou vozbu Baggies je nav\u00edc situace kolem letn\u00ed posily Nicolase Anelky, kter\u00fd \u00fadajn\u011b z osobn\u00edch d\u016fvod\u016f zva\u017euje konec kari\u00e9ry. Ze strany WBA se tak nejsp\u00ed\u0161e je\u0161t\u011b do\u010dk\u00e1me p\u0159estupov\u00e9 aktivity. Ostatn\u011b na The Hawthorns u\u017e na ro\u010dn\u00ed hostov\u00e1n\u00ed zam\u00ed\u0159il Scott Sinclair, kter\u00fd se neprosadil v Manchesteru City.<\/p>\n<h4><strong>Z\u00e1pasov\u00e1 fakta<\/strong><\/h4>\n<ul>\n<li>Pokud Everton zv\u00edt\u011bz\u00ed, poraz\u00ed West Bromwich po\u010dtvrt\u00e9 v \u0159ad\u011b ve v\u0161ech sout\u011b\u017e\u00edch.<\/li>\n<li>Baggies na Goodison Parku vyhr\u00e1li pouze jednou za posledn\u00edch 34 let. \u0160lo o v\u00fdhru 4-1 z listopadu 2010.<\/li>\n<\/ul>\n<p><strong>Everton<\/strong><\/p>\n<ul>\n<li>Zm\u00edn\u011bn\u00e1 88 procetn\u00ed \u00fasp\u011b\u0161nost p\u0159ihr\u00e1vek proti Norwichii, je o 9 % vy\u0161\u0161\u00ed, ne\u017e \u010dinil t\u00fdmov\u00fd pr\u016fm\u011br za p\u0159edchoz\u00ed sezonu.<\/li>\n<li>Doma loni prohr\u00e1l jen v jedin\u00e9m ligov\u00e9m utk\u00e1n\u00ed, co\u017e je nejlep\u0161\u00ed v\u00fdsledek od posledn\u00ed mistrovsk\u00e9 sezony 1986\/87. Sezonu nav\u00edc zakon\u010dil \u0161esti po sob\u011b jedouc\u00edmi dom\u00e1c\u00edmi v\u00fdhrami.<\/li>\n<\/ul>\n<p><strong>WBA<\/strong><\/p>\n<ul>\n<li>Zat\u00edm pokra\u010duje v b\u00eddn\u00e9 form\u011b z konce sezony. V posledn\u00edch deseti z\u00e1pasech t\u0159ikr\u00e1t remizoval, \u0161estkr\u00e1t prohr\u00e1l a jednou vyhr\u00e1l.<\/li>\n<li>\u010cist\u00fd \u0161t\u00edt Baggies neudr\u017eeli v p\u011bti z\u00e1pasech, dostali p\u0159itom 14 g\u00f3l\u016f.<\/li>\n<li>Romelu Kukaku, kter\u00fd na The Hawthorns hostoval z Chelsea, loni vst\u0159elil 17 g\u00f3l\u016f. Bez t\u011bchto tref by WBa m\u011blo v tabulce o deset bod\u016f m\u00e9n\u011b a skon\u010dilo by na 17. p\u0159\u00ed\u010dce.<\/li>\n<\/ul>\n<h4><strong>Absence<\/strong><\/h4>\n<p>Nejasn\u00fd je start Sylvaina Distina, kter\u00fd si z Norwiche odnesl leh\u010d\u00ed zran\u011bn\u00ed a mimo hru d\u00e1l z\u016fst\u00e1v\u00e1 Antolin Alcaraz. Zelenou by naopak mohli dostat Darron Gibson a Tony Hibbert. WBA bude postr\u00e1dat Nicolase Anelku a zran\u011bn\u00ed nedovol\u00ed nastoupit Stevenovi Reidovi.<\/p>\n<ul>\n<li><strong>Kdy: <\/strong>24.8. 16:00 SE\u010c<\/li>\n<li><strong>Kde:<\/strong> Goodison Park<\/li>\n<li><strong>Rozhod\u010d\u00ed: <\/strong>Roger East<\/li>\n<\/ul>\n<\/div>\n","protected":false},"excerpt":{"rendered":"<p>Sto dvacet jedna let star\u00fd Goodison Park \u010dek\u00e1 prvn\u00ed z\u00e1pas nov\u00e9 sezony. Dom\u00e1c\u00ed t\u00fdm v n\u011bm v roli favorita p\u0159iv\u00edt\u00e1&hellip;<\/p>\n","protected":false},"author":7,"featured_media":12056,"comment_status":"open","ping_status":"closed","sticky":false,"template":"","format":"standard","meta":{"_eb_attr":"","_monsterinsights_skip_tracking":false,"_monsterinsights_sitenote_active":false,"_monsterinsights_sitenote_note":"","_monsterinsights_sitenote_category":0,"footnotes":""},"categories":[4],"tags":[],"yoast_head":"<!-- This site is optimized with the Yoast SEO plugin v23.4 - https:\/\/yoast.com\/wordpress\/plugins\/seo\/ -->\n<title>Preview: Everton - West Bromwich Albion - Official Czech &amp; Slovak Everton Supporters&#039; Club<\/title>\n<meta name=\"robots\" content=\"index, follow, max-snippet:-1, max-image-preview:large, max-video-preview:-1\" \/>\n<link rel=\"canonical\" href=\"https:\/\/evertonfc.cz\/index.php\/2013\/08\/23\/preview-everton-west-bromwich-albion-6\/\" \/>\n<meta property=\"og:locale\" content=\"cs_CZ\" \/>\n<meta property=\"og:type\" content=\"article\" \/>\n<meta property=\"og:title\" content=\"Preview: Everton - West Bromwich Albion - Official Czech &amp; Slovak Everton Supporters&#039; Club\" \/>\n<meta property=\"og:description\" content=\"Sto dvacet jedna let star\u00fd Goodison Park \u010dek\u00e1 prvn\u00ed z\u00e1pas nov\u00e9 sezony. Dom\u00e1c\u00ed t\u00fdm v n\u011bm v roli favorita p\u0159iv\u00edt\u00e1&hellip;\" \/>\n<meta property=\"og:url\" content=\"https:\/\/evertonfc.cz\/index.php\/2013\/08\/23\/preview-everton-west-bromwich-albion-6\/\" \/>\n<meta property=\"og:site_name\" content=\"Official Czech &amp; Slovak Everton Supporters&#039; Club\" \/>\n<meta property=\"article:publisher\" content=\"https:\/\/www.facebook.com\/everton.fans.cz.sk\" \/>\n<meta property=\"article:published_time\" content=\"2013-08-23T19:54:35+00:00\" \/>\n<meta property=\"article:modified_time\" content=\"2020-09-23T18:22:50+00:00\" \/>\n<meta property=\"og:image\" content=\"https:\/\/evertonfc.cz\/wp-content\/uploads\/2020\/09\/Everton-West-Bromwich-18-9-2020.jpg\" \/>\n\t<meta property=\"og:image:width\" content=\"720\" \/>\n\t<meta property=\"og:image:height\" content=\"405\" \/>\n\t<meta property=\"og:image:type\" content=\"image\/jpeg\" \/>\n<meta name=\"author\" content=\"Me\u0148a\" \/>\n<meta name=\"twitter:card\" content=\"summary_large_image\" \/>\n<meta name=\"twitter:label1\" content=\"Napsal(a)\" \/>\n\t<meta name=\"twitter:data1\" content=\"Me\u0148a\" \/>\n\t<meta name=\"twitter:label2\" content=\"Odhadovan\u00e1 doba \u010dten\u00ed\" \/>\n\t<meta name=\"twitter:data2\" content=\"3 minuty\" \/>\n<script type=\"application\/ld+json\" class=\"yoast-schema-graph\">{\"@context\":\"https:\/\/schema.org\",\"@graph\":[{\"@type\":\"Article\",\"@id\":\"https:\/\/evertonfc.cz\/index.php\/2013\/08\/23\/preview-everton-west-bromwich-albion-6\/#article\",\"isPartOf\":{\"@id\":\"https:\/\/evertonfc.cz\/index.php\/2013\/08\/23\/preview-everton-west-bromwich-albion-6\/\"},\"author\":{\"name\":\"Me\u0148a\",\"@id\":\"https:\/\/evertonfc.cz\/#\/schema\/person\/cd6328a75577de2add7793fd4b0930c3\"},\"headline\":\"Preview: Everton &#8211; West Bromwich Albion\",\"datePublished\":\"2013-08-23T19:54:35+00:00\",\"dateModified\":\"2020-09-23T18:22:50+00:00\",\"mainEntityOfPage\":{\"@id\":\"https:\/\/evertonfc.cz\/index.php\/2013\/08\/23\/preview-everton-west-bromwich-albion-6\/\"},\"wordCount\":549,\"commentCount\":0,\"publisher\":{\"@id\":\"https:\/\/evertonfc.cz\/#organization\"},\"image\":{\"@id\":\"https:\/\/evertonfc.cz\/index.php\/2013\/08\/23\/preview-everton-west-bromwich-albion-6\/#primaryimage\"},\"thumbnailUrl\":\"https:\/\/evertonfc.cz\/wp-content\/uploads\/2020\/09\/Everton-West-Bromwich-18-9-2020.jpg\",\"articleSection\":[\"Z\u00e1pasy\"],\"inLanguage\":\"cs\",\"potentialAction\":[{\"@type\":\"CommentAction\",\"name\":\"Comment\",\"target\":[\"https:\/\/evertonfc.cz\/index.php\/2013\/08\/23\/preview-everton-west-bromwich-albion-6\/#respond\"]}]},{\"@type\":\"WebPage\",\"@id\":\"https:\/\/evertonfc.cz\/index.php\/2013\/08\/23\/preview-everton-west-bromwich-albion-6\/\",\"url\":\"https:\/\/evertonfc.cz\/index.php\/2013\/08\/23\/preview-everton-west-bromwich-albion-6\/\",\"name\":\"Preview: Everton - West Bromwich Albion - Official Czech &amp; Slovak Everton Supporters&#039; Club\",\"isPartOf\":{\"@id\":\"https:\/\/evertonfc.cz\/#website\"},\"primaryImageOfPage\":{\"@id\":\"https:\/\/evertonfc.cz\/index.php\/2013\/08\/23\/preview-everton-west-bromwich-albion-6\/#primaryimage\"},\"image\":{\"@id\":\"https:\/\/evertonfc.cz\/index.php\/2013\/08\/23\/preview-everton-west-bromwich-albion-6\/#primaryimage\"},\"thumbnailUrl\":\"https:\/\/evertonfc.cz\/wp-content\/uploads\/2020\/09\/Everton-West-Bromwich-18-9-2020.jpg\",\"datePublished\":\"2013-08-23T19:54:35+00:00\",\"dateModified\":\"2020-09-23T18:22:50+00:00\",\"breadcrumb\":{\"@id\":\"https:\/\/evertonfc.cz\/index.php\/2013\/08\/23\/preview-everton-west-bromwich-albion-6\/#breadcrumb\"},\"inLanguage\":\"cs\",\"potentialAction\":[{\"@type\":\"ReadAction\",\"target\":[\"https:\/\/evertonfc.cz\/index.php\/2013\/08\/23\/preview-everton-west-bromwich-albion-6\/\"]}]},{\"@type\":\"ImageObject\",\"inLanguage\":\"cs\",\"@id\":\"https:\/\/evertonfc.cz\/index.php\/2013\/08\/23\/preview-everton-west-bromwich-albion-6\/#primaryimage\",\"url\":\"https:\/\/evertonfc.cz\/wp-content\/uploads\/2020\/09\/Everton-West-Bromwich-18-9-2020.jpg\",\"contentUrl\":\"https:\/\/evertonfc.cz\/wp-content\/uploads\/2020\/09\/Everton-West-Bromwich-18-9-2020.jpg\",\"width\":720,\"height\":405},{\"@type\":\"BreadcrumbList\",\"@id\":\"https:\/\/evertonfc.cz\/index.php\/2013\/08\/23\/preview-everton-west-bromwich-albion-6\/#breadcrumb\",\"itemListElement\":[{\"@type\":\"ListItem\",\"position\":1,\"name\":\"Home\",\"item\":\"https:\/\/evertonfc.cz\/\"},{\"@type\":\"ListItem\",\"position\":2,\"name\":\"Preview: Everton &#8211; West Bromwich Albion\"}]},{\"@type\":\"WebSite\",\"@id\":\"https:\/\/evertonfc.cz\/#website\",\"url\":\"https:\/\/evertonfc.cz\/\",\"name\":\"Official Czech &amp; Slovak Everton Supporters&#039; Club\",\"description\":\"\",\"publisher\":{\"@id\":\"https:\/\/evertonfc.cz\/#organization\"},\"potentialAction\":[{\"@type\":\"SearchAction\",\"target\":{\"@type\":\"EntryPoint\",\"urlTemplate\":\"https:\/\/evertonfc.cz\/?s={search_term_string}\"},\"query-input\":{\"@type\":\"PropertyValueSpecification\",\"valueRequired\":true,\"valueName\":\"search_term_string\"}}],\"inLanguage\":\"cs\"},{\"@type\":\"Organization\",\"@id\":\"https:\/\/evertonfc.cz\/#organization\",\"name\":\"Official Czech & Slovak Everton Supporters' Club\",\"url\":\"https:\/\/evertonfc.cz\/\",\"logo\":{\"@type\":\"ImageObject\",\"inLanguage\":\"cs\",\"@id\":\"https:\/\/evertonfc.cz\/#\/schema\/logo\/image\/\",\"url\":\"https:\/\/evertonfc.cz\/wp-content\/uploads\/2019\/05\/logo.png\",\"contentUrl\":\"https:\/\/evertonfc.cz\/wp-content\/uploads\/2019\/05\/logo.png\",\"width\":112,\"height\":112,\"caption\":\"Official Czech & Slovak Everton Supporters' Club\"},\"image\":{\"@id\":\"https:\/\/evertonfc.cz\/#\/schema\/logo\/image\/\"},\"sameAs\":[\"https:\/\/www.facebook.com\/everton.fans.cz.sk\"]},{\"@type\":\"Person\",\"@id\":\"https:\/\/evertonfc.cz\/#\/schema\/person\/cd6328a75577de2add7793fd4b0930c3\",\"name\":\"Me\u0148a\",\"url\":\"https:\/\/evertonfc.cz\/index.php\/author\/mena\/\"}]}<\/script>\n<!-- \/ Yoast SEO plugin. -->","yoast_head_json":{"title":"Preview: Everton - West Bromwich Albion - Official Czech &amp; Slovak Everton Supporters&#039; Club","robots":{"index":"index","follow":"follow","max-snippet":"max-snippet:-1","max-image-preview":"max-image-preview:large","max-video-preview":"max-video-preview:-1"},"canonical":"https:\/\/evertonfc.cz\/index.php\/2013\/08\/23\/preview-everton-west-bromwich-albion-6\/","og_locale":"cs_CZ","og_type":"article","og_title":"Preview: Everton - West Bromwich Albion - Official Czech &amp; Slovak Everton Supporters&#039; Club","og_description":"Sto dvacet jedna let star\u00fd Goodison Park \u010dek\u00e1 prvn\u00ed z\u00e1pas nov\u00e9 sezony. Dom\u00e1c\u00ed t\u00fdm v n\u011bm v roli favorita p\u0159iv\u00edt\u00e1&hellip;","og_url":"https:\/\/evertonfc.cz\/index.php\/2013\/08\/23\/preview-everton-west-bromwich-albion-6\/","og_site_name":"Official Czech &amp; Slovak Everton Supporters&#039; Club","article_publisher":"https:\/\/www.facebook.com\/everton.fans.cz.sk","article_published_time":"2013-08-23T19:54:35+00:00","article_modified_time":"2020-09-23T18:22:50+00:00","og_image":[{"width":720,"height":405,"url":"https:\/\/evertonfc.cz\/wp-content\/uploads\/2020\/09\/Everton-West-Bromwich-18-9-2020.jpg","type":"image\/jpeg"}],"author":"Me\u0148a","twitter_card":"summary_large_image","twitter_misc":{"Napsal(a)":"Me\u0148a","Odhadovan\u00e1 doba \u010dten\u00ed":"3 minuty"},"schema":{"@context":"https:\/\/schema.org","@graph":[{"@type":"Article","@id":"https:\/\/evertonfc.cz\/index.php\/2013\/08\/23\/preview-everton-west-bromwich-albion-6\/#article","isPartOf":{"@id":"https:\/\/evertonfc.cz\/index.php\/2013\/08\/23\/preview-everton-west-bromwich-albion-6\/"},"author":{"name":"Me\u0148a","@id":"https:\/\/evertonfc.cz\/#\/schema\/person\/cd6328a75577de2add7793fd4b0930c3"},"headline":"Preview: Everton &#8211; West Bromwich Albion","datePublished":"2013-08-23T19:54:35+00:00","dateModified":"2020-09-23T18:22:50+00:00","mainEntityOfPage":{"@id":"https:\/\/evertonfc.cz\/index.php\/2013\/08\/23\/preview-everton-west-bromwich-albion-6\/"},"wordCount":549,"commentCount":0,"publisher":{"@id":"https:\/\/evertonfc.cz\/#organization"},"image":{"@id":"https:\/\/evertonfc.cz\/index.php\/2013\/08\/23\/preview-everton-west-bromwich-albion-6\/#primaryimage"},"thumbnailUrl":"https:\/\/evertonfc.cz\/wp-content\/uploads\/2020\/09\/Everton-West-Bromwich-18-9-2020.jpg","articleSection":["Z\u00e1pasy"],"inLanguage":"cs","potentialAction":[{"@type":"CommentAction","name":"Comment","target":["https:\/\/evertonfc.cz\/index.php\/2013\/08\/23\/preview-everton-west-bromwich-albion-6\/#respond"]}]},{"@type":"WebPage","@id":"https:\/\/evertonfc.cz\/index.php\/2013\/08\/23\/preview-everton-west-bromwich-albion-6\/","url":"https:\/\/evertonfc.cz\/index.php\/2013\/08\/23\/preview-everton-west-bromwich-albion-6\/","name":"Preview: Everton - West Bromwich Albion - Official Czech &amp; Slovak Everton Supporters&#039; Club","isPartOf":{"@id":"https:\/\/evertonfc.cz\/#website"},"primaryImageOfPage":{"@id":"https:\/\/evertonfc.cz\/index.php\/2013\/08\/23\/preview-everton-west-bromwich-albion-6\/#primaryimage"},"image":{"@id":"https:\/\/evertonfc.cz\/index.php\/2013\/08\/23\/preview-everton-west-bromwich-albion-6\/#primaryimage"},"thumbnailUrl":"https:\/\/evertonfc.cz\/wp-content\/uploads\/2020\/09\/Everton-West-Bromwich-18-9-2020.jpg","datePublished":"2013-08-23T19:54:35+00:00","dateModified":"2020-09-23T18:22:50+00:00","breadcrumb":{"@id":"https:\/\/evertonfc.cz\/index.php\/2013\/08\/23\/preview-everton-west-bromwich-albion-6\/#breadcrumb"},"inLanguage":"cs","potentialAction":[{"@type":"ReadAction","target":["https:\/\/evertonfc.cz\/index.php\/2013\/08\/23\/preview-everton-west-bromwich-albion-6\/"]}]},{"@type":"ImageObject","inLanguage":"cs","@id":"https:\/\/evertonfc.cz\/index.php\/2013\/08\/23\/preview-everton-west-bromwich-albion-6\/#primaryimage","url":"https:\/\/evertonfc.cz\/wp-content\/uploads\/2020\/09\/Everton-West-Bromwich-18-9-2020.jpg","contentUrl":"https:\/\/evertonfc.cz\/wp-content\/uploads\/2020\/09\/Everton-West-Bromwich-18-9-2020.jpg","width":720,"height":405},{"@type":"BreadcrumbList","@id":"https:\/\/evertonfc.cz\/index.php\/2013\/08\/23\/preview-everton-west-bromwich-albion-6\/#breadcrumb","itemListElement":[{"@type":"ListItem","position":1,"name":"Home","item":"https:\/\/evertonfc.cz\/"},{"@type":"ListItem","position":2,"name":"Preview: Everton &#8211; West Bromwich Albion"}]},{"@type":"WebSite","@id":"https:\/\/evertonfc.cz\/#website","url":"https:\/\/evertonfc.cz\/","name":"Official Czech &amp; Slovak Everton Supporters&#039; Club","description":"","publisher":{"@id":"https:\/\/evertonfc.cz\/#organization"},"potentialAction":[{"@type":"SearchAction","target":{"@type":"EntryPoint","urlTemplate":"https:\/\/evertonfc.cz\/?s={search_term_string}"},"query-input":{"@type":"PropertyValueSpecification","valueRequired":true,"valueName":"search_term_string"}}],"inLanguage":"cs"},{"@type":"Organization","@id":"https:\/\/evertonfc.cz\/#organization","name":"Official Czech & Slovak Everton Supporters' Club","url":"https:\/\/evertonfc.cz\/","logo":{"@type":"ImageObject","inLanguage":"cs","@id":"https:\/\/evertonfc.cz\/#\/schema\/logo\/image\/","url":"https:\/\/evertonfc.cz\/wp-content\/uploads\/2019\/05\/logo.png","contentUrl":"https:\/\/evertonfc.cz\/wp-content\/uploads\/2019\/05\/logo.png","width":112,"height":112,"caption":"Official Czech & Slovak Everton Supporters' Club"},"image":{"@id":"https:\/\/evertonfc.cz\/#\/schema\/logo\/image\/"},"sameAs":["https:\/\/www.facebook.com\/everton.fans.cz.sk"]},{"@type":"Person","@id":"https:\/\/evertonfc.cz\/#\/schema\/person\/cd6328a75577de2add7793fd4b0930c3","name":"Me\u0148a","url":"https:\/\/evertonfc.cz\/index.php\/author\/mena\/"}]}},"_links":{"self":[{"href":"https:\/\/evertonfc.cz\/index.php\/wp-json\/wp\/v2\/posts\/5311"}],"collection":[{"href":"https:\/\/evertonfc.cz\/index.php\/wp-json\/wp\/v2\/posts"}],"about":[{"href":"https:\/\/evertonfc.cz\/index.php\/wp-json\/wp\/v2\/types\/post"}],"author":[{"embeddable":true,"href":"https:\/\/evertonfc.cz\/index.php\/wp-json\/wp\/v2\/users\/7"}],"replies":[{"embeddable":true,"href":"https:\/\/evertonfc.cz\/index.php\/wp-json\/wp\/v2\/comments?post=5311"}],"version-history":[{"count":3,"href":"https:\/\/evertonfc.cz\/index.php\/wp-json\/wp\/v2\/posts\/5311\/revisions"}],"predecessor-version":[{"id":5532,"href":"https:\/\/evertonfc.cz\/index.php\/wp-json\/wp\/v2\/posts\/5311\/revisions\/5532"}],"wp:featuredmedia":[{"embeddable":true,"href":"https:\/\/evertonfc.cz\/index.php\/wp-json\/wp\/v2\/media\/12056"}],"wp:attachment":[{"href":"https:\/\/evertonfc.cz\/index.php\/wp-json\/wp\/v2\/media?parent=5311"}],"wp:term":[{"taxonomy":"category","embeddable":true,"href":"https:\/\/evertonfc.cz\/index.php\/wp-json\/wp\/v2\/categories?post=5311"},{"taxonomy":"post_tag","embeddable":true,"href":"https:\/\/evertonfc.cz\/index.php\/wp-json\/wp\/v2\/tags?post=5311"}],"curies":[{"name":"wp","href":"https:\/\/api.w.org\/{rel}","templated":true}]}}