{"id":5315,"date":"2013-08-22T21:56:00","date_gmt":"2013-08-22T19:56:00","guid":{"rendered":"http:\/\/evertonfc.cz\/?p=5315"},"modified":"2019-02-15T09:17:33","modified_gmt":"2019-02-15T08:17:33","slug":"boss-o-prestupech","status":"publish","type":"post","link":"https:\/\/evertonfc.cz\/index.php\/2013\/08\/22\/boss-o-prestupech\/","title":{"rendered":"Boss o p\u0159estupech"},"content":{"rendered":"<h4 id=\"NewsPostDetailSummary\">Roberto Mart\u00ednez by r\u00e1d p\u0159ivedl do konce p\u0159estupov\u00e9ho okna je\u0161t\u011b jednu posilu a naopak nehodl\u00e1 ze sou\u010dasn\u00e9ho k\u00e1dru nikoho prod\u00e1vat.<\/h4>\n<div id=\"NewsPostDetailContent\">\n<p>Mo\u017enost prov\u00e1d\u011bt hr\u00e1\u010dsk\u00e9 zm\u011bny trv\u00e1 v Anglii a\u017e do p\u016flnoci 2. z\u00e1\u0159\u00ed, \u010dasu tedy zb\u00fdv\u00e1 relativn\u011b dost, ov\u0161em jen za p\u0159edpokladu, \u017ee by neode\u0161el kl\u00ed\u010dov\u00fd hr\u00e1\u010d sestavy. Od n\u00e1stupu v \u010dervnu Mart\u00ednez doplnil Blues hned o \u010dty\u0159i jm\u00e9na \u2013 Arouna Kon\u00e9, Antol\u00edn Alcaraz, Joel a Gerard Deulofeu.<\/p>\n<p><em>\u201eNen\u00ed o to doufat, ale tvrd\u011b pracovat a sna\u017eit se p\u0159iv\u00e9st, pokud bychom mohli, nejsp\u00ed\u0161e jednoho hr\u00e1\u010de. Mus\u00ed m\u00edt v\u0161ak spr\u00e1vn\u00fd charakter, aby se p\u0159izp\u016fsobil na\u0161\u00edm po\u017eadavk\u016fm.<\/em><\/p>\n<p><em>Z hlediska \u0161\u00ed\u0159ky k\u00e1dru jsme na tom dob\u0159e. Co se po\u010dtu t\u00fd\u010de, jsem spokojen, mo\u017en\u00e1 mus\u00edme jen trochu pos\u00edlit. Jak \u0159\u00edk\u00e1m, budeme tvrd\u011b pracovat,\u201c<\/em> prozradil mana\u017eer Toffees.<\/p>\n<p>Minul\u00fd t\u00fdden Manchester United podal ne\u00fasp\u011b\u0161nou nab\u00eddku na dva hr\u00e1\u010de Evertonu, ofici\u00e1ln\u00ed str\u00e1nky neuvedly konkr\u00e9tn\u00ed jm\u00e9na a sumu, pouze zve\u0159ejnily odm\u00edtnut\u00ed a ozna\u010dily tah posledn\u00edho anglick\u00e9ho mistra za sm\u011b\u0161n\u00fd a ur\u00e1\u017eliv\u00fd. M\u00e9dia ihned p\u0159isp\u011bchala s \u010d\u00e1stkou \u00a328m za Leightona Bainese a Marouaneho Fellainiho.<\/p>\n<p>Na ot\u00e1zku, zda Mart\u00ednez nepl\u00e1nuje zpen\u011b\u017eit sv\u00e9 opory, p\u0159i\u0161la jasn\u00e1 odpov\u011b\u010f: <em>\u201eNe, nec\u00edt\u00edm \u017e\u00e1dn\u00e9 poku\u0161en\u00ed. Ve fotbale tou\u017e\u00edte udr\u017eet sv\u00e9 nejlep\u0161\u00ed hr\u00e1\u010de, to je n\u00e1\u0161 postoj. Kdy\u017e jin\u00fd klub ocen\u00ed hr\u00e1\u010de, potom samoz\u0159ejm\u011b smlouv\u00e1te. Je na v\u00e1s rozhodnout se.<\/em><\/p>\n<p><em>Nehodl\u00e1me se zbavovat nejlep\u0161\u00edch fotbalist\u016f. Ve\u0159ejn\u011b jsme ohl\u00e1sili p\u0159\u00edstup k nab\u00eddce. Od tohoto okam\u017eiku bereme z\u00e1jem o n\u011b jako kompliment a jdeme d\u00e1le.\u201c<\/em><\/p>\n<p>\u0160pan\u011bl dal\u0161\u00ed kroky ze strany Manchesteru United vyvr\u00e1til a sl\u00edbil otev\u0159enost v dal\u0161\u00edm v\u00fdvoji. <em>\u201eV\u0161e prob\u011bhlo v tichosti a o cel\u00e9 situaci jsme fanou\u0161ky informovali. Posledn\u00ed dny se nic nezm\u011bnilo. Nyn\u00ed se koncentrujeme na West Brom, prvn\u00ed z\u00e1pas sez\u00f3ny na Goodisonu.\u201c<\/em><\/p>\n<\/div>\n","protected":false},"excerpt":{"rendered":"<p>Roberto Mart\u00ednez by r\u00e1d p\u0159ivedl do konce p\u0159estupov\u00e9ho okna je\u0161t\u011b jednu posilu a naopak nehodl\u00e1 ze sou\u010dasn\u00e9ho k\u00e1dru nikoho prod\u00e1vat.&hellip;<\/p>\n","protected":false},"author":6,"featured_media":1312,"comment_status":"open","ping_status":"closed","sticky":false,"template":"","format":"standard","meta":{"_eb_attr":"","_monsterinsights_skip_tracking":false,"_monsterinsights_sitenote_active":false,"_monsterinsights_sitenote_note":"","_monsterinsights_sitenote_category":0,"footnotes":""},"categories":[42,1],"tags":[],"yoast_head":"<!-- This site is optimized with the Yoast SEO plugin v23.4 - https:\/\/yoast.com\/wordpress\/plugins\/seo\/ -->\n<title>Boss o p\u0159estupech - Official Czech &amp; Slovak Everton Supporters&#039; Club<\/title>\n<meta name=\"robots\" content=\"index, follow, max-snippet:-1, max-image-preview:large, max-video-preview:-1\" \/>\n<link rel=\"canonical\" href=\"https:\/\/evertonfc.cz\/index.php\/2013\/08\/22\/boss-o-prestupech\/\" \/>\n<meta property=\"og:locale\" content=\"cs_CZ\" \/>\n<meta property=\"og:type\" content=\"article\" \/>\n<meta property=\"og:title\" content=\"Boss o p\u0159estupech - Official Czech &amp; Slovak Everton Supporters&#039; Club\" \/>\n<meta property=\"og:description\" content=\"Roberto Mart\u00ednez by r\u00e1d p\u0159ivedl do konce p\u0159estupov\u00e9ho okna je\u0161t\u011b jednu posilu a naopak nehodl\u00e1 ze sou\u010dasn\u00e9ho k\u00e1dru nikoho prod\u00e1vat.&hellip;\" \/>\n<meta property=\"og:url\" content=\"https:\/\/evertonfc.cz\/index.php\/2013\/08\/22\/boss-o-prestupech\/\" \/>\n<meta property=\"og:site_name\" content=\"Official Czech &amp; Slovak Everton Supporters&#039; Club\" \/>\n<meta property=\"article:publisher\" content=\"https:\/\/www.facebook.com\/everton.fans.cz.sk\" \/>\n<meta property=\"article:published_time\" content=\"2013-08-22T19:56:00+00:00\" \/>\n<meta property=\"article:modified_time\" content=\"2019-02-15T08:17:33+00:00\" \/>\n<meta property=\"og:image\" content=\"https:\/\/evertonfc.cz\/wp-content\/uploads\/2019\/01\/interview.jpg\" \/>\n\t<meta property=\"og:image:width\" content=\"720\" \/>\n\t<meta property=\"og:image:height\" content=\"405\" \/>\n\t<meta property=\"og:image:type\" content=\"image\/jpeg\" \/>\n<meta name=\"author\" content=\"Ri\u010di\" \/>\n<meta name=\"twitter:card\" content=\"summary_large_image\" \/>\n<meta name=\"twitter:creator\" content=\"@rbrejsa\" \/>\n<meta name=\"twitter:label1\" content=\"Napsal(a)\" \/>\n\t<meta name=\"twitter:data1\" content=\"Ri\u010di\" \/>\n\t<meta name=\"twitter:label2\" content=\"Odhadovan\u00e1 doba \u010dten\u00ed\" \/>\n\t<meta name=\"twitter:data2\" content=\"2 minuty\" \/>\n<script type=\"application\/ld+json\" class=\"yoast-schema-graph\">{\"@context\":\"https:\/\/schema.org\",\"@graph\":[{\"@type\":\"Article\",\"@id\":\"https:\/\/evertonfc.cz\/index.php\/2013\/08\/22\/boss-o-prestupech\/#article\",\"isPartOf\":{\"@id\":\"https:\/\/evertonfc.cz\/index.php\/2013\/08\/22\/boss-o-prestupech\/\"},\"author\":{\"name\":\"Ri\u010di\",\"@id\":\"https:\/\/evertonfc.cz\/#\/schema\/person\/f7a5daedb2ffee98480bc70e191aaef1\"},\"headline\":\"Boss o p\u0159estupech\",\"datePublished\":\"2013-08-22T19:56:00+00:00\",\"dateModified\":\"2019-02-15T08:17:33+00:00\",\"mainEntityOfPage\":{\"@id\":\"https:\/\/evertonfc.cz\/index.php\/2013\/08\/22\/boss-o-prestupech\/\"},\"wordCount\":373,\"commentCount\":0,\"publisher\":{\"@id\":\"https:\/\/evertonfc.cz\/#organization\"},\"image\":{\"@id\":\"https:\/\/evertonfc.cz\/index.php\/2013\/08\/22\/boss-o-prestupech\/#primaryimage\"},\"thumbnailUrl\":\"https:\/\/evertonfc.cz\/wp-content\/uploads\/2019\/01\/interview.jpg\",\"articleSection\":[\"Aktuality\",\"Rozhovory\"],\"inLanguage\":\"cs\",\"potentialAction\":[{\"@type\":\"CommentAction\",\"name\":\"Comment\",\"target\":[\"https:\/\/evertonfc.cz\/index.php\/2013\/08\/22\/boss-o-prestupech\/#respond\"]}]},{\"@type\":\"WebPage\",\"@id\":\"https:\/\/evertonfc.cz\/index.php\/2013\/08\/22\/boss-o-prestupech\/\",\"url\":\"https:\/\/evertonfc.cz\/index.php\/2013\/08\/22\/boss-o-prestupech\/\",\"name\":\"Boss o p\u0159estupech - Official Czech &amp; Slovak Everton Supporters&#039; Club\",\"isPartOf\":{\"@id\":\"https:\/\/evertonfc.cz\/#website\"},\"primaryImageOfPage\":{\"@id\":\"https:\/\/evertonfc.cz\/index.php\/2013\/08\/22\/boss-o-prestupech\/#primaryimage\"},\"image\":{\"@id\":\"https:\/\/evertonfc.cz\/index.php\/2013\/08\/22\/boss-o-prestupech\/#primaryimage\"},\"thumbnailUrl\":\"https:\/\/evertonfc.cz\/wp-content\/uploads\/2019\/01\/interview.jpg\",\"datePublished\":\"2013-08-22T19:56:00+00:00\",\"dateModified\":\"2019-02-15T08:17:33+00:00\",\"breadcrumb\":{\"@id\":\"https:\/\/evertonfc.cz\/index.php\/2013\/08\/22\/boss-o-prestupech\/#breadcrumb\"},\"inLanguage\":\"cs\",\"potentialAction\":[{\"@type\":\"ReadAction\",\"target\":[\"https:\/\/evertonfc.cz\/index.php\/2013\/08\/22\/boss-o-prestupech\/\"]}]},{\"@type\":\"ImageObject\",\"inLanguage\":\"cs\",\"@id\":\"https:\/\/evertonfc.cz\/index.php\/2013\/08\/22\/boss-o-prestupech\/#primaryimage\",\"url\":\"https:\/\/evertonfc.cz\/wp-content\/uploads\/2019\/01\/interview.jpg\",\"contentUrl\":\"https:\/\/evertonfc.cz\/wp-content\/uploads\/2019\/01\/interview.jpg\",\"width\":720,\"height\":405},{\"@type\":\"BreadcrumbList\",\"@id\":\"https:\/\/evertonfc.cz\/index.php\/2013\/08\/22\/boss-o-prestupech\/#breadcrumb\",\"itemListElement\":[{\"@type\":\"ListItem\",\"position\":1,\"name\":\"Home\",\"item\":\"https:\/\/evertonfc.cz\/\"},{\"@type\":\"ListItem\",\"position\":2,\"name\":\"Boss o p\u0159estupech\"}]},{\"@type\":\"WebSite\",\"@id\":\"https:\/\/evertonfc.cz\/#website\",\"url\":\"https:\/\/evertonfc.cz\/\",\"name\":\"Official Czech &amp; Slovak Everton Supporters&#039; Club\",\"description\":\"\",\"publisher\":{\"@id\":\"https:\/\/evertonfc.cz\/#organization\"},\"potentialAction\":[{\"@type\":\"SearchAction\",\"target\":{\"@type\":\"EntryPoint\",\"urlTemplate\":\"https:\/\/evertonfc.cz\/?s={search_term_string}\"},\"query-input\":{\"@type\":\"PropertyValueSpecification\",\"valueRequired\":true,\"valueName\":\"search_term_string\"}}],\"inLanguage\":\"cs\"},{\"@type\":\"Organization\",\"@id\":\"https:\/\/evertonfc.cz\/#organization\",\"name\":\"Official Czech & Slovak Everton Supporters' Club\",\"url\":\"https:\/\/evertonfc.cz\/\",\"logo\":{\"@type\":\"ImageObject\",\"inLanguage\":\"cs\",\"@id\":\"https:\/\/evertonfc.cz\/#\/schema\/logo\/image\/\",\"url\":\"https:\/\/evertonfc.cz\/wp-content\/uploads\/2019\/05\/logo.png\",\"contentUrl\":\"https:\/\/evertonfc.cz\/wp-content\/uploads\/2019\/05\/logo.png\",\"width\":112,\"height\":112,\"caption\":\"Official Czech & Slovak Everton Supporters' Club\"},\"image\":{\"@id\":\"https:\/\/evertonfc.cz\/#\/schema\/logo\/image\/\"},\"sameAs\":[\"https:\/\/www.facebook.com\/everton.fans.cz.sk\"]},{\"@type\":\"Person\",\"@id\":\"https:\/\/evertonfc.cz\/#\/schema\/person\/f7a5daedb2ffee98480bc70e191aaef1\",\"name\":\"Ri\u010di\",\"sameAs\":[\"https:\/\/x.com\/rbrejsa\"],\"url\":\"https:\/\/evertonfc.cz\/index.php\/author\/rici\/\"}]}<\/script>\n<!-- \/ Yoast SEO plugin. -->","yoast_head_json":{"title":"Boss o p\u0159estupech - Official Czech &amp; Slovak Everton Supporters&#039; Club","robots":{"index":"index","follow":"follow","max-snippet":"max-snippet:-1","max-image-preview":"max-image-preview:large","max-video-preview":"max-video-preview:-1"},"canonical":"https:\/\/evertonfc.cz\/index.php\/2013\/08\/22\/boss-o-prestupech\/","og_locale":"cs_CZ","og_type":"article","og_title":"Boss o p\u0159estupech - Official Czech &amp; Slovak Everton Supporters&#039; Club","og_description":"Roberto Mart\u00ednez by r\u00e1d p\u0159ivedl do konce p\u0159estupov\u00e9ho okna je\u0161t\u011b jednu posilu a naopak nehodl\u00e1 ze sou\u010dasn\u00e9ho k\u00e1dru nikoho prod\u00e1vat.&hellip;","og_url":"https:\/\/evertonfc.cz\/index.php\/2013\/08\/22\/boss-o-prestupech\/","og_site_name":"Official Czech &amp; Slovak Everton Supporters&#039; Club","article_publisher":"https:\/\/www.facebook.com\/everton.fans.cz.sk","article_published_time":"2013-08-22T19:56:00+00:00","article_modified_time":"2019-02-15T08:17:33+00:00","og_image":[{"width":720,"height":405,"url":"https:\/\/evertonfc.cz\/wp-content\/uploads\/2019\/01\/interview.jpg","type":"image\/jpeg"}],"author":"Ri\u010di","twitter_card":"summary_large_image","twitter_creator":"@rbrejsa","twitter_misc":{"Napsal(a)":"Ri\u010di","Odhadovan\u00e1 doba \u010dten\u00ed":"2 minuty"},"schema":{"@context":"https:\/\/schema.org","@graph":[{"@type":"Article","@id":"https:\/\/evertonfc.cz\/index.php\/2013\/08\/22\/boss-o-prestupech\/#article","isPartOf":{"@id":"https:\/\/evertonfc.cz\/index.php\/2013\/08\/22\/boss-o-prestupech\/"},"author":{"name":"Ri\u010di","@id":"https:\/\/evertonfc.cz\/#\/schema\/person\/f7a5daedb2ffee98480bc70e191aaef1"},"headline":"Boss o p\u0159estupech","datePublished":"2013-08-22T19:56:00+00:00","dateModified":"2019-02-15T08:17:33+00:00","mainEntityOfPage":{"@id":"https:\/\/evertonfc.cz\/index.php\/2013\/08\/22\/boss-o-prestupech\/"},"wordCount":373,"commentCount":0,"publisher":{"@id":"https:\/\/evertonfc.cz\/#organization"},"image":{"@id":"https:\/\/evertonfc.cz\/index.php\/2013\/08\/22\/boss-o-prestupech\/#primaryimage"},"thumbnailUrl":"https:\/\/evertonfc.cz\/wp-content\/uploads\/2019\/01\/interview.jpg","articleSection":["Aktuality","Rozhovory"],"inLanguage":"cs","potentialAction":[{"@type":"CommentAction","name":"Comment","target":["https:\/\/evertonfc.cz\/index.php\/2013\/08\/22\/boss-o-prestupech\/#respond"]}]},{"@type":"WebPage","@id":"https:\/\/evertonfc.cz\/index.php\/2013\/08\/22\/boss-o-prestupech\/","url":"https:\/\/evertonfc.cz\/index.php\/2013\/08\/22\/boss-o-prestupech\/","name":"Boss o p\u0159estupech - Official Czech &amp; Slovak Everton Supporters&#039; Club","isPartOf":{"@id":"https:\/\/evertonfc.cz\/#website"},"primaryImageOfPage":{"@id":"https:\/\/evertonfc.cz\/index.php\/2013\/08\/22\/boss-o-prestupech\/#primaryimage"},"image":{"@id":"https:\/\/evertonfc.cz\/index.php\/2013\/08\/22\/boss-o-prestupech\/#primaryimage"},"thumbnailUrl":"https:\/\/evertonfc.cz\/wp-content\/uploads\/2019\/01\/interview.jpg","datePublished":"2013-08-22T19:56:00+00:00","dateModified":"2019-02-15T08:17:33+00:00","breadcrumb":{"@id":"https:\/\/evertonfc.cz\/index.php\/2013\/08\/22\/boss-o-prestupech\/#breadcrumb"},"inLanguage":"cs","potentialAction":[{"@type":"ReadAction","target":["https:\/\/evertonfc.cz\/index.php\/2013\/08\/22\/boss-o-prestupech\/"]}]},{"@type":"ImageObject","inLanguage":"cs","@id":"https:\/\/evertonfc.cz\/index.php\/2013\/08\/22\/boss-o-prestupech\/#primaryimage","url":"https:\/\/evertonfc.cz\/wp-content\/uploads\/2019\/01\/interview.jpg","contentUrl":"https:\/\/evertonfc.cz\/wp-content\/uploads\/2019\/01\/interview.jpg","width":720,"height":405},{"@type":"BreadcrumbList","@id":"https:\/\/evertonfc.cz\/index.php\/2013\/08\/22\/boss-o-prestupech\/#breadcrumb","itemListElement":[{"@type":"ListItem","position":1,"name":"Home","item":"https:\/\/evertonfc.cz\/"},{"@type":"ListItem","position":2,"name":"Boss o p\u0159estupech"}]},{"@type":"WebSite","@id":"https:\/\/evertonfc.cz\/#website","url":"https:\/\/evertonfc.cz\/","name":"Official Czech &amp; Slovak Everton Supporters&#039; Club","description":"","publisher":{"@id":"https:\/\/evertonfc.cz\/#organization"},"potentialAction":[{"@type":"SearchAction","target":{"@type":"EntryPoint","urlTemplate":"https:\/\/evertonfc.cz\/?s={search_term_string}"},"query-input":{"@type":"PropertyValueSpecification","valueRequired":true,"valueName":"search_term_string"}}],"inLanguage":"cs"},{"@type":"Organization","@id":"https:\/\/evertonfc.cz\/#organization","name":"Official Czech & Slovak Everton Supporters' Club","url":"https:\/\/evertonfc.cz\/","logo":{"@type":"ImageObject","inLanguage":"cs","@id":"https:\/\/evertonfc.cz\/#\/schema\/logo\/image\/","url":"https:\/\/evertonfc.cz\/wp-content\/uploads\/2019\/05\/logo.png","contentUrl":"https:\/\/evertonfc.cz\/wp-content\/uploads\/2019\/05\/logo.png","width":112,"height":112,"caption":"Official Czech & Slovak Everton Supporters' Club"},"image":{"@id":"https:\/\/evertonfc.cz\/#\/schema\/logo\/image\/"},"sameAs":["https:\/\/www.facebook.com\/everton.fans.cz.sk"]},{"@type":"Person","@id":"https:\/\/evertonfc.cz\/#\/schema\/person\/f7a5daedb2ffee98480bc70e191aaef1","name":"Ri\u010di","sameAs":["https:\/\/x.com\/rbrejsa"],"url":"https:\/\/evertonfc.cz\/index.php\/author\/rici\/"}]}},"_links":{"self":[{"href":"https:\/\/evertonfc.cz\/index.php\/wp-json\/wp\/v2\/posts\/5315"}],"collection":[{"href":"https:\/\/evertonfc.cz\/index.php\/wp-json\/wp\/v2\/posts"}],"about":[{"href":"https:\/\/evertonfc.cz\/index.php\/wp-json\/wp\/v2\/types\/post"}],"author":[{"embeddable":true,"href":"https:\/\/evertonfc.cz\/index.php\/wp-json\/wp\/v2\/users\/6"}],"replies":[{"embeddable":true,"href":"https:\/\/evertonfc.cz\/index.php\/wp-json\/wp\/v2\/comments?post=5315"}],"version-history":[{"count":3,"href":"https:\/\/evertonfc.cz\/index.php\/wp-json\/wp\/v2\/posts\/5315\/revisions"}],"predecessor-version":[{"id":5534,"href":"https:\/\/evertonfc.cz\/index.php\/wp-json\/wp\/v2\/posts\/5315\/revisions\/5534"}],"wp:featuredmedia":[{"embeddable":true,"href":"https:\/\/evertonfc.cz\/index.php\/wp-json\/wp\/v2\/media\/1312"}],"wp:attachment":[{"href":"https:\/\/evertonfc.cz\/index.php\/wp-json\/wp\/v2\/media?parent=5315"}],"wp:term":[{"taxonomy":"category","embeddable":true,"href":"https:\/\/evertonfc.cz\/index.php\/wp-json\/wp\/v2\/categories?post=5315"},{"taxonomy":"post_tag","embeddable":true,"href":"https:\/\/evertonfc.cz\/index.php\/wp-json\/wp\/v2\/tags?post=5315"}],"curies":[{"name":"wp","href":"https:\/\/api.w.org\/{rel}","templated":true}]}}