{"id":5317,"date":"2013-08-18T21:59:58","date_gmt":"2013-08-18T19:59:58","guid":{"rendered":"http:\/\/evertonfc.cz\/?p=5317"},"modified":"2019-02-15T09:17:52","modified_gmt":"2019-02-15T08:17:52","slug":"norwich-city-everton-22","status":"publish","type":"post","link":"https:\/\/evertonfc.cz\/index.php\/2013\/08\/18\/norwich-city-everton-22\/","title":{"rendered":"Norwich City &#8211; Everton 2:2"},"content":{"rendered":"<h4 id=\"NewsPostDetailSummary\">V\u00edt\u011bzn\u00fd debut Roberta Mart\u00edneze p\u0159ekazil Ricky van Wolfswinkel, \u00fato\u010dn\u00edk Canaries se nesm\u00ed\u0159il s pohotov\u00fdm obratem Evertonu a hlavi\u010dkou stanovil kone\u010dnou rem\u00edzu 2:2.<\/h4>\n<div id=\"NewsPostDetailContent\">\n<p>Toffees nastoupili v danou chv\u00edli s velmi silnou z\u00e1kladn\u00ed sestavou, chyb\u011bl pouze zran\u011bn\u00fd Darron Gibson, m\u00edsto n\u011bho\u017e hr\u00e1l Ross Barkley. A pr\u00e1v\u011b devaten\u00e1ctilet\u00fd \u0161ikovn\u00fd z\u00e1lo\u017en\u00edk potvrdil formu z p\u0159edsez\u00f3nn\u00ed p\u0159\u00edpravy, na h\u0159i\u0161ti pat\u0159il spolu s Colemanem k tomu nejlep\u0161\u00edmu v modr\u00e9m dresu. Sebejist\u00fd v\u00fdkon korunoval n\u00e1dhern\u00fdm vyrovn\u00e1vac\u00edm g\u00f3lem na 1:1.<\/p>\n<p>Dom\u00e1c\u00ed vedli po Whittakerov\u011b poveden\u00e9 individu\u00e1ln\u00ed akci, nutno ale podoktnout \u0161patnou pr\u00e1ci defenzivy Evertonu. S\u00e9amus Coleman dor\u00e1\u017ekou po Jelavi\u0107ov\u011b st\u0159ele dokonal obrat, nehl\u00eddan\u00fd van Wolsfinkel v\u0161ak p\u0159esnou hlavi\u010dkou vyrovnal.<\/p>\n<p>Evertonians tak mrz\u00ed ztr\u00e1ta dvou bod\u016f, do p\u0159\u00ed\u0161t\u00edho kola se mus\u00ed zlep\u0161it obrann\u00e1 \u010dinnost a prom\u011b\u0148ov\u00e1n\u00ed \u0161anc\u00ed. V z\u00e1v\u011bru zahodili slu\u0161n\u00e9 p\u0159\u00edle\u017eitosti Naismith s Jelavi\u0107em. Slu\u0161n\u00fd v\u00fdkon s\u00a0chut\u00ed vym\u00fd\u0161let kombina\u010dn\u00ed akce by si zaslou\u017eil pe\u010detit v\u00edt\u011bzstv\u00edm.<\/p>\n<p>Highlights naleznete na <a href=\"http:\/\/www.evertonfc.com\/evertontv\/home\/9298\" target=\"_blank\" rel=\"noopener\">ofici\u00e1ln\u00edch str\u00e1nk\u00e1ch<\/a>.<\/p>\n<p><strong>Branky:<\/strong> 51. Steven Whittaker, 71. Ricky van Wolfswinkel &#8211; 61. Ross Barkley, 65. S\u00e9amus Coleman<br \/>\n<strong>\u017dK:<\/strong> 44. Russell Martin, 59. Michael Turner\u00a0\u00a0\u00a0\u00a0\u00a0\u00a0\u00a0\u00a0\u00a0\u00a0\u00a0\u00a0\u00a0\u00a0\u00a0\u00a0\u00a0\u00a0\u00a0\u00a0\u00a0\u00a0\u00a0\u00a0\u00a0\u00a0 &#8211;<br \/>\n<strong>Norwich City:<\/strong> John Ruddy, Russell Martin, Steven Whittaker, Michael Turner, Javier Garrido, Bradley Johnson, Jonathan Howson, Elliott Bennett, Nathan Redmond, Wes Hoolahan (73. Alexander Tettey), Ricky van Wolfswinkel<br \/>\n<strong>Everton FC:<\/strong> Tim Howard, Leighton Baines, Phil Jagielka, Sylvain Distin, S\u00e9amus Coleman, Ross Barkley (90+3. Victor Anichebe), Leon Osman, Steven Pienaar, Marouane Fellaini, Kevin Mirallas (70. Steven Naismith), Nikica Jelavi\u0107 (81. Arouna Kon\u00e9)<br \/>\n<strong>Rozhod\u010d\u00ed:<\/strong> Michael Oliver<br \/>\n<strong>Div\u00e1ci:<\/strong> 26 824<\/p>\n<\/div>\n","protected":false},"excerpt":{"rendered":"<p>V\u00edt\u011bzn\u00fd debut Roberta Mart\u00edneze p\u0159ekazil Ricky van Wolfswinkel, \u00fato\u010dn\u00edk Canaries se nesm\u00ed\u0159il s pohotov\u00fdm obratem Evertonu a hlavi\u010dkou stanovil kone\u010dnou&hellip;<\/p>\n","protected":false},"author":6,"featured_media":1315,"comment_status":"open","ping_status":"closed","sticky":false,"template":"","format":"standard","meta":{"_eb_attr":"","_monsterinsights_skip_tracking":false,"_monsterinsights_sitenote_active":false,"_monsterinsights_sitenote_note":"","_monsterinsights_sitenote_category":0,"footnotes":""},"categories":[4],"tags":[],"yoast_head":"<!-- This site is optimized with the Yoast SEO plugin v23.4 - https:\/\/yoast.com\/wordpress\/plugins\/seo\/ -->\n<title>Norwich City - Everton 2:2 - Official Czech &amp; Slovak Everton Supporters&#039; Club<\/title>\n<meta name=\"robots\" content=\"index, follow, max-snippet:-1, max-image-preview:large, max-video-preview:-1\" \/>\n<link rel=\"canonical\" href=\"https:\/\/evertonfc.cz\/index.php\/2013\/08\/18\/norwich-city-everton-22\/\" \/>\n<meta property=\"og:locale\" content=\"cs_CZ\" \/>\n<meta property=\"og:type\" content=\"article\" \/>\n<meta property=\"og:title\" content=\"Norwich City - Everton 2:2 - Official Czech &amp; Slovak Everton Supporters&#039; Club\" \/>\n<meta property=\"og:description\" content=\"V\u00edt\u011bzn\u00fd debut Roberta Mart\u00edneze p\u0159ekazil Ricky van Wolfswinkel, \u00fato\u010dn\u00edk Canaries se nesm\u00ed\u0159il s pohotov\u00fdm obratem Evertonu a hlavi\u010dkou stanovil kone\u010dnou&hellip;\" \/>\n<meta property=\"og:url\" content=\"https:\/\/evertonfc.cz\/index.php\/2013\/08\/18\/norwich-city-everton-22\/\" \/>\n<meta property=\"og:site_name\" content=\"Official Czech &amp; Slovak Everton Supporters&#039; Club\" \/>\n<meta property=\"article:publisher\" content=\"https:\/\/www.facebook.com\/everton.fans.cz.sk\" \/>\n<meta property=\"article:published_time\" content=\"2013-08-18T19:59:58+00:00\" \/>\n<meta property=\"article:modified_time\" content=\"2019-02-15T08:17:52+00:00\" \/>\n<meta property=\"og:image\" content=\"https:\/\/evertonfc.cz\/wp-content\/uploads\/2019\/01\/report.jpg\" \/>\n\t<meta property=\"og:image:width\" content=\"720\" \/>\n\t<meta property=\"og:image:height\" content=\"405\" \/>\n\t<meta property=\"og:image:type\" content=\"image\/jpeg\" \/>\n<meta name=\"author\" content=\"Ri\u010di\" \/>\n<meta name=\"twitter:card\" content=\"summary_large_image\" \/>\n<meta name=\"twitter:creator\" content=\"@rbrejsa\" \/>\n<meta name=\"twitter:label1\" content=\"Napsal(a)\" \/>\n\t<meta name=\"twitter:data1\" content=\"Ri\u010di\" \/>\n\t<meta name=\"twitter:label2\" content=\"Odhadovan\u00e1 doba \u010dten\u00ed\" \/>\n\t<meta name=\"twitter:data2\" content=\"1 minuta\" \/>\n<script type=\"application\/ld+json\" class=\"yoast-schema-graph\">{\"@context\":\"https:\/\/schema.org\",\"@graph\":[{\"@type\":\"Article\",\"@id\":\"https:\/\/evertonfc.cz\/index.php\/2013\/08\/18\/norwich-city-everton-22\/#article\",\"isPartOf\":{\"@id\":\"https:\/\/evertonfc.cz\/index.php\/2013\/08\/18\/norwich-city-everton-22\/\"},\"author\":{\"name\":\"Ri\u010di\",\"@id\":\"https:\/\/evertonfc.cz\/#\/schema\/person\/f7a5daedb2ffee98480bc70e191aaef1\"},\"headline\":\"Norwich City &#8211; Everton 2:2\",\"datePublished\":\"2013-08-18T19:59:58+00:00\",\"dateModified\":\"2019-02-15T08:17:52+00:00\",\"mainEntityOfPage\":{\"@id\":\"https:\/\/evertonfc.cz\/index.php\/2013\/08\/18\/norwich-city-everton-22\/\"},\"wordCount\":299,\"commentCount\":0,\"publisher\":{\"@id\":\"https:\/\/evertonfc.cz\/#organization\"},\"image\":{\"@id\":\"https:\/\/evertonfc.cz\/index.php\/2013\/08\/18\/norwich-city-everton-22\/#primaryimage\"},\"thumbnailUrl\":\"https:\/\/evertonfc.cz\/wp-content\/uploads\/2019\/01\/report.jpg\",\"articleSection\":[\"Z\u00e1pasy\"],\"inLanguage\":\"cs\",\"potentialAction\":[{\"@type\":\"CommentAction\",\"name\":\"Comment\",\"target\":[\"https:\/\/evertonfc.cz\/index.php\/2013\/08\/18\/norwich-city-everton-22\/#respond\"]}]},{\"@type\":\"WebPage\",\"@id\":\"https:\/\/evertonfc.cz\/index.php\/2013\/08\/18\/norwich-city-everton-22\/\",\"url\":\"https:\/\/evertonfc.cz\/index.php\/2013\/08\/18\/norwich-city-everton-22\/\",\"name\":\"Norwich City - Everton 2:2 - Official Czech &amp; Slovak Everton Supporters&#039; Club\",\"isPartOf\":{\"@id\":\"https:\/\/evertonfc.cz\/#website\"},\"primaryImageOfPage\":{\"@id\":\"https:\/\/evertonfc.cz\/index.php\/2013\/08\/18\/norwich-city-everton-22\/#primaryimage\"},\"image\":{\"@id\":\"https:\/\/evertonfc.cz\/index.php\/2013\/08\/18\/norwich-city-everton-22\/#primaryimage\"},\"thumbnailUrl\":\"https:\/\/evertonfc.cz\/wp-content\/uploads\/2019\/01\/report.jpg\",\"datePublished\":\"2013-08-18T19:59:58+00:00\",\"dateModified\":\"2019-02-15T08:17:52+00:00\",\"breadcrumb\":{\"@id\":\"https:\/\/evertonfc.cz\/index.php\/2013\/08\/18\/norwich-city-everton-22\/#breadcrumb\"},\"inLanguage\":\"cs\",\"potentialAction\":[{\"@type\":\"ReadAction\",\"target\":[\"https:\/\/evertonfc.cz\/index.php\/2013\/08\/18\/norwich-city-everton-22\/\"]}]},{\"@type\":\"ImageObject\",\"inLanguage\":\"cs\",\"@id\":\"https:\/\/evertonfc.cz\/index.php\/2013\/08\/18\/norwich-city-everton-22\/#primaryimage\",\"url\":\"https:\/\/evertonfc.cz\/wp-content\/uploads\/2019\/01\/report.jpg\",\"contentUrl\":\"https:\/\/evertonfc.cz\/wp-content\/uploads\/2019\/01\/report.jpg\",\"width\":720,\"height\":405},{\"@type\":\"BreadcrumbList\",\"@id\":\"https:\/\/evertonfc.cz\/index.php\/2013\/08\/18\/norwich-city-everton-22\/#breadcrumb\",\"itemListElement\":[{\"@type\":\"ListItem\",\"position\":1,\"name\":\"Home\",\"item\":\"https:\/\/evertonfc.cz\/\"},{\"@type\":\"ListItem\",\"position\":2,\"name\":\"Norwich City &#8211; Everton 2:2\"}]},{\"@type\":\"WebSite\",\"@id\":\"https:\/\/evertonfc.cz\/#website\",\"url\":\"https:\/\/evertonfc.cz\/\",\"name\":\"Official Czech &amp; Slovak Everton Supporters&#039; Club\",\"description\":\"\",\"publisher\":{\"@id\":\"https:\/\/evertonfc.cz\/#organization\"},\"potentialAction\":[{\"@type\":\"SearchAction\",\"target\":{\"@type\":\"EntryPoint\",\"urlTemplate\":\"https:\/\/evertonfc.cz\/?s={search_term_string}\"},\"query-input\":{\"@type\":\"PropertyValueSpecification\",\"valueRequired\":true,\"valueName\":\"search_term_string\"}}],\"inLanguage\":\"cs\"},{\"@type\":\"Organization\",\"@id\":\"https:\/\/evertonfc.cz\/#organization\",\"name\":\"Official Czech & Slovak Everton Supporters' Club\",\"url\":\"https:\/\/evertonfc.cz\/\",\"logo\":{\"@type\":\"ImageObject\",\"inLanguage\":\"cs\",\"@id\":\"https:\/\/evertonfc.cz\/#\/schema\/logo\/image\/\",\"url\":\"https:\/\/evertonfc.cz\/wp-content\/uploads\/2019\/05\/logo.png\",\"contentUrl\":\"https:\/\/evertonfc.cz\/wp-content\/uploads\/2019\/05\/logo.png\",\"width\":112,\"height\":112,\"caption\":\"Official Czech & Slovak Everton Supporters' Club\"},\"image\":{\"@id\":\"https:\/\/evertonfc.cz\/#\/schema\/logo\/image\/\"},\"sameAs\":[\"https:\/\/www.facebook.com\/everton.fans.cz.sk\"]},{\"@type\":\"Person\",\"@id\":\"https:\/\/evertonfc.cz\/#\/schema\/person\/f7a5daedb2ffee98480bc70e191aaef1\",\"name\":\"Ri\u010di\",\"sameAs\":[\"https:\/\/x.com\/rbrejsa\"],\"url\":\"https:\/\/evertonfc.cz\/index.php\/author\/rici\/\"}]}<\/script>\n<!-- \/ Yoast SEO plugin. -->","yoast_head_json":{"title":"Norwich City - Everton 2:2 - Official Czech &amp; Slovak Everton Supporters&#039; Club","robots":{"index":"index","follow":"follow","max-snippet":"max-snippet:-1","max-image-preview":"max-image-preview:large","max-video-preview":"max-video-preview:-1"},"canonical":"https:\/\/evertonfc.cz\/index.php\/2013\/08\/18\/norwich-city-everton-22\/","og_locale":"cs_CZ","og_type":"article","og_title":"Norwich City - Everton 2:2 - Official Czech &amp; Slovak Everton Supporters&#039; Club","og_description":"V\u00edt\u011bzn\u00fd debut Roberta Mart\u00edneze p\u0159ekazil Ricky van Wolfswinkel, \u00fato\u010dn\u00edk Canaries se nesm\u00ed\u0159il s pohotov\u00fdm obratem Evertonu a hlavi\u010dkou stanovil kone\u010dnou&hellip;","og_url":"https:\/\/evertonfc.cz\/index.php\/2013\/08\/18\/norwich-city-everton-22\/","og_site_name":"Official Czech &amp; Slovak Everton Supporters&#039; Club","article_publisher":"https:\/\/www.facebook.com\/everton.fans.cz.sk","article_published_time":"2013-08-18T19:59:58+00:00","article_modified_time":"2019-02-15T08:17:52+00:00","og_image":[{"width":720,"height":405,"url":"https:\/\/evertonfc.cz\/wp-content\/uploads\/2019\/01\/report.jpg","type":"image\/jpeg"}],"author":"Ri\u010di","twitter_card":"summary_large_image","twitter_creator":"@rbrejsa","twitter_misc":{"Napsal(a)":"Ri\u010di","Odhadovan\u00e1 doba \u010dten\u00ed":"1 minuta"},"schema":{"@context":"https:\/\/schema.org","@graph":[{"@type":"Article","@id":"https:\/\/evertonfc.cz\/index.php\/2013\/08\/18\/norwich-city-everton-22\/#article","isPartOf":{"@id":"https:\/\/evertonfc.cz\/index.php\/2013\/08\/18\/norwich-city-everton-22\/"},"author":{"name":"Ri\u010di","@id":"https:\/\/evertonfc.cz\/#\/schema\/person\/f7a5daedb2ffee98480bc70e191aaef1"},"headline":"Norwich City &#8211; Everton 2:2","datePublished":"2013-08-18T19:59:58+00:00","dateModified":"2019-02-15T08:17:52+00:00","mainEntityOfPage":{"@id":"https:\/\/evertonfc.cz\/index.php\/2013\/08\/18\/norwich-city-everton-22\/"},"wordCount":299,"commentCount":0,"publisher":{"@id":"https:\/\/evertonfc.cz\/#organization"},"image":{"@id":"https:\/\/evertonfc.cz\/index.php\/2013\/08\/18\/norwich-city-everton-22\/#primaryimage"},"thumbnailUrl":"https:\/\/evertonfc.cz\/wp-content\/uploads\/2019\/01\/report.jpg","articleSection":["Z\u00e1pasy"],"inLanguage":"cs","potentialAction":[{"@type":"CommentAction","name":"Comment","target":["https:\/\/evertonfc.cz\/index.php\/2013\/08\/18\/norwich-city-everton-22\/#respond"]}]},{"@type":"WebPage","@id":"https:\/\/evertonfc.cz\/index.php\/2013\/08\/18\/norwich-city-everton-22\/","url":"https:\/\/evertonfc.cz\/index.php\/2013\/08\/18\/norwich-city-everton-22\/","name":"Norwich City - Everton 2:2 - Official Czech &amp; Slovak Everton Supporters&#039; Club","isPartOf":{"@id":"https:\/\/evertonfc.cz\/#website"},"primaryImageOfPage":{"@id":"https:\/\/evertonfc.cz\/index.php\/2013\/08\/18\/norwich-city-everton-22\/#primaryimage"},"image":{"@id":"https:\/\/evertonfc.cz\/index.php\/2013\/08\/18\/norwich-city-everton-22\/#primaryimage"},"thumbnailUrl":"https:\/\/evertonfc.cz\/wp-content\/uploads\/2019\/01\/report.jpg","datePublished":"2013-08-18T19:59:58+00:00","dateModified":"2019-02-15T08:17:52+00:00","breadcrumb":{"@id":"https:\/\/evertonfc.cz\/index.php\/2013\/08\/18\/norwich-city-everton-22\/#breadcrumb"},"inLanguage":"cs","potentialAction":[{"@type":"ReadAction","target":["https:\/\/evertonfc.cz\/index.php\/2013\/08\/18\/norwich-city-everton-22\/"]}]},{"@type":"ImageObject","inLanguage":"cs","@id":"https:\/\/evertonfc.cz\/index.php\/2013\/08\/18\/norwich-city-everton-22\/#primaryimage","url":"https:\/\/evertonfc.cz\/wp-content\/uploads\/2019\/01\/report.jpg","contentUrl":"https:\/\/evertonfc.cz\/wp-content\/uploads\/2019\/01\/report.jpg","width":720,"height":405},{"@type":"BreadcrumbList","@id":"https:\/\/evertonfc.cz\/index.php\/2013\/08\/18\/norwich-city-everton-22\/#breadcrumb","itemListElement":[{"@type":"ListItem","position":1,"name":"Home","item":"https:\/\/evertonfc.cz\/"},{"@type":"ListItem","position":2,"name":"Norwich City &#8211; Everton 2:2"}]},{"@type":"WebSite","@id":"https:\/\/evertonfc.cz\/#website","url":"https:\/\/evertonfc.cz\/","name":"Official Czech &amp; Slovak Everton Supporters&#039; Club","description":"","publisher":{"@id":"https:\/\/evertonfc.cz\/#organization"},"potentialAction":[{"@type":"SearchAction","target":{"@type":"EntryPoint","urlTemplate":"https:\/\/evertonfc.cz\/?s={search_term_string}"},"query-input":{"@type":"PropertyValueSpecification","valueRequired":true,"valueName":"search_term_string"}}],"inLanguage":"cs"},{"@type":"Organization","@id":"https:\/\/evertonfc.cz\/#organization","name":"Official Czech & Slovak Everton Supporters' Club","url":"https:\/\/evertonfc.cz\/","logo":{"@type":"ImageObject","inLanguage":"cs","@id":"https:\/\/evertonfc.cz\/#\/schema\/logo\/image\/","url":"https:\/\/evertonfc.cz\/wp-content\/uploads\/2019\/05\/logo.png","contentUrl":"https:\/\/evertonfc.cz\/wp-content\/uploads\/2019\/05\/logo.png","width":112,"height":112,"caption":"Official Czech & Slovak Everton Supporters' Club"},"image":{"@id":"https:\/\/evertonfc.cz\/#\/schema\/logo\/image\/"},"sameAs":["https:\/\/www.facebook.com\/everton.fans.cz.sk"]},{"@type":"Person","@id":"https:\/\/evertonfc.cz\/#\/schema\/person\/f7a5daedb2ffee98480bc70e191aaef1","name":"Ri\u010di","sameAs":["https:\/\/x.com\/rbrejsa"],"url":"https:\/\/evertonfc.cz\/index.php\/author\/rici\/"}]}},"_links":{"self":[{"href":"https:\/\/evertonfc.cz\/index.php\/wp-json\/wp\/v2\/posts\/5317"}],"collection":[{"href":"https:\/\/evertonfc.cz\/index.php\/wp-json\/wp\/v2\/posts"}],"about":[{"href":"https:\/\/evertonfc.cz\/index.php\/wp-json\/wp\/v2\/types\/post"}],"author":[{"embeddable":true,"href":"https:\/\/evertonfc.cz\/index.php\/wp-json\/wp\/v2\/users\/6"}],"replies":[{"embeddable":true,"href":"https:\/\/evertonfc.cz\/index.php\/wp-json\/wp\/v2\/comments?post=5317"}],"version-history":[{"count":3,"href":"https:\/\/evertonfc.cz\/index.php\/wp-json\/wp\/v2\/posts\/5317\/revisions"}],"predecessor-version":[{"id":5536,"href":"https:\/\/evertonfc.cz\/index.php\/wp-json\/wp\/v2\/posts\/5317\/revisions\/5536"}],"wp:featuredmedia":[{"embeddable":true,"href":"https:\/\/evertonfc.cz\/index.php\/wp-json\/wp\/v2\/media\/1315"}],"wp:attachment":[{"href":"https:\/\/evertonfc.cz\/index.php\/wp-json\/wp\/v2\/media?parent=5317"}],"wp:term":[{"taxonomy":"category","embeddable":true,"href":"https:\/\/evertonfc.cz\/index.php\/wp-json\/wp\/v2\/categories?post=5317"},{"taxonomy":"post_tag","embeddable":true,"href":"https:\/\/evertonfc.cz\/index.php\/wp-json\/wp\/v2\/tags?post=5317"}],"curies":[{"name":"wp","href":"https:\/\/api.w.org\/{rel}","templated":true}]}}