{"id":5319,"date":"2013-08-15T22:00:53","date_gmt":"2013-08-15T20:00:53","guid":{"rendered":"http:\/\/evertonfc.cz\/?p=5319"},"modified":"2019-02-15T09:18:37","modified_gmt":"2019-02-15T08:18:37","slug":"preview-norwich-city-everton-2","status":"publish","type":"post","link":"https:\/\/evertonfc.cz\/index.php\/2013\/08\/15\/preview-norwich-city-everton-2\/","title":{"rendered":"Preview: Norwich City &#8211; Everton"},"content":{"rendered":"<h4 id=\"NewsPostDetailSummary\">T\u0159\u00edm\u011bs\u00ed\u010dn\u00ed \u010dek\u00e1n\u00ed na Premier League skon\u010d\u00ed sobotn\u00edm odpolednem, Norwich City vyzve Everton, jeho\u017e povede poprv\u00e9 v sout\u011b\u017en\u00edm z\u00e1pase nov\u00fd mana\u017eer Roberto Mart\u00ednez.<\/h4>\n<div id=\"NewsPostDetailContent\">\n<p>\u0160pan\u011blsk\u00fd gentleman vyst\u0159\u00eddal po konci minul\u00e9 sez\u00f3ny Davida Moyese a u\u017e v letn\u00ed p\u0159\u00edprav\u011b nazna\u010dil ur\u010dit\u00e9 zm\u011bny. Na prvn\u00ed pohled lze okam\u017eit\u011b vypozorovat zm\u011bnu hern\u00ed filosofie, nyn\u00ed se Toffees sna\u017e\u00ed o kombinaci s mnoha p\u0159ihr\u00e1vkami po zemi, dlouh\u00e9 n\u00e1kopy na Jelavi\u0107e nebo Fellaini jsou minulost\u00ed. Mart\u00ednez t\u00e9\u017e vyrukoval hned s n\u011bkolika rozestaven\u00edmi, klasick\u00e9 4-5-1 prozat\u00edm st\u0159\u00edd\u00e1 se 4-3-3 a variabiln\u00edm 3-2-2-2-1.<\/p>\n<p>V p\u0159\u00edpravn\u00fdch st\u0159etnut\u00edch dostalo prostor mnoho hr\u00e1\u010d\u016f a u n\u011bkter\u00fdch bylo patrn\u00e9 zlep\u0161en\u00ed. I proto se mohou letn\u00ed p\u0159\u00e1telsk\u00e9 souboje ozna\u010dit za poveden\u00e9, Everton dok\u00e1zal, \u017ee m\u016f\u017ee konkurovat nejlep\u0161\u00edm t\u00fdm\u016fm. Jedn\u00edm dechem ale t\u0159eba dodat: nehr\u00e1lo se o body, a\u017e ligov\u00e9 kola opravdu napov\u00ed.<\/p>\n<p>P\u0159\u00edjemn\u00fdm p\u0159ekvapen\u00edm je tak\u00e9 p\u0159estupov\u00e1 aktivita, na Goodison Park zam\u00ed\u0159ila hned \u010dtve\u0159ice novic\u016f &#8211; Arouna Kon\u00e9, Antol\u00edn Alcaraz, Joel a Gerard Deulofeu. Prvn\u00ed t\u0159i Mart\u00ednez dob\u0159e zn\u00e1 z anga\u017em\u00e1 ve Wiganu, Deulofeu p\u0159i\u0161el na hostov\u00e1n\u00ed z rezervy Barcelony, aby nab\u00edral hern\u00ed praxi. Moment\u00e1ln\u011b pr\u00e1v\u011b mlad\u00fd \u0160pan\u011bl m\u00e1 asi nejbl\u00ed\u017ee k z\u00e1kladn\u00ed sestav\u011b, i kdy\u017e v\u00a0\u00favodn\u00edm kole Premiership se do z\u00e1kladu pravd\u011bpodobn\u011b je\u0161t\u011b nevejde. Mus\u00ed nabrat fyzickou kondici a trochu zes\u00edlit, p\u0159eci jenom do p\u0159\u00edpravy se zapojil jako jeden z posledn\u00edch a nedostal zat\u00edm na h\u0159i\u0161ti mnoho prostoru. Alcaraz a Joel zcela ur\u010dit\u011b za\u010dnou mezi n\u00e1hradn\u00edky, kde je nejsp\u00ed\u0161e dopln\u00ed i Kon\u00e9, na \u00fakor kter\u00e9ho dostane \u0161anci obrozen\u00fd Jelavi\u0107.<\/p>\n<p>\u017d\u00e1dan\u00ed Baines a Fellaini zat\u00edm v k\u00e1dru Evertonu figuruj\u00ed, uvid\u00edme, jak se situace d\u00e1le vyvine, a to hlavn\u011b v p\u0159\u00edpad\u011b Belgi\u010dana. Belgick\u00fd prapor v\u0161ak chce krom\u011b Fellainiho n\u00e9st i Kevin Mirallas. V prvn\u00ed sez\u00f3n\u011b nazna\u010dil sv\u00e9 kvality a ve druh\u00e9m roce v Premier League by se r\u00e1d probojoval mezi nejlep\u0161\u00ed k\u0159\u00eddeln\u00edky ligy. Potenci\u00e1l mu rozhodn\u011b nechyb\u00ed, na jeho v\u00fdkony, pokud se mu vyhnou zdravotn\u00ed probl\u00e9my, spol\u00e9h\u00e1 mnoho Evertonians.<\/p>\n<p>Canaries vzhl\u00ed\u017eej\u00ed ke startu Premier League s o\u010dek\u00e1v\u00e1n\u00edmi. Chris Hughton mu\u017estvo \u0159\u00e1dn\u011b pos\u00edlil \u2013 Gary Hooper, Leroy Fer, Martin Olsson, Carlo Nash, Nathan Redmond, Ricky van Wolfswinkel, Javier Garrido a Semi Ajayi st\u00e1li celkem p\u0159es \u00a328m. Ambice vylep\u0161it lo\u0148sk\u00e9 11. m\u00edsto jsou z\u0159ejm\u00e9.<\/p>\n<p>Norwich City se pod Hughtonem nevzdal rozestaven\u00ed 4-4-2 s klasick\u00fdmi prvky ostrovn\u00edho fotbalu, kter\u00e9 je v\u00a0dne\u0161n\u00ed dob\u011b vn\u00edm\u00e1no jako zastaral\u00e9. Bude zaj\u00edmav\u00e9 sledovat, jak se mu povede proti zbytku ligy vyzn\u00e1vaj\u00edc\u00ed odli\u0161n\u00e9 pojet\u00ed hry. \u00a0Ov\u0161em variantu 4-5-1 na Carrow Road ji\u017e t\u00e9\u017e znaj\u00ed.<\/p>\n<h4>P\u0159\u00edpravn\u00e9 z\u00e1pasy<\/h4>\n<p>Norwich City<br \/>\nDorados de Sinaloa (USA) 3:0, B: Becchio, Pilkington, Josh Murphy<br \/>\nSan Jose Earthquakes (USA) 0:1<br \/>\nPortland Timbers (USA) 0:1<br \/>\nBrighton &amp; Hove Albion (v) 1:1, B: Howson<br \/>\nBraga (v) 2:2, B: 2x Hooper<br \/>\nReal Sociedad (d) 1:1, B: van Wolfswinkel<br \/>\nPanathinaikos 2:0 (d) 2:0, B: 2x Johnson<\/p>\n<p>Everton<br \/>\nAustria V\u00edde\u0148 (v) 1:2, B: Vellios<br \/>\nAccrington Stanley (v) 4:1, B: Gibson, Anichebe, Mirallas, Osman<br \/>\nBlackburn Rovers (v) 3:1, B: 2x Jelavi\u0107, Mirallas<br \/>\nJuventus (USA) 1:1 6:5 pen., B: Mirallas<br \/>\nReal Madrid (USA) 1:2, B: Jelavi\u0107<br \/>\nValencia (USA) 0:1<br \/>\nReal Betis (d) 2:1, B: Jelavi\u0107, Mirallas<\/p>\n<h4>Posledn\u00ed vz\u00e1jemn\u00e9 z\u00e1pasy<\/h4>\n<p>23.10.2004 Premier League Norwich City &#8211; Everton FC 2:3<br \/>\n02.02.2005 Premier League Everton FC &#8211; Norwich City 1:0<br \/>\n17.12.2011 Premier League Everton FC &#8211; Norwich City 1:1<br \/>\n07.04.2012 Premier League Norwich City &#8211; Everton FC 2:2<br \/>\n24.11.2012 Premier League Everton FC &#8211; Norwich City 1:1<br \/>\n23.02.2013 Premier League Norwich City &#8211; Everton FC 2:1<\/p>\n<h4>T\u00fdmov\u00e9 novinky<\/h4>\n<p>Anthony Pilkington (koleno) a Gary Hooper (podlitiny) musej\u00ed po\u010dkat na zdravotn\u00ed test p\u0159ed v\u00fdkopem, jen\u017e ur\u010d\u00ed jejich stav. Leroy Fer, dob\u0159e zn\u00e1m\u00fd EFC, nenastoup\u00ed kv\u016fli suspendaci.<\/p>\n<p>Norwich City: Ruddy, Nash, Bunn, Bassong (?), Turner, Bennet, Ayala, Olsson, Garrido, Martin, Whittaker, Johnson, Howson, Fer, Fox, Butterfield, Tettey, Bennett, Redmond, Hoolahan, Snodgrass, van Wolfswinkel, Becchio, Hooper (?)<\/p>\n<p>Tony Hibbert, Magaye Gueye a \u00a0Antol\u00edn Alcaraz jsou kr\u00e1tkodob\u011b po zdravotn\u00ed str\u00e1nce neschopn\u00ed. Start Darrona Gibsona (koleno) vid\u00ed Mart\u00ednez 50\/50.<\/p>\n<p>Everton: Joel, Howard, Heitinga, Jagielka, Distin, Duffy, Baines, Coleman, Stones, Gibson (?), Barkley, Osman, Pienaar, Fellaini, Deulofeu, Mirallas, Naismith, Jelavi\u0107, Kon\u00e9, Vellios, Anichebe<\/p>\n<p>Co: Norwich City FC &#8211; Everton FC FC, 1. kolo Premier League<br \/>\nKdy: 17.08.2013 od 16:00 SE\u010c<br \/>\nKde: Carrow Road, Norwich (kapacita: 27 250)<br \/>\nRozhod\u010d\u00ed: Michael Oliver<\/p>\n<\/div>\n","protected":false},"excerpt":{"rendered":"<p>T\u0159\u00edm\u011bs\u00ed\u010dn\u00ed \u010dek\u00e1n\u00ed na Premier League skon\u010d\u00ed sobotn\u00edm odpolednem, Norwich City vyzve Everton, jeho\u017e povede poprv\u00e9 v sout\u011b\u017en\u00edm z\u00e1pase nov\u00fd mana\u017eer&hellip;<\/p>\n","protected":false},"author":6,"featured_media":1314,"comment_status":"open","ping_status":"closed","sticky":false,"template":"","format":"standard","meta":{"_eb_attr":"","_monsterinsights_skip_tracking":false,"_monsterinsights_sitenote_active":false,"_monsterinsights_sitenote_note":"","_monsterinsights_sitenote_category":0,"footnotes":""},"categories":[4],"tags":[],"yoast_head":"<!-- This site is optimized with the Yoast SEO plugin v23.4 - https:\/\/yoast.com\/wordpress\/plugins\/seo\/ -->\n<title>Preview: Norwich City - Everton - Official Czech &amp; Slovak Everton Supporters&#039; Club<\/title>\n<meta name=\"robots\" content=\"index, follow, max-snippet:-1, max-image-preview:large, max-video-preview:-1\" \/>\n<link rel=\"canonical\" href=\"https:\/\/evertonfc.cz\/index.php\/2013\/08\/15\/preview-norwich-city-everton-2\/\" \/>\n<meta property=\"og:locale\" content=\"cs_CZ\" \/>\n<meta property=\"og:type\" content=\"article\" \/>\n<meta property=\"og:title\" content=\"Preview: Norwich City - Everton - Official Czech &amp; Slovak Everton Supporters&#039; Club\" \/>\n<meta property=\"og:description\" content=\"T\u0159\u00edm\u011bs\u00ed\u010dn\u00ed \u010dek\u00e1n\u00ed na Premier League skon\u010d\u00ed sobotn\u00edm odpolednem, Norwich City vyzve Everton, jeho\u017e povede poprv\u00e9 v sout\u011b\u017en\u00edm z\u00e1pase nov\u00fd mana\u017eer&hellip;\" \/>\n<meta property=\"og:url\" content=\"https:\/\/evertonfc.cz\/index.php\/2013\/08\/15\/preview-norwich-city-everton-2\/\" \/>\n<meta property=\"og:site_name\" content=\"Official Czech &amp; Slovak Everton Supporters&#039; Club\" \/>\n<meta property=\"article:publisher\" content=\"https:\/\/www.facebook.com\/everton.fans.cz.sk\" \/>\n<meta property=\"article:published_time\" content=\"2013-08-15T20:00:53+00:00\" \/>\n<meta property=\"article:modified_time\" content=\"2019-02-15T08:18:37+00:00\" \/>\n<meta property=\"og:image\" content=\"https:\/\/evertonfc.cz\/wp-content\/uploads\/2019\/01\/preview.jpg\" \/>\n\t<meta property=\"og:image:width\" content=\"720\" \/>\n\t<meta property=\"og:image:height\" content=\"405\" \/>\n\t<meta property=\"og:image:type\" content=\"image\/jpeg\" \/>\n<meta name=\"author\" content=\"Ri\u010di\" \/>\n<meta name=\"twitter:card\" content=\"summary_large_image\" \/>\n<meta name=\"twitter:creator\" content=\"@rbrejsa\" \/>\n<meta name=\"twitter:label1\" content=\"Napsal(a)\" \/>\n\t<meta name=\"twitter:data1\" content=\"Ri\u010di\" \/>\n\t<meta name=\"twitter:label2\" content=\"Odhadovan\u00e1 doba \u010dten\u00ed\" \/>\n\t<meta name=\"twitter:data2\" content=\"4 minuty\" \/>\n<script type=\"application\/ld+json\" class=\"yoast-schema-graph\">{\"@context\":\"https:\/\/schema.org\",\"@graph\":[{\"@type\":\"Article\",\"@id\":\"https:\/\/evertonfc.cz\/index.php\/2013\/08\/15\/preview-norwich-city-everton-2\/#article\",\"isPartOf\":{\"@id\":\"https:\/\/evertonfc.cz\/index.php\/2013\/08\/15\/preview-norwich-city-everton-2\/\"},\"author\":{\"name\":\"Ri\u010di\",\"@id\":\"https:\/\/evertonfc.cz\/#\/schema\/person\/f7a5daedb2ffee98480bc70e191aaef1\"},\"headline\":\"Preview: Norwich City &#8211; Everton\",\"datePublished\":\"2013-08-15T20:00:53+00:00\",\"dateModified\":\"2019-02-15T08:18:37+00:00\",\"mainEntityOfPage\":{\"@id\":\"https:\/\/evertonfc.cz\/index.php\/2013\/08\/15\/preview-norwich-city-everton-2\/\"},\"wordCount\":787,\"commentCount\":0,\"publisher\":{\"@id\":\"https:\/\/evertonfc.cz\/#organization\"},\"image\":{\"@id\":\"https:\/\/evertonfc.cz\/index.php\/2013\/08\/15\/preview-norwich-city-everton-2\/#primaryimage\"},\"thumbnailUrl\":\"https:\/\/evertonfc.cz\/wp-content\/uploads\/2019\/01\/preview.jpg\",\"articleSection\":[\"Z\u00e1pasy\"],\"inLanguage\":\"cs\",\"potentialAction\":[{\"@type\":\"CommentAction\",\"name\":\"Comment\",\"target\":[\"https:\/\/evertonfc.cz\/index.php\/2013\/08\/15\/preview-norwich-city-everton-2\/#respond\"]}]},{\"@type\":\"WebPage\",\"@id\":\"https:\/\/evertonfc.cz\/index.php\/2013\/08\/15\/preview-norwich-city-everton-2\/\",\"url\":\"https:\/\/evertonfc.cz\/index.php\/2013\/08\/15\/preview-norwich-city-everton-2\/\",\"name\":\"Preview: Norwich City - Everton - Official Czech &amp; Slovak Everton Supporters&#039; Club\",\"isPartOf\":{\"@id\":\"https:\/\/evertonfc.cz\/#website\"},\"primaryImageOfPage\":{\"@id\":\"https:\/\/evertonfc.cz\/index.php\/2013\/08\/15\/preview-norwich-city-everton-2\/#primaryimage\"},\"image\":{\"@id\":\"https:\/\/evertonfc.cz\/index.php\/2013\/08\/15\/preview-norwich-city-everton-2\/#primaryimage\"},\"thumbnailUrl\":\"https:\/\/evertonfc.cz\/wp-content\/uploads\/2019\/01\/preview.jpg\",\"datePublished\":\"2013-08-15T20:00:53+00:00\",\"dateModified\":\"2019-02-15T08:18:37+00:00\",\"breadcrumb\":{\"@id\":\"https:\/\/evertonfc.cz\/index.php\/2013\/08\/15\/preview-norwich-city-everton-2\/#breadcrumb\"},\"inLanguage\":\"cs\",\"potentialAction\":[{\"@type\":\"ReadAction\",\"target\":[\"https:\/\/evertonfc.cz\/index.php\/2013\/08\/15\/preview-norwich-city-everton-2\/\"]}]},{\"@type\":\"ImageObject\",\"inLanguage\":\"cs\",\"@id\":\"https:\/\/evertonfc.cz\/index.php\/2013\/08\/15\/preview-norwich-city-everton-2\/#primaryimage\",\"url\":\"https:\/\/evertonfc.cz\/wp-content\/uploads\/2019\/01\/preview.jpg\",\"contentUrl\":\"https:\/\/evertonfc.cz\/wp-content\/uploads\/2019\/01\/preview.jpg\",\"width\":720,\"height\":405},{\"@type\":\"BreadcrumbList\",\"@id\":\"https:\/\/evertonfc.cz\/index.php\/2013\/08\/15\/preview-norwich-city-everton-2\/#breadcrumb\",\"itemListElement\":[{\"@type\":\"ListItem\",\"position\":1,\"name\":\"Home\",\"item\":\"https:\/\/evertonfc.cz\/\"},{\"@type\":\"ListItem\",\"position\":2,\"name\":\"Preview: Norwich City &#8211; Everton\"}]},{\"@type\":\"WebSite\",\"@id\":\"https:\/\/evertonfc.cz\/#website\",\"url\":\"https:\/\/evertonfc.cz\/\",\"name\":\"Official Czech &amp; Slovak Everton Supporters&#039; Club\",\"description\":\"\",\"publisher\":{\"@id\":\"https:\/\/evertonfc.cz\/#organization\"},\"potentialAction\":[{\"@type\":\"SearchAction\",\"target\":{\"@type\":\"EntryPoint\",\"urlTemplate\":\"https:\/\/evertonfc.cz\/?s={search_term_string}\"},\"query-input\":{\"@type\":\"PropertyValueSpecification\",\"valueRequired\":true,\"valueName\":\"search_term_string\"}}],\"inLanguage\":\"cs\"},{\"@type\":\"Organization\",\"@id\":\"https:\/\/evertonfc.cz\/#organization\",\"name\":\"Official Czech & Slovak Everton Supporters' Club\",\"url\":\"https:\/\/evertonfc.cz\/\",\"logo\":{\"@type\":\"ImageObject\",\"inLanguage\":\"cs\",\"@id\":\"https:\/\/evertonfc.cz\/#\/schema\/logo\/image\/\",\"url\":\"https:\/\/evertonfc.cz\/wp-content\/uploads\/2019\/05\/logo.png\",\"contentUrl\":\"https:\/\/evertonfc.cz\/wp-content\/uploads\/2019\/05\/logo.png\",\"width\":112,\"height\":112,\"caption\":\"Official Czech & Slovak Everton Supporters' Club\"},\"image\":{\"@id\":\"https:\/\/evertonfc.cz\/#\/schema\/logo\/image\/\"},\"sameAs\":[\"https:\/\/www.facebook.com\/everton.fans.cz.sk\"]},{\"@type\":\"Person\",\"@id\":\"https:\/\/evertonfc.cz\/#\/schema\/person\/f7a5daedb2ffee98480bc70e191aaef1\",\"name\":\"Ri\u010di\",\"sameAs\":[\"https:\/\/x.com\/rbrejsa\"],\"url\":\"https:\/\/evertonfc.cz\/index.php\/author\/rici\/\"}]}<\/script>\n<!-- \/ Yoast SEO plugin. -->","yoast_head_json":{"title":"Preview: Norwich City - Everton - Official Czech &amp; Slovak Everton Supporters&#039; Club","robots":{"index":"index","follow":"follow","max-snippet":"max-snippet:-1","max-image-preview":"max-image-preview:large","max-video-preview":"max-video-preview:-1"},"canonical":"https:\/\/evertonfc.cz\/index.php\/2013\/08\/15\/preview-norwich-city-everton-2\/","og_locale":"cs_CZ","og_type":"article","og_title":"Preview: Norwich City - Everton - Official Czech &amp; Slovak Everton Supporters&#039; Club","og_description":"T\u0159\u00edm\u011bs\u00ed\u010dn\u00ed \u010dek\u00e1n\u00ed na Premier League skon\u010d\u00ed sobotn\u00edm odpolednem, Norwich City vyzve Everton, jeho\u017e povede poprv\u00e9 v sout\u011b\u017en\u00edm z\u00e1pase nov\u00fd mana\u017eer&hellip;","og_url":"https:\/\/evertonfc.cz\/index.php\/2013\/08\/15\/preview-norwich-city-everton-2\/","og_site_name":"Official Czech &amp; Slovak Everton Supporters&#039; Club","article_publisher":"https:\/\/www.facebook.com\/everton.fans.cz.sk","article_published_time":"2013-08-15T20:00:53+00:00","article_modified_time":"2019-02-15T08:18:37+00:00","og_image":[{"width":720,"height":405,"url":"https:\/\/evertonfc.cz\/wp-content\/uploads\/2019\/01\/preview.jpg","type":"image\/jpeg"}],"author":"Ri\u010di","twitter_card":"summary_large_image","twitter_creator":"@rbrejsa","twitter_misc":{"Napsal(a)":"Ri\u010di","Odhadovan\u00e1 doba \u010dten\u00ed":"4 minuty"},"schema":{"@context":"https:\/\/schema.org","@graph":[{"@type":"Article","@id":"https:\/\/evertonfc.cz\/index.php\/2013\/08\/15\/preview-norwich-city-everton-2\/#article","isPartOf":{"@id":"https:\/\/evertonfc.cz\/index.php\/2013\/08\/15\/preview-norwich-city-everton-2\/"},"author":{"name":"Ri\u010di","@id":"https:\/\/evertonfc.cz\/#\/schema\/person\/f7a5daedb2ffee98480bc70e191aaef1"},"headline":"Preview: Norwich City &#8211; Everton","datePublished":"2013-08-15T20:00:53+00:00","dateModified":"2019-02-15T08:18:37+00:00","mainEntityOfPage":{"@id":"https:\/\/evertonfc.cz\/index.php\/2013\/08\/15\/preview-norwich-city-everton-2\/"},"wordCount":787,"commentCount":0,"publisher":{"@id":"https:\/\/evertonfc.cz\/#organization"},"image":{"@id":"https:\/\/evertonfc.cz\/index.php\/2013\/08\/15\/preview-norwich-city-everton-2\/#primaryimage"},"thumbnailUrl":"https:\/\/evertonfc.cz\/wp-content\/uploads\/2019\/01\/preview.jpg","articleSection":["Z\u00e1pasy"],"inLanguage":"cs","potentialAction":[{"@type":"CommentAction","name":"Comment","target":["https:\/\/evertonfc.cz\/index.php\/2013\/08\/15\/preview-norwich-city-everton-2\/#respond"]}]},{"@type":"WebPage","@id":"https:\/\/evertonfc.cz\/index.php\/2013\/08\/15\/preview-norwich-city-everton-2\/","url":"https:\/\/evertonfc.cz\/index.php\/2013\/08\/15\/preview-norwich-city-everton-2\/","name":"Preview: Norwich City - Everton - Official Czech &amp; Slovak Everton Supporters&#039; Club","isPartOf":{"@id":"https:\/\/evertonfc.cz\/#website"},"primaryImageOfPage":{"@id":"https:\/\/evertonfc.cz\/index.php\/2013\/08\/15\/preview-norwich-city-everton-2\/#primaryimage"},"image":{"@id":"https:\/\/evertonfc.cz\/index.php\/2013\/08\/15\/preview-norwich-city-everton-2\/#primaryimage"},"thumbnailUrl":"https:\/\/evertonfc.cz\/wp-content\/uploads\/2019\/01\/preview.jpg","datePublished":"2013-08-15T20:00:53+00:00","dateModified":"2019-02-15T08:18:37+00:00","breadcrumb":{"@id":"https:\/\/evertonfc.cz\/index.php\/2013\/08\/15\/preview-norwich-city-everton-2\/#breadcrumb"},"inLanguage":"cs","potentialAction":[{"@type":"ReadAction","target":["https:\/\/evertonfc.cz\/index.php\/2013\/08\/15\/preview-norwich-city-everton-2\/"]}]},{"@type":"ImageObject","inLanguage":"cs","@id":"https:\/\/evertonfc.cz\/index.php\/2013\/08\/15\/preview-norwich-city-everton-2\/#primaryimage","url":"https:\/\/evertonfc.cz\/wp-content\/uploads\/2019\/01\/preview.jpg","contentUrl":"https:\/\/evertonfc.cz\/wp-content\/uploads\/2019\/01\/preview.jpg","width":720,"height":405},{"@type":"BreadcrumbList","@id":"https:\/\/evertonfc.cz\/index.php\/2013\/08\/15\/preview-norwich-city-everton-2\/#breadcrumb","itemListElement":[{"@type":"ListItem","position":1,"name":"Home","item":"https:\/\/evertonfc.cz\/"},{"@type":"ListItem","position":2,"name":"Preview: Norwich City &#8211; Everton"}]},{"@type":"WebSite","@id":"https:\/\/evertonfc.cz\/#website","url":"https:\/\/evertonfc.cz\/","name":"Official Czech &amp; Slovak Everton Supporters&#039; Club","description":"","publisher":{"@id":"https:\/\/evertonfc.cz\/#organization"},"potentialAction":[{"@type":"SearchAction","target":{"@type":"EntryPoint","urlTemplate":"https:\/\/evertonfc.cz\/?s={search_term_string}"},"query-input":{"@type":"PropertyValueSpecification","valueRequired":true,"valueName":"search_term_string"}}],"inLanguage":"cs"},{"@type":"Organization","@id":"https:\/\/evertonfc.cz\/#organization","name":"Official Czech & Slovak Everton Supporters' Club","url":"https:\/\/evertonfc.cz\/","logo":{"@type":"ImageObject","inLanguage":"cs","@id":"https:\/\/evertonfc.cz\/#\/schema\/logo\/image\/","url":"https:\/\/evertonfc.cz\/wp-content\/uploads\/2019\/05\/logo.png","contentUrl":"https:\/\/evertonfc.cz\/wp-content\/uploads\/2019\/05\/logo.png","width":112,"height":112,"caption":"Official Czech & Slovak Everton Supporters' Club"},"image":{"@id":"https:\/\/evertonfc.cz\/#\/schema\/logo\/image\/"},"sameAs":["https:\/\/www.facebook.com\/everton.fans.cz.sk"]},{"@type":"Person","@id":"https:\/\/evertonfc.cz\/#\/schema\/person\/f7a5daedb2ffee98480bc70e191aaef1","name":"Ri\u010di","sameAs":["https:\/\/x.com\/rbrejsa"],"url":"https:\/\/evertonfc.cz\/index.php\/author\/rici\/"}]}},"_links":{"self":[{"href":"https:\/\/evertonfc.cz\/index.php\/wp-json\/wp\/v2\/posts\/5319"}],"collection":[{"href":"https:\/\/evertonfc.cz\/index.php\/wp-json\/wp\/v2\/posts"}],"about":[{"href":"https:\/\/evertonfc.cz\/index.php\/wp-json\/wp\/v2\/types\/post"}],"author":[{"embeddable":true,"href":"https:\/\/evertonfc.cz\/index.php\/wp-json\/wp\/v2\/users\/6"}],"replies":[{"embeddable":true,"href":"https:\/\/evertonfc.cz\/index.php\/wp-json\/wp\/v2\/comments?post=5319"}],"version-history":[{"count":3,"href":"https:\/\/evertonfc.cz\/index.php\/wp-json\/wp\/v2\/posts\/5319\/revisions"}],"predecessor-version":[{"id":5538,"href":"https:\/\/evertonfc.cz\/index.php\/wp-json\/wp\/v2\/posts\/5319\/revisions\/5538"}],"wp:featuredmedia":[{"embeddable":true,"href":"https:\/\/evertonfc.cz\/index.php\/wp-json\/wp\/v2\/media\/1314"}],"wp:attachment":[{"href":"https:\/\/evertonfc.cz\/index.php\/wp-json\/wp\/v2\/media?parent=5319"}],"wp:term":[{"taxonomy":"category","embeddable":true,"href":"https:\/\/evertonfc.cz\/index.php\/wp-json\/wp\/v2\/categories?post=5319"},{"taxonomy":"post_tag","embeddable":true,"href":"https:\/\/evertonfc.cz\/index.php\/wp-json\/wp\/v2\/tags?post=5319"}],"curies":[{"name":"wp","href":"https:\/\/api.w.org\/{rel}","templated":true}]}}