{"id":5320,"date":"2013-08-12T22:02:02","date_gmt":"2013-08-12T20:02:02","guid":{"rendered":"http:\/\/evertonfc.cz\/?p=5320"},"modified":"2019-02-15T09:19:54","modified_gmt":"2019-02-15T08:19:54","slug":"everton-betis-sevilla-21","status":"publish","type":"post","link":"https:\/\/evertonfc.cz\/index.php\/2013\/08\/12\/everton-betis-sevilla-21\/","title":{"rendered":"Everton &#8211; Betis Sevilla 2:1"},"content":{"rendered":"<h4 id=\"NewsPostDetailSummary\">Na z\u00e1v\u011br p\u0159\u00edpravy si hr\u00e1\u010di Toffees dok\u00e1zali v\u00edt\u011bzn\u011b poradit se soupe\u0159em ze \u0160pan\u011blska, a Everton si tak p\u0159ipsal prvn\u00ed dom\u00e1c\u00ed v\u00fdhru pod veden\u00edm nov\u00e9ho mana\u017eera Roberta Martineze.<\/h4>\n<div id=\"NewsPostDetailContent\">\n<p>Highlighty utk\u00e1n\u00ed lze nal\u00e9zt <a href=\"https:\/\/www.youtube.com\/watch?v=-RaSFNnhMjM\" target=\"_blank\" rel=\"noopener\">zde<\/a>, v del\u0161\u00ed verzi p\u0159\u00edpadn\u011b <a href=\"https:\/\/www.youtube.com\/watch?v=irgN3NJ-vaA\" target=\"_blank\" rel=\"noopener\">tady<\/a>.<\/p>\n<p><strong>Branky:<\/strong> 35. Nikica Jelavic, 62. Kevin Mirallas &#8211; 90. Braian Rodriguez<\/p>\n<p><strong>\u017dK:<\/strong> Kevin Mirallas<strong><br \/>\n<\/strong><\/p>\n<p><strong>Everton FC:<\/strong> Tim Howard &#8211; Seamus Coleman, Phil Jagielka, Sylvain Distin, Leighton Baines &#8211; Darron Gibson (45. John Heitinga), Leon Osman &#8211; Kevin Mirallas (86. Gerald Deulofeu), Ross Barkley (86. Steven Naismith), Steven Pieanar, Nikica Jelavic (78. Arouna Kone)<\/p>\n<p><strong>Betis Sevilla:<\/strong> Stephan Andersen &#8211; Javi Chica, Damien Perquis, Paulao (46. Jordi Figueras), Nacho P\u00e9rez &#8211; Juanfran (76. Alvaro Vadillo), Javier Matilla (76. Xavi Torres), Nosa Igiebor, Joan Verdu (79. Braian Rodriguez), Cedric Mabwati (79. Manuel Vazquez) &#8211; Jorge Molina<\/p>\n<p><strong>Rozhod\u010d\u00ed:<\/strong> Howard Webb<\/p>\n<\/div>\n","protected":false},"excerpt":{"rendered":"<p>Na z\u00e1v\u011br p\u0159\u00edpravy si hr\u00e1\u010di Toffees dok\u00e1zali v\u00edt\u011bzn\u011b poradit se soupe\u0159em ze \u0160pan\u011blska, a Everton si tak p\u0159ipsal prvn\u00ed dom\u00e1c\u00ed&hellip;<\/p>\n","protected":false},"author":13,"featured_media":1315,"comment_status":"open","ping_status":"closed","sticky":false,"template":"","format":"standard","meta":{"_eb_attr":"","_monsterinsights_skip_tracking":false,"_monsterinsights_sitenote_active":false,"_monsterinsights_sitenote_note":"","_monsterinsights_sitenote_category":0,"footnotes":""},"categories":[4],"tags":[],"yoast_head":"<!-- This site is optimized with the Yoast SEO plugin v23.4 - https:\/\/yoast.com\/wordpress\/plugins\/seo\/ -->\n<title>Everton - Betis Sevilla 2:1 - Official Czech &amp; Slovak Everton Supporters&#039; Club<\/title>\n<meta name=\"robots\" content=\"index, follow, max-snippet:-1, max-image-preview:large, max-video-preview:-1\" \/>\n<link rel=\"canonical\" href=\"https:\/\/evertonfc.cz\/index.php\/2013\/08\/12\/everton-betis-sevilla-21\/\" \/>\n<meta property=\"og:locale\" content=\"cs_CZ\" \/>\n<meta property=\"og:type\" content=\"article\" \/>\n<meta property=\"og:title\" content=\"Everton - Betis Sevilla 2:1 - Official Czech &amp; Slovak Everton Supporters&#039; Club\" \/>\n<meta property=\"og:description\" content=\"Na z\u00e1v\u011br p\u0159\u00edpravy si hr\u00e1\u010di Toffees dok\u00e1zali v\u00edt\u011bzn\u011b poradit se soupe\u0159em ze \u0160pan\u011blska, a Everton si tak p\u0159ipsal prvn\u00ed dom\u00e1c\u00ed&hellip;\" \/>\n<meta property=\"og:url\" content=\"https:\/\/evertonfc.cz\/index.php\/2013\/08\/12\/everton-betis-sevilla-21\/\" \/>\n<meta property=\"og:site_name\" content=\"Official Czech &amp; Slovak Everton Supporters&#039; Club\" \/>\n<meta property=\"article:publisher\" content=\"https:\/\/www.facebook.com\/everton.fans.cz.sk\" \/>\n<meta property=\"article:published_time\" content=\"2013-08-12T20:02:02+00:00\" \/>\n<meta property=\"article:modified_time\" content=\"2019-02-15T08:19:54+00:00\" \/>\n<meta property=\"og:image\" content=\"https:\/\/evertonfc.cz\/wp-content\/uploads\/2019\/01\/report.jpg\" \/>\n\t<meta property=\"og:image:width\" content=\"720\" \/>\n\t<meta property=\"og:image:height\" content=\"405\" \/>\n\t<meta property=\"og:image:type\" content=\"image\/jpeg\" \/>\n<meta name=\"author\" content=\"Zaschrona\" \/>\n<meta name=\"twitter:card\" content=\"summary_large_image\" \/>\n<meta name=\"twitter:label1\" content=\"Napsal(a)\" \/>\n\t<meta name=\"twitter:data1\" content=\"Zaschrona\" \/>\n\t<meta name=\"twitter:label2\" content=\"Odhadovan\u00e1 doba \u010dten\u00ed\" \/>\n\t<meta name=\"twitter:data2\" content=\"1 minuta\" \/>\n<script type=\"application\/ld+json\" class=\"yoast-schema-graph\">{\"@context\":\"https:\/\/schema.org\",\"@graph\":[{\"@type\":\"Article\",\"@id\":\"https:\/\/evertonfc.cz\/index.php\/2013\/08\/12\/everton-betis-sevilla-21\/#article\",\"isPartOf\":{\"@id\":\"https:\/\/evertonfc.cz\/index.php\/2013\/08\/12\/everton-betis-sevilla-21\/\"},\"author\":{\"name\":\"Zaschrona\",\"@id\":\"https:\/\/evertonfc.cz\/#\/schema\/person\/255585c2926c8c27a4eb6c74f4ecd704\"},\"headline\":\"Everton &#8211; Betis Sevilla 2:1\",\"datePublished\":\"2013-08-12T20:02:02+00:00\",\"dateModified\":\"2019-02-15T08:19:54+00:00\",\"mainEntityOfPage\":{\"@id\":\"https:\/\/evertonfc.cz\/index.php\/2013\/08\/12\/everton-betis-sevilla-21\/\"},\"wordCount\":144,\"commentCount\":0,\"publisher\":{\"@id\":\"https:\/\/evertonfc.cz\/#organization\"},\"image\":{\"@id\":\"https:\/\/evertonfc.cz\/index.php\/2013\/08\/12\/everton-betis-sevilla-21\/#primaryimage\"},\"thumbnailUrl\":\"https:\/\/evertonfc.cz\/wp-content\/uploads\/2019\/01\/report.jpg\",\"articleSection\":[\"Z\u00e1pasy\"],\"inLanguage\":\"cs\",\"potentialAction\":[{\"@type\":\"CommentAction\",\"name\":\"Comment\",\"target\":[\"https:\/\/evertonfc.cz\/index.php\/2013\/08\/12\/everton-betis-sevilla-21\/#respond\"]}]},{\"@type\":\"WebPage\",\"@id\":\"https:\/\/evertonfc.cz\/index.php\/2013\/08\/12\/everton-betis-sevilla-21\/\",\"url\":\"https:\/\/evertonfc.cz\/index.php\/2013\/08\/12\/everton-betis-sevilla-21\/\",\"name\":\"Everton - Betis Sevilla 2:1 - Official Czech &amp; Slovak Everton Supporters&#039; Club\",\"isPartOf\":{\"@id\":\"https:\/\/evertonfc.cz\/#website\"},\"primaryImageOfPage\":{\"@id\":\"https:\/\/evertonfc.cz\/index.php\/2013\/08\/12\/everton-betis-sevilla-21\/#primaryimage\"},\"image\":{\"@id\":\"https:\/\/evertonfc.cz\/index.php\/2013\/08\/12\/everton-betis-sevilla-21\/#primaryimage\"},\"thumbnailUrl\":\"https:\/\/evertonfc.cz\/wp-content\/uploads\/2019\/01\/report.jpg\",\"datePublished\":\"2013-08-12T20:02:02+00:00\",\"dateModified\":\"2019-02-15T08:19:54+00:00\",\"breadcrumb\":{\"@id\":\"https:\/\/evertonfc.cz\/index.php\/2013\/08\/12\/everton-betis-sevilla-21\/#breadcrumb\"},\"inLanguage\":\"cs\",\"potentialAction\":[{\"@type\":\"ReadAction\",\"target\":[\"https:\/\/evertonfc.cz\/index.php\/2013\/08\/12\/everton-betis-sevilla-21\/\"]}]},{\"@type\":\"ImageObject\",\"inLanguage\":\"cs\",\"@id\":\"https:\/\/evertonfc.cz\/index.php\/2013\/08\/12\/everton-betis-sevilla-21\/#primaryimage\",\"url\":\"https:\/\/evertonfc.cz\/wp-content\/uploads\/2019\/01\/report.jpg\",\"contentUrl\":\"https:\/\/evertonfc.cz\/wp-content\/uploads\/2019\/01\/report.jpg\",\"width\":720,\"height\":405},{\"@type\":\"BreadcrumbList\",\"@id\":\"https:\/\/evertonfc.cz\/index.php\/2013\/08\/12\/everton-betis-sevilla-21\/#breadcrumb\",\"itemListElement\":[{\"@type\":\"ListItem\",\"position\":1,\"name\":\"Home\",\"item\":\"https:\/\/evertonfc.cz\/\"},{\"@type\":\"ListItem\",\"position\":2,\"name\":\"Everton &#8211; Betis Sevilla 2:1\"}]},{\"@type\":\"WebSite\",\"@id\":\"https:\/\/evertonfc.cz\/#website\",\"url\":\"https:\/\/evertonfc.cz\/\",\"name\":\"Official Czech &amp; Slovak Everton Supporters&#039; Club\",\"description\":\"\",\"publisher\":{\"@id\":\"https:\/\/evertonfc.cz\/#organization\"},\"potentialAction\":[{\"@type\":\"SearchAction\",\"target\":{\"@type\":\"EntryPoint\",\"urlTemplate\":\"https:\/\/evertonfc.cz\/?s={search_term_string}\"},\"query-input\":{\"@type\":\"PropertyValueSpecification\",\"valueRequired\":true,\"valueName\":\"search_term_string\"}}],\"inLanguage\":\"cs\"},{\"@type\":\"Organization\",\"@id\":\"https:\/\/evertonfc.cz\/#organization\",\"name\":\"Official Czech & Slovak Everton Supporters' Club\",\"url\":\"https:\/\/evertonfc.cz\/\",\"logo\":{\"@type\":\"ImageObject\",\"inLanguage\":\"cs\",\"@id\":\"https:\/\/evertonfc.cz\/#\/schema\/logo\/image\/\",\"url\":\"https:\/\/evertonfc.cz\/wp-content\/uploads\/2019\/05\/logo.png\",\"contentUrl\":\"https:\/\/evertonfc.cz\/wp-content\/uploads\/2019\/05\/logo.png\",\"width\":112,\"height\":112,\"caption\":\"Official Czech & Slovak Everton Supporters' Club\"},\"image\":{\"@id\":\"https:\/\/evertonfc.cz\/#\/schema\/logo\/image\/\"},\"sameAs\":[\"https:\/\/www.facebook.com\/everton.fans.cz.sk\"]},{\"@type\":\"Person\",\"@id\":\"https:\/\/evertonfc.cz\/#\/schema\/person\/255585c2926c8c27a4eb6c74f4ecd704\",\"name\":\"Zaschrona\",\"url\":\"https:\/\/evertonfc.cz\/index.php\/author\/zaschrona\/\"}]}<\/script>\n<!-- \/ Yoast SEO plugin. -->","yoast_head_json":{"title":"Everton - Betis Sevilla 2:1 - Official Czech &amp; Slovak Everton Supporters&#039; Club","robots":{"index":"index","follow":"follow","max-snippet":"max-snippet:-1","max-image-preview":"max-image-preview:large","max-video-preview":"max-video-preview:-1"},"canonical":"https:\/\/evertonfc.cz\/index.php\/2013\/08\/12\/everton-betis-sevilla-21\/","og_locale":"cs_CZ","og_type":"article","og_title":"Everton - Betis Sevilla 2:1 - Official Czech &amp; Slovak Everton Supporters&#039; Club","og_description":"Na z\u00e1v\u011br p\u0159\u00edpravy si hr\u00e1\u010di Toffees dok\u00e1zali v\u00edt\u011bzn\u011b poradit se soupe\u0159em ze \u0160pan\u011blska, a Everton si tak p\u0159ipsal prvn\u00ed dom\u00e1c\u00ed&hellip;","og_url":"https:\/\/evertonfc.cz\/index.php\/2013\/08\/12\/everton-betis-sevilla-21\/","og_site_name":"Official Czech &amp; Slovak Everton Supporters&#039; Club","article_publisher":"https:\/\/www.facebook.com\/everton.fans.cz.sk","article_published_time":"2013-08-12T20:02:02+00:00","article_modified_time":"2019-02-15T08:19:54+00:00","og_image":[{"width":720,"height":405,"url":"https:\/\/evertonfc.cz\/wp-content\/uploads\/2019\/01\/report.jpg","type":"image\/jpeg"}],"author":"Zaschrona","twitter_card":"summary_large_image","twitter_misc":{"Napsal(a)":"Zaschrona","Odhadovan\u00e1 doba \u010dten\u00ed":"1 minuta"},"schema":{"@context":"https:\/\/schema.org","@graph":[{"@type":"Article","@id":"https:\/\/evertonfc.cz\/index.php\/2013\/08\/12\/everton-betis-sevilla-21\/#article","isPartOf":{"@id":"https:\/\/evertonfc.cz\/index.php\/2013\/08\/12\/everton-betis-sevilla-21\/"},"author":{"name":"Zaschrona","@id":"https:\/\/evertonfc.cz\/#\/schema\/person\/255585c2926c8c27a4eb6c74f4ecd704"},"headline":"Everton &#8211; Betis Sevilla 2:1","datePublished":"2013-08-12T20:02:02+00:00","dateModified":"2019-02-15T08:19:54+00:00","mainEntityOfPage":{"@id":"https:\/\/evertonfc.cz\/index.php\/2013\/08\/12\/everton-betis-sevilla-21\/"},"wordCount":144,"commentCount":0,"publisher":{"@id":"https:\/\/evertonfc.cz\/#organization"},"image":{"@id":"https:\/\/evertonfc.cz\/index.php\/2013\/08\/12\/everton-betis-sevilla-21\/#primaryimage"},"thumbnailUrl":"https:\/\/evertonfc.cz\/wp-content\/uploads\/2019\/01\/report.jpg","articleSection":["Z\u00e1pasy"],"inLanguage":"cs","potentialAction":[{"@type":"CommentAction","name":"Comment","target":["https:\/\/evertonfc.cz\/index.php\/2013\/08\/12\/everton-betis-sevilla-21\/#respond"]}]},{"@type":"WebPage","@id":"https:\/\/evertonfc.cz\/index.php\/2013\/08\/12\/everton-betis-sevilla-21\/","url":"https:\/\/evertonfc.cz\/index.php\/2013\/08\/12\/everton-betis-sevilla-21\/","name":"Everton - Betis Sevilla 2:1 - Official Czech &amp; Slovak Everton Supporters&#039; Club","isPartOf":{"@id":"https:\/\/evertonfc.cz\/#website"},"primaryImageOfPage":{"@id":"https:\/\/evertonfc.cz\/index.php\/2013\/08\/12\/everton-betis-sevilla-21\/#primaryimage"},"image":{"@id":"https:\/\/evertonfc.cz\/index.php\/2013\/08\/12\/everton-betis-sevilla-21\/#primaryimage"},"thumbnailUrl":"https:\/\/evertonfc.cz\/wp-content\/uploads\/2019\/01\/report.jpg","datePublished":"2013-08-12T20:02:02+00:00","dateModified":"2019-02-15T08:19:54+00:00","breadcrumb":{"@id":"https:\/\/evertonfc.cz\/index.php\/2013\/08\/12\/everton-betis-sevilla-21\/#breadcrumb"},"inLanguage":"cs","potentialAction":[{"@type":"ReadAction","target":["https:\/\/evertonfc.cz\/index.php\/2013\/08\/12\/everton-betis-sevilla-21\/"]}]},{"@type":"ImageObject","inLanguage":"cs","@id":"https:\/\/evertonfc.cz\/index.php\/2013\/08\/12\/everton-betis-sevilla-21\/#primaryimage","url":"https:\/\/evertonfc.cz\/wp-content\/uploads\/2019\/01\/report.jpg","contentUrl":"https:\/\/evertonfc.cz\/wp-content\/uploads\/2019\/01\/report.jpg","width":720,"height":405},{"@type":"BreadcrumbList","@id":"https:\/\/evertonfc.cz\/index.php\/2013\/08\/12\/everton-betis-sevilla-21\/#breadcrumb","itemListElement":[{"@type":"ListItem","position":1,"name":"Home","item":"https:\/\/evertonfc.cz\/"},{"@type":"ListItem","position":2,"name":"Everton &#8211; Betis Sevilla 2:1"}]},{"@type":"WebSite","@id":"https:\/\/evertonfc.cz\/#website","url":"https:\/\/evertonfc.cz\/","name":"Official Czech &amp; Slovak Everton Supporters&#039; Club","description":"","publisher":{"@id":"https:\/\/evertonfc.cz\/#organization"},"potentialAction":[{"@type":"SearchAction","target":{"@type":"EntryPoint","urlTemplate":"https:\/\/evertonfc.cz\/?s={search_term_string}"},"query-input":{"@type":"PropertyValueSpecification","valueRequired":true,"valueName":"search_term_string"}}],"inLanguage":"cs"},{"@type":"Organization","@id":"https:\/\/evertonfc.cz\/#organization","name":"Official Czech & Slovak Everton Supporters' Club","url":"https:\/\/evertonfc.cz\/","logo":{"@type":"ImageObject","inLanguage":"cs","@id":"https:\/\/evertonfc.cz\/#\/schema\/logo\/image\/","url":"https:\/\/evertonfc.cz\/wp-content\/uploads\/2019\/05\/logo.png","contentUrl":"https:\/\/evertonfc.cz\/wp-content\/uploads\/2019\/05\/logo.png","width":112,"height":112,"caption":"Official Czech & Slovak Everton Supporters' Club"},"image":{"@id":"https:\/\/evertonfc.cz\/#\/schema\/logo\/image\/"},"sameAs":["https:\/\/www.facebook.com\/everton.fans.cz.sk"]},{"@type":"Person","@id":"https:\/\/evertonfc.cz\/#\/schema\/person\/255585c2926c8c27a4eb6c74f4ecd704","name":"Zaschrona","url":"https:\/\/evertonfc.cz\/index.php\/author\/zaschrona\/"}]}},"_links":{"self":[{"href":"https:\/\/evertonfc.cz\/index.php\/wp-json\/wp\/v2\/posts\/5320"}],"collection":[{"href":"https:\/\/evertonfc.cz\/index.php\/wp-json\/wp\/v2\/posts"}],"about":[{"href":"https:\/\/evertonfc.cz\/index.php\/wp-json\/wp\/v2\/types\/post"}],"author":[{"embeddable":true,"href":"https:\/\/evertonfc.cz\/index.php\/wp-json\/wp\/v2\/users\/13"}],"replies":[{"embeddable":true,"href":"https:\/\/evertonfc.cz\/index.php\/wp-json\/wp\/v2\/comments?post=5320"}],"version-history":[{"count":2,"href":"https:\/\/evertonfc.cz\/index.php\/wp-json\/wp\/v2\/posts\/5320\/revisions"}],"predecessor-version":[{"id":5539,"href":"https:\/\/evertonfc.cz\/index.php\/wp-json\/wp\/v2\/posts\/5320\/revisions\/5539"}],"wp:featuredmedia":[{"embeddable":true,"href":"https:\/\/evertonfc.cz\/index.php\/wp-json\/wp\/v2\/media\/1315"}],"wp:attachment":[{"href":"https:\/\/evertonfc.cz\/index.php\/wp-json\/wp\/v2\/media?parent=5320"}],"wp:term":[{"taxonomy":"category","embeddable":true,"href":"https:\/\/evertonfc.cz\/index.php\/wp-json\/wp\/v2\/categories?post=5320"},{"taxonomy":"post_tag","embeddable":true,"href":"https:\/\/evertonfc.cz\/index.php\/wp-json\/wp\/v2\/tags?post=5320"}],"curies":[{"name":"wp","href":"https:\/\/api.w.org\/{rel}","templated":true}]}}