{"id":5322,"date":"2013-08-15T22:00:12","date_gmt":"2013-08-15T20:00:12","guid":{"rendered":"http:\/\/evertonfc.cz\/?p=5322"},"modified":"2019-02-15T09:19:28","modified_gmt":"2019-02-15T08:19:28","slug":"preview-everton-2013-14","status":"publish","type":"post","link":"https:\/\/evertonfc.cz\/index.php\/2013\/08\/15\/preview-everton-2013-14\/","title":{"rendered":"Preview: Everton 2013\/14"},"content":{"rendered":"<h4 id=\"NewsPostDetailSummary\">Everton pro\u0161el v \u010dervnu z\u00e1sadn\u00ed zm\u011bnou &#8211; po zrzav\u00e9m Skotovi Moyesovi (a jeho odchodu do Man U) p\u0159evzal \u0161tafetov\u00fd kol\u00edk \u0161pan\u011blsk\u00fd brunet Martinez, jen\u017e m\u011bl s Wiganem sm\u00ed\u0161enou sezonu &#8211; v lize sestoupil, ale poda\u0159ilo se mu vyhr\u00e1t Anglick\u00fd poh\u00e1r.<\/h4>\n<div id=\"NewsPostDetailContent\">\n<p>Wigan se tak stal dal\u0161\u00edm druholigov\u00fdm t\u00fdmem, kter\u00fd bude hr\u00e1t evropsk\u00e9 poh\u00e1ry, konkr\u00e9tn\u011b Evropskou ligu.<\/p>\n<p>Ambice klubu jsou ji\u017e n\u011bjak\u00fd ten p\u00e1tek stejn\u00e9 &#8211; doj\u00edt co nejd\u00e1le v obou poh\u00e1rech a skon\u010dit do vysn\u011bn\u00e9ho \u010dtvrt\u00e9ho m\u00edsta v lize. To zaru\u010duje kvalifikaci do Ligy mistr\u016f. Loni pr\u00e1v\u011b Ligov\u00fd poh\u00e1r dost nevy\u0161el a ve \u010dtvrtfin\u00e1le nejstar\u0161\u00ed klubov\u00e9 sout\u011b\u017ee sv\u011bta byl Goodison Park vyplen\u011bn pr\u00e1v\u011b pozd\u011bj\u0161\u00edm v\u00edt\u011bzem.<\/p>\n<p>Odchody jsou zat\u00edm pouze na hostov\u00e1n\u00ed (a rozhodn\u011b ne u z\u00e1kladn\u00ed \u0161estn\u00e1ctky), tak\u017ee k n\u011b\u010demu ty v\u011bt\u0161\u00ed pen\u00edze za tv pr\u00e1va jsou\/byly. D\u00edky, Sky sports.<\/p>\n<p><strong>Lo\u0148sk\u00e1 sezona:<\/strong> 6.<\/p>\n<p><strong>P\u0159edpov\u011b\u010f:<\/strong> 3.<\/p>\n<p><strong>S\u00edla t\u00fdmu:<\/strong> Jednozna\u010dn\u011b Toffees pos\u00edlili a kdy\u017e se k tomu p\u0159ipo\u010dte, \u017ee dva nej\u017e\u00e1dan\u011bj\u0161\u00ed hr\u00e1\u010de se poda\u0159ilo udr\u017eet plus p\u0159i\u0161li dal\u0161\u00ed \u010dty\u0159i, kte\u0159\u00ed ur\u010dit\u011b budou \u010dleny z\u00e1kladn\u00ed rotace, tak i mezi kriti\u010dt\u011bj\u0161\u00edmi fanou\u0161ky klubu se neobvykle \u0161\u00ed\u0159\u00ed optimismus. A dobr\u00e9 vztahy mezi hr\u00e1\u010di v kabin\u011b, t\u00fdmov\u00fd duch, tak\u00e9 nen\u00ed k zahozen\u00ed.<\/p>\n<p><strong>Slabiny:<\/strong> \u0158ekl bych, \u017ee jsou dv\u011b, ale dle p\u0159\u00edpravy se je docela da\u0159\u00ed \u0159e\u0161it. Jde o m\u00edsto lev\u00e9ho z\u00e1lo\u017en\u00edka a pak samoz\u0159ejm\u011b hro\u0165\u00e1ka. P\u0159i\u0161el Kone, jen\u017e bude konkurenc\u00ed Jelavi\u010dovi, ale Chorvatovi se docela st\u0159elecky da\u0159\u00ed v p\u0159\u00edprav\u011b. Snad u\u017e p\u0159ekonal ono pov\u011bstn\u00e9 proklet\u00ed druh\u00e9 sezony. A na lev\u00e9 k\u0159\u00eddlo p\u0159i\u0161el ji\u017e zm\u00edn\u011bn\u00fd Deulofeu, co\u017e by umo\u017enilo vr\u00e1cen\u00ed Pienaara na jeho p\u016fvodn\u00ed m\u00edsto, tedy na ofenzivn\u00edho st\u0159e\u010f\u00e1ka.<\/p>\n<p><strong>P\u0159\u00edprava:<\/strong> Poda\u0159ilo se dojednat \u00fa\u010dast na v\u00fdborn\u011b obsazen\u00e9 sout\u011b\u017ei v USA, kde se porazil Juventus na penalty a dvakr\u00e1t se prohr\u00e1lo o g\u00f3l s Realem Madrid a s Valenci\u00ed. Prvn\u00ed p\u0159\u00edpravn\u00fd z\u00e1pas ve V\u00eddni s Austri\u00ed moc nenapov\u011bd\u011bl, v\u00fdkony v dal\u0161\u00edch utk\u00e1n\u00edch proti Betisu Sevilla, Blackburnu a Accrington Stanley byly lep\u0161\u00ed a vyhr\u00e1lo se. Ve slu\u0161n\u00e9 form\u011b b\u011bhem cel\u00e9 p\u0159\u00edpravy se uk\u00e1zal Mirallas.<\/p>\n<p><strong>Nov\u00ed hr\u00e1\u010di:<\/strong> Byl pos\u00edlen st\u0159ed obrany (Alcaraz), \u00fatok (A. Kone) a zm\u011bn doznala i pozice g\u00f3lmana (Mucha ode\u0161el do Ruska, p\u0159i\u0161el Robles). V\u0161echny t\u0159i posily maj\u00ed spole\u010dn\u00e9 to, \u017ee loni spolu hr\u00e1li za Wigan a po sezon\u011b n\u00e1sledovali mana\u017eera do nejlep\u0161\u00edho klubu na sv\u011bt\u011b. Poda\u0159ilo se vyjednat i ro\u010dn\u00ed hostov\u00e1n\u00ed, a\u010d bez opce, \u0161pan\u011blsk\u00e9ho lev\u00e9ho z\u00e1lo\u017en\u00edka\/\u00fato\u010dn\u00edka Deulofeua (to by se za Moyese ur\u010dit\u011b nestalo), kter\u00e9mu m\u00edsto v \u00e1\u010dku Barcelony zabral trochu lep\u0161\u00ed hr\u00e1\u010d. N\u011bjak\u00fd Neymar.<\/p>\n<p><strong>Odchody:<\/strong> Duffy do Leicesteru, McAleny do Brentfordu. Oboj\u00ed hostov\u00e1n\u00ed, z Evertonu se nep\u0159estupovalo. Udr\u017een\u00ed k\u00e1dru pohromad\u011b je hodnoceno fandy samoz\u0159ejm\u011b kladn\u011b.<\/p>\n<p><strong>Koho sledovat:<\/strong> Kandid\u00e1t\u016f je v\u00edc, ale nap\u00ed\u0161u pouze jedno jm\u00e9no. Martinez je zn\u00e1m\u00fd t\u00edm, \u017ee d\u00e1v\u00e1 \u0161anci ml\u00e1d\u00ed a tak se hodn\u011b v t\u00e9hle sez\u00f3n\u011b \u010dek\u00e1 od Rosse Barkleyho. \u0160anci dostane &#8211; a pak je u\u017e pouze na n\u011bm, jak ji vyu\u017eije.<\/p>\n<p><strong>Mlad\u00ed\u010dci:<\/strong> O Barkleym jsem u\u017e psal, jsem zv\u011bdav\u00fd na Deulofeua, i kdy\u017e pat\u0159\u00ed Barcelon\u011b. A p\u00e1rkr\u00e1t by si m\u011bl zahr\u00e1t i stoper\/prav\u00fd obr\u00e1nce Stones. Ten se dob\u0159e jevil v p\u0159\u00edprav\u011b a m\u00e1lem se mu poda\u0159ilo d\u00e1t sv\u016fj prvn\u00ed g\u00f3l za modr\u00fd klub Juventusu. \u0160anci dostali tak\u00e9 Browning s Grantem.<\/p>\n<p><strong>Trag\u00e9di:<\/strong> Naismith a \u010d\u00e1ste\u010dn\u011b Osman. Prvn\u00ed neschopnost\u00ed na kraji z\u00e1lohy cokoliv vymyslet, nato\u017e n\u011bjak slu\u0161n\u011b odcentrovat, druh\u00fd dlouhodob\u011b nevyrovnan\u00fdmi v\u00fdkony a neschopnost\u00ed po\u0159\u00e1dn\u011b vyst\u0159elit.<\/p>\n<p><strong>Ide\u00e1ln\u00ed sestava:<\/strong> Howard &#8211; Baines, Distin, Heitinga, Coleman &#8211; Deulofeu, Fellaini, Pienaar, Gibson, Mirallas &#8211; Jelavi\u0107<\/p>\n<p><strong>Kdo vyhraje titul:<\/strong> Manchester City<\/p>\n<p><strong>Kdo sestoup<\/strong>\u00ed: Stoke, Sunderland, Crystal Palace<\/p>\n<p><strong>Sympatizuji s:<\/strong> Jestli to mus\u00ed b\u00fdt celek z Premier League, tak Swansea, jinak p\u0159eju nejv\u00edc Leedsu<\/p>\n<\/div>\n","protected":false},"excerpt":{"rendered":"<p>Everton pro\u0161el v \u010dervnu z\u00e1sadn\u00ed zm\u011bnou &#8211; po zrzav\u00e9m Skotovi Moyesovi (a jeho odchodu do Man U) p\u0159evzal \u0161tafetov\u00fd kol\u00edk&hellip;<\/p>\n","protected":false},"author":12,"featured_media":1314,"comment_status":"open","ping_status":"closed","sticky":false,"template":"","format":"standard","meta":{"_eb_attr":"","_monsterinsights_skip_tracking":false,"_monsterinsights_sitenote_active":false,"_monsterinsights_sitenote_note":"","_monsterinsights_sitenote_category":0,"footnotes":""},"categories":[39],"tags":[],"yoast_head":"<!-- This site is optimized with the Yoast SEO plugin v23.4 - https:\/\/yoast.com\/wordpress\/plugins\/seo\/ -->\n<title>Preview: Everton 2013\/14 - Official Czech &amp; Slovak Everton Supporters&#039; Club<\/title>\n<meta name=\"robots\" content=\"index, follow, max-snippet:-1, max-image-preview:large, max-video-preview:-1\" \/>\n<link rel=\"canonical\" href=\"https:\/\/evertonfc.cz\/index.php\/2013\/08\/15\/preview-everton-2013-14\/\" \/>\n<meta property=\"og:locale\" content=\"cs_CZ\" \/>\n<meta property=\"og:type\" content=\"article\" \/>\n<meta property=\"og:title\" content=\"Preview: Everton 2013\/14 - Official Czech &amp; Slovak Everton Supporters&#039; Club\" \/>\n<meta property=\"og:description\" content=\"Everton pro\u0161el v \u010dervnu z\u00e1sadn\u00ed zm\u011bnou &#8211; po zrzav\u00e9m Skotovi Moyesovi (a jeho odchodu do Man U) p\u0159evzal \u0161tafetov\u00fd kol\u00edk&hellip;\" \/>\n<meta property=\"og:url\" content=\"https:\/\/evertonfc.cz\/index.php\/2013\/08\/15\/preview-everton-2013-14\/\" \/>\n<meta property=\"og:site_name\" content=\"Official Czech &amp; Slovak Everton Supporters&#039; Club\" \/>\n<meta property=\"article:publisher\" content=\"https:\/\/www.facebook.com\/everton.fans.cz.sk\" \/>\n<meta property=\"article:published_time\" content=\"2013-08-15T20:00:12+00:00\" \/>\n<meta property=\"article:modified_time\" content=\"2019-02-15T08:19:28+00:00\" \/>\n<meta property=\"og:image\" content=\"https:\/\/evertonfc.cz\/wp-content\/uploads\/2019\/01\/preview.jpg\" \/>\n\t<meta property=\"og:image:width\" content=\"720\" \/>\n\t<meta property=\"og:image:height\" content=\"405\" \/>\n\t<meta property=\"og:image:type\" content=\"image\/jpeg\" \/>\n<meta name=\"author\" content=\"Javor\" \/>\n<meta name=\"twitter:card\" content=\"summary_large_image\" \/>\n<meta name=\"twitter:creator\" content=\"@LoudinJan\" \/>\n<meta name=\"twitter:label1\" content=\"Napsal(a)\" \/>\n\t<meta name=\"twitter:data1\" content=\"Javor\" \/>\n\t<meta name=\"twitter:label2\" content=\"Odhadovan\u00e1 doba \u010dten\u00ed\" \/>\n\t<meta name=\"twitter:data2\" content=\"4 minuty\" \/>\n<script type=\"application\/ld+json\" class=\"yoast-schema-graph\">{\"@context\":\"https:\/\/schema.org\",\"@graph\":[{\"@type\":\"Article\",\"@id\":\"https:\/\/evertonfc.cz\/index.php\/2013\/08\/15\/preview-everton-2013-14\/#article\",\"isPartOf\":{\"@id\":\"https:\/\/evertonfc.cz\/index.php\/2013\/08\/15\/preview-everton-2013-14\/\"},\"author\":{\"name\":\"Javor\",\"@id\":\"https:\/\/evertonfc.cz\/#\/schema\/person\/b30daf6a5852f4811f8207a17ec1bf78\"},\"headline\":\"Preview: Everton 2013\/14\",\"datePublished\":\"2013-08-15T20:00:12+00:00\",\"dateModified\":\"2019-02-15T08:19:28+00:00\",\"mainEntityOfPage\":{\"@id\":\"https:\/\/evertonfc.cz\/index.php\/2013\/08\/15\/preview-everton-2013-14\/\"},\"wordCount\":769,\"commentCount\":0,\"publisher\":{\"@id\":\"https:\/\/evertonfc.cz\/#organization\"},\"image\":{\"@id\":\"https:\/\/evertonfc.cz\/index.php\/2013\/08\/15\/preview-everton-2013-14\/#primaryimage\"},\"thumbnailUrl\":\"https:\/\/evertonfc.cz\/wp-content\/uploads\/2019\/01\/preview.jpg\",\"articleSection\":[\"Blog\"],\"inLanguage\":\"cs\",\"potentialAction\":[{\"@type\":\"CommentAction\",\"name\":\"Comment\",\"target\":[\"https:\/\/evertonfc.cz\/index.php\/2013\/08\/15\/preview-everton-2013-14\/#respond\"]}]},{\"@type\":\"WebPage\",\"@id\":\"https:\/\/evertonfc.cz\/index.php\/2013\/08\/15\/preview-everton-2013-14\/\",\"url\":\"https:\/\/evertonfc.cz\/index.php\/2013\/08\/15\/preview-everton-2013-14\/\",\"name\":\"Preview: Everton 2013\/14 - Official Czech &amp; Slovak Everton Supporters&#039; Club\",\"isPartOf\":{\"@id\":\"https:\/\/evertonfc.cz\/#website\"},\"primaryImageOfPage\":{\"@id\":\"https:\/\/evertonfc.cz\/index.php\/2013\/08\/15\/preview-everton-2013-14\/#primaryimage\"},\"image\":{\"@id\":\"https:\/\/evertonfc.cz\/index.php\/2013\/08\/15\/preview-everton-2013-14\/#primaryimage\"},\"thumbnailUrl\":\"https:\/\/evertonfc.cz\/wp-content\/uploads\/2019\/01\/preview.jpg\",\"datePublished\":\"2013-08-15T20:00:12+00:00\",\"dateModified\":\"2019-02-15T08:19:28+00:00\",\"breadcrumb\":{\"@id\":\"https:\/\/evertonfc.cz\/index.php\/2013\/08\/15\/preview-everton-2013-14\/#breadcrumb\"},\"inLanguage\":\"cs\",\"potentialAction\":[{\"@type\":\"ReadAction\",\"target\":[\"https:\/\/evertonfc.cz\/index.php\/2013\/08\/15\/preview-everton-2013-14\/\"]}]},{\"@type\":\"ImageObject\",\"inLanguage\":\"cs\",\"@id\":\"https:\/\/evertonfc.cz\/index.php\/2013\/08\/15\/preview-everton-2013-14\/#primaryimage\",\"url\":\"https:\/\/evertonfc.cz\/wp-content\/uploads\/2019\/01\/preview.jpg\",\"contentUrl\":\"https:\/\/evertonfc.cz\/wp-content\/uploads\/2019\/01\/preview.jpg\",\"width\":720,\"height\":405},{\"@type\":\"BreadcrumbList\",\"@id\":\"https:\/\/evertonfc.cz\/index.php\/2013\/08\/15\/preview-everton-2013-14\/#breadcrumb\",\"itemListElement\":[{\"@type\":\"ListItem\",\"position\":1,\"name\":\"Home\",\"item\":\"https:\/\/evertonfc.cz\/\"},{\"@type\":\"ListItem\",\"position\":2,\"name\":\"Preview: Everton 2013\/14\"}]},{\"@type\":\"WebSite\",\"@id\":\"https:\/\/evertonfc.cz\/#website\",\"url\":\"https:\/\/evertonfc.cz\/\",\"name\":\"Official Czech &amp; Slovak Everton Supporters&#039; Club\",\"description\":\"\",\"publisher\":{\"@id\":\"https:\/\/evertonfc.cz\/#organization\"},\"potentialAction\":[{\"@type\":\"SearchAction\",\"target\":{\"@type\":\"EntryPoint\",\"urlTemplate\":\"https:\/\/evertonfc.cz\/?s={search_term_string}\"},\"query-input\":{\"@type\":\"PropertyValueSpecification\",\"valueRequired\":true,\"valueName\":\"search_term_string\"}}],\"inLanguage\":\"cs\"},{\"@type\":\"Organization\",\"@id\":\"https:\/\/evertonfc.cz\/#organization\",\"name\":\"Official Czech & Slovak Everton Supporters' Club\",\"url\":\"https:\/\/evertonfc.cz\/\",\"logo\":{\"@type\":\"ImageObject\",\"inLanguage\":\"cs\",\"@id\":\"https:\/\/evertonfc.cz\/#\/schema\/logo\/image\/\",\"url\":\"https:\/\/evertonfc.cz\/wp-content\/uploads\/2019\/05\/logo.png\",\"contentUrl\":\"https:\/\/evertonfc.cz\/wp-content\/uploads\/2019\/05\/logo.png\",\"width\":112,\"height\":112,\"caption\":\"Official Czech & Slovak Everton Supporters' Club\"},\"image\":{\"@id\":\"https:\/\/evertonfc.cz\/#\/schema\/logo\/image\/\"},\"sameAs\":[\"https:\/\/www.facebook.com\/everton.fans.cz.sk\"]},{\"@type\":\"Person\",\"@id\":\"https:\/\/evertonfc.cz\/#\/schema\/person\/b30daf6a5852f4811f8207a17ec1bf78\",\"name\":\"Javor\",\"sameAs\":[\"https:\/\/x.com\/LoudinJan\"],\"url\":\"https:\/\/evertonfc.cz\/index.php\/author\/javor\/\"}]}<\/script>\n<!-- \/ Yoast SEO plugin. -->","yoast_head_json":{"title":"Preview: Everton 2013\/14 - Official Czech &amp; Slovak Everton Supporters&#039; Club","robots":{"index":"index","follow":"follow","max-snippet":"max-snippet:-1","max-image-preview":"max-image-preview:large","max-video-preview":"max-video-preview:-1"},"canonical":"https:\/\/evertonfc.cz\/index.php\/2013\/08\/15\/preview-everton-2013-14\/","og_locale":"cs_CZ","og_type":"article","og_title":"Preview: Everton 2013\/14 - Official Czech &amp; Slovak Everton Supporters&#039; Club","og_description":"Everton pro\u0161el v \u010dervnu z\u00e1sadn\u00ed zm\u011bnou &#8211; po zrzav\u00e9m Skotovi Moyesovi (a jeho odchodu do Man U) p\u0159evzal \u0161tafetov\u00fd kol\u00edk&hellip;","og_url":"https:\/\/evertonfc.cz\/index.php\/2013\/08\/15\/preview-everton-2013-14\/","og_site_name":"Official Czech &amp; Slovak Everton Supporters&#039; Club","article_publisher":"https:\/\/www.facebook.com\/everton.fans.cz.sk","article_published_time":"2013-08-15T20:00:12+00:00","article_modified_time":"2019-02-15T08:19:28+00:00","og_image":[{"width":720,"height":405,"url":"https:\/\/evertonfc.cz\/wp-content\/uploads\/2019\/01\/preview.jpg","type":"image\/jpeg"}],"author":"Javor","twitter_card":"summary_large_image","twitter_creator":"@LoudinJan","twitter_misc":{"Napsal(a)":"Javor","Odhadovan\u00e1 doba \u010dten\u00ed":"4 minuty"},"schema":{"@context":"https:\/\/schema.org","@graph":[{"@type":"Article","@id":"https:\/\/evertonfc.cz\/index.php\/2013\/08\/15\/preview-everton-2013-14\/#article","isPartOf":{"@id":"https:\/\/evertonfc.cz\/index.php\/2013\/08\/15\/preview-everton-2013-14\/"},"author":{"name":"Javor","@id":"https:\/\/evertonfc.cz\/#\/schema\/person\/b30daf6a5852f4811f8207a17ec1bf78"},"headline":"Preview: Everton 2013\/14","datePublished":"2013-08-15T20:00:12+00:00","dateModified":"2019-02-15T08:19:28+00:00","mainEntityOfPage":{"@id":"https:\/\/evertonfc.cz\/index.php\/2013\/08\/15\/preview-everton-2013-14\/"},"wordCount":769,"commentCount":0,"publisher":{"@id":"https:\/\/evertonfc.cz\/#organization"},"image":{"@id":"https:\/\/evertonfc.cz\/index.php\/2013\/08\/15\/preview-everton-2013-14\/#primaryimage"},"thumbnailUrl":"https:\/\/evertonfc.cz\/wp-content\/uploads\/2019\/01\/preview.jpg","articleSection":["Blog"],"inLanguage":"cs","potentialAction":[{"@type":"CommentAction","name":"Comment","target":["https:\/\/evertonfc.cz\/index.php\/2013\/08\/15\/preview-everton-2013-14\/#respond"]}]},{"@type":"WebPage","@id":"https:\/\/evertonfc.cz\/index.php\/2013\/08\/15\/preview-everton-2013-14\/","url":"https:\/\/evertonfc.cz\/index.php\/2013\/08\/15\/preview-everton-2013-14\/","name":"Preview: Everton 2013\/14 - Official Czech &amp; Slovak Everton Supporters&#039; Club","isPartOf":{"@id":"https:\/\/evertonfc.cz\/#website"},"primaryImageOfPage":{"@id":"https:\/\/evertonfc.cz\/index.php\/2013\/08\/15\/preview-everton-2013-14\/#primaryimage"},"image":{"@id":"https:\/\/evertonfc.cz\/index.php\/2013\/08\/15\/preview-everton-2013-14\/#primaryimage"},"thumbnailUrl":"https:\/\/evertonfc.cz\/wp-content\/uploads\/2019\/01\/preview.jpg","datePublished":"2013-08-15T20:00:12+00:00","dateModified":"2019-02-15T08:19:28+00:00","breadcrumb":{"@id":"https:\/\/evertonfc.cz\/index.php\/2013\/08\/15\/preview-everton-2013-14\/#breadcrumb"},"inLanguage":"cs","potentialAction":[{"@type":"ReadAction","target":["https:\/\/evertonfc.cz\/index.php\/2013\/08\/15\/preview-everton-2013-14\/"]}]},{"@type":"ImageObject","inLanguage":"cs","@id":"https:\/\/evertonfc.cz\/index.php\/2013\/08\/15\/preview-everton-2013-14\/#primaryimage","url":"https:\/\/evertonfc.cz\/wp-content\/uploads\/2019\/01\/preview.jpg","contentUrl":"https:\/\/evertonfc.cz\/wp-content\/uploads\/2019\/01\/preview.jpg","width":720,"height":405},{"@type":"BreadcrumbList","@id":"https:\/\/evertonfc.cz\/index.php\/2013\/08\/15\/preview-everton-2013-14\/#breadcrumb","itemListElement":[{"@type":"ListItem","position":1,"name":"Home","item":"https:\/\/evertonfc.cz\/"},{"@type":"ListItem","position":2,"name":"Preview: Everton 2013\/14"}]},{"@type":"WebSite","@id":"https:\/\/evertonfc.cz\/#website","url":"https:\/\/evertonfc.cz\/","name":"Official Czech &amp; Slovak Everton Supporters&#039; Club","description":"","publisher":{"@id":"https:\/\/evertonfc.cz\/#organization"},"potentialAction":[{"@type":"SearchAction","target":{"@type":"EntryPoint","urlTemplate":"https:\/\/evertonfc.cz\/?s={search_term_string}"},"query-input":{"@type":"PropertyValueSpecification","valueRequired":true,"valueName":"search_term_string"}}],"inLanguage":"cs"},{"@type":"Organization","@id":"https:\/\/evertonfc.cz\/#organization","name":"Official Czech & Slovak Everton Supporters' Club","url":"https:\/\/evertonfc.cz\/","logo":{"@type":"ImageObject","inLanguage":"cs","@id":"https:\/\/evertonfc.cz\/#\/schema\/logo\/image\/","url":"https:\/\/evertonfc.cz\/wp-content\/uploads\/2019\/05\/logo.png","contentUrl":"https:\/\/evertonfc.cz\/wp-content\/uploads\/2019\/05\/logo.png","width":112,"height":112,"caption":"Official Czech & Slovak Everton Supporters' Club"},"image":{"@id":"https:\/\/evertonfc.cz\/#\/schema\/logo\/image\/"},"sameAs":["https:\/\/www.facebook.com\/everton.fans.cz.sk"]},{"@type":"Person","@id":"https:\/\/evertonfc.cz\/#\/schema\/person\/b30daf6a5852f4811f8207a17ec1bf78","name":"Javor","sameAs":["https:\/\/x.com\/LoudinJan"],"url":"https:\/\/evertonfc.cz\/index.php\/author\/javor\/"}]}},"_links":{"self":[{"href":"https:\/\/evertonfc.cz\/index.php\/wp-json\/wp\/v2\/posts\/5322"}],"collection":[{"href":"https:\/\/evertonfc.cz\/index.php\/wp-json\/wp\/v2\/posts"}],"about":[{"href":"https:\/\/evertonfc.cz\/index.php\/wp-json\/wp\/v2\/types\/post"}],"author":[{"embeddable":true,"href":"https:\/\/evertonfc.cz\/index.php\/wp-json\/wp\/v2\/users\/12"}],"replies":[{"embeddable":true,"href":"https:\/\/evertonfc.cz\/index.php\/wp-json\/wp\/v2\/comments?post=5322"}],"version-history":[{"count":1,"href":"https:\/\/evertonfc.cz\/index.php\/wp-json\/wp\/v2\/posts\/5322\/revisions"}],"predecessor-version":[{"id":5323,"href":"https:\/\/evertonfc.cz\/index.php\/wp-json\/wp\/v2\/posts\/5322\/revisions\/5323"}],"wp:featuredmedia":[{"embeddable":true,"href":"https:\/\/evertonfc.cz\/index.php\/wp-json\/wp\/v2\/media\/1314"}],"wp:attachment":[{"href":"https:\/\/evertonfc.cz\/index.php\/wp-json\/wp\/v2\/media?parent=5322"}],"wp:term":[{"taxonomy":"category","embeddable":true,"href":"https:\/\/evertonfc.cz\/index.php\/wp-json\/wp\/v2\/categories?post=5322"},{"taxonomy":"post_tag","embeddable":true,"href":"https:\/\/evertonfc.cz\/index.php\/wp-json\/wp\/v2\/tags?post=5322"}],"curies":[{"name":"wp","href":"https:\/\/api.w.org\/{rel}","templated":true}]}}