{"id":5327,"date":"2013-08-04T22:07:30","date_gmt":"2013-08-04T20:07:30","guid":{"rendered":"http:\/\/evertonfc.cz\/?p=5327"},"modified":"2019-02-15T09:20:19","modified_gmt":"2019-02-15T08:20:19","slug":"everton-real-madrid-12","status":"publish","type":"post","link":"https:\/\/evertonfc.cz\/index.php\/2013\/08\/04\/everton-real-madrid-12\/","title":{"rendered":"Everton &#8211; Real Madrid 1:2"},"content":{"rendered":"<h4 id=\"NewsPostDetailSummary\">Everton si fin\u00e1le Champions Cupu nezahr\u00e1, na jeho \u00fakor toti\u017e post\u00fapil po v\u00fdhre 2:1 \u0161panielsky ve\u013ekoklub Real Madrid.<\/h4>\n<div id=\"NewsPostDetailContent\">\n<p><strong>Miesto<\/strong>: Dodger Stadium, Los Angeles, U.S.A.<br \/>\n<strong>Term\u00edn<\/strong>: 3rd August 2013, 17:00 miestneho \u010dasu, 2.00 r\u00e1no n\u00e1\u0161ho \u010dasu (drsn\u00fd \u010das na vst\u00e1vanie \ud83d\ude09<\/p>\n<p><strong>1. pol\u010das <\/strong><\/p>\n<p>Deja Vu zo zostavou, len miesto Moyesa sme mali na lavi\u010dke Martineza \ud83d\ude42 Ten poslal na hrisko zostavu vo form\u00e1cii 4-5-1. Po\u010das z\u00e1pasu sa ale form\u00e1cia menila, miestami hrala obrana akoby v troch, Baines bol niektor\u00e9 etapy z\u00e1pasu vysunut\u00fd v strede.<\/p>\n<p>Pre lep\u0161\u00ed obraz je potrebn\u00e9 vopred nap\u00edsa\u0165, \u017ee rozhodca p\u00edskal vz\u00e1jomn\u00e9 kontakty hr\u00e1\u010dov prehnane pr\u00edsne. Siln\u00fd pocit, \u017ee sudca je milovn\u00edk baletu, mi ostal cel\u00fd z\u00e1pas. V\u00a0podstate ak\u00fdko\u013evek kontakt hr\u00e1\u010dov bol p\u00edskan\u00fd (aj ke\u010f niekedy nepresne, vi\u010f neuznan\u00e1 penalta). V\u00a0druhom pol\u010dase sa u\u017e neudr\u017eal Mirallas a\u00a0vyu\u017eil to v\u00a0n\u00e1\u0161 prospech, ke\u010f nafilmoval hereck\u00fdm v\u00fdkonom ako z\u00a0telenovely p\u00e1d pri hr\u00e1\u010dovi Realu ktor\u00fd sa ho sotva dot\u00fdkal&#8230; Viac tak\u00e9to p\u00edskanie ale vyhovovalo Realu.<\/p>\n<p>Za\u010dali sme dobre, do cca 10-15 min. sme dr\u017eali viac loptu, nie\u010do tvorili, ale pomerne akt\u00edvne za\u010dal aj Real. U\u017e v\u00a05. Mint\u00fate sa akt\u00edvny, r\u00fdchly a\u00a0skvele technicky hraj\u00faci Mirallas presadil a\u00a0vysk\u00fa\u0161al strelu z\u00a0pravej strany, bez \u00faspechu. V\u00a010. min\u00fate mi zlep\u0161ila n\u00e1ladu \u0161kodorados\u0165, ke\u010f Sergio Ramos poslal Cristianovi Ronaldovi dlh\u00fd presn\u00fd center, ten si to v\u0161ak dal na nohu zle a v\u00fdrazne prestrelil.<\/p>\n<p>\u017dia\u013e v 17. min. poslal \u00d6zil zo stredu hriska, spoza stredovej \u010diarku prihr\u00e1vku Ronaldovi, ten nasadil \u0161print ktor\u00fd Baines nest\u00edhal, po \u0161printe na pravej strane spravil mal\u00fa k\u013eu\u010dku do prava \u010do \u010diasto\u010dne polo\u017eilo Howarda&#8230; a\u00a0sk\u00f3roval \u2013 <strong>0:1<\/strong>. Obrana bola na to zle jednak pozi\u010dne \u2013 Baines bol (tak ako v\u00e4\u010d\u0161inu z\u00e1pasu) pr\u00edli\u0161 vysunut\u00fd a\u00a0r\u00fdchleho Ronalda u\u017e potom nest\u00edhal. Distin dos\u0165 nepochopite\u013ene a\u00a0nezmyselne v\u00a0\u010dase \u00d6zilovej prihr\u00e1vky vy\u0161tartoval telom priamo na \u00d6zila (nerozumiem \u010do si od toho s\u013euboval&#8230;), miesto offside-ovej pasce, ktor\u00fa na pravo od neho zahr\u00e1val Jagielka. Dve chyby v\u00a0obrane s\u00fa\u010dasne \u2013 tento g\u00f3\u013a sme Realu tak trochu darovali, aj ke\u010f samozrejme \u00d6zil a\u00a0ronaldo to spravili skvele.<\/p>\n<p>V\u00a023. min\u00fate Mirallas prenikal do 16-tky Realu po pravej strane, vyhral osobn\u00fd s\u00faboj so Sami Khedira a\u00a0ten ho zastavil u\u017e len faulom. Za hranicou 16-tky, d\u00f4kaz tu:<\/p>\n<p><a href=\"http:\/\/www.toffeeweb.com\/images\/action\/13-14\/13-mirallas-vs-real.jpg\" target=\"_blank\" rel=\"noopener\">www.toffeeweb.com\/images\/action\/13-14\/13-mirallas-vs-real.jpg<\/a><\/p>\n<p>Napriek tomu sudca odp\u00edskal len priamy kop&#8230;<\/p>\n<p>Kopal sa priamy roh z\u00a0ktor\u00e9ho bol n\u00e1\u0161 roh z\u00a0\u013eavej strany. Zahral ho v\u00a024. Min\u00fate skvele Baines, presne na hlavu Fellimu, ktor\u00fd nastrelil prav\u00fa ty\u010d. Bud\u00edm susedov s\u00e9riou v\u00fdkrikov a slov, ktor\u00e9 pom\u00e1haj\u00fa ventilova\u0165 frustr\u00e1ciu \ud83d\ude09 Real zalo\u017eil hne\u010f po \u0148om r\u00fdchly proti\u00fatok a znovu nepokryt\u00fd Ronaldo vyniesol loptu pred na\u0161u 16-tku a\u00a0sprava presne prihr\u00e1val \u00d6zilovi &#8211; v\u00a0poslednej chv\u00edli mu ale Ossie vypichol loptu. Bol to Ossieho d\u00f4le\u017eit\u00fd, ale \u017eial asi jedin\u00fd dobr\u00fd z\u00e1krok v\u00a0z\u00e1pase.<\/p>\n<p>V\u00a030. Min\u00fate zahr\u00e1val roh, znovu z\u00a0\u013eavej strany, Mirallas, na\u0161iel presne Distina, ktor\u00fd dal vyrovn\u00e1vaj\u00faci g\u00f3l. Sudca, p\u00edskaj\u00fac ka\u017ed\u00fd dotyk hr\u00e1\u010dov, odp\u00edskal pod\u013ea m\u0148a prehnane pr\u00edsny faul, znovu na Khedira. Ja som to videl tak, \u017ee po tom ako pri hlavi\u010dkovom s\u00faboji Khedira prehral, \u0161iel a\u017e pr\u00edli\u0161 ochotne na Zem a\u00a0tradi\u010dne ju\u017eansky s\u00a0pokr\u00fatenou grimasou gestikuloval sudcovi. Pozrite si z\u00e1bery, urobte si n\u00e1zor, Aj viacer\u00e9 futbalov\u00e9 osobnosti po z\u00e1pase potvrdili, \u017ee g\u00f3l mal plati\u0165.<\/p>\n<p>V 31. Min\u00fate sme dostali druh\u00fd g\u00f3l, pravdepodobne po na\u0161ej zle funguj\u00facej offside-ovej pasci, ke\u010f Modric poslal presn\u00fd pas na Ronalda, ten prihral Ozil-ovi a bolo <strong>2:0<\/strong>. Neviem sa ale zbavi\u0165 mal\u00e9ho podozrenia na offside. \u0160\u00edrka poh\u013eadu kamery neumo\u017e\u0148ovala vidie\u0165 to jasne.<\/p>\n<p><strong>2. pol\u010das<\/strong><\/p>\n<p>Po prest\u00e1vke na na\u0161ej strane len 1 striedanie, miesto ve\u013emi nev\u00fdrazneho, pomal\u00e9ho, do vo\u013en\u00fdch priestorov si nenabiehaj\u00faceho Kone-ho nahradil Jelavic. Biely balet spravil nieko\u013eko striedan\u00ed &#8211; Lopez (46 Casillas), Nacho (46 Ramos), Coentrao (46 Marcelo).<\/p>\n<p>Zo za\u010diatku 2. pol\u010dasu sme sa trochu h\u013eadali, obrana spravila p\u00e1r ch\u00fdb, napr. ke\u010f si Jagielka namiesto br\u00e1nenia zavadzal s Colemanom a z rutinej situ\u00e1cie sa stala na pravej strane na\u0161ej 16tky g\u00f3lov\u00e1 \u0161anca&#8230; Ale mal\u00e9 nedbalosti a kiksy (napr. pred koncom Howard pobavil nastrelen\u00edm si lopty do vlastnej nohy\u00a0) asi patria k pr\u00edprav\u00e1kom.<\/p>\n<p>Postupne ale Everton za\u010dal hra\u0165 ofenz\u00edvnej\u0161ie a\u00a0koordinovanej\u0161ie, miestami EFC viac dr\u017eal loptu a\u00a0sna\u017eil sa nie\u010do vymyslie\u0165. Tak ako aj v 1. pol\u010dase, v\u00e4\u010d\u0161ina na\u0161ich akci\u00ed \u0161la po pravej strane kde hlavn\u00fa \u00falohu zohr\u00e1val Mirallas. Vytvorilo sa nieko\u013eko polo\u0161anc\u00ed, z\u00a0ktor\u00fdch ni\u010d v\u00e1\u017ene nebolo. Asi najn\u00e1dejne\u0161\u00ed bola presn\u00e1 kr\u00ed\u017eov\u00e1 nahr\u00e1vka Bainesa na Jelavi\u010da, ktor\u00fd ale situ\u00e1ciu nezvl\u00e1dol, stratil stabilitu a\u00a0nespracoval loptu&#8230; Ve\u013emi zl\u00e9, mohla by\u0165 z\u00a0toho slu\u0161n\u00e1 g\u00f3lov\u00e1 pr\u00edle\u017eitos\u0165. Onedlho na to strelil, mysl\u00edm \u017ee \u00c1ngel Di Mar\u00eda, dobre umiestnen\u00fa strelu k\u00a0horn\u00e9mu prav\u00e9mu roku na\u0161ej br\u00e1ny, ale skvel\u00fdm z\u00e1krokom to Howard vy\u0161kriabal. V\u00a056. min\u00fate po pri\u0165uk\u00e1va\u010dke na jeden dotyk na \u013eavej strane medzi Naismithom, Osmanom a\u00a0Bainesom posledne menovan\u00fd poslal dobre myslen\u00fd pas z\u00a0\u013eava na Jelavi\u010da a\u00a0Felliho, ktor\u00fd \u017eia\u013e dobre vypichol Coentr\u00e3o. V\u00a060. min\u00fate nahradil na hrisku Ronalda Jes\u00e9.<\/p>\n<p>V 61. min\u00fate vyhral Coleman osobn\u00fd s\u00faboj pred na\u0161ou 16-tkou, n\u00e1sledne Felli vyniesol loptu cez stred hriska, nahral vo\u013en\u00e9mu Jelavi\u010dovi na pravo, ten vr\u00e1til loptu (tentokr\u00e1t) r\u00fdchle postupuj\u00facemu Fellimu, Felli poslal dopredu inteligentnou uli\u010dkou r\u00fdchleho Mirallasa, ten na pravej stane pred 16-tkou, skvele technicky vl\u00e1dnuc loptou, trochu pocvi\u010dil (mysl\u00edm) Pepeho a\u00a0nahral Fellimu, ten hne\u010f dal loptu nabiehaj\u00facemu Colemanovi ktor\u00fd poslal presn\u00fd pas na Naismitha, ktor\u00fd hlavou nahral Jelavi\u010dovi a\u00a0ten poslal loptu k\u00a0\u013eavej ty\u010di. Tentokr\u00e1t sudcove baletn\u00e9 o\u010di nevideli ni\u010d pre\u010do by neuznal g\u00f3l \u2013 <strong>1:2<\/strong>.<\/p>\n<p>O sedem min\u00fat na to Martinez striedal 2 hr\u00e1\u010dov &#8211; spr\u00e1vne Heitingu a nie celkom pochopite\u013ene Felliho, ktor\u00fd sa oproti predo\u0161l\u00fdm z\u00e1pasom zlep\u0161il, vyhr\u00e1val osobn\u00e9 s\u00faboje, rozd\u00e1val inteligentn\u00e9 prihr\u00e1vky po ktor\u00fdch sme \u0161li dopredu&#8230; Gibbo a Barkley ktor\u00ed ich nahradili hrali dobre, ale jedn\u00e9ho z nich by som tentokr\u00e1t kv\u00f4li Fellimu asi nechal na lavi\u010dke. Viem, je to pr\u00edprav\u00e1k (ide hlavne o\u00a0sk\u00fa\u0161anie nov\u00fdch vec\u00ed at\u010f.), ale cca 20 min. pred koncom z\u00e1pasu, ke\u010f sme zase vyrovnali hru vo\u010di RM a neboli sme bez \u0161ance vyrovna\u0165 &#8230; som tomuto \u0165ahu celkom nerozumel. \u00a0Faktom v\u0161ak je, \u017ee ak spriemerujem n\u00e1hradu hrozn\u00e9ho Heitingu a slu\u0161ne hraj\u00faceho Felliho, tak to znamenalo ve\u013emi mierne zlep\u0161enie hry.<\/p>\n<p>E\u0161te menej som rozumel tomu ke\u010f dal dole v 83. min. n\u00e1\u0161ho jasne najlep\u0161ieho hr\u00e1\u010da &#8211; Mirallasa \u00a0(bol r\u00fdchly, skvel\u00fd technicky, tvoril, vyhr\u00e1val osobn\u00e9 s\u00faboje po ktor\u00fdch sme \u0161li dopredu, rozd\u00e1val prihr\u00e1vky s my\u0161lienkou&#8230;). Namiesto neho pri\u0161iel Deulofeu, ktor\u00fd za t\u00fdch p\u00e1r min\u00fat uk\u00e1zal dobr\u00e9 momenty \u00a0(napr. r\u00fdchle vyniesol loptu pred koncom napravo a poslal pred br\u00e1nu dobr\u00fa ale Jelavi\u010dom a e\u0161te niek\u00fdm nepochopen\u00fa nahr\u00e1vku). Ur\u010dite by som chcel vidie\u0165 v bud\u00facich z\u00e1pasoch Mirallasa a Deulofeu-a na hrisku spolu, aj s Fellim, Gibbom. Colemana vystriedal v 83. Stones, ktor\u00fd podal znovu n\u00e1dejn\u00fd v\u00fdkon. V posledn\u00fdch min\u00fatach sa ni\u010d z\u00e1sadn\u00e9 u\u017e neudialo a tak skon\u010dil z\u00e1pas prehrou o jeden g\u00f3l.<\/p>\n<p><strong>NEGAT\u00cdVA<\/strong>: Osman, Kone, Heitinga. Ve\u013emi zl\u00fd z\u00e1pas mal Heitinga, kazil, prehr\u00e1val osobn\u00e9 s\u00faboje, bol nev\u00fdrazn\u00fd. Spolu s Ossiem a\u00a0Kone-m najslab\u0161\u00ed hr\u00e1\u010di v na\u0161om drese. Ossie s\u00edce v\u00a01. pol\u010dase zabr\u00e1nil mo\u017en\u00e9mu g\u00f3lu, ale inak pokazil hodne l\u00f4pt, v 2. pol\u010dase somm si ho v\u0161imol ke\u010f st\u00e1l v trase prihr\u00e1vky Barkleymu a ten ho trafil loptou do chrbta&#8230; \u00a0Neviem si predstavi\u0165 ako by sa museli zlep\u0161i\u0165 aby malo zmysel ma\u0165 ich po\u010das sez\u00f3ny v z\u00e1klade. Kone bol pomal\u00fd, nev\u00fdrazn\u00fd, prehral osobn\u00e9 s\u00faboje&#8230; asi bol hladn\u00fd.<\/p>\n<p>Trochu znepokojuje aj v\u00fdvoj hry obrany. Hrali sme s\u00edce proti RM, ale viackr\u00e1t sme zbyto\u010dne darovali loptu \/ \u0161ancu RM pre vlastn\u00e9 chyby \u2013 zle zahrat\u00e1 offsideov\u00e1 pasca, slab\u0161ie \u010d\u00edtanie hry a n\u00e1sledn\u00e9 nepokrytie \u00fato\u010diacich hr\u00e1\u010dov&#8230; ob\u010das budila dojem \u201enest\u00edhania\u201c. Oba g\u00f3ly boli hlavne chybami obrany. Priemern\u00fd v\u00fdkon Bainesa, ktor\u00fd robil chyby u neho doposia\u013e nev\u00eddan\u00e9. Sn\u00e1\u010f to neznamen\u00e1, \u017ee je u\u017e mys\u013eou alebo srdcom niekde inde&#8230; Mo\u017eno mu ale ch\u00fdbala aj spolupr\u00e1ca s Pienaarom.<\/p>\n<p><strong>POZIT\u00cdVA<\/strong>: V\u0161etci hr\u00e1\u010di okrem spomenut\u00fdch 3 odohrali dobr\u00fd z\u00e1pas (ch\u00e1pte to v zmysle pr\u00edpravn\u00e9ho z\u00e1pasu &#8211; tempo, nasadenie, dobiehanie l\u00f4pt, dokon\u010denie s\u00fabojov at\u010f. je in\u00e9&#8230;). RM sme boli cca vyrovnan\u00fdm s\u00faperom, hrali si &#8222;Martinezovu&#8220; technickej\u0161iu hru na jeden dotyk \/ kr\u00e1tke dr\u017eanie lopty. Mimochodom, zvl\u00e1\u0161tne ako inak vyzer\u00e1 na\u0161a hra, nie, :-)tak\u00fd optick\u00fd nezvyk \ud83d\ude42 Okrem n\u00e1\u0161ho najlep\u0161ieho hr\u00e1\u010da Mirallasa sa dobre uk\u00e1zal Barkley. Jelavic kone\u010dne vyzeral lep\u0161ie (okrem g\u00f3lu mal aj \u010fal\u0161ie s\u013eubn\u00e9 momenty, aj ke\u010f jeden n\u00e1dejn\u00fd \u00fatok pred 16-tkou RM pokazil straten\u00edm stability a hor\u0161\u00edm spracovan\u00edm lopty). Vytvorili sme si dobr\u00e9 \u0161ance v oboch pol\u010dasoch a ak by p\u00edskal kvalitnej\u0161\u00ed sudca, dotiahli by sme to min. na penaltov\u00fd rozstrel (neuznal g\u00f3l Distina, neodp\u00edskal penaltu po faule na Mirallasa za hranicou 16tky). Coleman tentokr\u00e1t nielen dobre vyn\u00e1\u0161al lopty a centroval, ale skvele br\u00e1nil. Suver\u00e9nne, rutinnne vyblokoval mnoho kr\u00e1t pokusy o nahr\u00e1vky sprava pred na\u0161u br\u00e1nu, vr\u00e1tane niektor\u00fdch Ronaldov\u00fdch pokusov. Naismith sa v\u00fdrazne zlep\u0161il, vyhral rad osobn\u00fdch s\u00fabojov, nekazil prihr\u00e1vky, naopak ve\u013emi dobre rozohr\u00e1val lopty so spoluhr\u00e1\u010dmi (neveril som, \u017ee to o \u0148om raz nap\u00ed\u0161em ). V\u00fdborn\u00e9 z\u00e1kroky mal dnes aj Howard, Jagielka hral spo\u013eahlivo, Distin mu ale p\u00e1r kr\u00e1t pokazil snahu o offside-ov\u00fa pascu. Gibsonove pasy v strede hriska boli fajn a bolo c\u00edti\u0165 mierne zlep\u0161enie v tejto \u010dasti hriska po jeho pr\u00edchode.<\/p>\n<p>Zostrih zo z\u00e1pasu: <a href=\"http:\/\/www.youtube.com\/watch?v=ubhrLBkGqss\" target=\"_blank\" rel=\"noopener\">www.youtube.com\/watch?v=ubhrLBkGqss<\/a><\/p>\n<p><strong>G\u00f3ly<\/strong>: Jelavic (61&#8242;) Ronaldo (17&#8242;) Ozil (31&#8242;)<br \/>\n<strong>Karty<\/strong>: &#8211;<br \/>\n<strong>Everton:<\/strong> Howard &#8211; Coleman (84\u00b4John Stones), Jagielka, Distin, Baines &#8211; Osman, Heitinga (68\u00b4 Darron Gibson), Fellaini (68\u00b4Ross Barkley), Naismith &#8211; Kon\u00e9 (46\u00b4Nikica Jelavi\u0107)\u00a0 a Mirallas (83\u00b4Gerard Deulofeu).<br \/>\n<strong>Real Madrid:<\/strong> Casillas (46\u00b4Diego L\u00f3pez) &#8211; Arbeloa (46\u00b4Dani Carvajal), Pepe, Sergio Ramos (46\u00b4Nacho), Marcelo (46\u00b4F\u00e1bio Coentr\u00e3o) &#8211; Khedira, Modri\u0107 (46\u00b4Casemiro)- Isco (46\u00b4\u00c1ngel Di Mar\u00eda), \u00d6zil (86\u00b4Denis \u010cery\u0161ev), Cristiano Ronaldo (60\u00b4Jes\u00e9) &#8211;\u00a0 Benzema (71\u00b4Kak\u00e1).<br \/>\n<strong>Rozhodca<\/strong>: nosite\u013e baletnej permanentky Baldomero Toledo.<br \/>\n<strong>Div\u00e1ci<\/strong>: LA Times p\u00edsal o vy\u0161e 40 000 div\u00e1koch, ale opticky to vyzeralo na menej. Pod\u013ea reakci\u00ed v h\u013eadisku, v\u00e4\u010d\u0161inu pozost\u00e1vala zo zbo\u017e\u0148ovate\u013eov celebritiek ktor\u00fdch fotky im \u010dasto udr\u00fa do o\u010d\u00ed v ich ob\u013e\u00faben\u00fdch bulv\u00e1roch &#8211;\u00a0 zrazu maj\u00fa mo\u017enos\u0165 si pozrie\u0165 t\u00fa tv\u00e1r na \u017eivo. Pojem gloryhunters by bol pre nich pr\u00edli\u0161 lichotiv\u00fd&#8230; V\u00fdsledkom bolo, \u017ee v\u017edy ke\u010f mal Ronaldo loptu tak za\u010dali ja\u010da\u0165 ako ke\u010f vyjde rockov\u00e1 hviezda na p\u00f3dium&#8230; bez oh\u013eadu na to \u010di pr\u00e1ve Ronaldo \u010di nie\u010do Ronaldovi vych\u00e1dzalo, alebo nie. Liezlo to na nervy.<\/p>\n<p><strong>Z\u00a0toho fans<\/strong>: nieko\u013eko stoviek evertonians.<\/p>\n<p>A sentiment\u00e1lne P.S. na koniec \ud83d\ude42 Landon Donovan sa v\u00edta s hr\u00e1\u010dmi Evertonu <a href=\"http:\/\/www.youtube.com\/watch?v=S1zZAQKyjGg\" target=\"_blank\" rel=\"noopener\">www.youtube.com\/watch?v=S1zZAQKyjGg<\/a><\/p>\n<\/div>\n","protected":false},"excerpt":{"rendered":"<p>Everton si fin\u00e1le Champions Cupu nezahr\u00e1, na jeho \u00fakor toti\u017e post\u00fapil po v\u00fdhre 2:1 \u0161panielsky ve\u013ekoklub Real Madrid. Miesto: Dodger&hellip;<\/p>\n","protected":false},"author":23,"featured_media":1315,"comment_status":"open","ping_status":"closed","sticky":false,"template":"","format":"standard","meta":{"_eb_attr":"","_monsterinsights_skip_tracking":false,"_monsterinsights_sitenote_active":false,"_monsterinsights_sitenote_note":"","_monsterinsights_sitenote_category":0,"footnotes":""},"categories":[4],"tags":[],"yoast_head":"<!-- This site is optimized with the Yoast SEO plugin v23.4 - https:\/\/yoast.com\/wordpress\/plugins\/seo\/ -->\n<title>Everton - Real Madrid 1:2 - Official Czech &amp; Slovak Everton Supporters&#039; Club<\/title>\n<meta name=\"robots\" content=\"index, follow, max-snippet:-1, max-image-preview:large, max-video-preview:-1\" \/>\n<link rel=\"canonical\" href=\"https:\/\/evertonfc.cz\/index.php\/2013\/08\/04\/everton-real-madrid-12\/\" \/>\n<meta property=\"og:locale\" content=\"cs_CZ\" \/>\n<meta property=\"og:type\" content=\"article\" \/>\n<meta property=\"og:title\" content=\"Everton - Real Madrid 1:2 - Official Czech &amp; Slovak Everton Supporters&#039; Club\" \/>\n<meta property=\"og:description\" content=\"Everton si fin\u00e1le Champions Cupu nezahr\u00e1, na jeho \u00fakor toti\u017e post\u00fapil po v\u00fdhre 2:1 \u0161panielsky ve\u013ekoklub Real Madrid. Miesto: Dodger&hellip;\" \/>\n<meta property=\"og:url\" content=\"https:\/\/evertonfc.cz\/index.php\/2013\/08\/04\/everton-real-madrid-12\/\" \/>\n<meta property=\"og:site_name\" content=\"Official Czech &amp; Slovak Everton Supporters&#039; Club\" \/>\n<meta property=\"article:publisher\" content=\"https:\/\/www.facebook.com\/everton.fans.cz.sk\" \/>\n<meta property=\"article:published_time\" content=\"2013-08-04T20:07:30+00:00\" \/>\n<meta property=\"article:modified_time\" content=\"2019-02-15T08:20:19+00:00\" \/>\n<meta property=\"og:image\" content=\"https:\/\/evertonfc.cz\/wp-content\/uploads\/2019\/01\/report.jpg\" \/>\n\t<meta property=\"og:image:width\" content=\"720\" \/>\n\t<meta property=\"og:image:height\" content=\"405\" \/>\n\t<meta property=\"og:image:type\" content=\"image\/jpeg\" \/>\n<meta name=\"author\" content=\"Everton1878\" \/>\n<meta name=\"twitter:card\" content=\"summary_large_image\" \/>\n<meta name=\"twitter:label1\" content=\"Napsal(a)\" \/>\n\t<meta name=\"twitter:data1\" content=\"Everton1878\" \/>\n\t<meta name=\"twitter:label2\" content=\"Odhadovan\u00e1 doba \u010dten\u00ed\" \/>\n\t<meta name=\"twitter:data2\" content=\"10 minut\" \/>\n<script type=\"application\/ld+json\" class=\"yoast-schema-graph\">{\"@context\":\"https:\/\/schema.org\",\"@graph\":[{\"@type\":\"Article\",\"@id\":\"https:\/\/evertonfc.cz\/index.php\/2013\/08\/04\/everton-real-madrid-12\/#article\",\"isPartOf\":{\"@id\":\"https:\/\/evertonfc.cz\/index.php\/2013\/08\/04\/everton-real-madrid-12\/\"},\"author\":{\"name\":\"Everton1878\",\"@id\":\"https:\/\/evertonfc.cz\/#\/schema\/person\/c495ad9c14eabaab7ff243473d85758c\"},\"headline\":\"Everton &#8211; Real Madrid 1:2\",\"datePublished\":\"2013-08-04T20:07:30+00:00\",\"dateModified\":\"2019-02-15T08:20:19+00:00\",\"mainEntityOfPage\":{\"@id\":\"https:\/\/evertonfc.cz\/index.php\/2013\/08\/04\/everton-real-madrid-12\/\"},\"wordCount\":2070,\"commentCount\":0,\"publisher\":{\"@id\":\"https:\/\/evertonfc.cz\/#organization\"},\"image\":{\"@id\":\"https:\/\/evertonfc.cz\/index.php\/2013\/08\/04\/everton-real-madrid-12\/#primaryimage\"},\"thumbnailUrl\":\"https:\/\/evertonfc.cz\/wp-content\/uploads\/2019\/01\/report.jpg\",\"articleSection\":[\"Z\u00e1pasy\"],\"inLanguage\":\"cs\",\"potentialAction\":[{\"@type\":\"CommentAction\",\"name\":\"Comment\",\"target\":[\"https:\/\/evertonfc.cz\/index.php\/2013\/08\/04\/everton-real-madrid-12\/#respond\"]}]},{\"@type\":\"WebPage\",\"@id\":\"https:\/\/evertonfc.cz\/index.php\/2013\/08\/04\/everton-real-madrid-12\/\",\"url\":\"https:\/\/evertonfc.cz\/index.php\/2013\/08\/04\/everton-real-madrid-12\/\",\"name\":\"Everton - Real Madrid 1:2 - Official Czech &amp; Slovak Everton Supporters&#039; Club\",\"isPartOf\":{\"@id\":\"https:\/\/evertonfc.cz\/#website\"},\"primaryImageOfPage\":{\"@id\":\"https:\/\/evertonfc.cz\/index.php\/2013\/08\/04\/everton-real-madrid-12\/#primaryimage\"},\"image\":{\"@id\":\"https:\/\/evertonfc.cz\/index.php\/2013\/08\/04\/everton-real-madrid-12\/#primaryimage\"},\"thumbnailUrl\":\"https:\/\/evertonfc.cz\/wp-content\/uploads\/2019\/01\/report.jpg\",\"datePublished\":\"2013-08-04T20:07:30+00:00\",\"dateModified\":\"2019-02-15T08:20:19+00:00\",\"breadcrumb\":{\"@id\":\"https:\/\/evertonfc.cz\/index.php\/2013\/08\/04\/everton-real-madrid-12\/#breadcrumb\"},\"inLanguage\":\"cs\",\"potentialAction\":[{\"@type\":\"ReadAction\",\"target\":[\"https:\/\/evertonfc.cz\/index.php\/2013\/08\/04\/everton-real-madrid-12\/\"]}]},{\"@type\":\"ImageObject\",\"inLanguage\":\"cs\",\"@id\":\"https:\/\/evertonfc.cz\/index.php\/2013\/08\/04\/everton-real-madrid-12\/#primaryimage\",\"url\":\"https:\/\/evertonfc.cz\/wp-content\/uploads\/2019\/01\/report.jpg\",\"contentUrl\":\"https:\/\/evertonfc.cz\/wp-content\/uploads\/2019\/01\/report.jpg\",\"width\":720,\"height\":405},{\"@type\":\"BreadcrumbList\",\"@id\":\"https:\/\/evertonfc.cz\/index.php\/2013\/08\/04\/everton-real-madrid-12\/#breadcrumb\",\"itemListElement\":[{\"@type\":\"ListItem\",\"position\":1,\"name\":\"Home\",\"item\":\"https:\/\/evertonfc.cz\/\"},{\"@type\":\"ListItem\",\"position\":2,\"name\":\"Everton &#8211; Real Madrid 1:2\"}]},{\"@type\":\"WebSite\",\"@id\":\"https:\/\/evertonfc.cz\/#website\",\"url\":\"https:\/\/evertonfc.cz\/\",\"name\":\"Official Czech &amp; Slovak Everton Supporters&#039; Club\",\"description\":\"\",\"publisher\":{\"@id\":\"https:\/\/evertonfc.cz\/#organization\"},\"potentialAction\":[{\"@type\":\"SearchAction\",\"target\":{\"@type\":\"EntryPoint\",\"urlTemplate\":\"https:\/\/evertonfc.cz\/?s={search_term_string}\"},\"query-input\":{\"@type\":\"PropertyValueSpecification\",\"valueRequired\":true,\"valueName\":\"search_term_string\"}}],\"inLanguage\":\"cs\"},{\"@type\":\"Organization\",\"@id\":\"https:\/\/evertonfc.cz\/#organization\",\"name\":\"Official Czech & Slovak Everton Supporters' Club\",\"url\":\"https:\/\/evertonfc.cz\/\",\"logo\":{\"@type\":\"ImageObject\",\"inLanguage\":\"cs\",\"@id\":\"https:\/\/evertonfc.cz\/#\/schema\/logo\/image\/\",\"url\":\"https:\/\/evertonfc.cz\/wp-content\/uploads\/2019\/05\/logo.png\",\"contentUrl\":\"https:\/\/evertonfc.cz\/wp-content\/uploads\/2019\/05\/logo.png\",\"width\":112,\"height\":112,\"caption\":\"Official Czech & Slovak Everton Supporters' Club\"},\"image\":{\"@id\":\"https:\/\/evertonfc.cz\/#\/schema\/logo\/image\/\"},\"sameAs\":[\"https:\/\/www.facebook.com\/everton.fans.cz.sk\"]},{\"@type\":\"Person\",\"@id\":\"https:\/\/evertonfc.cz\/#\/schema\/person\/c495ad9c14eabaab7ff243473d85758c\",\"name\":\"Everton1878\",\"url\":\"https:\/\/evertonfc.cz\/index.php\/author\/everton1878\/\"}]}<\/script>\n<!-- \/ Yoast SEO plugin. -->","yoast_head_json":{"title":"Everton - Real Madrid 1:2 - Official Czech &amp; Slovak Everton Supporters&#039; Club","robots":{"index":"index","follow":"follow","max-snippet":"max-snippet:-1","max-image-preview":"max-image-preview:large","max-video-preview":"max-video-preview:-1"},"canonical":"https:\/\/evertonfc.cz\/index.php\/2013\/08\/04\/everton-real-madrid-12\/","og_locale":"cs_CZ","og_type":"article","og_title":"Everton - Real Madrid 1:2 - Official Czech &amp; Slovak Everton Supporters&#039; Club","og_description":"Everton si fin\u00e1le Champions Cupu nezahr\u00e1, na jeho \u00fakor toti\u017e post\u00fapil po v\u00fdhre 2:1 \u0161panielsky ve\u013ekoklub Real Madrid. Miesto: Dodger&hellip;","og_url":"https:\/\/evertonfc.cz\/index.php\/2013\/08\/04\/everton-real-madrid-12\/","og_site_name":"Official Czech &amp; Slovak Everton Supporters&#039; Club","article_publisher":"https:\/\/www.facebook.com\/everton.fans.cz.sk","article_published_time":"2013-08-04T20:07:30+00:00","article_modified_time":"2019-02-15T08:20:19+00:00","og_image":[{"width":720,"height":405,"url":"https:\/\/evertonfc.cz\/wp-content\/uploads\/2019\/01\/report.jpg","type":"image\/jpeg"}],"author":"Everton1878","twitter_card":"summary_large_image","twitter_misc":{"Napsal(a)":"Everton1878","Odhadovan\u00e1 doba \u010dten\u00ed":"10 minut"},"schema":{"@context":"https:\/\/schema.org","@graph":[{"@type":"Article","@id":"https:\/\/evertonfc.cz\/index.php\/2013\/08\/04\/everton-real-madrid-12\/#article","isPartOf":{"@id":"https:\/\/evertonfc.cz\/index.php\/2013\/08\/04\/everton-real-madrid-12\/"},"author":{"name":"Everton1878","@id":"https:\/\/evertonfc.cz\/#\/schema\/person\/c495ad9c14eabaab7ff243473d85758c"},"headline":"Everton &#8211; Real Madrid 1:2","datePublished":"2013-08-04T20:07:30+00:00","dateModified":"2019-02-15T08:20:19+00:00","mainEntityOfPage":{"@id":"https:\/\/evertonfc.cz\/index.php\/2013\/08\/04\/everton-real-madrid-12\/"},"wordCount":2070,"commentCount":0,"publisher":{"@id":"https:\/\/evertonfc.cz\/#organization"},"image":{"@id":"https:\/\/evertonfc.cz\/index.php\/2013\/08\/04\/everton-real-madrid-12\/#primaryimage"},"thumbnailUrl":"https:\/\/evertonfc.cz\/wp-content\/uploads\/2019\/01\/report.jpg","articleSection":["Z\u00e1pasy"],"inLanguage":"cs","potentialAction":[{"@type":"CommentAction","name":"Comment","target":["https:\/\/evertonfc.cz\/index.php\/2013\/08\/04\/everton-real-madrid-12\/#respond"]}]},{"@type":"WebPage","@id":"https:\/\/evertonfc.cz\/index.php\/2013\/08\/04\/everton-real-madrid-12\/","url":"https:\/\/evertonfc.cz\/index.php\/2013\/08\/04\/everton-real-madrid-12\/","name":"Everton - Real Madrid 1:2 - Official Czech &amp; Slovak Everton Supporters&#039; Club","isPartOf":{"@id":"https:\/\/evertonfc.cz\/#website"},"primaryImageOfPage":{"@id":"https:\/\/evertonfc.cz\/index.php\/2013\/08\/04\/everton-real-madrid-12\/#primaryimage"},"image":{"@id":"https:\/\/evertonfc.cz\/index.php\/2013\/08\/04\/everton-real-madrid-12\/#primaryimage"},"thumbnailUrl":"https:\/\/evertonfc.cz\/wp-content\/uploads\/2019\/01\/report.jpg","datePublished":"2013-08-04T20:07:30+00:00","dateModified":"2019-02-15T08:20:19+00:00","breadcrumb":{"@id":"https:\/\/evertonfc.cz\/index.php\/2013\/08\/04\/everton-real-madrid-12\/#breadcrumb"},"inLanguage":"cs","potentialAction":[{"@type":"ReadAction","target":["https:\/\/evertonfc.cz\/index.php\/2013\/08\/04\/everton-real-madrid-12\/"]}]},{"@type":"ImageObject","inLanguage":"cs","@id":"https:\/\/evertonfc.cz\/index.php\/2013\/08\/04\/everton-real-madrid-12\/#primaryimage","url":"https:\/\/evertonfc.cz\/wp-content\/uploads\/2019\/01\/report.jpg","contentUrl":"https:\/\/evertonfc.cz\/wp-content\/uploads\/2019\/01\/report.jpg","width":720,"height":405},{"@type":"BreadcrumbList","@id":"https:\/\/evertonfc.cz\/index.php\/2013\/08\/04\/everton-real-madrid-12\/#breadcrumb","itemListElement":[{"@type":"ListItem","position":1,"name":"Home","item":"https:\/\/evertonfc.cz\/"},{"@type":"ListItem","position":2,"name":"Everton &#8211; Real Madrid 1:2"}]},{"@type":"WebSite","@id":"https:\/\/evertonfc.cz\/#website","url":"https:\/\/evertonfc.cz\/","name":"Official Czech &amp; Slovak Everton Supporters&#039; Club","description":"","publisher":{"@id":"https:\/\/evertonfc.cz\/#organization"},"potentialAction":[{"@type":"SearchAction","target":{"@type":"EntryPoint","urlTemplate":"https:\/\/evertonfc.cz\/?s={search_term_string}"},"query-input":{"@type":"PropertyValueSpecification","valueRequired":true,"valueName":"search_term_string"}}],"inLanguage":"cs"},{"@type":"Organization","@id":"https:\/\/evertonfc.cz\/#organization","name":"Official Czech & Slovak Everton Supporters' Club","url":"https:\/\/evertonfc.cz\/","logo":{"@type":"ImageObject","inLanguage":"cs","@id":"https:\/\/evertonfc.cz\/#\/schema\/logo\/image\/","url":"https:\/\/evertonfc.cz\/wp-content\/uploads\/2019\/05\/logo.png","contentUrl":"https:\/\/evertonfc.cz\/wp-content\/uploads\/2019\/05\/logo.png","width":112,"height":112,"caption":"Official Czech & Slovak Everton Supporters' Club"},"image":{"@id":"https:\/\/evertonfc.cz\/#\/schema\/logo\/image\/"},"sameAs":["https:\/\/www.facebook.com\/everton.fans.cz.sk"]},{"@type":"Person","@id":"https:\/\/evertonfc.cz\/#\/schema\/person\/c495ad9c14eabaab7ff243473d85758c","name":"Everton1878","url":"https:\/\/evertonfc.cz\/index.php\/author\/everton1878\/"}]}},"_links":{"self":[{"href":"https:\/\/evertonfc.cz\/index.php\/wp-json\/wp\/v2\/posts\/5327"}],"collection":[{"href":"https:\/\/evertonfc.cz\/index.php\/wp-json\/wp\/v2\/posts"}],"about":[{"href":"https:\/\/evertonfc.cz\/index.php\/wp-json\/wp\/v2\/types\/post"}],"author":[{"embeddable":true,"href":"https:\/\/evertonfc.cz\/index.php\/wp-json\/wp\/v2\/users\/23"}],"replies":[{"embeddable":true,"href":"https:\/\/evertonfc.cz\/index.php\/wp-json\/wp\/v2\/comments?post=5327"}],"version-history":[{"count":1,"href":"https:\/\/evertonfc.cz\/index.php\/wp-json\/wp\/v2\/posts\/5327\/revisions"}],"predecessor-version":[{"id":5328,"href":"https:\/\/evertonfc.cz\/index.php\/wp-json\/wp\/v2\/posts\/5327\/revisions\/5328"}],"wp:featuredmedia":[{"embeddable":true,"href":"https:\/\/evertonfc.cz\/index.php\/wp-json\/wp\/v2\/media\/1315"}],"wp:attachment":[{"href":"https:\/\/evertonfc.cz\/index.php\/wp-json\/wp\/v2\/media?parent=5327"}],"wp:term":[{"taxonomy":"category","embeddable":true,"href":"https:\/\/evertonfc.cz\/index.php\/wp-json\/wp\/v2\/categories?post=5327"},{"taxonomy":"post_tag","embeddable":true,"href":"https:\/\/evertonfc.cz\/index.php\/wp-json\/wp\/v2\/tags?post=5327"}],"curies":[{"name":"wp","href":"https:\/\/api.w.org\/{rel}","templated":true}]}}